{"id":24570,"date":"2019-07-12T14:52:49","date_gmt":"2019-07-12T12:52:49","guid":{"rendered":"https:\/\/balkangreenenergynews.com\/rs\/?p=24570"},"modified":"2020-06-30T18:04:11","modified_gmt":"2020-06-30T16:04:11","slug":"javna-rasprava-o-spalionici-otpada-i-novoj-deponiji-u-vinci-odrzace-se-23-jula-u-grockoj","status":"publish","type":"post","link":"https:\/\/balkangreenenergynews.com\/rs\/javna-rasprava-o-spalionici-otpada-i-novoj-deponiji-u-vinci-odrzace-se-23-jula-u-grockoj\/","title":{"rendered":"Javna rasprava o spalionici otpada i novoj deponiji u Vin\u010di odr\u017ea\u0107e se 23. jula u Grockoj"},"content":{"rendered":"<h2>Firma Beo \u010cista Energija pripremila je dve studije o proceni uticaja na \u017eivotnu sredinu koje se odnose na postrojenje za energetsko iskori\u0161\u0107enje komunalnog otpada i deponijskog gasa &#8222;Vin\u010da&#8220; i na novu deponiju na lokaciji Vin\u010da, o kojima \u0107e 23. jula odr\u017eati javna rasprava u prostorijama Op\u0161tinske uprave Grocke.<\/h2>\n<p>Ministarstvo za\u0161tite \u017eivotne sredine <a href=\"https:\/\/www.ekologija.gov.rs\/zahtev-za-davanje-saglasnosti-na-studiju-o-proceni-uticaja-na-zivotnu-sredinu-projekta-izgradnje-postrojenja-za-energetsko-iskoriscenje-komunalnog-otpada-i-deponijskog-gasa-vinca\/\">objavilo<\/a> je na svom sajtu da je Beo \u010cista Energija podnela na saglasnost Studiju o proceni uticaja na \u017eivotnu sredinu projekta izgradnje postrojenja za energetsko iskori\u0161\u0107enje komunalnog otpada i deponijskog gasa &#8222;Vin\u010da&#8220;, kao i Studiju o proceni uticaja na \u017eivotnu sredinu projekta nove deponije sa prate\u0107im sadr\u017eajima na lokaciji Vin\u010da.<\/p>\n<p>Uvid u studije mo\u017ee se obaviti do 18. jula u prostorijama Ministarstva, u Novom Beogradu, Omladinskih brigada 1, kao i u prostorijama op\u0161tinske uprave Grocka i na sajtu Ministarstva.<\/p>\n<p>Dana 23. jula sa po\u010detkom u 10 \u010dasova, u prostorijama Op\u0161tinske uprave gradske op\u0161tine Grocka bi\u0107e odr\u017eana javna rasprava i prezentacija studija, navodi Ministarstvo.<\/p>\n<p>U Studiji o proceni uticaja na \u017eivotnu sredinu projekta izgradnje postrojenja za energetsko iskori\u0161\u0107enje komunalnog otpada i deponijskog gasa &#8222;Vin\u010da&#8220; navodi se da \u0107e ovo postrojenje biti izgra\u0111eno na postoje\u0107oj deponiji u Vin\u010di sa konceptom direktnog spaljivanja komunalnog otpada.<\/p>\n<p>Izrada studija je ve\u0107 izazvala brojne polemike. Tako je po\u010detkom januara ove godine Vlada Srbije nakon \u017ealbe Inicijative Ne davimo Beograd odlu\u010dila <a href=\"https:\/\/balkangreenenergynews.com\/rs\/incijativa-ne-davimo-beograd-ponisteno-resenje-o-sadrzaju-studije-za-spalionicu-otpada\/\">da poni\u0161ti re\u0161enje Ministarstva kojim se odre\u0111uje obim i sadr\u017eaj studije o proceni uticaja na \u017eivotnu sredinu<\/a> projekta izgradnje spalionice otpada u Vin\u010di i nalo\u017eila ponavljanje postupka.<\/p>\n<h3><span style=\"\">Firma iz Luksemburga novi akcionar<\/span><\/h3>\n<p><span style=\"font-size: 16px;\">Beo \u010cista Energija je zajedni\u010dko preduze\u0107e francuske kompanije Suez Group, japanske kompanije I-Environment Investments, koja je \u0107erka firma japanske kompanije Itochu, i firme <\/span><span style=\"font-size: 16px;\">Marguerite Waste Serbia, koja ima sedi\u0161te u Luksemburgu<\/span><span style=\"font-size: 16px;\">. Suez Group i <\/span><span style=\"font-size: 16px;\">I-Environment Investments su prilikom osnivanja imali po 50% akcija, ali su kasnije prodali po 10% firmi <\/span><span style=\"font-size: 16px;\">Marguerite Waste Serbia.\u00a0<\/span><\/p>\n<p>Grad Beograd je septembra 2017. sa konzorcijumom francuske i japanske kompanije <a href=\"https:\/\/balkangreenenergynews.com\/rs\/grad-beograd-potpisao-ugovor-o-javno-privatnom-partnerstvu-za-deponiju-vinca-sa-francusko-japanskim-konzorcijumom\/\">potpisao ugovor o JPP na 25 godina<\/a> koji predvi\u0111a zatvaranje i sanaciju deponije Vin\u010da i izgradnju kogeneracije za proizvodnju toplotne i elektri\u010dne energije iz otpada.<\/p>\n","protected":false},"excerpt":{"rendered":"<p>Firma Beo \u010cista Energija pripremila je dve studije o proceni uticaja na \u017eivotnu sredinu koje&#8230;<\/p>\n","protected":false},"author":23,"featured_media":31770,"comment_status":"open","ping_status":"closed","sticky":false,"template":"","format":"standard","meta":{"_acf_changed":false,"_monsterinsights_skip_tracking":false,"_monsterinsights_sitenote_active":false,"_monsterinsights_sitenote_note":"","_monsterinsights_sitenote_category":0,"footnotes":""},"categories":[5],"tags":[5244,2749,3085,752,4900,4106,4967],"class_list":["post-24570","post","type-post","status-publish","format-standard","has-post-thumbnail","hentry","category-otpad","tag-beo-cista-energija","tag-deponija-vinca","tag-itochu","tag-jpp","tag-procena-uticaja-na-zivotnu-sredinu","tag-spalionica-otpada","tag-suez","country-srbija"],"acf":[],"yoast_head":"<!-- This site is optimized with the Yoast SEO plugin v27.4 - https:\/\/yoast.com\/product\/yoast-seo-wordpress\/ -->\n<title>Javna rasprava o spalionici otpada i novoj deponiji u Vin\u010di odr\u017ea\u0107e se 23. jula<\/title>\n<meta name=\"description\" content=\"Javna rasprava o studijama o proceni uticaja na \u017eivotnu sredinu za spalionicu otpada i novu deponiju na lokaciji Vin\u010da odr\u017ea\u0107e se 23. jula u Grockoj.\" \/>\n<meta name=\"robots\" content=\"index, follow, max-snippet:-1, max-image-preview:large, max-video-preview:-1\" \/>\n<link rel=\"canonical\" href=\"https:\/\/balkangreenenergynews.com\/rs\/javna-rasprava-o-spalionici-otpada-i-novoj-deponiji-u-vinci-odrzace-se-23-jula-u-grockoj\/\" \/>\n<meta property=\"og:locale\" content=\"sr_RS\" \/>\n<meta property=\"og:type\" content=\"article\" \/>\n<meta property=\"og:title\" content=\"Javna rasprava o spalionici otpada i novoj deponiji u Vin\u010di odr\u017ea\u0107e se 23. jula\" \/>\n<meta property=\"og:description\" content=\"Javna rasprava o studijama o proceni uticaja na \u017eivotnu sredinu za spalionicu otpada i novu deponiju na lokaciji Vin\u010da odr\u017ea\u0107e se 23. jula u Grockoj.\" \/>\n<meta property=\"og:url\" content=\"https:\/\/balkangreenenergynews.com\/rs\/javna-rasprava-o-spalionici-otpada-i-novoj-deponiji-u-vinci-odrzace-se-23-jula-u-grockoj\/\" \/>\n<meta property=\"og:site_name\" content=\"Balkan Green Energy News\" \/>\n<meta property=\"article:published_time\" content=\"2019-07-12T12:52:49+00:00\" \/>\n<meta property=\"article:modified_time\" content=\"2020-06-30T16:04:11+00:00\" \/>\n<meta property=\"og:image\" content=\"https:\/\/balkangreenenergynews.com\/rs\/wp-content\/uploads\/2019\/07\/Javna-rasprava-spalionica-otpada-deponija-Vinca.jpg\" \/>\n\t<meta property=\"og:image:width\" content=\"795\" \/>\n\t<meta property=\"og:image:height\" content=\"407\" \/>\n\t<meta property=\"og:image:type\" content=\"image\/jpeg\" \/>\n<meta name=\"author\" content=\"Vladimir Spasi\u0107\" \/>\n<meta name=\"twitter:card\" content=\"summary_large_image\" \/>\n<meta name=\"twitter:label1\" content=\"\u041d\u0430\u043f\u0438\u0441\u0430\u043d\u043e \u043e\u0434\" \/>\n\t<meta name=\"twitter:data1\" content=\"Vladimir Spasi\u0107\" \/>\n\t<meta name=\"twitter:label2\" content=\"\u041f\u0440\u043e\u0446\u0435\u045a\u0435\u043d\u043e \u0432\u0440\u0435\u043c\u0435 \u0447\u0438\u0442\u0430\u045a\u0430\" \/>\n\t<meta name=\"twitter:data2\" content=\"2 \u043c\u0438\u043d\u0443\u0442\u0430\" \/>\n<script type=\"application\/ld+json\" class=\"yoast-schema-graph\">{\"@context\":\"https:\\\/\\\/schema.org\",\"@graph\":[{\"@type\":\"Article\",\"@id\":\"https:\\\/\\\/balkangreenenergynews.com\\\/rs\\\/javna-rasprava-o-spalionici-otpada-i-novoj-deponiji-u-vinci-odrzace-se-23-jula-u-grockoj\\\/#article\",\"isPartOf\":{\"@id\":\"https:\\\/\\\/balkangreenenergynews.com\\\/rs\\\/javna-rasprava-o-spalionici-otpada-i-novoj-deponiji-u-vinci-odrzace-se-23-jula-u-grockoj\\\/\"},\"author\":{\"name\":\"Vladimir Spasi\u0107\",\"@id\":\"https:\\\/\\\/balkangreenenergynews.com\\\/rs\\\/#\\\/schema\\\/person\\\/99dc721c46113fea22caffad06ef7317\"},\"headline\":\"Javna rasprava o spalionici otpada i novoj deponiji u Vin\u010di odr\u017ea\u0107e se 23. jula u Grockoj\",\"datePublished\":\"2019-07-12T12:52:49+00:00\",\"dateModified\":\"2020-06-30T16:04:11+00:00\",\"mainEntityOfPage\":{\"@id\":\"https:\\\/\\\/balkangreenenergynews.com\\\/rs\\\/javna-rasprava-o-spalionici-otpada-i-novoj-deponiji-u-vinci-odrzace-se-23-jula-u-grockoj\\\/\"},\"wordCount\":383,\"commentCount\":0,\"image\":{\"@id\":\"https:\\\/\\\/balkangreenenergynews.com\\\/rs\\\/javna-rasprava-o-spalionici-otpada-i-novoj-deponiji-u-vinci-odrzace-se-23-jula-u-grockoj\\\/#primaryimage\"},\"thumbnailUrl\":\"https:\\\/\\\/balkangreenenergynews.com\\\/rs\\\/wp-content\\\/uploads\\\/2019\\\/07\\\/Javna-rasprava-spalionica-otpada-deponija-Vinca.jpg?wsr\",\"keywords\":[\"Beo \u010cista Energija\",\"deponija Vin\u010da\",\"Itochu\",\"JPP\",\"procena uticaja na \u017eivotnu sredinu\",\"spalionica otpada\",\"Suez\"],\"articleSection\":[\"Otpad\"],\"inLanguage\":\"sr-RS\",\"potentialAction\":[{\"@type\":\"CommentAction\",\"name\":\"Comment\",\"target\":[\"https:\\\/\\\/balkangreenenergynews.com\\\/rs\\\/javna-rasprava-o-spalionici-otpada-i-novoj-deponiji-u-vinci-odrzace-se-23-jula-u-grockoj\\\/#respond\"]}]},{\"@type\":\"WebPage\",\"@id\":\"https:\\\/\\\/balkangreenenergynews.com\\\/rs\\\/javna-rasprava-o-spalionici-otpada-i-novoj-deponiji-u-vinci-odrzace-se-23-jula-u-grockoj\\\/\",\"url\":\"https:\\\/\\\/balkangreenenergynews.com\\\/rs\\\/javna-rasprava-o-spalionici-otpada-i-novoj-deponiji-u-vinci-odrzace-se-23-jula-u-grockoj\\\/\",\"name\":\"Javna rasprava o spalionici otpada i novoj deponiji u Vin\u010di odr\u017ea\u0107e se 23. jula\",\"isPartOf\":{\"@id\":\"https:\\\/\\\/balkangreenenergynews.com\\\/rs\\\/#website\"},\"primaryImageOfPage\":{\"@id\":\"https:\\\/\\\/balkangreenenergynews.com\\\/rs\\\/javna-rasprava-o-spalionici-otpada-i-novoj-deponiji-u-vinci-odrzace-se-23-jula-u-grockoj\\\/#primaryimage\"},\"image\":{\"@id\":\"https:\\\/\\\/balkangreenenergynews.com\\\/rs\\\/javna-rasprava-o-spalionici-otpada-i-novoj-deponiji-u-vinci-odrzace-se-23-jula-u-grockoj\\\/#primaryimage\"},\"thumbnailUrl\":\"https:\\\/\\\/balkangreenenergynews.com\\\/rs\\\/wp-content\\\/uploads\\\/2019\\\/07\\\/Javna-rasprava-spalionica-otpada-deponija-Vinca.jpg?wsr\",\"datePublished\":\"2019-07-12T12:52:49+00:00\",\"dateModified\":\"2020-06-30T16:04:11+00:00\",\"author\":{\"@id\":\"https:\\\/\\\/balkangreenenergynews.com\\\/rs\\\/#\\\/schema\\\/person\\\/99dc721c46113fea22caffad06ef7317\"},\"description\":\"Javna rasprava o studijama o proceni uticaja na \u017eivotnu sredinu za spalionicu otpada i novu deponiju na lokaciji Vin\u010da odr\u017ea\u0107e se 23. jula u Grockoj.\",\"breadcrumb\":{\"@id\":\"https:\\\/\\\/balkangreenenergynews.com\\\/rs\\\/javna-rasprava-o-spalionici-otpada-i-novoj-deponiji-u-vinci-odrzace-se-23-jula-u-grockoj\\\/#breadcrumb\"},\"inLanguage\":\"sr-RS\",\"potentialAction\":[{\"@type\":\"ReadAction\",\"target\":[\"https:\\\/\\\/balkangreenenergynews.com\\\/rs\\\/javna-rasprava-o-spalionici-otpada-i-novoj-deponiji-u-vinci-odrzace-se-23-jula-u-grockoj\\\/\"]}]},{\"@type\":\"ImageObject\",\"inLanguage\":\"sr-RS\",\"@id\":\"https:\\\/\\\/balkangreenenergynews.com\\\/rs\\\/javna-rasprava-o-spalionici-otpada-i-novoj-deponiji-u-vinci-odrzace-se-23-jula-u-grockoj\\\/#primaryimage\",\"url\":\"https:\\\/\\\/balkangreenenergynews.com\\\/rs\\\/wp-content\\\/uploads\\\/2019\\\/07\\\/Javna-rasprava-spalionica-otpada-deponija-Vinca.jpg?wsr\",\"contentUrl\":\"https:\\\/\\\/balkangreenenergynews.com\\\/rs\\\/wp-content\\\/uploads\\\/2019\\\/07\\\/Javna-rasprava-spalionica-otpada-deponija-Vinca.jpg?wsr\",\"width\":795,\"height\":407,\"caption\":\"Javna-rasprava-spalionica-otpada-deponija-Vinca\"},{\"@type\":\"BreadcrumbList\",\"@id\":\"https:\\\/\\\/balkangreenenergynews.com\\\/rs\\\/javna-rasprava-o-spalionici-otpada-i-novoj-deponiji-u-vinci-odrzace-se-23-jula-u-grockoj\\\/#breadcrumb\",\"itemListElement\":[{\"@type\":\"ListItem\",\"position\":1,\"name\":\"Po\u010detna\",\"item\":\"https:\\\/\\\/balkangreenenergynews.com\\\/rs\\\/\"},{\"@type\":\"ListItem\",\"position\":2,\"name\":\"Vesti\",\"item\":\"https:\\\/\\\/balkangreenenergynews.com\\\/rs\\\/kategorija\\\/vesti\\\/\"},{\"@type\":\"ListItem\",\"position\":3,\"name\":\"Otpad\",\"item\":\"https:\\\/\\\/balkangreenenergynews.com\\\/rs\\\/kategorija\\\/vesti\\\/otpad\\\/\"},{\"@type\":\"ListItem\",\"position\":4,\"name\":\"Javna rasprava o spalionici otpada i novoj deponiji u Vin\u010di odr\u017ea\u0107e se 23. jula u Grockoj\"}]},{\"@type\":\"WebSite\",\"@id\":\"https:\\\/\\\/balkangreenenergynews.com\\\/rs\\\/#website\",\"url\":\"https:\\\/\\\/balkangreenenergynews.com\\\/rs\\\/\",\"name\":\"Balkan Green Energy News\",\"description\":\"Naj\u0161iri izbor vesti sa Balkana o zelenoj energiji\",\"potentialAction\":[{\"@type\":\"SearchAction\",\"target\":{\"@type\":\"EntryPoint\",\"urlTemplate\":\"https:\\\/\\\/balkangreenenergynews.com\\\/rs\\\/?s={search_term_string}\"},\"query-input\":{\"@type\":\"PropertyValueSpecification\",\"valueRequired\":true,\"valueName\":\"search_term_string\"}}],\"inLanguage\":\"sr-RS\"},{\"@type\":\"Person\",\"@id\":\"https:\\\/\\\/balkangreenenergynews.com\\\/rs\\\/#\\\/schema\\\/person\\\/99dc721c46113fea22caffad06ef7317\",\"name\":\"Vladimir Spasi\u0107\",\"url\":\"https:\\\/\\\/balkangreenenergynews.com\\\/rs\\\/author\\\/vladimir-spasic\\\/\"}]}<\/script>\n<!-- \/ Yoast SEO plugin. -->","yoast_head_json":{"title":"Javna rasprava o spalionici otpada i novoj deponiji u Vin\u010di odr\u017ea\u0107e se 23. jula","description":"Javna rasprava o studijama o proceni uticaja na \u017eivotnu sredinu za spalionicu otpada i novu deponiju na lokaciji Vin\u010da odr\u017ea\u0107e se 23. jula u Grockoj.","robots":{"index":"index","follow":"follow","max-snippet":"max-snippet:-1","max-image-preview":"max-image-preview:large","max-video-preview":"max-video-preview:-1"},"canonical":"https:\/\/balkangreenenergynews.com\/rs\/javna-rasprava-o-spalionici-otpada-i-novoj-deponiji-u-vinci-odrzace-se-23-jula-u-grockoj\/","og_locale":"sr_RS","og_type":"article","og_title":"Javna rasprava o spalionici otpada i novoj deponiji u Vin\u010di odr\u017ea\u0107e se 23. jula","og_description":"Javna rasprava o studijama o proceni uticaja na \u017eivotnu sredinu za spalionicu otpada i novu deponiju na lokaciji Vin\u010da odr\u017ea\u0107e se 23. jula u Grockoj.","og_url":"https:\/\/balkangreenenergynews.com\/rs\/javna-rasprava-o-spalionici-otpada-i-novoj-deponiji-u-vinci-odrzace-se-23-jula-u-grockoj\/","og_site_name":"Balkan Green Energy News","article_published_time":"2019-07-12T12:52:49+00:00","article_modified_time":"2020-06-30T16:04:11+00:00","og_image":[{"width":795,"height":407,"url":"https:\/\/balkangreenenergynews.com\/rs\/wp-content\/uploads\/2019\/07\/Javna-rasprava-spalionica-otpada-deponija-Vinca.jpg","type":"image\/jpeg"}],"author":"Vladimir Spasi\u0107","twitter_card":"summary_large_image","twitter_misc":{"\u041d\u0430\u043f\u0438\u0441\u0430\u043d\u043e \u043e\u0434":"Vladimir Spasi\u0107","\u041f\u0440\u043e\u0446\u0435\u045a\u0435\u043d\u043e \u0432\u0440\u0435\u043c\u0435 \u0447\u0438\u0442\u0430\u045a\u0430":"2 \u043c\u0438\u043d\u0443\u0442\u0430"},"schema":{"@context":"https:\/\/schema.org","@graph":[{"@type":"Article","@id":"https:\/\/balkangreenenergynews.com\/rs\/javna-rasprava-o-spalionici-otpada-i-novoj-deponiji-u-vinci-odrzace-se-23-jula-u-grockoj\/#article","isPartOf":{"@id":"https:\/\/balkangreenenergynews.com\/rs\/javna-rasprava-o-spalionici-otpada-i-novoj-deponiji-u-vinci-odrzace-se-23-jula-u-grockoj\/"},"author":{"name":"Vladimir Spasi\u0107","@id":"https:\/\/balkangreenenergynews.com\/rs\/#\/schema\/person\/99dc721c46113fea22caffad06ef7317"},"headline":"Javna rasprava o spalionici otpada i novoj deponiji u Vin\u010di odr\u017ea\u0107e se 23. jula u Grockoj","datePublished":"2019-07-12T12:52:49+00:00","dateModified":"2020-06-30T16:04:11+00:00","mainEntityOfPage":{"@id":"https:\/\/balkangreenenergynews.com\/rs\/javna-rasprava-o-spalionici-otpada-i-novoj-deponiji-u-vinci-odrzace-se-23-jula-u-grockoj\/"},"wordCount":383,"commentCount":0,"image":{"@id":"https:\/\/balkangreenenergynews.com\/rs\/javna-rasprava-o-spalionici-otpada-i-novoj-deponiji-u-vinci-odrzace-se-23-jula-u-grockoj\/#primaryimage"},"thumbnailUrl":"https:\/\/balkangreenenergynews.com\/rs\/wp-content\/uploads\/2019\/07\/Javna-rasprava-spalionica-otpada-deponija-Vinca.jpg?wsr","keywords":["Beo \u010cista Energija","deponija Vin\u010da","Itochu","JPP","procena uticaja na \u017eivotnu sredinu","spalionica otpada","Suez"],"articleSection":["Otpad"],"inLanguage":"sr-RS","potentialAction":[{"@type":"CommentAction","name":"Comment","target":["https:\/\/balkangreenenergynews.com\/rs\/javna-rasprava-o-spalionici-otpada-i-novoj-deponiji-u-vinci-odrzace-se-23-jula-u-grockoj\/#respond"]}]},{"@type":"WebPage","@id":"https:\/\/balkangreenenergynews.com\/rs\/javna-rasprava-o-spalionici-otpada-i-novoj-deponiji-u-vinci-odrzace-se-23-jula-u-grockoj\/","url":"https:\/\/balkangreenenergynews.com\/rs\/javna-rasprava-o-spalionici-otpada-i-novoj-deponiji-u-vinci-odrzace-se-23-jula-u-grockoj\/","name":"Javna rasprava o spalionici otpada i novoj deponiji u Vin\u010di odr\u017ea\u0107e se 23. jula","isPartOf":{"@id":"https:\/\/balkangreenenergynews.com\/rs\/#website"},"primaryImageOfPage":{"@id":"https:\/\/balkangreenenergynews.com\/rs\/javna-rasprava-o-spalionici-otpada-i-novoj-deponiji-u-vinci-odrzace-se-23-jula-u-grockoj\/#primaryimage"},"image":{"@id":"https:\/\/balkangreenenergynews.com\/rs\/javna-rasprava-o-spalionici-otpada-i-novoj-deponiji-u-vinci-odrzace-se-23-jula-u-grockoj\/#primaryimage"},"thumbnailUrl":"https:\/\/balkangreenenergynews.com\/rs\/wp-content\/uploads\/2019\/07\/Javna-rasprava-spalionica-otpada-deponija-Vinca.jpg?wsr","datePublished":"2019-07-12T12:52:49+00:00","dateModified":"2020-06-30T16:04:11+00:00","author":{"@id":"https:\/\/balkangreenenergynews.com\/rs\/#\/schema\/person\/99dc721c46113fea22caffad06ef7317"},"description":"Javna rasprava o studijama o proceni uticaja na \u017eivotnu sredinu za spalionicu otpada i novu deponiju na lokaciji Vin\u010da odr\u017ea\u0107e se 23. jula u Grockoj.","breadcrumb":{"@id":"https:\/\/balkangreenenergynews.com\/rs\/javna-rasprava-o-spalionici-otpada-i-novoj-deponiji-u-vinci-odrzace-se-23-jula-u-grockoj\/#breadcrumb"},"inLanguage":"sr-RS","potentialAction":[{"@type":"ReadAction","target":["https:\/\/balkangreenenergynews.com\/rs\/javna-rasprava-o-spalionici-otpada-i-novoj-deponiji-u-vinci-odrzace-se-23-jula-u-grockoj\/"]}]},{"@type":"ImageObject","inLanguage":"sr-RS","@id":"https:\/\/balkangreenenergynews.com\/rs\/javna-rasprava-o-spalionici-otpada-i-novoj-deponiji-u-vinci-odrzace-se-23-jula-u-grockoj\/#primaryimage","url":"https:\/\/balkangreenenergynews.com\/rs\/wp-content\/uploads\/2019\/07\/Javna-rasprava-spalionica-otpada-deponija-Vinca.jpg?wsr","contentUrl":"https:\/\/balkangreenenergynews.com\/rs\/wp-content\/uploads\/2019\/07\/Javna-rasprava-spalionica-otpada-deponija-Vinca.jpg?wsr","width":795,"height":407,"caption":"Javna-rasprava-spalionica-otpada-deponija-Vinca"},{"@type":"BreadcrumbList","@id":"https:\/\/balkangreenenergynews.com\/rs\/javna-rasprava-o-spalionici-otpada-i-novoj-deponiji-u-vinci-odrzace-se-23-jula-u-grockoj\/#breadcrumb","itemListElement":[{"@type":"ListItem","position":1,"name":"Po\u010detna","item":"https:\/\/balkangreenenergynews.com\/rs\/"},{"@type":"ListItem","position":2,"name":"Vesti","item":"https:\/\/balkangreenenergynews.com\/rs\/kategorija\/vesti\/"},{"@type":"ListItem","position":3,"name":"Otpad","item":"https:\/\/balkangreenenergynews.com\/rs\/kategorija\/vesti\/otpad\/"},{"@type":"ListItem","position":4,"name":"Javna rasprava o spalionici otpada i novoj deponiji u Vin\u010di odr\u017ea\u0107e se 23. jula u Grockoj"}]},{"@type":"WebSite","@id":"https:\/\/balkangreenenergynews.com\/rs\/#website","url":"https:\/\/balkangreenenergynews.com\/rs\/","name":"Balkan Green Energy News","description":"Naj\u0161iri izbor vesti sa Balkana o zelenoj energiji","potentialAction":[{"@type":"SearchAction","target":{"@type":"EntryPoint","urlTemplate":"https:\/\/balkangreenenergynews.com\/rs\/?s={search_term_string}"},"query-input":{"@type":"PropertyValueSpecification","valueRequired":true,"valueName":"search_term_string"}}],"inLanguage":"sr-RS"},{"@type":"Person","@id":"https:\/\/balkangreenenergynews.com\/rs\/#\/schema\/person\/99dc721c46113fea22caffad06ef7317","name":"Vladimir Spasi\u0107","url":"https:\/\/balkangreenenergynews.com\/rs\/author\/vladimir-spasic\/"}]}},"_links":{"self":[{"href":"https:\/\/balkangreenenergynews.com\/rs\/wp-json\/wp\/v2\/posts\/24570","targetHints":{"allow":["GET"]}}],"collection":[{"href":"https:\/\/balkangreenenergynews.com\/rs\/wp-json\/wp\/v2\/posts"}],"about":[{"href":"https:\/\/balkangreenenergynews.com\/rs\/wp-json\/wp\/v2\/types\/post"}],"author":[{"embeddable":true,"href":"https:\/\/balkangreenenergynews.com\/rs\/wp-json\/wp\/v2\/users\/23"}],"replies":[{"embeddable":true,"href":"https:\/\/balkangreenenergynews.com\/rs\/wp-json\/wp\/v2\/comments?post=24570"}],"version-history":[{"count":0,"href":"https:\/\/balkangreenenergynews.com\/rs\/wp-json\/wp\/v2\/posts\/24570\/revisions"}],"wp:featuredmedia":[{"embeddable":true,"href":"https:\/\/balkangreenenergynews.com\/rs\/wp-json\/wp\/v2\/media\/31770"}],"wp:attachment":[{"href":"https:\/\/balkangreenenergynews.com\/rs\/wp-json\/wp\/v2\/media?parent=24570"}],"wp:term":[{"taxonomy":"category","embeddable":true,"href":"https:\/\/balkangreenenergynews.com\/rs\/wp-json\/wp\/v2\/categories?post=24570"},{"taxonomy":"post_tag","embeddable":true,"href":"https:\/\/balkangreenenergynews.com\/rs\/wp-json\/wp\/v2\/tags?post=24570"}],"curies":[{"name":"wp","href":"https:\/\/api.w.org\/{rel}","templated":true}]}}