{"id":24449,"date":"2019-07-05T12:50:23","date_gmt":"2019-07-05T10:50:23","guid":{"rendered":"https:\/\/balkangreenenergynews.com\/rs\/?p=24449"},"modified":"2020-06-30T18:37:44","modified_gmt":"2020-06-30T16:37:44","slug":"ferraris-podmorski-kabl-omogucava-crnoj-gori-da-postane-energetski-centar-balkana","status":"publish","type":"post","link":"https:\/\/balkangreenenergynews.com\/rs\/ferraris-podmorski-kabl-omogucava-crnoj-gori-da-postane-energetski-centar-balkana\/","title":{"rendered":"Ferraris: Podmorski kabl omogu\u0107ava Crnoj Gori da postane energetski centar Balkana"},"content":{"rendered":"<h2>Projekat podmorskog kabla je investicija koja \u0107e omogu\u0107iti Crnoj Gori da postane energetski centar za zemlje Balkana, izjavio je Luigi Ferraris,\u00a0izvr\u0161ni direktor italijanske kompanije Terna, i najavio pu\u0161tanje kabla u rad do kraja godine.<\/h2>\n<p>Povodom uspe\u0161nog okon\u010danja projekta podmorskog kabla izme\u0111u Crne Gore i Italije, du\u017eine 445 kilometara i ukupne vrednosti 1,15 milijardi evra, prvi \u010dovek Terne se susreo sa premijerom Crne Gore Du\u0161kom Markovi\u0107em i predsednikom Crne Gore Milom \u0110ukanovi\u0107em. Podmorski kabl je postavljen na dubini ve\u0107oj od 1.000 metara, a kapacitet mu je 600 MW.<\/p>\n<p>Ferraris je istakao da \u0107e kabl stvoriti uslove za privla\u010denje drugih investicija u obnovljive izvore energije (OIE), energetiku i digitalizaciju. On je naveo da je ovaj projekat, najve\u0107i te vrste na Meditranu, ve\u0107 pokrenuo lokalne biznise u Crnoj Gori vredne vi\u0161e od 60 miliona evra.<\/p>\n<p>Premijer Markovi\u0107 je informisao rukovodstvo Terne da je vi\u0161e dr\u017eava isto\u010dne i jugoisto\u010dne Evrope ve\u0107 sada izrazilo ozbiljna interesovanja za zaklju\u010divanje razli\u010ditih aran\u017emana sa Crnom Gorom u cilju kori\u0161\u0107enja kabla.<\/p>\n<p>O ovoj vrsti saradnje nekoliko dana ranije u Podgorici su razgovarale Temenu\u0161ka Petkova, bugarska ministarka energetike, i Dragica Sekuli\u0107, ministarka ekonomije.<\/p>\n<p>Na sastanku je dogovoreno da se uspostavi bilateralna radna grupa za saradnju u oblasti energetike, koja \u0107e razmotriti i mogu\u0107nosti za izvoz elektri\u010dne energije iz Bugarske preko podmorskog kabla.<\/p>\n<p>Crna Gora o\u010dekuje da zbog po\u010detka rada kabla tranzit elektri\u010dne energije ove godine bude <a href=\"https:\/\/balkangreenenergynews.com\/rs\/odrzivost-u-fokusu-energetskog-razvoja-crne-gore-u-2019\/\">pove\u0107an skoro 70%<\/a>.<\/p>\n<p>Ina\u010de, podmorski kabl je <a href=\"https:\/\/balkangreenenergynews.com\/rs\/podmorski-kabl-italija-crna-gora-operativan-kraja-2019-kapacitet-prepolovljen\/\">prvobitno trebalo da bude zavr\u0161en 2015. godine i da ima snagu od 1,2 GW<\/a>.<\/p>\n<figure id=\"attachment_24452\" aria-describedby=\"caption-attachment-24452\" style=\"width: 795px\" class=\"wp-caption aligncenter\"><img loading=\"lazy\" decoding=\"async\" class=\"wp-image-24452 size-full\" src=\"https:\/\/balkangreenenergynews.com\/rs\/wp-content\/uploads\/2019\/07\/podmorski-kabl-dragica-sekulic.jpg\" alt=\"\" width=\"795\" height=\"407\" srcset=\"https:\/\/balkangreenenergynews.com\/rs\/wp-content\/uploads\/2019\/07\/podmorski-kabl-dragica-sekulic.jpg 795w, https:\/\/balkangreenenergynews.com\/rs\/wp-content\/uploads\/2019\/07\/podmorski-kabl-dragica-sekulic-500x256.jpg 500w, https:\/\/balkangreenenergynews.com\/rs\/wp-content\/uploads\/2019\/07\/podmorski-kabl-dragica-sekulic-768x393.jpg 768w, https:\/\/balkangreenenergynews.com\/rs\/wp-content\/uploads\/2019\/07\/podmorski-kabl-dragica-sekulic-300x154.jpg 300w\" sizes=\"auto, (max-width: 795px) 100vw, 795px\" \/><figcaption id=\"caption-attachment-24452\" class=\"wp-caption-text\">Sastanak Temenu\u0161ke Petkove, bugarske ministarke energetike, i Dragice Sekuli\u0107, ministarke ekonomije<\/figcaption><\/figure>\n<h3><span style=\"\">Javne konsultacije u vezi sa pravilima za dodelu kapaciteta kabla<\/span><\/h3>\n<p>S obzirom na o\u010dekivano stavljanje u funkciju nove interkonekcije izme\u0111u Italije i Crne Gore, Terna i Crnogorski elektroprenosni sistem (CGES) pokre\u0107u javne konsultacije o pravilima koja \u0107e se primenjivati za dodelu prava prenosa na ovoj granici, navodi se u <a href=\"https:\/\/www.cges.me\/novosti\/826-javna-konsultacija-u-vezi-sa-pravilima-za-dodjelu-na-granici-italija-crna-gora\">saop\u0161tenju<\/a> crnogorskog operatora prenosnog sistema CGES.<\/p>\n<p>Na kosultacije su stavljeni slede\u0107i dokumenti:<\/p>\n<ul>\n<li>Pravila za dugoro\u010dnu dodelu (FAR) koja obuhvataju regulisanje dugoro\u010dnih prava prenosa (godi\u0161nji i mese\u010dni vremenski okvir),<\/li>\n<li>Pravila za dnevnu dodelu (DAR) koja obuhvataju regulisanje dnevnih prava prenosa.<\/li>\n<\/ul>\n<p>Konsultacije se odnose i na izbor platforme na kojoj \u0107e s obavljati dodela prekograni\u010dnih kapaciteta.<\/p>\n<p>Terna i CGES pozivaju zainteresovane strane da dostave svoje komentare do 31. jula 2019. godine na obe slede\u0107e mejl adrese IT-MNrules@terna.it\u00a0i\u00a0IT-MNrules@cges.me.<\/p>\n","protected":false},"excerpt":{"rendered":"<p>Projekat podmorskog kabla je investicija koja \u0107e omogu\u0107iti Crnoj Gori da postane energetski centar za&#8230;<\/p>\n","protected":false},"author":23,"featured_media":24451,"comment_status":"open","ping_status":"closed","sticky":false,"template":"","format":"standard","meta":{"_acf_changed":false,"_monsterinsights_skip_tracking":false,"_monsterinsights_sitenote_active":false,"_monsterinsights_sitenote_note":"","_monsterinsights_sitenote_category":0,"footnotes":""},"categories":[504],"tags":[111,520,3554,4985,413],"class_list":["post-24449","post","type-post","status-publish","format-standard","has-post-thumbnail","hentry","category-elektricna-energija","tag-cges","tag-dragica-sekulic","tag-podmorski-kabl","tag-prekogranicni-kapaciteti","tag-terna","country-regioneu"],"acf":[],"yoast_head":"<!-- This site is optimized with the Yoast SEO plugin v27.4 - https:\/\/yoast.com\/product\/yoast-seo-wordpress\/ -->\n<title>Ferraris: Podmorski kabl \u010dini Crnu Goru energetskim centrom Balkana<\/title>\n<meta name=\"description\" content=\"Podmorski kabl je investicija koja \u0107e omogu\u0107iti Crnoj Gori da postane energetski centar Balkana, izjavio je Luigi Ferraris,\u00a0direktor Terne.\" \/>\n<meta name=\"robots\" content=\"index, follow, max-snippet:-1, max-image-preview:large, max-video-preview:-1\" \/>\n<link rel=\"canonical\" href=\"https:\/\/balkangreenenergynews.com\/rs\/ferraris-podmorski-kabl-omogucava-crnoj-gori-da-postane-energetski-centar-balkana\/\" \/>\n<meta property=\"og:locale\" content=\"sr_RS\" \/>\n<meta property=\"og:type\" content=\"article\" \/>\n<meta property=\"og:title\" content=\"Ferraris: Podmorski kabl \u010dini Crnu Goru energetskim centrom Balkana\" \/>\n<meta property=\"og:description\" content=\"Podmorski kabl je investicija koja \u0107e omogu\u0107iti Crnoj Gori da postane energetski centar Balkana, izjavio je Luigi Ferraris,\u00a0direktor Terne.\" \/>\n<meta property=\"og:url\" content=\"https:\/\/balkangreenenergynews.com\/rs\/ferraris-podmorski-kabl-omogucava-crnoj-gori-da-postane-energetski-centar-balkana\/\" \/>\n<meta property=\"og:site_name\" content=\"Balkan Green Energy News\" \/>\n<meta property=\"article:published_time\" content=\"2019-07-05T10:50:23+00:00\" \/>\n<meta property=\"article:modified_time\" content=\"2020-06-30T16:37:44+00:00\" \/>\n<meta property=\"og:image\" content=\"https:\/\/balkangreenenergynews.com\/rs\/wp-content\/uploads\/2019\/07\/podmorski-kabl-ferraris-crna-gora.jpg\" \/>\n\t<meta property=\"og:image:width\" content=\"795\" \/>\n\t<meta property=\"og:image:height\" content=\"407\" \/>\n\t<meta property=\"og:image:type\" content=\"image\/jpeg\" \/>\n<meta name=\"author\" content=\"Vladimir Spasi\u0107\" \/>\n<meta name=\"twitter:card\" content=\"summary_large_image\" \/>\n<meta name=\"twitter:label1\" content=\"\u041d\u0430\u043f\u0438\u0441\u0430\u043d\u043e \u043e\u0434\" \/>\n\t<meta name=\"twitter:data1\" content=\"Vladimir Spasi\u0107\" \/>\n\t<meta name=\"twitter:label2\" content=\"\u041f\u0440\u043e\u0446\u0435\u045a\u0435\u043d\u043e \u0432\u0440\u0435\u043c\u0435 \u0447\u0438\u0442\u0430\u045a\u0430\" \/>\n\t<meta name=\"twitter:data2\" content=\"2 \u043c\u0438\u043d\u0443\u0442\u0430\" \/>\n<script type=\"application\/ld+json\" class=\"yoast-schema-graph\">{\"@context\":\"https:\\\/\\\/schema.org\",\"@graph\":[{\"@type\":\"Article\",\"@id\":\"https:\\\/\\\/balkangreenenergynews.com\\\/rs\\\/ferraris-podmorski-kabl-omogucava-crnoj-gori-da-postane-energetski-centar-balkana\\\/#article\",\"isPartOf\":{\"@id\":\"https:\\\/\\\/balkangreenenergynews.com\\\/rs\\\/ferraris-podmorski-kabl-omogucava-crnoj-gori-da-postane-energetski-centar-balkana\\\/\"},\"author\":{\"name\":\"Vladimir Spasi\u0107\",\"@id\":\"https:\\\/\\\/balkangreenenergynews.com\\\/rs\\\/#\\\/schema\\\/person\\\/99dc721c46113fea22caffad06ef7317\"},\"headline\":\"Ferraris: Podmorski kabl omogu\u0107ava Crnoj Gori da postane energetski centar Balkana\",\"datePublished\":\"2019-07-05T10:50:23+00:00\",\"dateModified\":\"2020-06-30T16:37:44+00:00\",\"mainEntityOfPage\":{\"@id\":\"https:\\\/\\\/balkangreenenergynews.com\\\/rs\\\/ferraris-podmorski-kabl-omogucava-crnoj-gori-da-postane-energetski-centar-balkana\\\/\"},\"wordCount\":441,\"commentCount\":0,\"image\":{\"@id\":\"https:\\\/\\\/balkangreenenergynews.com\\\/rs\\\/ferraris-podmorski-kabl-omogucava-crnoj-gori-da-postane-energetski-centar-balkana\\\/#primaryimage\"},\"thumbnailUrl\":\"https:\\\/\\\/balkangreenenergynews.com\\\/rs\\\/wp-content\\\/uploads\\\/2019\\\/07\\\/podmorski-kabl-ferraris-crna-gora.jpg?wsr\",\"keywords\":[\"CGES\",\"Dragica Sekuli\u0107\",\"podmorski kabl\",\"prekograni\u010dni kapaciteti\",\"Terna\"],\"articleSection\":[\"Elektri\u010dna energija\"],\"inLanguage\":\"sr-RS\",\"potentialAction\":[{\"@type\":\"CommentAction\",\"name\":\"Comment\",\"target\":[\"https:\\\/\\\/balkangreenenergynews.com\\\/rs\\\/ferraris-podmorski-kabl-omogucava-crnoj-gori-da-postane-energetski-centar-balkana\\\/#respond\"]}]},{\"@type\":\"WebPage\",\"@id\":\"https:\\\/\\\/balkangreenenergynews.com\\\/rs\\\/ferraris-podmorski-kabl-omogucava-crnoj-gori-da-postane-energetski-centar-balkana\\\/\",\"url\":\"https:\\\/\\\/balkangreenenergynews.com\\\/rs\\\/ferraris-podmorski-kabl-omogucava-crnoj-gori-da-postane-energetski-centar-balkana\\\/\",\"name\":\"Ferraris: Podmorski kabl \u010dini Crnu Goru energetskim centrom Balkana\",\"isPartOf\":{\"@id\":\"https:\\\/\\\/balkangreenenergynews.com\\\/rs\\\/#website\"},\"primaryImageOfPage\":{\"@id\":\"https:\\\/\\\/balkangreenenergynews.com\\\/rs\\\/ferraris-podmorski-kabl-omogucava-crnoj-gori-da-postane-energetski-centar-balkana\\\/#primaryimage\"},\"image\":{\"@id\":\"https:\\\/\\\/balkangreenenergynews.com\\\/rs\\\/ferraris-podmorski-kabl-omogucava-crnoj-gori-da-postane-energetski-centar-balkana\\\/#primaryimage\"},\"thumbnailUrl\":\"https:\\\/\\\/balkangreenenergynews.com\\\/rs\\\/wp-content\\\/uploads\\\/2019\\\/07\\\/podmorski-kabl-ferraris-crna-gora.jpg?wsr\",\"datePublished\":\"2019-07-05T10:50:23+00:00\",\"dateModified\":\"2020-06-30T16:37:44+00:00\",\"author\":{\"@id\":\"https:\\\/\\\/balkangreenenergynews.com\\\/rs\\\/#\\\/schema\\\/person\\\/99dc721c46113fea22caffad06ef7317\"},\"description\":\"Podmorski kabl je investicija koja \u0107e omogu\u0107iti Crnoj Gori da postane energetski centar Balkana, izjavio je Luigi Ferraris,\u00a0direktor Terne.\",\"breadcrumb\":{\"@id\":\"https:\\\/\\\/balkangreenenergynews.com\\\/rs\\\/ferraris-podmorski-kabl-omogucava-crnoj-gori-da-postane-energetski-centar-balkana\\\/#breadcrumb\"},\"inLanguage\":\"sr-RS\",\"potentialAction\":[{\"@type\":\"ReadAction\",\"target\":[\"https:\\\/\\\/balkangreenenergynews.com\\\/rs\\\/ferraris-podmorski-kabl-omogucava-crnoj-gori-da-postane-energetski-centar-balkana\\\/\"]}]},{\"@type\":\"ImageObject\",\"inLanguage\":\"sr-RS\",\"@id\":\"https:\\\/\\\/balkangreenenergynews.com\\\/rs\\\/ferraris-podmorski-kabl-omogucava-crnoj-gori-da-postane-energetski-centar-balkana\\\/#primaryimage\",\"url\":\"https:\\\/\\\/balkangreenenergynews.com\\\/rs\\\/wp-content\\\/uploads\\\/2019\\\/07\\\/podmorski-kabl-ferraris-crna-gora.jpg?wsr\",\"contentUrl\":\"https:\\\/\\\/balkangreenenergynews.com\\\/rs\\\/wp-content\\\/uploads\\\/2019\\\/07\\\/podmorski-kabl-ferraris-crna-gora.jpg?wsr\",\"width\":795,\"height\":407,\"caption\":\"podmorski kabl\"},{\"@type\":\"BreadcrumbList\",\"@id\":\"https:\\\/\\\/balkangreenenergynews.com\\\/rs\\\/ferraris-podmorski-kabl-omogucava-crnoj-gori-da-postane-energetski-centar-balkana\\\/#breadcrumb\",\"itemListElement\":[{\"@type\":\"ListItem\",\"position\":1,\"name\":\"Po\u010detna\",\"item\":\"https:\\\/\\\/balkangreenenergynews.com\\\/rs\\\/\"},{\"@type\":\"ListItem\",\"position\":2,\"name\":\"Vesti\",\"item\":\"https:\\\/\\\/balkangreenenergynews.com\\\/rs\\\/kategorija\\\/vesti\\\/\"},{\"@type\":\"ListItem\",\"position\":3,\"name\":\"Elektri\u010dna energija\",\"item\":\"https:\\\/\\\/balkangreenenergynews.com\\\/rs\\\/kategorija\\\/vesti\\\/elektricna-energija\\\/\"},{\"@type\":\"ListItem\",\"position\":4,\"name\":\"Ferraris: Podmorski kabl omogu\u0107ava Crnoj Gori da postane energetski centar Balkana\"}]},{\"@type\":\"WebSite\",\"@id\":\"https:\\\/\\\/balkangreenenergynews.com\\\/rs\\\/#website\",\"url\":\"https:\\\/\\\/balkangreenenergynews.com\\\/rs\\\/\",\"name\":\"Balkan Green Energy News\",\"description\":\"Naj\u0161iri izbor vesti sa Balkana o zelenoj energiji\",\"potentialAction\":[{\"@type\":\"SearchAction\",\"target\":{\"@type\":\"EntryPoint\",\"urlTemplate\":\"https:\\\/\\\/balkangreenenergynews.com\\\/rs\\\/?s={search_term_string}\"},\"query-input\":{\"@type\":\"PropertyValueSpecification\",\"valueRequired\":true,\"valueName\":\"search_term_string\"}}],\"inLanguage\":\"sr-RS\"},{\"@type\":\"Person\",\"@id\":\"https:\\\/\\\/balkangreenenergynews.com\\\/rs\\\/#\\\/schema\\\/person\\\/99dc721c46113fea22caffad06ef7317\",\"name\":\"Vladimir Spasi\u0107\",\"url\":\"https:\\\/\\\/balkangreenenergynews.com\\\/rs\\\/author\\\/vladimir-spasic\\\/\"}]}<\/script>\n<!-- \/ Yoast SEO plugin. -->","yoast_head_json":{"title":"Ferraris: Podmorski kabl \u010dini Crnu Goru energetskim centrom Balkana","description":"Podmorski kabl je investicija koja \u0107e omogu\u0107iti Crnoj Gori da postane energetski centar Balkana, izjavio je Luigi Ferraris,\u00a0direktor Terne.","robots":{"index":"index","follow":"follow","max-snippet":"max-snippet:-1","max-image-preview":"max-image-preview:large","max-video-preview":"max-video-preview:-1"},"canonical":"https:\/\/balkangreenenergynews.com\/rs\/ferraris-podmorski-kabl-omogucava-crnoj-gori-da-postane-energetski-centar-balkana\/","og_locale":"sr_RS","og_type":"article","og_title":"Ferraris: Podmorski kabl \u010dini Crnu Goru energetskim centrom Balkana","og_description":"Podmorski kabl je investicija koja \u0107e omogu\u0107iti Crnoj Gori da postane energetski centar Balkana, izjavio je Luigi Ferraris,\u00a0direktor Terne.","og_url":"https:\/\/balkangreenenergynews.com\/rs\/ferraris-podmorski-kabl-omogucava-crnoj-gori-da-postane-energetski-centar-balkana\/","og_site_name":"Balkan Green Energy News","article_published_time":"2019-07-05T10:50:23+00:00","article_modified_time":"2020-06-30T16:37:44+00:00","og_image":[{"width":795,"height":407,"url":"https:\/\/balkangreenenergynews.com\/rs\/wp-content\/uploads\/2019\/07\/podmorski-kabl-ferraris-crna-gora.jpg","type":"image\/jpeg"}],"author":"Vladimir Spasi\u0107","twitter_card":"summary_large_image","twitter_misc":{"\u041d\u0430\u043f\u0438\u0441\u0430\u043d\u043e \u043e\u0434":"Vladimir Spasi\u0107","\u041f\u0440\u043e\u0446\u0435\u045a\u0435\u043d\u043e \u0432\u0440\u0435\u043c\u0435 \u0447\u0438\u0442\u0430\u045a\u0430":"2 \u043c\u0438\u043d\u0443\u0442\u0430"},"schema":{"@context":"https:\/\/schema.org","@graph":[{"@type":"Article","@id":"https:\/\/balkangreenenergynews.com\/rs\/ferraris-podmorski-kabl-omogucava-crnoj-gori-da-postane-energetski-centar-balkana\/#article","isPartOf":{"@id":"https:\/\/balkangreenenergynews.com\/rs\/ferraris-podmorski-kabl-omogucava-crnoj-gori-da-postane-energetski-centar-balkana\/"},"author":{"name":"Vladimir Spasi\u0107","@id":"https:\/\/balkangreenenergynews.com\/rs\/#\/schema\/person\/99dc721c46113fea22caffad06ef7317"},"headline":"Ferraris: Podmorski kabl omogu\u0107ava Crnoj Gori da postane energetski centar Balkana","datePublished":"2019-07-05T10:50:23+00:00","dateModified":"2020-06-30T16:37:44+00:00","mainEntityOfPage":{"@id":"https:\/\/balkangreenenergynews.com\/rs\/ferraris-podmorski-kabl-omogucava-crnoj-gori-da-postane-energetski-centar-balkana\/"},"wordCount":441,"commentCount":0,"image":{"@id":"https:\/\/balkangreenenergynews.com\/rs\/ferraris-podmorski-kabl-omogucava-crnoj-gori-da-postane-energetski-centar-balkana\/#primaryimage"},"thumbnailUrl":"https:\/\/balkangreenenergynews.com\/rs\/wp-content\/uploads\/2019\/07\/podmorski-kabl-ferraris-crna-gora.jpg?wsr","keywords":["CGES","Dragica Sekuli\u0107","podmorski kabl","prekograni\u010dni kapaciteti","Terna"],"articleSection":["Elektri\u010dna energija"],"inLanguage":"sr-RS","potentialAction":[{"@type":"CommentAction","name":"Comment","target":["https:\/\/balkangreenenergynews.com\/rs\/ferraris-podmorski-kabl-omogucava-crnoj-gori-da-postane-energetski-centar-balkana\/#respond"]}]},{"@type":"WebPage","@id":"https:\/\/balkangreenenergynews.com\/rs\/ferraris-podmorski-kabl-omogucava-crnoj-gori-da-postane-energetski-centar-balkana\/","url":"https:\/\/balkangreenenergynews.com\/rs\/ferraris-podmorski-kabl-omogucava-crnoj-gori-da-postane-energetski-centar-balkana\/","name":"Ferraris: Podmorski kabl \u010dini Crnu Goru energetskim centrom Balkana","isPartOf":{"@id":"https:\/\/balkangreenenergynews.com\/rs\/#website"},"primaryImageOfPage":{"@id":"https:\/\/balkangreenenergynews.com\/rs\/ferraris-podmorski-kabl-omogucava-crnoj-gori-da-postane-energetski-centar-balkana\/#primaryimage"},"image":{"@id":"https:\/\/balkangreenenergynews.com\/rs\/ferraris-podmorski-kabl-omogucava-crnoj-gori-da-postane-energetski-centar-balkana\/#primaryimage"},"thumbnailUrl":"https:\/\/balkangreenenergynews.com\/rs\/wp-content\/uploads\/2019\/07\/podmorski-kabl-ferraris-crna-gora.jpg?wsr","datePublished":"2019-07-05T10:50:23+00:00","dateModified":"2020-06-30T16:37:44+00:00","author":{"@id":"https:\/\/balkangreenenergynews.com\/rs\/#\/schema\/person\/99dc721c46113fea22caffad06ef7317"},"description":"Podmorski kabl je investicija koja \u0107e omogu\u0107iti Crnoj Gori da postane energetski centar Balkana, izjavio je Luigi Ferraris,\u00a0direktor Terne.","breadcrumb":{"@id":"https:\/\/balkangreenenergynews.com\/rs\/ferraris-podmorski-kabl-omogucava-crnoj-gori-da-postane-energetski-centar-balkana\/#breadcrumb"},"inLanguage":"sr-RS","potentialAction":[{"@type":"ReadAction","target":["https:\/\/balkangreenenergynews.com\/rs\/ferraris-podmorski-kabl-omogucava-crnoj-gori-da-postane-energetski-centar-balkana\/"]}]},{"@type":"ImageObject","inLanguage":"sr-RS","@id":"https:\/\/balkangreenenergynews.com\/rs\/ferraris-podmorski-kabl-omogucava-crnoj-gori-da-postane-energetski-centar-balkana\/#primaryimage","url":"https:\/\/balkangreenenergynews.com\/rs\/wp-content\/uploads\/2019\/07\/podmorski-kabl-ferraris-crna-gora.jpg?wsr","contentUrl":"https:\/\/balkangreenenergynews.com\/rs\/wp-content\/uploads\/2019\/07\/podmorski-kabl-ferraris-crna-gora.jpg?wsr","width":795,"height":407,"caption":"podmorski kabl"},{"@type":"BreadcrumbList","@id":"https:\/\/balkangreenenergynews.com\/rs\/ferraris-podmorski-kabl-omogucava-crnoj-gori-da-postane-energetski-centar-balkana\/#breadcrumb","itemListElement":[{"@type":"ListItem","position":1,"name":"Po\u010detna","item":"https:\/\/balkangreenenergynews.com\/rs\/"},{"@type":"ListItem","position":2,"name":"Vesti","item":"https:\/\/balkangreenenergynews.com\/rs\/kategorija\/vesti\/"},{"@type":"ListItem","position":3,"name":"Elektri\u010dna energija","item":"https:\/\/balkangreenenergynews.com\/rs\/kategorija\/vesti\/elektricna-energija\/"},{"@type":"ListItem","position":4,"name":"Ferraris: Podmorski kabl omogu\u0107ava Crnoj Gori da postane energetski centar Balkana"}]},{"@type":"WebSite","@id":"https:\/\/balkangreenenergynews.com\/rs\/#website","url":"https:\/\/balkangreenenergynews.com\/rs\/","name":"Balkan Green Energy News","description":"Naj\u0161iri izbor vesti sa Balkana o zelenoj energiji","potentialAction":[{"@type":"SearchAction","target":{"@type":"EntryPoint","urlTemplate":"https:\/\/balkangreenenergynews.com\/rs\/?s={search_term_string}"},"query-input":{"@type":"PropertyValueSpecification","valueRequired":true,"valueName":"search_term_string"}}],"inLanguage":"sr-RS"},{"@type":"Person","@id":"https:\/\/balkangreenenergynews.com\/rs\/#\/schema\/person\/99dc721c46113fea22caffad06ef7317","name":"Vladimir Spasi\u0107","url":"https:\/\/balkangreenenergynews.com\/rs\/author\/vladimir-spasic\/"}]}},"_links":{"self":[{"href":"https:\/\/balkangreenenergynews.com\/rs\/wp-json\/wp\/v2\/posts\/24449","targetHints":{"allow":["GET"]}}],"collection":[{"href":"https:\/\/balkangreenenergynews.com\/rs\/wp-json\/wp\/v2\/posts"}],"about":[{"href":"https:\/\/balkangreenenergynews.com\/rs\/wp-json\/wp\/v2\/types\/post"}],"author":[{"embeddable":true,"href":"https:\/\/balkangreenenergynews.com\/rs\/wp-json\/wp\/v2\/users\/23"}],"replies":[{"embeddable":true,"href":"https:\/\/balkangreenenergynews.com\/rs\/wp-json\/wp\/v2\/comments?post=24449"}],"version-history":[{"count":0,"href":"https:\/\/balkangreenenergynews.com\/rs\/wp-json\/wp\/v2\/posts\/24449\/revisions"}],"wp:featuredmedia":[{"embeddable":true,"href":"https:\/\/balkangreenenergynews.com\/rs\/wp-json\/wp\/v2\/media\/24451"}],"wp:attachment":[{"href":"https:\/\/balkangreenenergynews.com\/rs\/wp-json\/wp\/v2\/media?parent=24449"}],"wp:term":[{"taxonomy":"category","embeddable":true,"href":"https:\/\/balkangreenenergynews.com\/rs\/wp-json\/wp\/v2\/categories?post=24449"},{"taxonomy":"post_tag","embeddable":true,"href":"https:\/\/balkangreenenergynews.com\/rs\/wp-json\/wp\/v2\/tags?post=24449"}],"curies":[{"name":"wp","href":"https:\/\/api.w.org\/{rel}","templated":true}]}}