{"id":24406,"date":"2019-07-03T14:17:04","date_gmt":"2019-07-03T12:17:04","guid":{"rendered":"https:\/\/balkangreenenergynews.com\/rs\/?p=24406"},"modified":"2020-06-30T18:33:40","modified_gmt":"2020-06-30T16:33:40","slug":"podneta-zalba-energetskoj-zajednici-zbog-povlascenog-polozaja-malih-hidroelektrana","status":"publish","type":"post","link":"https:\/\/balkangreenenergynews.com\/rs\/podneta-zalba-energetskoj-zajednici-zbog-povlascenog-polozaja-malih-hidroelektrana\/","title":{"rendered":"Podneta \u017ealba Energetskoj zajednici zbog povla\u0161\u0107enog polo\u017eaja malih hidroelektrana"},"content":{"rendered":"<h2>Ekolo\u0161ke organizacije Eko-svest i CEE Bankwatch Network podnele su <a href=\"https:\/\/bankwatch.org\/wp-content\/uploads\/2019\/07\/Complaint-Energy-Community-North-Macedonia-renewables-incentives-01.07.2019.pdf\">\u017ealbu<\/a> Sekretarijatu Energetske zajednice (EZ) u vezi sa novim sistemom podsticaja za obnovljive izvore energije u Severnoj Makedoniji, za koji ka\u017eu da male hidroelektrane (MHE) dovodi u povla\u0161\u0107en polo\u017eaj.<\/h2>\n<p><a href=\"https:\/\/balkangreenenergynews.com\/rs\/premije-kao-mera-za-podsticanje-investicija-u-obnovljive-izvore-energije-u-severnoj-makedoniji\/\">Sistem podsticaja za OIE<\/a> u Severnoj Makedoniji od februara predvi\u0111a aukcije za investitore u solarne fotonaponske elektrane i ve\u0107inu investitora u vetroelektrane, ali ne i za male hidroelektrane (MHE). Cilj aukcija je da se postignu najni\u017ee mogu\u0107e cene elektri\u010dne energije za potro\u0161a\u010de \u2013 pobednici su oni koji tra\u017ee najni\u017ee premije koje im dr\u017eava pla\u0107a povrh tr\u017ei\u0161ne cene elektri\u010dne energije koju proizvode.<\/p>\n<p>Severna Makedonija je potpisnica Ugovora o osnivanju Energetske zajednice, kojim se zabranjuje \u201ebilo kakva javna pomo\u0107 koja naru\u0161ava ili preti da naru\u0161i konkurenciju favorizuju\u0107i odre\u0111ena preduze\u0107a ili odre\u0111ene energetske resurse\u201c, podse\u0107aju ekolo\u0161ke organizacije u saop\u0161tenju.<\/p>\n<p>Organizacije su podsetile i da su <a href=\"https:\/\/balkangreenenergynews.com\/rs\/protesti-protiv-hidroelektrana-sirom-balkana-od-6-do-16-jula\/\">male hidroelektrane<\/a> poslednjih godina nanele ogromnu \u0161tetu \u0161irom jugoisto\u010dne Evrope \u2013 uklju\u010duju\u0107i Severnu Makedoniju \u2013 zato \u0161to se brzo grade, i to \u010desto u za\u0161ti\u0107enim podru\u010djima, pri \u010demu se ne sprovode zakonske odredbe o za\u0161titi \u017eivotne sredine.<\/p>\n<p>Male hidroelektrane kapaciteta do 10 MW ne samo da nisu predmet aukcija za premije, one i dalje dobijaju subvencije u vidu fid-in tarifa, pri \u010demu ne postoji kvota za fid-in tarife koje se dodeljuju malim hidroelektranama, saop\u0161tile su ekolo\u0161ke organizacije.<\/p>\n<p>Za solarne sisteme, nezavisno od veli\u010dine, ne postoje fid-in tarife u Severnoj Makedoniji. Kvota za energiju vetra je iskori\u0161\u0107ena, dok je za biomasu i biogas preostalo tek nekoliko megavata za koje se mogu jo\u0161 uvek dobiti ove subvencije, navodi se u saop\u0161tenju.<\/p>\n<p>Odlukom o ukupno instalisanom kapacitetu povla\u0161\u0107enih proizvo\u0111a\u010da elektri\u010dne energije predvi\u0111aju se slede\u0107e kvote za kapacitete OIE:<\/p>\n<ul>\n<li>86 MW za energiju vetra \u2013 \u0161to je ve\u0107 rezervisano za postoje\u0107i vetropark Bogdanci, njegovo pro\u0161irenje, kao i planirani vetropark Bogoslovec.<\/li>\n<li>10 MW za biomasu, od \u010dega je 4,3 MW ve\u0107 rezervisano.<\/li>\n<li>20 MW za biogas, od \u010dega je 7 MW ve\u0107 rezervisano.<\/li>\n<li><strong>Ne postoji ograni\u010denje za fid-in tarife za MHE.<\/strong><\/li>\n<\/ul>\n<p>Ukupan kapacitet solarnih elektrana koje mogu da obezbede premije je 200 MW, dok ne postoji ograni\u010denje ukupnog kapaciteta iz energije vetra, osim onih odre\u0111enih na pojedina\u010dnim aukcijama. Za male solarne sisteme nedovoljnog kapaciteta nije ni predvi\u0111eno u\u010de\u0161\u0107e u aukcijama, nagla\u0161avaju ekolo\u0161ke organizacije.<\/p>\n<h3><span style=\"\">Vicepremijerov biznis sa MHE<\/span><\/h3>\n<p>\u201ePotpredsednik vlade Severne Makedonije Ko\u010do An\u0111u\u0161ev vlasnik je velikog broja malih hidroelektrana, a njegov kabinet je tesno uklju\u010den u pripremu zakonodavstva za energetski sektor. Zato odluka vlade da da prednost malim hidroelektranama deluje sumnjivo\u201c, rekao je Davor Pen\u010devski iz organizacije Eko-svest.<\/p>\n<p>Preko krovne kompanije <a href=\"https:\/\/www.feroinvest.mk\/\">Fero Invest<\/a>, vicepremijer An\u0111u\u0161ev poseduje najmanje 25 malih hidroelektrana, kompaniju za projektovanje MHE, kao i kompaniju za instalaciju turbina i kompaniju za odr\u017eavanje MHE, navodi se u saop\u0161tenju, u kom je tako\u0111e naveden i <a href=\"https:\/\/drive.google.com\/file\/d\/1A4zbvPA0MvFby-MhVitiLFJ_bkbv7g7s\/view\">link<\/a> koji sadr\u017ei dokaz o An\u0111u\u0161evljevom ve\u0107inskom vlasni\u0161tvu.<\/p>\n","protected":false},"excerpt":{"rendered":"<p>Ekolo\u0161ke organizacije Eko-svest i CEE Bankwatch Network podnele su \u017ealbu Sekretarijatu Energetske zajednice (EZ) u&#8230;<\/p>\n","protected":false},"author":25,"featured_media":31799,"comment_status":"open","ping_status":"closed","sticky":false,"template":"","format":"standard","meta":{"_acf_changed":false,"_monsterinsights_skip_tracking":false,"_monsterinsights_sitenote_active":false,"_monsterinsights_sitenote_note":"","_monsterinsights_sitenote_category":0,"footnotes":""},"categories":[504,1],"tags":[3023,1713,5194,648,2215,1405,1554,4962],"class_list":["post-24406","post","type-post","status-publish","format-standard","has-post-thumbnail","hentry","category-elektricna-energija","category-obnovljivi-izvori-energije","tag-aukcije","tag-bankwatch","tag-eko-svest","tag-energetska-zajednica","tag-fid-in-tarife","tag-male-hidroelektrane","tag-mhe","tag-premije","country-makedonija"],"acf":[],"yoast_head":"<!-- This site is optimized with the Yoast SEO plugin v27.4 - https:\/\/yoast.com\/product\/yoast-seo-wordpress\/ -->\n<title>Podneta \u017ealba Energetskoj zajednici zbog povla\u0161\u0107enog polo\u017eaja malih hidroelektrana<\/title>\n<meta name=\"description\" content=\"Sistem podsticaja za OIE u Severnoj Makedoniji predvi\u0111a aukcije za investitore u solarne fotonaponske elektrane i ve\u0107inu investitora u vetroelektrane, ali ne i za male hidroelektrane (MHE).\" \/>\n<meta name=\"robots\" content=\"index, follow, max-snippet:-1, max-image-preview:large, max-video-preview:-1\" \/>\n<link rel=\"canonical\" href=\"https:\/\/balkangreenenergynews.com\/rs\/podneta-zalba-energetskoj-zajednici-zbog-povlascenog-polozaja-malih-hidroelektrana\/\" \/>\n<meta property=\"og:locale\" content=\"sr_RS\" \/>\n<meta property=\"og:type\" content=\"article\" \/>\n<meta property=\"og:title\" content=\"Podneta \u017ealba Energetskoj zajednici zbog povla\u0161\u0107enog polo\u017eaja malih hidroelektrana\" \/>\n<meta property=\"og:description\" content=\"Sistem podsticaja za OIE u Severnoj Makedoniji predvi\u0111a aukcije za investitore u solarne fotonaponske elektrane i ve\u0107inu investitora u vetroelektrane, ali ne i za male hidroelektrane (MHE).\" \/>\n<meta property=\"og:url\" content=\"https:\/\/balkangreenenergynews.com\/rs\/podneta-zalba-energetskoj-zajednici-zbog-povlascenog-polozaja-malih-hidroelektrana\/\" \/>\n<meta property=\"og:site_name\" content=\"Balkan Green Energy News\" \/>\n<meta property=\"article:published_time\" content=\"2019-07-03T12:17:04+00:00\" \/>\n<meta property=\"article:modified_time\" content=\"2020-06-30T16:33:40+00:00\" \/>\n<meta property=\"og:image\" content=\"https:\/\/balkangreenenergynews.com\/rs\/wp-content\/uploads\/2019\/07\/Ferraris-Podmorski-kabl-Crna-Gora-energetski-centar-Balkana.jpg\" \/>\n\t<meta property=\"og:image:width\" content=\"795\" \/>\n\t<meta property=\"og:image:height\" content=\"407\" \/>\n\t<meta property=\"og:image:type\" content=\"image\/jpeg\" \/>\n<meta name=\"author\" content=\"Balkan Green Energy News\" \/>\n<meta name=\"twitter:card\" content=\"summary_large_image\" \/>\n<meta name=\"twitter:label1\" content=\"\u041d\u0430\u043f\u0438\u0441\u0430\u043d\u043e \u043e\u0434\" \/>\n\t<meta name=\"twitter:data1\" content=\"Balkan Green Energy News\" \/>\n\t<meta name=\"twitter:label2\" content=\"\u041f\u0440\u043e\u0446\u0435\u045a\u0435\u043d\u043e \u0432\u0440\u0435\u043c\u0435 \u0447\u0438\u0442\u0430\u045a\u0430\" \/>\n\t<meta name=\"twitter:data2\" content=\"3 \u043c\u0438\u043d\u0443\u0442\u0430\" \/>\n<script type=\"application\/ld+json\" class=\"yoast-schema-graph\">{\"@context\":\"https:\\\/\\\/schema.org\",\"@graph\":[{\"@type\":\"Article\",\"@id\":\"https:\\\/\\\/balkangreenenergynews.com\\\/rs\\\/podneta-zalba-energetskoj-zajednici-zbog-povlascenog-polozaja-malih-hidroelektrana\\\/#article\",\"isPartOf\":{\"@id\":\"https:\\\/\\\/balkangreenenergynews.com\\\/rs\\\/podneta-zalba-energetskoj-zajednici-zbog-povlascenog-polozaja-malih-hidroelektrana\\\/\"},\"author\":{\"name\":\"Balkan Green Energy News\",\"@id\":\"https:\\\/\\\/balkangreenenergynews.com\\\/rs\\\/#\\\/schema\\\/person\\\/dee275e6036b1a0f7ceaf956d79d4eff\"},\"headline\":\"Podneta \u017ealba Energetskoj zajednici zbog povla\u0161\u0107enog polo\u017eaja malih hidroelektrana\",\"datePublished\":\"2019-07-03T12:17:04+00:00\",\"dateModified\":\"2020-06-30T16:33:40+00:00\",\"mainEntityOfPage\":{\"@id\":\"https:\\\/\\\/balkangreenenergynews.com\\\/rs\\\/podneta-zalba-energetskoj-zajednici-zbog-povlascenog-polozaja-malih-hidroelektrana\\\/\"},\"wordCount\":528,\"commentCount\":0,\"image\":{\"@id\":\"https:\\\/\\\/balkangreenenergynews.com\\\/rs\\\/podneta-zalba-energetskoj-zajednici-zbog-povlascenog-polozaja-malih-hidroelektrana\\\/#primaryimage\"},\"thumbnailUrl\":\"https:\\\/\\\/balkangreenenergynews.com\\\/rs\\\/wp-content\\\/uploads\\\/2019\\\/07\\\/Ferraris-Podmorski-kabl-Crna-Gora-energetski-centar-Balkana.jpg?wsr\",\"keywords\":[\"aukcije\",\"Bankwatch\",\"Eko-svest\",\"Energetska zajednica\",\"fid-in tarife\",\"male hidroelektrane\",\"MHE\",\"premije\"],\"articleSection\":[\"Elektri\u010dna energija\",\"OIE\"],\"inLanguage\":\"sr-RS\",\"potentialAction\":[{\"@type\":\"CommentAction\",\"name\":\"Comment\",\"target\":[\"https:\\\/\\\/balkangreenenergynews.com\\\/rs\\\/podneta-zalba-energetskoj-zajednici-zbog-povlascenog-polozaja-malih-hidroelektrana\\\/#respond\"]}]},{\"@type\":\"WebPage\",\"@id\":\"https:\\\/\\\/balkangreenenergynews.com\\\/rs\\\/podneta-zalba-energetskoj-zajednici-zbog-povlascenog-polozaja-malih-hidroelektrana\\\/\",\"url\":\"https:\\\/\\\/balkangreenenergynews.com\\\/rs\\\/podneta-zalba-energetskoj-zajednici-zbog-povlascenog-polozaja-malih-hidroelektrana\\\/\",\"name\":\"Podneta \u017ealba Energetskoj zajednici zbog povla\u0161\u0107enog polo\u017eaja malih hidroelektrana\",\"isPartOf\":{\"@id\":\"https:\\\/\\\/balkangreenenergynews.com\\\/rs\\\/#website\"},\"primaryImageOfPage\":{\"@id\":\"https:\\\/\\\/balkangreenenergynews.com\\\/rs\\\/podneta-zalba-energetskoj-zajednici-zbog-povlascenog-polozaja-malih-hidroelektrana\\\/#primaryimage\"},\"image\":{\"@id\":\"https:\\\/\\\/balkangreenenergynews.com\\\/rs\\\/podneta-zalba-energetskoj-zajednici-zbog-povlascenog-polozaja-malih-hidroelektrana\\\/#primaryimage\"},\"thumbnailUrl\":\"https:\\\/\\\/balkangreenenergynews.com\\\/rs\\\/wp-content\\\/uploads\\\/2019\\\/07\\\/Ferraris-Podmorski-kabl-Crna-Gora-energetski-centar-Balkana.jpg?wsr\",\"datePublished\":\"2019-07-03T12:17:04+00:00\",\"dateModified\":\"2020-06-30T16:33:40+00:00\",\"author\":{\"@id\":\"https:\\\/\\\/balkangreenenergynews.com\\\/rs\\\/#\\\/schema\\\/person\\\/dee275e6036b1a0f7ceaf956d79d4eff\"},\"description\":\"Sistem podsticaja za OIE u Severnoj Makedoniji predvi\u0111a aukcije za investitore u solarne fotonaponske elektrane i ve\u0107inu investitora u vetroelektrane, ali ne i za male hidroelektrane (MHE).\",\"breadcrumb\":{\"@id\":\"https:\\\/\\\/balkangreenenergynews.com\\\/rs\\\/podneta-zalba-energetskoj-zajednici-zbog-povlascenog-polozaja-malih-hidroelektrana\\\/#breadcrumb\"},\"inLanguage\":\"sr-RS\",\"potentialAction\":[{\"@type\":\"ReadAction\",\"target\":[\"https:\\\/\\\/balkangreenenergynews.com\\\/rs\\\/podneta-zalba-energetskoj-zajednici-zbog-povlascenog-polozaja-malih-hidroelektrana\\\/\"]}]},{\"@type\":\"ImageObject\",\"inLanguage\":\"sr-RS\",\"@id\":\"https:\\\/\\\/balkangreenenergynews.com\\\/rs\\\/podneta-zalba-energetskoj-zajednici-zbog-povlascenog-polozaja-malih-hidroelektrana\\\/#primaryimage\",\"url\":\"https:\\\/\\\/balkangreenenergynews.com\\\/rs\\\/wp-content\\\/uploads\\\/2019\\\/07\\\/Ferraris-Podmorski-kabl-Crna-Gora-energetski-centar-Balkana.jpg?wsr\",\"contentUrl\":\"https:\\\/\\\/balkangreenenergynews.com\\\/rs\\\/wp-content\\\/uploads\\\/2019\\\/07\\\/Ferraris-Podmorski-kabl-Crna-Gora-energetski-centar-Balkana.jpg?wsr\",\"width\":795,\"height\":407,\"caption\":\"Ferraris-Podmorski-kabl-Crna-Gora-energetski-centar-Balkana\"},{\"@type\":\"BreadcrumbList\",\"@id\":\"https:\\\/\\\/balkangreenenergynews.com\\\/rs\\\/podneta-zalba-energetskoj-zajednici-zbog-povlascenog-polozaja-malih-hidroelektrana\\\/#breadcrumb\",\"itemListElement\":[{\"@type\":\"ListItem\",\"position\":1,\"name\":\"Po\u010detna\",\"item\":\"https:\\\/\\\/balkangreenenergynews.com\\\/rs\\\/\"},{\"@type\":\"ListItem\",\"position\":2,\"name\":\"Vesti\",\"item\":\"https:\\\/\\\/balkangreenenergynews.com\\\/rs\\\/kategorija\\\/vesti\\\/\"},{\"@type\":\"ListItem\",\"position\":3,\"name\":\"OIE\",\"item\":\"https:\\\/\\\/balkangreenenergynews.com\\\/rs\\\/kategorija\\\/vesti\\\/obnovljivi-izvori-energije\\\/\"},{\"@type\":\"ListItem\",\"position\":4,\"name\":\"Podneta \u017ealba Energetskoj zajednici zbog povla\u0161\u0107enog polo\u017eaja malih hidroelektrana\"}]},{\"@type\":\"WebSite\",\"@id\":\"https:\\\/\\\/balkangreenenergynews.com\\\/rs\\\/#website\",\"url\":\"https:\\\/\\\/balkangreenenergynews.com\\\/rs\\\/\",\"name\":\"Balkan Green Energy News\",\"description\":\"Naj\u0161iri izbor vesti sa Balkana o zelenoj energiji\",\"potentialAction\":[{\"@type\":\"SearchAction\",\"target\":{\"@type\":\"EntryPoint\",\"urlTemplate\":\"https:\\\/\\\/balkangreenenergynews.com\\\/rs\\\/?s={search_term_string}\"},\"query-input\":{\"@type\":\"PropertyValueSpecification\",\"valueRequired\":true,\"valueName\":\"search_term_string\"}}],\"inLanguage\":\"sr-RS\"},{\"@type\":\"Person\",\"@id\":\"https:\\\/\\\/balkangreenenergynews.com\\\/rs\\\/#\\\/schema\\\/person\\\/dee275e6036b1a0f7ceaf956d79d4eff\",\"name\":\"Balkan Green Energy News\",\"url\":\"https:\\\/\\\/balkangreenenergynews.com\\\/rs\\\/author\\\/balkangreenenergynews\\\/\"}]}<\/script>\n<!-- \/ Yoast SEO plugin. -->","yoast_head_json":{"title":"Podneta \u017ealba Energetskoj zajednici zbog povla\u0161\u0107enog polo\u017eaja malih hidroelektrana","description":"Sistem podsticaja za OIE u Severnoj Makedoniji predvi\u0111a aukcije za investitore u solarne fotonaponske elektrane i ve\u0107inu investitora u vetroelektrane, ali ne i za male hidroelektrane (MHE).","robots":{"index":"index","follow":"follow","max-snippet":"max-snippet:-1","max-image-preview":"max-image-preview:large","max-video-preview":"max-video-preview:-1"},"canonical":"https:\/\/balkangreenenergynews.com\/rs\/podneta-zalba-energetskoj-zajednici-zbog-povlascenog-polozaja-malih-hidroelektrana\/","og_locale":"sr_RS","og_type":"article","og_title":"Podneta \u017ealba Energetskoj zajednici zbog povla\u0161\u0107enog polo\u017eaja malih hidroelektrana","og_description":"Sistem podsticaja za OIE u Severnoj Makedoniji predvi\u0111a aukcije za investitore u solarne fotonaponske elektrane i ve\u0107inu investitora u vetroelektrane, ali ne i za male hidroelektrane (MHE).","og_url":"https:\/\/balkangreenenergynews.com\/rs\/podneta-zalba-energetskoj-zajednici-zbog-povlascenog-polozaja-malih-hidroelektrana\/","og_site_name":"Balkan Green Energy News","article_published_time":"2019-07-03T12:17:04+00:00","article_modified_time":"2020-06-30T16:33:40+00:00","og_image":[{"width":795,"height":407,"url":"https:\/\/balkangreenenergynews.com\/rs\/wp-content\/uploads\/2019\/07\/Ferraris-Podmorski-kabl-Crna-Gora-energetski-centar-Balkana.jpg","type":"image\/jpeg"}],"author":"Balkan Green Energy News","twitter_card":"summary_large_image","twitter_misc":{"\u041d\u0430\u043f\u0438\u0441\u0430\u043d\u043e \u043e\u0434":"Balkan Green Energy News","\u041f\u0440\u043e\u0446\u0435\u045a\u0435\u043d\u043e \u0432\u0440\u0435\u043c\u0435 \u0447\u0438\u0442\u0430\u045a\u0430":"3 \u043c\u0438\u043d\u0443\u0442\u0430"},"schema":{"@context":"https:\/\/schema.org","@graph":[{"@type":"Article","@id":"https:\/\/balkangreenenergynews.com\/rs\/podneta-zalba-energetskoj-zajednici-zbog-povlascenog-polozaja-malih-hidroelektrana\/#article","isPartOf":{"@id":"https:\/\/balkangreenenergynews.com\/rs\/podneta-zalba-energetskoj-zajednici-zbog-povlascenog-polozaja-malih-hidroelektrana\/"},"author":{"name":"Balkan Green Energy News","@id":"https:\/\/balkangreenenergynews.com\/rs\/#\/schema\/person\/dee275e6036b1a0f7ceaf956d79d4eff"},"headline":"Podneta \u017ealba Energetskoj zajednici zbog povla\u0161\u0107enog polo\u017eaja malih hidroelektrana","datePublished":"2019-07-03T12:17:04+00:00","dateModified":"2020-06-30T16:33:40+00:00","mainEntityOfPage":{"@id":"https:\/\/balkangreenenergynews.com\/rs\/podneta-zalba-energetskoj-zajednici-zbog-povlascenog-polozaja-malih-hidroelektrana\/"},"wordCount":528,"commentCount":0,"image":{"@id":"https:\/\/balkangreenenergynews.com\/rs\/podneta-zalba-energetskoj-zajednici-zbog-povlascenog-polozaja-malih-hidroelektrana\/#primaryimage"},"thumbnailUrl":"https:\/\/balkangreenenergynews.com\/rs\/wp-content\/uploads\/2019\/07\/Ferraris-Podmorski-kabl-Crna-Gora-energetski-centar-Balkana.jpg?wsr","keywords":["aukcije","Bankwatch","Eko-svest","Energetska zajednica","fid-in tarife","male hidroelektrane","MHE","premije"],"articleSection":["Elektri\u010dna energija","OIE"],"inLanguage":"sr-RS","potentialAction":[{"@type":"CommentAction","name":"Comment","target":["https:\/\/balkangreenenergynews.com\/rs\/podneta-zalba-energetskoj-zajednici-zbog-povlascenog-polozaja-malih-hidroelektrana\/#respond"]}]},{"@type":"WebPage","@id":"https:\/\/balkangreenenergynews.com\/rs\/podneta-zalba-energetskoj-zajednici-zbog-povlascenog-polozaja-malih-hidroelektrana\/","url":"https:\/\/balkangreenenergynews.com\/rs\/podneta-zalba-energetskoj-zajednici-zbog-povlascenog-polozaja-malih-hidroelektrana\/","name":"Podneta \u017ealba Energetskoj zajednici zbog povla\u0161\u0107enog polo\u017eaja malih hidroelektrana","isPartOf":{"@id":"https:\/\/balkangreenenergynews.com\/rs\/#website"},"primaryImageOfPage":{"@id":"https:\/\/balkangreenenergynews.com\/rs\/podneta-zalba-energetskoj-zajednici-zbog-povlascenog-polozaja-malih-hidroelektrana\/#primaryimage"},"image":{"@id":"https:\/\/balkangreenenergynews.com\/rs\/podneta-zalba-energetskoj-zajednici-zbog-povlascenog-polozaja-malih-hidroelektrana\/#primaryimage"},"thumbnailUrl":"https:\/\/balkangreenenergynews.com\/rs\/wp-content\/uploads\/2019\/07\/Ferraris-Podmorski-kabl-Crna-Gora-energetski-centar-Balkana.jpg?wsr","datePublished":"2019-07-03T12:17:04+00:00","dateModified":"2020-06-30T16:33:40+00:00","author":{"@id":"https:\/\/balkangreenenergynews.com\/rs\/#\/schema\/person\/dee275e6036b1a0f7ceaf956d79d4eff"},"description":"Sistem podsticaja za OIE u Severnoj Makedoniji predvi\u0111a aukcije za investitore u solarne fotonaponske elektrane i ve\u0107inu investitora u vetroelektrane, ali ne i za male hidroelektrane (MHE).","breadcrumb":{"@id":"https:\/\/balkangreenenergynews.com\/rs\/podneta-zalba-energetskoj-zajednici-zbog-povlascenog-polozaja-malih-hidroelektrana\/#breadcrumb"},"inLanguage":"sr-RS","potentialAction":[{"@type":"ReadAction","target":["https:\/\/balkangreenenergynews.com\/rs\/podneta-zalba-energetskoj-zajednici-zbog-povlascenog-polozaja-malih-hidroelektrana\/"]}]},{"@type":"ImageObject","inLanguage":"sr-RS","@id":"https:\/\/balkangreenenergynews.com\/rs\/podneta-zalba-energetskoj-zajednici-zbog-povlascenog-polozaja-malih-hidroelektrana\/#primaryimage","url":"https:\/\/balkangreenenergynews.com\/rs\/wp-content\/uploads\/2019\/07\/Ferraris-Podmorski-kabl-Crna-Gora-energetski-centar-Balkana.jpg?wsr","contentUrl":"https:\/\/balkangreenenergynews.com\/rs\/wp-content\/uploads\/2019\/07\/Ferraris-Podmorski-kabl-Crna-Gora-energetski-centar-Balkana.jpg?wsr","width":795,"height":407,"caption":"Ferraris-Podmorski-kabl-Crna-Gora-energetski-centar-Balkana"},{"@type":"BreadcrumbList","@id":"https:\/\/balkangreenenergynews.com\/rs\/podneta-zalba-energetskoj-zajednici-zbog-povlascenog-polozaja-malih-hidroelektrana\/#breadcrumb","itemListElement":[{"@type":"ListItem","position":1,"name":"Po\u010detna","item":"https:\/\/balkangreenenergynews.com\/rs\/"},{"@type":"ListItem","position":2,"name":"Vesti","item":"https:\/\/balkangreenenergynews.com\/rs\/kategorija\/vesti\/"},{"@type":"ListItem","position":3,"name":"OIE","item":"https:\/\/balkangreenenergynews.com\/rs\/kategorija\/vesti\/obnovljivi-izvori-energije\/"},{"@type":"ListItem","position":4,"name":"Podneta \u017ealba Energetskoj zajednici zbog povla\u0161\u0107enog polo\u017eaja malih hidroelektrana"}]},{"@type":"WebSite","@id":"https:\/\/balkangreenenergynews.com\/rs\/#website","url":"https:\/\/balkangreenenergynews.com\/rs\/","name":"Balkan Green Energy News","description":"Naj\u0161iri izbor vesti sa Balkana o zelenoj energiji","potentialAction":[{"@type":"SearchAction","target":{"@type":"EntryPoint","urlTemplate":"https:\/\/balkangreenenergynews.com\/rs\/?s={search_term_string}"},"query-input":{"@type":"PropertyValueSpecification","valueRequired":true,"valueName":"search_term_string"}}],"inLanguage":"sr-RS"},{"@type":"Person","@id":"https:\/\/balkangreenenergynews.com\/rs\/#\/schema\/person\/dee275e6036b1a0f7ceaf956d79d4eff","name":"Balkan Green Energy News","url":"https:\/\/balkangreenenergynews.com\/rs\/author\/balkangreenenergynews\/"}]}},"_links":{"self":[{"href":"https:\/\/balkangreenenergynews.com\/rs\/wp-json\/wp\/v2\/posts\/24406","targetHints":{"allow":["GET"]}}],"collection":[{"href":"https:\/\/balkangreenenergynews.com\/rs\/wp-json\/wp\/v2\/posts"}],"about":[{"href":"https:\/\/balkangreenenergynews.com\/rs\/wp-json\/wp\/v2\/types\/post"}],"author":[{"embeddable":true,"href":"https:\/\/balkangreenenergynews.com\/rs\/wp-json\/wp\/v2\/users\/25"}],"replies":[{"embeddable":true,"href":"https:\/\/balkangreenenergynews.com\/rs\/wp-json\/wp\/v2\/comments?post=24406"}],"version-history":[{"count":0,"href":"https:\/\/balkangreenenergynews.com\/rs\/wp-json\/wp\/v2\/posts\/24406\/revisions"}],"wp:featuredmedia":[{"embeddable":true,"href":"https:\/\/balkangreenenergynews.com\/rs\/wp-json\/wp\/v2\/media\/31799"}],"wp:attachment":[{"href":"https:\/\/balkangreenenergynews.com\/rs\/wp-json\/wp\/v2\/media?parent=24406"}],"wp:term":[{"taxonomy":"category","embeddable":true,"href":"https:\/\/balkangreenenergynews.com\/rs\/wp-json\/wp\/v2\/categories?post=24406"},{"taxonomy":"post_tag","embeddable":true,"href":"https:\/\/balkangreenenergynews.com\/rs\/wp-json\/wp\/v2\/tags?post=24406"}],"curies":[{"name":"wp","href":"https:\/\/api.w.org\/{rel}","templated":true}]}}