{"id":24197,"date":"2019-06-20T13:44:12","date_gmt":"2019-06-20T11:44:12","guid":{"rendered":"https:\/\/balkangreenenergynews.com\/rs\/?p=24197"},"modified":"2019-06-20T16:44:51","modified_gmt":"2019-06-20T14:44:51","slug":"prijavite-se-za-letnju-skolu-o-velikim-zverima-u-bosni-i-hercegovini","status":"publish","type":"post","link":"https:\/\/balkangreenenergynews.com\/rs\/prijavite-se-za-letnju-skolu-o-velikim-zverima-u-bosni-i-hercegovini\/","title":{"rendered":"Prijavite se za letnju \u0161kolu o velikim zverima u Bosni i Hercegovini"},"content":{"rendered":"<h2>Centar za \u017eivotnu sredinu (CZZS) iz Bosne i Hercegovine organizuje sedmodnevnu letnju \u0161kolu za mlade stru\u010dnjake, studente biolo\u0161kih, \u0161umarskih i drugih prirodnih nauka ili studijskih programa, kako bi se na terenu upoznali sa biologijom i ekologijom velikih zveri (vuk, medved, ris).<\/h2>\n<p>Obuku \u0107e voditi renomirani stru\u010dnjaci, sa me\u0111unarodnim iskustvom, a sve tro\u0161kove za 15 kandidata \u0107e snositi organizator &#8211; CZZS pod pokroviteljstvom EuroNatura i Bernd Thies fondacije.<\/p>\n<blockquote><p>Prijavljivanje traje do 1. jula, a obuka \u0107e biti odr\u017eana u drugoj polovini godine<\/p><\/blockquote>\n<p>Kako je saop\u0161tio CZZS, prijavljivanje za letnju \u0161kolu traje do 1. jula, a obuka \u0107e biti odr\u017eana u drugoj polovini godine na lokaciji u BiH. Ta\u010dan datum i mesto \u0107e biti naknadno definisani. Osim teorijskog, obuka \u0107e imati terenski i prakti\u010dni deo.<\/p>\n<p>Organizatori ka\u017eu da je ovaj program za one koji se ponalaze u slede\u0107em:<\/p>\n<ul>\n<li>Zanima Vas ekologija divljih \u017eivotinja?<\/li>\n<li>\u017delite da saznate kako izgleda radni dan istra\u017eiva\u010da koji se bave velikim zverima?<\/li>\n<li>\u017delite da saznate vi\u0161e o ovoj temi i njenoj multidisciplinarnosti kroz ekologiju i biologiju \u017eivotinja, veterinu, \u0161umarstvo, lovstvo i za\u0161titu prirode?<\/li>\n<li>\u017delite da se pove\u017eete sa iskusnijim kolegama iz oblasti?<\/li>\n<\/ul>\n<blockquote><p>Obuka je primarno namenjena mladima (studentima) ili mladim diplomiranim stru\u010dnjacima uz napomenu da godine nisu eliminatorni faktor<\/p><\/blockquote>\n<p>Po zavr\u0161enoj obuci postoji mogu\u0107nost uklju\u010divanja najboljih kandidata u rad na projektima koji se bave temom velikih zveri, navodu CZZS.<\/p>\n<p>Obuka je primarno namenjena mladima (studentima) ili mladim diplomiranim stru\u010dnjacima uz napomenu da godine nisu eliminatorni faktor. Neophodno je obrazovanje iz prirodnih nauka i osnovno poznavanje engleskog jezika. Za prijavu je potrebno poslati CV i motivaciono pismo, a prednost imaju kandidati koji prijave dostave na engleskom jeziku.<\/p>\n<p>Prijave se \u0161alju na e-mail: anja.dragomirovic@czzs.org, a dodatne informacije se mogu dobiti na telefon +387 051 433 141.<\/p>\n","protected":false},"excerpt":{"rendered":"<p>Centar za \u017eivotnu sredinu (CZZS) iz Bosne i Hercegovine organizuje sedmodnevnu letnju \u0161kolu za mlade&#8230;<\/p>\n","protected":false},"author":25,"featured_media":0,"comment_status":"open","ping_status":"closed","sticky":false,"template":"","format":"standard","meta":{"_acf_changed":false,"_monsterinsights_skip_tracking":false,"_monsterinsights_sitenote_active":false,"_monsterinsights_sitenote_note":"","_monsterinsights_sitenote_category":0,"footnotes":""},"categories":[4],"tags":[5223,846],"class_list":["post-24197","post","type-post","status-publish","format-standard","hentry","category-zivotna-sredina","tag-centar-za-zivotnu-sredinu","tag-ekologija","country-bosna-i-hercegovina"],"acf":[],"yoast_head":"<!-- This site is optimized with the Yoast SEO plugin v27.4 - https:\/\/yoast.com\/product\/yoast-seo-wordpress\/ -->\n<title>Prijavite se za letnju \u0161kolu o velikim zverima u Bosni i Hercegovini<\/title>\n<meta name=\"description\" content=\"Centar za \u017eivotnu sredinu iz BiH organizuje letnju \u0161kolu za mlade stru\u010dnjake kako bi se na terenu upoznali sa velikim zverima (vuk, medved, ris).\" \/>\n<meta name=\"robots\" content=\"index, follow, max-snippet:-1, max-image-preview:large, max-video-preview:-1\" \/>\n<link rel=\"canonical\" href=\"https:\/\/balkangreenenergynews.com\/rs\/prijavite-se-za-letnju-skolu-o-velikim-zverima-u-bosni-i-hercegovini\/\" \/>\n<meta property=\"og:locale\" content=\"sr_RS\" \/>\n<meta property=\"og:type\" content=\"article\" \/>\n<meta property=\"og:title\" content=\"Prijavite se za letnju \u0161kolu o velikim zverima u Bosni i Hercegovini\" \/>\n<meta property=\"og:description\" content=\"Centar za \u017eivotnu sredinu iz BiH organizuje letnju \u0161kolu za mlade stru\u010dnjake kako bi se na terenu upoznali sa velikim zverima (vuk, medved, ris).\" \/>\n<meta property=\"og:url\" content=\"https:\/\/balkangreenenergynews.com\/rs\/prijavite-se-za-letnju-skolu-o-velikim-zverima-u-bosni-i-hercegovini\/\" \/>\n<meta property=\"og:site_name\" content=\"Balkan Green Energy News\" \/>\n<meta property=\"article:published_time\" content=\"2019-06-20T11:44:12+00:00\" \/>\n<meta property=\"article:modified_time\" content=\"2019-06-20T14:44:51+00:00\" \/>\n<meta property=\"og:image\" content=\"https:\/\/balkangreenenergynews.com\/rs\/wp-content\/uploads\/2016\/10\/bgen.jpg?wsr\" \/>\n\t<meta property=\"og:image:width\" content=\"851\" \/>\n\t<meta property=\"og:image:height\" content=\"315\" \/>\n\t<meta property=\"og:image:type\" content=\"image\/jpeg\" \/>\n<meta name=\"author\" content=\"Balkan Green Energy News\" \/>\n<meta name=\"twitter:card\" content=\"summary_large_image\" \/>\n<meta name=\"twitter:label1\" content=\"\u041d\u0430\u043f\u0438\u0441\u0430\u043d\u043e \u043e\u0434\" \/>\n\t<meta name=\"twitter:data1\" content=\"Balkan Green Energy News\" \/>\n\t<meta name=\"twitter:label2\" content=\"\u041f\u0440\u043e\u0446\u0435\u045a\u0435\u043d\u043e \u0432\u0440\u0435\u043c\u0435 \u0447\u0438\u0442\u0430\u045a\u0430\" \/>\n\t<meta name=\"twitter:data2\" content=\"2 \u043c\u0438\u043d\u0443\u0442\u0430\" \/>\n<script type=\"application\/ld+json\" class=\"yoast-schema-graph\">{\"@context\":\"https:\\\/\\\/schema.org\",\"@graph\":[{\"@type\":\"Article\",\"@id\":\"https:\\\/\\\/balkangreenenergynews.com\\\/rs\\\/prijavite-se-za-letnju-skolu-o-velikim-zverima-u-bosni-i-hercegovini\\\/#article\",\"isPartOf\":{\"@id\":\"https:\\\/\\\/balkangreenenergynews.com\\\/rs\\\/prijavite-se-za-letnju-skolu-o-velikim-zverima-u-bosni-i-hercegovini\\\/\"},\"author\":{\"name\":\"Balkan Green Energy News\",\"@id\":\"https:\\\/\\\/balkangreenenergynews.com\\\/rs\\\/#\\\/schema\\\/person\\\/dee275e6036b1a0f7ceaf956d79d4eff\"},\"headline\":\"Prijavite se za letnju \u0161kolu o velikim zverima u Bosni i Hercegovini\",\"datePublished\":\"2019-06-20T11:44:12+00:00\",\"dateModified\":\"2019-06-20T14:44:51+00:00\",\"mainEntityOfPage\":{\"@id\":\"https:\\\/\\\/balkangreenenergynews.com\\\/rs\\\/prijavite-se-za-letnju-skolu-o-velikim-zverima-u-bosni-i-hercegovini\\\/\"},\"wordCount\":316,\"commentCount\":0,\"keywords\":[\"Centar za \u017eivotnu sredinu\",\"ekologija\"],\"articleSection\":[\"\u017divotna sredina\"],\"inLanguage\":\"sr-RS\",\"potentialAction\":[{\"@type\":\"CommentAction\",\"name\":\"Comment\",\"target\":[\"https:\\\/\\\/balkangreenenergynews.com\\\/rs\\\/prijavite-se-za-letnju-skolu-o-velikim-zverima-u-bosni-i-hercegovini\\\/#respond\"]}]},{\"@type\":\"WebPage\",\"@id\":\"https:\\\/\\\/balkangreenenergynews.com\\\/rs\\\/prijavite-se-za-letnju-skolu-o-velikim-zverima-u-bosni-i-hercegovini\\\/\",\"url\":\"https:\\\/\\\/balkangreenenergynews.com\\\/rs\\\/prijavite-se-za-letnju-skolu-o-velikim-zverima-u-bosni-i-hercegovini\\\/\",\"name\":\"Prijavite se za letnju \u0161kolu o velikim zverima u Bosni i Hercegovini\",\"isPartOf\":{\"@id\":\"https:\\\/\\\/balkangreenenergynews.com\\\/rs\\\/#website\"},\"datePublished\":\"2019-06-20T11:44:12+00:00\",\"dateModified\":\"2019-06-20T14:44:51+00:00\",\"author\":{\"@id\":\"https:\\\/\\\/balkangreenenergynews.com\\\/rs\\\/#\\\/schema\\\/person\\\/dee275e6036b1a0f7ceaf956d79d4eff\"},\"description\":\"Centar za \u017eivotnu sredinu iz BiH organizuje letnju \u0161kolu za mlade stru\u010dnjake kako bi se na terenu upoznali sa velikim zverima (vuk, medved, ris).\",\"breadcrumb\":{\"@id\":\"https:\\\/\\\/balkangreenenergynews.com\\\/rs\\\/prijavite-se-za-letnju-skolu-o-velikim-zverima-u-bosni-i-hercegovini\\\/#breadcrumb\"},\"inLanguage\":\"sr-RS\",\"potentialAction\":[{\"@type\":\"ReadAction\",\"target\":[\"https:\\\/\\\/balkangreenenergynews.com\\\/rs\\\/prijavite-se-za-letnju-skolu-o-velikim-zverima-u-bosni-i-hercegovini\\\/\"]}]},{\"@type\":\"BreadcrumbList\",\"@id\":\"https:\\\/\\\/balkangreenenergynews.com\\\/rs\\\/prijavite-se-za-letnju-skolu-o-velikim-zverima-u-bosni-i-hercegovini\\\/#breadcrumb\",\"itemListElement\":[{\"@type\":\"ListItem\",\"position\":1,\"name\":\"Po\u010detna\",\"item\":\"https:\\\/\\\/balkangreenenergynews.com\\\/rs\\\/\"},{\"@type\":\"ListItem\",\"position\":2,\"name\":\"Vesti\",\"item\":\"https:\\\/\\\/balkangreenenergynews.com\\\/rs\\\/kategorija\\\/vesti\\\/\"},{\"@type\":\"ListItem\",\"position\":3,\"name\":\"\u017divotna sredina\",\"item\":\"https:\\\/\\\/balkangreenenergynews.com\\\/rs\\\/kategorija\\\/vesti\\\/zivotna-sredina\\\/\"},{\"@type\":\"ListItem\",\"position\":4,\"name\":\"Prijavite se za letnju \u0161kolu o velikim zverima u Bosni i Hercegovini\"}]},{\"@type\":\"WebSite\",\"@id\":\"https:\\\/\\\/balkangreenenergynews.com\\\/rs\\\/#website\",\"url\":\"https:\\\/\\\/balkangreenenergynews.com\\\/rs\\\/\",\"name\":\"Balkan Green Energy News\",\"description\":\"Naj\u0161iri izbor vesti sa Balkana o zelenoj energiji\",\"potentialAction\":[{\"@type\":\"SearchAction\",\"target\":{\"@type\":\"EntryPoint\",\"urlTemplate\":\"https:\\\/\\\/balkangreenenergynews.com\\\/rs\\\/?s={search_term_string}\"},\"query-input\":{\"@type\":\"PropertyValueSpecification\",\"valueRequired\":true,\"valueName\":\"search_term_string\"}}],\"inLanguage\":\"sr-RS\"},{\"@type\":\"Person\",\"@id\":\"https:\\\/\\\/balkangreenenergynews.com\\\/rs\\\/#\\\/schema\\\/person\\\/dee275e6036b1a0f7ceaf956d79d4eff\",\"name\":\"Balkan Green Energy News\",\"url\":\"https:\\\/\\\/balkangreenenergynews.com\\\/rs\\\/author\\\/balkangreenenergynews\\\/\"}]}<\/script>\n<!-- \/ Yoast SEO plugin. -->","yoast_head_json":{"title":"Prijavite se za letnju \u0161kolu o velikim zverima u Bosni i Hercegovini","description":"Centar za \u017eivotnu sredinu iz BiH organizuje letnju \u0161kolu za mlade stru\u010dnjake kako bi se na terenu upoznali sa velikim zverima (vuk, medved, ris).","robots":{"index":"index","follow":"follow","max-snippet":"max-snippet:-1","max-image-preview":"max-image-preview:large","max-video-preview":"max-video-preview:-1"},"canonical":"https:\/\/balkangreenenergynews.com\/rs\/prijavite-se-za-letnju-skolu-o-velikim-zverima-u-bosni-i-hercegovini\/","og_locale":"sr_RS","og_type":"article","og_title":"Prijavite se za letnju \u0161kolu o velikim zverima u Bosni i Hercegovini","og_description":"Centar za \u017eivotnu sredinu iz BiH organizuje letnju \u0161kolu za mlade stru\u010dnjake kako bi se na terenu upoznali sa velikim zverima (vuk, medved, ris).","og_url":"https:\/\/balkangreenenergynews.com\/rs\/prijavite-se-za-letnju-skolu-o-velikim-zverima-u-bosni-i-hercegovini\/","og_site_name":"Balkan Green Energy News","article_published_time":"2019-06-20T11:44:12+00:00","article_modified_time":"2019-06-20T14:44:51+00:00","og_image":[{"width":851,"height":315,"url":"https:\/\/balkangreenenergynews.com\/rs\/wp-content\/uploads\/2016\/10\/bgen.jpg?wsr","type":"image\/jpeg"}],"author":"Balkan Green Energy News","twitter_card":"summary_large_image","twitter_misc":{"\u041d\u0430\u043f\u0438\u0441\u0430\u043d\u043e \u043e\u0434":"Balkan Green Energy News","\u041f\u0440\u043e\u0446\u0435\u045a\u0435\u043d\u043e \u0432\u0440\u0435\u043c\u0435 \u0447\u0438\u0442\u0430\u045a\u0430":"2 \u043c\u0438\u043d\u0443\u0442\u0430"},"schema":{"@context":"https:\/\/schema.org","@graph":[{"@type":"Article","@id":"https:\/\/balkangreenenergynews.com\/rs\/prijavite-se-za-letnju-skolu-o-velikim-zverima-u-bosni-i-hercegovini\/#article","isPartOf":{"@id":"https:\/\/balkangreenenergynews.com\/rs\/prijavite-se-za-letnju-skolu-o-velikim-zverima-u-bosni-i-hercegovini\/"},"author":{"name":"Balkan Green Energy News","@id":"https:\/\/balkangreenenergynews.com\/rs\/#\/schema\/person\/dee275e6036b1a0f7ceaf956d79d4eff"},"headline":"Prijavite se za letnju \u0161kolu o velikim zverima u Bosni i Hercegovini","datePublished":"2019-06-20T11:44:12+00:00","dateModified":"2019-06-20T14:44:51+00:00","mainEntityOfPage":{"@id":"https:\/\/balkangreenenergynews.com\/rs\/prijavite-se-za-letnju-skolu-o-velikim-zverima-u-bosni-i-hercegovini\/"},"wordCount":316,"commentCount":0,"keywords":["Centar za \u017eivotnu sredinu","ekologija"],"articleSection":["\u017divotna sredina"],"inLanguage":"sr-RS","potentialAction":[{"@type":"CommentAction","name":"Comment","target":["https:\/\/balkangreenenergynews.com\/rs\/prijavite-se-za-letnju-skolu-o-velikim-zverima-u-bosni-i-hercegovini\/#respond"]}]},{"@type":"WebPage","@id":"https:\/\/balkangreenenergynews.com\/rs\/prijavite-se-za-letnju-skolu-o-velikim-zverima-u-bosni-i-hercegovini\/","url":"https:\/\/balkangreenenergynews.com\/rs\/prijavite-se-za-letnju-skolu-o-velikim-zverima-u-bosni-i-hercegovini\/","name":"Prijavite se za letnju \u0161kolu o velikim zverima u Bosni i Hercegovini","isPartOf":{"@id":"https:\/\/balkangreenenergynews.com\/rs\/#website"},"datePublished":"2019-06-20T11:44:12+00:00","dateModified":"2019-06-20T14:44:51+00:00","author":{"@id":"https:\/\/balkangreenenergynews.com\/rs\/#\/schema\/person\/dee275e6036b1a0f7ceaf956d79d4eff"},"description":"Centar za \u017eivotnu sredinu iz BiH organizuje letnju \u0161kolu za mlade stru\u010dnjake kako bi se na terenu upoznali sa velikim zverima (vuk, medved, ris).","breadcrumb":{"@id":"https:\/\/balkangreenenergynews.com\/rs\/prijavite-se-za-letnju-skolu-o-velikim-zverima-u-bosni-i-hercegovini\/#breadcrumb"},"inLanguage":"sr-RS","potentialAction":[{"@type":"ReadAction","target":["https:\/\/balkangreenenergynews.com\/rs\/prijavite-se-za-letnju-skolu-o-velikim-zverima-u-bosni-i-hercegovini\/"]}]},{"@type":"BreadcrumbList","@id":"https:\/\/balkangreenenergynews.com\/rs\/prijavite-se-za-letnju-skolu-o-velikim-zverima-u-bosni-i-hercegovini\/#breadcrumb","itemListElement":[{"@type":"ListItem","position":1,"name":"Po\u010detna","item":"https:\/\/balkangreenenergynews.com\/rs\/"},{"@type":"ListItem","position":2,"name":"Vesti","item":"https:\/\/balkangreenenergynews.com\/rs\/kategorija\/vesti\/"},{"@type":"ListItem","position":3,"name":"\u017divotna sredina","item":"https:\/\/balkangreenenergynews.com\/rs\/kategorija\/vesti\/zivotna-sredina\/"},{"@type":"ListItem","position":4,"name":"Prijavite se za letnju \u0161kolu o velikim zverima u Bosni i Hercegovini"}]},{"@type":"WebSite","@id":"https:\/\/balkangreenenergynews.com\/rs\/#website","url":"https:\/\/balkangreenenergynews.com\/rs\/","name":"Balkan Green Energy News","description":"Naj\u0161iri izbor vesti sa Balkana o zelenoj energiji","potentialAction":[{"@type":"SearchAction","target":{"@type":"EntryPoint","urlTemplate":"https:\/\/balkangreenenergynews.com\/rs\/?s={search_term_string}"},"query-input":{"@type":"PropertyValueSpecification","valueRequired":true,"valueName":"search_term_string"}}],"inLanguage":"sr-RS"},{"@type":"Person","@id":"https:\/\/balkangreenenergynews.com\/rs\/#\/schema\/person\/dee275e6036b1a0f7ceaf956d79d4eff","name":"Balkan Green Energy News","url":"https:\/\/balkangreenenergynews.com\/rs\/author\/balkangreenenergynews\/"}]}},"_links":{"self":[{"href":"https:\/\/balkangreenenergynews.com\/rs\/wp-json\/wp\/v2\/posts\/24197","targetHints":{"allow":["GET"]}}],"collection":[{"href":"https:\/\/balkangreenenergynews.com\/rs\/wp-json\/wp\/v2\/posts"}],"about":[{"href":"https:\/\/balkangreenenergynews.com\/rs\/wp-json\/wp\/v2\/types\/post"}],"author":[{"embeddable":true,"href":"https:\/\/balkangreenenergynews.com\/rs\/wp-json\/wp\/v2\/users\/25"}],"replies":[{"embeddable":true,"href":"https:\/\/balkangreenenergynews.com\/rs\/wp-json\/wp\/v2\/comments?post=24197"}],"version-history":[{"count":0,"href":"https:\/\/balkangreenenergynews.com\/rs\/wp-json\/wp\/v2\/posts\/24197\/revisions"}],"wp:attachment":[{"href":"https:\/\/balkangreenenergynews.com\/rs\/wp-json\/wp\/v2\/media?parent=24197"}],"wp:term":[{"taxonomy":"category","embeddable":true,"href":"https:\/\/balkangreenenergynews.com\/rs\/wp-json\/wp\/v2\/categories?post=24197"},{"taxonomy":"post_tag","embeddable":true,"href":"https:\/\/balkangreenenergynews.com\/rs\/wp-json\/wp\/v2\/tags?post=24197"}],"curies":[{"name":"wp","href":"https:\/\/api.w.org\/{rel}","templated":true}]}}