{"id":23983,"date":"2019-06-07T15:26:01","date_gmt":"2019-06-07T13:26:01","guid":{"rendered":"https:\/\/balkangreenenergynews.com\/rs\/?p=23983"},"modified":"2020-10-30T10:50:27","modified_gmt":"2020-10-30T09:50:27","slug":"10-godina-zelene-poslanicke-grupe-medupartijska-i-regionalna-saradnja-na-zastiti-zivotne-sredine","status":"publish","type":"post","link":"https:\/\/balkangreenenergynews.com\/rs\/10-godina-zelene-poslanicke-grupe-medupartijska-i-regionalna-saradnja-na-zastiti-zivotne-sredine\/","title":{"rendered":"10 godina Zelene poslani\u010dke grupe: Me\u0111upartijska i regionalna saradnja na za\u0161titi \u017eivotne sredine"},"content":{"rendered":"<h2>Deseta godi\u0161njica osnivanja neformalne Zelene poslani\u010dke grupe obele\u017eena je na konferenciji odr\u017eanoj u Skup\u0161tini Srbije 5. juna, na Svetski dan za\u0161tite \u017eivotne sredine. Konferencija je odr\u017eana sa ciljem da promovi\u0161e rad i va\u017enost Zelene poslani\u010dke grupe, kao i da podstakne saradnju poslanika iz regiona i da doprinese tome da se teme za\u0161tite \u017eivotne sredine na\u0111u na politi\u010dkoj agendi.<\/h2>\n<p>GIZ Otvoreni regionalni fond za Jugoisto\u010dnu Evropu \u2013 Energetska efikasnost (ORF-EE), koji podr\u017eava rad Zelene poslani\u010dke grupe u Srbiji i ohrabrio je i doprineo osnivanju sli\u010dnih parlamentarnih grupa u nekoliko zemalja regiona, pru\u017eio je podr\u0161ku i odr\u017eavanju konferencije.<\/p>\n<hr \/>\n<p><em>Aleksandar Damjanovi\u0107, poslanik iz Crne Gore<img loading=\"lazy\" decoding=\"async\" class=\"alignright wp-image-23985\" src=\"https:\/\/balkangreenenergynews.com\/rs\/wp-content\/uploads\/2019\/06\/aleksandar-damjanovic-CG-263x263.jpg\" alt=\"\" width=\"242\" height=\"242\" \/><\/em><\/p>\n<p><span style=\"color: #333333;\"><strong>\u017divotna sredina je tema koja bi trebalo da spaja kako nas unutar pojedina\u010dnih parlamenata, tako i poslanike razli\u010ditih parlamenata. \u010cinjenica da smo svi na evropskom putu, a da su veoma ozbiljni zahtevi EU u oblasti ekologije, pokazuje da je regionalna saradnja mo\u017eda na\u010din da se odgovori na neke izazove. Od GIZ-a i \u0160kole demokratskog rukovo\u0111enja u Crnoj Gori smo pro\u0161le pro\u0161le godine dobili zamajac da formiramo Zelenu poslani\u010dku grupu i bilo bi \u0161teta ne iskoristiti tu podr\u0161ku. To bi bio impuls i regionalnoj saradnji sa drugim zelenim poslani\u010dkim grupama u regionu.<\/strong><\/span><\/p>\n<hr \/>\n<p>Zelena poslani\u010dka grupa je neformalna vi\u0161estrana\u010dka parlamentarna grupa koja slu\u017ei kao platforma za postizanje \u0161irokog konsenzusa o zelenim politikama. Aktuelni sastav neformalne Zelene poslani\u010dke grupe \u010dini 26 poslanica i poslanika, dok njen Sekretarijat \u010dine dve nevladine organizacije \u2013 Centar modernih ve\u0161tina i Beogradski fond za politi\u010dku izuzetnost (BFPE) \u2013 koje su i inicirale osnivanje prve neformalne grupe poslanika u srpskom parlamentu 2009. godine.<\/p>\n<hr \/>\n<p><em>Jasna Sekulovi\u0107, GIZ ORF-EE Project Manager<img loading=\"lazy\" decoding=\"async\" class=\"alignright wp-image-23988\" src=\"https:\/\/balkangreenenergynews.com\/rs\/wp-content\/uploads\/2019\/06\/Jasna-Sekulovic-webf.jpg\" alt=\"\" width=\"245\" height=\"245\" \/><\/em><\/p>\n<p><span style=\"color: #333333;\"><strong>\u010cestitam Zelenoj parlamentarnoj grupi na 10 godina postojanja, kao i na\u0161em projektnom partneru BFPE. Kroz saradnju sa BFPE, GIZ ORF-EE se informisao o radu Zelene poslani\u010dke grupe i promovisao ga \u0161irom svoje regionalne mre\u017ee kao odli\u010dan primer poslani\u010dkog rada na zastupanju zelenih tema. Ova \u010dinjenica je, direktno ili indirektno, inspirisala nekoliko parlamenata u regionu da osnuju svoje Zelene poslani\u010dke grupe. U na\u0161em daljem radu \u0107emo nastaviti da podr\u017eavamo kako formalna, tako neformalna parlamentarna tela u Jugoisto\u010dnoj Evropi u bavljenju temama kao \u0161to su odr\u017eiva upotreba energije, energetska efikasnost i za\u0161tita klime, u \u010dvr\u0161\u0107em pozicioniranju ovih tema na politi\u010dkoj agendi i u njihovim regionalnim razmenama, kao \u0161to je bio slu\u010daj danas. \u00a0<\/strong><\/span><\/p>\n<hr \/>\n<p>Otvaraju\u0107i doga\u0111aj, Sonja Liht, predsednica BFPE, zahvalila se svima kojima je stalo do tema \u017eivotne sredine sa kojima se suo\u010dava cela planeta i primetila da su klimatske promene pokucale i na vrata regiona, u prilog \u010demu govore nevreme i poplave u proteklim danima.<\/p>\n<h3><span style=\"\">\u017divotna sredina ne poznaje granice<\/span><\/h3>\n<p>\u201e\u017divotna sredina ne poznaje granice\u201c, rekla je Nada Lazi\u0107, poslanica iz Srbije i predstavnica Zelene poslani\u010dke grupe. Prema njenim re\u010dima, ova neformalna grupa je odli\u010dna platforma za okupljanje oko teme za\u0161tite \u017eivotne sredine, \u0161to je jedan od stubova odr\u017eivog razvoja, uz privredu i dru\u0161tvo.<\/p>\n<hr \/>\n<p><em>Hari Lokvenec, poslanik iz Severne Makedonije<img loading=\"lazy\" decoding=\"async\" class=\"alignright wp-image-23989\" src=\"https:\/\/balkangreenenergynews.com\/rs\/wp-content\/uploads\/2019\/06\/hari-lokvenec-298x300-298x300.jpg\" alt=\"\" width=\"238\" height=\"240\" \/><\/em><\/p>\n<p><span style=\"color: #333333;\"><strong>\u010cestitam kolegama na 10. godi\u0161njici. Pitanje \u017eivotne sredine nije pitanje samo za jednu dr\u017eavu, ve\u0107 za ceo region. Setimo se nuklearne katastrofe u \u010cernobilju pre par desetina godina i kakav je uticaj imala na sve nas, iako na\u0161 region nije ba\u0161 blizu Ukrajine. Pitanje kojim se bavi Zelena grupa u srpskom parlamentu je jedno od retkih pitanja u celom regionu koje objedinjuje ljude, i po politi\u010dkim, i po verskim, i po nacionalnim <span style=\"color: #333333;\">osnovama.<\/span> Zbog toga mislim da treba da razvijamo politiku za\u0161tite \u017eivotne sredine i u na\u0161im parlamentima i na nivou regionalne saradnje.<\/strong><\/span><\/p>\n<hr \/>\n<p>Andrea Oricio, \u0161ef Misije OEBS-a u Srbiji, slo\u017eio se sa ovom konstatacijom, primetiv\u0161i da \u201enacionalne granice nemaju nikakvo zna\u010denje\u201c kada je u pitanju \u017eivotna sredina. Oricio je rekao da mu je drago \u0161to u publici vidi neke od klju\u010dnih politi\u010dkih aktera u Srbiji, kao i predstavnike parlamenata iz regiona.<\/p>\n<p>Parlamentarci iz regiona koji su prisustvovali konferenciji \u2013 Aleksandar Damjanovi\u0107 iz Crne Gore, Hari Lokvenec iz Severne Makedonije i Sa\u0161a Magazinovi\u0107 iz Bosne i Hercegovine \u2013 slo\u017eili su se da se ceo region suo\u010dava sa zajedni\u010dkim problemima na polju za\u0161tite \u017eivotne sredine i da treba zajedni\u010dki da ih re\u0161ava, kako kroz neformalne poslani\u010dke grupe, tako kroz formalnu institucionalnu saradnju.<\/p>\n<h3><span style=\"\">Zeleni lobi poma\u017ee u podizanju svesti o \u017eivotnoj sredini<\/span><\/h3>\n<p>Gordana \u010comi\u0107, poslanica iz Srbije i \u010dlanica Zelene poslani\u010dke grupe, podsetila je da je rad neformalnih grupa kroz istoriju doveo do zna\u010dajnih tekovina kao \u0161to su pravo glasa za \u017eene i odr\u017eivi razvoj.<\/p>\n<p>Aleksandra Tomi\u0107 podsetila je da je Parlamentarni forum za energetsku politiku Srbije kojim predsedava i \u010diji rad podr\u017eava GIZ ORF-EE, jedna od neformalnih grupa u parlamentu koje slu\u017ee za me\u0111ustrana\u010dku saranju i kao platforma za sticanje saznanja o pravcu energetske tranzicije u Evropskoj uniji (EU).<\/p>\n<hr \/>\n<p><em>Sa\u0161a Magazinovi\u0107, poslanik iz Bosne i Hercegovine<img loading=\"lazy\" decoding=\"async\" class=\"alignright wp-image-23990\" src=\"https:\/\/balkangreenenergynews.com\/rs\/wp-content\/uploads\/2019\/06\/sasa-magazinovic-296x300.jpg\" alt=\"\" width=\"220\" height=\"223\" \/><\/em><\/p>\n<p><span style=\"color: #333333;\"><strong>Mi pre\u010desto govorimo o dobrosusedskim odnosima u regionu, a oni ba\u0161 i nisu takvi. Vreme je da se sa re\u010di pre\u0111e na dela i po\u010dnu da se re\u0161avaju otvorena pitanja. Oblast za\u0161tite \u017eivotne sredine je zgodan primer da poka\u017eemo da u regionu mo\u017eemo da govorimo jednim glasom. Mislim da je Zeleni klub u Bosni i Hercegovini jedan od dobrih primera prakse, jer u zemlji imamo brojne razlike, kako politi\u010dke, tako regionalne, pa \u010desto i etni\u010dke, a Zeleni klub je primer kako svi ti ljudi sa razli\u010ditim <em>background<\/em>-om mogu raditi zajedno.<\/strong><\/span><\/p>\n<hr \/>\n<p>U\u010desnici su se slo\u017eili i da uspeh koji su Zeleni postigli na nedavno odr\u017eanim izborima za Evropski parlament (EP) potvr\u0111uje da \u0107e \u017eivotna sredina biti ta koja \u0107e odrediti budu\u0107nost gra\u0111ana Evrope, a ne neke velike politi\u010dke teme. U skladu s tim bila je i poruka koju je preneo Ingve Engstrom, \u0161ef sektora za saradnju u Delegaciji EU u Srbiji \u2013 da je EU postala svetski lider po pitanju standarda za\u0161tite \u017eivotne sredine zahvaljuju\u0107i pritisku zelenog lobija.<\/p>\n","protected":false},"excerpt":{"rendered":"<p>Deseta godi\u0161njica osnivanja neformalne Zelene poslani\u010dke grupe obele\u017eena je na konferenciji odr\u017eanoj u Skup\u0161tini Srbije&#8230;<\/p>\n","protected":false},"author":25,"featured_media":32309,"comment_status":"open","ping_status":"closed","sticky":false,"template":"","format":"standard","meta":{"_acf_changed":false,"_monsterinsights_skip_tracking":false,"_monsterinsights_sitenote_active":false,"_monsterinsights_sitenote_note":"","_monsterinsights_sitenote_category":0,"footnotes":""},"categories":[4],"tags":[226,5080,276,766],"class_list":["post-23983","post","type-post","status-publish","format-standard","has-post-thumbnail","hentry","category-zivotna-sredina","tag-giz-orf-ee","tag-giz-otvoreni-regionalni-fond-za-jugoistocnu-evropu-energetska-efikasnost","tag-jasna-sekulovic","tag-klimatske-promene","country-srbija"],"acf":[],"yoast_head":"<!-- This site is optimized with the Yoast SEO plugin v27.4 - https:\/\/yoast.com\/product\/yoast-seo-wordpress\/ -->\n<title>10 godina Zelene poslani\u010dke grupe: Me\u0111upartijska i regionalna saradnja na za\u0161titi \u017eivotne sredine<\/title>\n<meta name=\"description\" content=\"Deseta godi\u0161njica osnivanja neformalne Zelene poslani\u010dke grupe obele\u017eena je na konferenciji odr\u017eanoj u Skup\u0161tini Srbije 5. juna, na Svetski dan za\u0161tite \u017eivotne sredine.\" \/>\n<meta name=\"robots\" content=\"index, follow, max-snippet:-1, max-image-preview:large, max-video-preview:-1\" \/>\n<link rel=\"canonical\" href=\"https:\/\/balkangreenenergynews.com\/rs\/10-godina-zelene-poslanicke-grupe-medupartijska-i-regionalna-saradnja-na-zastiti-zivotne-sredine\/\" \/>\n<meta property=\"og:locale\" content=\"sr_RS\" \/>\n<meta property=\"og:type\" content=\"article\" \/>\n<meta property=\"og:title\" content=\"10 godina Zelene poslani\u010dke grupe: Me\u0111upartijska i regionalna saradnja na za\u0161titi \u017eivotne sredine\" \/>\n<meta property=\"og:description\" content=\"Deseta godi\u0161njica osnivanja neformalne Zelene poslani\u010dke grupe obele\u017eena je na konferenciji odr\u017eanoj u Skup\u0161tini Srbije 5. juna, na Svetski dan za\u0161tite \u017eivotne sredine.\" \/>\n<meta property=\"og:url\" content=\"https:\/\/balkangreenenergynews.com\/rs\/10-godina-zelene-poslanicke-grupe-medupartijska-i-regionalna-saradnja-na-zastiti-zivotne-sredine\/\" \/>\n<meta property=\"og:site_name\" content=\"Balkan Green Energy News\" \/>\n<meta property=\"article:published_time\" content=\"2019-06-07T13:26:01+00:00\" \/>\n<meta property=\"article:modified_time\" content=\"2020-10-30T09:50:27+00:00\" \/>\n<meta property=\"og:image\" content=\"https:\/\/balkangreenenergynews.com\/rs\/wp-content\/uploads\/2019\/06\/10-godina-Zelena-poslanicka-grupa-zastita-zivotne-sredine.jpg\" \/>\n\t<meta property=\"og:image:width\" content=\"795\" \/>\n\t<meta property=\"og:image:height\" content=\"407\" \/>\n\t<meta property=\"og:image:type\" content=\"image\/jpeg\" \/>\n<meta name=\"author\" content=\"Balkan Green Energy News\" \/>\n<meta name=\"twitter:card\" content=\"summary_large_image\" \/>\n<meta name=\"twitter:label1\" content=\"\u041d\u0430\u043f\u0438\u0441\u0430\u043d\u043e \u043e\u0434\" \/>\n\t<meta name=\"twitter:data1\" content=\"Balkan Green Energy News\" \/>\n\t<meta name=\"twitter:label2\" content=\"\u041f\u0440\u043e\u0446\u0435\u045a\u0435\u043d\u043e \u0432\u0440\u0435\u043c\u0435 \u0447\u0438\u0442\u0430\u045a\u0430\" \/>\n\t<meta name=\"twitter:data2\" content=\"5 \u043c\u0438\u043d\u0443\u0442\u0430\" \/>\n<script type=\"application\/ld+json\" class=\"yoast-schema-graph\">{\"@context\":\"https:\\\/\\\/schema.org\",\"@graph\":[{\"@type\":\"Article\",\"@id\":\"https:\\\/\\\/balkangreenenergynews.com\\\/rs\\\/10-godina-zelene-poslanicke-grupe-medupartijska-i-regionalna-saradnja-na-zastiti-zivotne-sredine\\\/#article\",\"isPartOf\":{\"@id\":\"https:\\\/\\\/balkangreenenergynews.com\\\/rs\\\/10-godina-zelene-poslanicke-grupe-medupartijska-i-regionalna-saradnja-na-zastiti-zivotne-sredine\\\/\"},\"author\":{\"name\":\"Balkan Green Energy News\",\"@id\":\"https:\\\/\\\/balkangreenenergynews.com\\\/rs\\\/#\\\/schema\\\/person\\\/dee275e6036b1a0f7ceaf956d79d4eff\"},\"headline\":\"10 godina Zelene poslani\u010dke grupe: Me\u0111upartijska i regionalna saradnja na za\u0161titi \u017eivotne sredine\",\"datePublished\":\"2019-06-07T13:26:01+00:00\",\"dateModified\":\"2020-10-30T09:50:27+00:00\",\"mainEntityOfPage\":{\"@id\":\"https:\\\/\\\/balkangreenenergynews.com\\\/rs\\\/10-godina-zelene-poslanicke-grupe-medupartijska-i-regionalna-saradnja-na-zastiti-zivotne-sredine\\\/\"},\"wordCount\":1043,\"commentCount\":0,\"image\":{\"@id\":\"https:\\\/\\\/balkangreenenergynews.com\\\/rs\\\/10-godina-zelene-poslanicke-grupe-medupartijska-i-regionalna-saradnja-na-zastiti-zivotne-sredine\\\/#primaryimage\"},\"thumbnailUrl\":\"https:\\\/\\\/balkangreenenergynews.com\\\/rs\\\/wp-content\\\/uploads\\\/2019\\\/06\\\/10-godina-Zelena-poslanicka-grupa-zastita-zivotne-sredine.jpg?wsr\",\"keywords\":[\"GIZ ORF-EE\",\"GIZ Otvoreni regionalni fond za Jugoisto\u010dnu Evropu - Energetska efikasnost\",\"Jasna Sekulovi\u0107\",\"klimatske promene\"],\"articleSection\":[\"\u017divotna sredina\"],\"inLanguage\":\"sr-RS\",\"potentialAction\":[{\"@type\":\"CommentAction\",\"name\":\"Comment\",\"target\":[\"https:\\\/\\\/balkangreenenergynews.com\\\/rs\\\/10-godina-zelene-poslanicke-grupe-medupartijska-i-regionalna-saradnja-na-zastiti-zivotne-sredine\\\/#respond\"]}]},{\"@type\":\"WebPage\",\"@id\":\"https:\\\/\\\/balkangreenenergynews.com\\\/rs\\\/10-godina-zelene-poslanicke-grupe-medupartijska-i-regionalna-saradnja-na-zastiti-zivotne-sredine\\\/\",\"url\":\"https:\\\/\\\/balkangreenenergynews.com\\\/rs\\\/10-godina-zelene-poslanicke-grupe-medupartijska-i-regionalna-saradnja-na-zastiti-zivotne-sredine\\\/\",\"name\":\"10 godina Zelene poslani\u010dke grupe: Me\u0111upartijska i regionalna saradnja na za\u0161titi \u017eivotne sredine\",\"isPartOf\":{\"@id\":\"https:\\\/\\\/balkangreenenergynews.com\\\/rs\\\/#website\"},\"primaryImageOfPage\":{\"@id\":\"https:\\\/\\\/balkangreenenergynews.com\\\/rs\\\/10-godina-zelene-poslanicke-grupe-medupartijska-i-regionalna-saradnja-na-zastiti-zivotne-sredine\\\/#primaryimage\"},\"image\":{\"@id\":\"https:\\\/\\\/balkangreenenergynews.com\\\/rs\\\/10-godina-zelene-poslanicke-grupe-medupartijska-i-regionalna-saradnja-na-zastiti-zivotne-sredine\\\/#primaryimage\"},\"thumbnailUrl\":\"https:\\\/\\\/balkangreenenergynews.com\\\/rs\\\/wp-content\\\/uploads\\\/2019\\\/06\\\/10-godina-Zelena-poslanicka-grupa-zastita-zivotne-sredine.jpg?wsr\",\"datePublished\":\"2019-06-07T13:26:01+00:00\",\"dateModified\":\"2020-10-30T09:50:27+00:00\",\"author\":{\"@id\":\"https:\\\/\\\/balkangreenenergynews.com\\\/rs\\\/#\\\/schema\\\/person\\\/dee275e6036b1a0f7ceaf956d79d4eff\"},\"description\":\"Deseta godi\u0161njica osnivanja neformalne Zelene poslani\u010dke grupe obele\u017eena je na konferenciji odr\u017eanoj u Skup\u0161tini Srbije 5. juna, na Svetski dan za\u0161tite \u017eivotne sredine.\",\"breadcrumb\":{\"@id\":\"https:\\\/\\\/balkangreenenergynews.com\\\/rs\\\/10-godina-zelene-poslanicke-grupe-medupartijska-i-regionalna-saradnja-na-zastiti-zivotne-sredine\\\/#breadcrumb\"},\"inLanguage\":\"sr-RS\",\"potentialAction\":[{\"@type\":\"ReadAction\",\"target\":[\"https:\\\/\\\/balkangreenenergynews.com\\\/rs\\\/10-godina-zelene-poslanicke-grupe-medupartijska-i-regionalna-saradnja-na-zastiti-zivotne-sredine\\\/\"]}]},{\"@type\":\"ImageObject\",\"inLanguage\":\"sr-RS\",\"@id\":\"https:\\\/\\\/balkangreenenergynews.com\\\/rs\\\/10-godina-zelene-poslanicke-grupe-medupartijska-i-regionalna-saradnja-na-zastiti-zivotne-sredine\\\/#primaryimage\",\"url\":\"https:\\\/\\\/balkangreenenergynews.com\\\/rs\\\/wp-content\\\/uploads\\\/2019\\\/06\\\/10-godina-Zelena-poslanicka-grupa-zastita-zivotne-sredine.jpg?wsr\",\"contentUrl\":\"https:\\\/\\\/balkangreenenergynews.com\\\/rs\\\/wp-content\\\/uploads\\\/2019\\\/06\\\/10-godina-Zelena-poslanicka-grupa-zastita-zivotne-sredine.jpg?wsr\",\"width\":795,\"height\":407,\"caption\":\"10-godina-Zelena-poslanicka-grupa-zastita-zivotne-sredine\"},{\"@type\":\"BreadcrumbList\",\"@id\":\"https:\\\/\\\/balkangreenenergynews.com\\\/rs\\\/10-godina-zelene-poslanicke-grupe-medupartijska-i-regionalna-saradnja-na-zastiti-zivotne-sredine\\\/#breadcrumb\",\"itemListElement\":[{\"@type\":\"ListItem\",\"position\":1,\"name\":\"Po\u010detna\",\"item\":\"https:\\\/\\\/balkangreenenergynews.com\\\/rs\\\/\"},{\"@type\":\"ListItem\",\"position\":2,\"name\":\"GIZ ORF-EE\",\"item\":\"https:\\\/\\\/balkangreenenergynews.com\\\/rs\\\/kategorija\\\/giz-orf-ee\\\/\"},{\"@type\":\"ListItem\",\"position\":3,\"name\":\"10 godina Zelene poslani\u010dke grupe: Me\u0111upartijska i regionalna saradnja na za\u0161titi \u017eivotne sredine\"}]},{\"@type\":\"WebSite\",\"@id\":\"https:\\\/\\\/balkangreenenergynews.com\\\/rs\\\/#website\",\"url\":\"https:\\\/\\\/balkangreenenergynews.com\\\/rs\\\/\",\"name\":\"Balkan Green Energy News\",\"description\":\"Naj\u0161iri izbor vesti sa Balkana o zelenoj energiji\",\"potentialAction\":[{\"@type\":\"SearchAction\",\"target\":{\"@type\":\"EntryPoint\",\"urlTemplate\":\"https:\\\/\\\/balkangreenenergynews.com\\\/rs\\\/?s={search_term_string}\"},\"query-input\":{\"@type\":\"PropertyValueSpecification\",\"valueRequired\":true,\"valueName\":\"search_term_string\"}}],\"inLanguage\":\"sr-RS\"},{\"@type\":\"Person\",\"@id\":\"https:\\\/\\\/balkangreenenergynews.com\\\/rs\\\/#\\\/schema\\\/person\\\/dee275e6036b1a0f7ceaf956d79d4eff\",\"name\":\"Balkan Green Energy News\",\"url\":\"https:\\\/\\\/balkangreenenergynews.com\\\/rs\\\/author\\\/balkangreenenergynews\\\/\"}]}<\/script>\n<!-- \/ Yoast SEO plugin. -->","yoast_head_json":{"title":"10 godina Zelene poslani\u010dke grupe: Me\u0111upartijska i regionalna saradnja na za\u0161titi \u017eivotne sredine","description":"Deseta godi\u0161njica osnivanja neformalne Zelene poslani\u010dke grupe obele\u017eena je na konferenciji odr\u017eanoj u Skup\u0161tini Srbije 5. juna, na Svetski dan za\u0161tite \u017eivotne sredine.","robots":{"index":"index","follow":"follow","max-snippet":"max-snippet:-1","max-image-preview":"max-image-preview:large","max-video-preview":"max-video-preview:-1"},"canonical":"https:\/\/balkangreenenergynews.com\/rs\/10-godina-zelene-poslanicke-grupe-medupartijska-i-regionalna-saradnja-na-zastiti-zivotne-sredine\/","og_locale":"sr_RS","og_type":"article","og_title":"10 godina Zelene poslani\u010dke grupe: Me\u0111upartijska i regionalna saradnja na za\u0161titi \u017eivotne sredine","og_description":"Deseta godi\u0161njica osnivanja neformalne Zelene poslani\u010dke grupe obele\u017eena je na konferenciji odr\u017eanoj u Skup\u0161tini Srbije 5. juna, na Svetski dan za\u0161tite \u017eivotne sredine.","og_url":"https:\/\/balkangreenenergynews.com\/rs\/10-godina-zelene-poslanicke-grupe-medupartijska-i-regionalna-saradnja-na-zastiti-zivotne-sredine\/","og_site_name":"Balkan Green Energy News","article_published_time":"2019-06-07T13:26:01+00:00","article_modified_time":"2020-10-30T09:50:27+00:00","og_image":[{"width":795,"height":407,"url":"https:\/\/balkangreenenergynews.com\/rs\/wp-content\/uploads\/2019\/06\/10-godina-Zelena-poslanicka-grupa-zastita-zivotne-sredine.jpg","type":"image\/jpeg"}],"author":"Balkan Green Energy News","twitter_card":"summary_large_image","twitter_misc":{"\u041d\u0430\u043f\u0438\u0441\u0430\u043d\u043e \u043e\u0434":"Balkan Green Energy News","\u041f\u0440\u043e\u0446\u0435\u045a\u0435\u043d\u043e \u0432\u0440\u0435\u043c\u0435 \u0447\u0438\u0442\u0430\u045a\u0430":"5 \u043c\u0438\u043d\u0443\u0442\u0430"},"schema":{"@context":"https:\/\/schema.org","@graph":[{"@type":"Article","@id":"https:\/\/balkangreenenergynews.com\/rs\/10-godina-zelene-poslanicke-grupe-medupartijska-i-regionalna-saradnja-na-zastiti-zivotne-sredine\/#article","isPartOf":{"@id":"https:\/\/balkangreenenergynews.com\/rs\/10-godina-zelene-poslanicke-grupe-medupartijska-i-regionalna-saradnja-na-zastiti-zivotne-sredine\/"},"author":{"name":"Balkan Green Energy News","@id":"https:\/\/balkangreenenergynews.com\/rs\/#\/schema\/person\/dee275e6036b1a0f7ceaf956d79d4eff"},"headline":"10 godina Zelene poslani\u010dke grupe: Me\u0111upartijska i regionalna saradnja na za\u0161titi \u017eivotne sredine","datePublished":"2019-06-07T13:26:01+00:00","dateModified":"2020-10-30T09:50:27+00:00","mainEntityOfPage":{"@id":"https:\/\/balkangreenenergynews.com\/rs\/10-godina-zelene-poslanicke-grupe-medupartijska-i-regionalna-saradnja-na-zastiti-zivotne-sredine\/"},"wordCount":1043,"commentCount":0,"image":{"@id":"https:\/\/balkangreenenergynews.com\/rs\/10-godina-zelene-poslanicke-grupe-medupartijska-i-regionalna-saradnja-na-zastiti-zivotne-sredine\/#primaryimage"},"thumbnailUrl":"https:\/\/balkangreenenergynews.com\/rs\/wp-content\/uploads\/2019\/06\/10-godina-Zelena-poslanicka-grupa-zastita-zivotne-sredine.jpg?wsr","keywords":["GIZ ORF-EE","GIZ Otvoreni regionalni fond za Jugoisto\u010dnu Evropu - Energetska efikasnost","Jasna Sekulovi\u0107","klimatske promene"],"articleSection":["\u017divotna sredina"],"inLanguage":"sr-RS","potentialAction":[{"@type":"CommentAction","name":"Comment","target":["https:\/\/balkangreenenergynews.com\/rs\/10-godina-zelene-poslanicke-grupe-medupartijska-i-regionalna-saradnja-na-zastiti-zivotne-sredine\/#respond"]}]},{"@type":"WebPage","@id":"https:\/\/balkangreenenergynews.com\/rs\/10-godina-zelene-poslanicke-grupe-medupartijska-i-regionalna-saradnja-na-zastiti-zivotne-sredine\/","url":"https:\/\/balkangreenenergynews.com\/rs\/10-godina-zelene-poslanicke-grupe-medupartijska-i-regionalna-saradnja-na-zastiti-zivotne-sredine\/","name":"10 godina Zelene poslani\u010dke grupe: Me\u0111upartijska i regionalna saradnja na za\u0161titi \u017eivotne sredine","isPartOf":{"@id":"https:\/\/balkangreenenergynews.com\/rs\/#website"},"primaryImageOfPage":{"@id":"https:\/\/balkangreenenergynews.com\/rs\/10-godina-zelene-poslanicke-grupe-medupartijska-i-regionalna-saradnja-na-zastiti-zivotne-sredine\/#primaryimage"},"image":{"@id":"https:\/\/balkangreenenergynews.com\/rs\/10-godina-zelene-poslanicke-grupe-medupartijska-i-regionalna-saradnja-na-zastiti-zivotne-sredine\/#primaryimage"},"thumbnailUrl":"https:\/\/balkangreenenergynews.com\/rs\/wp-content\/uploads\/2019\/06\/10-godina-Zelena-poslanicka-grupa-zastita-zivotne-sredine.jpg?wsr","datePublished":"2019-06-07T13:26:01+00:00","dateModified":"2020-10-30T09:50:27+00:00","author":{"@id":"https:\/\/balkangreenenergynews.com\/rs\/#\/schema\/person\/dee275e6036b1a0f7ceaf956d79d4eff"},"description":"Deseta godi\u0161njica osnivanja neformalne Zelene poslani\u010dke grupe obele\u017eena je na konferenciji odr\u017eanoj u Skup\u0161tini Srbije 5. juna, na Svetski dan za\u0161tite \u017eivotne sredine.","breadcrumb":{"@id":"https:\/\/balkangreenenergynews.com\/rs\/10-godina-zelene-poslanicke-grupe-medupartijska-i-regionalna-saradnja-na-zastiti-zivotne-sredine\/#breadcrumb"},"inLanguage":"sr-RS","potentialAction":[{"@type":"ReadAction","target":["https:\/\/balkangreenenergynews.com\/rs\/10-godina-zelene-poslanicke-grupe-medupartijska-i-regionalna-saradnja-na-zastiti-zivotne-sredine\/"]}]},{"@type":"ImageObject","inLanguage":"sr-RS","@id":"https:\/\/balkangreenenergynews.com\/rs\/10-godina-zelene-poslanicke-grupe-medupartijska-i-regionalna-saradnja-na-zastiti-zivotne-sredine\/#primaryimage","url":"https:\/\/balkangreenenergynews.com\/rs\/wp-content\/uploads\/2019\/06\/10-godina-Zelena-poslanicka-grupa-zastita-zivotne-sredine.jpg?wsr","contentUrl":"https:\/\/balkangreenenergynews.com\/rs\/wp-content\/uploads\/2019\/06\/10-godina-Zelena-poslanicka-grupa-zastita-zivotne-sredine.jpg?wsr","width":795,"height":407,"caption":"10-godina-Zelena-poslanicka-grupa-zastita-zivotne-sredine"},{"@type":"BreadcrumbList","@id":"https:\/\/balkangreenenergynews.com\/rs\/10-godina-zelene-poslanicke-grupe-medupartijska-i-regionalna-saradnja-na-zastiti-zivotne-sredine\/#breadcrumb","itemListElement":[{"@type":"ListItem","position":1,"name":"Po\u010detna","item":"https:\/\/balkangreenenergynews.com\/rs\/"},{"@type":"ListItem","position":2,"name":"GIZ ORF-EE","item":"https:\/\/balkangreenenergynews.com\/rs\/kategorija\/giz-orf-ee\/"},{"@type":"ListItem","position":3,"name":"10 godina Zelene poslani\u010dke grupe: Me\u0111upartijska i regionalna saradnja na za\u0161titi \u017eivotne sredine"}]},{"@type":"WebSite","@id":"https:\/\/balkangreenenergynews.com\/rs\/#website","url":"https:\/\/balkangreenenergynews.com\/rs\/","name":"Balkan Green Energy News","description":"Naj\u0161iri izbor vesti sa Balkana o zelenoj energiji","potentialAction":[{"@type":"SearchAction","target":{"@type":"EntryPoint","urlTemplate":"https:\/\/balkangreenenergynews.com\/rs\/?s={search_term_string}"},"query-input":{"@type":"PropertyValueSpecification","valueRequired":true,"valueName":"search_term_string"}}],"inLanguage":"sr-RS"},{"@type":"Person","@id":"https:\/\/balkangreenenergynews.com\/rs\/#\/schema\/person\/dee275e6036b1a0f7ceaf956d79d4eff","name":"Balkan Green Energy News","url":"https:\/\/balkangreenenergynews.com\/rs\/author\/balkangreenenergynews\/"}]}},"_links":{"self":[{"href":"https:\/\/balkangreenenergynews.com\/rs\/wp-json\/wp\/v2\/posts\/23983","targetHints":{"allow":["GET"]}}],"collection":[{"href":"https:\/\/balkangreenenergynews.com\/rs\/wp-json\/wp\/v2\/posts"}],"about":[{"href":"https:\/\/balkangreenenergynews.com\/rs\/wp-json\/wp\/v2\/types\/post"}],"author":[{"embeddable":true,"href":"https:\/\/balkangreenenergynews.com\/rs\/wp-json\/wp\/v2\/users\/25"}],"replies":[{"embeddable":true,"href":"https:\/\/balkangreenenergynews.com\/rs\/wp-json\/wp\/v2\/comments?post=23983"}],"version-history":[{"count":0,"href":"https:\/\/balkangreenenergynews.com\/rs\/wp-json\/wp\/v2\/posts\/23983\/revisions"}],"wp:featuredmedia":[{"embeddable":true,"href":"https:\/\/balkangreenenergynews.com\/rs\/wp-json\/wp\/v2\/media\/32309"}],"wp:attachment":[{"href":"https:\/\/balkangreenenergynews.com\/rs\/wp-json\/wp\/v2\/media?parent=23983"}],"wp:term":[{"taxonomy":"category","embeddable":true,"href":"https:\/\/balkangreenenergynews.com\/rs\/wp-json\/wp\/v2\/categories?post=23983"},{"taxonomy":"post_tag","embeddable":true,"href":"https:\/\/balkangreenenergynews.com\/rs\/wp-json\/wp\/v2\/tags?post=23983"}],"curies":[{"name":"wp","href":"https:\/\/api.w.org\/{rel}","templated":true}]}}