{"id":23901,"date":"2019-06-03T17:20:34","date_gmt":"2019-06-03T15:20:34","guid":{"rendered":"https:\/\/balkangreenenergynews.com\/rs\/?p=23901"},"modified":"2019-06-03T17:20:34","modified_gmt":"2019-06-03T15:20:34","slug":"resalta-pokrece-drugi-projekat-sa-atlantic-grupom-za-procesno-hladenje-u-foodlandu","status":"publish","type":"post","link":"https:\/\/balkangreenenergynews.com\/rs\/resalta-pokrece-drugi-projekat-sa-atlantic-grupom-za-procesno-hladenje-u-foodlandu\/","title":{"rendered":"Resalta pokrec\u0301e drugi projekat sa Atlantic Grupom za procesno hla\u0111enje u Foodlandu"},"content":{"rendered":"<h2>Resalta je zapo\u010dela drugi projekat sa Atlantic Grupom u Foodland fabrici na Kopaoniku. Nakon projekta kompenzacije reaktivne energije 2018. godine, Resalta c\u0301e sada modernizovati procesno hla\u0111enje u proizvodnom pogonu, saop\u0161tila je kompanija.<\/h2>\n<p>Postojec\u0301i procesni sistem hla\u0111enja je energetski neefikasan, a ciljevi projekta su da se obezbedi pouzdano i konstantno hla\u0111enje kroz odvojeno i samostalno re\u0161enje zatvorenog kruga koje ne\u0107e imati negativan uticaj na \u017eivotnu sredinu. \u0160tavi\u0161e, o\u010duvanje vode za pic\u0301e, posebno u letnjem periodu kada je to bilo najvi\u0161e potrebno, bio je dodatni tehni\u010dki cilj. Hla\u0111enje se koristi u procesu pasterizacije d\u017eemova i namaza, koji su osnovna delatnost fabrike, pod brendom Bakina Tajna.<\/p>\n<p>Da bi se pobolj\u0161ala efikasnost i smanjio uticaj na \u017eivotnu sredinu, Resalta c\u0301e instalirati dva nova Daikin rashladna agregata vazduha-voda nominalne snage 106 kW i 331 kW. Foodland, kao deo Atlantic Grupe i lociran na Kopaoniku, jednom od najlep\u0161ih prirodnih rezervata Srbije, smatra za\u0161titu \u017eivotne sredine jednim od glavnih prioriteta. Implementirano re\u0161enje \u0107e svake godine postizati u\u0161tedu vode od 24.000 m<sup>3<\/sup>.<\/p>\n<p>Resalta c\u0301e finansirati ceo projekat i voditi ra\u010duna o njegovoj implementaciji, kao i o odr\u017eavanju, a klijent c\u0301e vratiti Resalti investiciju od ostvarenih u\u0161teda u periodu od 10 godina. Resalta preuzima sve rizike, uklju\u010dujuc\u0301i finansijske i tehni\u010dke, dok klijent u\u017eiva u novom rashladnom sistemu sa vec\u0301om efikasno\u0161c\u0301u i pouzdano\u0161c\u0301u, kao i sa manjim uticajem na \u017eivotnu sredinu.<\/p>\n<p>Resalta je vode\u0107a kompanija za energetske usluge u jugoisto\u010dnoj Evropi. Nudi re\u0161enja klijentima iz privatnog i javnog sektora po ESCO modelu, dakle po principu klju\u010d u ruke: za svaki projekat energetske efikasnosti, Resalta nudi celokupnu uslugu od energetskog pregleda do projektovanja, implementacije, odr\u017eavanja i finansiranja. Klijenti otpla\u0107uju Resaltinu investiciju od ostvarenih u\u0161teda, a Resalta snosi sve rizike: tehnolo\u0161ke kao i finansijske.<\/p>\n<p>Sa timom stru\u010dnjaka iz in\u017einjeringa, finansija, implementacije i drugih polja, Resalta je uspe\u0161no izvela vi\u0161e od 180 projekata za preko 120 zavodoljnih klijenata, me\u0111u kojima su Grad Ljubljana, Gorenje, Atlantik Grupa, Mercator, Grad Novigrad, i mnogi drugi. Pored projekata energetske efikasnosti, Resalta razvija i projekte obnovljivih izvora energije kao \u0161to su postrojenja na biomasu i fotovoltaici.<\/p>\n","protected":false},"excerpt":{"rendered":"<p>Resalta je zapo\u010dela drugi projekat sa Atlantic Grupom u Foodland fabrici na Kopaoniku. Nakon projekta&#8230;<\/p>\n","protected":false},"author":25,"featured_media":23902,"comment_status":"open","ping_status":"closed","sticky":false,"template":"","format":"standard","meta":{"_acf_changed":false,"_monsterinsights_skip_tracking":false,"_monsterinsights_sitenote_active":false,"_monsterinsights_sitenote_note":"","_monsterinsights_sitenote_category":0,"footnotes":""},"categories":[3],"tags":[646,860,3643],"class_list":["post-23901","post","type-post","status-publish","format-standard","has-post-thumbnail","hentry","category-energetska-efikasnost","tag-energetska-efikasnost","tag-hladenje","tag-resalta","country-srbija"],"acf":[],"yoast_head":"<!-- This site is optimized with the Yoast SEO plugin v27.4 - https:\/\/yoast.com\/product\/yoast-seo-wordpress\/ -->\n<title>Resalta pokrec\u0301e drugi projekat sa Atlantic Grupom za procesno hla\u0111enje u Foodlandu<\/title>\n<meta name=\"description\" content=\"Resalta je zapo\u010dela drugi projekat sa Atlantic Grupom u Foodland fabrici na Kopaoniku. Nakon projekta kompenzacije reaktivne energije 2018. godine, Resalta c\u0301e sada modernizovati procesno hla\u0111enje u proizvodnom pogonu, saop\u0161tila je kompanija.\" \/>\n<meta name=\"robots\" content=\"index, follow, max-snippet:-1, max-image-preview:large, max-video-preview:-1\" \/>\n<link rel=\"canonical\" href=\"https:\/\/balkangreenenergynews.com\/rs\/resalta-pokrece-drugi-projekat-sa-atlantic-grupom-za-procesno-hladenje-u-foodlandu\/\" \/>\n<meta property=\"og:locale\" content=\"sr_RS\" \/>\n<meta property=\"og:type\" content=\"article\" \/>\n<meta property=\"og:title\" content=\"Resalta pokrec\u0301e drugi projekat sa Atlantic Grupom za procesno hla\u0111enje u Foodlandu\" \/>\n<meta property=\"og:description\" content=\"Resalta je zapo\u010dela drugi projekat sa Atlantic Grupom u Foodland fabrici na Kopaoniku. Nakon projekta kompenzacije reaktivne energije 2018. godine, Resalta c\u0301e sada modernizovati procesno hla\u0111enje u proizvodnom pogonu, saop\u0161tila je kompanija.\" \/>\n<meta property=\"og:url\" content=\"https:\/\/balkangreenenergynews.com\/rs\/resalta-pokrece-drugi-projekat-sa-atlantic-grupom-za-procesno-hladenje-u-foodlandu\/\" \/>\n<meta property=\"og:site_name\" content=\"Balkan Green Energy News\" \/>\n<meta property=\"article:published_time\" content=\"2019-06-03T15:20:34+00:00\" \/>\n<meta property=\"og:image\" content=\"https:\/\/balkangreenenergynews.com\/rs\/wp-content\/uploads\/2019\/06\/resalta-atlantic.jpg\" \/>\n\t<meta property=\"og:image:width\" content=\"795\" \/>\n\t<meta property=\"og:image:height\" content=\"407\" \/>\n\t<meta property=\"og:image:type\" content=\"image\/jpeg\" \/>\n<meta name=\"author\" content=\"Balkan Green Energy News\" \/>\n<meta name=\"twitter:card\" content=\"summary_large_image\" \/>\n<meta name=\"twitter:label1\" content=\"\u041d\u0430\u043f\u0438\u0441\u0430\u043d\u043e \u043e\u0434\" \/>\n\t<meta name=\"twitter:data1\" content=\"Balkan Green Energy News\" \/>\n\t<meta name=\"twitter:label2\" content=\"\u041f\u0440\u043e\u0446\u0435\u045a\u0435\u043d\u043e \u0432\u0440\u0435\u043c\u0435 \u0447\u0438\u0442\u0430\u045a\u0430\" \/>\n\t<meta name=\"twitter:data2\" content=\"2 \u043c\u0438\u043d\u0443\u0442\u0430\" \/>\n<script type=\"application\/ld+json\" class=\"yoast-schema-graph\">{\"@context\":\"https:\\\/\\\/schema.org\",\"@graph\":[{\"@type\":\"Article\",\"@id\":\"https:\\\/\\\/balkangreenenergynews.com\\\/rs\\\/resalta-pokrece-drugi-projekat-sa-atlantic-grupom-za-procesno-hladenje-u-foodlandu\\\/#article\",\"isPartOf\":{\"@id\":\"https:\\\/\\\/balkangreenenergynews.com\\\/rs\\\/resalta-pokrece-drugi-projekat-sa-atlantic-grupom-za-procesno-hladenje-u-foodlandu\\\/\"},\"author\":{\"name\":\"Balkan Green Energy News\",\"@id\":\"https:\\\/\\\/balkangreenenergynews.com\\\/rs\\\/#\\\/schema\\\/person\\\/dee275e6036b1a0f7ceaf956d79d4eff\"},\"headline\":\"Resalta pokrec\u0301e drugi projekat sa Atlantic Grupom za procesno hla\u0111enje u Foodlandu\",\"datePublished\":\"2019-06-03T15:20:34+00:00\",\"mainEntityOfPage\":{\"@id\":\"https:\\\/\\\/balkangreenenergynews.com\\\/rs\\\/resalta-pokrece-drugi-projekat-sa-atlantic-grupom-za-procesno-hladenje-u-foodlandu\\\/\"},\"wordCount\":393,\"commentCount\":0,\"image\":{\"@id\":\"https:\\\/\\\/balkangreenenergynews.com\\\/rs\\\/resalta-pokrece-drugi-projekat-sa-atlantic-grupom-za-procesno-hladenje-u-foodlandu\\\/#primaryimage\"},\"thumbnailUrl\":\"https:\\\/\\\/balkangreenenergynews.com\\\/rs\\\/wp-content\\\/uploads\\\/2019\\\/06\\\/resalta-atlantic.jpg?wsr\",\"keywords\":[\"energetska efikasnost\",\"hla\u0111enje\",\"Resalta\"],\"articleSection\":[\"Energetska efikasnost\"],\"inLanguage\":\"sr-RS\",\"potentialAction\":[{\"@type\":\"CommentAction\",\"name\":\"Comment\",\"target\":[\"https:\\\/\\\/balkangreenenergynews.com\\\/rs\\\/resalta-pokrece-drugi-projekat-sa-atlantic-grupom-za-procesno-hladenje-u-foodlandu\\\/#respond\"]}]},{\"@type\":\"WebPage\",\"@id\":\"https:\\\/\\\/balkangreenenergynews.com\\\/rs\\\/resalta-pokrece-drugi-projekat-sa-atlantic-grupom-za-procesno-hladenje-u-foodlandu\\\/\",\"url\":\"https:\\\/\\\/balkangreenenergynews.com\\\/rs\\\/resalta-pokrece-drugi-projekat-sa-atlantic-grupom-za-procesno-hladenje-u-foodlandu\\\/\",\"name\":\"Resalta pokrec\u0301e drugi projekat sa Atlantic Grupom za procesno hla\u0111enje u Foodlandu\",\"isPartOf\":{\"@id\":\"https:\\\/\\\/balkangreenenergynews.com\\\/rs\\\/#website\"},\"primaryImageOfPage\":{\"@id\":\"https:\\\/\\\/balkangreenenergynews.com\\\/rs\\\/resalta-pokrece-drugi-projekat-sa-atlantic-grupom-za-procesno-hladenje-u-foodlandu\\\/#primaryimage\"},\"image\":{\"@id\":\"https:\\\/\\\/balkangreenenergynews.com\\\/rs\\\/resalta-pokrece-drugi-projekat-sa-atlantic-grupom-za-procesno-hladenje-u-foodlandu\\\/#primaryimage\"},\"thumbnailUrl\":\"https:\\\/\\\/balkangreenenergynews.com\\\/rs\\\/wp-content\\\/uploads\\\/2019\\\/06\\\/resalta-atlantic.jpg?wsr\",\"datePublished\":\"2019-06-03T15:20:34+00:00\",\"author\":{\"@id\":\"https:\\\/\\\/balkangreenenergynews.com\\\/rs\\\/#\\\/schema\\\/person\\\/dee275e6036b1a0f7ceaf956d79d4eff\"},\"description\":\"Resalta je zapo\u010dela drugi projekat sa Atlantic Grupom u Foodland fabrici na Kopaoniku. Nakon projekta kompenzacije reaktivne energije 2018. godine, Resalta c\u0301e sada modernizovati procesno hla\u0111enje u proizvodnom pogonu, saop\u0161tila je kompanija.\",\"breadcrumb\":{\"@id\":\"https:\\\/\\\/balkangreenenergynews.com\\\/rs\\\/resalta-pokrece-drugi-projekat-sa-atlantic-grupom-za-procesno-hladenje-u-foodlandu\\\/#breadcrumb\"},\"inLanguage\":\"sr-RS\",\"potentialAction\":[{\"@type\":\"ReadAction\",\"target\":[\"https:\\\/\\\/balkangreenenergynews.com\\\/rs\\\/resalta-pokrece-drugi-projekat-sa-atlantic-grupom-za-procesno-hladenje-u-foodlandu\\\/\"]}]},{\"@type\":\"ImageObject\",\"inLanguage\":\"sr-RS\",\"@id\":\"https:\\\/\\\/balkangreenenergynews.com\\\/rs\\\/resalta-pokrece-drugi-projekat-sa-atlantic-grupom-za-procesno-hladenje-u-foodlandu\\\/#primaryimage\",\"url\":\"https:\\\/\\\/balkangreenenergynews.com\\\/rs\\\/wp-content\\\/uploads\\\/2019\\\/06\\\/resalta-atlantic.jpg?wsr\",\"contentUrl\":\"https:\\\/\\\/balkangreenenergynews.com\\\/rs\\\/wp-content\\\/uploads\\\/2019\\\/06\\\/resalta-atlantic.jpg?wsr\",\"width\":795,\"height\":407,\"caption\":\"resalta atlantic\"},{\"@type\":\"BreadcrumbList\",\"@id\":\"https:\\\/\\\/balkangreenenergynews.com\\\/rs\\\/resalta-pokrece-drugi-projekat-sa-atlantic-grupom-za-procesno-hladenje-u-foodlandu\\\/#breadcrumb\",\"itemListElement\":[{\"@type\":\"ListItem\",\"position\":1,\"name\":\"Po\u010detna\",\"item\":\"https:\\\/\\\/balkangreenenergynews.com\\\/rs\\\/\"},{\"@type\":\"ListItem\",\"position\":2,\"name\":\"Vesti\",\"item\":\"https:\\\/\\\/balkangreenenergynews.com\\\/rs\\\/kategorija\\\/vesti\\\/\"},{\"@type\":\"ListItem\",\"position\":3,\"name\":\"Energetska efikasnost\",\"item\":\"https:\\\/\\\/balkangreenenergynews.com\\\/rs\\\/kategorija\\\/vesti\\\/energetska-efikasnost\\\/\"},{\"@type\":\"ListItem\",\"position\":4,\"name\":\"Resalta pokrec\u0301e drugi projekat sa Atlantic Grupom za procesno hla\u0111enje u Foodlandu\"}]},{\"@type\":\"WebSite\",\"@id\":\"https:\\\/\\\/balkangreenenergynews.com\\\/rs\\\/#website\",\"url\":\"https:\\\/\\\/balkangreenenergynews.com\\\/rs\\\/\",\"name\":\"Balkan Green Energy News\",\"description\":\"Naj\u0161iri izbor vesti sa Balkana o zelenoj energiji\",\"potentialAction\":[{\"@type\":\"SearchAction\",\"target\":{\"@type\":\"EntryPoint\",\"urlTemplate\":\"https:\\\/\\\/balkangreenenergynews.com\\\/rs\\\/?s={search_term_string}\"},\"query-input\":{\"@type\":\"PropertyValueSpecification\",\"valueRequired\":true,\"valueName\":\"search_term_string\"}}],\"inLanguage\":\"sr-RS\"},{\"@type\":\"Person\",\"@id\":\"https:\\\/\\\/balkangreenenergynews.com\\\/rs\\\/#\\\/schema\\\/person\\\/dee275e6036b1a0f7ceaf956d79d4eff\",\"name\":\"Balkan Green Energy News\",\"url\":\"https:\\\/\\\/balkangreenenergynews.com\\\/rs\\\/author\\\/balkangreenenergynews\\\/\"}]}<\/script>\n<!-- \/ Yoast SEO plugin. -->","yoast_head_json":{"title":"Resalta pokrec\u0301e drugi projekat sa Atlantic Grupom za procesno hla\u0111enje u Foodlandu","description":"Resalta je zapo\u010dela drugi projekat sa Atlantic Grupom u Foodland fabrici na Kopaoniku. Nakon projekta kompenzacije reaktivne energije 2018. godine, Resalta c\u0301e sada modernizovati procesno hla\u0111enje u proizvodnom pogonu, saop\u0161tila je kompanija.","robots":{"index":"index","follow":"follow","max-snippet":"max-snippet:-1","max-image-preview":"max-image-preview:large","max-video-preview":"max-video-preview:-1"},"canonical":"https:\/\/balkangreenenergynews.com\/rs\/resalta-pokrece-drugi-projekat-sa-atlantic-grupom-za-procesno-hladenje-u-foodlandu\/","og_locale":"sr_RS","og_type":"article","og_title":"Resalta pokrec\u0301e drugi projekat sa Atlantic Grupom za procesno hla\u0111enje u Foodlandu","og_description":"Resalta je zapo\u010dela drugi projekat sa Atlantic Grupom u Foodland fabrici na Kopaoniku. Nakon projekta kompenzacije reaktivne energije 2018. godine, Resalta c\u0301e sada modernizovati procesno hla\u0111enje u proizvodnom pogonu, saop\u0161tila je kompanija.","og_url":"https:\/\/balkangreenenergynews.com\/rs\/resalta-pokrece-drugi-projekat-sa-atlantic-grupom-za-procesno-hladenje-u-foodlandu\/","og_site_name":"Balkan Green Energy News","article_published_time":"2019-06-03T15:20:34+00:00","og_image":[{"width":795,"height":407,"url":"https:\/\/balkangreenenergynews.com\/rs\/wp-content\/uploads\/2019\/06\/resalta-atlantic.jpg","type":"image\/jpeg"}],"author":"Balkan Green Energy News","twitter_card":"summary_large_image","twitter_misc":{"\u041d\u0430\u043f\u0438\u0441\u0430\u043d\u043e \u043e\u0434":"Balkan Green Energy News","\u041f\u0440\u043e\u0446\u0435\u045a\u0435\u043d\u043e \u0432\u0440\u0435\u043c\u0435 \u0447\u0438\u0442\u0430\u045a\u0430":"2 \u043c\u0438\u043d\u0443\u0442\u0430"},"schema":{"@context":"https:\/\/schema.org","@graph":[{"@type":"Article","@id":"https:\/\/balkangreenenergynews.com\/rs\/resalta-pokrece-drugi-projekat-sa-atlantic-grupom-za-procesno-hladenje-u-foodlandu\/#article","isPartOf":{"@id":"https:\/\/balkangreenenergynews.com\/rs\/resalta-pokrece-drugi-projekat-sa-atlantic-grupom-za-procesno-hladenje-u-foodlandu\/"},"author":{"name":"Balkan Green Energy News","@id":"https:\/\/balkangreenenergynews.com\/rs\/#\/schema\/person\/dee275e6036b1a0f7ceaf956d79d4eff"},"headline":"Resalta pokrec\u0301e drugi projekat sa Atlantic Grupom za procesno hla\u0111enje u Foodlandu","datePublished":"2019-06-03T15:20:34+00:00","mainEntityOfPage":{"@id":"https:\/\/balkangreenenergynews.com\/rs\/resalta-pokrece-drugi-projekat-sa-atlantic-grupom-za-procesno-hladenje-u-foodlandu\/"},"wordCount":393,"commentCount":0,"image":{"@id":"https:\/\/balkangreenenergynews.com\/rs\/resalta-pokrece-drugi-projekat-sa-atlantic-grupom-za-procesno-hladenje-u-foodlandu\/#primaryimage"},"thumbnailUrl":"https:\/\/balkangreenenergynews.com\/rs\/wp-content\/uploads\/2019\/06\/resalta-atlantic.jpg?wsr","keywords":["energetska efikasnost","hla\u0111enje","Resalta"],"articleSection":["Energetska efikasnost"],"inLanguage":"sr-RS","potentialAction":[{"@type":"CommentAction","name":"Comment","target":["https:\/\/balkangreenenergynews.com\/rs\/resalta-pokrece-drugi-projekat-sa-atlantic-grupom-za-procesno-hladenje-u-foodlandu\/#respond"]}]},{"@type":"WebPage","@id":"https:\/\/balkangreenenergynews.com\/rs\/resalta-pokrece-drugi-projekat-sa-atlantic-grupom-za-procesno-hladenje-u-foodlandu\/","url":"https:\/\/balkangreenenergynews.com\/rs\/resalta-pokrece-drugi-projekat-sa-atlantic-grupom-za-procesno-hladenje-u-foodlandu\/","name":"Resalta pokrec\u0301e drugi projekat sa Atlantic Grupom za procesno hla\u0111enje u Foodlandu","isPartOf":{"@id":"https:\/\/balkangreenenergynews.com\/rs\/#website"},"primaryImageOfPage":{"@id":"https:\/\/balkangreenenergynews.com\/rs\/resalta-pokrece-drugi-projekat-sa-atlantic-grupom-za-procesno-hladenje-u-foodlandu\/#primaryimage"},"image":{"@id":"https:\/\/balkangreenenergynews.com\/rs\/resalta-pokrece-drugi-projekat-sa-atlantic-grupom-za-procesno-hladenje-u-foodlandu\/#primaryimage"},"thumbnailUrl":"https:\/\/balkangreenenergynews.com\/rs\/wp-content\/uploads\/2019\/06\/resalta-atlantic.jpg?wsr","datePublished":"2019-06-03T15:20:34+00:00","author":{"@id":"https:\/\/balkangreenenergynews.com\/rs\/#\/schema\/person\/dee275e6036b1a0f7ceaf956d79d4eff"},"description":"Resalta je zapo\u010dela drugi projekat sa Atlantic Grupom u Foodland fabrici na Kopaoniku. Nakon projekta kompenzacije reaktivne energije 2018. godine, Resalta c\u0301e sada modernizovati procesno hla\u0111enje u proizvodnom pogonu, saop\u0161tila je kompanija.","breadcrumb":{"@id":"https:\/\/balkangreenenergynews.com\/rs\/resalta-pokrece-drugi-projekat-sa-atlantic-grupom-za-procesno-hladenje-u-foodlandu\/#breadcrumb"},"inLanguage":"sr-RS","potentialAction":[{"@type":"ReadAction","target":["https:\/\/balkangreenenergynews.com\/rs\/resalta-pokrece-drugi-projekat-sa-atlantic-grupom-za-procesno-hladenje-u-foodlandu\/"]}]},{"@type":"ImageObject","inLanguage":"sr-RS","@id":"https:\/\/balkangreenenergynews.com\/rs\/resalta-pokrece-drugi-projekat-sa-atlantic-grupom-za-procesno-hladenje-u-foodlandu\/#primaryimage","url":"https:\/\/balkangreenenergynews.com\/rs\/wp-content\/uploads\/2019\/06\/resalta-atlantic.jpg?wsr","contentUrl":"https:\/\/balkangreenenergynews.com\/rs\/wp-content\/uploads\/2019\/06\/resalta-atlantic.jpg?wsr","width":795,"height":407,"caption":"resalta atlantic"},{"@type":"BreadcrumbList","@id":"https:\/\/balkangreenenergynews.com\/rs\/resalta-pokrece-drugi-projekat-sa-atlantic-grupom-za-procesno-hladenje-u-foodlandu\/#breadcrumb","itemListElement":[{"@type":"ListItem","position":1,"name":"Po\u010detna","item":"https:\/\/balkangreenenergynews.com\/rs\/"},{"@type":"ListItem","position":2,"name":"Vesti","item":"https:\/\/balkangreenenergynews.com\/rs\/kategorija\/vesti\/"},{"@type":"ListItem","position":3,"name":"Energetska efikasnost","item":"https:\/\/balkangreenenergynews.com\/rs\/kategorija\/vesti\/energetska-efikasnost\/"},{"@type":"ListItem","position":4,"name":"Resalta pokrec\u0301e drugi projekat sa Atlantic Grupom za procesno hla\u0111enje u Foodlandu"}]},{"@type":"WebSite","@id":"https:\/\/balkangreenenergynews.com\/rs\/#website","url":"https:\/\/balkangreenenergynews.com\/rs\/","name":"Balkan Green Energy News","description":"Naj\u0161iri izbor vesti sa Balkana o zelenoj energiji","potentialAction":[{"@type":"SearchAction","target":{"@type":"EntryPoint","urlTemplate":"https:\/\/balkangreenenergynews.com\/rs\/?s={search_term_string}"},"query-input":{"@type":"PropertyValueSpecification","valueRequired":true,"valueName":"search_term_string"}}],"inLanguage":"sr-RS"},{"@type":"Person","@id":"https:\/\/balkangreenenergynews.com\/rs\/#\/schema\/person\/dee275e6036b1a0f7ceaf956d79d4eff","name":"Balkan Green Energy News","url":"https:\/\/balkangreenenergynews.com\/rs\/author\/balkangreenenergynews\/"}]}},"_links":{"self":[{"href":"https:\/\/balkangreenenergynews.com\/rs\/wp-json\/wp\/v2\/posts\/23901","targetHints":{"allow":["GET"]}}],"collection":[{"href":"https:\/\/balkangreenenergynews.com\/rs\/wp-json\/wp\/v2\/posts"}],"about":[{"href":"https:\/\/balkangreenenergynews.com\/rs\/wp-json\/wp\/v2\/types\/post"}],"author":[{"embeddable":true,"href":"https:\/\/balkangreenenergynews.com\/rs\/wp-json\/wp\/v2\/users\/25"}],"replies":[{"embeddable":true,"href":"https:\/\/balkangreenenergynews.com\/rs\/wp-json\/wp\/v2\/comments?post=23901"}],"version-history":[{"count":0,"href":"https:\/\/balkangreenenergynews.com\/rs\/wp-json\/wp\/v2\/posts\/23901\/revisions"}],"wp:featuredmedia":[{"embeddable":true,"href":"https:\/\/balkangreenenergynews.com\/rs\/wp-json\/wp\/v2\/media\/23902"}],"wp:attachment":[{"href":"https:\/\/balkangreenenergynews.com\/rs\/wp-json\/wp\/v2\/media?parent=23901"}],"wp:term":[{"taxonomy":"category","embeddable":true,"href":"https:\/\/balkangreenenergynews.com\/rs\/wp-json\/wp\/v2\/categories?post=23901"},{"taxonomy":"post_tag","embeddable":true,"href":"https:\/\/balkangreenenergynews.com\/rs\/wp-json\/wp\/v2\/tags?post=23901"}],"curies":[{"name":"wp","href":"https:\/\/api.w.org\/{rel}","templated":true}]}}