{"id":23814,"date":"2019-05-28T15:48:15","date_gmt":"2019-05-28T13:48:15","guid":{"rendered":"https:\/\/balkangreenenergynews.com\/rs\/?p=23814"},"modified":"2020-07-24T20:10:37","modified_gmt":"2020-07-24T18:10:37","slug":"hrvatska-posta-zazelenela-vozni-park-novim-elektricnim-vozilima","status":"publish","type":"post","link":"https:\/\/balkangreenenergynews.com\/rs\/hrvatska-posta-zazelenela-vozni-park-novim-elektricnim-vozilima\/","title":{"rendered":"Hrvatska po\u0161ta zazelenela vozni park novim elektri\u010dnim vozilima"},"content":{"rendered":"<h2>Hrvatska po\u0161ta je zazelenela svoj vozni park nabavkom 20 elektri\u010dnih \u010detvorocikala kako bi smanjila stopu aerozaga\u0111enja, ali i buke, navodi se u saop\u0161tenju dr\u017eavnog po\u0161tanskog operatora.<\/h2>\n<p>U cilju pove\u0107anja energetske efikasnosti u transportu, Hrvatska po\u0161ta javila se na javni poziv Fonda za za\u0161titu okoli\u0161a i energetsku u\u010dinkovitost (FZOEU) projektom \u201eZeleni i odr\u017eivi transport u po\u0161tanskom prometu kori\u0161tenjem elektri\u010dnih vozila\u201c. Fond je odobrio sufinansiranje nabavke 20 elektri\u010dnih \u010detvorocikala.<\/p>\n<p>Vrednost investicije u nabavku elektri\u010dnih vozila iznosi 1,28 miliona kuna (oko 170.000 evra), a Fond za za\u0161titu okoli\u0161a i energetsku u\u010dinkovitost sufinansira nabavku u iznosu od 400.000 kuna (oko 53.000 evra) bespovratnih sredstava.<\/p>\n<blockquote><p>Upotrebom elektri\u010dnih \u010detvorocikala za dostavu Hrvatska po\u0161ta godi\u0161nje \u0107e smanjiti emisije CO2 za 7,6 tona<\/p><\/blockquote>\n<p>Uvo\u0111enje elektri\u010dnih vozila omogu\u0107ava Hrvatskoj po\u0161ti bolju mobilnost u gradskim jezgrima pri dostavi po\u0161iljaka i optimizira efikasnost jer omogu\u0107uje postupno smanjenje broja vozila na fosilna goriva. Tako\u0111e, elektri\u010dna vozila doprinose smanjenju operativnih tro\u0161kova flote vozila i pove\u0107anju energetske efikasnosti Hrvatske po\u0161te.<\/p>\n<p>Upotrebom elektri\u010dnih \u010detvorocikala za dostavu Hrvatska po\u0161ta godi\u0161nje \u0107e smanjiti emisije CO2 za 7,6 tona.<\/p>\n<p>Proizvo\u0111a\u010d \u010detvorocikala je italijanska kompanija Ducati Energia SpA. Njihovi elektri\u010dni \u010detvorocikli posti\u017eu maksimalnu brzinu od 45 km\/h, a njihov je domet 60 kilometara.<\/p>\n<p>Hrvatska po\u0161ta koristi\u0107e elektri\u010dna vozila na dostavnim podru\u010djima u u\u017eim gradskim jezgrima zbog prakti\u010dnosti i lako\u0107e upravljanja. Dvadeset novih vozila doprine\u0107e smanjenju zaga\u0111enosti vazduha i buke prouzrokovane gradskim prometom.<\/p>\n<p>Uz dvadeset novih elektri\u010dnih vozila Hrvatska po\u0161ta u svom voznom parku od 2015. ima i 180 elektri\u010dnih bicikala koji su zamenili stare mopede. Zamenom mopeda elektri\u010dnim biciklima smanjena je emisija CO2 za 100,31 tonu godi\u0161nje. I nabavka e-bicikala sufinansirana je bespovratnim sredstvima Fonda za za\u0161titu okoli\u0161a i energetsku u\u010dinkovitost.<\/p>\n<h3><span style=\"\">I u Sloveniji ozelenjavanje voznog parka Po\u0161te<\/span><\/h3>\n<p>Ovo nije jedini primer ozelenjavanja voznog parka po\u0161tanskog operatora u regionu. <a href=\"https:\/\/balkangreenenergynews.com\/rs\/posta-slovenije-gen-sklopili-partnerstvo-na-polju-e-mobilnosti-planira-se-potpuna-elektrifikacija-voznog-parka\/\">Po\u0161ta Slovenije<\/a> je pro\u0161le godine potpisala ugovor o poslovnoj saradnji na polju e-mobilnosti i zelenih dostavnih re\u0161enja slede\u0107e generacije sa GEN-I, kompanijom koja se bavi trgovinom elektri\u010dnom energijom i gasom, a partnerstvo ima za cilj i potpunu elektrifikaciju voznog parka po\u0161tanskog operatora.<\/p>\n<p>Sa druge strane, Po\u0161ta Srbije je nedavno nabavila \u010dak 257 novih dostavnih vozila, ali nijedno elektri\u010dno. Svih 257 vozila je tipa Fiat Doblo Cargo 1.3 MJT, navodi se u saop\u0161tenju Po\u0161te Srbije.<\/p>\n<p>&nbsp;<\/p>\n<p><img loading=\"lazy\" decoding=\"async\" class=\"size-full wp-image-32545 aligncenter\" src=\"https:\/\/balkangreenenergynews.com\/rs\/wp-content\/uploads\/2019\/05\/poste-srbije-dostavna-vozila.jpg\" alt=\"poste-srbije-dostavna-vozila\" width=\"1024\" height=\"524\" srcset=\"https:\/\/balkangreenenergynews.com\/rs\/wp-content\/uploads\/2019\/05\/poste-srbije-dostavna-vozila.jpg 1024w, https:\/\/balkangreenenergynews.com\/rs\/wp-content\/uploads\/2019\/05\/poste-srbije-dostavna-vozila-500x256.jpg 500w, https:\/\/balkangreenenergynews.com\/rs\/wp-content\/uploads\/2019\/05\/poste-srbije-dostavna-vozila-840x430.jpg 840w, https:\/\/balkangreenenergynews.com\/rs\/wp-content\/uploads\/2019\/05\/poste-srbije-dostavna-vozila-768x393.jpg 768w, https:\/\/balkangreenenergynews.com\/rs\/wp-content\/uploads\/2019\/05\/poste-srbije-dostavna-vozila-300x154.jpg 300w\" sizes=\"auto, (max-width: 1024px) 100vw, 1024px\" \/><\/p>\n","protected":false},"excerpt":{"rendered":"<p>Hrvatska po\u0161ta je zazelenela svoj vozni park nabavkom 20 elektri\u010dnih \u010detvorocikala kako bi smanjila stopu&#8230;<\/p>\n","protected":false},"author":20,"featured_media":32543,"comment_status":"open","ping_status":"closed","sticky":false,"template":"","format":"standard","meta":{"_acf_changed":false,"_monsterinsights_skip_tracking":false,"_monsterinsights_sitenote_active":false,"_monsterinsights_sitenote_note":"","_monsterinsights_sitenote_category":0,"footnotes":""},"categories":[7],"tags":[707,4284,2656,646,214],"class_list":["post-23814","post","type-post","status-publish","format-standard","has-post-thumbnail","hentry","category-mobilnost","tag-elektricna-vozila","tag-elektricni-bicikli","tag-emisije-co2","tag-energetska-efikasnost","tag-fzoeu","country-hrvatska"],"acf":[],"yoast_head":"<!-- This site is optimized with the Yoast SEO plugin v27.4 - https:\/\/yoast.com\/product\/yoast-seo-wordpress\/ -->\n<title>Hrvatska po\u0161ta zazelenela vozni park novim elektri\u010dnim vozilima<\/title>\n<meta name=\"description\" content=\"Hrvatska po\u0161ta je zazelenela svoj vozni park nabavkom 20 elektri\u010dnih \u010detvorocikala kako bi smanjila stopu aerozaga\u0111enja, ali i buke, navodi se u saop\u0161tenju dr\u017eavnog po\u0161tanskog operatora.\" \/>\n<meta name=\"robots\" content=\"index, follow, max-snippet:-1, max-image-preview:large, max-video-preview:-1\" \/>\n<link rel=\"canonical\" href=\"https:\/\/balkangreenenergynews.com\/rs\/hrvatska-posta-zazelenela-vozni-park-novim-elektricnim-vozilima\/\" \/>\n<meta property=\"og:locale\" content=\"sr_RS\" \/>\n<meta property=\"og:type\" content=\"article\" \/>\n<meta property=\"og:title\" content=\"Hrvatska po\u0161ta zazelenela vozni park novim elektri\u010dnim vozilima\" \/>\n<meta property=\"og:description\" content=\"Hrvatska po\u0161ta je zazelenela svoj vozni park nabavkom 20 elektri\u010dnih \u010detvorocikala kako bi smanjila stopu aerozaga\u0111enja, ali i buke, navodi se u saop\u0161tenju dr\u017eavnog po\u0161tanskog operatora.\" \/>\n<meta property=\"og:url\" content=\"https:\/\/balkangreenenergynews.com\/rs\/hrvatska-posta-zazelenela-vozni-park-novim-elektricnim-vozilima\/\" \/>\n<meta property=\"og:site_name\" content=\"Balkan Green Energy News\" \/>\n<meta property=\"article:published_time\" content=\"2019-05-28T13:48:15+00:00\" \/>\n<meta property=\"article:modified_time\" content=\"2020-07-24T18:10:37+00:00\" \/>\n<meta property=\"og:image\" content=\"https:\/\/balkangreenenergynews.com\/rs\/wp-content\/uploads\/2019\/05\/hrvatska-posta-dostavna-vozila-cetverocikli.jpg\" \/>\n\t<meta property=\"og:image:width\" content=\"1024\" \/>\n\t<meta property=\"og:image:height\" content=\"524\" \/>\n\t<meta property=\"og:image:type\" content=\"image\/jpeg\" \/>\n<meta name=\"author\" content=\"Svetlana Jovanovi\u0107\" \/>\n<meta name=\"twitter:card\" content=\"summary_large_image\" \/>\n<meta name=\"twitter:label1\" content=\"\u041d\u0430\u043f\u0438\u0441\u0430\u043d\u043e \u043e\u0434\" \/>\n\t<meta name=\"twitter:data1\" content=\"Svetlana Jovanovi\u0107\" \/>\n\t<meta name=\"twitter:label2\" content=\"\u041f\u0440\u043e\u0446\u0435\u045a\u0435\u043d\u043e \u0432\u0440\u0435\u043c\u0435 \u0447\u0438\u0442\u0430\u045a\u0430\" \/>\n\t<meta name=\"twitter:data2\" content=\"2 \u043c\u0438\u043d\u0443\u0442\u0430\" \/>\n<script type=\"application\/ld+json\" class=\"yoast-schema-graph\">{\"@context\":\"https:\\\/\\\/schema.org\",\"@graph\":[{\"@type\":\"Article\",\"@id\":\"https:\\\/\\\/balkangreenenergynews.com\\\/rs\\\/hrvatska-posta-zazelenela-vozni-park-novim-elektricnim-vozilima\\\/#article\",\"isPartOf\":{\"@id\":\"https:\\\/\\\/balkangreenenergynews.com\\\/rs\\\/hrvatska-posta-zazelenela-vozni-park-novim-elektricnim-vozilima\\\/\"},\"author\":{\"name\":\"Svetlana Jovanovi\u0107\",\"@id\":\"https:\\\/\\\/balkangreenenergynews.com\\\/rs\\\/#\\\/schema\\\/person\\\/82b991c6efaf6b462e01800c17da5ae9\"},\"headline\":\"Hrvatska po\u0161ta zazelenela vozni park novim elektri\u010dnim vozilima\",\"datePublished\":\"2019-05-28T13:48:15+00:00\",\"dateModified\":\"2020-07-24T18:10:37+00:00\",\"mainEntityOfPage\":{\"@id\":\"https:\\\/\\\/balkangreenenergynews.com\\\/rs\\\/hrvatska-posta-zazelenela-vozni-park-novim-elektricnim-vozilima\\\/\"},\"wordCount\":429,\"commentCount\":0,\"image\":{\"@id\":\"https:\\\/\\\/balkangreenenergynews.com\\\/rs\\\/hrvatska-posta-zazelenela-vozni-park-novim-elektricnim-vozilima\\\/#primaryimage\"},\"thumbnailUrl\":\"https:\\\/\\\/balkangreenenergynews.com\\\/rs\\\/wp-content\\\/uploads\\\/2019\\\/05\\\/hrvatska-posta-dostavna-vozila-cetverocikli.jpg?wsr\",\"keywords\":[\"elektri\u010dna vozila\",\"elektri\u010dni bicikli\",\"emisije CO2\",\"energetska efikasnost\",\"FZOEU\"],\"articleSection\":[\"Mobilnost\"],\"inLanguage\":\"sr-RS\",\"potentialAction\":[{\"@type\":\"CommentAction\",\"name\":\"Comment\",\"target\":[\"https:\\\/\\\/balkangreenenergynews.com\\\/rs\\\/hrvatska-posta-zazelenela-vozni-park-novim-elektricnim-vozilima\\\/#respond\"]}]},{\"@type\":\"WebPage\",\"@id\":\"https:\\\/\\\/balkangreenenergynews.com\\\/rs\\\/hrvatska-posta-zazelenela-vozni-park-novim-elektricnim-vozilima\\\/\",\"url\":\"https:\\\/\\\/balkangreenenergynews.com\\\/rs\\\/hrvatska-posta-zazelenela-vozni-park-novim-elektricnim-vozilima\\\/\",\"name\":\"Hrvatska po\u0161ta zazelenela vozni park novim elektri\u010dnim vozilima\",\"isPartOf\":{\"@id\":\"https:\\\/\\\/balkangreenenergynews.com\\\/rs\\\/#website\"},\"primaryImageOfPage\":{\"@id\":\"https:\\\/\\\/balkangreenenergynews.com\\\/rs\\\/hrvatska-posta-zazelenela-vozni-park-novim-elektricnim-vozilima\\\/#primaryimage\"},\"image\":{\"@id\":\"https:\\\/\\\/balkangreenenergynews.com\\\/rs\\\/hrvatska-posta-zazelenela-vozni-park-novim-elektricnim-vozilima\\\/#primaryimage\"},\"thumbnailUrl\":\"https:\\\/\\\/balkangreenenergynews.com\\\/rs\\\/wp-content\\\/uploads\\\/2019\\\/05\\\/hrvatska-posta-dostavna-vozila-cetverocikli.jpg?wsr\",\"datePublished\":\"2019-05-28T13:48:15+00:00\",\"dateModified\":\"2020-07-24T18:10:37+00:00\",\"author\":{\"@id\":\"https:\\\/\\\/balkangreenenergynews.com\\\/rs\\\/#\\\/schema\\\/person\\\/82b991c6efaf6b462e01800c17da5ae9\"},\"description\":\"Hrvatska po\u0161ta je zazelenela svoj vozni park nabavkom 20 elektri\u010dnih \u010detvorocikala kako bi smanjila stopu aerozaga\u0111enja, ali i buke, navodi se u saop\u0161tenju dr\u017eavnog po\u0161tanskog operatora.\",\"breadcrumb\":{\"@id\":\"https:\\\/\\\/balkangreenenergynews.com\\\/rs\\\/hrvatska-posta-zazelenela-vozni-park-novim-elektricnim-vozilima\\\/#breadcrumb\"},\"inLanguage\":\"sr-RS\",\"potentialAction\":[{\"@type\":\"ReadAction\",\"target\":[\"https:\\\/\\\/balkangreenenergynews.com\\\/rs\\\/hrvatska-posta-zazelenela-vozni-park-novim-elektricnim-vozilima\\\/\"]}]},{\"@type\":\"ImageObject\",\"inLanguage\":\"sr-RS\",\"@id\":\"https:\\\/\\\/balkangreenenergynews.com\\\/rs\\\/hrvatska-posta-zazelenela-vozni-park-novim-elektricnim-vozilima\\\/#primaryimage\",\"url\":\"https:\\\/\\\/balkangreenenergynews.com\\\/rs\\\/wp-content\\\/uploads\\\/2019\\\/05\\\/hrvatska-posta-dostavna-vozila-cetverocikli.jpg?wsr\",\"contentUrl\":\"https:\\\/\\\/balkangreenenergynews.com\\\/rs\\\/wp-content\\\/uploads\\\/2019\\\/05\\\/hrvatska-posta-dostavna-vozila-cetverocikli.jpg?wsr\",\"width\":1024,\"height\":524,\"caption\":\"hrvatska-posta-dostavna-vozila-cetverocikli\"},{\"@type\":\"BreadcrumbList\",\"@id\":\"https:\\\/\\\/balkangreenenergynews.com\\\/rs\\\/hrvatska-posta-zazelenela-vozni-park-novim-elektricnim-vozilima\\\/#breadcrumb\",\"itemListElement\":[{\"@type\":\"ListItem\",\"position\":1,\"name\":\"Po\u010detna\",\"item\":\"https:\\\/\\\/balkangreenenergynews.com\\\/rs\\\/\"},{\"@type\":\"ListItem\",\"position\":2,\"name\":\"Vesti\",\"item\":\"https:\\\/\\\/balkangreenenergynews.com\\\/rs\\\/kategorija\\\/vesti\\\/\"},{\"@type\":\"ListItem\",\"position\":3,\"name\":\"Mobilnost\",\"item\":\"https:\\\/\\\/balkangreenenergynews.com\\\/rs\\\/kategorija\\\/vesti\\\/mobilnost\\\/\"},{\"@type\":\"ListItem\",\"position\":4,\"name\":\"Hrvatska po\u0161ta zazelenela vozni park novim elektri\u010dnim vozilima\"}]},{\"@type\":\"WebSite\",\"@id\":\"https:\\\/\\\/balkangreenenergynews.com\\\/rs\\\/#website\",\"url\":\"https:\\\/\\\/balkangreenenergynews.com\\\/rs\\\/\",\"name\":\"Balkan Green Energy News\",\"description\":\"Naj\u0161iri izbor vesti sa Balkana o zelenoj energiji\",\"potentialAction\":[{\"@type\":\"SearchAction\",\"target\":{\"@type\":\"EntryPoint\",\"urlTemplate\":\"https:\\\/\\\/balkangreenenergynews.com\\\/rs\\\/?s={search_term_string}\"},\"query-input\":{\"@type\":\"PropertyValueSpecification\",\"valueRequired\":true,\"valueName\":\"search_term_string\"}}],\"inLanguage\":\"sr-RS\"},{\"@type\":\"Person\",\"@id\":\"https:\\\/\\\/balkangreenenergynews.com\\\/rs\\\/#\\\/schema\\\/person\\\/82b991c6efaf6b462e01800c17da5ae9\",\"name\":\"Svetlana Jovanovi\u0107\",\"description\":\"Nakon 15 godina pisanja i ure\u0111ivanja finansijskih &amp; biznis vesti, Svetlana se od 2018. godine fokusira na teme \u017eivotne sredine i odr\u017eivog razvoja. #BeatPlasticPollution je njen omiljeni hashtag.\",\"sameAs\":[\"https:\\\/\\\/www.linkedin.com\\\/in\\\/svetlana-jovanovic-4741814b\\\/\"],\"url\":\"https:\\\/\\\/balkangreenenergynews.com\\\/rs\\\/author\\\/svetlana-jovanovic\\\/\"}]}<\/script>\n<!-- \/ Yoast SEO plugin. -->","yoast_head_json":{"title":"Hrvatska po\u0161ta zazelenela vozni park novim elektri\u010dnim vozilima","description":"Hrvatska po\u0161ta je zazelenela svoj vozni park nabavkom 20 elektri\u010dnih \u010detvorocikala kako bi smanjila stopu aerozaga\u0111enja, ali i buke, navodi se u saop\u0161tenju dr\u017eavnog po\u0161tanskog operatora.","robots":{"index":"index","follow":"follow","max-snippet":"max-snippet:-1","max-image-preview":"max-image-preview:large","max-video-preview":"max-video-preview:-1"},"canonical":"https:\/\/balkangreenenergynews.com\/rs\/hrvatska-posta-zazelenela-vozni-park-novim-elektricnim-vozilima\/","og_locale":"sr_RS","og_type":"article","og_title":"Hrvatska po\u0161ta zazelenela vozni park novim elektri\u010dnim vozilima","og_description":"Hrvatska po\u0161ta je zazelenela svoj vozni park nabavkom 20 elektri\u010dnih \u010detvorocikala kako bi smanjila stopu aerozaga\u0111enja, ali i buke, navodi se u saop\u0161tenju dr\u017eavnog po\u0161tanskog operatora.","og_url":"https:\/\/balkangreenenergynews.com\/rs\/hrvatska-posta-zazelenela-vozni-park-novim-elektricnim-vozilima\/","og_site_name":"Balkan Green Energy News","article_published_time":"2019-05-28T13:48:15+00:00","article_modified_time":"2020-07-24T18:10:37+00:00","og_image":[{"width":1024,"height":524,"url":"https:\/\/balkangreenenergynews.com\/rs\/wp-content\/uploads\/2019\/05\/hrvatska-posta-dostavna-vozila-cetverocikli.jpg","type":"image\/jpeg"}],"author":"Svetlana Jovanovi\u0107","twitter_card":"summary_large_image","twitter_misc":{"\u041d\u0430\u043f\u0438\u0441\u0430\u043d\u043e \u043e\u0434":"Svetlana Jovanovi\u0107","\u041f\u0440\u043e\u0446\u0435\u045a\u0435\u043d\u043e \u0432\u0440\u0435\u043c\u0435 \u0447\u0438\u0442\u0430\u045a\u0430":"2 \u043c\u0438\u043d\u0443\u0442\u0430"},"schema":{"@context":"https:\/\/schema.org","@graph":[{"@type":"Article","@id":"https:\/\/balkangreenenergynews.com\/rs\/hrvatska-posta-zazelenela-vozni-park-novim-elektricnim-vozilima\/#article","isPartOf":{"@id":"https:\/\/balkangreenenergynews.com\/rs\/hrvatska-posta-zazelenela-vozni-park-novim-elektricnim-vozilima\/"},"author":{"name":"Svetlana Jovanovi\u0107","@id":"https:\/\/balkangreenenergynews.com\/rs\/#\/schema\/person\/82b991c6efaf6b462e01800c17da5ae9"},"headline":"Hrvatska po\u0161ta zazelenela vozni park novim elektri\u010dnim vozilima","datePublished":"2019-05-28T13:48:15+00:00","dateModified":"2020-07-24T18:10:37+00:00","mainEntityOfPage":{"@id":"https:\/\/balkangreenenergynews.com\/rs\/hrvatska-posta-zazelenela-vozni-park-novim-elektricnim-vozilima\/"},"wordCount":429,"commentCount":0,"image":{"@id":"https:\/\/balkangreenenergynews.com\/rs\/hrvatska-posta-zazelenela-vozni-park-novim-elektricnim-vozilima\/#primaryimage"},"thumbnailUrl":"https:\/\/balkangreenenergynews.com\/rs\/wp-content\/uploads\/2019\/05\/hrvatska-posta-dostavna-vozila-cetverocikli.jpg?wsr","keywords":["elektri\u010dna vozila","elektri\u010dni bicikli","emisije CO2","energetska efikasnost","FZOEU"],"articleSection":["Mobilnost"],"inLanguage":"sr-RS","potentialAction":[{"@type":"CommentAction","name":"Comment","target":["https:\/\/balkangreenenergynews.com\/rs\/hrvatska-posta-zazelenela-vozni-park-novim-elektricnim-vozilima\/#respond"]}]},{"@type":"WebPage","@id":"https:\/\/balkangreenenergynews.com\/rs\/hrvatska-posta-zazelenela-vozni-park-novim-elektricnim-vozilima\/","url":"https:\/\/balkangreenenergynews.com\/rs\/hrvatska-posta-zazelenela-vozni-park-novim-elektricnim-vozilima\/","name":"Hrvatska po\u0161ta zazelenela vozni park novim elektri\u010dnim vozilima","isPartOf":{"@id":"https:\/\/balkangreenenergynews.com\/rs\/#website"},"primaryImageOfPage":{"@id":"https:\/\/balkangreenenergynews.com\/rs\/hrvatska-posta-zazelenela-vozni-park-novim-elektricnim-vozilima\/#primaryimage"},"image":{"@id":"https:\/\/balkangreenenergynews.com\/rs\/hrvatska-posta-zazelenela-vozni-park-novim-elektricnim-vozilima\/#primaryimage"},"thumbnailUrl":"https:\/\/balkangreenenergynews.com\/rs\/wp-content\/uploads\/2019\/05\/hrvatska-posta-dostavna-vozila-cetverocikli.jpg?wsr","datePublished":"2019-05-28T13:48:15+00:00","dateModified":"2020-07-24T18:10:37+00:00","author":{"@id":"https:\/\/balkangreenenergynews.com\/rs\/#\/schema\/person\/82b991c6efaf6b462e01800c17da5ae9"},"description":"Hrvatska po\u0161ta je zazelenela svoj vozni park nabavkom 20 elektri\u010dnih \u010detvorocikala kako bi smanjila stopu aerozaga\u0111enja, ali i buke, navodi se u saop\u0161tenju dr\u017eavnog po\u0161tanskog operatora.","breadcrumb":{"@id":"https:\/\/balkangreenenergynews.com\/rs\/hrvatska-posta-zazelenela-vozni-park-novim-elektricnim-vozilima\/#breadcrumb"},"inLanguage":"sr-RS","potentialAction":[{"@type":"ReadAction","target":["https:\/\/balkangreenenergynews.com\/rs\/hrvatska-posta-zazelenela-vozni-park-novim-elektricnim-vozilima\/"]}]},{"@type":"ImageObject","inLanguage":"sr-RS","@id":"https:\/\/balkangreenenergynews.com\/rs\/hrvatska-posta-zazelenela-vozni-park-novim-elektricnim-vozilima\/#primaryimage","url":"https:\/\/balkangreenenergynews.com\/rs\/wp-content\/uploads\/2019\/05\/hrvatska-posta-dostavna-vozila-cetverocikli.jpg?wsr","contentUrl":"https:\/\/balkangreenenergynews.com\/rs\/wp-content\/uploads\/2019\/05\/hrvatska-posta-dostavna-vozila-cetverocikli.jpg?wsr","width":1024,"height":524,"caption":"hrvatska-posta-dostavna-vozila-cetverocikli"},{"@type":"BreadcrumbList","@id":"https:\/\/balkangreenenergynews.com\/rs\/hrvatska-posta-zazelenela-vozni-park-novim-elektricnim-vozilima\/#breadcrumb","itemListElement":[{"@type":"ListItem","position":1,"name":"Po\u010detna","item":"https:\/\/balkangreenenergynews.com\/rs\/"},{"@type":"ListItem","position":2,"name":"Vesti","item":"https:\/\/balkangreenenergynews.com\/rs\/kategorija\/vesti\/"},{"@type":"ListItem","position":3,"name":"Mobilnost","item":"https:\/\/balkangreenenergynews.com\/rs\/kategorija\/vesti\/mobilnost\/"},{"@type":"ListItem","position":4,"name":"Hrvatska po\u0161ta zazelenela vozni park novim elektri\u010dnim vozilima"}]},{"@type":"WebSite","@id":"https:\/\/balkangreenenergynews.com\/rs\/#website","url":"https:\/\/balkangreenenergynews.com\/rs\/","name":"Balkan Green Energy News","description":"Naj\u0161iri izbor vesti sa Balkana o zelenoj energiji","potentialAction":[{"@type":"SearchAction","target":{"@type":"EntryPoint","urlTemplate":"https:\/\/balkangreenenergynews.com\/rs\/?s={search_term_string}"},"query-input":{"@type":"PropertyValueSpecification","valueRequired":true,"valueName":"search_term_string"}}],"inLanguage":"sr-RS"},{"@type":"Person","@id":"https:\/\/balkangreenenergynews.com\/rs\/#\/schema\/person\/82b991c6efaf6b462e01800c17da5ae9","name":"Svetlana Jovanovi\u0107","description":"Nakon 15 godina pisanja i ure\u0111ivanja finansijskih &amp; biznis vesti, Svetlana se od 2018. godine fokusira na teme \u017eivotne sredine i odr\u017eivog razvoja. #BeatPlasticPollution je njen omiljeni hashtag.","sameAs":["https:\/\/www.linkedin.com\/in\/svetlana-jovanovic-4741814b\/"],"url":"https:\/\/balkangreenenergynews.com\/rs\/author\/svetlana-jovanovic\/"}]}},"_links":{"self":[{"href":"https:\/\/balkangreenenergynews.com\/rs\/wp-json\/wp\/v2\/posts\/23814","targetHints":{"allow":["GET"]}}],"collection":[{"href":"https:\/\/balkangreenenergynews.com\/rs\/wp-json\/wp\/v2\/posts"}],"about":[{"href":"https:\/\/balkangreenenergynews.com\/rs\/wp-json\/wp\/v2\/types\/post"}],"author":[{"embeddable":true,"href":"https:\/\/balkangreenenergynews.com\/rs\/wp-json\/wp\/v2\/users\/20"}],"replies":[{"embeddable":true,"href":"https:\/\/balkangreenenergynews.com\/rs\/wp-json\/wp\/v2\/comments?post=23814"}],"version-history":[{"count":0,"href":"https:\/\/balkangreenenergynews.com\/rs\/wp-json\/wp\/v2\/posts\/23814\/revisions"}],"wp:featuredmedia":[{"embeddable":true,"href":"https:\/\/balkangreenenergynews.com\/rs\/wp-json\/wp\/v2\/media\/32543"}],"wp:attachment":[{"href":"https:\/\/balkangreenenergynews.com\/rs\/wp-json\/wp\/v2\/media?parent=23814"}],"wp:term":[{"taxonomy":"category","embeddable":true,"href":"https:\/\/balkangreenenergynews.com\/rs\/wp-json\/wp\/v2\/categories?post=23814"},{"taxonomy":"post_tag","embeddable":true,"href":"https:\/\/balkangreenenergynews.com\/rs\/wp-json\/wp\/v2\/tags?post=23814"}],"curies":[{"name":"wp","href":"https:\/\/api.w.org\/{rel}","templated":true}]}}