{"id":23735,"date":"2019-05-23T16:40:13","date_gmt":"2019-05-23T14:40:13","guid":{"rendered":"https:\/\/balkangreenenergynews.com\/rs\/?p=23735"},"modified":"2020-07-27T18:12:03","modified_gmt":"2020-07-27T16:12:03","slug":"albanska-vlada-odlucila-da-formira-berzu-za-elektricnu-energiju","status":"publish","type":"post","link":"https:\/\/balkangreenenergynews.com\/rs\/albanska-vlada-odlucila-da-formira-berzu-za-elektricnu-energiju\/","title":{"rendered":"Albanska vlada odlu\u010dila da formira berzu za elektri\u010dnu energiju"},"content":{"rendered":"<h2>Vlada Albanije odlu\u010dila je da formira berzu za elektri\u010dnu energiju, koja \u0107e omogu\u0107iti dan-unapred i unutardnevno trgovanje, izjavila je Belinda Balluku, ministarka infrastrukture i energetike.<\/h2>\n<p>Berza elektri\u010dne energije, prema njenim re\u010dima, bi\u0107e osnovana u skladu sa direktivama Evropske unije, kao jo\u0161 jedan korak u sprovo\u0111enju reformi u energetskom sektoru. Balluku je istakla da \u0107e berza ubrzati liberalizaciju i deregulaciju tr\u017ei\u0161ta elektri\u010dne energije u Albaniji.<\/p>\n<p>Albanski operator prenosnog sistema OST c\u0301e biti zadu\u017een za osnivanje kompanije koja c\u0301e slu\u017eiti kao operator berze elektri\u010dne energije. Operator c\u0301e imati formu akcionarskog dru\u0161tva, \u010dije akcionare \u0107e izabrati albanska vlada.<\/p>\n<p>Balluku kao potencijalne akcionare vidi operatore prenosnog sistema koji su potpisali memorandume o razumevanju s Albanijom u vezi sa razvojem berze elektri\u010dne energije.<\/p>\n<blockquote><p>Me\u0111unarodna finansijska korporacija (IFC) i Sekretarijat Energetske zajednice pru\u017eili su pomo\u0107 albanskoj vladi u pripremi odluke o formiranju berze elektri\u010dne energije<\/p><\/blockquote>\n<p>Cilj osnivanja berze elektri\u010dne energije je obezbe\u0111ivanje pouzdanih usluga za sve u\u010desnike na tr\u017ei\u0161tu elektri\u010dne energije kako bi se povec\u0301ala bezbednost snabdevanja elektri\u010dnom energijom u zemlji, ali i oja\u010dala finansijska transparentnost.<\/p>\n<p>Odluka o uspostavljanju berze elektri\u010dne energije je i veliki korak u ispunjavanju obaveza koje Albanija ima u skladu sa regualtivom Energetske zajednice, rekla je Balluku, i dodala da su u pripremanju odluke o formiranju berze elektri\u010dne energije, albanskoj vladi pomo\u0107 pru\u017eili Me\u0111unarodna finansijska korporacija (IFC) i Sekretarijat Energetske zajednice.<\/p>\n<p>Ina\u010de, u martu ove godine, operator prenosnog sistema Albanije OST <a href=\"https:\/\/balkangreenenergynews.com\/rs\/bugarska-severna-makedonija-i-albanija-potpisale-memorandum-o-povezivanju-dan-unapred-trzista\/\">potpisao<\/a> je memorandum o razumevanju sa bugarskim operatorom prenosnog sistema OST i makedonskim oepratorom prenosnog sistema MEPSO.<\/p>\n<p>Memorandum podrazumeva i spajanje dan-unapred tr\u017ei\u0161ta koje bi trebalo da prati implicitna alokacija kapaciteta u skladu sa evropskim modelom.<\/p>\n<p>U februaru 2018. godine, Janez Kopa\u010d, direktor Sekretarijata Energetske zajednicu, <a href=\"https:\/\/balkangreenenergynews.com\/rs\/kopac-osnivanje-albanske-berze-elektricne-energije-bilo-prekretnica-region\/\">izjavio<\/a> je da bi stvaranje nacionalne berze elektri\u010dne energije, Albanske berze elektri\u010dne energije (APEX), bilo prekretnica ne samo za Albaniju, vec\u0301 i za region.<\/p>\n","protected":false},"excerpt":{"rendered":"<p>Vlada Albanije odlu\u010dila je da formira berzu za elektri\u010dnu energiju, koja \u0107e omogu\u0107iti dan-unapred i&#8230;<\/p>\n","protected":false},"author":23,"featured_media":32569,"comment_status":"open","ping_status":"closed","sticky":false,"template":"","format":"standard","meta":{"_acf_changed":false,"_monsterinsights_skip_tracking":false,"_monsterinsights_sitenote_active":false,"_monsterinsights_sitenote_note":"","_monsterinsights_sitenote_category":0,"footnotes":""},"categories":[504],"tags":[3456,5036,902,2328,4687],"class_list":["post-23735","post","type-post","status-publish","format-standard","has-post-thumbnail","hentry","category-elektricna-energija","tag-apex","tag-belinda-balluku","tag-berza-elektricne-energije","tag-dan-unapred-trziste","tag-ost","country-albanija"],"acf":[],"yoast_head":"<!-- This site is optimized with the Yoast SEO plugin v27.4 - https:\/\/yoast.com\/product\/yoast-seo-wordpress\/ -->\n<title>Albanska vlada odlu\u010dila da formira berzu za elektri\u010dnu energiju<\/title>\n<meta name=\"description\" content=\"Vlada Albanije odlu\u010dila je da formira berzu za elektri\u010dnu energiju, koja \u0107e omogu\u0107iti dan-unapred i unutardnevno trgovanje, izjavila je Belinda Balluku.\" \/>\n<meta name=\"robots\" content=\"index, follow, max-snippet:-1, max-image-preview:large, max-video-preview:-1\" \/>\n<link rel=\"canonical\" href=\"https:\/\/balkangreenenergynews.com\/rs\/albanska-vlada-odlucila-da-formira-berzu-za-elektricnu-energiju\/\" \/>\n<meta property=\"og:locale\" content=\"sr_RS\" \/>\n<meta property=\"og:type\" content=\"article\" \/>\n<meta property=\"og:title\" content=\"Albanska vlada odlu\u010dila da formira berzu za elektri\u010dnu energiju\" \/>\n<meta property=\"og:description\" content=\"Vlada Albanije odlu\u010dila je da formira berzu za elektri\u010dnu energiju, koja \u0107e omogu\u0107iti dan-unapred i unutardnevno trgovanje, izjavila je Belinda Balluku.\" \/>\n<meta property=\"og:url\" content=\"https:\/\/balkangreenenergynews.com\/rs\/albanska-vlada-odlucila-da-formira-berzu-za-elektricnu-energiju\/\" \/>\n<meta property=\"og:site_name\" content=\"Balkan Green Energy News\" \/>\n<meta property=\"article:published_time\" content=\"2019-05-23T14:40:13+00:00\" \/>\n<meta property=\"article:modified_time\" content=\"2020-07-27T16:12:03+00:00\" \/>\n<meta property=\"og:image\" content=\"https:\/\/balkangreenenergynews.com\/rs\/wp-content\/uploads\/2019\/05\/Albanska-vlada-odlucila-da-formira-berzu-za-elektricnu-energiju.jpg\" \/>\n\t<meta property=\"og:image:width\" content=\"795\" \/>\n\t<meta property=\"og:image:height\" content=\"407\" \/>\n\t<meta property=\"og:image:type\" content=\"image\/jpeg\" \/>\n<meta name=\"author\" content=\"Vladimir Spasi\u0107\" \/>\n<meta name=\"twitter:card\" content=\"summary_large_image\" \/>\n<meta name=\"twitter:label1\" content=\"\u041d\u0430\u043f\u0438\u0441\u0430\u043d\u043e \u043e\u0434\" \/>\n\t<meta name=\"twitter:data1\" content=\"Vladimir Spasi\u0107\" \/>\n\t<meta name=\"twitter:label2\" content=\"\u041f\u0440\u043e\u0446\u0435\u045a\u0435\u043d\u043e \u0432\u0440\u0435\u043c\u0435 \u0447\u0438\u0442\u0430\u045a\u0430\" \/>\n\t<meta name=\"twitter:data2\" content=\"2 \u043c\u0438\u043d\u0443\u0442\u0430\" \/>\n<script type=\"application\/ld+json\" class=\"yoast-schema-graph\">{\"@context\":\"https:\\\/\\\/schema.org\",\"@graph\":[{\"@type\":\"Article\",\"@id\":\"https:\\\/\\\/balkangreenenergynews.com\\\/rs\\\/albanska-vlada-odlucila-da-formira-berzu-za-elektricnu-energiju\\\/#article\",\"isPartOf\":{\"@id\":\"https:\\\/\\\/balkangreenenergynews.com\\\/rs\\\/albanska-vlada-odlucila-da-formira-berzu-za-elektricnu-energiju\\\/\"},\"author\":{\"name\":\"Vladimir Spasi\u0107\",\"@id\":\"https:\\\/\\\/balkangreenenergynews.com\\\/rs\\\/#\\\/schema\\\/person\\\/99dc721c46113fea22caffad06ef7317\"},\"headline\":\"Albanska vlada odlu\u010dila da formira berzu za elektri\u010dnu energiju\",\"datePublished\":\"2019-05-23T14:40:13+00:00\",\"dateModified\":\"2020-07-27T16:12:03+00:00\",\"mainEntityOfPage\":{\"@id\":\"https:\\\/\\\/balkangreenenergynews.com\\\/rs\\\/albanska-vlada-odlucila-da-formira-berzu-za-elektricnu-energiju\\\/\"},\"wordCount\":348,\"commentCount\":0,\"image\":{\"@id\":\"https:\\\/\\\/balkangreenenergynews.com\\\/rs\\\/albanska-vlada-odlucila-da-formira-berzu-za-elektricnu-energiju\\\/#primaryimage\"},\"thumbnailUrl\":\"https:\\\/\\\/balkangreenenergynews.com\\\/rs\\\/wp-content\\\/uploads\\\/2019\\\/05\\\/Albanska-vlada-odlucila-da-formira-berzu-za-elektricnu-energiju.jpg?wsr\",\"keywords\":[\"APEX\",\"Belinda Balluku\",\"berza elektri\u010dne energije\",\"dan-unapred tr\u017ei\u0161te\",\"OST\"],\"articleSection\":[\"Elektri\u010dna energija\"],\"inLanguage\":\"sr-RS\",\"potentialAction\":[{\"@type\":\"CommentAction\",\"name\":\"Comment\",\"target\":[\"https:\\\/\\\/balkangreenenergynews.com\\\/rs\\\/albanska-vlada-odlucila-da-formira-berzu-za-elektricnu-energiju\\\/#respond\"]}]},{\"@type\":\"WebPage\",\"@id\":\"https:\\\/\\\/balkangreenenergynews.com\\\/rs\\\/albanska-vlada-odlucila-da-formira-berzu-za-elektricnu-energiju\\\/\",\"url\":\"https:\\\/\\\/balkangreenenergynews.com\\\/rs\\\/albanska-vlada-odlucila-da-formira-berzu-za-elektricnu-energiju\\\/\",\"name\":\"Albanska vlada odlu\u010dila da formira berzu za elektri\u010dnu energiju\",\"isPartOf\":{\"@id\":\"https:\\\/\\\/balkangreenenergynews.com\\\/rs\\\/#website\"},\"primaryImageOfPage\":{\"@id\":\"https:\\\/\\\/balkangreenenergynews.com\\\/rs\\\/albanska-vlada-odlucila-da-formira-berzu-za-elektricnu-energiju\\\/#primaryimage\"},\"image\":{\"@id\":\"https:\\\/\\\/balkangreenenergynews.com\\\/rs\\\/albanska-vlada-odlucila-da-formira-berzu-za-elektricnu-energiju\\\/#primaryimage\"},\"thumbnailUrl\":\"https:\\\/\\\/balkangreenenergynews.com\\\/rs\\\/wp-content\\\/uploads\\\/2019\\\/05\\\/Albanska-vlada-odlucila-da-formira-berzu-za-elektricnu-energiju.jpg?wsr\",\"datePublished\":\"2019-05-23T14:40:13+00:00\",\"dateModified\":\"2020-07-27T16:12:03+00:00\",\"author\":{\"@id\":\"https:\\\/\\\/balkangreenenergynews.com\\\/rs\\\/#\\\/schema\\\/person\\\/99dc721c46113fea22caffad06ef7317\"},\"description\":\"Vlada Albanije odlu\u010dila je da formira berzu za elektri\u010dnu energiju, koja \u0107e omogu\u0107iti dan-unapred i unutardnevno trgovanje, izjavila je Belinda Balluku.\",\"breadcrumb\":{\"@id\":\"https:\\\/\\\/balkangreenenergynews.com\\\/rs\\\/albanska-vlada-odlucila-da-formira-berzu-za-elektricnu-energiju\\\/#breadcrumb\"},\"inLanguage\":\"sr-RS\",\"potentialAction\":[{\"@type\":\"ReadAction\",\"target\":[\"https:\\\/\\\/balkangreenenergynews.com\\\/rs\\\/albanska-vlada-odlucila-da-formira-berzu-za-elektricnu-energiju\\\/\"]}]},{\"@type\":\"ImageObject\",\"inLanguage\":\"sr-RS\",\"@id\":\"https:\\\/\\\/balkangreenenergynews.com\\\/rs\\\/albanska-vlada-odlucila-da-formira-berzu-za-elektricnu-energiju\\\/#primaryimage\",\"url\":\"https:\\\/\\\/balkangreenenergynews.com\\\/rs\\\/wp-content\\\/uploads\\\/2019\\\/05\\\/Albanska-vlada-odlucila-da-formira-berzu-za-elektricnu-energiju.jpg?wsr\",\"contentUrl\":\"https:\\\/\\\/balkangreenenergynews.com\\\/rs\\\/wp-content\\\/uploads\\\/2019\\\/05\\\/Albanska-vlada-odlucila-da-formira-berzu-za-elektricnu-energiju.jpg?wsr\",\"width\":795,\"height\":407,\"caption\":\"Albanska-vlada-odlucila-da-formira-berzu-za-elektricnu-energiju\"},{\"@type\":\"BreadcrumbList\",\"@id\":\"https:\\\/\\\/balkangreenenergynews.com\\\/rs\\\/albanska-vlada-odlucila-da-formira-berzu-za-elektricnu-energiju\\\/#breadcrumb\",\"itemListElement\":[{\"@type\":\"ListItem\",\"position\":1,\"name\":\"Po\u010detna\",\"item\":\"https:\\\/\\\/balkangreenenergynews.com\\\/rs\\\/\"},{\"@type\":\"ListItem\",\"position\":2,\"name\":\"Vesti\",\"item\":\"https:\\\/\\\/balkangreenenergynews.com\\\/rs\\\/kategorija\\\/vesti\\\/\"},{\"@type\":\"ListItem\",\"position\":3,\"name\":\"Elektri\u010dna energija\",\"item\":\"https:\\\/\\\/balkangreenenergynews.com\\\/rs\\\/kategorija\\\/vesti\\\/elektricna-energija\\\/\"},{\"@type\":\"ListItem\",\"position\":4,\"name\":\"Albanska vlada odlu\u010dila da formira berzu za elektri\u010dnu energiju\"}]},{\"@type\":\"WebSite\",\"@id\":\"https:\\\/\\\/balkangreenenergynews.com\\\/rs\\\/#website\",\"url\":\"https:\\\/\\\/balkangreenenergynews.com\\\/rs\\\/\",\"name\":\"Balkan Green Energy News\",\"description\":\"Naj\u0161iri izbor vesti sa Balkana o zelenoj energiji\",\"potentialAction\":[{\"@type\":\"SearchAction\",\"target\":{\"@type\":\"EntryPoint\",\"urlTemplate\":\"https:\\\/\\\/balkangreenenergynews.com\\\/rs\\\/?s={search_term_string}\"},\"query-input\":{\"@type\":\"PropertyValueSpecification\",\"valueRequired\":true,\"valueName\":\"search_term_string\"}}],\"inLanguage\":\"sr-RS\"},{\"@type\":\"Person\",\"@id\":\"https:\\\/\\\/balkangreenenergynews.com\\\/rs\\\/#\\\/schema\\\/person\\\/99dc721c46113fea22caffad06ef7317\",\"name\":\"Vladimir Spasi\u0107\",\"url\":\"https:\\\/\\\/balkangreenenergynews.com\\\/rs\\\/author\\\/vladimir-spasic\\\/\"}]}<\/script>\n<!-- \/ Yoast SEO plugin. -->","yoast_head_json":{"title":"Albanska vlada odlu\u010dila da formira berzu za elektri\u010dnu energiju","description":"Vlada Albanije odlu\u010dila je da formira berzu za elektri\u010dnu energiju, koja \u0107e omogu\u0107iti dan-unapred i unutardnevno trgovanje, izjavila je Belinda Balluku.","robots":{"index":"index","follow":"follow","max-snippet":"max-snippet:-1","max-image-preview":"max-image-preview:large","max-video-preview":"max-video-preview:-1"},"canonical":"https:\/\/balkangreenenergynews.com\/rs\/albanska-vlada-odlucila-da-formira-berzu-za-elektricnu-energiju\/","og_locale":"sr_RS","og_type":"article","og_title":"Albanska vlada odlu\u010dila da formira berzu za elektri\u010dnu energiju","og_description":"Vlada Albanije odlu\u010dila je da formira berzu za elektri\u010dnu energiju, koja \u0107e omogu\u0107iti dan-unapred i unutardnevno trgovanje, izjavila je Belinda Balluku.","og_url":"https:\/\/balkangreenenergynews.com\/rs\/albanska-vlada-odlucila-da-formira-berzu-za-elektricnu-energiju\/","og_site_name":"Balkan Green Energy News","article_published_time":"2019-05-23T14:40:13+00:00","article_modified_time":"2020-07-27T16:12:03+00:00","og_image":[{"width":795,"height":407,"url":"https:\/\/balkangreenenergynews.com\/rs\/wp-content\/uploads\/2019\/05\/Albanska-vlada-odlucila-da-formira-berzu-za-elektricnu-energiju.jpg","type":"image\/jpeg"}],"author":"Vladimir Spasi\u0107","twitter_card":"summary_large_image","twitter_misc":{"\u041d\u0430\u043f\u0438\u0441\u0430\u043d\u043e \u043e\u0434":"Vladimir Spasi\u0107","\u041f\u0440\u043e\u0446\u0435\u045a\u0435\u043d\u043e \u0432\u0440\u0435\u043c\u0435 \u0447\u0438\u0442\u0430\u045a\u0430":"2 \u043c\u0438\u043d\u0443\u0442\u0430"},"schema":{"@context":"https:\/\/schema.org","@graph":[{"@type":"Article","@id":"https:\/\/balkangreenenergynews.com\/rs\/albanska-vlada-odlucila-da-formira-berzu-za-elektricnu-energiju\/#article","isPartOf":{"@id":"https:\/\/balkangreenenergynews.com\/rs\/albanska-vlada-odlucila-da-formira-berzu-za-elektricnu-energiju\/"},"author":{"name":"Vladimir Spasi\u0107","@id":"https:\/\/balkangreenenergynews.com\/rs\/#\/schema\/person\/99dc721c46113fea22caffad06ef7317"},"headline":"Albanska vlada odlu\u010dila da formira berzu za elektri\u010dnu energiju","datePublished":"2019-05-23T14:40:13+00:00","dateModified":"2020-07-27T16:12:03+00:00","mainEntityOfPage":{"@id":"https:\/\/balkangreenenergynews.com\/rs\/albanska-vlada-odlucila-da-formira-berzu-za-elektricnu-energiju\/"},"wordCount":348,"commentCount":0,"image":{"@id":"https:\/\/balkangreenenergynews.com\/rs\/albanska-vlada-odlucila-da-formira-berzu-za-elektricnu-energiju\/#primaryimage"},"thumbnailUrl":"https:\/\/balkangreenenergynews.com\/rs\/wp-content\/uploads\/2019\/05\/Albanska-vlada-odlucila-da-formira-berzu-za-elektricnu-energiju.jpg?wsr","keywords":["APEX","Belinda Balluku","berza elektri\u010dne energije","dan-unapred tr\u017ei\u0161te","OST"],"articleSection":["Elektri\u010dna energija"],"inLanguage":"sr-RS","potentialAction":[{"@type":"CommentAction","name":"Comment","target":["https:\/\/balkangreenenergynews.com\/rs\/albanska-vlada-odlucila-da-formira-berzu-za-elektricnu-energiju\/#respond"]}]},{"@type":"WebPage","@id":"https:\/\/balkangreenenergynews.com\/rs\/albanska-vlada-odlucila-da-formira-berzu-za-elektricnu-energiju\/","url":"https:\/\/balkangreenenergynews.com\/rs\/albanska-vlada-odlucila-da-formira-berzu-za-elektricnu-energiju\/","name":"Albanska vlada odlu\u010dila da formira berzu za elektri\u010dnu energiju","isPartOf":{"@id":"https:\/\/balkangreenenergynews.com\/rs\/#website"},"primaryImageOfPage":{"@id":"https:\/\/balkangreenenergynews.com\/rs\/albanska-vlada-odlucila-da-formira-berzu-za-elektricnu-energiju\/#primaryimage"},"image":{"@id":"https:\/\/balkangreenenergynews.com\/rs\/albanska-vlada-odlucila-da-formira-berzu-za-elektricnu-energiju\/#primaryimage"},"thumbnailUrl":"https:\/\/balkangreenenergynews.com\/rs\/wp-content\/uploads\/2019\/05\/Albanska-vlada-odlucila-da-formira-berzu-za-elektricnu-energiju.jpg?wsr","datePublished":"2019-05-23T14:40:13+00:00","dateModified":"2020-07-27T16:12:03+00:00","author":{"@id":"https:\/\/balkangreenenergynews.com\/rs\/#\/schema\/person\/99dc721c46113fea22caffad06ef7317"},"description":"Vlada Albanije odlu\u010dila je da formira berzu za elektri\u010dnu energiju, koja \u0107e omogu\u0107iti dan-unapred i unutardnevno trgovanje, izjavila je Belinda Balluku.","breadcrumb":{"@id":"https:\/\/balkangreenenergynews.com\/rs\/albanska-vlada-odlucila-da-formira-berzu-za-elektricnu-energiju\/#breadcrumb"},"inLanguage":"sr-RS","potentialAction":[{"@type":"ReadAction","target":["https:\/\/balkangreenenergynews.com\/rs\/albanska-vlada-odlucila-da-formira-berzu-za-elektricnu-energiju\/"]}]},{"@type":"ImageObject","inLanguage":"sr-RS","@id":"https:\/\/balkangreenenergynews.com\/rs\/albanska-vlada-odlucila-da-formira-berzu-za-elektricnu-energiju\/#primaryimage","url":"https:\/\/balkangreenenergynews.com\/rs\/wp-content\/uploads\/2019\/05\/Albanska-vlada-odlucila-da-formira-berzu-za-elektricnu-energiju.jpg?wsr","contentUrl":"https:\/\/balkangreenenergynews.com\/rs\/wp-content\/uploads\/2019\/05\/Albanska-vlada-odlucila-da-formira-berzu-za-elektricnu-energiju.jpg?wsr","width":795,"height":407,"caption":"Albanska-vlada-odlucila-da-formira-berzu-za-elektricnu-energiju"},{"@type":"BreadcrumbList","@id":"https:\/\/balkangreenenergynews.com\/rs\/albanska-vlada-odlucila-da-formira-berzu-za-elektricnu-energiju\/#breadcrumb","itemListElement":[{"@type":"ListItem","position":1,"name":"Po\u010detna","item":"https:\/\/balkangreenenergynews.com\/rs\/"},{"@type":"ListItem","position":2,"name":"Vesti","item":"https:\/\/balkangreenenergynews.com\/rs\/kategorija\/vesti\/"},{"@type":"ListItem","position":3,"name":"Elektri\u010dna energija","item":"https:\/\/balkangreenenergynews.com\/rs\/kategorija\/vesti\/elektricna-energija\/"},{"@type":"ListItem","position":4,"name":"Albanska vlada odlu\u010dila da formira berzu za elektri\u010dnu energiju"}]},{"@type":"WebSite","@id":"https:\/\/balkangreenenergynews.com\/rs\/#website","url":"https:\/\/balkangreenenergynews.com\/rs\/","name":"Balkan Green Energy News","description":"Naj\u0161iri izbor vesti sa Balkana o zelenoj energiji","potentialAction":[{"@type":"SearchAction","target":{"@type":"EntryPoint","urlTemplate":"https:\/\/balkangreenenergynews.com\/rs\/?s={search_term_string}"},"query-input":{"@type":"PropertyValueSpecification","valueRequired":true,"valueName":"search_term_string"}}],"inLanguage":"sr-RS"},{"@type":"Person","@id":"https:\/\/balkangreenenergynews.com\/rs\/#\/schema\/person\/99dc721c46113fea22caffad06ef7317","name":"Vladimir Spasi\u0107","url":"https:\/\/balkangreenenergynews.com\/rs\/author\/vladimir-spasic\/"}]}},"_links":{"self":[{"href":"https:\/\/balkangreenenergynews.com\/rs\/wp-json\/wp\/v2\/posts\/23735","targetHints":{"allow":["GET"]}}],"collection":[{"href":"https:\/\/balkangreenenergynews.com\/rs\/wp-json\/wp\/v2\/posts"}],"about":[{"href":"https:\/\/balkangreenenergynews.com\/rs\/wp-json\/wp\/v2\/types\/post"}],"author":[{"embeddable":true,"href":"https:\/\/balkangreenenergynews.com\/rs\/wp-json\/wp\/v2\/users\/23"}],"replies":[{"embeddable":true,"href":"https:\/\/balkangreenenergynews.com\/rs\/wp-json\/wp\/v2\/comments?post=23735"}],"version-history":[{"count":0,"href":"https:\/\/balkangreenenergynews.com\/rs\/wp-json\/wp\/v2\/posts\/23735\/revisions"}],"wp:featuredmedia":[{"embeddable":true,"href":"https:\/\/balkangreenenergynews.com\/rs\/wp-json\/wp\/v2\/media\/32569"}],"wp:attachment":[{"href":"https:\/\/balkangreenenergynews.com\/rs\/wp-json\/wp\/v2\/media?parent=23735"}],"wp:term":[{"taxonomy":"category","embeddable":true,"href":"https:\/\/balkangreenenergynews.com\/rs\/wp-json\/wp\/v2\/categories?post=23735"},{"taxonomy":"post_tag","embeddable":true,"href":"https:\/\/balkangreenenergynews.com\/rs\/wp-json\/wp\/v2\/tags?post=23735"}],"curies":[{"name":"wp","href":"https:\/\/api.w.org\/{rel}","templated":true}]}}