{"id":23669,"date":"2019-05-20T14:34:44","date_gmt":"2019-05-20T12:34:44","guid":{"rendered":"https:\/\/balkangreenenergynews.com\/rs\/?p=23669"},"modified":"2020-07-27T18:26:03","modified_gmt":"2020-07-27T16:26:03","slug":"pcele-presudne-za-proizvodnju-hrane-i-biodiverzitet-a-nestaju-alarmantnom-brzinom","status":"publish","type":"post","link":"https:\/\/balkangreenenergynews.com\/rs\/pcele-presudne-za-proizvodnju-hrane-i-biodiverzitet-a-nestaju-alarmantnom-brzinom\/","title":{"rendered":"P\u010dele presudne za proizvodnju hrane i biodiverzitet, a nestaju alarmantnom brzinom"},"content":{"rendered":"<h2>Da li ste znali da je \u010dovek iz regiona za\u010detnik modernog p\u010delarstva? Anton Jan\u0161a rodio se 20. maja 1734. godine na teritoriji dana\u0161nje Slovenije, a Ujedinjene nacije su odabrale da se Svetski dan p\u010dela obele\u017eava na njegov ro\u0111endan. Drugi razlog obele\u017eavanja Svetskog dana p\u010dela u maju je \u010dinjenica da su p\u010dele na severnoj hemisferi najaktivnije u maju.<\/h2>\n<p>Osim \u0161to ljudima obezbe\u0111uju med i druge korisne proizvode, p\u010dele su najzastupljeniji polinatori na planeti, u koje se ubrajaju i druge vrste, poput leptira, slepih mi\u0161eva i kolibrija. Kao takve, p\u010dele su presudne za proizvodnju hrane, ali i za o\u010duvanje biodiverziteta.<\/p>\n<p>Prema podacima UN, postoji izme\u0111u 25.000 i 30.000 vrsta p\u010dela, a o\u010duvanje raznovrsnosti p\u010dela i drugih polinatora od klju\u010dnog je zna\u010daja za smanjenje uticaja klimatskih promena na poljoprivrednu proizvodnju i, posledi\u010dno, re\u0161avanje problema gladi u svetu.<\/p>\n<p>Raznolikost polinatora je va\u017ena zato \u0161to razli\u010dite vrste razli\u010dito reaguju na razli\u010dite temperature i stani\u0161ta, \u0161to zna\u010di da je njihov diverzitet neophodan za opra\u0161ivanje useva u postoje\u0107im klimatskim uslovima, ali i u onim koji \u0107e tek nastupiti u budu\u0107nosti, kao i za raznolikost poljoprivrednih useva i ljudske ishrane, navode UN.<\/p>\n<blockquote><p>U mnogim zemljama svake godine ugine do 50% medonosnih p\u010dela<\/p><\/blockquote>\n<p>Me\u0111utim, polinatore u dana\u0161nje vreme vrebaju mnoge opasnosti, od intenzivne poljoprivredne proizvodnje do pesticida i klimatskih promena i sve ve\u0107ih vru\u0107ina. Koliko je situacija dramati\u010dna govori podatak da u mnogim zemljama svake godine ugine do 50% medonosnih p\u010dela.<\/p>\n<p><img loading=\"lazy\" decoding=\"async\" class=\"size-full wp-image-32586 aligncenter\" src=\"https:\/\/balkangreenenergynews.com\/rs\/wp-content\/uploads\/2019\/05\/biodiverzitet-pcele-nestajanje.jpg\" alt=\"biodiverzitet pcele nestajanje\" width=\"795\" height=\"407\" srcset=\"https:\/\/balkangreenenergynews.com\/rs\/wp-content\/uploads\/2019\/05\/biodiverzitet-pcele-nestajanje.jpg 795w, https:\/\/balkangreenenergynews.com\/rs\/wp-content\/uploads\/2019\/05\/biodiverzitet-pcele-nestajanje-500x256.jpg 500w, https:\/\/balkangreenenergynews.com\/rs\/wp-content\/uploads\/2019\/05\/biodiverzitet-pcele-nestajanje-768x393.jpg 768w, https:\/\/balkangreenenergynews.com\/rs\/wp-content\/uploads\/2019\/05\/biodiverzitet-pcele-nestajanje-300x154.jpg 300w\" sizes=\"auto, (max-width: 795px) 100vw, 795px\" \/><\/p>\n<h3><span style=\"\">\u0160ta mo\u017ee da se u\u010dini za p\u010dele?<\/span><\/h3>\n<p>Ujedinjene nacije savetuju donosiocima odluka slede\u0107e korake:<\/p>\n<ul>\n<li>usvajanje politika upotrebe pesticida koji nisu \u0161tetni za polinatore,<\/li>\n<li>o\u010duvanje i unapre\u0111enje stani\u0161ta polinatora,<\/li>\n<li>vrednovanje, podsticaje i pla\u0107anja za ekosistemske usluge,<\/li>\n<li>uklju\u010divanje, razmenu znanja i osna\u017eivanje seoskog stanovni\u0161tva i autohtonih naroda i lokalnih zajednica,<\/li>\n<li>zajedni\u010dka istra\u017eivanja i dopiranje do zajednice,<\/li>\n<li>podizanje nivoa svesti i razmenu znanja.<\/li>\n<\/ul>\n<h3><span style=\"\">Preporuke za poljoprivrednike<\/span><\/h3>\n<p>UN preporu\u010duju poljoprivrednicima da doprinesu za\u0161titi p\u010dela na slede\u0107e na\u010dine:<\/p>\n<ul>\n<li>na odre\u0111enim povr\u0161inama zadr\u017eati prirodno stani\u0161te,<\/li>\n<li>zasaditi \u017eive ograde,<\/li>\n<li>smanjiti upotrebu pesticida ili promeniti na\u010din upotrebe,<\/li>\n<li>ne remetiti ko\u0161nice,<\/li>\n<li>saditi useve koji su privla\u010dni p\u010delama.<\/li>\n<\/ul>\n","protected":false},"excerpt":{"rendered":"<p>Da li ste znali da je \u010dovek iz regiona za\u010detnik modernog p\u010delarstva? Anton Jan\u0161a rodio&#8230;<\/p>\n","protected":false},"author":20,"featured_media":32587,"comment_status":"open","ping_status":"closed","sticky":false,"template":"","format":"standard","meta":{"_acf_changed":false,"_monsterinsights_skip_tracking":false,"_monsterinsights_sitenote_active":false,"_monsterinsights_sitenote_note":"","_monsterinsights_sitenote_category":0,"footnotes":""},"categories":[5253,4],"tags":[1739,766],"class_list":["post-23669","post","type-post","status-publish","format-standard","has-post-thumbnail","hentry","category-biodiverzitet","category-zivotna-sredina","tag-biodiverzitet","tag-klimatske-promene","country-svet"],"acf":[],"yoast_head":"<!-- This site is optimized with the Yoast SEO plugin v27.4 - https:\/\/yoast.com\/product\/yoast-seo-wordpress\/ -->\n<title>P\u010dele presudne za proizvodnju hrane i biodiverzitet, a nestaju alarmantnom brzinom<\/title>\n<meta name=\"description\" content=\"Da li ste znali da je \u010dovek iz regiona za\u010detnik modernog p\u010delarstva? Anton Jan\u0161a rodio se 20. maja 1734. godine na teritoriji dana\u0161nje Slovenije, a Ujedinjene nacije su odabrale da se Svetski dan p\u010dela obele\u017eava na njegov ro\u0111endan. Drugi razlog obele\u017eavanja Svetskog dana p\u010dela u maju je \u010dinjenica da su p\u010dele na severnoj hemisferi najaktivnije u maju.\" \/>\n<meta name=\"robots\" content=\"index, follow, max-snippet:-1, max-image-preview:large, max-video-preview:-1\" \/>\n<link rel=\"canonical\" href=\"https:\/\/balkangreenenergynews.com\/rs\/pcele-presudne-za-proizvodnju-hrane-i-biodiverzitet-a-nestaju-alarmantnom-brzinom\/\" \/>\n<meta property=\"og:locale\" content=\"sr_RS\" \/>\n<meta property=\"og:type\" content=\"article\" \/>\n<meta property=\"og:title\" content=\"P\u010dele presudne za proizvodnju hrane i biodiverzitet, a nestaju alarmantnom brzinom\" \/>\n<meta property=\"og:description\" content=\"Da li ste znali da je \u010dovek iz regiona za\u010detnik modernog p\u010delarstva? Anton Jan\u0161a rodio se 20. maja 1734. godine na teritoriji dana\u0161nje Slovenije, a Ujedinjene nacije su odabrale da se Svetski dan p\u010dela obele\u017eava na njegov ro\u0111endan. Drugi razlog obele\u017eavanja Svetskog dana p\u010dela u maju je \u010dinjenica da su p\u010dele na severnoj hemisferi najaktivnije u maju.\" \/>\n<meta property=\"og:url\" content=\"https:\/\/balkangreenenergynews.com\/rs\/pcele-presudne-za-proizvodnju-hrane-i-biodiverzitet-a-nestaju-alarmantnom-brzinom\/\" \/>\n<meta property=\"og:site_name\" content=\"Balkan Green Energy News\" \/>\n<meta property=\"article:published_time\" content=\"2019-05-20T12:34:44+00:00\" \/>\n<meta property=\"article:modified_time\" content=\"2020-07-27T16:26:03+00:00\" \/>\n<meta property=\"og:image\" content=\"https:\/\/balkangreenenergynews.com\/rs\/wp-content\/uploads\/2019\/05\/biodiverzitet-pcele-nestanak.jpg\" \/>\n\t<meta property=\"og:image:width\" content=\"795\" \/>\n\t<meta property=\"og:image:height\" content=\"407\" \/>\n\t<meta property=\"og:image:type\" content=\"image\/jpeg\" \/>\n<meta name=\"author\" content=\"Svetlana Jovanovi\u0107\" \/>\n<meta name=\"twitter:card\" content=\"summary_large_image\" \/>\n<meta name=\"twitter:label1\" content=\"\u041d\u0430\u043f\u0438\u0441\u0430\u043d\u043e \u043e\u0434\" \/>\n\t<meta name=\"twitter:data1\" content=\"Svetlana Jovanovi\u0107\" \/>\n\t<meta name=\"twitter:label2\" content=\"\u041f\u0440\u043e\u0446\u0435\u045a\u0435\u043d\u043e \u0432\u0440\u0435\u043c\u0435 \u0447\u0438\u0442\u0430\u045a\u0430\" \/>\n\t<meta name=\"twitter:data2\" content=\"2 \u043c\u0438\u043d\u0443\u0442\u0430\" \/>\n<script type=\"application\/ld+json\" class=\"yoast-schema-graph\">{\"@context\":\"https:\\\/\\\/schema.org\",\"@graph\":[{\"@type\":\"Article\",\"@id\":\"https:\\\/\\\/balkangreenenergynews.com\\\/rs\\\/pcele-presudne-za-proizvodnju-hrane-i-biodiverzitet-a-nestaju-alarmantnom-brzinom\\\/#article\",\"isPartOf\":{\"@id\":\"https:\\\/\\\/balkangreenenergynews.com\\\/rs\\\/pcele-presudne-za-proizvodnju-hrane-i-biodiverzitet-a-nestaju-alarmantnom-brzinom\\\/\"},\"author\":{\"name\":\"Svetlana Jovanovi\u0107\",\"@id\":\"https:\\\/\\\/balkangreenenergynews.com\\\/rs\\\/#\\\/schema\\\/person\\\/82b991c6efaf6b462e01800c17da5ae9\"},\"headline\":\"P\u010dele presudne za proizvodnju hrane i biodiverzitet, a nestaju alarmantnom brzinom\",\"datePublished\":\"2019-05-20T12:34:44+00:00\",\"dateModified\":\"2020-07-27T16:26:03+00:00\",\"mainEntityOfPage\":{\"@id\":\"https:\\\/\\\/balkangreenenergynews.com\\\/rs\\\/pcele-presudne-za-proizvodnju-hrane-i-biodiverzitet-a-nestaju-alarmantnom-brzinom\\\/\"},\"wordCount\":401,\"commentCount\":0,\"image\":{\"@id\":\"https:\\\/\\\/balkangreenenergynews.com\\\/rs\\\/pcele-presudne-za-proizvodnju-hrane-i-biodiverzitet-a-nestaju-alarmantnom-brzinom\\\/#primaryimage\"},\"thumbnailUrl\":\"https:\\\/\\\/balkangreenenergynews.com\\\/rs\\\/wp-content\\\/uploads\\\/2019\\\/05\\\/biodiverzitet-pcele-nestanak.jpg?wsr\",\"keywords\":[\"biodiverzitet\",\"klimatske promene\"],\"articleSection\":[\"Biodiverzitet\",\"\u017divotna sredina\"],\"inLanguage\":\"sr-RS\",\"potentialAction\":[{\"@type\":\"CommentAction\",\"name\":\"Comment\",\"target\":[\"https:\\\/\\\/balkangreenenergynews.com\\\/rs\\\/pcele-presudne-za-proizvodnju-hrane-i-biodiverzitet-a-nestaju-alarmantnom-brzinom\\\/#respond\"]}]},{\"@type\":\"WebPage\",\"@id\":\"https:\\\/\\\/balkangreenenergynews.com\\\/rs\\\/pcele-presudne-za-proizvodnju-hrane-i-biodiverzitet-a-nestaju-alarmantnom-brzinom\\\/\",\"url\":\"https:\\\/\\\/balkangreenenergynews.com\\\/rs\\\/pcele-presudne-za-proizvodnju-hrane-i-biodiverzitet-a-nestaju-alarmantnom-brzinom\\\/\",\"name\":\"P\u010dele presudne za proizvodnju hrane i biodiverzitet, a nestaju alarmantnom brzinom\",\"isPartOf\":{\"@id\":\"https:\\\/\\\/balkangreenenergynews.com\\\/rs\\\/#website\"},\"primaryImageOfPage\":{\"@id\":\"https:\\\/\\\/balkangreenenergynews.com\\\/rs\\\/pcele-presudne-za-proizvodnju-hrane-i-biodiverzitet-a-nestaju-alarmantnom-brzinom\\\/#primaryimage\"},\"image\":{\"@id\":\"https:\\\/\\\/balkangreenenergynews.com\\\/rs\\\/pcele-presudne-za-proizvodnju-hrane-i-biodiverzitet-a-nestaju-alarmantnom-brzinom\\\/#primaryimage\"},\"thumbnailUrl\":\"https:\\\/\\\/balkangreenenergynews.com\\\/rs\\\/wp-content\\\/uploads\\\/2019\\\/05\\\/biodiverzitet-pcele-nestanak.jpg?wsr\",\"datePublished\":\"2019-05-20T12:34:44+00:00\",\"dateModified\":\"2020-07-27T16:26:03+00:00\",\"author\":{\"@id\":\"https:\\\/\\\/balkangreenenergynews.com\\\/rs\\\/#\\\/schema\\\/person\\\/82b991c6efaf6b462e01800c17da5ae9\"},\"description\":\"Da li ste znali da je \u010dovek iz regiona za\u010detnik modernog p\u010delarstva? Anton Jan\u0161a rodio se 20. maja 1734. godine na teritoriji dana\u0161nje Slovenije, a Ujedinjene nacije su odabrale da se Svetski dan p\u010dela obele\u017eava na njegov ro\u0111endan. Drugi razlog obele\u017eavanja Svetskog dana p\u010dela u maju je \u010dinjenica da su p\u010dele na severnoj hemisferi najaktivnije u maju.\",\"breadcrumb\":{\"@id\":\"https:\\\/\\\/balkangreenenergynews.com\\\/rs\\\/pcele-presudne-za-proizvodnju-hrane-i-biodiverzitet-a-nestaju-alarmantnom-brzinom\\\/#breadcrumb\"},\"inLanguage\":\"sr-RS\",\"potentialAction\":[{\"@type\":\"ReadAction\",\"target\":[\"https:\\\/\\\/balkangreenenergynews.com\\\/rs\\\/pcele-presudne-za-proizvodnju-hrane-i-biodiverzitet-a-nestaju-alarmantnom-brzinom\\\/\"]}]},{\"@type\":\"ImageObject\",\"inLanguage\":\"sr-RS\",\"@id\":\"https:\\\/\\\/balkangreenenergynews.com\\\/rs\\\/pcele-presudne-za-proizvodnju-hrane-i-biodiverzitet-a-nestaju-alarmantnom-brzinom\\\/#primaryimage\",\"url\":\"https:\\\/\\\/balkangreenenergynews.com\\\/rs\\\/wp-content\\\/uploads\\\/2019\\\/05\\\/biodiverzitet-pcele-nestanak.jpg?wsr\",\"contentUrl\":\"https:\\\/\\\/balkangreenenergynews.com\\\/rs\\\/wp-content\\\/uploads\\\/2019\\\/05\\\/biodiverzitet-pcele-nestanak.jpg?wsr\",\"width\":795,\"height\":407,\"caption\":\"biodiverzitet pcele nestanak\"},{\"@type\":\"BreadcrumbList\",\"@id\":\"https:\\\/\\\/balkangreenenergynews.com\\\/rs\\\/pcele-presudne-za-proizvodnju-hrane-i-biodiverzitet-a-nestaju-alarmantnom-brzinom\\\/#breadcrumb\",\"itemListElement\":[{\"@type\":\"ListItem\",\"position\":1,\"name\":\"Po\u010detna\",\"item\":\"https:\\\/\\\/balkangreenenergynews.com\\\/rs\\\/\"},{\"@type\":\"ListItem\",\"position\":2,\"name\":\"Vesti\",\"item\":\"https:\\\/\\\/balkangreenenergynews.com\\\/rs\\\/kategorija\\\/vesti\\\/\"},{\"@type\":\"ListItem\",\"position\":3,\"name\":\"\u017divotna sredina\",\"item\":\"https:\\\/\\\/balkangreenenergynews.com\\\/rs\\\/kategorija\\\/vesti\\\/zivotna-sredina\\\/\"},{\"@type\":\"ListItem\",\"position\":4,\"name\":\"P\u010dele presudne za proizvodnju hrane i biodiverzitet, a nestaju alarmantnom brzinom\"}]},{\"@type\":\"WebSite\",\"@id\":\"https:\\\/\\\/balkangreenenergynews.com\\\/rs\\\/#website\",\"url\":\"https:\\\/\\\/balkangreenenergynews.com\\\/rs\\\/\",\"name\":\"Balkan Green Energy News\",\"description\":\"Naj\u0161iri izbor vesti sa Balkana o zelenoj energiji\",\"potentialAction\":[{\"@type\":\"SearchAction\",\"target\":{\"@type\":\"EntryPoint\",\"urlTemplate\":\"https:\\\/\\\/balkangreenenergynews.com\\\/rs\\\/?s={search_term_string}\"},\"query-input\":{\"@type\":\"PropertyValueSpecification\",\"valueRequired\":true,\"valueName\":\"search_term_string\"}}],\"inLanguage\":\"sr-RS\"},{\"@type\":\"Person\",\"@id\":\"https:\\\/\\\/balkangreenenergynews.com\\\/rs\\\/#\\\/schema\\\/person\\\/82b991c6efaf6b462e01800c17da5ae9\",\"name\":\"Svetlana Jovanovi\u0107\",\"description\":\"Nakon 15 godina pisanja i ure\u0111ivanja finansijskih &amp; biznis vesti, Svetlana se od 2018. godine fokusira na teme \u017eivotne sredine i odr\u017eivog razvoja. #BeatPlasticPollution je njen omiljeni hashtag.\",\"sameAs\":[\"https:\\\/\\\/www.linkedin.com\\\/in\\\/svetlana-jovanovic-4741814b\\\/\"],\"url\":\"https:\\\/\\\/balkangreenenergynews.com\\\/rs\\\/author\\\/svetlana-jovanovic\\\/\"}]}<\/script>\n<!-- \/ Yoast SEO plugin. -->","yoast_head_json":{"title":"P\u010dele presudne za proizvodnju hrane i biodiverzitet, a nestaju alarmantnom brzinom","description":"Da li ste znali da je \u010dovek iz regiona za\u010detnik modernog p\u010delarstva? Anton Jan\u0161a rodio se 20. maja 1734. godine na teritoriji dana\u0161nje Slovenije, a Ujedinjene nacije su odabrale da se Svetski dan p\u010dela obele\u017eava na njegov ro\u0111endan. Drugi razlog obele\u017eavanja Svetskog dana p\u010dela u maju je \u010dinjenica da su p\u010dele na severnoj hemisferi najaktivnije u maju.","robots":{"index":"index","follow":"follow","max-snippet":"max-snippet:-1","max-image-preview":"max-image-preview:large","max-video-preview":"max-video-preview:-1"},"canonical":"https:\/\/balkangreenenergynews.com\/rs\/pcele-presudne-za-proizvodnju-hrane-i-biodiverzitet-a-nestaju-alarmantnom-brzinom\/","og_locale":"sr_RS","og_type":"article","og_title":"P\u010dele presudne za proizvodnju hrane i biodiverzitet, a nestaju alarmantnom brzinom","og_description":"Da li ste znali da je \u010dovek iz regiona za\u010detnik modernog p\u010delarstva? Anton Jan\u0161a rodio se 20. maja 1734. godine na teritoriji dana\u0161nje Slovenije, a Ujedinjene nacije su odabrale da se Svetski dan p\u010dela obele\u017eava na njegov ro\u0111endan. Drugi razlog obele\u017eavanja Svetskog dana p\u010dela u maju je \u010dinjenica da su p\u010dele na severnoj hemisferi najaktivnije u maju.","og_url":"https:\/\/balkangreenenergynews.com\/rs\/pcele-presudne-za-proizvodnju-hrane-i-biodiverzitet-a-nestaju-alarmantnom-brzinom\/","og_site_name":"Balkan Green Energy News","article_published_time":"2019-05-20T12:34:44+00:00","article_modified_time":"2020-07-27T16:26:03+00:00","og_image":[{"width":795,"height":407,"url":"https:\/\/balkangreenenergynews.com\/rs\/wp-content\/uploads\/2019\/05\/biodiverzitet-pcele-nestanak.jpg","type":"image\/jpeg"}],"author":"Svetlana Jovanovi\u0107","twitter_card":"summary_large_image","twitter_misc":{"\u041d\u0430\u043f\u0438\u0441\u0430\u043d\u043e \u043e\u0434":"Svetlana Jovanovi\u0107","\u041f\u0440\u043e\u0446\u0435\u045a\u0435\u043d\u043e \u0432\u0440\u0435\u043c\u0435 \u0447\u0438\u0442\u0430\u045a\u0430":"2 \u043c\u0438\u043d\u0443\u0442\u0430"},"schema":{"@context":"https:\/\/schema.org","@graph":[{"@type":"Article","@id":"https:\/\/balkangreenenergynews.com\/rs\/pcele-presudne-za-proizvodnju-hrane-i-biodiverzitet-a-nestaju-alarmantnom-brzinom\/#article","isPartOf":{"@id":"https:\/\/balkangreenenergynews.com\/rs\/pcele-presudne-za-proizvodnju-hrane-i-biodiverzitet-a-nestaju-alarmantnom-brzinom\/"},"author":{"name":"Svetlana Jovanovi\u0107","@id":"https:\/\/balkangreenenergynews.com\/rs\/#\/schema\/person\/82b991c6efaf6b462e01800c17da5ae9"},"headline":"P\u010dele presudne za proizvodnju hrane i biodiverzitet, a nestaju alarmantnom brzinom","datePublished":"2019-05-20T12:34:44+00:00","dateModified":"2020-07-27T16:26:03+00:00","mainEntityOfPage":{"@id":"https:\/\/balkangreenenergynews.com\/rs\/pcele-presudne-za-proizvodnju-hrane-i-biodiverzitet-a-nestaju-alarmantnom-brzinom\/"},"wordCount":401,"commentCount":0,"image":{"@id":"https:\/\/balkangreenenergynews.com\/rs\/pcele-presudne-za-proizvodnju-hrane-i-biodiverzitet-a-nestaju-alarmantnom-brzinom\/#primaryimage"},"thumbnailUrl":"https:\/\/balkangreenenergynews.com\/rs\/wp-content\/uploads\/2019\/05\/biodiverzitet-pcele-nestanak.jpg?wsr","keywords":["biodiverzitet","klimatske promene"],"articleSection":["Biodiverzitet","\u017divotna sredina"],"inLanguage":"sr-RS","potentialAction":[{"@type":"CommentAction","name":"Comment","target":["https:\/\/balkangreenenergynews.com\/rs\/pcele-presudne-za-proizvodnju-hrane-i-biodiverzitet-a-nestaju-alarmantnom-brzinom\/#respond"]}]},{"@type":"WebPage","@id":"https:\/\/balkangreenenergynews.com\/rs\/pcele-presudne-za-proizvodnju-hrane-i-biodiverzitet-a-nestaju-alarmantnom-brzinom\/","url":"https:\/\/balkangreenenergynews.com\/rs\/pcele-presudne-za-proizvodnju-hrane-i-biodiverzitet-a-nestaju-alarmantnom-brzinom\/","name":"P\u010dele presudne za proizvodnju hrane i biodiverzitet, a nestaju alarmantnom brzinom","isPartOf":{"@id":"https:\/\/balkangreenenergynews.com\/rs\/#website"},"primaryImageOfPage":{"@id":"https:\/\/balkangreenenergynews.com\/rs\/pcele-presudne-za-proizvodnju-hrane-i-biodiverzitet-a-nestaju-alarmantnom-brzinom\/#primaryimage"},"image":{"@id":"https:\/\/balkangreenenergynews.com\/rs\/pcele-presudne-za-proizvodnju-hrane-i-biodiverzitet-a-nestaju-alarmantnom-brzinom\/#primaryimage"},"thumbnailUrl":"https:\/\/balkangreenenergynews.com\/rs\/wp-content\/uploads\/2019\/05\/biodiverzitet-pcele-nestanak.jpg?wsr","datePublished":"2019-05-20T12:34:44+00:00","dateModified":"2020-07-27T16:26:03+00:00","author":{"@id":"https:\/\/balkangreenenergynews.com\/rs\/#\/schema\/person\/82b991c6efaf6b462e01800c17da5ae9"},"description":"Da li ste znali da je \u010dovek iz regiona za\u010detnik modernog p\u010delarstva? Anton Jan\u0161a rodio se 20. maja 1734. godine na teritoriji dana\u0161nje Slovenije, a Ujedinjene nacije su odabrale da se Svetski dan p\u010dela obele\u017eava na njegov ro\u0111endan. Drugi razlog obele\u017eavanja Svetskog dana p\u010dela u maju je \u010dinjenica da su p\u010dele na severnoj hemisferi najaktivnije u maju.","breadcrumb":{"@id":"https:\/\/balkangreenenergynews.com\/rs\/pcele-presudne-za-proizvodnju-hrane-i-biodiverzitet-a-nestaju-alarmantnom-brzinom\/#breadcrumb"},"inLanguage":"sr-RS","potentialAction":[{"@type":"ReadAction","target":["https:\/\/balkangreenenergynews.com\/rs\/pcele-presudne-za-proizvodnju-hrane-i-biodiverzitet-a-nestaju-alarmantnom-brzinom\/"]}]},{"@type":"ImageObject","inLanguage":"sr-RS","@id":"https:\/\/balkangreenenergynews.com\/rs\/pcele-presudne-za-proizvodnju-hrane-i-biodiverzitet-a-nestaju-alarmantnom-brzinom\/#primaryimage","url":"https:\/\/balkangreenenergynews.com\/rs\/wp-content\/uploads\/2019\/05\/biodiverzitet-pcele-nestanak.jpg?wsr","contentUrl":"https:\/\/balkangreenenergynews.com\/rs\/wp-content\/uploads\/2019\/05\/biodiverzitet-pcele-nestanak.jpg?wsr","width":795,"height":407,"caption":"biodiverzitet pcele nestanak"},{"@type":"BreadcrumbList","@id":"https:\/\/balkangreenenergynews.com\/rs\/pcele-presudne-za-proizvodnju-hrane-i-biodiverzitet-a-nestaju-alarmantnom-brzinom\/#breadcrumb","itemListElement":[{"@type":"ListItem","position":1,"name":"Po\u010detna","item":"https:\/\/balkangreenenergynews.com\/rs\/"},{"@type":"ListItem","position":2,"name":"Vesti","item":"https:\/\/balkangreenenergynews.com\/rs\/kategorija\/vesti\/"},{"@type":"ListItem","position":3,"name":"\u017divotna sredina","item":"https:\/\/balkangreenenergynews.com\/rs\/kategorija\/vesti\/zivotna-sredina\/"},{"@type":"ListItem","position":4,"name":"P\u010dele presudne za proizvodnju hrane i biodiverzitet, a nestaju alarmantnom brzinom"}]},{"@type":"WebSite","@id":"https:\/\/balkangreenenergynews.com\/rs\/#website","url":"https:\/\/balkangreenenergynews.com\/rs\/","name":"Balkan Green Energy News","description":"Naj\u0161iri izbor vesti sa Balkana o zelenoj energiji","potentialAction":[{"@type":"SearchAction","target":{"@type":"EntryPoint","urlTemplate":"https:\/\/balkangreenenergynews.com\/rs\/?s={search_term_string}"},"query-input":{"@type":"PropertyValueSpecification","valueRequired":true,"valueName":"search_term_string"}}],"inLanguage":"sr-RS"},{"@type":"Person","@id":"https:\/\/balkangreenenergynews.com\/rs\/#\/schema\/person\/82b991c6efaf6b462e01800c17da5ae9","name":"Svetlana Jovanovi\u0107","description":"Nakon 15 godina pisanja i ure\u0111ivanja finansijskih &amp; biznis vesti, Svetlana se od 2018. godine fokusira na teme \u017eivotne sredine i odr\u017eivog razvoja. #BeatPlasticPollution je njen omiljeni hashtag.","sameAs":["https:\/\/www.linkedin.com\/in\/svetlana-jovanovic-4741814b\/"],"url":"https:\/\/balkangreenenergynews.com\/rs\/author\/svetlana-jovanovic\/"}]}},"_links":{"self":[{"href":"https:\/\/balkangreenenergynews.com\/rs\/wp-json\/wp\/v2\/posts\/23669","targetHints":{"allow":["GET"]}}],"collection":[{"href":"https:\/\/balkangreenenergynews.com\/rs\/wp-json\/wp\/v2\/posts"}],"about":[{"href":"https:\/\/balkangreenenergynews.com\/rs\/wp-json\/wp\/v2\/types\/post"}],"author":[{"embeddable":true,"href":"https:\/\/balkangreenenergynews.com\/rs\/wp-json\/wp\/v2\/users\/20"}],"replies":[{"embeddable":true,"href":"https:\/\/balkangreenenergynews.com\/rs\/wp-json\/wp\/v2\/comments?post=23669"}],"version-history":[{"count":0,"href":"https:\/\/balkangreenenergynews.com\/rs\/wp-json\/wp\/v2\/posts\/23669\/revisions"}],"wp:featuredmedia":[{"embeddable":true,"href":"https:\/\/balkangreenenergynews.com\/rs\/wp-json\/wp\/v2\/media\/32587"}],"wp:attachment":[{"href":"https:\/\/balkangreenenergynews.com\/rs\/wp-json\/wp\/v2\/media?parent=23669"}],"wp:term":[{"taxonomy":"category","embeddable":true,"href":"https:\/\/balkangreenenergynews.com\/rs\/wp-json\/wp\/v2\/categories?post=23669"},{"taxonomy":"post_tag","embeddable":true,"href":"https:\/\/balkangreenenergynews.com\/rs\/wp-json\/wp\/v2\/tags?post=23669"}],"curies":[{"name":"wp","href":"https:\/\/api.w.org\/{rel}","templated":true}]}}