{"id":23139,"date":"2019-04-11T10:45:30","date_gmt":"2019-04-11T08:45:30","guid":{"rendered":"https:\/\/balkangreenenergynews.com\/rs\/?p=23139"},"modified":"2019-04-11T10:45:30","modified_gmt":"2019-04-11T08:45:30","slug":"poceli-pripremni-radovi-za-gradnju-fabrike-elektricnih-automobila-u-hrvatskoj","status":"publish","type":"post","link":"https:\/\/balkangreenenergynews.com\/rs\/poceli-pripremni-radovi-za-gradnju-fabrike-elektricnih-automobila-u-hrvatskoj\/","title":{"rendered":"Po\u010deli pripremni radovi za gradnju fabrike elektri\u010dnih automobila u Hrvatskoj"},"content":{"rendered":"<h2>Op\u0161tina Kula Norinska po\u010dela je sa radovima na infrastrukturi u budu\u0107oj poslovnoj zoni na Novim selima, koji predstavljaju po\u010detak realizacije projekta\u00a0kineske firme Green Tech Group za gradnju fabrike elektri\u010dnih automobila, skutera i baterija, prenela je <a href=\"https:\/\/www.slobodnadalmacija.hr\/novosti\/biznis\/clanak\/id\/597491\/kinezi-krecu-s-velikim-projektom-u-dalmaciji-grade-tvornicu-automobila-vojska-nezaposlenih-jedva-ceka-evo-tko-je-investitor--njegovo-elektricno-vozilo-drzi-svjetski-rekord\">Slobodna Dalmacija<\/a>.<\/h2>\n<p>Investicija u ovoj Op\u0161tini Dubrova\u010dko-neretvanske \u017eupanije procenjena je na 100 miliona evra. Kineska firma je pro\u0161le godine na javnom konkursu od Op\u0161tine Kula Norinska kupila 550.000 kvadrata zemlji\u0161ta za 16 miliona kuna.<\/p>\n<p>Nikola Krsti\u010devi\u0107, na\u010delnik Op\u0161tine Kula Norinska, izjavio je da bi infrastruktura u novoj poslovnoj zoni trebalo da bude dovr\u0161ena do leta, kada na scenu stupa investitor koji bi proizvodne hale trebalo da izgradi za oko godinu i po.<\/p>\n<p>Slobodna Dalmacija navodi da je re\u010d o prvoj fazi radova, procenjenoj na oko 4 miliona kuna, koja podrazumeva izgradnju puteva, dovo\u0111enje elektri\u010dne energije, vode, telefona, kao i ostale prate\u0107e infrastrukture na kompletnom prostoru poslovne zone. To je preduslov za gradnju fabri\u010dkih hala, u kojima bi se sklapala vozila za tr\u017ei\u0161ta srednje i isto\u010dne Evrope.<\/p>\n<blockquote><p>Investitor Karl Soong je u Hrvatsku prvi put do\u0161ao u \u017eelji da kupi firmu Rimac Automobili, \u010diji je vlasnik Mate Rimac<\/p><\/blockquote>\n<p>Sam projekt izgradnje fabrike bi\u0107e sproveden u tri faze, koje su planirane u narednih 10 godina. Radove koji su po\u010deli finansira op\u0161tina.<\/p>\n<p>Firmu Green Tech Group u Zadru je registrovao Kinez Karl Soong sa hrvatskim partnerima Mladenom i Antonijem Nin\u010devi\u0107em.<\/p>\n<p>Soong je, kako prenosi Slobodna Dalmacija, vlasnik prototipa elektri\u010dnog vozila koje dr\u017ei svetski rekord u pre\u0111enom rastojanju sa jednim punjenjem baterija od litijuma. U Kini je osniva\u010d i predsednik firme GreenStar Commercial, a u \u0160vajcarskoj je osniva\u010d i izvr\u0161ni direktor firme GreenTech Automobil AG.<\/p>\n<p>Soong je, kako je izjavio, u Hrvatsku prvi put do\u0161ao u \u017eelji da kupi Rimac Automobile, \u010diji je vlasnik Mate Rimac, ali u tome nije uspeo. On je rekao i da bi elektri\u010dni automobili proizvedeni u Hrvatskoj trebalo da ko\u0161taju od 10 do 15 hiljada evra.<\/p>\n","protected":false},"excerpt":{"rendered":"<p>Op\u0161tina Kula Norinska po\u010dela je sa radovima na infrastrukturi u budu\u0107oj poslovnoj zoni na Novim&#8230;<\/p>\n","protected":false},"author":23,"featured_media":23142,"comment_status":"open","ping_status":"closed","sticky":false,"template":"","format":"standard","meta":{"_acf_changed":false,"_monsterinsights_skip_tracking":false,"_monsterinsights_sitenote_active":false,"_monsterinsights_sitenote_note":"","_monsterinsights_sitenote_category":0,"footnotes":""},"categories":[7],"tags":[1337,2683],"class_list":["post-23139","post","type-post","status-publish","format-standard","has-post-thumbnail","hentry","category-mobilnost","tag-elektricni-automobili","tag-rimac-automobili","country-hrvatska"],"acf":[],"yoast_head":"<!-- This site is optimized with the Yoast SEO plugin v27.4 - https:\/\/yoast.com\/product\/yoast-seo-wordpress\/ -->\n<title>Po\u010deli pripremni radovi za gradnju fabrike elektri\u010dnih automobila u Hrvatskoj<\/title>\n<meta name=\"description\" content=\"Op\u0161tina Kula Norinska po\u010dela je sa radovima na infrastrukturi u poslovnoj zoni na Novim selima, \u0161to je priprema za gradnju fabrike elektri\u010dnih automobila.\" \/>\n<meta name=\"robots\" content=\"index, follow, max-snippet:-1, max-image-preview:large, max-video-preview:-1\" \/>\n<link rel=\"canonical\" href=\"https:\/\/balkangreenenergynews.com\/rs\/poceli-pripremni-radovi-za-gradnju-fabrike-elektricnih-automobila-u-hrvatskoj\/\" \/>\n<meta property=\"og:locale\" content=\"sr_RS\" \/>\n<meta property=\"og:type\" content=\"article\" \/>\n<meta property=\"og:title\" content=\"Po\u010deli pripremni radovi za gradnju fabrike elektri\u010dnih automobila u Hrvatskoj\" \/>\n<meta property=\"og:description\" content=\"Op\u0161tina Kula Norinska po\u010dela je sa radovima na infrastrukturi u poslovnoj zoni na Novim selima, \u0161to je priprema za gradnju fabrike elektri\u010dnih automobila.\" \/>\n<meta property=\"og:url\" content=\"https:\/\/balkangreenenergynews.com\/rs\/poceli-pripremni-radovi-za-gradnju-fabrike-elektricnih-automobila-u-hrvatskoj\/\" \/>\n<meta property=\"og:site_name\" content=\"Balkan Green Energy News\" \/>\n<meta property=\"article:published_time\" content=\"2019-04-11T08:45:30+00:00\" \/>\n<meta property=\"og:image\" content=\"https:\/\/balkangreenenergynews.com\/rs\/wp-content\/uploads\/2019\/04\/kula-norinska-green-tech-group.jpg\" \/>\n\t<meta property=\"og:image:width\" content=\"795\" \/>\n\t<meta property=\"og:image:height\" content=\"407\" \/>\n\t<meta property=\"og:image:type\" content=\"image\/jpeg\" \/>\n<meta name=\"author\" content=\"Vladimir Spasi\u0107\" \/>\n<meta name=\"twitter:card\" content=\"summary_large_image\" \/>\n<meta name=\"twitter:label1\" content=\"\u041d\u0430\u043f\u0438\u0441\u0430\u043d\u043e \u043e\u0434\" \/>\n\t<meta name=\"twitter:data1\" content=\"Vladimir Spasi\u0107\" \/>\n\t<meta name=\"twitter:label2\" content=\"\u041f\u0440\u043e\u0446\u0435\u045a\u0435\u043d\u043e \u0432\u0440\u0435\u043c\u0435 \u0447\u0438\u0442\u0430\u045a\u0430\" \/>\n\t<meta name=\"twitter:data2\" content=\"2 \u043c\u0438\u043d\u0443\u0442\u0430\" \/>\n<script type=\"application\/ld+json\" class=\"yoast-schema-graph\">{\"@context\":\"https:\\\/\\\/schema.org\",\"@graph\":[{\"@type\":\"Article\",\"@id\":\"https:\\\/\\\/balkangreenenergynews.com\\\/rs\\\/poceli-pripremni-radovi-za-gradnju-fabrike-elektricnih-automobila-u-hrvatskoj\\\/#article\",\"isPartOf\":{\"@id\":\"https:\\\/\\\/balkangreenenergynews.com\\\/rs\\\/poceli-pripremni-radovi-za-gradnju-fabrike-elektricnih-automobila-u-hrvatskoj\\\/\"},\"author\":{\"name\":\"Vladimir Spasi\u0107\",\"@id\":\"https:\\\/\\\/balkangreenenergynews.com\\\/rs\\\/#\\\/schema\\\/person\\\/99dc721c46113fea22caffad06ef7317\"},\"headline\":\"Po\u010deli pripremni radovi za gradnju fabrike elektri\u010dnih automobila u Hrvatskoj\",\"datePublished\":\"2019-04-11T08:45:30+00:00\",\"mainEntityOfPage\":{\"@id\":\"https:\\\/\\\/balkangreenenergynews.com\\\/rs\\\/poceli-pripremni-radovi-za-gradnju-fabrike-elektricnih-automobila-u-hrvatskoj\\\/\"},\"wordCount\":352,\"commentCount\":0,\"image\":{\"@id\":\"https:\\\/\\\/balkangreenenergynews.com\\\/rs\\\/poceli-pripremni-radovi-za-gradnju-fabrike-elektricnih-automobila-u-hrvatskoj\\\/#primaryimage\"},\"thumbnailUrl\":\"https:\\\/\\\/balkangreenenergynews.com\\\/rs\\\/wp-content\\\/uploads\\\/2019\\\/04\\\/kula-norinska-green-tech-group.jpg?wsr\",\"keywords\":[\"elektri\u010dni automobili\",\"Rimac Automobili\"],\"articleSection\":[\"Mobilnost\"],\"inLanguage\":\"sr-RS\",\"potentialAction\":[{\"@type\":\"CommentAction\",\"name\":\"Comment\",\"target\":[\"https:\\\/\\\/balkangreenenergynews.com\\\/rs\\\/poceli-pripremni-radovi-za-gradnju-fabrike-elektricnih-automobila-u-hrvatskoj\\\/#respond\"]}]},{\"@type\":\"WebPage\",\"@id\":\"https:\\\/\\\/balkangreenenergynews.com\\\/rs\\\/poceli-pripremni-radovi-za-gradnju-fabrike-elektricnih-automobila-u-hrvatskoj\\\/\",\"url\":\"https:\\\/\\\/balkangreenenergynews.com\\\/rs\\\/poceli-pripremni-radovi-za-gradnju-fabrike-elektricnih-automobila-u-hrvatskoj\\\/\",\"name\":\"Po\u010deli pripremni radovi za gradnju fabrike elektri\u010dnih automobila u Hrvatskoj\",\"isPartOf\":{\"@id\":\"https:\\\/\\\/balkangreenenergynews.com\\\/rs\\\/#website\"},\"primaryImageOfPage\":{\"@id\":\"https:\\\/\\\/balkangreenenergynews.com\\\/rs\\\/poceli-pripremni-radovi-za-gradnju-fabrike-elektricnih-automobila-u-hrvatskoj\\\/#primaryimage\"},\"image\":{\"@id\":\"https:\\\/\\\/balkangreenenergynews.com\\\/rs\\\/poceli-pripremni-radovi-za-gradnju-fabrike-elektricnih-automobila-u-hrvatskoj\\\/#primaryimage\"},\"thumbnailUrl\":\"https:\\\/\\\/balkangreenenergynews.com\\\/rs\\\/wp-content\\\/uploads\\\/2019\\\/04\\\/kula-norinska-green-tech-group.jpg?wsr\",\"datePublished\":\"2019-04-11T08:45:30+00:00\",\"author\":{\"@id\":\"https:\\\/\\\/balkangreenenergynews.com\\\/rs\\\/#\\\/schema\\\/person\\\/99dc721c46113fea22caffad06ef7317\"},\"description\":\"Op\u0161tina Kula Norinska po\u010dela je sa radovima na infrastrukturi u poslovnoj zoni na Novim selima, \u0161to je priprema za gradnju fabrike elektri\u010dnih automobila.\",\"breadcrumb\":{\"@id\":\"https:\\\/\\\/balkangreenenergynews.com\\\/rs\\\/poceli-pripremni-radovi-za-gradnju-fabrike-elektricnih-automobila-u-hrvatskoj\\\/#breadcrumb\"},\"inLanguage\":\"sr-RS\",\"potentialAction\":[{\"@type\":\"ReadAction\",\"target\":[\"https:\\\/\\\/balkangreenenergynews.com\\\/rs\\\/poceli-pripremni-radovi-za-gradnju-fabrike-elektricnih-automobila-u-hrvatskoj\\\/\"]}]},{\"@type\":\"ImageObject\",\"inLanguage\":\"sr-RS\",\"@id\":\"https:\\\/\\\/balkangreenenergynews.com\\\/rs\\\/poceli-pripremni-radovi-za-gradnju-fabrike-elektricnih-automobila-u-hrvatskoj\\\/#primaryimage\",\"url\":\"https:\\\/\\\/balkangreenenergynews.com\\\/rs\\\/wp-content\\\/uploads\\\/2019\\\/04\\\/kula-norinska-green-tech-group.jpg?wsr\",\"contentUrl\":\"https:\\\/\\\/balkangreenenergynews.com\\\/rs\\\/wp-content\\\/uploads\\\/2019\\\/04\\\/kula-norinska-green-tech-group.jpg?wsr\",\"width\":795,\"height\":407,\"caption\":\"kula norinska green tech group\"},{\"@type\":\"BreadcrumbList\",\"@id\":\"https:\\\/\\\/balkangreenenergynews.com\\\/rs\\\/poceli-pripremni-radovi-za-gradnju-fabrike-elektricnih-automobila-u-hrvatskoj\\\/#breadcrumb\",\"itemListElement\":[{\"@type\":\"ListItem\",\"position\":1,\"name\":\"Po\u010detna\",\"item\":\"https:\\\/\\\/balkangreenenergynews.com\\\/rs\\\/\"},{\"@type\":\"ListItem\",\"position\":2,\"name\":\"Vesti\",\"item\":\"https:\\\/\\\/balkangreenenergynews.com\\\/rs\\\/kategorija\\\/vesti\\\/\"},{\"@type\":\"ListItem\",\"position\":3,\"name\":\"Mobilnost\",\"item\":\"https:\\\/\\\/balkangreenenergynews.com\\\/rs\\\/kategorija\\\/vesti\\\/mobilnost\\\/\"},{\"@type\":\"ListItem\",\"position\":4,\"name\":\"Po\u010deli pripremni radovi za gradnju fabrike elektri\u010dnih automobila u Hrvatskoj\"}]},{\"@type\":\"WebSite\",\"@id\":\"https:\\\/\\\/balkangreenenergynews.com\\\/rs\\\/#website\",\"url\":\"https:\\\/\\\/balkangreenenergynews.com\\\/rs\\\/\",\"name\":\"Balkan Green Energy News\",\"description\":\"Naj\u0161iri izbor vesti sa Balkana o zelenoj energiji\",\"potentialAction\":[{\"@type\":\"SearchAction\",\"target\":{\"@type\":\"EntryPoint\",\"urlTemplate\":\"https:\\\/\\\/balkangreenenergynews.com\\\/rs\\\/?s={search_term_string}\"},\"query-input\":{\"@type\":\"PropertyValueSpecification\",\"valueRequired\":true,\"valueName\":\"search_term_string\"}}],\"inLanguage\":\"sr-RS\"},{\"@type\":\"Person\",\"@id\":\"https:\\\/\\\/balkangreenenergynews.com\\\/rs\\\/#\\\/schema\\\/person\\\/99dc721c46113fea22caffad06ef7317\",\"name\":\"Vladimir Spasi\u0107\",\"url\":\"https:\\\/\\\/balkangreenenergynews.com\\\/rs\\\/author\\\/vladimir-spasic\\\/\"}]}<\/script>\n<!-- \/ Yoast SEO plugin. -->","yoast_head_json":{"title":"Po\u010deli pripremni radovi za gradnju fabrike elektri\u010dnih automobila u Hrvatskoj","description":"Op\u0161tina Kula Norinska po\u010dela je sa radovima na infrastrukturi u poslovnoj zoni na Novim selima, \u0161to je priprema za gradnju fabrike elektri\u010dnih automobila.","robots":{"index":"index","follow":"follow","max-snippet":"max-snippet:-1","max-image-preview":"max-image-preview:large","max-video-preview":"max-video-preview:-1"},"canonical":"https:\/\/balkangreenenergynews.com\/rs\/poceli-pripremni-radovi-za-gradnju-fabrike-elektricnih-automobila-u-hrvatskoj\/","og_locale":"sr_RS","og_type":"article","og_title":"Po\u010deli pripremni radovi za gradnju fabrike elektri\u010dnih automobila u Hrvatskoj","og_description":"Op\u0161tina Kula Norinska po\u010dela je sa radovima na infrastrukturi u poslovnoj zoni na Novim selima, \u0161to je priprema za gradnju fabrike elektri\u010dnih automobila.","og_url":"https:\/\/balkangreenenergynews.com\/rs\/poceli-pripremni-radovi-za-gradnju-fabrike-elektricnih-automobila-u-hrvatskoj\/","og_site_name":"Balkan Green Energy News","article_published_time":"2019-04-11T08:45:30+00:00","og_image":[{"width":795,"height":407,"url":"https:\/\/balkangreenenergynews.com\/rs\/wp-content\/uploads\/2019\/04\/kula-norinska-green-tech-group.jpg","type":"image\/jpeg"}],"author":"Vladimir Spasi\u0107","twitter_card":"summary_large_image","twitter_misc":{"\u041d\u0430\u043f\u0438\u0441\u0430\u043d\u043e \u043e\u0434":"Vladimir Spasi\u0107","\u041f\u0440\u043e\u0446\u0435\u045a\u0435\u043d\u043e \u0432\u0440\u0435\u043c\u0435 \u0447\u0438\u0442\u0430\u045a\u0430":"2 \u043c\u0438\u043d\u0443\u0442\u0430"},"schema":{"@context":"https:\/\/schema.org","@graph":[{"@type":"Article","@id":"https:\/\/balkangreenenergynews.com\/rs\/poceli-pripremni-radovi-za-gradnju-fabrike-elektricnih-automobila-u-hrvatskoj\/#article","isPartOf":{"@id":"https:\/\/balkangreenenergynews.com\/rs\/poceli-pripremni-radovi-za-gradnju-fabrike-elektricnih-automobila-u-hrvatskoj\/"},"author":{"name":"Vladimir Spasi\u0107","@id":"https:\/\/balkangreenenergynews.com\/rs\/#\/schema\/person\/99dc721c46113fea22caffad06ef7317"},"headline":"Po\u010deli pripremni radovi za gradnju fabrike elektri\u010dnih automobila u Hrvatskoj","datePublished":"2019-04-11T08:45:30+00:00","mainEntityOfPage":{"@id":"https:\/\/balkangreenenergynews.com\/rs\/poceli-pripremni-radovi-za-gradnju-fabrike-elektricnih-automobila-u-hrvatskoj\/"},"wordCount":352,"commentCount":0,"image":{"@id":"https:\/\/balkangreenenergynews.com\/rs\/poceli-pripremni-radovi-za-gradnju-fabrike-elektricnih-automobila-u-hrvatskoj\/#primaryimage"},"thumbnailUrl":"https:\/\/balkangreenenergynews.com\/rs\/wp-content\/uploads\/2019\/04\/kula-norinska-green-tech-group.jpg?wsr","keywords":["elektri\u010dni automobili","Rimac Automobili"],"articleSection":["Mobilnost"],"inLanguage":"sr-RS","potentialAction":[{"@type":"CommentAction","name":"Comment","target":["https:\/\/balkangreenenergynews.com\/rs\/poceli-pripremni-radovi-za-gradnju-fabrike-elektricnih-automobila-u-hrvatskoj\/#respond"]}]},{"@type":"WebPage","@id":"https:\/\/balkangreenenergynews.com\/rs\/poceli-pripremni-radovi-za-gradnju-fabrike-elektricnih-automobila-u-hrvatskoj\/","url":"https:\/\/balkangreenenergynews.com\/rs\/poceli-pripremni-radovi-za-gradnju-fabrike-elektricnih-automobila-u-hrvatskoj\/","name":"Po\u010deli pripremni radovi za gradnju fabrike elektri\u010dnih automobila u Hrvatskoj","isPartOf":{"@id":"https:\/\/balkangreenenergynews.com\/rs\/#website"},"primaryImageOfPage":{"@id":"https:\/\/balkangreenenergynews.com\/rs\/poceli-pripremni-radovi-za-gradnju-fabrike-elektricnih-automobila-u-hrvatskoj\/#primaryimage"},"image":{"@id":"https:\/\/balkangreenenergynews.com\/rs\/poceli-pripremni-radovi-za-gradnju-fabrike-elektricnih-automobila-u-hrvatskoj\/#primaryimage"},"thumbnailUrl":"https:\/\/balkangreenenergynews.com\/rs\/wp-content\/uploads\/2019\/04\/kula-norinska-green-tech-group.jpg?wsr","datePublished":"2019-04-11T08:45:30+00:00","author":{"@id":"https:\/\/balkangreenenergynews.com\/rs\/#\/schema\/person\/99dc721c46113fea22caffad06ef7317"},"description":"Op\u0161tina Kula Norinska po\u010dela je sa radovima na infrastrukturi u poslovnoj zoni na Novim selima, \u0161to je priprema za gradnju fabrike elektri\u010dnih automobila.","breadcrumb":{"@id":"https:\/\/balkangreenenergynews.com\/rs\/poceli-pripremni-radovi-za-gradnju-fabrike-elektricnih-automobila-u-hrvatskoj\/#breadcrumb"},"inLanguage":"sr-RS","potentialAction":[{"@type":"ReadAction","target":["https:\/\/balkangreenenergynews.com\/rs\/poceli-pripremni-radovi-za-gradnju-fabrike-elektricnih-automobila-u-hrvatskoj\/"]}]},{"@type":"ImageObject","inLanguage":"sr-RS","@id":"https:\/\/balkangreenenergynews.com\/rs\/poceli-pripremni-radovi-za-gradnju-fabrike-elektricnih-automobila-u-hrvatskoj\/#primaryimage","url":"https:\/\/balkangreenenergynews.com\/rs\/wp-content\/uploads\/2019\/04\/kula-norinska-green-tech-group.jpg?wsr","contentUrl":"https:\/\/balkangreenenergynews.com\/rs\/wp-content\/uploads\/2019\/04\/kula-norinska-green-tech-group.jpg?wsr","width":795,"height":407,"caption":"kula norinska green tech group"},{"@type":"BreadcrumbList","@id":"https:\/\/balkangreenenergynews.com\/rs\/poceli-pripremni-radovi-za-gradnju-fabrike-elektricnih-automobila-u-hrvatskoj\/#breadcrumb","itemListElement":[{"@type":"ListItem","position":1,"name":"Po\u010detna","item":"https:\/\/balkangreenenergynews.com\/rs\/"},{"@type":"ListItem","position":2,"name":"Vesti","item":"https:\/\/balkangreenenergynews.com\/rs\/kategorija\/vesti\/"},{"@type":"ListItem","position":3,"name":"Mobilnost","item":"https:\/\/balkangreenenergynews.com\/rs\/kategorija\/vesti\/mobilnost\/"},{"@type":"ListItem","position":4,"name":"Po\u010deli pripremni radovi za gradnju fabrike elektri\u010dnih automobila u Hrvatskoj"}]},{"@type":"WebSite","@id":"https:\/\/balkangreenenergynews.com\/rs\/#website","url":"https:\/\/balkangreenenergynews.com\/rs\/","name":"Balkan Green Energy News","description":"Naj\u0161iri izbor vesti sa Balkana o zelenoj energiji","potentialAction":[{"@type":"SearchAction","target":{"@type":"EntryPoint","urlTemplate":"https:\/\/balkangreenenergynews.com\/rs\/?s={search_term_string}"},"query-input":{"@type":"PropertyValueSpecification","valueRequired":true,"valueName":"search_term_string"}}],"inLanguage":"sr-RS"},{"@type":"Person","@id":"https:\/\/balkangreenenergynews.com\/rs\/#\/schema\/person\/99dc721c46113fea22caffad06ef7317","name":"Vladimir Spasi\u0107","url":"https:\/\/balkangreenenergynews.com\/rs\/author\/vladimir-spasic\/"}]}},"_links":{"self":[{"href":"https:\/\/balkangreenenergynews.com\/rs\/wp-json\/wp\/v2\/posts\/23139","targetHints":{"allow":["GET"]}}],"collection":[{"href":"https:\/\/balkangreenenergynews.com\/rs\/wp-json\/wp\/v2\/posts"}],"about":[{"href":"https:\/\/balkangreenenergynews.com\/rs\/wp-json\/wp\/v2\/types\/post"}],"author":[{"embeddable":true,"href":"https:\/\/balkangreenenergynews.com\/rs\/wp-json\/wp\/v2\/users\/23"}],"replies":[{"embeddable":true,"href":"https:\/\/balkangreenenergynews.com\/rs\/wp-json\/wp\/v2\/comments?post=23139"}],"version-history":[{"count":0,"href":"https:\/\/balkangreenenergynews.com\/rs\/wp-json\/wp\/v2\/posts\/23139\/revisions"}],"wp:featuredmedia":[{"embeddable":true,"href":"https:\/\/balkangreenenergynews.com\/rs\/wp-json\/wp\/v2\/media\/23142"}],"wp:attachment":[{"href":"https:\/\/balkangreenenergynews.com\/rs\/wp-json\/wp\/v2\/media?parent=23139"}],"wp:term":[{"taxonomy":"category","embeddable":true,"href":"https:\/\/balkangreenenergynews.com\/rs\/wp-json\/wp\/v2\/categories?post=23139"},{"taxonomy":"post_tag","embeddable":true,"href":"https:\/\/balkangreenenergynews.com\/rs\/wp-json\/wp\/v2\/tags?post=23139"}],"curies":[{"name":"wp","href":"https:\/\/api.w.org\/{rel}","templated":true}]}}