{"id":22947,"date":"2019-04-02T11:15:05","date_gmt":"2019-04-02T09:15:05","guid":{"rendered":"https:\/\/balkangreenenergynews.com\/rs\/?p=22947"},"modified":"2020-09-24T17:14:49","modified_gmt":"2020-09-24T15:14:49","slug":"protesti-daka-protiv-klimatskih-promena-od-petka-5-aprila-i-u-srbiji","status":"publish","type":"post","link":"https:\/\/balkangreenenergynews.com\/rs\/protesti-daka-protiv-klimatskih-promena-od-petka-5-aprila-i-u-srbiji\/","title":{"rendered":"Protesti \u0111aka protiv klimatskih promena od petka 5. aprila i u Srbiji"},"content":{"rendered":"<h2>Globalni pokret &#8222;Petkom za budu\u0107nost&#8220; (#FridaysForFuture), koji je inspirisala sada ve\u0107 \u0161esnaestogodi\u0161nja Greta Thunberg iz \u0160vedske, stigao je i u Srbiju. Organizatorke i organizatori najavljuju da \u0107e se klimatski protest odr\u017eati u petak 5. aprila od 16.00 \u010dasova u Pionirskom parku u Beogradu.<\/h2>\n<p>Predvi\u0111eno je da u\u010desnici protesta \u201ePetkom za budu\u0107nost\u201c budu \u0111aci beogradskih osnovnih i srednjih \u0161kola koji \u0107e imati dozvolu od roditelja i nastavnika, kao i svi ostali gra\u0111ani i gra\u0111anke koji budu zainteresovani da se pridru\u017ee skupu. U pitanju je miran skup \u2013 predvi\u0111eno je da u\u010desnici sede na zelenoj povr\u0161ini. Ne\u0107e biti protestne \u0161etnje, a u\u010desnici tokom trajanja skupa ne\u0107e napu\u0161tati Pionirski park, ka\u017eu organizatorke.<\/p>\n<p>Milica Damnjanovi\u0107 Zantvoort, diplomirani in\u017eenjer pejza\u017ene arhitekture i hortikulture i jedna od organizatorki skupa, ka\u017ee za Balkan Green Energy News da je prate\u0107i rad Grete Thunberg primetila da Srbija nikako da se priklju\u010di globalnim protestima protiv klimatskih promena, pa je odlu\u010dila da sama pokrene proteste ako se ni\u0161ta ne desi do 15. marta.<\/p>\n<blockquote class=\"twitter-tweet\" data-width=\"500\" data-dnt=\"true\">\n<p lang=\"en\" dir=\"ltr\">Fridays for future. The school strike continues! <a href=\"https:\/\/twitter.com\/hashtag\/climatestrike?src=hash&amp;ref_src=twsrc%5Etfw\">#climatestrike<\/a> <a href=\"https:\/\/twitter.com\/hashtag\/klimatstrejk?src=hash&amp;ref_src=twsrc%5Etfw\">#klimatstrejk<\/a> <a href=\"https:\/\/twitter.com\/hashtag\/FridaysForFuture?src=hash&amp;ref_src=twsrc%5Etfw\">#FridaysForFuture<\/a> <a href=\"https:\/\/t.co\/5jej011Qtp\">pic.twitter.com\/5jej011Qtp<\/a><\/p>\n<p>&mdash; Greta Thunberg (@GretaThunberg) <a href=\"https:\/\/twitter.com\/GretaThunberg\/status\/1041369960436703232?ref_src=twsrc%5Etfw\">September 16, 2018<\/a><\/p><\/blockquote>\n<p><script async src=\"https:\/\/platform.twitter.com\/widgets.js\" charset=\"utf-8\"><\/script><\/p>\n<p>Na pitanje koliko u\u010desnika o\u010dekuje, ka\u017ee: \u201eIskreno, kada sam po\u010dinjala ovo, mislila sam da \u0107emo biti moja mama, kom\u0161inica i ja, ali onda su odjednom po\u010deli da nam se pridru\u017euju mladi ljudi i ljudi iz moje struke i sli\u010dnih struka i sada o\u010dekujemo da bude i vi\u0161e od prvobitno procenjenih 20-100 u\u010desnika\u201c.<\/p>\n<p>Organizatorke i organizatori protestom \u017eele da podsete na ciljeve Pariskog sporazuma, uka\u017eu na va\u017enost ograni\u010davanja pove\u0107anja prose\u010dne temperature na nivou \u201eznatno ispod 2 stepena Celzijusa\u201d, odnosno napora za ograni\u010davanje pove\u0107anja temperature na 1,5 stepeni Celzijusa u odnosu sa predindustrijski nivo.<\/p>\n<h3><span style=\"\">Zahtevaju se \u010dinjenice, hitna klimatska akcija, ekolo\u0161ko obrazovanje<\/span><\/h3>\n<p>Organizatorke i organizatori ka\u017eu da je jedan od zahteva protesta objavljivanje \u010dinjenica.<\/p>\n<p>\u201eMi danas nemamo informacije o stanju na\u0161e \u017eivotne sredine. Svedoci smo zaga\u0111enja vazduha, vode i zemlji\u0161ta ali ne znamo koliko je stanje zaista lo\u0161e i na koji na\u010din \u0107emo pobolj\u0161ati situaciju\u201c, navode.<\/p>\n<p>Jedan od zahteva je hitna klimatska akcija. \u201e\u017delimo da Srbija donese plan za borbu protiv klimatskih promena koja \u0107e sadr\u017eati mere smanjenja emisija \u0161tetnih gasova, plan po\u0161umljavanja i druge, neophodne mere\u201c, ka\u017eu iz organizacije.<\/p>\n<p>Tako\u0111e, tra\u017ei se uvo\u0111enje ekolo\u0161kog obrazovanja na svim nivoima obrazovanja, kako bi se razvila znanja o \u017eivotnoj sredini i ve\u0161tine za njeno o\u010duvanje.<\/p>\n<h3><span style=\"\">Pravila protesta<\/span><\/h3>\n<p>Organizatorke i organizatori navode slede\u0107a pravila protesta:<\/p>\n<ul>\n<li>Bez nasilja<\/li>\n<li>Bez ru\u0161enja i pravljenja \u0161tete na javnoj povr\u0161ini<\/li>\n<li>Bez ostavljanja sme\u0107a za sobom<\/li>\n<li>Bez govora mr\u017enje<\/li>\n<li>Skup je neprofitan i takav \u0107e ostati<\/li>\n<li>Organizatori se pozivaju na nauku i do sada utvr\u0111ene \u010dinjenice o ubrzanim klimatskim promenama.<\/li>\n<\/ul>\n<p>Pokret koji je pre godinu dana pokrenula mlada \u0160ve\u0111anka Greta Thunberg danas okuplja srednjo\u0161kolce iz vi\u0161e od 130 zemalja. Pre dece iz Srbije, u regionu su se protestu pridru\u017eili srednjo\u0161kolci iz <a href=\"https:\/\/balkangreenenergynews.com\/rs\/djaci-iz-hrvatske-ukljucuju-se-u-globalni-protest-protiv-klimatkih-promena\/\">Hrvatske<\/a>, Slovenije i drugih zemalja.<\/p>\n","protected":false},"excerpt":{"rendered":"<p>Globalni pokret &#8222;Petkom za budu\u0107nost&#8220; (#FridaysForFuture), koji je inspirisala sada ve\u0107 \u0161esnaestogodi\u0161nja Greta Thunberg iz&#8230;<\/p>\n","protected":false},"author":20,"featured_media":33966,"comment_status":"open","ping_status":"closed","sticky":false,"template":"","format":"standard","meta":{"_acf_changed":false,"_monsterinsights_skip_tracking":false,"_monsterinsights_sitenote_active":false,"_monsterinsights_sitenote_note":"","_monsterinsights_sitenote_category":0,"footnotes":""},"categories":[4],"tags":[5088,766,5090],"class_list":["post-22947","post","type-post","status-publish","format-standard","has-post-thumbnail","hentry","category-zivotna-sredina","tag-greta-thunberg","tag-klimatske-promene","tag-protesti","country-srbija"],"acf":[],"yoast_head":"<!-- This site is optimized with the Yoast SEO plugin v27.4 - https:\/\/yoast.com\/product\/yoast-seo-wordpress\/ -->\n<title>Protesti \u0111aka protiv klimatskih promena od petka 5. aprila i u Srbiji<\/title>\n<meta name=\"description\" content=\"Globalni pokret \u201ePetkom za budu\u0107nost\u201c (#FridaysForFuture), koji je inspirisala sada ve\u0107 \u0161esnaestogodi\u0161nja Greta Thunberg iz \u0160vedske, stigao je i u Srbiju. Organizatorke i organizatori najavljuju da \u0107e se klimatski protest odr\u017eati u petak 5. aprila od 16.00 \u010dasova u Pionirskom parku u Beogradu.\" \/>\n<meta name=\"robots\" content=\"index, follow, max-snippet:-1, max-image-preview:large, max-video-preview:-1\" \/>\n<link rel=\"canonical\" href=\"https:\/\/balkangreenenergynews.com\/rs\/protesti-daka-protiv-klimatskih-promena-od-petka-5-aprila-i-u-srbiji\/\" \/>\n<meta property=\"og:locale\" content=\"sr_RS\" \/>\n<meta property=\"og:type\" content=\"article\" \/>\n<meta property=\"og:title\" content=\"Protesti \u0111aka protiv klimatskih promena od petka 5. aprila i u Srbiji\" \/>\n<meta property=\"og:description\" content=\"Globalni pokret \u201ePetkom za budu\u0107nost\u201c (#FridaysForFuture), koji je inspirisala sada ve\u0107 \u0161esnaestogodi\u0161nja Greta Thunberg iz \u0160vedske, stigao je i u Srbiju. Organizatorke i organizatori najavljuju da \u0107e se klimatski protest odr\u017eati u petak 5. aprila od 16.00 \u010dasova u Pionirskom parku u Beogradu.\" \/>\n<meta property=\"og:url\" content=\"https:\/\/balkangreenenergynews.com\/rs\/protesti-daka-protiv-klimatskih-promena-od-petka-5-aprila-i-u-srbiji\/\" \/>\n<meta property=\"og:site_name\" content=\"Balkan Green Energy News\" \/>\n<meta property=\"article:published_time\" content=\"2019-04-02T09:15:05+00:00\" \/>\n<meta property=\"article:modified_time\" content=\"2020-09-24T15:14:49+00:00\" \/>\n<meta property=\"og:image\" content=\"https:\/\/balkangreenenergynews.com\/rs\/wp-content\/uploads\/2019\/04\/Protesti-djaka-protiv-klimatskih-promena-petak.jpg\" \/>\n\t<meta property=\"og:image:width\" content=\"1024\" \/>\n\t<meta property=\"og:image:height\" content=\"524\" \/>\n\t<meta property=\"og:image:type\" content=\"image\/jpeg\" \/>\n<meta name=\"author\" content=\"Svetlana Jovanovi\u0107\" \/>\n<meta name=\"twitter:card\" content=\"summary_large_image\" \/>\n<meta name=\"twitter:label1\" content=\"\u041d\u0430\u043f\u0438\u0441\u0430\u043d\u043e \u043e\u0434\" \/>\n\t<meta name=\"twitter:data1\" content=\"Svetlana Jovanovi\u0107\" \/>\n\t<meta name=\"twitter:label2\" content=\"\u041f\u0440\u043e\u0446\u0435\u045a\u0435\u043d\u043e \u0432\u0440\u0435\u043c\u0435 \u0447\u0438\u0442\u0430\u045a\u0430\" \/>\n\t<meta name=\"twitter:data2\" content=\"3 \u043c\u0438\u043d\u0443\u0442\u0430\" \/>\n<script type=\"application\/ld+json\" class=\"yoast-schema-graph\">{\"@context\":\"https:\\\/\\\/schema.org\",\"@graph\":[{\"@type\":\"Article\",\"@id\":\"https:\\\/\\\/balkangreenenergynews.com\\\/rs\\\/protesti-daka-protiv-klimatskih-promena-od-petka-5-aprila-i-u-srbiji\\\/#article\",\"isPartOf\":{\"@id\":\"https:\\\/\\\/balkangreenenergynews.com\\\/rs\\\/protesti-daka-protiv-klimatskih-promena-od-petka-5-aprila-i-u-srbiji\\\/\"},\"author\":{\"name\":\"Svetlana Jovanovi\u0107\",\"@id\":\"https:\\\/\\\/balkangreenenergynews.com\\\/rs\\\/#\\\/schema\\\/person\\\/82b991c6efaf6b462e01800c17da5ae9\"},\"headline\":\"Protesti \u0111aka protiv klimatskih promena od petka 5. aprila i u Srbiji\",\"datePublished\":\"2019-04-02T09:15:05+00:00\",\"dateModified\":\"2020-09-24T15:14:49+00:00\",\"mainEntityOfPage\":{\"@id\":\"https:\\\/\\\/balkangreenenergynews.com\\\/rs\\\/protesti-daka-protiv-klimatskih-promena-od-petka-5-aprila-i-u-srbiji\\\/\"},\"wordCount\":526,\"commentCount\":0,\"image\":{\"@id\":\"https:\\\/\\\/balkangreenenergynews.com\\\/rs\\\/protesti-daka-protiv-klimatskih-promena-od-petka-5-aprila-i-u-srbiji\\\/#primaryimage\"},\"thumbnailUrl\":\"https:\\\/\\\/balkangreenenergynews.com\\\/rs\\\/wp-content\\\/uploads\\\/2019\\\/04\\\/Protesti-djaka-protiv-klimatskih-promena-petak.jpg?wsr\",\"keywords\":[\"Greta Thunberg\",\"klimatske promene\",\"protesti\"],\"articleSection\":[\"\u017divotna sredina\"],\"inLanguage\":\"sr-RS\",\"potentialAction\":[{\"@type\":\"CommentAction\",\"name\":\"Comment\",\"target\":[\"https:\\\/\\\/balkangreenenergynews.com\\\/rs\\\/protesti-daka-protiv-klimatskih-promena-od-petka-5-aprila-i-u-srbiji\\\/#respond\"]}]},{\"@type\":\"WebPage\",\"@id\":\"https:\\\/\\\/balkangreenenergynews.com\\\/rs\\\/protesti-daka-protiv-klimatskih-promena-od-petka-5-aprila-i-u-srbiji\\\/\",\"url\":\"https:\\\/\\\/balkangreenenergynews.com\\\/rs\\\/protesti-daka-protiv-klimatskih-promena-od-petka-5-aprila-i-u-srbiji\\\/\",\"name\":\"Protesti \u0111aka protiv klimatskih promena od petka 5. aprila i u Srbiji\",\"isPartOf\":{\"@id\":\"https:\\\/\\\/balkangreenenergynews.com\\\/rs\\\/#website\"},\"primaryImageOfPage\":{\"@id\":\"https:\\\/\\\/balkangreenenergynews.com\\\/rs\\\/protesti-daka-protiv-klimatskih-promena-od-petka-5-aprila-i-u-srbiji\\\/#primaryimage\"},\"image\":{\"@id\":\"https:\\\/\\\/balkangreenenergynews.com\\\/rs\\\/protesti-daka-protiv-klimatskih-promena-od-petka-5-aprila-i-u-srbiji\\\/#primaryimage\"},\"thumbnailUrl\":\"https:\\\/\\\/balkangreenenergynews.com\\\/rs\\\/wp-content\\\/uploads\\\/2019\\\/04\\\/Protesti-djaka-protiv-klimatskih-promena-petak.jpg?wsr\",\"datePublished\":\"2019-04-02T09:15:05+00:00\",\"dateModified\":\"2020-09-24T15:14:49+00:00\",\"author\":{\"@id\":\"https:\\\/\\\/balkangreenenergynews.com\\\/rs\\\/#\\\/schema\\\/person\\\/82b991c6efaf6b462e01800c17da5ae9\"},\"description\":\"Globalni pokret \u201ePetkom za budu\u0107nost\u201c (#FridaysForFuture), koji je inspirisala sada ve\u0107 \u0161esnaestogodi\u0161nja Greta Thunberg iz \u0160vedske, stigao je i u Srbiju. Organizatorke i organizatori najavljuju da \u0107e se klimatski protest odr\u017eati u petak 5. aprila od 16.00 \u010dasova u Pionirskom parku u Beogradu.\",\"breadcrumb\":{\"@id\":\"https:\\\/\\\/balkangreenenergynews.com\\\/rs\\\/protesti-daka-protiv-klimatskih-promena-od-petka-5-aprila-i-u-srbiji\\\/#breadcrumb\"},\"inLanguage\":\"sr-RS\",\"potentialAction\":[{\"@type\":\"ReadAction\",\"target\":[\"https:\\\/\\\/balkangreenenergynews.com\\\/rs\\\/protesti-daka-protiv-klimatskih-promena-od-petka-5-aprila-i-u-srbiji\\\/\"]}]},{\"@type\":\"ImageObject\",\"inLanguage\":\"sr-RS\",\"@id\":\"https:\\\/\\\/balkangreenenergynews.com\\\/rs\\\/protesti-daka-protiv-klimatskih-promena-od-petka-5-aprila-i-u-srbiji\\\/#primaryimage\",\"url\":\"https:\\\/\\\/balkangreenenergynews.com\\\/rs\\\/wp-content\\\/uploads\\\/2019\\\/04\\\/Protesti-djaka-protiv-klimatskih-promena-petak.jpg?wsr\",\"contentUrl\":\"https:\\\/\\\/balkangreenenergynews.com\\\/rs\\\/wp-content\\\/uploads\\\/2019\\\/04\\\/Protesti-djaka-protiv-klimatskih-promena-petak.jpg?wsr\",\"width\":1024,\"height\":524,\"caption\":\"Protesti-djaka-protiv-klimatskih-promena-petak\"},{\"@type\":\"BreadcrumbList\",\"@id\":\"https:\\\/\\\/balkangreenenergynews.com\\\/rs\\\/protesti-daka-protiv-klimatskih-promena-od-petka-5-aprila-i-u-srbiji\\\/#breadcrumb\",\"itemListElement\":[{\"@type\":\"ListItem\",\"position\":1,\"name\":\"Po\u010detna\",\"item\":\"https:\\\/\\\/balkangreenenergynews.com\\\/rs\\\/\"},{\"@type\":\"ListItem\",\"position\":2,\"name\":\"Vesti\",\"item\":\"https:\\\/\\\/balkangreenenergynews.com\\\/rs\\\/kategorija\\\/vesti\\\/\"},{\"@type\":\"ListItem\",\"position\":3,\"name\":\"\u017divotna sredina\",\"item\":\"https:\\\/\\\/balkangreenenergynews.com\\\/rs\\\/kategorija\\\/vesti\\\/zivotna-sredina\\\/\"},{\"@type\":\"ListItem\",\"position\":4,\"name\":\"Protesti \u0111aka protiv klimatskih promena od petka 5. aprila i u Srbiji\"}]},{\"@type\":\"WebSite\",\"@id\":\"https:\\\/\\\/balkangreenenergynews.com\\\/rs\\\/#website\",\"url\":\"https:\\\/\\\/balkangreenenergynews.com\\\/rs\\\/\",\"name\":\"Balkan Green Energy News\",\"description\":\"Naj\u0161iri izbor vesti sa Balkana o zelenoj energiji\",\"potentialAction\":[{\"@type\":\"SearchAction\",\"target\":{\"@type\":\"EntryPoint\",\"urlTemplate\":\"https:\\\/\\\/balkangreenenergynews.com\\\/rs\\\/?s={search_term_string}\"},\"query-input\":{\"@type\":\"PropertyValueSpecification\",\"valueRequired\":true,\"valueName\":\"search_term_string\"}}],\"inLanguage\":\"sr-RS\"},{\"@type\":\"Person\",\"@id\":\"https:\\\/\\\/balkangreenenergynews.com\\\/rs\\\/#\\\/schema\\\/person\\\/82b991c6efaf6b462e01800c17da5ae9\",\"name\":\"Svetlana Jovanovi\u0107\",\"description\":\"Nakon 15 godina pisanja i ure\u0111ivanja finansijskih &amp; biznis vesti, Svetlana se od 2018. godine fokusira na teme \u017eivotne sredine i odr\u017eivog razvoja. #BeatPlasticPollution je njen omiljeni hashtag.\",\"sameAs\":[\"https:\\\/\\\/www.linkedin.com\\\/in\\\/svetlana-jovanovic-4741814b\\\/\"],\"url\":\"https:\\\/\\\/balkangreenenergynews.com\\\/rs\\\/author\\\/svetlana-jovanovic\\\/\"}]}<\/script>\n<!-- \/ Yoast SEO plugin. -->","yoast_head_json":{"title":"Protesti \u0111aka protiv klimatskih promena od petka 5. aprila i u Srbiji","description":"Globalni pokret \u201ePetkom za budu\u0107nost\u201c (#FridaysForFuture), koji je inspirisala sada ve\u0107 \u0161esnaestogodi\u0161nja Greta Thunberg iz \u0160vedske, stigao je i u Srbiju. Organizatorke i organizatori najavljuju da \u0107e se klimatski protest odr\u017eati u petak 5. aprila od 16.00 \u010dasova u Pionirskom parku u Beogradu.","robots":{"index":"index","follow":"follow","max-snippet":"max-snippet:-1","max-image-preview":"max-image-preview:large","max-video-preview":"max-video-preview:-1"},"canonical":"https:\/\/balkangreenenergynews.com\/rs\/protesti-daka-protiv-klimatskih-promena-od-petka-5-aprila-i-u-srbiji\/","og_locale":"sr_RS","og_type":"article","og_title":"Protesti \u0111aka protiv klimatskih promena od petka 5. aprila i u Srbiji","og_description":"Globalni pokret \u201ePetkom za budu\u0107nost\u201c (#FridaysForFuture), koji je inspirisala sada ve\u0107 \u0161esnaestogodi\u0161nja Greta Thunberg iz \u0160vedske, stigao je i u Srbiju. Organizatorke i organizatori najavljuju da \u0107e se klimatski protest odr\u017eati u petak 5. aprila od 16.00 \u010dasova u Pionirskom parku u Beogradu.","og_url":"https:\/\/balkangreenenergynews.com\/rs\/protesti-daka-protiv-klimatskih-promena-od-petka-5-aprila-i-u-srbiji\/","og_site_name":"Balkan Green Energy News","article_published_time":"2019-04-02T09:15:05+00:00","article_modified_time":"2020-09-24T15:14:49+00:00","og_image":[{"width":1024,"height":524,"url":"https:\/\/balkangreenenergynews.com\/rs\/wp-content\/uploads\/2019\/04\/Protesti-djaka-protiv-klimatskih-promena-petak.jpg","type":"image\/jpeg"}],"author":"Svetlana Jovanovi\u0107","twitter_card":"summary_large_image","twitter_misc":{"\u041d\u0430\u043f\u0438\u0441\u0430\u043d\u043e \u043e\u0434":"Svetlana Jovanovi\u0107","\u041f\u0440\u043e\u0446\u0435\u045a\u0435\u043d\u043e \u0432\u0440\u0435\u043c\u0435 \u0447\u0438\u0442\u0430\u045a\u0430":"3 \u043c\u0438\u043d\u0443\u0442\u0430"},"schema":{"@context":"https:\/\/schema.org","@graph":[{"@type":"Article","@id":"https:\/\/balkangreenenergynews.com\/rs\/protesti-daka-protiv-klimatskih-promena-od-petka-5-aprila-i-u-srbiji\/#article","isPartOf":{"@id":"https:\/\/balkangreenenergynews.com\/rs\/protesti-daka-protiv-klimatskih-promena-od-petka-5-aprila-i-u-srbiji\/"},"author":{"name":"Svetlana Jovanovi\u0107","@id":"https:\/\/balkangreenenergynews.com\/rs\/#\/schema\/person\/82b991c6efaf6b462e01800c17da5ae9"},"headline":"Protesti \u0111aka protiv klimatskih promena od petka 5. aprila i u Srbiji","datePublished":"2019-04-02T09:15:05+00:00","dateModified":"2020-09-24T15:14:49+00:00","mainEntityOfPage":{"@id":"https:\/\/balkangreenenergynews.com\/rs\/protesti-daka-protiv-klimatskih-promena-od-petka-5-aprila-i-u-srbiji\/"},"wordCount":526,"commentCount":0,"image":{"@id":"https:\/\/balkangreenenergynews.com\/rs\/protesti-daka-protiv-klimatskih-promena-od-petka-5-aprila-i-u-srbiji\/#primaryimage"},"thumbnailUrl":"https:\/\/balkangreenenergynews.com\/rs\/wp-content\/uploads\/2019\/04\/Protesti-djaka-protiv-klimatskih-promena-petak.jpg?wsr","keywords":["Greta Thunberg","klimatske promene","protesti"],"articleSection":["\u017divotna sredina"],"inLanguage":"sr-RS","potentialAction":[{"@type":"CommentAction","name":"Comment","target":["https:\/\/balkangreenenergynews.com\/rs\/protesti-daka-protiv-klimatskih-promena-od-petka-5-aprila-i-u-srbiji\/#respond"]}]},{"@type":"WebPage","@id":"https:\/\/balkangreenenergynews.com\/rs\/protesti-daka-protiv-klimatskih-promena-od-petka-5-aprila-i-u-srbiji\/","url":"https:\/\/balkangreenenergynews.com\/rs\/protesti-daka-protiv-klimatskih-promena-od-petka-5-aprila-i-u-srbiji\/","name":"Protesti \u0111aka protiv klimatskih promena od petka 5. aprila i u Srbiji","isPartOf":{"@id":"https:\/\/balkangreenenergynews.com\/rs\/#website"},"primaryImageOfPage":{"@id":"https:\/\/balkangreenenergynews.com\/rs\/protesti-daka-protiv-klimatskih-promena-od-petka-5-aprila-i-u-srbiji\/#primaryimage"},"image":{"@id":"https:\/\/balkangreenenergynews.com\/rs\/protesti-daka-protiv-klimatskih-promena-od-petka-5-aprila-i-u-srbiji\/#primaryimage"},"thumbnailUrl":"https:\/\/balkangreenenergynews.com\/rs\/wp-content\/uploads\/2019\/04\/Protesti-djaka-protiv-klimatskih-promena-petak.jpg?wsr","datePublished":"2019-04-02T09:15:05+00:00","dateModified":"2020-09-24T15:14:49+00:00","author":{"@id":"https:\/\/balkangreenenergynews.com\/rs\/#\/schema\/person\/82b991c6efaf6b462e01800c17da5ae9"},"description":"Globalni pokret \u201ePetkom za budu\u0107nost\u201c (#FridaysForFuture), koji je inspirisala sada ve\u0107 \u0161esnaestogodi\u0161nja Greta Thunberg iz \u0160vedske, stigao je i u Srbiju. Organizatorke i organizatori najavljuju da \u0107e se klimatski protest odr\u017eati u petak 5. aprila od 16.00 \u010dasova u Pionirskom parku u Beogradu.","breadcrumb":{"@id":"https:\/\/balkangreenenergynews.com\/rs\/protesti-daka-protiv-klimatskih-promena-od-petka-5-aprila-i-u-srbiji\/#breadcrumb"},"inLanguage":"sr-RS","potentialAction":[{"@type":"ReadAction","target":["https:\/\/balkangreenenergynews.com\/rs\/protesti-daka-protiv-klimatskih-promena-od-petka-5-aprila-i-u-srbiji\/"]}]},{"@type":"ImageObject","inLanguage":"sr-RS","@id":"https:\/\/balkangreenenergynews.com\/rs\/protesti-daka-protiv-klimatskih-promena-od-petka-5-aprila-i-u-srbiji\/#primaryimage","url":"https:\/\/balkangreenenergynews.com\/rs\/wp-content\/uploads\/2019\/04\/Protesti-djaka-protiv-klimatskih-promena-petak.jpg?wsr","contentUrl":"https:\/\/balkangreenenergynews.com\/rs\/wp-content\/uploads\/2019\/04\/Protesti-djaka-protiv-klimatskih-promena-petak.jpg?wsr","width":1024,"height":524,"caption":"Protesti-djaka-protiv-klimatskih-promena-petak"},{"@type":"BreadcrumbList","@id":"https:\/\/balkangreenenergynews.com\/rs\/protesti-daka-protiv-klimatskih-promena-od-petka-5-aprila-i-u-srbiji\/#breadcrumb","itemListElement":[{"@type":"ListItem","position":1,"name":"Po\u010detna","item":"https:\/\/balkangreenenergynews.com\/rs\/"},{"@type":"ListItem","position":2,"name":"Vesti","item":"https:\/\/balkangreenenergynews.com\/rs\/kategorija\/vesti\/"},{"@type":"ListItem","position":3,"name":"\u017divotna sredina","item":"https:\/\/balkangreenenergynews.com\/rs\/kategorija\/vesti\/zivotna-sredina\/"},{"@type":"ListItem","position":4,"name":"Protesti \u0111aka protiv klimatskih promena od petka 5. aprila i u Srbiji"}]},{"@type":"WebSite","@id":"https:\/\/balkangreenenergynews.com\/rs\/#website","url":"https:\/\/balkangreenenergynews.com\/rs\/","name":"Balkan Green Energy News","description":"Naj\u0161iri izbor vesti sa Balkana o zelenoj energiji","potentialAction":[{"@type":"SearchAction","target":{"@type":"EntryPoint","urlTemplate":"https:\/\/balkangreenenergynews.com\/rs\/?s={search_term_string}"},"query-input":{"@type":"PropertyValueSpecification","valueRequired":true,"valueName":"search_term_string"}}],"inLanguage":"sr-RS"},{"@type":"Person","@id":"https:\/\/balkangreenenergynews.com\/rs\/#\/schema\/person\/82b991c6efaf6b462e01800c17da5ae9","name":"Svetlana Jovanovi\u0107","description":"Nakon 15 godina pisanja i ure\u0111ivanja finansijskih &amp; biznis vesti, Svetlana se od 2018. godine fokusira na teme \u017eivotne sredine i odr\u017eivog razvoja. #BeatPlasticPollution je njen omiljeni hashtag.","sameAs":["https:\/\/www.linkedin.com\/in\/svetlana-jovanovic-4741814b\/"],"url":"https:\/\/balkangreenenergynews.com\/rs\/author\/svetlana-jovanovic\/"}]}},"_links":{"self":[{"href":"https:\/\/balkangreenenergynews.com\/rs\/wp-json\/wp\/v2\/posts\/22947","targetHints":{"allow":["GET"]}}],"collection":[{"href":"https:\/\/balkangreenenergynews.com\/rs\/wp-json\/wp\/v2\/posts"}],"about":[{"href":"https:\/\/balkangreenenergynews.com\/rs\/wp-json\/wp\/v2\/types\/post"}],"author":[{"embeddable":true,"href":"https:\/\/balkangreenenergynews.com\/rs\/wp-json\/wp\/v2\/users\/20"}],"replies":[{"embeddable":true,"href":"https:\/\/balkangreenenergynews.com\/rs\/wp-json\/wp\/v2\/comments?post=22947"}],"version-history":[{"count":0,"href":"https:\/\/balkangreenenergynews.com\/rs\/wp-json\/wp\/v2\/posts\/22947\/revisions"}],"wp:featuredmedia":[{"embeddable":true,"href":"https:\/\/balkangreenenergynews.com\/rs\/wp-json\/wp\/v2\/media\/33966"}],"wp:attachment":[{"href":"https:\/\/balkangreenenergynews.com\/rs\/wp-json\/wp\/v2\/media?parent=22947"}],"wp:term":[{"taxonomy":"category","embeddable":true,"href":"https:\/\/balkangreenenergynews.com\/rs\/wp-json\/wp\/v2\/categories?post=22947"},{"taxonomy":"post_tag","embeddable":true,"href":"https:\/\/balkangreenenergynews.com\/rs\/wp-json\/wp\/v2\/tags?post=22947"}],"curies":[{"name":"wp","href":"https:\/\/api.w.org\/{rel}","templated":true}]}}