{"id":22897,"date":"2019-03-29T11:20:15","date_gmt":"2019-03-29T10:20:15","guid":{"rendered":"https:\/\/balkangreenenergynews.com\/rs\/?p=22897"},"modified":"2019-03-29T12:39:24","modified_gmt":"2019-03-29T11:39:24","slug":"hrvatska-se-prvi-put-predstavlja-na-windeurope-konferenciji","status":"publish","type":"post","link":"https:\/\/balkangreenenergynews.com\/rs\/hrvatska-se-prvi-put-predstavlja-na-windeurope-konferenciji\/","title":{"rendered":"Hrvatska se prvi put predstavlja na WindEurope konferenciji"},"content":{"rendered":"<h2>Od 2. do 4. aprila u Bilbau \u0107e se odr\u017eati WindEurope 2019 Conference &amp; Exhibition, najve\u0107i i najzna\u010dajniji ovogodi\u0161nji evropski doga\u0111aj na polju kori\u0161\u0107enja energije vetra, koji \u0107e okupiti klju\u010dne evropske institucije i evropsku privredu ovog sektora. Prvi put \u0107e se na ovom vode\u0107em me\u0111unarodnom skupu pozdravnim govorom obratiti i jedan ministar iz Hrvatske &#8211; ministar za\u0161tite okoli\u0161a i energetike Tomislav \u0106ori\u0107, saop\u0161tilo je udru\u017eenje Obnovljivi izvori energije Hrvatske.<\/h2>\n<p>Dolazak na <a href=\"https:\/\/windeurope.org\/confex2019\/\">WindEurope 2019 Conference &amp; Exhibition<\/a> najavilo je vi\u0161e od 7.000 u\u010desnika. Na konferenciji \u0107e u\u010destvovati 300 govornika, uklju\u010duju\u0107i ministre energetike.<\/p>\n<p>Me\u0111u ciljevima konferencije je umre\u017eavanje i oblikovanje vizije budu\u0107nosti Evrope, gde je uz trenutne rasprave o klimatskim promenama koje dramati\u010dno podi\u017eu svest gra\u0111ana, potrebna i hitna akcija za dekarbonizaciju energetskog miksa, navodi se u saop\u0161tenju.<\/p>\n<p>Udru\u017eenje Obnovljivi izvori energije Hrvatske (OIEH) organizuje u\u010de\u0161\u0107e hrvatskih predstavnika na WindEurope 2019 Conference &amp; Exhibition sa ciljem da prvi put predstavi znanje i iskustvo Hrvatske na podru\u010dju kori\u0161\u0107enja energije vjetra.<\/p>\n<p>OIEH na WindEurope konferenciji<strong> organizuje i dva panela pod nazivom <\/strong><a href=\"https:\/\/windeurope.org\/confex2019\/networking\/south-east-europe-zoomed-in\/\"><em>South East Europe in Focus<\/em><\/a> <strong><em>(Jugoisto\u010dna Evropa u fokusu)<\/em><\/strong><em>,<\/em> u kojima u\u010destvuju najpriznatiji hrvatski stru\u010dnjaci i privrednici, zajedno sa predstavnicima evropskih institucija i svetskih korporacija.<\/p>\n<p>Moderator prvog panela, sa temom <em>System integration of wind energy in South East Europe<\/em>, je <strong>Neven Dui\u0107<\/strong>, profesor na Fakultetu strojarstva i brodogradnje Sveu\u010dili\u0161ta u Zagrebu (FSB) i predsednik Me\u0111unarodnog centra za odr\u017eivi razvoj energetike, voda i okoli\u0161a (SDEWES Centre) iz Zagreba.<\/p>\n<p>Na drugom panelu, sa temom <em>Projects of common interest in South East Europe<\/em>, u\u010destvuje i ministar za\u0161tite okoli\u0161a i energetike <strong>Tomislav \u0106ori\u0107<\/strong>.<\/p>\n<p>Udru\u017eenje OIEH ovom prilikom tako\u0111e <strong>prvi put okuplja i predstavlja hrvatske kompanije na zajedni\u010dkom izlo\u017ebenom prostoru <\/strong>sa \u017eeljom da poka\u017ee ukupni zna\u010daj i vrednost kompanija koje poseduju znanje i iskustvo u radu na projektima OIE, posebno energije vetra, kao i njihove aktivnosti i planove na tom podru\u010dju. Uz njih \u0107e se predstaviti i kompanije koje u Hrvatskoj posluju kroz svoje podru\u017enice.<\/p>\n<p>Predstavi\u0107e se HEP, HOPS, HROTE, IGH, Zagrebtrans, Kamgrad, AMPnet, FRACTAL, HELB, ENCRO, Terra Purus, C.E.M.P., Acciona Energija, RP Global projekti, Megajoule Adria, Petrol i TECOI, Selan, Norinco i Energija projekt, Akuo energy MED, Enlight Renewable Energy i Eco Wind.<\/p>\n<p>Uz predstavljanje na WindEurope 2019 Conference and Exhibition u Bilbau <strong>OIEH najavljuje i prvu regionalnu konferenciju Dani dobrog vjetra<\/strong> koja \u0107e se <strong>13. i 14. juna<\/strong> ove godine odr\u017eati <strong>u Vodicama<\/strong>, koju \u0107e realizovati u partnerstvu s WindEurope, a na kojoj \u0107e u\u010desnici iz regiona podeliti svoje iskustvo i znanje koje imaju u razvoju i realizaciji projekata vetroenergije.<\/p>\n<p>Va\u017enost prvog ovakvog predstavljanja Hrvatske na WindEurope konferenciji i izlo\u017ebenom sajmu, prepoznalo je Ministarstvo za\u0161tite okoli\u0161a i energetike pod \u010dijim se pokroviteljstvom ono i odvija, saop\u0161tilo je udru\u017eenje OIEH, koje okuplja proizvo\u0111a\u010de elektri\u010dne energije iz obnovljivih izvora.<\/p>\n","protected":false},"excerpt":{"rendered":"<p>Od 2. do 4. aprila u Bilbau \u0107e se odr\u017eati WindEurope 2019 Conference &amp; Exhibition,&#8230;<\/p>\n","protected":false},"author":25,"featured_media":22898,"comment_status":"open","ping_status":"closed","sticky":false,"template":"","format":"standard","meta":{"_acf_changed":false,"_monsterinsights_skip_tracking":false,"_monsterinsights_sitenote_active":false,"_monsterinsights_sitenote_note":"","_monsterinsights_sitenote_category":0,"footnotes":""},"categories":[1],"tags":[1428,5129,647,754,2400,2345],"class_list":["post-22897","post","type-post","status-publish","format-standard","has-post-thumbnail","hentry","category-obnovljivi-izvori-energije","tag-energija-vetra","tag-neven-duic","tag-obnovljivi-izvori-energije","tag-oie","tag-tomislav-coric","tag-windeurope","country-hrvatska","country-regioneu"],"acf":[],"yoast_head":"<!-- This site is optimized with the Yoast SEO plugin v27.4 - https:\/\/yoast.com\/product\/yoast-seo-wordpress\/ -->\n<title>Hrvatska se prvi put predstavlja na WindEurope konferenciji<\/title>\n<meta name=\"description\" content=\"Od 2. do 4. aprila u Bilbau \u0107e se odr\u017eati WindEurope 2019 Conference &amp; Exhibition, najve\u0107i i najzna\u010dajniji ovogodi\u0161nji evropski doga\u0111aj na polju kori\u0161\u0107enja energije vetra, koji \u0107e okupiti klju\u010dne evropske institucije i evropsku privredu ovog sektora. Prvi put \u0107e se na ovom vode\u0107em me\u0111unarodnom skupu pozdravnim govorom obratiti i jedan ministar iz Hrvatske - ministar za\u0161tite okoli\u0161a i energetike Tomislav \u0106ori\u0107, saop\u0161tilo je udru\u017eenje Obnovljivi izvori energije Hrvatske.\" \/>\n<meta name=\"robots\" content=\"index, follow, max-snippet:-1, max-image-preview:large, max-video-preview:-1\" \/>\n<link rel=\"canonical\" href=\"https:\/\/balkangreenenergynews.com\/rs\/hrvatska-se-prvi-put-predstavlja-na-windeurope-konferenciji\/\" \/>\n<meta property=\"og:locale\" content=\"sr_RS\" \/>\n<meta property=\"og:type\" content=\"article\" \/>\n<meta property=\"og:title\" content=\"Hrvatska se prvi put predstavlja na WindEurope konferenciji\" \/>\n<meta property=\"og:description\" content=\"Od 2. do 4. aprila u Bilbau \u0107e se odr\u017eati WindEurope 2019 Conference &amp; Exhibition, najve\u0107i i najzna\u010dajniji ovogodi\u0161nji evropski doga\u0111aj na polju kori\u0161\u0107enja energije vetra, koji \u0107e okupiti klju\u010dne evropske institucije i evropsku privredu ovog sektora. Prvi put \u0107e se na ovom vode\u0107em me\u0111unarodnom skupu pozdravnim govorom obratiti i jedan ministar iz Hrvatske - ministar za\u0161tite okoli\u0161a i energetike Tomislav \u0106ori\u0107, saop\u0161tilo je udru\u017eenje Obnovljivi izvori energije Hrvatske.\" \/>\n<meta property=\"og:url\" content=\"https:\/\/balkangreenenergynews.com\/rs\/hrvatska-se-prvi-put-predstavlja-na-windeurope-konferenciji\/\" \/>\n<meta property=\"og:site_name\" content=\"Balkan Green Energy News\" \/>\n<meta property=\"article:published_time\" content=\"2019-03-29T10:20:15+00:00\" \/>\n<meta property=\"article:modified_time\" content=\"2019-03-29T11:39:24+00:00\" \/>\n<meta property=\"og:image\" content=\"https:\/\/balkangreenenergynews.com\/rs\/wp-content\/uploads\/2019\/03\/WindEurope.jpg\" \/>\n\t<meta property=\"og:image:width\" content=\"1280\" \/>\n\t<meta property=\"og:image:height\" content=\"543\" \/>\n\t<meta property=\"og:image:type\" content=\"image\/jpeg\" \/>\n<meta name=\"author\" content=\"Balkan Green Energy News\" \/>\n<meta name=\"twitter:card\" content=\"summary_large_image\" \/>\n<meta name=\"twitter:label1\" content=\"\u041d\u0430\u043f\u0438\u0441\u0430\u043d\u043e \u043e\u0434\" \/>\n\t<meta name=\"twitter:data1\" content=\"Balkan Green Energy News\" \/>\n\t<meta name=\"twitter:label2\" content=\"\u041f\u0440\u043e\u0446\u0435\u045a\u0435\u043d\u043e \u0432\u0440\u0435\u043c\u0435 \u0447\u0438\u0442\u0430\u045a\u0430\" \/>\n\t<meta name=\"twitter:data2\" content=\"3 \u043c\u0438\u043d\u0443\u0442\u0430\" \/>\n<script type=\"application\/ld+json\" class=\"yoast-schema-graph\">{\"@context\":\"https:\\\/\\\/schema.org\",\"@graph\":[{\"@type\":\"Article\",\"@id\":\"https:\\\/\\\/balkangreenenergynews.com\\\/rs\\\/hrvatska-se-prvi-put-predstavlja-na-windeurope-konferenciji\\\/#article\",\"isPartOf\":{\"@id\":\"https:\\\/\\\/balkangreenenergynews.com\\\/rs\\\/hrvatska-se-prvi-put-predstavlja-na-windeurope-konferenciji\\\/\"},\"author\":{\"name\":\"Balkan Green Energy News\",\"@id\":\"https:\\\/\\\/balkangreenenergynews.com\\\/rs\\\/#\\\/schema\\\/person\\\/dee275e6036b1a0f7ceaf956d79d4eff\"},\"headline\":\"Hrvatska se prvi put predstavlja na WindEurope konferenciji\",\"datePublished\":\"2019-03-29T10:20:15+00:00\",\"dateModified\":\"2019-03-29T11:39:24+00:00\",\"mainEntityOfPage\":{\"@id\":\"https:\\\/\\\/balkangreenenergynews.com\\\/rs\\\/hrvatska-se-prvi-put-predstavlja-na-windeurope-konferenciji\\\/\"},\"wordCount\":513,\"commentCount\":0,\"image\":{\"@id\":\"https:\\\/\\\/balkangreenenergynews.com\\\/rs\\\/hrvatska-se-prvi-put-predstavlja-na-windeurope-konferenciji\\\/#primaryimage\"},\"thumbnailUrl\":\"https:\\\/\\\/balkangreenenergynews.com\\\/rs\\\/wp-content\\\/uploads\\\/2019\\\/03\\\/WindEurope.jpg?wsr\",\"keywords\":[\"energija vetra\",\"Neven Dui\u0107\",\"obnovljivi izvori energije\",\"OIE\",\"Tomislav \u0106ori\u0107\",\"WindEurope\"],\"articleSection\":[\"OIE\"],\"inLanguage\":\"sr-RS\",\"potentialAction\":[{\"@type\":\"CommentAction\",\"name\":\"Comment\",\"target\":[\"https:\\\/\\\/balkangreenenergynews.com\\\/rs\\\/hrvatska-se-prvi-put-predstavlja-na-windeurope-konferenciji\\\/#respond\"]}]},{\"@type\":\"WebPage\",\"@id\":\"https:\\\/\\\/balkangreenenergynews.com\\\/rs\\\/hrvatska-se-prvi-put-predstavlja-na-windeurope-konferenciji\\\/\",\"url\":\"https:\\\/\\\/balkangreenenergynews.com\\\/rs\\\/hrvatska-se-prvi-put-predstavlja-na-windeurope-konferenciji\\\/\",\"name\":\"Hrvatska se prvi put predstavlja na WindEurope konferenciji\",\"isPartOf\":{\"@id\":\"https:\\\/\\\/balkangreenenergynews.com\\\/rs\\\/#website\"},\"primaryImageOfPage\":{\"@id\":\"https:\\\/\\\/balkangreenenergynews.com\\\/rs\\\/hrvatska-se-prvi-put-predstavlja-na-windeurope-konferenciji\\\/#primaryimage\"},\"image\":{\"@id\":\"https:\\\/\\\/balkangreenenergynews.com\\\/rs\\\/hrvatska-se-prvi-put-predstavlja-na-windeurope-konferenciji\\\/#primaryimage\"},\"thumbnailUrl\":\"https:\\\/\\\/balkangreenenergynews.com\\\/rs\\\/wp-content\\\/uploads\\\/2019\\\/03\\\/WindEurope.jpg?wsr\",\"datePublished\":\"2019-03-29T10:20:15+00:00\",\"dateModified\":\"2019-03-29T11:39:24+00:00\",\"author\":{\"@id\":\"https:\\\/\\\/balkangreenenergynews.com\\\/rs\\\/#\\\/schema\\\/person\\\/dee275e6036b1a0f7ceaf956d79d4eff\"},\"description\":\"Od 2. do 4. aprila u Bilbau \u0107e se odr\u017eati WindEurope 2019 Conference & Exhibition, najve\u0107i i najzna\u010dajniji ovogodi\u0161nji evropski doga\u0111aj na polju kori\u0161\u0107enja energije vetra, koji \u0107e okupiti klju\u010dne evropske institucije i evropsku privredu ovog sektora. Prvi put \u0107e se na ovom vode\u0107em me\u0111unarodnom skupu pozdravnim govorom obratiti i jedan ministar iz Hrvatske - ministar za\u0161tite okoli\u0161a i energetike Tomislav \u0106ori\u0107, saop\u0161tilo je udru\u017eenje Obnovljivi izvori energije Hrvatske.\",\"breadcrumb\":{\"@id\":\"https:\\\/\\\/balkangreenenergynews.com\\\/rs\\\/hrvatska-se-prvi-put-predstavlja-na-windeurope-konferenciji\\\/#breadcrumb\"},\"inLanguage\":\"sr-RS\",\"potentialAction\":[{\"@type\":\"ReadAction\",\"target\":[\"https:\\\/\\\/balkangreenenergynews.com\\\/rs\\\/hrvatska-se-prvi-put-predstavlja-na-windeurope-konferenciji\\\/\"]}]},{\"@type\":\"ImageObject\",\"inLanguage\":\"sr-RS\",\"@id\":\"https:\\\/\\\/balkangreenenergynews.com\\\/rs\\\/hrvatska-se-prvi-put-predstavlja-na-windeurope-konferenciji\\\/#primaryimage\",\"url\":\"https:\\\/\\\/balkangreenenergynews.com\\\/rs\\\/wp-content\\\/uploads\\\/2019\\\/03\\\/WindEurope.jpg?wsr\",\"contentUrl\":\"https:\\\/\\\/balkangreenenergynews.com\\\/rs\\\/wp-content\\\/uploads\\\/2019\\\/03\\\/WindEurope.jpg?wsr\",\"width\":1280,\"height\":543},{\"@type\":\"BreadcrumbList\",\"@id\":\"https:\\\/\\\/balkangreenenergynews.com\\\/rs\\\/hrvatska-se-prvi-put-predstavlja-na-windeurope-konferenciji\\\/#breadcrumb\",\"itemListElement\":[{\"@type\":\"ListItem\",\"position\":1,\"name\":\"Po\u010detna\",\"item\":\"https:\\\/\\\/balkangreenenergynews.com\\\/rs\\\/\"},{\"@type\":\"ListItem\",\"position\":2,\"name\":\"Vesti\",\"item\":\"https:\\\/\\\/balkangreenenergynews.com\\\/rs\\\/kategorija\\\/vesti\\\/\"},{\"@type\":\"ListItem\",\"position\":3,\"name\":\"OIE\",\"item\":\"https:\\\/\\\/balkangreenenergynews.com\\\/rs\\\/kategorija\\\/vesti\\\/obnovljivi-izvori-energije\\\/\"},{\"@type\":\"ListItem\",\"position\":4,\"name\":\"Hrvatska se prvi put predstavlja na WindEurope konferenciji\"}]},{\"@type\":\"WebSite\",\"@id\":\"https:\\\/\\\/balkangreenenergynews.com\\\/rs\\\/#website\",\"url\":\"https:\\\/\\\/balkangreenenergynews.com\\\/rs\\\/\",\"name\":\"Balkan Green Energy News\",\"description\":\"Naj\u0161iri izbor vesti sa Balkana o zelenoj energiji\",\"potentialAction\":[{\"@type\":\"SearchAction\",\"target\":{\"@type\":\"EntryPoint\",\"urlTemplate\":\"https:\\\/\\\/balkangreenenergynews.com\\\/rs\\\/?s={search_term_string}\"},\"query-input\":{\"@type\":\"PropertyValueSpecification\",\"valueRequired\":true,\"valueName\":\"search_term_string\"}}],\"inLanguage\":\"sr-RS\"},{\"@type\":\"Person\",\"@id\":\"https:\\\/\\\/balkangreenenergynews.com\\\/rs\\\/#\\\/schema\\\/person\\\/dee275e6036b1a0f7ceaf956d79d4eff\",\"name\":\"Balkan Green Energy News\",\"url\":\"https:\\\/\\\/balkangreenenergynews.com\\\/rs\\\/author\\\/balkangreenenergynews\\\/\"}]}<\/script>\n<!-- \/ Yoast SEO plugin. -->","yoast_head_json":{"title":"Hrvatska se prvi put predstavlja na WindEurope konferenciji","description":"Od 2. do 4. aprila u Bilbau \u0107e se odr\u017eati WindEurope 2019 Conference & Exhibition, najve\u0107i i najzna\u010dajniji ovogodi\u0161nji evropski doga\u0111aj na polju kori\u0161\u0107enja energije vetra, koji \u0107e okupiti klju\u010dne evropske institucije i evropsku privredu ovog sektora. Prvi put \u0107e se na ovom vode\u0107em me\u0111unarodnom skupu pozdravnim govorom obratiti i jedan ministar iz Hrvatske - ministar za\u0161tite okoli\u0161a i energetike Tomislav \u0106ori\u0107, saop\u0161tilo je udru\u017eenje Obnovljivi izvori energije Hrvatske.","robots":{"index":"index","follow":"follow","max-snippet":"max-snippet:-1","max-image-preview":"max-image-preview:large","max-video-preview":"max-video-preview:-1"},"canonical":"https:\/\/balkangreenenergynews.com\/rs\/hrvatska-se-prvi-put-predstavlja-na-windeurope-konferenciji\/","og_locale":"sr_RS","og_type":"article","og_title":"Hrvatska se prvi put predstavlja na WindEurope konferenciji","og_description":"Od 2. do 4. aprila u Bilbau \u0107e se odr\u017eati WindEurope 2019 Conference & Exhibition, najve\u0107i i najzna\u010dajniji ovogodi\u0161nji evropski doga\u0111aj na polju kori\u0161\u0107enja energije vetra, koji \u0107e okupiti klju\u010dne evropske institucije i evropsku privredu ovog sektora. Prvi put \u0107e se na ovom vode\u0107em me\u0111unarodnom skupu pozdravnim govorom obratiti i jedan ministar iz Hrvatske - ministar za\u0161tite okoli\u0161a i energetike Tomislav \u0106ori\u0107, saop\u0161tilo je udru\u017eenje Obnovljivi izvori energije Hrvatske.","og_url":"https:\/\/balkangreenenergynews.com\/rs\/hrvatska-se-prvi-put-predstavlja-na-windeurope-konferenciji\/","og_site_name":"Balkan Green Energy News","article_published_time":"2019-03-29T10:20:15+00:00","article_modified_time":"2019-03-29T11:39:24+00:00","og_image":[{"width":1280,"height":543,"url":"https:\/\/balkangreenenergynews.com\/rs\/wp-content\/uploads\/2019\/03\/WindEurope.jpg","type":"image\/jpeg"}],"author":"Balkan Green Energy News","twitter_card":"summary_large_image","twitter_misc":{"\u041d\u0430\u043f\u0438\u0441\u0430\u043d\u043e \u043e\u0434":"Balkan Green Energy News","\u041f\u0440\u043e\u0446\u0435\u045a\u0435\u043d\u043e \u0432\u0440\u0435\u043c\u0435 \u0447\u0438\u0442\u0430\u045a\u0430":"3 \u043c\u0438\u043d\u0443\u0442\u0430"},"schema":{"@context":"https:\/\/schema.org","@graph":[{"@type":"Article","@id":"https:\/\/balkangreenenergynews.com\/rs\/hrvatska-se-prvi-put-predstavlja-na-windeurope-konferenciji\/#article","isPartOf":{"@id":"https:\/\/balkangreenenergynews.com\/rs\/hrvatska-se-prvi-put-predstavlja-na-windeurope-konferenciji\/"},"author":{"name":"Balkan Green Energy News","@id":"https:\/\/balkangreenenergynews.com\/rs\/#\/schema\/person\/dee275e6036b1a0f7ceaf956d79d4eff"},"headline":"Hrvatska se prvi put predstavlja na WindEurope konferenciji","datePublished":"2019-03-29T10:20:15+00:00","dateModified":"2019-03-29T11:39:24+00:00","mainEntityOfPage":{"@id":"https:\/\/balkangreenenergynews.com\/rs\/hrvatska-se-prvi-put-predstavlja-na-windeurope-konferenciji\/"},"wordCount":513,"commentCount":0,"image":{"@id":"https:\/\/balkangreenenergynews.com\/rs\/hrvatska-se-prvi-put-predstavlja-na-windeurope-konferenciji\/#primaryimage"},"thumbnailUrl":"https:\/\/balkangreenenergynews.com\/rs\/wp-content\/uploads\/2019\/03\/WindEurope.jpg?wsr","keywords":["energija vetra","Neven Dui\u0107","obnovljivi izvori energije","OIE","Tomislav \u0106ori\u0107","WindEurope"],"articleSection":["OIE"],"inLanguage":"sr-RS","potentialAction":[{"@type":"CommentAction","name":"Comment","target":["https:\/\/balkangreenenergynews.com\/rs\/hrvatska-se-prvi-put-predstavlja-na-windeurope-konferenciji\/#respond"]}]},{"@type":"WebPage","@id":"https:\/\/balkangreenenergynews.com\/rs\/hrvatska-se-prvi-put-predstavlja-na-windeurope-konferenciji\/","url":"https:\/\/balkangreenenergynews.com\/rs\/hrvatska-se-prvi-put-predstavlja-na-windeurope-konferenciji\/","name":"Hrvatska se prvi put predstavlja na WindEurope konferenciji","isPartOf":{"@id":"https:\/\/balkangreenenergynews.com\/rs\/#website"},"primaryImageOfPage":{"@id":"https:\/\/balkangreenenergynews.com\/rs\/hrvatska-se-prvi-put-predstavlja-na-windeurope-konferenciji\/#primaryimage"},"image":{"@id":"https:\/\/balkangreenenergynews.com\/rs\/hrvatska-se-prvi-put-predstavlja-na-windeurope-konferenciji\/#primaryimage"},"thumbnailUrl":"https:\/\/balkangreenenergynews.com\/rs\/wp-content\/uploads\/2019\/03\/WindEurope.jpg?wsr","datePublished":"2019-03-29T10:20:15+00:00","dateModified":"2019-03-29T11:39:24+00:00","author":{"@id":"https:\/\/balkangreenenergynews.com\/rs\/#\/schema\/person\/dee275e6036b1a0f7ceaf956d79d4eff"},"description":"Od 2. do 4. aprila u Bilbau \u0107e se odr\u017eati WindEurope 2019 Conference & Exhibition, najve\u0107i i najzna\u010dajniji ovogodi\u0161nji evropski doga\u0111aj na polju kori\u0161\u0107enja energije vetra, koji \u0107e okupiti klju\u010dne evropske institucije i evropsku privredu ovog sektora. Prvi put \u0107e se na ovom vode\u0107em me\u0111unarodnom skupu pozdravnim govorom obratiti i jedan ministar iz Hrvatske - ministar za\u0161tite okoli\u0161a i energetike Tomislav \u0106ori\u0107, saop\u0161tilo je udru\u017eenje Obnovljivi izvori energije Hrvatske.","breadcrumb":{"@id":"https:\/\/balkangreenenergynews.com\/rs\/hrvatska-se-prvi-put-predstavlja-na-windeurope-konferenciji\/#breadcrumb"},"inLanguage":"sr-RS","potentialAction":[{"@type":"ReadAction","target":["https:\/\/balkangreenenergynews.com\/rs\/hrvatska-se-prvi-put-predstavlja-na-windeurope-konferenciji\/"]}]},{"@type":"ImageObject","inLanguage":"sr-RS","@id":"https:\/\/balkangreenenergynews.com\/rs\/hrvatska-se-prvi-put-predstavlja-na-windeurope-konferenciji\/#primaryimage","url":"https:\/\/balkangreenenergynews.com\/rs\/wp-content\/uploads\/2019\/03\/WindEurope.jpg?wsr","contentUrl":"https:\/\/balkangreenenergynews.com\/rs\/wp-content\/uploads\/2019\/03\/WindEurope.jpg?wsr","width":1280,"height":543},{"@type":"BreadcrumbList","@id":"https:\/\/balkangreenenergynews.com\/rs\/hrvatska-se-prvi-put-predstavlja-na-windeurope-konferenciji\/#breadcrumb","itemListElement":[{"@type":"ListItem","position":1,"name":"Po\u010detna","item":"https:\/\/balkangreenenergynews.com\/rs\/"},{"@type":"ListItem","position":2,"name":"Vesti","item":"https:\/\/balkangreenenergynews.com\/rs\/kategorija\/vesti\/"},{"@type":"ListItem","position":3,"name":"OIE","item":"https:\/\/balkangreenenergynews.com\/rs\/kategorija\/vesti\/obnovljivi-izvori-energije\/"},{"@type":"ListItem","position":4,"name":"Hrvatska se prvi put predstavlja na WindEurope konferenciji"}]},{"@type":"WebSite","@id":"https:\/\/balkangreenenergynews.com\/rs\/#website","url":"https:\/\/balkangreenenergynews.com\/rs\/","name":"Balkan Green Energy News","description":"Naj\u0161iri izbor vesti sa Balkana o zelenoj energiji","potentialAction":[{"@type":"SearchAction","target":{"@type":"EntryPoint","urlTemplate":"https:\/\/balkangreenenergynews.com\/rs\/?s={search_term_string}"},"query-input":{"@type":"PropertyValueSpecification","valueRequired":true,"valueName":"search_term_string"}}],"inLanguage":"sr-RS"},{"@type":"Person","@id":"https:\/\/balkangreenenergynews.com\/rs\/#\/schema\/person\/dee275e6036b1a0f7ceaf956d79d4eff","name":"Balkan Green Energy News","url":"https:\/\/balkangreenenergynews.com\/rs\/author\/balkangreenenergynews\/"}]}},"_links":{"self":[{"href":"https:\/\/balkangreenenergynews.com\/rs\/wp-json\/wp\/v2\/posts\/22897","targetHints":{"allow":["GET"]}}],"collection":[{"href":"https:\/\/balkangreenenergynews.com\/rs\/wp-json\/wp\/v2\/posts"}],"about":[{"href":"https:\/\/balkangreenenergynews.com\/rs\/wp-json\/wp\/v2\/types\/post"}],"author":[{"embeddable":true,"href":"https:\/\/balkangreenenergynews.com\/rs\/wp-json\/wp\/v2\/users\/25"}],"replies":[{"embeddable":true,"href":"https:\/\/balkangreenenergynews.com\/rs\/wp-json\/wp\/v2\/comments?post=22897"}],"version-history":[{"count":0,"href":"https:\/\/balkangreenenergynews.com\/rs\/wp-json\/wp\/v2\/posts\/22897\/revisions"}],"wp:featuredmedia":[{"embeddable":true,"href":"https:\/\/balkangreenenergynews.com\/rs\/wp-json\/wp\/v2\/media\/22898"}],"wp:attachment":[{"href":"https:\/\/balkangreenenergynews.com\/rs\/wp-json\/wp\/v2\/media?parent=22897"}],"wp:term":[{"taxonomy":"category","embeddable":true,"href":"https:\/\/balkangreenenergynews.com\/rs\/wp-json\/wp\/v2\/categories?post=22897"},{"taxonomy":"post_tag","embeddable":true,"href":"https:\/\/balkangreenenergynews.com\/rs\/wp-json\/wp\/v2\/tags?post=22897"}],"curies":[{"name":"wp","href":"https:\/\/api.w.org\/{rel}","templated":true}]}}