{"id":22441,"date":"2019-03-09T18:31:11","date_gmt":"2019-03-09T17:31:11","guid":{"rendered":"https:\/\/balkangreenenergynews.com\/rs\/?p=22441"},"modified":"2020-10-21T16:15:38","modified_gmt":"2020-10-21T14:15:38","slug":"djaci-iz-hrvatske-ukljucuju-se-u-globalni-protest-protiv-klimatkih-promena","status":"publish","type":"post","link":"https:\/\/balkangreenenergynews.com\/rs\/djaci-iz-hrvatske-ukljucuju-se-u-globalni-protest-protiv-klimatkih-promena\/","title":{"rendered":"\u0110aci iz Hrvatske uklju\u010duju se u globalni protest protiv klimatskih promena"},"content":{"rendered":"<h2>U\u010denici srednjih \u0161kola iz Hrvatske pridru\u017ei\u0107e se 15. marta srednjo\u0161kolcima iz ukupno 85 zemalja \u0161irom sveta koji ve\u0107 godinu dana protestuju u okviru pokreta pod nazivom &#8222;Globalni klimatski protest za budu\u0107nost&#8220; koji je pokrenula pro\u0161le godine mlada \u0160ve\u0111anka Greta Thunberg (16). Broj protesta raste iz dana u dan, a u\u010denici iz Hrvatske priklju\u010duju se srednjo\u0161kolcima iz Slovenije, Rumunije i Severne Makedonije.<\/h2>\n<p>Pokret koji je pre godinu dana pokrenula mlada \u0160ve\u0111anka Greta Thunberg, posle godinu dana okuplja srednjo\u0161kolce iz \u010dak 85 zemalja \u0161irom sveta. Mla\u0111e generacije, iako jo\u0161 u \u0161kolskim klupama, veoma su zabrinute za budu\u0107nost planete, i dok njihovi roditelji prili\u010dno pasivno posmatraju kako klimatske promene napreduju, deca su odlu\u010dila da borbu za normalnu budu\u0107nost koja podrazumeva sna\u017enu akciju protiv klimatskih promena, uzmu u svoje ruke.<\/p>\n<blockquote class=\"twitter-tweet\" data-width=\"500\" data-dnt=\"true\">\n<p lang=\"en\" dir=\"ltr\">Another lively <a href=\"https:\/\/twitter.com\/hashtag\/FridaysForFuture?src=hash&amp;ref_src=twsrc%5Etfw\">#FridaysForFuture<\/a> in Dublin this afternoon <a href=\"https:\/\/twitter.com\/GretaThunberg?ref_src=twsrc%5Etfw\">@GretaThunberg<\/a> we r.getting ready for March 15th International <a href=\"https:\/\/twitter.com\/hashtag\/ClimateStrike?src=hash&amp;ref_src=twsrc%5Etfw\">#ClimateStrike<\/a> <a href=\"https:\/\/twitter.com\/hashtag\/InternationalWomensDay?src=hash&amp;ref_src=twsrc%5Etfw\">#InternationalWomensDay<\/a> <a href=\"https:\/\/t.co\/3FpFH7ZCYL\">pic.twitter.com\/3FpFH7ZCYL<\/a><\/p>\n<p>&mdash; Jane Mellett (@Janemellett) <a href=\"https:\/\/twitter.com\/Janemellett\/status\/1104027475661729793?ref_src=twsrc%5Etfw\">March 8, 2019<\/a><\/p><\/blockquote>\n<p><script async src=\"https:\/\/platform.twitter.com\/widgets.js\" charset=\"utf-8\"><\/script><\/p>\n<p>Mlade kom\u0161ije iz Hrvatske, kako prenosi portal <a href=\"https:\/\/srednja.hr\/ekobiz\/ekologija\/globalni-eko-pokret-ucenika-800-gradova-zagrebacki-ucenici-prosvjeduju-15-3\/\">Srednja<\/a>, okupi\u0107e se u Zagrebu, gde je policiji i predat zahtev u\u010denika za okupljanje.<\/p>\n<h3><span style=\"\">Evropski srednjo\u0161kolci masovno u protestima, politi\u010dari negoduju<\/span><\/h3>\n<p>Broj protesta koje organizuju srednjo\u0161kolci \u0161irom Evrope iz dana u dan se pove\u0107ava. Ipak, iako bismo mogli o\u010dekivati da \u0107e evropski politi\u010dari, koji i sami zagovaraju sna\u017enu klimatsku akciju, podr\u017eati svoje mlade sugra\u0111ane, oni na to ne gledaju blagonaklono, a belgijska ministarka za\u0161tite \u017eivotne sredine Joke Schauvliege, ostala je bez ministarske fotelje jer je u\u010denike optu\u017eila da idu na proteste da ne bi i\u0161lu u \u0161kolu, odnosno da su podpali pod uticaj neimenovanih izvora.<\/p>\n<p>Nema\u010dka kancelarka Angela Merkel tako\u0111e je iznenadila mnoge kada je proteste povezala sa spoljnim faktorima. Merkelova je rekla da u Nema\u010dkoj deca protestvuju da bi za\u0161titili klimu i da je to va\u017eno pitanje, ali da je &#8222;nemogu\u0107e zamisliti da nema\u010dka deca, odjednom i bez spolja\u0161njeg uticaja, do\u0111u na ideju da treba da u\u010destvuju u ovom procesu&#8220;. Njena izjava se dovodi u vezu i sa komentarima koje je iznela na godi\u0161njoj Minhenskoj bezbedonosnoj konferenciji, kada je pomenula proteste nakon razgovora o hibridnom ratovanju\u00a0 koje kao pretnja dolazi od Rusije.<\/p>\n<h3><span style=\"\">Novi protest zakazan za 15. mart\u00a0<\/span><\/h3>\n<p>U petak, 15.marta ponovo \u0107e \u0111aci iza\u0107i na ulice u ukupno <a href=\"https:\/\/www.fridaysforfuture.org\/events\/list\">78 zemalja<\/a> u kojima \u0107e biti organizovano ukupno 939 doga\u0111aja. Na dru\u0161tvenim mre\u017eama za\u017eivelo je nekoliko\u00a0 hashtag-ova, poput <a href=\"https:\/\/twitter.com\/hashtag\/FridaysForFuture?src=hash\">#FridaysforFuture<\/a> i <a href=\"https:\/\/twitter.com\/hashtag\/schoolstrike4climate?src=hash\">#ClimateStrike<\/a>. Obavezno ih upratite!<\/p>\n","protected":false},"excerpt":{"rendered":"<p>U\u010denici srednjih \u0161kola iz Hrvatske pridru\u017ei\u0107e se 15. marta srednjo\u0161kolcima iz ukupno 85 zemalja \u0161irom&#8230;<\/p>\n","protected":false},"author":22,"featured_media":34581,"comment_status":"open","ping_status":"closed","sticky":false,"template":"","format":"standard","meta":{"_acf_changed":false,"_monsterinsights_skip_tracking":false,"_monsterinsights_sitenote_active":false,"_monsterinsights_sitenote_note":"","_monsterinsights_sitenote_category":0,"footnotes":""},"categories":[1,481,4],"tags":[5088,3301,5090],"class_list":["post-22441","post","type-post","status-publish","format-standard","has-post-thumbnail","hentry","category-obnovljivi-izvori-energije","category-vesti","category-zivotna-sredina","tag-greta-thunberg","tag-klimatska-akcija","tag-protesti","country-hrvatska","country-regioneu"],"acf":[],"yoast_head":"<!-- This site is optimized with the Yoast SEO plugin v27.4 - https:\/\/yoast.com\/product\/yoast-seo-wordpress\/ -->\n<title>\u0110aci iz Hrvatske uklju\u010duju se u globalni protest protiv klimatskih promena<\/title>\n<meta name=\"description\" content=\"U\u010denici srednjih \u0161kola iz Hrvatske pridru\u017ei\u0107e se 15. marta srednjo\u0161kolcima iz ukupno 85 zemalja \u0161irom sveta koji ve\u0107 godinu dana protestvuju\u00a0 u okviru pokre\" \/>\n<meta name=\"robots\" content=\"index, follow, max-snippet:-1, max-image-preview:large, max-video-preview:-1\" \/>\n<link rel=\"canonical\" href=\"https:\/\/balkangreenenergynews.com\/rs\/djaci-iz-hrvatske-ukljucuju-se-u-globalni-protest-protiv-klimatkih-promena\/\" \/>\n<meta property=\"og:locale\" content=\"sr_RS\" \/>\n<meta property=\"og:type\" content=\"article\" \/>\n<meta property=\"og:title\" content=\"\u0110aci iz Hrvatske uklju\u010duju se u globalni protest protiv klimatskih promena\" \/>\n<meta property=\"og:description\" content=\"U\u010denici srednjih \u0161kola iz Hrvatske pridru\u017ei\u0107e se 15. marta srednjo\u0161kolcima iz ukupno 85 zemalja \u0161irom sveta koji ve\u0107 godinu dana protestvuju\u00a0 u okviru pokre\" \/>\n<meta property=\"og:url\" content=\"https:\/\/balkangreenenergynews.com\/rs\/djaci-iz-hrvatske-ukljucuju-se-u-globalni-protest-protiv-klimatkih-promena\/\" \/>\n<meta property=\"og:site_name\" content=\"Balkan Green Energy News\" \/>\n<meta property=\"article:published_time\" content=\"2019-03-09T17:31:11+00:00\" \/>\n<meta property=\"article:modified_time\" content=\"2020-10-21T14:15:38+00:00\" \/>\n<meta property=\"og:image\" content=\"https:\/\/balkangreenenergynews.com\/rs\/wp-content\/uploads\/2019\/03\/djaci-hrvatska-globalni-protest-klimatske-promene.jpg\" \/>\n\t<meta property=\"og:image:width\" content=\"795\" \/>\n\t<meta property=\"og:image:height\" content=\"407\" \/>\n\t<meta property=\"og:image:type\" content=\"image\/jpeg\" \/>\n<meta name=\"author\" content=\"Branislava Jovi\u010di\u0107\" \/>\n<meta name=\"twitter:card\" content=\"summary_large_image\" \/>\n<meta name=\"twitter:label1\" content=\"\u041d\u0430\u043f\u0438\u0441\u0430\u043d\u043e \u043e\u0434\" \/>\n\t<meta name=\"twitter:data1\" content=\"Branislava Jovi\u010di\u0107\" \/>\n\t<meta name=\"twitter:label2\" content=\"\u041f\u0440\u043e\u0446\u0435\u045a\u0435\u043d\u043e \u0432\u0440\u0435\u043c\u0435 \u0447\u0438\u0442\u0430\u045a\u0430\" \/>\n\t<meta name=\"twitter:data2\" content=\"2 \u043c\u0438\u043d\u0443\u0442\u0430\" \/>\n<script type=\"application\/ld+json\" class=\"yoast-schema-graph\">{\"@context\":\"https:\\\/\\\/schema.org\",\"@graph\":[{\"@type\":\"Article\",\"@id\":\"https:\\\/\\\/balkangreenenergynews.com\\\/rs\\\/djaci-iz-hrvatske-ukljucuju-se-u-globalni-protest-protiv-klimatkih-promena\\\/#article\",\"isPartOf\":{\"@id\":\"https:\\\/\\\/balkangreenenergynews.com\\\/rs\\\/djaci-iz-hrvatske-ukljucuju-se-u-globalni-protest-protiv-klimatkih-promena\\\/\"},\"author\":{\"name\":\"Branislava Jovi\u010di\u0107\",\"@id\":\"https:\\\/\\\/balkangreenenergynews.com\\\/rs\\\/#\\\/schema\\\/person\\\/04e01a22da150af106ed3a7dc6d5996a\"},\"headline\":\"\u0110aci iz Hrvatske uklju\u010duju se u globalni protest protiv klimatskih promena\",\"datePublished\":\"2019-03-09T17:31:11+00:00\",\"dateModified\":\"2020-10-21T14:15:38+00:00\",\"mainEntityOfPage\":{\"@id\":\"https:\\\/\\\/balkangreenenergynews.com\\\/rs\\\/djaci-iz-hrvatske-ukljucuju-se-u-globalni-protest-protiv-klimatkih-promena\\\/\"},\"wordCount\":417,\"commentCount\":0,\"image\":{\"@id\":\"https:\\\/\\\/balkangreenenergynews.com\\\/rs\\\/djaci-iz-hrvatske-ukljucuju-se-u-globalni-protest-protiv-klimatkih-promena\\\/#primaryimage\"},\"thumbnailUrl\":\"https:\\\/\\\/balkangreenenergynews.com\\\/rs\\\/wp-content\\\/uploads\\\/2019\\\/03\\\/djaci-hrvatska-globalni-protest-klimatske-promene.jpg?wsr\",\"keywords\":[\"Greta Thunberg\",\"klimatska akcija\",\"protesti\"],\"articleSection\":[\"OIE\",\"Vesti\",\"\u017divotna sredina\"],\"inLanguage\":\"sr-RS\",\"potentialAction\":[{\"@type\":\"CommentAction\",\"name\":\"Comment\",\"target\":[\"https:\\\/\\\/balkangreenenergynews.com\\\/rs\\\/djaci-iz-hrvatske-ukljucuju-se-u-globalni-protest-protiv-klimatkih-promena\\\/#respond\"]}]},{\"@type\":\"WebPage\",\"@id\":\"https:\\\/\\\/balkangreenenergynews.com\\\/rs\\\/djaci-iz-hrvatske-ukljucuju-se-u-globalni-protest-protiv-klimatkih-promena\\\/\",\"url\":\"https:\\\/\\\/balkangreenenergynews.com\\\/rs\\\/djaci-iz-hrvatske-ukljucuju-se-u-globalni-protest-protiv-klimatkih-promena\\\/\",\"name\":\"\u0110aci iz Hrvatske uklju\u010duju se u globalni protest protiv klimatskih promena\",\"isPartOf\":{\"@id\":\"https:\\\/\\\/balkangreenenergynews.com\\\/rs\\\/#website\"},\"primaryImageOfPage\":{\"@id\":\"https:\\\/\\\/balkangreenenergynews.com\\\/rs\\\/djaci-iz-hrvatske-ukljucuju-se-u-globalni-protest-protiv-klimatkih-promena\\\/#primaryimage\"},\"image\":{\"@id\":\"https:\\\/\\\/balkangreenenergynews.com\\\/rs\\\/djaci-iz-hrvatske-ukljucuju-se-u-globalni-protest-protiv-klimatkih-promena\\\/#primaryimage\"},\"thumbnailUrl\":\"https:\\\/\\\/balkangreenenergynews.com\\\/rs\\\/wp-content\\\/uploads\\\/2019\\\/03\\\/djaci-hrvatska-globalni-protest-klimatske-promene.jpg?wsr\",\"datePublished\":\"2019-03-09T17:31:11+00:00\",\"dateModified\":\"2020-10-21T14:15:38+00:00\",\"author\":{\"@id\":\"https:\\\/\\\/balkangreenenergynews.com\\\/rs\\\/#\\\/schema\\\/person\\\/04e01a22da150af106ed3a7dc6d5996a\"},\"description\":\"U\u010denici srednjih \u0161kola iz Hrvatske pridru\u017ei\u0107e se 15. marta srednjo\u0161kolcima iz ukupno 85 zemalja \u0161irom sveta koji ve\u0107 godinu dana protestvuju\u00a0 u okviru pokre\",\"breadcrumb\":{\"@id\":\"https:\\\/\\\/balkangreenenergynews.com\\\/rs\\\/djaci-iz-hrvatske-ukljucuju-se-u-globalni-protest-protiv-klimatkih-promena\\\/#breadcrumb\"},\"inLanguage\":\"sr-RS\",\"potentialAction\":[{\"@type\":\"ReadAction\",\"target\":[\"https:\\\/\\\/balkangreenenergynews.com\\\/rs\\\/djaci-iz-hrvatske-ukljucuju-se-u-globalni-protest-protiv-klimatkih-promena\\\/\"]}]},{\"@type\":\"ImageObject\",\"inLanguage\":\"sr-RS\",\"@id\":\"https:\\\/\\\/balkangreenenergynews.com\\\/rs\\\/djaci-iz-hrvatske-ukljucuju-se-u-globalni-protest-protiv-klimatkih-promena\\\/#primaryimage\",\"url\":\"https:\\\/\\\/balkangreenenergynews.com\\\/rs\\\/wp-content\\\/uploads\\\/2019\\\/03\\\/djaci-hrvatska-globalni-protest-klimatske-promene.jpg?wsr\",\"contentUrl\":\"https:\\\/\\\/balkangreenenergynews.com\\\/rs\\\/wp-content\\\/uploads\\\/2019\\\/03\\\/djaci-hrvatska-globalni-protest-klimatske-promene.jpg?wsr\",\"width\":795,\"height\":407,\"caption\":\"djaci-hrvatska-globalni-protest-klimatske-promene\"},{\"@type\":\"BreadcrumbList\",\"@id\":\"https:\\\/\\\/balkangreenenergynews.com\\\/rs\\\/djaci-iz-hrvatske-ukljucuju-se-u-globalni-protest-protiv-klimatkih-promena\\\/#breadcrumb\",\"itemListElement\":[{\"@type\":\"ListItem\",\"position\":1,\"name\":\"Po\u010detna\",\"item\":\"https:\\\/\\\/balkangreenenergynews.com\\\/rs\\\/\"},{\"@type\":\"ListItem\",\"position\":2,\"name\":\"Vesti\",\"item\":\"https:\\\/\\\/balkangreenenergynews.com\\\/rs\\\/kategorija\\\/vesti\\\/\"},{\"@type\":\"ListItem\",\"position\":3,\"name\":\"\u0110aci iz Hrvatske uklju\u010duju se u globalni protest protiv klimatskih promena\"}]},{\"@type\":\"WebSite\",\"@id\":\"https:\\\/\\\/balkangreenenergynews.com\\\/rs\\\/#website\",\"url\":\"https:\\\/\\\/balkangreenenergynews.com\\\/rs\\\/\",\"name\":\"Balkan Green Energy News\",\"description\":\"Naj\u0161iri izbor vesti sa Balkana o zelenoj energiji\",\"potentialAction\":[{\"@type\":\"SearchAction\",\"target\":{\"@type\":\"EntryPoint\",\"urlTemplate\":\"https:\\\/\\\/balkangreenenergynews.com\\\/rs\\\/?s={search_term_string}\"},\"query-input\":{\"@type\":\"PropertyValueSpecification\",\"valueRequired\":true,\"valueName\":\"search_term_string\"}}],\"inLanguage\":\"sr-RS\"},{\"@type\":\"Person\",\"@id\":\"https:\\\/\\\/balkangreenenergynews.com\\\/rs\\\/#\\\/schema\\\/person\\\/04e01a22da150af106ed3a7dc6d5996a\",\"name\":\"Branislava Jovi\u010di\u0107\",\"url\":\"https:\\\/\\\/balkangreenenergynews.com\\\/rs\\\/author\\\/bgenrs\\\/\"}]}<\/script>\n<!-- \/ Yoast SEO plugin. -->","yoast_head_json":{"title":"\u0110aci iz Hrvatske uklju\u010duju se u globalni protest protiv klimatskih promena","description":"U\u010denici srednjih \u0161kola iz Hrvatske pridru\u017ei\u0107e se 15. marta srednjo\u0161kolcima iz ukupno 85 zemalja \u0161irom sveta koji ve\u0107 godinu dana protestvuju\u00a0 u okviru pokre","robots":{"index":"index","follow":"follow","max-snippet":"max-snippet:-1","max-image-preview":"max-image-preview:large","max-video-preview":"max-video-preview:-1"},"canonical":"https:\/\/balkangreenenergynews.com\/rs\/djaci-iz-hrvatske-ukljucuju-se-u-globalni-protest-protiv-klimatkih-promena\/","og_locale":"sr_RS","og_type":"article","og_title":"\u0110aci iz Hrvatske uklju\u010duju se u globalni protest protiv klimatskih promena","og_description":"U\u010denici srednjih \u0161kola iz Hrvatske pridru\u017ei\u0107e se 15. marta srednjo\u0161kolcima iz ukupno 85 zemalja \u0161irom sveta koji ve\u0107 godinu dana protestvuju\u00a0 u okviru pokre","og_url":"https:\/\/balkangreenenergynews.com\/rs\/djaci-iz-hrvatske-ukljucuju-se-u-globalni-protest-protiv-klimatkih-promena\/","og_site_name":"Balkan Green Energy News","article_published_time":"2019-03-09T17:31:11+00:00","article_modified_time":"2020-10-21T14:15:38+00:00","og_image":[{"width":795,"height":407,"url":"https:\/\/balkangreenenergynews.com\/rs\/wp-content\/uploads\/2019\/03\/djaci-hrvatska-globalni-protest-klimatske-promene.jpg","type":"image\/jpeg"}],"author":"Branislava Jovi\u010di\u0107","twitter_card":"summary_large_image","twitter_misc":{"\u041d\u0430\u043f\u0438\u0441\u0430\u043d\u043e \u043e\u0434":"Branislava Jovi\u010di\u0107","\u041f\u0440\u043e\u0446\u0435\u045a\u0435\u043d\u043e \u0432\u0440\u0435\u043c\u0435 \u0447\u0438\u0442\u0430\u045a\u0430":"2 \u043c\u0438\u043d\u0443\u0442\u0430"},"schema":{"@context":"https:\/\/schema.org","@graph":[{"@type":"Article","@id":"https:\/\/balkangreenenergynews.com\/rs\/djaci-iz-hrvatske-ukljucuju-se-u-globalni-protest-protiv-klimatkih-promena\/#article","isPartOf":{"@id":"https:\/\/balkangreenenergynews.com\/rs\/djaci-iz-hrvatske-ukljucuju-se-u-globalni-protest-protiv-klimatkih-promena\/"},"author":{"name":"Branislava Jovi\u010di\u0107","@id":"https:\/\/balkangreenenergynews.com\/rs\/#\/schema\/person\/04e01a22da150af106ed3a7dc6d5996a"},"headline":"\u0110aci iz Hrvatske uklju\u010duju se u globalni protest protiv klimatskih promena","datePublished":"2019-03-09T17:31:11+00:00","dateModified":"2020-10-21T14:15:38+00:00","mainEntityOfPage":{"@id":"https:\/\/balkangreenenergynews.com\/rs\/djaci-iz-hrvatske-ukljucuju-se-u-globalni-protest-protiv-klimatkih-promena\/"},"wordCount":417,"commentCount":0,"image":{"@id":"https:\/\/balkangreenenergynews.com\/rs\/djaci-iz-hrvatske-ukljucuju-se-u-globalni-protest-protiv-klimatkih-promena\/#primaryimage"},"thumbnailUrl":"https:\/\/balkangreenenergynews.com\/rs\/wp-content\/uploads\/2019\/03\/djaci-hrvatska-globalni-protest-klimatske-promene.jpg?wsr","keywords":["Greta Thunberg","klimatska akcija","protesti"],"articleSection":["OIE","Vesti","\u017divotna sredina"],"inLanguage":"sr-RS","potentialAction":[{"@type":"CommentAction","name":"Comment","target":["https:\/\/balkangreenenergynews.com\/rs\/djaci-iz-hrvatske-ukljucuju-se-u-globalni-protest-protiv-klimatkih-promena\/#respond"]}]},{"@type":"WebPage","@id":"https:\/\/balkangreenenergynews.com\/rs\/djaci-iz-hrvatske-ukljucuju-se-u-globalni-protest-protiv-klimatkih-promena\/","url":"https:\/\/balkangreenenergynews.com\/rs\/djaci-iz-hrvatske-ukljucuju-se-u-globalni-protest-protiv-klimatkih-promena\/","name":"\u0110aci iz Hrvatske uklju\u010duju se u globalni protest protiv klimatskih promena","isPartOf":{"@id":"https:\/\/balkangreenenergynews.com\/rs\/#website"},"primaryImageOfPage":{"@id":"https:\/\/balkangreenenergynews.com\/rs\/djaci-iz-hrvatske-ukljucuju-se-u-globalni-protest-protiv-klimatkih-promena\/#primaryimage"},"image":{"@id":"https:\/\/balkangreenenergynews.com\/rs\/djaci-iz-hrvatske-ukljucuju-se-u-globalni-protest-protiv-klimatkih-promena\/#primaryimage"},"thumbnailUrl":"https:\/\/balkangreenenergynews.com\/rs\/wp-content\/uploads\/2019\/03\/djaci-hrvatska-globalni-protest-klimatske-promene.jpg?wsr","datePublished":"2019-03-09T17:31:11+00:00","dateModified":"2020-10-21T14:15:38+00:00","author":{"@id":"https:\/\/balkangreenenergynews.com\/rs\/#\/schema\/person\/04e01a22da150af106ed3a7dc6d5996a"},"description":"U\u010denici srednjih \u0161kola iz Hrvatske pridru\u017ei\u0107e se 15. marta srednjo\u0161kolcima iz ukupno 85 zemalja \u0161irom sveta koji ve\u0107 godinu dana protestvuju\u00a0 u okviru pokre","breadcrumb":{"@id":"https:\/\/balkangreenenergynews.com\/rs\/djaci-iz-hrvatske-ukljucuju-se-u-globalni-protest-protiv-klimatkih-promena\/#breadcrumb"},"inLanguage":"sr-RS","potentialAction":[{"@type":"ReadAction","target":["https:\/\/balkangreenenergynews.com\/rs\/djaci-iz-hrvatske-ukljucuju-se-u-globalni-protest-protiv-klimatkih-promena\/"]}]},{"@type":"ImageObject","inLanguage":"sr-RS","@id":"https:\/\/balkangreenenergynews.com\/rs\/djaci-iz-hrvatske-ukljucuju-se-u-globalni-protest-protiv-klimatkih-promena\/#primaryimage","url":"https:\/\/balkangreenenergynews.com\/rs\/wp-content\/uploads\/2019\/03\/djaci-hrvatska-globalni-protest-klimatske-promene.jpg?wsr","contentUrl":"https:\/\/balkangreenenergynews.com\/rs\/wp-content\/uploads\/2019\/03\/djaci-hrvatska-globalni-protest-klimatske-promene.jpg?wsr","width":795,"height":407,"caption":"djaci-hrvatska-globalni-protest-klimatske-promene"},{"@type":"BreadcrumbList","@id":"https:\/\/balkangreenenergynews.com\/rs\/djaci-iz-hrvatske-ukljucuju-se-u-globalni-protest-protiv-klimatkih-promena\/#breadcrumb","itemListElement":[{"@type":"ListItem","position":1,"name":"Po\u010detna","item":"https:\/\/balkangreenenergynews.com\/rs\/"},{"@type":"ListItem","position":2,"name":"Vesti","item":"https:\/\/balkangreenenergynews.com\/rs\/kategorija\/vesti\/"},{"@type":"ListItem","position":3,"name":"\u0110aci iz Hrvatske uklju\u010duju se u globalni protest protiv klimatskih promena"}]},{"@type":"WebSite","@id":"https:\/\/balkangreenenergynews.com\/rs\/#website","url":"https:\/\/balkangreenenergynews.com\/rs\/","name":"Balkan Green Energy News","description":"Naj\u0161iri izbor vesti sa Balkana o zelenoj energiji","potentialAction":[{"@type":"SearchAction","target":{"@type":"EntryPoint","urlTemplate":"https:\/\/balkangreenenergynews.com\/rs\/?s={search_term_string}"},"query-input":{"@type":"PropertyValueSpecification","valueRequired":true,"valueName":"search_term_string"}}],"inLanguage":"sr-RS"},{"@type":"Person","@id":"https:\/\/balkangreenenergynews.com\/rs\/#\/schema\/person\/04e01a22da150af106ed3a7dc6d5996a","name":"Branislava Jovi\u010di\u0107","url":"https:\/\/balkangreenenergynews.com\/rs\/author\/bgenrs\/"}]}},"_links":{"self":[{"href":"https:\/\/balkangreenenergynews.com\/rs\/wp-json\/wp\/v2\/posts\/22441","targetHints":{"allow":["GET"]}}],"collection":[{"href":"https:\/\/balkangreenenergynews.com\/rs\/wp-json\/wp\/v2\/posts"}],"about":[{"href":"https:\/\/balkangreenenergynews.com\/rs\/wp-json\/wp\/v2\/types\/post"}],"author":[{"embeddable":true,"href":"https:\/\/balkangreenenergynews.com\/rs\/wp-json\/wp\/v2\/users\/22"}],"replies":[{"embeddable":true,"href":"https:\/\/balkangreenenergynews.com\/rs\/wp-json\/wp\/v2\/comments?post=22441"}],"version-history":[{"count":0,"href":"https:\/\/balkangreenenergynews.com\/rs\/wp-json\/wp\/v2\/posts\/22441\/revisions"}],"wp:featuredmedia":[{"embeddable":true,"href":"https:\/\/balkangreenenergynews.com\/rs\/wp-json\/wp\/v2\/media\/34581"}],"wp:attachment":[{"href":"https:\/\/balkangreenenergynews.com\/rs\/wp-json\/wp\/v2\/media?parent=22441"}],"wp:term":[{"taxonomy":"category","embeddable":true,"href":"https:\/\/balkangreenenergynews.com\/rs\/wp-json\/wp\/v2\/categories?post=22441"},{"taxonomy":"post_tag","embeddable":true,"href":"https:\/\/balkangreenenergynews.com\/rs\/wp-json\/wp\/v2\/tags?post=22441"}],"curies":[{"name":"wp","href":"https:\/\/api.w.org\/{rel}","templated":true}]}}