{"id":22241,"date":"2019-02-26T11:51:12","date_gmt":"2019-02-26T10:51:12","guid":{"rendered":"https:\/\/balkangreenenergynews.com\/rs\/?p=22241"},"modified":"2019-02-26T12:32:21","modified_gmt":"2019-02-26T11:32:21","slug":"projekcija-filma-plavo-srce-i-razgovor-o-borbi-za-zastitu-reka-na-balkanu-u-cetvrtak-u-beogradu","status":"publish","type":"post","link":"https:\/\/balkangreenenergynews.com\/rs\/projekcija-filma-plavo-srce-i-razgovor-o-borbi-za-zastitu-reka-na-balkanu-u-cetvrtak-u-beogradu\/","title":{"rendered":"Projekcija filma Plavo srce i razgovor o borbi za za\u0161titu reka na Balkanu u \u010detvrtak u Beogradu"},"content":{"rendered":"<h2>U beogradskom Centru za kulturnu dekontaminaciju u \u010detvrtak \u0107e biti emitovan dokumentarni film &#8222;Plavo srce&#8220; (Blue Heart), a zatim \u0107e biti organizovan razgovor na temu neodr\u017eive eksploatacije hidroenergije na Balkanu sa predstavnicima organizacija civilnog dru\u0161tva Bankwatch, Riverwatch, Odbranimo reke stare planine, kao i kompanije Patagonia, koja je snimila film.<\/h2>\n<p>Ve\u010de \u0107e biti posve\u0107eno ulozi banaka u finansiranju nekoliko hiljada hidroelektrana (HE) \u0161irom Srbije i Balkana, kao i o uticaju tih investicija na ljude i prirodu, navode u organizaciji civilnog dru\u0161tva Riverwatch.<\/p>\n<p>Na skupu \u0107e govoriti Ulrich Eichelmann (Riverwatch), Mihela Hladin Wolfe (Patagonia), Igor Vejnovi\u0107 (CEE Bankwatch Network), Aleksandar Jovanovi\u0107 &#8211; \u0106uta (Odbranimo reke Stare planine), a moderator \u0107e bit Iva Markovi\u0107, iz koalicije Pravo na vodu.<\/p>\n<p>Dokumentarac <a href=\"https:\/\/www.youtube.com\/watch?v=LadlBg9bmfg\">Blue Heart<\/a> u trajanju od 40 minuta predstavlja lepotu balkanskih reka i borbu protiv cunamija brana koje ugro\u017eavaju ove vodotokove.<\/p>\n<p>U cilju za\u0161tite reka Balkana i spre\u010davanja izgradnje nekoliko hiljada malih hidroelektrana (MHE) pre nekoliko godina pokrenuta je kampanja Spasimo plavo srce Evrope (<a href=\"https:\/\/balkangreenenergynews.com\/rs\/ebrd-u-predata-peticija-za-odustajanje-od-destruktivnih-projekata-hidroelektrana-na-balkanu\/\">Save the Blue Heart of Europe<\/a>).<\/p>\n","protected":false},"excerpt":{"rendered":"<p>U beogradskom Centru za kulturnu dekontaminaciju u \u010detvrtak \u0107e biti emitovan dokumentarni film &#8222;Plavo srce&#8220;&#8230;<\/p>\n","protected":false},"author":23,"featured_media":22245,"comment_status":"open","ping_status":"closed","sticky":false,"template":"","format":"standard","meta":{"_acf_changed":false,"_monsterinsights_skip_tracking":false,"_monsterinsights_sitenote_active":false,"_monsterinsights_sitenote_note":"","_monsterinsights_sitenote_category":0,"footnotes":""},"categories":[504,4],"tags":[1713,722,1202,1554,4566,5078],"class_list":["post-22241","post","type-post","status-publish","format-standard","has-post-thumbnail","hentry","category-elektricna-energija","category-zivotna-sredina","tag-bankwatch","tag-tema-hidroelektrana-balkan-green-energy-news","tag-hidroelektrane","tag-mhe","tag-odbranimo-reke-stare-planine","tag-riverwatch","country-regioneu"],"acf":[],"yoast_head":"<!-- This site is optimized with the Yoast SEO plugin v27.4 - https:\/\/yoast.com\/product\/yoast-seo-wordpress\/ -->\n<title>Projekcija filma Plavo srce i razgovor o borbi za za\u0161titu reka na Balkanu u \u010detvrtak u Beogradu<\/title>\n<meta name=\"description\" content=\"U beogradskom Centru za kulturnu dekontaminaciju u \u010detvrtak \u0107e biti emitovan dokumentarni film \u201cPlavo srce\u201d, a zatim \u0107e biti organizovan razgovor na temu neodr\u017eive eksploatacije hidroenergije na Balkanu.\" \/>\n<meta name=\"robots\" content=\"index, follow, max-snippet:-1, max-image-preview:large, max-video-preview:-1\" \/>\n<link rel=\"canonical\" href=\"https:\/\/balkangreenenergynews.com\/rs\/projekcija-filma-plavo-srce-i-razgovor-o-borbi-za-zastitu-reka-na-balkanu-u-cetvrtak-u-beogradu\/\" \/>\n<meta property=\"og:locale\" content=\"sr_RS\" \/>\n<meta property=\"og:type\" content=\"article\" \/>\n<meta property=\"og:title\" content=\"Projekcija filma Plavo srce i razgovor o borbi za za\u0161titu reka na Balkanu u \u010detvrtak u Beogradu\" \/>\n<meta property=\"og:description\" content=\"U beogradskom Centru za kulturnu dekontaminaciju u \u010detvrtak \u0107e biti emitovan dokumentarni film \u201cPlavo srce\u201d, a zatim \u0107e biti organizovan razgovor na temu neodr\u017eive eksploatacije hidroenergije na Balkanu.\" \/>\n<meta property=\"og:url\" content=\"https:\/\/balkangreenenergynews.com\/rs\/projekcija-filma-plavo-srce-i-razgovor-o-borbi-za-zastitu-reka-na-balkanu-u-cetvrtak-u-beogradu\/\" \/>\n<meta property=\"og:site_name\" content=\"Balkan Green Energy News\" \/>\n<meta property=\"article:published_time\" content=\"2019-02-26T10:51:12+00:00\" \/>\n<meta property=\"article:modified_time\" content=\"2019-02-26T11:32:21+00:00\" \/>\n<meta property=\"og:image\" content=\"https:\/\/balkangreenenergynews.com\/rs\/wp-content\/uploads\/2019\/02\/Projekcija-filma-Plavo-srce-i-razgovor-o-borbi-za-za\u0161titu-reka-na-Balkanu-u-\u010detvrtak-u-Beogradu-1.jpg\" \/>\n\t<meta property=\"og:image:width\" content=\"795\" \/>\n\t<meta property=\"og:image:height\" content=\"407\" \/>\n\t<meta property=\"og:image:type\" content=\"image\/jpeg\" \/>\n<meta name=\"author\" content=\"Vladimir Spasi\u0107\" \/>\n<meta name=\"twitter:card\" content=\"summary_large_image\" \/>\n<meta name=\"twitter:label1\" content=\"\u041d\u0430\u043f\u0438\u0441\u0430\u043d\u043e \u043e\u0434\" \/>\n\t<meta name=\"twitter:data1\" content=\"Vladimir Spasi\u0107\" \/>\n\t<meta name=\"twitter:label2\" content=\"\u041f\u0440\u043e\u0446\u0435\u045a\u0435\u043d\u043e \u0432\u0440\u0435\u043c\u0435 \u0447\u0438\u0442\u0430\u045a\u0430\" \/>\n\t<meta name=\"twitter:data2\" content=\"1 \u043c\u0438\u043d\u0443\u0442\" \/>\n<script type=\"application\/ld+json\" class=\"yoast-schema-graph\">{\"@context\":\"https:\\\/\\\/schema.org\",\"@graph\":[{\"@type\":\"Article\",\"@id\":\"https:\\\/\\\/balkangreenenergynews.com\\\/rs\\\/projekcija-filma-plavo-srce-i-razgovor-o-borbi-za-zastitu-reka-na-balkanu-u-cetvrtak-u-beogradu\\\/#article\",\"isPartOf\":{\"@id\":\"https:\\\/\\\/balkangreenenergynews.com\\\/rs\\\/projekcija-filma-plavo-srce-i-razgovor-o-borbi-za-zastitu-reka-na-balkanu-u-cetvrtak-u-beogradu\\\/\"},\"author\":{\"name\":\"Vladimir Spasi\u0107\",\"@id\":\"https:\\\/\\\/balkangreenenergynews.com\\\/rs\\\/#\\\/schema\\\/person\\\/99dc721c46113fea22caffad06ef7317\"},\"headline\":\"Projekcija filma Plavo srce i razgovor o borbi za za\u0161titu reka na Balkanu u \u010detvrtak u Beogradu\",\"datePublished\":\"2019-02-26T10:51:12+00:00\",\"dateModified\":\"2019-02-26T11:32:21+00:00\",\"mainEntityOfPage\":{\"@id\":\"https:\\\/\\\/balkangreenenergynews.com\\\/rs\\\/projekcija-filma-plavo-srce-i-razgovor-o-borbi-za-zastitu-reka-na-balkanu-u-cetvrtak-u-beogradu\\\/\"},\"wordCount\":191,\"commentCount\":2,\"image\":{\"@id\":\"https:\\\/\\\/balkangreenenergynews.com\\\/rs\\\/projekcija-filma-plavo-srce-i-razgovor-o-borbi-za-zastitu-reka-na-balkanu-u-cetvrtak-u-beogradu\\\/#primaryimage\"},\"thumbnailUrl\":\"https:\\\/\\\/balkangreenenergynews.com\\\/rs\\\/wp-content\\\/uploads\\\/2019\\\/02\\\/Projekcija-filma-Plavo-srce-i-razgovor-o-borbi-za-za\u0161titu-reka-na-Balkanu-u-\u010detvrtak-u-Beogradu-1.jpg?wsr\",\"keywords\":[\"Bankwatch\",\"hidroelektrana\",\"hidroelektrane\",\"MHE\",\"Odbranimo reke Stare planine\",\"Riverwatch\"],\"articleSection\":[\"Elektri\u010dna energija\",\"\u017divotna sredina\"],\"inLanguage\":\"sr-RS\",\"potentialAction\":[{\"@type\":\"CommentAction\",\"name\":\"Comment\",\"target\":[\"https:\\\/\\\/balkangreenenergynews.com\\\/rs\\\/projekcija-filma-plavo-srce-i-razgovor-o-borbi-za-zastitu-reka-na-balkanu-u-cetvrtak-u-beogradu\\\/#respond\"]}]},{\"@type\":\"WebPage\",\"@id\":\"https:\\\/\\\/balkangreenenergynews.com\\\/rs\\\/projekcija-filma-plavo-srce-i-razgovor-o-borbi-za-zastitu-reka-na-balkanu-u-cetvrtak-u-beogradu\\\/\",\"url\":\"https:\\\/\\\/balkangreenenergynews.com\\\/rs\\\/projekcija-filma-plavo-srce-i-razgovor-o-borbi-za-zastitu-reka-na-balkanu-u-cetvrtak-u-beogradu\\\/\",\"name\":\"Projekcija filma Plavo srce i razgovor o borbi za za\u0161titu reka na Balkanu u \u010detvrtak u Beogradu\",\"isPartOf\":{\"@id\":\"https:\\\/\\\/balkangreenenergynews.com\\\/rs\\\/#website\"},\"primaryImageOfPage\":{\"@id\":\"https:\\\/\\\/balkangreenenergynews.com\\\/rs\\\/projekcija-filma-plavo-srce-i-razgovor-o-borbi-za-zastitu-reka-na-balkanu-u-cetvrtak-u-beogradu\\\/#primaryimage\"},\"image\":{\"@id\":\"https:\\\/\\\/balkangreenenergynews.com\\\/rs\\\/projekcija-filma-plavo-srce-i-razgovor-o-borbi-za-zastitu-reka-na-balkanu-u-cetvrtak-u-beogradu\\\/#primaryimage\"},\"thumbnailUrl\":\"https:\\\/\\\/balkangreenenergynews.com\\\/rs\\\/wp-content\\\/uploads\\\/2019\\\/02\\\/Projekcija-filma-Plavo-srce-i-razgovor-o-borbi-za-za\u0161titu-reka-na-Balkanu-u-\u010detvrtak-u-Beogradu-1.jpg?wsr\",\"datePublished\":\"2019-02-26T10:51:12+00:00\",\"dateModified\":\"2019-02-26T11:32:21+00:00\",\"author\":{\"@id\":\"https:\\\/\\\/balkangreenenergynews.com\\\/rs\\\/#\\\/schema\\\/person\\\/99dc721c46113fea22caffad06ef7317\"},\"description\":\"U beogradskom Centru za kulturnu dekontaminaciju u \u010detvrtak \u0107e biti emitovan dokumentarni film \u201cPlavo srce\u201d, a zatim \u0107e biti organizovan razgovor na temu neodr\u017eive eksploatacije hidroenergije na Balkanu.\",\"breadcrumb\":{\"@id\":\"https:\\\/\\\/balkangreenenergynews.com\\\/rs\\\/projekcija-filma-plavo-srce-i-razgovor-o-borbi-za-zastitu-reka-na-balkanu-u-cetvrtak-u-beogradu\\\/#breadcrumb\"},\"inLanguage\":\"sr-RS\",\"potentialAction\":[{\"@type\":\"ReadAction\",\"target\":[\"https:\\\/\\\/balkangreenenergynews.com\\\/rs\\\/projekcija-filma-plavo-srce-i-razgovor-o-borbi-za-zastitu-reka-na-balkanu-u-cetvrtak-u-beogradu\\\/\"]}]},{\"@type\":\"ImageObject\",\"inLanguage\":\"sr-RS\",\"@id\":\"https:\\\/\\\/balkangreenenergynews.com\\\/rs\\\/projekcija-filma-plavo-srce-i-razgovor-o-borbi-za-zastitu-reka-na-balkanu-u-cetvrtak-u-beogradu\\\/#primaryimage\",\"url\":\"https:\\\/\\\/balkangreenenergynews.com\\\/rs\\\/wp-content\\\/uploads\\\/2019\\\/02\\\/Projekcija-filma-Plavo-srce-i-razgovor-o-borbi-za-za\u0161titu-reka-na-Balkanu-u-\u010detvrtak-u-Beogradu-1.jpg?wsr\",\"contentUrl\":\"https:\\\/\\\/balkangreenenergynews.com\\\/rs\\\/wp-content\\\/uploads\\\/2019\\\/02\\\/Projekcija-filma-Plavo-srce-i-razgovor-o-borbi-za-za\u0161titu-reka-na-Balkanu-u-\u010detvrtak-u-Beogradu-1.jpg?wsr\",\"width\":795,\"height\":407},{\"@type\":\"BreadcrumbList\",\"@id\":\"https:\\\/\\\/balkangreenenergynews.com\\\/rs\\\/projekcija-filma-plavo-srce-i-razgovor-o-borbi-za-zastitu-reka-na-balkanu-u-cetvrtak-u-beogradu\\\/#breadcrumb\",\"itemListElement\":[{\"@type\":\"ListItem\",\"position\":1,\"name\":\"Po\u010detna\",\"item\":\"https:\\\/\\\/balkangreenenergynews.com\\\/rs\\\/\"},{\"@type\":\"ListItem\",\"position\":2,\"name\":\"Vesti\",\"item\":\"https:\\\/\\\/balkangreenenergynews.com\\\/rs\\\/kategorija\\\/vesti\\\/\"},{\"@type\":\"ListItem\",\"position\":3,\"name\":\"\u017divotna sredina\",\"item\":\"https:\\\/\\\/balkangreenenergynews.com\\\/rs\\\/kategorija\\\/vesti\\\/zivotna-sredina\\\/\"},{\"@type\":\"ListItem\",\"position\":4,\"name\":\"Projekcija filma Plavo srce i razgovor o borbi za za\u0161titu reka na Balkanu u \u010detvrtak u Beogradu\"}]},{\"@type\":\"WebSite\",\"@id\":\"https:\\\/\\\/balkangreenenergynews.com\\\/rs\\\/#website\",\"url\":\"https:\\\/\\\/balkangreenenergynews.com\\\/rs\\\/\",\"name\":\"Balkan Green Energy News\",\"description\":\"Naj\u0161iri izbor vesti sa Balkana o zelenoj energiji\",\"potentialAction\":[{\"@type\":\"SearchAction\",\"target\":{\"@type\":\"EntryPoint\",\"urlTemplate\":\"https:\\\/\\\/balkangreenenergynews.com\\\/rs\\\/?s={search_term_string}\"},\"query-input\":{\"@type\":\"PropertyValueSpecification\",\"valueRequired\":true,\"valueName\":\"search_term_string\"}}],\"inLanguage\":\"sr-RS\"},{\"@type\":\"Person\",\"@id\":\"https:\\\/\\\/balkangreenenergynews.com\\\/rs\\\/#\\\/schema\\\/person\\\/99dc721c46113fea22caffad06ef7317\",\"name\":\"Vladimir Spasi\u0107\",\"url\":\"https:\\\/\\\/balkangreenenergynews.com\\\/rs\\\/author\\\/vladimir-spasic\\\/\"}]}<\/script>\n<!-- \/ Yoast SEO plugin. -->","yoast_head_json":{"title":"Projekcija filma Plavo srce i razgovor o borbi za za\u0161titu reka na Balkanu u \u010detvrtak u Beogradu","description":"U beogradskom Centru za kulturnu dekontaminaciju u \u010detvrtak \u0107e biti emitovan dokumentarni film \u201cPlavo srce\u201d, a zatim \u0107e biti organizovan razgovor na temu neodr\u017eive eksploatacije hidroenergije na Balkanu.","robots":{"index":"index","follow":"follow","max-snippet":"max-snippet:-1","max-image-preview":"max-image-preview:large","max-video-preview":"max-video-preview:-1"},"canonical":"https:\/\/balkangreenenergynews.com\/rs\/projekcija-filma-plavo-srce-i-razgovor-o-borbi-za-zastitu-reka-na-balkanu-u-cetvrtak-u-beogradu\/","og_locale":"sr_RS","og_type":"article","og_title":"Projekcija filma Plavo srce i razgovor o borbi za za\u0161titu reka na Balkanu u \u010detvrtak u Beogradu","og_description":"U beogradskom Centru za kulturnu dekontaminaciju u \u010detvrtak \u0107e biti emitovan dokumentarni film \u201cPlavo srce\u201d, a zatim \u0107e biti organizovan razgovor na temu neodr\u017eive eksploatacije hidroenergije na Balkanu.","og_url":"https:\/\/balkangreenenergynews.com\/rs\/projekcija-filma-plavo-srce-i-razgovor-o-borbi-za-zastitu-reka-na-balkanu-u-cetvrtak-u-beogradu\/","og_site_name":"Balkan Green Energy News","article_published_time":"2019-02-26T10:51:12+00:00","article_modified_time":"2019-02-26T11:32:21+00:00","og_image":[{"width":795,"height":407,"url":"https:\/\/balkangreenenergynews.com\/rs\/wp-content\/uploads\/2019\/02\/Projekcija-filma-Plavo-srce-i-razgovor-o-borbi-za-za\u0161titu-reka-na-Balkanu-u-\u010detvrtak-u-Beogradu-1.jpg","type":"image\/jpeg"}],"author":"Vladimir Spasi\u0107","twitter_card":"summary_large_image","twitter_misc":{"\u041d\u0430\u043f\u0438\u0441\u0430\u043d\u043e \u043e\u0434":"Vladimir Spasi\u0107","\u041f\u0440\u043e\u0446\u0435\u045a\u0435\u043d\u043e \u0432\u0440\u0435\u043c\u0435 \u0447\u0438\u0442\u0430\u045a\u0430":"1 \u043c\u0438\u043d\u0443\u0442"},"schema":{"@context":"https:\/\/schema.org","@graph":[{"@type":"Article","@id":"https:\/\/balkangreenenergynews.com\/rs\/projekcija-filma-plavo-srce-i-razgovor-o-borbi-za-zastitu-reka-na-balkanu-u-cetvrtak-u-beogradu\/#article","isPartOf":{"@id":"https:\/\/balkangreenenergynews.com\/rs\/projekcija-filma-plavo-srce-i-razgovor-o-borbi-za-zastitu-reka-na-balkanu-u-cetvrtak-u-beogradu\/"},"author":{"name":"Vladimir Spasi\u0107","@id":"https:\/\/balkangreenenergynews.com\/rs\/#\/schema\/person\/99dc721c46113fea22caffad06ef7317"},"headline":"Projekcija filma Plavo srce i razgovor o borbi za za\u0161titu reka na Balkanu u \u010detvrtak u Beogradu","datePublished":"2019-02-26T10:51:12+00:00","dateModified":"2019-02-26T11:32:21+00:00","mainEntityOfPage":{"@id":"https:\/\/balkangreenenergynews.com\/rs\/projekcija-filma-plavo-srce-i-razgovor-o-borbi-za-zastitu-reka-na-balkanu-u-cetvrtak-u-beogradu\/"},"wordCount":191,"commentCount":2,"image":{"@id":"https:\/\/balkangreenenergynews.com\/rs\/projekcija-filma-plavo-srce-i-razgovor-o-borbi-za-zastitu-reka-na-balkanu-u-cetvrtak-u-beogradu\/#primaryimage"},"thumbnailUrl":"https:\/\/balkangreenenergynews.com\/rs\/wp-content\/uploads\/2019\/02\/Projekcija-filma-Plavo-srce-i-razgovor-o-borbi-za-za\u0161titu-reka-na-Balkanu-u-\u010detvrtak-u-Beogradu-1.jpg?wsr","keywords":["Bankwatch","hidroelektrana","hidroelektrane","MHE","Odbranimo reke Stare planine","Riverwatch"],"articleSection":["Elektri\u010dna energija","\u017divotna sredina"],"inLanguage":"sr-RS","potentialAction":[{"@type":"CommentAction","name":"Comment","target":["https:\/\/balkangreenenergynews.com\/rs\/projekcija-filma-plavo-srce-i-razgovor-o-borbi-za-zastitu-reka-na-balkanu-u-cetvrtak-u-beogradu\/#respond"]}]},{"@type":"WebPage","@id":"https:\/\/balkangreenenergynews.com\/rs\/projekcija-filma-plavo-srce-i-razgovor-o-borbi-za-zastitu-reka-na-balkanu-u-cetvrtak-u-beogradu\/","url":"https:\/\/balkangreenenergynews.com\/rs\/projekcija-filma-plavo-srce-i-razgovor-o-borbi-za-zastitu-reka-na-balkanu-u-cetvrtak-u-beogradu\/","name":"Projekcija filma Plavo srce i razgovor o borbi za za\u0161titu reka na Balkanu u \u010detvrtak u Beogradu","isPartOf":{"@id":"https:\/\/balkangreenenergynews.com\/rs\/#website"},"primaryImageOfPage":{"@id":"https:\/\/balkangreenenergynews.com\/rs\/projekcija-filma-plavo-srce-i-razgovor-o-borbi-za-zastitu-reka-na-balkanu-u-cetvrtak-u-beogradu\/#primaryimage"},"image":{"@id":"https:\/\/balkangreenenergynews.com\/rs\/projekcija-filma-plavo-srce-i-razgovor-o-borbi-za-zastitu-reka-na-balkanu-u-cetvrtak-u-beogradu\/#primaryimage"},"thumbnailUrl":"https:\/\/balkangreenenergynews.com\/rs\/wp-content\/uploads\/2019\/02\/Projekcija-filma-Plavo-srce-i-razgovor-o-borbi-za-za\u0161titu-reka-na-Balkanu-u-\u010detvrtak-u-Beogradu-1.jpg?wsr","datePublished":"2019-02-26T10:51:12+00:00","dateModified":"2019-02-26T11:32:21+00:00","author":{"@id":"https:\/\/balkangreenenergynews.com\/rs\/#\/schema\/person\/99dc721c46113fea22caffad06ef7317"},"description":"U beogradskom Centru za kulturnu dekontaminaciju u \u010detvrtak \u0107e biti emitovan dokumentarni film \u201cPlavo srce\u201d, a zatim \u0107e biti organizovan razgovor na temu neodr\u017eive eksploatacije hidroenergije na Balkanu.","breadcrumb":{"@id":"https:\/\/balkangreenenergynews.com\/rs\/projekcija-filma-plavo-srce-i-razgovor-o-borbi-za-zastitu-reka-na-balkanu-u-cetvrtak-u-beogradu\/#breadcrumb"},"inLanguage":"sr-RS","potentialAction":[{"@type":"ReadAction","target":["https:\/\/balkangreenenergynews.com\/rs\/projekcija-filma-plavo-srce-i-razgovor-o-borbi-za-zastitu-reka-na-balkanu-u-cetvrtak-u-beogradu\/"]}]},{"@type":"ImageObject","inLanguage":"sr-RS","@id":"https:\/\/balkangreenenergynews.com\/rs\/projekcija-filma-plavo-srce-i-razgovor-o-borbi-za-zastitu-reka-na-balkanu-u-cetvrtak-u-beogradu\/#primaryimage","url":"https:\/\/balkangreenenergynews.com\/rs\/wp-content\/uploads\/2019\/02\/Projekcija-filma-Plavo-srce-i-razgovor-o-borbi-za-za\u0161titu-reka-na-Balkanu-u-\u010detvrtak-u-Beogradu-1.jpg?wsr","contentUrl":"https:\/\/balkangreenenergynews.com\/rs\/wp-content\/uploads\/2019\/02\/Projekcija-filma-Plavo-srce-i-razgovor-o-borbi-za-za\u0161titu-reka-na-Balkanu-u-\u010detvrtak-u-Beogradu-1.jpg?wsr","width":795,"height":407},{"@type":"BreadcrumbList","@id":"https:\/\/balkangreenenergynews.com\/rs\/projekcija-filma-plavo-srce-i-razgovor-o-borbi-za-zastitu-reka-na-balkanu-u-cetvrtak-u-beogradu\/#breadcrumb","itemListElement":[{"@type":"ListItem","position":1,"name":"Po\u010detna","item":"https:\/\/balkangreenenergynews.com\/rs\/"},{"@type":"ListItem","position":2,"name":"Vesti","item":"https:\/\/balkangreenenergynews.com\/rs\/kategorija\/vesti\/"},{"@type":"ListItem","position":3,"name":"\u017divotna sredina","item":"https:\/\/balkangreenenergynews.com\/rs\/kategorija\/vesti\/zivotna-sredina\/"},{"@type":"ListItem","position":4,"name":"Projekcija filma Plavo srce i razgovor o borbi za za\u0161titu reka na Balkanu u \u010detvrtak u Beogradu"}]},{"@type":"WebSite","@id":"https:\/\/balkangreenenergynews.com\/rs\/#website","url":"https:\/\/balkangreenenergynews.com\/rs\/","name":"Balkan Green Energy News","description":"Naj\u0161iri izbor vesti sa Balkana o zelenoj energiji","potentialAction":[{"@type":"SearchAction","target":{"@type":"EntryPoint","urlTemplate":"https:\/\/balkangreenenergynews.com\/rs\/?s={search_term_string}"},"query-input":{"@type":"PropertyValueSpecification","valueRequired":true,"valueName":"search_term_string"}}],"inLanguage":"sr-RS"},{"@type":"Person","@id":"https:\/\/balkangreenenergynews.com\/rs\/#\/schema\/person\/99dc721c46113fea22caffad06ef7317","name":"Vladimir Spasi\u0107","url":"https:\/\/balkangreenenergynews.com\/rs\/author\/vladimir-spasic\/"}]}},"_links":{"self":[{"href":"https:\/\/balkangreenenergynews.com\/rs\/wp-json\/wp\/v2\/posts\/22241","targetHints":{"allow":["GET"]}}],"collection":[{"href":"https:\/\/balkangreenenergynews.com\/rs\/wp-json\/wp\/v2\/posts"}],"about":[{"href":"https:\/\/balkangreenenergynews.com\/rs\/wp-json\/wp\/v2\/types\/post"}],"author":[{"embeddable":true,"href":"https:\/\/balkangreenenergynews.com\/rs\/wp-json\/wp\/v2\/users\/23"}],"replies":[{"embeddable":true,"href":"https:\/\/balkangreenenergynews.com\/rs\/wp-json\/wp\/v2\/comments?post=22241"}],"version-history":[{"count":0,"href":"https:\/\/balkangreenenergynews.com\/rs\/wp-json\/wp\/v2\/posts\/22241\/revisions"}],"wp:featuredmedia":[{"embeddable":true,"href":"https:\/\/balkangreenenergynews.com\/rs\/wp-json\/wp\/v2\/media\/22245"}],"wp:attachment":[{"href":"https:\/\/balkangreenenergynews.com\/rs\/wp-json\/wp\/v2\/media?parent=22241"}],"wp:term":[{"taxonomy":"category","embeddable":true,"href":"https:\/\/balkangreenenergynews.com\/rs\/wp-json\/wp\/v2\/categories?post=22241"},{"taxonomy":"post_tag","embeddable":true,"href":"https:\/\/balkangreenenergynews.com\/rs\/wp-json\/wp\/v2\/tags?post=22241"}],"curies":[{"name":"wp","href":"https:\/\/api.w.org\/{rel}","templated":true}]}}