{"id":21909,"date":"2019-02-08T17:36:35","date_gmt":"2019-02-08T16:36:35","guid":{"rendered":"https:\/\/balkangreenenergynews.com\/rs\/?p=21909"},"modified":"2019-02-09T14:28:43","modified_gmt":"2019-02-09T13:28:43","slug":"region-balkana-i-dalje-obara-rekorde-u-zagadenju-vazduha-ne-resava-glavne-uzroke","status":"publish","type":"post","link":"https:\/\/balkangreenenergynews.com\/rs\/region-balkana-i-dalje-obara-rekorde-u-zagadenju-vazduha-ne-resava-glavne-uzroke\/","title":{"rendered":"Region Balkana i dalje obara rekorde u zaga\u0111enju vazduha, ne re\u0161ava glavne uzroke"},"content":{"rendered":"<p><em>Autor: Vlatka Matkovic\u0301 Puljic\u0301, vi\u0161i slu\u017ebenik za zdravstvo i energiju, Health &amp; Environment Alliance (HEAL)<\/em><\/p>\n<h2>Zemlje Balkana jo\u0161 jednom su, ove zime, pogo\u0111ene velikim zaga\u0111enjem vazduha, pa u ve\u0107ini njih gra\u0111ani danima udi\u0161u vazduh koji izaziva zdravstvene probleme. Podaci Svetske zdravstvene organizacije (SZO)\u00a0<a href=\"#_ftn1\" name=\"_ftnref1\">[1]<\/a>\u00a0pokazuju da Makedonija ima najvec\u0301u stopu prerane smrtnosti \u010diji je uzrok zaga\u0111enje vazduha, kada se uporede sa zemljama Balkana i EU, a slede je Bosna i Hercegovina, Crna Gora i Srbija.<\/h2>\n<p><img loading=\"lazy\" decoding=\"async\" class=\" wp-image-21910 aligncenter\" src=\"https:\/\/balkangreenenergynews.com\/rs\/wp-content\/uploads\/2019\/02\/mortality-rate-air-pollution.png\" alt=\"\" width=\"397\" height=\"133\" srcset=\"https:\/\/balkangreenenergynews.com\/rs\/wp-content\/uploads\/2019\/02\/mortality-rate-air-pollution.png 364w, https:\/\/balkangreenenergynews.com\/rs\/wp-content\/uploads\/2019\/02\/mortality-rate-air-pollution-300x101.png 300w\" sizes=\"auto, (max-width: 397px) 100vw, 397px\" \/><\/p>\n<p>Ovi brojevi zna\u010de da je u 2016. godini zaga\u0111enje vazduha dovelo do 4.388 preuranjenih smrtnih su\u010dajeva u Srbiji, 2.793 u BiH, 1.702 u Makedoniji i 489 u Crnoj Gori.<\/p>\n<h3><span style=\"\">Gra\u0111ani se bune<\/span><\/h3>\n<p>Zaga\u0111enje smogom na Zapadnom Balkanu mo\u017ee da traje danima. Ove zime srpska prestonica Beograd, je u nekim danima imala najgori kvalitet vazduha u svetu. Ni vazduh u Skoplju, u Makedoniji, nije bio mnogo bolji.<\/p>\n<p>Gra\u0111ani Balkana podi\u017eu svoj glas protiv zaga\u0111enog vazduha koji im ugro\u017eava zdravlje. Pro\u0161le godine hiljade gra\u0111ana u Tuzli (BiH), iza\u0161lo je na ulice tra\u017eec\u0301i od vlasti da na\u0111u dugoro\u010dna re\u0161enja za lo\u0161 kvalitet vazduha u gradu. Isto se desilo i u drugim gradovima u regionu: u Pljevljima u Crnoj Gori, Bitolju, Skoplju i Tetovu u Makedoniji i Pri\u0161tini na Kosovu*.<\/p>\n<blockquote><p><span style=\"color: #000000;\">Nacionalne i lokalne vlasti ne \u010dine gotovo ni\u0161ta da spre\u010de zaga\u0111enje vazduha<\/span><\/p><\/blockquote>\n<p>Tokom 2015. godine, srpski lekari su apelovali da se prestane sa proizvodnjom energije iz uglja radi pobolj\u0161anja kvaliteta vazduha, smanjenja u\u010destalosti respiratornih, kardiovaskularnih i drugih bolesti povezanih sa zaga\u0111enjem vazduha, kao i smanjenja dugoro\u010dnih ekonomskih tro\u0161kova za zdravstveni sistem.<\/p>\n<p>Ali, situacija se nije pobolj\u0161ala &#8211; nacionalne i lokalne vlasti ne \u010dine gotovo ni\u0161ta da smanje zaga\u0111enje vazduha.<\/p>\n<p>Sporadi\u010dno, postoje neki dobri primeri i poku\u0161aji da se sprovedu konkretne akcije za pobolj\u0161anje kvaliteta vazduha. Na primer, Sarajevo izdaje upozorenja u kojima se od stanovnika tra\u017ei da koriste prevozna sredstva koja ne zaga\u0111uju \u017eivotnu sredinu i da smanje aktivnost na otvorenom, posebno u jutarnjim i ve\u010dernjim satima kada je zaga\u0111enje smogom najgore. A, neki gradovi, poput Jagodine, u Srbiji, nude besplatan javni prevoz.<\/p>\n<h3><span style=\"\">Ekonomske posledice se ignori\u0161u<\/span><\/h3>\n<p>Me\u0111utim, nedostaju strukturne promene i dugoro\u010dne odluke, pa je kvaliteta vazduha iz godine u godinu sve lo\u0161iji. U su\u0161tini, vlade u regionu ignori\u0161u ekonomske posledice.<\/p>\n<p>Prema podacima SZO, region Jugoisto\u010dne Evrope gubi ekvivalent od 19% svog BDP-a na tro\u0161kove povezane sa preranim smrtnim slu\u010dajevima uzrokovanim zaga\u0111enjem vazduha.<\/p>\n<p>U Srbiji, zdravstveni tro\u0161kovi povezani sa zaga\u0111enjem vazduha iznose 33,5% BDP-a, u BiH 21,5%, u Makedoniji 19,9% i Crnoj Gori 14,5%. Ovi procenti su znatno ni\u017ei u Zapadnoj Evropi <a href=\"#_ftn2\" name=\"_ftnref2\">[2]<\/a>. U Nema\u010dkoj iznose 4,5%, a u susednoj Hrvatskoj 10,8%<\/p>\n<h3><span style=\"\">Ve\u0161ta\u010dki odr\u017eavane niske cene kriju pravu cenu energije iz fosilnih goriva<\/span><\/h3>\n<p>Glavni uzrok lo\u0161eg kvaliteta vazduha u regionu je sagorevanje uglja u termoelektranama, za proizvodnju elektri\u010dne energije, kao i kori\u0161\u0107enje fosilnih goriva ili biomase u domac\u0301instvima i transportu.<\/p>\n<blockquote><p>U zemljama Zapadnog Balkana nalaze se elektrane koje su najve\u0107i zaga\u0111iva\u010di u celoj Evropi<\/p><\/blockquote>\n<p>Ve\u0161ta\u010dki odr\u017eavane niske cene skrivaju stvarnu cenu energije koja se dobija iz fosilnih goriva &#8211; one ne uzimaju u obzir tro\u0161kove vezane za \u017eivotnu sredinu i zdravlje. Svi mi plac\u0301amo dva puta subvencije za fosilna goriva &#8211; jednom kada se oskudna javna sredstva koriste za subvencionisanje zastarele proizvodnje energije iz fosilnih goriva i drugi put, kada dru\u0161tvo pla\u0107a zdravstvene tro\u0161kove vezane za sagorevanje fosilnih goriva.<\/p>\n<p>Uprkos skoro deset godina staroj obavezi da se okon\u010da takva finansijska podr\u0161ka, nedavni izve\u0161taj Health &amp; Environment Alliance (HEAL) otkrio je da su u proseku zdravstveni tro\u0161kovi povezani s fosilnim gorivima vi\u0161e od \u0161est puta vec\u0301i od subvencija <a href=\"#_ftnref3\" name=\"_ftn3\">[3]<\/a>.<\/p>\n<p>Postepeni prestanak kori\u0161\u0107enja uglja trebalo je da je dosad ve\u0107 uveliko po\u010delo, a prilika za to je 2018. kada bi zemlje Zapadnog Balkana trebalo da po\u010dnu da smanjuju emisije iz velikih lo\u017ei\u0161ta i da usklade nacionalne zakone sa zakonima EU<a href=\"#_ftn4\" name=\"_ftnref4\">\u00a0[4]<\/a>.<\/p>\n<p>Danas se u zemljama Zapadnog Balkana nalaze elektrane koje su najvec\u0301i zaga\u0111iva\u010di u celoj Evropi. Godi\u0161nje emisije iz 16 elektrana na ugalj, snage 16 GW, na Zapadnom Balkanu su gotovo jednako visoke kao i iz 296 elektrana na ugalj, snage 156 GW, u EU-28 <a href=\"#_ftn5\" name=\"_ftnref5\">[5]<\/a>.<\/p>\n<p>Kontrola zaga\u0111enja vazduha iz termoelektrana na ugalj je velika prilika da se u narednoj deceniji spasi 6,460 \u017eivota i u\u0161tedi 2,72 miliona evra u tro\u0161kovima zdravstvene za\u0161tite.<\/p>\n<p>Da bi se do\u0161lo do ogromnih zdravstvenih u\u0161teda, vlade Zapadnog Balkana moraju da po\u010dnu sa uspostavljanjem mera za kontrolu zaga\u0111enja, a postepeni prestanak kori\u0161\u0107enja uglja trebalo bi ubrzati, zatvaranjem svih starih elektrana, ne gradnjom novih, i okon\u010danjem dr\u017eavnih subvencija za ugalj.<\/p>\n<hr \/>\n<h5><a href=\"https:\/\/balkangreenenergynews.com\/?p=22279&amp;preview=true#_ftnref1\">[1]<\/a> <a href=\"https:\/\/www.who.int\/gho\/publications\/world_health_statistics\/2018\/en\/\">World health statistics 2018: monitoring health for the SDGs, sustainable development goals. Geneva: World Health Organization; 2018.<\/a><\/h5>\n<h5><a href=\"https:\/\/balkangreenenergynews.com\/?p=22279&amp;preview=true#_ftnref2\">[2]<\/a> <a href=\"https:\/\/www.euro.who.int\/__data\/assets\/pdf_file\/0004\/276772\/Economic-cost-health-impact-air-pollution-en.pdf\">WHO Regional Office for Europe, OECD. Economic cost of the health impact of air pollution in Europe: Clean air, health and wealth. Copenhagen: WHO Regional Office for Europe; 2015.<\/a><\/h5>\n<h5><a href=\"https:\/\/balkangreenenergynews.com\/?p=22279&amp;preview=true#_ftnref3\">[3]<\/a> <a href=\"https:\/\/www.env-health.org\/wp-content\/uploads\/2018\/08\/hidden_price_tags.pdf\">https:\/\/www.env-health.org\/wp-content\/uploads\/2018\/08\/hidden_price_tags.pdf<\/a><\/h5>\n<h5><a href=\"https:\/\/balkangreenenergynews.com\/?p=22279&amp;preview=true#_ftnref4\">[4]<\/a> These rules are as a matter of fact not even in line with the latest EU rules for large combustion plants \u2013 the so-called LCP \u201cBREF\u201d that entered force in the EU in August 2017\u201d but are instead more lax<\/h5>\n<h5><a href=\"https:\/\/balkangreenenergynews.com\/?p=22279&amp;preview=true#_ftnref5\">[5]<\/a> <a href=\"https:\/\/www.env-health.org\/wp-content\/uploads\/2018\/06\/Boosting-health-by-improving-air-quality-in-the-Balkans.pdf\">https:\/\/www.env-health.org\/wp-content\/uploads\/2018\/06\/Boosting-health-by-improving-air-quality-in-the-Balkans.pdf<\/a><\/h5>\n","protected":false},"excerpt":{"rendered":"<p>Autor: Vlatka Matkovic\u0301 Puljic\u0301, vi\u0161i slu\u017ebenik za zdravstvo i energiju, Health &amp; Environment Alliance (HEAL)&#8230;<\/p>\n","protected":false},"author":25,"featured_media":21911,"comment_status":"open","ping_status":"closed","sticky":false,"template":"","format":"standard","meta":{"_acf_changed":false,"_monsterinsights_skip_tracking":false,"_monsterinsights_sitenote_active":false,"_monsterinsights_sitenote_note":"","_monsterinsights_sitenote_category":0,"footnotes":""},"categories":[484,4],"tags":[1231,4933,691,5059,910],"class_list":["post-21909","post","type-post","status-publish","format-standard","has-post-thumbnail","hentry","category-u-fokusu","category-zivotna-sredina","tag-kvalitet-vazduha","tag-termoelektrane","tag-ugalj","tag-vlatka-matkovic-puljic","tag-zagadenje-vazduha","country-regioneu"],"acf":[],"yoast_head":"<!-- This site is optimized with the Yoast SEO plugin v27.4 - https:\/\/yoast.com\/product\/yoast-seo-wordpress\/ -->\n<title>Region Balkana i dalje obara rekorde u zaga\u0111enju vazduha, ne re\u0161ava glavne uzroke<\/title>\n<meta name=\"description\" content=\"Zemlje Balkana jo\u0161 jednom su, ove zime, pogo\u0111ene velikim zaga\u0111enjem vazduha, pa u ve\u0107ini njih gra\u0111ani danima udi\u0161u vazduh koji izaziva zdravstvene probleme.\" \/>\n<meta name=\"robots\" content=\"index, follow, max-snippet:-1, max-image-preview:large, max-video-preview:-1\" \/>\n<link rel=\"canonical\" href=\"https:\/\/balkangreenenergynews.com\/rs\/region-balkana-i-dalje-obara-rekorde-u-zagadenju-vazduha-ne-resava-glavne-uzroke\/\" \/>\n<meta property=\"og:locale\" content=\"sr_RS\" \/>\n<meta property=\"og:type\" content=\"article\" \/>\n<meta property=\"og:title\" content=\"Region Balkana i dalje obara rekorde u zaga\u0111enju vazduha, ne re\u0161ava glavne uzroke\" \/>\n<meta property=\"og:description\" content=\"Zemlje Balkana jo\u0161 jednom su, ove zime, pogo\u0111ene velikim zaga\u0111enjem vazduha, pa u ve\u0107ini njih gra\u0111ani danima udi\u0161u vazduh koji izaziva zdravstvene probleme.\" \/>\n<meta property=\"og:url\" content=\"https:\/\/balkangreenenergynews.com\/rs\/region-balkana-i-dalje-obara-rekorde-u-zagadenju-vazduha-ne-resava-glavne-uzroke\/\" \/>\n<meta property=\"og:site_name\" content=\"Balkan Green Energy News\" \/>\n<meta property=\"article:published_time\" content=\"2019-02-08T16:36:35+00:00\" \/>\n<meta property=\"article:modified_time\" content=\"2019-02-09T13:28:43+00:00\" \/>\n<meta property=\"og:image\" content=\"https:\/\/balkangreenenergynews.com\/rs\/wp-content\/uploads\/2019\/02\/Vlatka-Matkovic-Puljic-HEAL.jpg\" \/>\n\t<meta property=\"og:image:width\" content=\"795\" \/>\n\t<meta property=\"og:image:height\" content=\"407\" \/>\n\t<meta property=\"og:image:type\" content=\"image\/jpeg\" \/>\n<meta name=\"author\" content=\"Balkan Green Energy News\" \/>\n<meta name=\"twitter:card\" content=\"summary_large_image\" \/>\n<meta name=\"twitter:label1\" content=\"\u041d\u0430\u043f\u0438\u0441\u0430\u043d\u043e \u043e\u0434\" \/>\n\t<meta name=\"twitter:data1\" content=\"Balkan Green Energy News\" \/>\n\t<meta name=\"twitter:label2\" content=\"\u041f\u0440\u043e\u0446\u0435\u045a\u0435\u043d\u043e \u0432\u0440\u0435\u043c\u0435 \u0447\u0438\u0442\u0430\u045a\u0430\" \/>\n\t<meta name=\"twitter:data2\" content=\"5 \u043c\u0438\u043d\u0443\u0442\u0430\" \/>\n<script type=\"application\/ld+json\" class=\"yoast-schema-graph\">{\"@context\":\"https:\\\/\\\/schema.org\",\"@graph\":[{\"@type\":\"Article\",\"@id\":\"https:\\\/\\\/balkangreenenergynews.com\\\/rs\\\/region-balkana-i-dalje-obara-rekorde-u-zagadenju-vazduha-ne-resava-glavne-uzroke\\\/#article\",\"isPartOf\":{\"@id\":\"https:\\\/\\\/balkangreenenergynews.com\\\/rs\\\/region-balkana-i-dalje-obara-rekorde-u-zagadenju-vazduha-ne-resava-glavne-uzroke\\\/\"},\"author\":{\"name\":\"Balkan Green Energy News\",\"@id\":\"https:\\\/\\\/balkangreenenergynews.com\\\/rs\\\/#\\\/schema\\\/person\\\/dee275e6036b1a0f7ceaf956d79d4eff\"},\"headline\":\"Region Balkana i dalje obara rekorde u zaga\u0111enju vazduha, ne re\u0161ava glavne uzroke\",\"datePublished\":\"2019-02-08T16:36:35+00:00\",\"dateModified\":\"2019-02-09T13:28:43+00:00\",\"mainEntityOfPage\":{\"@id\":\"https:\\\/\\\/balkangreenenergynews.com\\\/rs\\\/region-balkana-i-dalje-obara-rekorde-u-zagadenju-vazduha-ne-resava-glavne-uzroke\\\/\"},\"wordCount\":927,\"commentCount\":0,\"image\":{\"@id\":\"https:\\\/\\\/balkangreenenergynews.com\\\/rs\\\/region-balkana-i-dalje-obara-rekorde-u-zagadenju-vazduha-ne-resava-glavne-uzroke\\\/#primaryimage\"},\"thumbnailUrl\":\"https:\\\/\\\/balkangreenenergynews.com\\\/rs\\\/wp-content\\\/uploads\\\/2019\\\/02\\\/Vlatka-Matkovic-Puljic-HEAL.jpg?wsr\",\"keywords\":[\"kvalitet vazduha\",\"termoelektrane\",\"ugalj\",\"Vlatka Matkovi\u0107 Pulji\u0107\",\"zaga\u0111enje vazduha\"],\"articleSection\":[\"U fokusu\",\"\u017divotna sredina\"],\"inLanguage\":\"sr-RS\",\"potentialAction\":[{\"@type\":\"CommentAction\",\"name\":\"Comment\",\"target\":[\"https:\\\/\\\/balkangreenenergynews.com\\\/rs\\\/region-balkana-i-dalje-obara-rekorde-u-zagadenju-vazduha-ne-resava-glavne-uzroke\\\/#respond\"]}]},{\"@type\":\"WebPage\",\"@id\":\"https:\\\/\\\/balkangreenenergynews.com\\\/rs\\\/region-balkana-i-dalje-obara-rekorde-u-zagadenju-vazduha-ne-resava-glavne-uzroke\\\/\",\"url\":\"https:\\\/\\\/balkangreenenergynews.com\\\/rs\\\/region-balkana-i-dalje-obara-rekorde-u-zagadenju-vazduha-ne-resava-glavne-uzroke\\\/\",\"name\":\"Region Balkana i dalje obara rekorde u zaga\u0111enju vazduha, ne re\u0161ava glavne uzroke\",\"isPartOf\":{\"@id\":\"https:\\\/\\\/balkangreenenergynews.com\\\/rs\\\/#website\"},\"primaryImageOfPage\":{\"@id\":\"https:\\\/\\\/balkangreenenergynews.com\\\/rs\\\/region-balkana-i-dalje-obara-rekorde-u-zagadenju-vazduha-ne-resava-glavne-uzroke\\\/#primaryimage\"},\"image\":{\"@id\":\"https:\\\/\\\/balkangreenenergynews.com\\\/rs\\\/region-balkana-i-dalje-obara-rekorde-u-zagadenju-vazduha-ne-resava-glavne-uzroke\\\/#primaryimage\"},\"thumbnailUrl\":\"https:\\\/\\\/balkangreenenergynews.com\\\/rs\\\/wp-content\\\/uploads\\\/2019\\\/02\\\/Vlatka-Matkovic-Puljic-HEAL.jpg?wsr\",\"datePublished\":\"2019-02-08T16:36:35+00:00\",\"dateModified\":\"2019-02-09T13:28:43+00:00\",\"author\":{\"@id\":\"https:\\\/\\\/balkangreenenergynews.com\\\/rs\\\/#\\\/schema\\\/person\\\/dee275e6036b1a0f7ceaf956d79d4eff\"},\"description\":\"Zemlje Balkana jo\u0161 jednom su, ove zime, pogo\u0111ene velikim zaga\u0111enjem vazduha, pa u ve\u0107ini njih gra\u0111ani danima udi\u0161u vazduh koji izaziva zdravstvene probleme.\",\"breadcrumb\":{\"@id\":\"https:\\\/\\\/balkangreenenergynews.com\\\/rs\\\/region-balkana-i-dalje-obara-rekorde-u-zagadenju-vazduha-ne-resava-glavne-uzroke\\\/#breadcrumb\"},\"inLanguage\":\"sr-RS\",\"potentialAction\":[{\"@type\":\"ReadAction\",\"target\":[\"https:\\\/\\\/balkangreenenergynews.com\\\/rs\\\/region-balkana-i-dalje-obara-rekorde-u-zagadenju-vazduha-ne-resava-glavne-uzroke\\\/\"]}]},{\"@type\":\"ImageObject\",\"inLanguage\":\"sr-RS\",\"@id\":\"https:\\\/\\\/balkangreenenergynews.com\\\/rs\\\/region-balkana-i-dalje-obara-rekorde-u-zagadenju-vazduha-ne-resava-glavne-uzroke\\\/#primaryimage\",\"url\":\"https:\\\/\\\/balkangreenenergynews.com\\\/rs\\\/wp-content\\\/uploads\\\/2019\\\/02\\\/Vlatka-Matkovic-Puljic-HEAL.jpg?wsr\",\"contentUrl\":\"https:\\\/\\\/balkangreenenergynews.com\\\/rs\\\/wp-content\\\/uploads\\\/2019\\\/02\\\/Vlatka-Matkovic-Puljic-HEAL.jpg?wsr\",\"width\":795,\"height\":407},{\"@type\":\"BreadcrumbList\",\"@id\":\"https:\\\/\\\/balkangreenenergynews.com\\\/rs\\\/region-balkana-i-dalje-obara-rekorde-u-zagadenju-vazduha-ne-resava-glavne-uzroke\\\/#breadcrumb\",\"itemListElement\":[{\"@type\":\"ListItem\",\"position\":1,\"name\":\"Po\u010detna\",\"item\":\"https:\\\/\\\/balkangreenenergynews.com\\\/rs\\\/\"},{\"@type\":\"ListItem\",\"position\":2,\"name\":\"U fokusu\",\"item\":\"https:\\\/\\\/balkangreenenergynews.com\\\/rs\\\/kategorija\\\/u-fokusu\\\/\"},{\"@type\":\"ListItem\",\"position\":3,\"name\":\"Region Balkana i dalje obara rekorde u zaga\u0111enju vazduha, ne re\u0161ava glavne uzroke\"}]},{\"@type\":\"WebSite\",\"@id\":\"https:\\\/\\\/balkangreenenergynews.com\\\/rs\\\/#website\",\"url\":\"https:\\\/\\\/balkangreenenergynews.com\\\/rs\\\/\",\"name\":\"Balkan Green Energy News\",\"description\":\"Naj\u0161iri izbor vesti sa Balkana o zelenoj energiji\",\"potentialAction\":[{\"@type\":\"SearchAction\",\"target\":{\"@type\":\"EntryPoint\",\"urlTemplate\":\"https:\\\/\\\/balkangreenenergynews.com\\\/rs\\\/?s={search_term_string}\"},\"query-input\":{\"@type\":\"PropertyValueSpecification\",\"valueRequired\":true,\"valueName\":\"search_term_string\"}}],\"inLanguage\":\"sr-RS\"},{\"@type\":\"Person\",\"@id\":\"https:\\\/\\\/balkangreenenergynews.com\\\/rs\\\/#\\\/schema\\\/person\\\/dee275e6036b1a0f7ceaf956d79d4eff\",\"name\":\"Balkan Green Energy News\",\"url\":\"https:\\\/\\\/balkangreenenergynews.com\\\/rs\\\/author\\\/balkangreenenergynews\\\/\"}]}<\/script>\n<!-- \/ Yoast SEO plugin. -->","yoast_head_json":{"title":"Region Balkana i dalje obara rekorde u zaga\u0111enju vazduha, ne re\u0161ava glavne uzroke","description":"Zemlje Balkana jo\u0161 jednom su, ove zime, pogo\u0111ene velikim zaga\u0111enjem vazduha, pa u ve\u0107ini njih gra\u0111ani danima udi\u0161u vazduh koji izaziva zdravstvene probleme.","robots":{"index":"index","follow":"follow","max-snippet":"max-snippet:-1","max-image-preview":"max-image-preview:large","max-video-preview":"max-video-preview:-1"},"canonical":"https:\/\/balkangreenenergynews.com\/rs\/region-balkana-i-dalje-obara-rekorde-u-zagadenju-vazduha-ne-resava-glavne-uzroke\/","og_locale":"sr_RS","og_type":"article","og_title":"Region Balkana i dalje obara rekorde u zaga\u0111enju vazduha, ne re\u0161ava glavne uzroke","og_description":"Zemlje Balkana jo\u0161 jednom su, ove zime, pogo\u0111ene velikim zaga\u0111enjem vazduha, pa u ve\u0107ini njih gra\u0111ani danima udi\u0161u vazduh koji izaziva zdravstvene probleme.","og_url":"https:\/\/balkangreenenergynews.com\/rs\/region-balkana-i-dalje-obara-rekorde-u-zagadenju-vazduha-ne-resava-glavne-uzroke\/","og_site_name":"Balkan Green Energy News","article_published_time":"2019-02-08T16:36:35+00:00","article_modified_time":"2019-02-09T13:28:43+00:00","og_image":[{"width":795,"height":407,"url":"https:\/\/balkangreenenergynews.com\/rs\/wp-content\/uploads\/2019\/02\/Vlatka-Matkovic-Puljic-HEAL.jpg","type":"image\/jpeg"}],"author":"Balkan Green Energy News","twitter_card":"summary_large_image","twitter_misc":{"\u041d\u0430\u043f\u0438\u0441\u0430\u043d\u043e \u043e\u0434":"Balkan Green Energy News","\u041f\u0440\u043e\u0446\u0435\u045a\u0435\u043d\u043e \u0432\u0440\u0435\u043c\u0435 \u0447\u0438\u0442\u0430\u045a\u0430":"5 \u043c\u0438\u043d\u0443\u0442\u0430"},"schema":{"@context":"https:\/\/schema.org","@graph":[{"@type":"Article","@id":"https:\/\/balkangreenenergynews.com\/rs\/region-balkana-i-dalje-obara-rekorde-u-zagadenju-vazduha-ne-resava-glavne-uzroke\/#article","isPartOf":{"@id":"https:\/\/balkangreenenergynews.com\/rs\/region-balkana-i-dalje-obara-rekorde-u-zagadenju-vazduha-ne-resava-glavne-uzroke\/"},"author":{"name":"Balkan Green Energy News","@id":"https:\/\/balkangreenenergynews.com\/rs\/#\/schema\/person\/dee275e6036b1a0f7ceaf956d79d4eff"},"headline":"Region Balkana i dalje obara rekorde u zaga\u0111enju vazduha, ne re\u0161ava glavne uzroke","datePublished":"2019-02-08T16:36:35+00:00","dateModified":"2019-02-09T13:28:43+00:00","mainEntityOfPage":{"@id":"https:\/\/balkangreenenergynews.com\/rs\/region-balkana-i-dalje-obara-rekorde-u-zagadenju-vazduha-ne-resava-glavne-uzroke\/"},"wordCount":927,"commentCount":0,"image":{"@id":"https:\/\/balkangreenenergynews.com\/rs\/region-balkana-i-dalje-obara-rekorde-u-zagadenju-vazduha-ne-resava-glavne-uzroke\/#primaryimage"},"thumbnailUrl":"https:\/\/balkangreenenergynews.com\/rs\/wp-content\/uploads\/2019\/02\/Vlatka-Matkovic-Puljic-HEAL.jpg?wsr","keywords":["kvalitet vazduha","termoelektrane","ugalj","Vlatka Matkovi\u0107 Pulji\u0107","zaga\u0111enje vazduha"],"articleSection":["U fokusu","\u017divotna sredina"],"inLanguage":"sr-RS","potentialAction":[{"@type":"CommentAction","name":"Comment","target":["https:\/\/balkangreenenergynews.com\/rs\/region-balkana-i-dalje-obara-rekorde-u-zagadenju-vazduha-ne-resava-glavne-uzroke\/#respond"]}]},{"@type":"WebPage","@id":"https:\/\/balkangreenenergynews.com\/rs\/region-balkana-i-dalje-obara-rekorde-u-zagadenju-vazduha-ne-resava-glavne-uzroke\/","url":"https:\/\/balkangreenenergynews.com\/rs\/region-balkana-i-dalje-obara-rekorde-u-zagadenju-vazduha-ne-resava-glavne-uzroke\/","name":"Region Balkana i dalje obara rekorde u zaga\u0111enju vazduha, ne re\u0161ava glavne uzroke","isPartOf":{"@id":"https:\/\/balkangreenenergynews.com\/rs\/#website"},"primaryImageOfPage":{"@id":"https:\/\/balkangreenenergynews.com\/rs\/region-balkana-i-dalje-obara-rekorde-u-zagadenju-vazduha-ne-resava-glavne-uzroke\/#primaryimage"},"image":{"@id":"https:\/\/balkangreenenergynews.com\/rs\/region-balkana-i-dalje-obara-rekorde-u-zagadenju-vazduha-ne-resava-glavne-uzroke\/#primaryimage"},"thumbnailUrl":"https:\/\/balkangreenenergynews.com\/rs\/wp-content\/uploads\/2019\/02\/Vlatka-Matkovic-Puljic-HEAL.jpg?wsr","datePublished":"2019-02-08T16:36:35+00:00","dateModified":"2019-02-09T13:28:43+00:00","author":{"@id":"https:\/\/balkangreenenergynews.com\/rs\/#\/schema\/person\/dee275e6036b1a0f7ceaf956d79d4eff"},"description":"Zemlje Balkana jo\u0161 jednom su, ove zime, pogo\u0111ene velikim zaga\u0111enjem vazduha, pa u ve\u0107ini njih gra\u0111ani danima udi\u0161u vazduh koji izaziva zdravstvene probleme.","breadcrumb":{"@id":"https:\/\/balkangreenenergynews.com\/rs\/region-balkana-i-dalje-obara-rekorde-u-zagadenju-vazduha-ne-resava-glavne-uzroke\/#breadcrumb"},"inLanguage":"sr-RS","potentialAction":[{"@type":"ReadAction","target":["https:\/\/balkangreenenergynews.com\/rs\/region-balkana-i-dalje-obara-rekorde-u-zagadenju-vazduha-ne-resava-glavne-uzroke\/"]}]},{"@type":"ImageObject","inLanguage":"sr-RS","@id":"https:\/\/balkangreenenergynews.com\/rs\/region-balkana-i-dalje-obara-rekorde-u-zagadenju-vazduha-ne-resava-glavne-uzroke\/#primaryimage","url":"https:\/\/balkangreenenergynews.com\/rs\/wp-content\/uploads\/2019\/02\/Vlatka-Matkovic-Puljic-HEAL.jpg?wsr","contentUrl":"https:\/\/balkangreenenergynews.com\/rs\/wp-content\/uploads\/2019\/02\/Vlatka-Matkovic-Puljic-HEAL.jpg?wsr","width":795,"height":407},{"@type":"BreadcrumbList","@id":"https:\/\/balkangreenenergynews.com\/rs\/region-balkana-i-dalje-obara-rekorde-u-zagadenju-vazduha-ne-resava-glavne-uzroke\/#breadcrumb","itemListElement":[{"@type":"ListItem","position":1,"name":"Po\u010detna","item":"https:\/\/balkangreenenergynews.com\/rs\/"},{"@type":"ListItem","position":2,"name":"U fokusu","item":"https:\/\/balkangreenenergynews.com\/rs\/kategorija\/u-fokusu\/"},{"@type":"ListItem","position":3,"name":"Region Balkana i dalje obara rekorde u zaga\u0111enju vazduha, ne re\u0161ava glavne uzroke"}]},{"@type":"WebSite","@id":"https:\/\/balkangreenenergynews.com\/rs\/#website","url":"https:\/\/balkangreenenergynews.com\/rs\/","name":"Balkan Green Energy News","description":"Naj\u0161iri izbor vesti sa Balkana o zelenoj energiji","potentialAction":[{"@type":"SearchAction","target":{"@type":"EntryPoint","urlTemplate":"https:\/\/balkangreenenergynews.com\/rs\/?s={search_term_string}"},"query-input":{"@type":"PropertyValueSpecification","valueRequired":true,"valueName":"search_term_string"}}],"inLanguage":"sr-RS"},{"@type":"Person","@id":"https:\/\/balkangreenenergynews.com\/rs\/#\/schema\/person\/dee275e6036b1a0f7ceaf956d79d4eff","name":"Balkan Green Energy News","url":"https:\/\/balkangreenenergynews.com\/rs\/author\/balkangreenenergynews\/"}]}},"_links":{"self":[{"href":"https:\/\/balkangreenenergynews.com\/rs\/wp-json\/wp\/v2\/posts\/21909","targetHints":{"allow":["GET"]}}],"collection":[{"href":"https:\/\/balkangreenenergynews.com\/rs\/wp-json\/wp\/v2\/posts"}],"about":[{"href":"https:\/\/balkangreenenergynews.com\/rs\/wp-json\/wp\/v2\/types\/post"}],"author":[{"embeddable":true,"href":"https:\/\/balkangreenenergynews.com\/rs\/wp-json\/wp\/v2\/users\/25"}],"replies":[{"embeddable":true,"href":"https:\/\/balkangreenenergynews.com\/rs\/wp-json\/wp\/v2\/comments?post=21909"}],"version-history":[{"count":0,"href":"https:\/\/balkangreenenergynews.com\/rs\/wp-json\/wp\/v2\/posts\/21909\/revisions"}],"wp:featuredmedia":[{"embeddable":true,"href":"https:\/\/balkangreenenergynews.com\/rs\/wp-json\/wp\/v2\/media\/21911"}],"wp:attachment":[{"href":"https:\/\/balkangreenenergynews.com\/rs\/wp-json\/wp\/v2\/media?parent=21909"}],"wp:term":[{"taxonomy":"category","embeddable":true,"href":"https:\/\/balkangreenenergynews.com\/rs\/wp-json\/wp\/v2\/categories?post=21909"},{"taxonomy":"post_tag","embeddable":true,"href":"https:\/\/balkangreenenergynews.com\/rs\/wp-json\/wp\/v2\/tags?post=21909"}],"curies":[{"name":"wp","href":"https:\/\/api.w.org\/{rel}","templated":true}]}}