{"id":21388,"date":"2019-01-11T16:13:02","date_gmt":"2019-01-11T15:13:02","guid":{"rendered":"https:\/\/balkangreenenergynews.com\/rs\/?p=21388"},"modified":"2020-10-30T10:52:37","modified_gmt":"2020-10-30T09:52:37","slug":"giz-orf-ee-pokrece-jos-jedan-projekt-odrzive-urbane-mobilnosti-u-zemljama-jie","status":"publish","type":"post","link":"https:\/\/balkangreenenergynews.com\/rs\/giz-orf-ee-pokrece-jos-jedan-projekt-odrzive-urbane-mobilnosti-u-zemljama-jie\/","title":{"rendered":"GIZ ORF-EE pokre\u0107e jo\u0161 jedan projekt odr\u017eive urbane mobilnosti u zemljama JIE"},"content":{"rendered":"<h2>GIZ ORF-EE projekt &#8222;Odr\u017eiva urbana mobilnost u zemljama Jugoisti\u010dne Evrope II&#8220; (SUMSEEC II) slu\u017ebeno je pokrenut u decembru 2018. godine. Prije otvaranja projekta GIZ Otvoreni regionalni fond za Jugoisto\u010dnu Evropu &#8211; Energetska efikasnost je u Be\u010du u Austriji odr\u017eao sastanak s projektnim partnerima u svrhu planiranja implementacije projekta.<\/h2>\n<p>Na dvodnevnom skupu okupili su se predstavnici\/ce gradova, ministarstava, op\u0161tina i udru\u017eenja op\u0161tina iz Crne Gore, Albanije, Kosova, Makedonije i Srbije u cilju razmjene najboljih praksi, definisanja budu\u0107ih izazova i iznala\u017eenja inovativnih rje\u0161enja za odr\u017eivu urbanu mobilnost u regiji Jugoisto\u010dne Evrope (JIE).<\/p>\n<p>Joachim Gaube, Menad\u017eer sektorskog fonda ORF-EE je svim u\u010desnicima\/ama po\u017eelio dobrodo\u0161licu i zahvalio se svim partnerima na naporima ulo\u017eenim u pripremu i pokretanje novog ORF-EE projekta.<\/p>\n<p>&#8222;Potreban nam je holisti\u010dki, inovativan pristup da bismo zadovoljili zahtjeve vezane za planiranje odr\u017eive urbane mobilnosti i stvorili odr\u017eiva okru\u017eenja u na\u0161im gradovima i zemljama&#8220;, naglasio je Gaube.<\/p>\n<p>Julia Nagel, ORF-EE projektna menad\u017eerica odgovorna za SUMSEEC II, na sastanku je prezentirala projekt i iskoristila priliku da govori o tematici odr\u017eive urbane mobilnosti s posebnim naglaskom na JIE.<\/p>\n<p>Nagla\u0161avaju\u0107i va\u017enost odr\u017eivog urbanisti\u010dkog planiranja, Nagel se pozvala na izreku: &#8222;Ako planirate za automobile i saobra\u0107aj &#8211; dobijete automobile i saobra\u0107aj, a ako planirate za ljude i mjesta &#8211; dobijete ljude i mjesta&#8220;.<\/p>\n<p><img loading=\"lazy\" decoding=\"async\" class=\"aligncenter wp-image-21391 size-full\" src=\"https:\/\/balkangreenenergynews.com\/rs\/wp-content\/uploads\/2019\/01\/GIZ2-e1547219481559.jpg\" alt=\"\" width=\"795\" height=\"407\" srcset=\"https:\/\/balkangreenenergynews.com\/rs\/wp-content\/uploads\/2019\/01\/GIZ2-e1547219481559.jpg 795w, https:\/\/balkangreenenergynews.com\/rs\/wp-content\/uploads\/2019\/01\/GIZ2-e1547219481559-500x256.jpg 500w, https:\/\/balkangreenenergynews.com\/rs\/wp-content\/uploads\/2019\/01\/GIZ2-e1547219481559-768x393.jpg 768w, https:\/\/balkangreenenergynews.com\/rs\/wp-content\/uploads\/2019\/01\/GIZ2-e1547219481559-300x154.jpg 300w\" sizes=\"auto, (max-width: 795px) 100vw, 795px\" \/><\/p>\n<h3><span style=\"\">Mapa puta za odr\u017eivu urbanu mobilnost u JIE<\/span><\/h3>\n<p>Na sastanku je prezentirana i najnovija GIZ ORF-EE publikacija \u2013 &#8222;<a href=\"https:\/\/balkangreenenergynews.com\/wp-content\/uploads\/2018\/11\/SUMSEEC-Roadmap-for-SEE_en.pdf\">Mapa puta za odr\u017eivu urbanu mobilnost u zemljama JIE<\/a>&#8222;, koju je predstavila Vesna Kolega, ekspertica za transportni sektor iz Hrvatske. Dokument je pripremljen u saradnji s gradovima i udru\u017eenjima op\u0161tina iz JIE koji su bili projektni partneri u prvom SUMSEEC projektu, pokrenutom u decembru 2017. godine, pod vodstvom Dubravke Bo\u0161njak, ORF-EE projektne menad\u017eerice.<\/p>\n<p>Dokument se, izme\u0111u ostalog, bavi relevantnim okvirima politika, prezentira primjere najbolje prakse, opcije za finansiranje i otvorene mogu\u0107nosti za zemlje regije, integri\u0161e rodnu ravnopravnosti u odr\u017eivu urbanu mobilnost i pru\u017ea jasan uvid u lokalni i regionalni kontekst energetske efikasnosti i za\u0161tite okoli\u0161a u sektoru saobra\u0107aja. Dokument tako\u0111e obra\u0111uje zna\u010daj holisti\u010dkog pristupa u oblasti planiranja urbane mobilnosti. Pored toga, nagla\u0161ava i zajedni\u010dke aktivnosti koje bi gradovi u regiji trebali provesti kako bi aktivno podr\u017eali razvoj odr\u017eive urbane mobilnosti u JIE.<\/p>\n<p>&#8222;Mapa puta predstavlja tehni\u010dki alat koji partnerima nudi platformu za br\u017ee pomake ka odr\u017eivoj urbanoj mobilnosti i budu\u0107nosti posve\u0107enoj zdravlju, blagostanju i kvalitetu \u017eivota&#8220;, rekla je Bo\u0161njak.<\/p>\n<h3><span style=\"\">Povratne informacije od partnera o sektorskim postignu\u0107ima i izazovima <\/span><\/h3>\n<p>Dio sastanka bio je posve\u0107en razmjeni primjera najboljih praksi odr\u017eive urbane mobilnosti iz ORF-EE partnerskih gradova, gdje su u\u010desnici imali priliku da pru\u017ee uvid u radove izvedene u njihovim gradovima i op\u0161tinama uz podr\u0161ku GIZ ORF-EE-a, kao i rezultate napora na razvoju odr\u017eive urbane mobilnosti, iako se ova tema smatra novinom u regiji.<\/p>\n<p>Jelena Pavlovi\u0107, predstavnica Grada Banja Luka, odr\u017eala je kratku prezentaciju aktivnosti realizovanih u gradu u prethodne dvije godine, poja\u0161njavaju\u0107i da je, zahvaljuju\u0107i viziji i podr\u0161ci gradona\u010delnika grada Banja Luke i gradske uprave, te zahvaljuju\u0107i podr\u0161ci GIZ ORF-EE-a organizaciji Evropske sedmice mobilnosti u septembru 2018. godine, grad postao Zlatni u\u010desnik Evropske sedmice mobilnosti \u2013 i jedini grad u Bosni i Hercegovini s ovim statusom. To zna\u010di da su <a href=\"https:\/\/www.mobilityweek.eu\/fileadmin\/user_upload\/materials\/participation_resources\/2018\/2018_EMW_Manual.pdf\">mjesta i gradovi<\/a> koji su organizovali sedmicu mobilnosti morali osigurati kontinuirane aktivnosti tokom sedam dana, od 16. do 22. septembra, implementirati najmanje jednu trajnu mjeru koja doprinosi prelasku s privatnih automobila na odr\u017eiva prijevozna sredstva i obilje\u017eiti <em>Dan bez automobila<\/em> zabranom saobra\u0107aja u jednom ili vi\u0161e podru\u010dja rezervisanih za pje\u0161ake, bicikliste i javni prijevoz, u minimalnom trajanju od jednog dana. Nakon \u0161to je uspje\u0161no ispunio sve kriterije, grad Banja Luka je stvorio uslove za predaju prijave za Nagradu Evropske sedmice mobilnosti, \u010dime je grad stekao jaku referencu za budu\u0107e projektne prijedloge i prilike za finansiranje, uz istovremenu mogu\u0107nost promocije grada putem razli\u010ditih promotivnih kanala koje organizatori Evropske sedmice mobilnosti nude zlatnim u\u010desnicima. Napori ulo\u017eeni u odr\u017eivu urbanu mobilnost rezultirali su i dodatnom nagradom koju dodjeljuje <a href=\"https:\/\/civitas.eu\/\">CIVITAS<\/a>.<\/p>\n<p><img loading=\"lazy\" decoding=\"async\" class=\"aligncenter wp-image-21392 size-full\" src=\"https:\/\/balkangreenenergynews.com\/rs\/wp-content\/uploads\/2019\/01\/GIZ-1-e1547124542915.jpg\" alt=\"\" width=\"795\" height=\"407\" srcset=\"https:\/\/balkangreenenergynews.com\/rs\/wp-content\/uploads\/2019\/01\/GIZ-1-e1547124542915.jpg 795w, https:\/\/balkangreenenergynews.com\/rs\/wp-content\/uploads\/2019\/01\/GIZ-1-e1547124542915-500x256.jpg 500w, https:\/\/balkangreenenergynews.com\/rs\/wp-content\/uploads\/2019\/01\/GIZ-1-e1547124542915-768x393.jpg 768w, https:\/\/balkangreenenergynews.com\/rs\/wp-content\/uploads\/2019\/01\/GIZ-1-e1547124542915-300x154.jpg 300w\" sizes=\"auto, (max-width: 795px) 100vw, 795px\" \/><\/p>\n<h3><span style=\"\">Grupni rad<\/span><\/h3>\n<p>Dalje diskusije odr\u017eane su na temu koraka koje je potrebno poduzeti u okviru SUMSEEC II projekta kako bi se optimalno pristupilo razvoju urbane odr\u017eive mobilnosti u JIE. Analizirani su i razni aspekti kao i va\u017enost uloge medija u podizanju javne svijesti o odr\u017eivoj urbanoj mobilnosti.<\/p>\n<p>Alja\u0161 Plevnik, ekspert za transport iz Slovenije, ponovio je da mediji igraju klju\u010dnu ulogu u u\u010dinkovitoj i uspje\u0161noj implementaciji mjera odr\u017eive urbane mobilnosti.<\/p>\n<p>Sastanak je zaklju\u010den grupnim radom izrade operativnih planova i utvr\u0111ivanja potencijalnih aktivnosti i mjera koje bi se trebale provesti na nivou udru\u017eenja op\u0161tina i gradova kako bi se osigurala optimalna implementacija odr\u017eive urbane mobilnosti na dr\u017eavnom i, paralelno s tim, na regionalnom nivou. Naglasak je stoga stavljen na regionalnu razmjenu iskustava izme\u0111u razli\u010ditih u\u010desnika u projektu i na me\u0111usobno u\u010denje iz tih iskustava, \u0161to GIZ ORF-EE sna\u017eno podr\u017eava.<\/p>\n","protected":false},"excerpt":{"rendered":"<p>GIZ ORF-EE projekt &#8222;Odr\u017eiva urbana mobilnost u zemljama Jugoisti\u010dne Evrope II&#8220; (SUMSEEC II) slu\u017ebeno je&#8230;<\/p>\n","protected":false},"author":25,"featured_media":21389,"comment_status":"open","ping_status":"closed","sticky":false,"template":"","format":"standard","meta":{"_acf_changed":false,"_monsterinsights_skip_tracking":false,"_monsterinsights_sitenote_active":false,"_monsterinsights_sitenote_note":"","_monsterinsights_sitenote_category":0,"footnotes":""},"categories":[7],"tags":[490,226,1998],"class_list":["post-21388","post","type-post","status-publish","format-standard","has-post-thumbnail","hentry","category-mobilnost","tag-dubravka-bosnjak","tag-giz-orf-ee","tag-joachim-gaube","country-regioneu"],"acf":[],"yoast_head":"<!-- This site is optimized with the Yoast SEO plugin v27.4 - https:\/\/yoast.com\/product\/yoast-seo-wordpress\/ -->\n<title>GIZ ORF-EE pokre\u0107e jo\u0161 jedan projekt odr\u017eive urbane mobilnosti u zemljama JIE<\/title>\n<meta name=\"description\" content=\"GIZ ORF-EE projekt &quot;Odr\u017eiva urbana mobilnost u zemljama Jugoisti\u010dne Evrope II&quot; (SUMSEEC II) slu\u017ebeno je pokrenut u decembru 2018. godine. Prije otvaranja projekta GIZ Otvoreni regionalni fond za Jugoisto\u010dnu Evropu - Energetska efikasnost je u Be\u010du u Austriji odr\u017eao sastanak s projektnim partnerima u svrhu planiranja implementacije projekta.\u00a0\u00a0\" \/>\n<meta name=\"robots\" content=\"index, follow, max-snippet:-1, max-image-preview:large, max-video-preview:-1\" \/>\n<link rel=\"canonical\" href=\"https:\/\/balkangreenenergynews.com\/rs\/giz-orf-ee-pokrece-jos-jedan-projekt-odrzive-urbane-mobilnosti-u-zemljama-jie\/\" \/>\n<meta property=\"og:locale\" content=\"sr_RS\" \/>\n<meta property=\"og:type\" content=\"article\" \/>\n<meta property=\"og:title\" content=\"GIZ ORF-EE pokre\u0107e jo\u0161 jedan projekt odr\u017eive urbane mobilnosti u zemljama JIE\" \/>\n<meta property=\"og:description\" content=\"GIZ ORF-EE projekt &quot;Odr\u017eiva urbana mobilnost u zemljama Jugoisti\u010dne Evrope II&quot; (SUMSEEC II) slu\u017ebeno je pokrenut u decembru 2018. godine. Prije otvaranja projekta GIZ Otvoreni regionalni fond za Jugoisto\u010dnu Evropu - Energetska efikasnost je u Be\u010du u Austriji odr\u017eao sastanak s projektnim partnerima u svrhu planiranja implementacije projekta.\u00a0\u00a0\" \/>\n<meta property=\"og:url\" content=\"https:\/\/balkangreenenergynews.com\/rs\/giz-orf-ee-pokrece-jos-jedan-projekt-odrzive-urbane-mobilnosti-u-zemljama-jie\/\" \/>\n<meta property=\"og:site_name\" content=\"Balkan Green Energy News\" \/>\n<meta property=\"article:published_time\" content=\"2019-01-11T15:13:02+00:00\" \/>\n<meta property=\"article:modified_time\" content=\"2020-10-30T09:52:37+00:00\" \/>\n<meta property=\"og:image\" content=\"https:\/\/balkangreenenergynews.com\/rs\/wp-content\/uploads\/2019\/01\/GIZ-ORF-EE-pokre\u0107e-jo\u0161-jedan-projekt-odr\u017eive-urbane-mobilnosti-u-zemljama-JIE.jpg\" \/>\n\t<meta property=\"og:image:width\" content=\"795\" \/>\n\t<meta property=\"og:image:height\" content=\"407\" \/>\n\t<meta property=\"og:image:type\" content=\"image\/jpeg\" \/>\n<meta name=\"author\" content=\"Balkan Green Energy News\" \/>\n<meta name=\"twitter:card\" content=\"summary_large_image\" \/>\n<meta name=\"twitter:label1\" content=\"\u041d\u0430\u043f\u0438\u0441\u0430\u043d\u043e \u043e\u0434\" \/>\n\t<meta name=\"twitter:data1\" content=\"Balkan Green Energy News\" \/>\n\t<meta name=\"twitter:label2\" content=\"\u041f\u0440\u043e\u0446\u0435\u045a\u0435\u043d\u043e \u0432\u0440\u0435\u043c\u0435 \u0447\u0438\u0442\u0430\u045a\u0430\" \/>\n\t<meta name=\"twitter:data2\" content=\"4 \u043c\u0438\u043d\u0443\u0442\u0430\" \/>\n<script type=\"application\/ld+json\" class=\"yoast-schema-graph\">{\"@context\":\"https:\\\/\\\/schema.org\",\"@graph\":[{\"@type\":\"Article\",\"@id\":\"https:\\\/\\\/balkangreenenergynews.com\\\/rs\\\/giz-orf-ee-pokrece-jos-jedan-projekt-odrzive-urbane-mobilnosti-u-zemljama-jie\\\/#article\",\"isPartOf\":{\"@id\":\"https:\\\/\\\/balkangreenenergynews.com\\\/rs\\\/giz-orf-ee-pokrece-jos-jedan-projekt-odrzive-urbane-mobilnosti-u-zemljama-jie\\\/\"},\"author\":{\"name\":\"Balkan Green Energy News\",\"@id\":\"https:\\\/\\\/balkangreenenergynews.com\\\/rs\\\/#\\\/schema\\\/person\\\/dee275e6036b1a0f7ceaf956d79d4eff\"},\"headline\":\"GIZ ORF-EE pokre\u0107e jo\u0161 jedan projekt odr\u017eive urbane mobilnosti u zemljama JIE\",\"datePublished\":\"2019-01-11T15:13:02+00:00\",\"dateModified\":\"2020-10-30T09:52:37+00:00\",\"mainEntityOfPage\":{\"@id\":\"https:\\\/\\\/balkangreenenergynews.com\\\/rs\\\/giz-orf-ee-pokrece-jos-jedan-projekt-odrzive-urbane-mobilnosti-u-zemljama-jie\\\/\"},\"wordCount\":898,\"commentCount\":0,\"image\":{\"@id\":\"https:\\\/\\\/balkangreenenergynews.com\\\/rs\\\/giz-orf-ee-pokrece-jos-jedan-projekt-odrzive-urbane-mobilnosti-u-zemljama-jie\\\/#primaryimage\"},\"thumbnailUrl\":\"https:\\\/\\\/balkangreenenergynews.com\\\/rs\\\/wp-content\\\/uploads\\\/2019\\\/01\\\/GIZ-ORF-EE-pokre\u0107e-jo\u0161-jedan-projekt-odr\u017eive-urbane-mobilnosti-u-zemljama-JIE.jpg?wsr\",\"keywords\":[\"Dubravka Bo\u0161njak\",\"GIZ ORF-EE\",\"Joachim Gaube\"],\"articleSection\":[\"Mobilnost\"],\"inLanguage\":\"sr-RS\",\"potentialAction\":[{\"@type\":\"CommentAction\",\"name\":\"Comment\",\"target\":[\"https:\\\/\\\/balkangreenenergynews.com\\\/rs\\\/giz-orf-ee-pokrece-jos-jedan-projekt-odrzive-urbane-mobilnosti-u-zemljama-jie\\\/#respond\"]}]},{\"@type\":\"WebPage\",\"@id\":\"https:\\\/\\\/balkangreenenergynews.com\\\/rs\\\/giz-orf-ee-pokrece-jos-jedan-projekt-odrzive-urbane-mobilnosti-u-zemljama-jie\\\/\",\"url\":\"https:\\\/\\\/balkangreenenergynews.com\\\/rs\\\/giz-orf-ee-pokrece-jos-jedan-projekt-odrzive-urbane-mobilnosti-u-zemljama-jie\\\/\",\"name\":\"GIZ ORF-EE pokre\u0107e jo\u0161 jedan projekt odr\u017eive urbane mobilnosti u zemljama JIE\",\"isPartOf\":{\"@id\":\"https:\\\/\\\/balkangreenenergynews.com\\\/rs\\\/#website\"},\"primaryImageOfPage\":{\"@id\":\"https:\\\/\\\/balkangreenenergynews.com\\\/rs\\\/giz-orf-ee-pokrece-jos-jedan-projekt-odrzive-urbane-mobilnosti-u-zemljama-jie\\\/#primaryimage\"},\"image\":{\"@id\":\"https:\\\/\\\/balkangreenenergynews.com\\\/rs\\\/giz-orf-ee-pokrece-jos-jedan-projekt-odrzive-urbane-mobilnosti-u-zemljama-jie\\\/#primaryimage\"},\"thumbnailUrl\":\"https:\\\/\\\/balkangreenenergynews.com\\\/rs\\\/wp-content\\\/uploads\\\/2019\\\/01\\\/GIZ-ORF-EE-pokre\u0107e-jo\u0161-jedan-projekt-odr\u017eive-urbane-mobilnosti-u-zemljama-JIE.jpg?wsr\",\"datePublished\":\"2019-01-11T15:13:02+00:00\",\"dateModified\":\"2020-10-30T09:52:37+00:00\",\"author\":{\"@id\":\"https:\\\/\\\/balkangreenenergynews.com\\\/rs\\\/#\\\/schema\\\/person\\\/dee275e6036b1a0f7ceaf956d79d4eff\"},\"description\":\"GIZ ORF-EE projekt \\\"Odr\u017eiva urbana mobilnost u zemljama Jugoisti\u010dne Evrope II\\\" (SUMSEEC II) slu\u017ebeno je pokrenut u decembru 2018. godine. Prije otvaranja projekta GIZ Otvoreni regionalni fond za Jugoisto\u010dnu Evropu - Energetska efikasnost je u Be\u010du u Austriji odr\u017eao sastanak s projektnim partnerima u svrhu planiranja implementacije projekta.\u00a0\u00a0\",\"breadcrumb\":{\"@id\":\"https:\\\/\\\/balkangreenenergynews.com\\\/rs\\\/giz-orf-ee-pokrece-jos-jedan-projekt-odrzive-urbane-mobilnosti-u-zemljama-jie\\\/#breadcrumb\"},\"inLanguage\":\"sr-RS\",\"potentialAction\":[{\"@type\":\"ReadAction\",\"target\":[\"https:\\\/\\\/balkangreenenergynews.com\\\/rs\\\/giz-orf-ee-pokrece-jos-jedan-projekt-odrzive-urbane-mobilnosti-u-zemljama-jie\\\/\"]}]},{\"@type\":\"ImageObject\",\"inLanguage\":\"sr-RS\",\"@id\":\"https:\\\/\\\/balkangreenenergynews.com\\\/rs\\\/giz-orf-ee-pokrece-jos-jedan-projekt-odrzive-urbane-mobilnosti-u-zemljama-jie\\\/#primaryimage\",\"url\":\"https:\\\/\\\/balkangreenenergynews.com\\\/rs\\\/wp-content\\\/uploads\\\/2019\\\/01\\\/GIZ-ORF-EE-pokre\u0107e-jo\u0161-jedan-projekt-odr\u017eive-urbane-mobilnosti-u-zemljama-JIE.jpg?wsr\",\"contentUrl\":\"https:\\\/\\\/balkangreenenergynews.com\\\/rs\\\/wp-content\\\/uploads\\\/2019\\\/01\\\/GIZ-ORF-EE-pokre\u0107e-jo\u0161-jedan-projekt-odr\u017eive-urbane-mobilnosti-u-zemljama-JIE.jpg?wsr\",\"width\":795,\"height\":407},{\"@type\":\"BreadcrumbList\",\"@id\":\"https:\\\/\\\/balkangreenenergynews.com\\\/rs\\\/giz-orf-ee-pokrece-jos-jedan-projekt-odrzive-urbane-mobilnosti-u-zemljama-jie\\\/#breadcrumb\",\"itemListElement\":[{\"@type\":\"ListItem\",\"position\":1,\"name\":\"Po\u010detna\",\"item\":\"https:\\\/\\\/balkangreenenergynews.com\\\/rs\\\/\"},{\"@type\":\"ListItem\",\"position\":2,\"name\":\"GIZ ORF-EE\",\"item\":\"https:\\\/\\\/balkangreenenergynews.com\\\/rs\\\/kategorija\\\/giz-orf-ee\\\/\"},{\"@type\":\"ListItem\",\"position\":3,\"name\":\"GIZ ORF-EE pokre\u0107e jo\u0161 jedan projekt odr\u017eive urbane mobilnosti u zemljama JIE\"}]},{\"@type\":\"WebSite\",\"@id\":\"https:\\\/\\\/balkangreenenergynews.com\\\/rs\\\/#website\",\"url\":\"https:\\\/\\\/balkangreenenergynews.com\\\/rs\\\/\",\"name\":\"Balkan Green Energy News\",\"description\":\"Naj\u0161iri izbor vesti sa Balkana o zelenoj energiji\",\"potentialAction\":[{\"@type\":\"SearchAction\",\"target\":{\"@type\":\"EntryPoint\",\"urlTemplate\":\"https:\\\/\\\/balkangreenenergynews.com\\\/rs\\\/?s={search_term_string}\"},\"query-input\":{\"@type\":\"PropertyValueSpecification\",\"valueRequired\":true,\"valueName\":\"search_term_string\"}}],\"inLanguage\":\"sr-RS\"},{\"@type\":\"Person\",\"@id\":\"https:\\\/\\\/balkangreenenergynews.com\\\/rs\\\/#\\\/schema\\\/person\\\/dee275e6036b1a0f7ceaf956d79d4eff\",\"name\":\"Balkan Green Energy News\",\"url\":\"https:\\\/\\\/balkangreenenergynews.com\\\/rs\\\/author\\\/balkangreenenergynews\\\/\"}]}<\/script>\n<!-- \/ Yoast SEO plugin. -->","yoast_head_json":{"title":"GIZ ORF-EE pokre\u0107e jo\u0161 jedan projekt odr\u017eive urbane mobilnosti u zemljama JIE","description":"GIZ ORF-EE projekt \"Odr\u017eiva urbana mobilnost u zemljama Jugoisti\u010dne Evrope II\" (SUMSEEC II) slu\u017ebeno je pokrenut u decembru 2018. godine. Prije otvaranja projekta GIZ Otvoreni regionalni fond za Jugoisto\u010dnu Evropu - Energetska efikasnost je u Be\u010du u Austriji odr\u017eao sastanak s projektnim partnerima u svrhu planiranja implementacije projekta.\u00a0\u00a0","robots":{"index":"index","follow":"follow","max-snippet":"max-snippet:-1","max-image-preview":"max-image-preview:large","max-video-preview":"max-video-preview:-1"},"canonical":"https:\/\/balkangreenenergynews.com\/rs\/giz-orf-ee-pokrece-jos-jedan-projekt-odrzive-urbane-mobilnosti-u-zemljama-jie\/","og_locale":"sr_RS","og_type":"article","og_title":"GIZ ORF-EE pokre\u0107e jo\u0161 jedan projekt odr\u017eive urbane mobilnosti u zemljama JIE","og_description":"GIZ ORF-EE projekt \"Odr\u017eiva urbana mobilnost u zemljama Jugoisti\u010dne Evrope II\" (SUMSEEC II) slu\u017ebeno je pokrenut u decembru 2018. godine. Prije otvaranja projekta GIZ Otvoreni regionalni fond za Jugoisto\u010dnu Evropu - Energetska efikasnost je u Be\u010du u Austriji odr\u017eao sastanak s projektnim partnerima u svrhu planiranja implementacije projekta.\u00a0\u00a0","og_url":"https:\/\/balkangreenenergynews.com\/rs\/giz-orf-ee-pokrece-jos-jedan-projekt-odrzive-urbane-mobilnosti-u-zemljama-jie\/","og_site_name":"Balkan Green Energy News","article_published_time":"2019-01-11T15:13:02+00:00","article_modified_time":"2020-10-30T09:52:37+00:00","og_image":[{"width":795,"height":407,"url":"https:\/\/balkangreenenergynews.com\/rs\/wp-content\/uploads\/2019\/01\/GIZ-ORF-EE-pokre\u0107e-jo\u0161-jedan-projekt-odr\u017eive-urbane-mobilnosti-u-zemljama-JIE.jpg","type":"image\/jpeg"}],"author":"Balkan Green Energy News","twitter_card":"summary_large_image","twitter_misc":{"\u041d\u0430\u043f\u0438\u0441\u0430\u043d\u043e \u043e\u0434":"Balkan Green Energy News","\u041f\u0440\u043e\u0446\u0435\u045a\u0435\u043d\u043e \u0432\u0440\u0435\u043c\u0435 \u0447\u0438\u0442\u0430\u045a\u0430":"4 \u043c\u0438\u043d\u0443\u0442\u0430"},"schema":{"@context":"https:\/\/schema.org","@graph":[{"@type":"Article","@id":"https:\/\/balkangreenenergynews.com\/rs\/giz-orf-ee-pokrece-jos-jedan-projekt-odrzive-urbane-mobilnosti-u-zemljama-jie\/#article","isPartOf":{"@id":"https:\/\/balkangreenenergynews.com\/rs\/giz-orf-ee-pokrece-jos-jedan-projekt-odrzive-urbane-mobilnosti-u-zemljama-jie\/"},"author":{"name":"Balkan Green Energy News","@id":"https:\/\/balkangreenenergynews.com\/rs\/#\/schema\/person\/dee275e6036b1a0f7ceaf956d79d4eff"},"headline":"GIZ ORF-EE pokre\u0107e jo\u0161 jedan projekt odr\u017eive urbane mobilnosti u zemljama JIE","datePublished":"2019-01-11T15:13:02+00:00","dateModified":"2020-10-30T09:52:37+00:00","mainEntityOfPage":{"@id":"https:\/\/balkangreenenergynews.com\/rs\/giz-orf-ee-pokrece-jos-jedan-projekt-odrzive-urbane-mobilnosti-u-zemljama-jie\/"},"wordCount":898,"commentCount":0,"image":{"@id":"https:\/\/balkangreenenergynews.com\/rs\/giz-orf-ee-pokrece-jos-jedan-projekt-odrzive-urbane-mobilnosti-u-zemljama-jie\/#primaryimage"},"thumbnailUrl":"https:\/\/balkangreenenergynews.com\/rs\/wp-content\/uploads\/2019\/01\/GIZ-ORF-EE-pokre\u0107e-jo\u0161-jedan-projekt-odr\u017eive-urbane-mobilnosti-u-zemljama-JIE.jpg?wsr","keywords":["Dubravka Bo\u0161njak","GIZ ORF-EE","Joachim Gaube"],"articleSection":["Mobilnost"],"inLanguage":"sr-RS","potentialAction":[{"@type":"CommentAction","name":"Comment","target":["https:\/\/balkangreenenergynews.com\/rs\/giz-orf-ee-pokrece-jos-jedan-projekt-odrzive-urbane-mobilnosti-u-zemljama-jie\/#respond"]}]},{"@type":"WebPage","@id":"https:\/\/balkangreenenergynews.com\/rs\/giz-orf-ee-pokrece-jos-jedan-projekt-odrzive-urbane-mobilnosti-u-zemljama-jie\/","url":"https:\/\/balkangreenenergynews.com\/rs\/giz-orf-ee-pokrece-jos-jedan-projekt-odrzive-urbane-mobilnosti-u-zemljama-jie\/","name":"GIZ ORF-EE pokre\u0107e jo\u0161 jedan projekt odr\u017eive urbane mobilnosti u zemljama JIE","isPartOf":{"@id":"https:\/\/balkangreenenergynews.com\/rs\/#website"},"primaryImageOfPage":{"@id":"https:\/\/balkangreenenergynews.com\/rs\/giz-orf-ee-pokrece-jos-jedan-projekt-odrzive-urbane-mobilnosti-u-zemljama-jie\/#primaryimage"},"image":{"@id":"https:\/\/balkangreenenergynews.com\/rs\/giz-orf-ee-pokrece-jos-jedan-projekt-odrzive-urbane-mobilnosti-u-zemljama-jie\/#primaryimage"},"thumbnailUrl":"https:\/\/balkangreenenergynews.com\/rs\/wp-content\/uploads\/2019\/01\/GIZ-ORF-EE-pokre\u0107e-jo\u0161-jedan-projekt-odr\u017eive-urbane-mobilnosti-u-zemljama-JIE.jpg?wsr","datePublished":"2019-01-11T15:13:02+00:00","dateModified":"2020-10-30T09:52:37+00:00","author":{"@id":"https:\/\/balkangreenenergynews.com\/rs\/#\/schema\/person\/dee275e6036b1a0f7ceaf956d79d4eff"},"description":"GIZ ORF-EE projekt \"Odr\u017eiva urbana mobilnost u zemljama Jugoisti\u010dne Evrope II\" (SUMSEEC II) slu\u017ebeno je pokrenut u decembru 2018. godine. Prije otvaranja projekta GIZ Otvoreni regionalni fond za Jugoisto\u010dnu Evropu - Energetska efikasnost je u Be\u010du u Austriji odr\u017eao sastanak s projektnim partnerima u svrhu planiranja implementacije projekta.\u00a0\u00a0","breadcrumb":{"@id":"https:\/\/balkangreenenergynews.com\/rs\/giz-orf-ee-pokrece-jos-jedan-projekt-odrzive-urbane-mobilnosti-u-zemljama-jie\/#breadcrumb"},"inLanguage":"sr-RS","potentialAction":[{"@type":"ReadAction","target":["https:\/\/balkangreenenergynews.com\/rs\/giz-orf-ee-pokrece-jos-jedan-projekt-odrzive-urbane-mobilnosti-u-zemljama-jie\/"]}]},{"@type":"ImageObject","inLanguage":"sr-RS","@id":"https:\/\/balkangreenenergynews.com\/rs\/giz-orf-ee-pokrece-jos-jedan-projekt-odrzive-urbane-mobilnosti-u-zemljama-jie\/#primaryimage","url":"https:\/\/balkangreenenergynews.com\/rs\/wp-content\/uploads\/2019\/01\/GIZ-ORF-EE-pokre\u0107e-jo\u0161-jedan-projekt-odr\u017eive-urbane-mobilnosti-u-zemljama-JIE.jpg?wsr","contentUrl":"https:\/\/balkangreenenergynews.com\/rs\/wp-content\/uploads\/2019\/01\/GIZ-ORF-EE-pokre\u0107e-jo\u0161-jedan-projekt-odr\u017eive-urbane-mobilnosti-u-zemljama-JIE.jpg?wsr","width":795,"height":407},{"@type":"BreadcrumbList","@id":"https:\/\/balkangreenenergynews.com\/rs\/giz-orf-ee-pokrece-jos-jedan-projekt-odrzive-urbane-mobilnosti-u-zemljama-jie\/#breadcrumb","itemListElement":[{"@type":"ListItem","position":1,"name":"Po\u010detna","item":"https:\/\/balkangreenenergynews.com\/rs\/"},{"@type":"ListItem","position":2,"name":"GIZ ORF-EE","item":"https:\/\/balkangreenenergynews.com\/rs\/kategorija\/giz-orf-ee\/"},{"@type":"ListItem","position":3,"name":"GIZ ORF-EE pokre\u0107e jo\u0161 jedan projekt odr\u017eive urbane mobilnosti u zemljama JIE"}]},{"@type":"WebSite","@id":"https:\/\/balkangreenenergynews.com\/rs\/#website","url":"https:\/\/balkangreenenergynews.com\/rs\/","name":"Balkan Green Energy News","description":"Naj\u0161iri izbor vesti sa Balkana o zelenoj energiji","potentialAction":[{"@type":"SearchAction","target":{"@type":"EntryPoint","urlTemplate":"https:\/\/balkangreenenergynews.com\/rs\/?s={search_term_string}"},"query-input":{"@type":"PropertyValueSpecification","valueRequired":true,"valueName":"search_term_string"}}],"inLanguage":"sr-RS"},{"@type":"Person","@id":"https:\/\/balkangreenenergynews.com\/rs\/#\/schema\/person\/dee275e6036b1a0f7ceaf956d79d4eff","name":"Balkan Green Energy News","url":"https:\/\/balkangreenenergynews.com\/rs\/author\/balkangreenenergynews\/"}]}},"_links":{"self":[{"href":"https:\/\/balkangreenenergynews.com\/rs\/wp-json\/wp\/v2\/posts\/21388","targetHints":{"allow":["GET"]}}],"collection":[{"href":"https:\/\/balkangreenenergynews.com\/rs\/wp-json\/wp\/v2\/posts"}],"about":[{"href":"https:\/\/balkangreenenergynews.com\/rs\/wp-json\/wp\/v2\/types\/post"}],"author":[{"embeddable":true,"href":"https:\/\/balkangreenenergynews.com\/rs\/wp-json\/wp\/v2\/users\/25"}],"replies":[{"embeddable":true,"href":"https:\/\/balkangreenenergynews.com\/rs\/wp-json\/wp\/v2\/comments?post=21388"}],"version-history":[{"count":0,"href":"https:\/\/balkangreenenergynews.com\/rs\/wp-json\/wp\/v2\/posts\/21388\/revisions"}],"wp:featuredmedia":[{"embeddable":true,"href":"https:\/\/balkangreenenergynews.com\/rs\/wp-json\/wp\/v2\/media\/21389"}],"wp:attachment":[{"href":"https:\/\/balkangreenenergynews.com\/rs\/wp-json\/wp\/v2\/media?parent=21388"}],"wp:term":[{"taxonomy":"category","embeddable":true,"href":"https:\/\/balkangreenenergynews.com\/rs\/wp-json\/wp\/v2\/categories?post=21388"},{"taxonomy":"post_tag","embeddable":true,"href":"https:\/\/balkangreenenergynews.com\/rs\/wp-json\/wp\/v2\/tags?post=21388"}],"curies":[{"name":"wp","href":"https:\/\/api.w.org\/{rel}","templated":true}]}}