{"id":21132,"date":"2018-12-24T19:19:41","date_gmt":"2018-12-24T18:19:41","guid":{"rendered":"https:\/\/balkangreenenergynews.com\/rs\/?p=21132"},"modified":"2021-08-23T12:51:12","modified_gmt":"2021-08-23T10:51:12","slug":"voda-je-javno-dobro-i-neka-tako-i-ostane-porucuju-gradanske-inicijative","status":"publish","type":"post","link":"https:\/\/balkangreenenergynews.com\/rs\/voda-je-javno-dobro-i-neka-tako-i-ostane-porucuju-gradanske-inicijative\/","title":{"rendered":"Voda je javno dobro i neka tako i ostane, poru\u010duju gra\u0111anske inicijative"},"content":{"rendered":"<h2>Privatizacija izvora pija\u0107e vode pro\u0161la je kako u Srbiji, tako i u regionu prili\u010dno nezapa\u017eeno i ispod radara. Gradnja malih hidroelektrana (MHE), posebno u za\u0161ti\u0107enim podru\u010djima, izazvala je revolt dela gra\u0111ana Srbije, BiH i Albanije, a kako \u0107e gra\u0111ani Srbije reagovati na pre neki dan donet zakon koji omogu\u0107ava privatnim firmama da se bave vodosnabdevanjem gra\u0111ana, ostaje da se vidi. U me\u0111uvremenu, raste broj gra\u0111anskih inicijativa koje poru\u010duju da je voda osnovno ljudsko pravo. Interesuje nas \u0161ta vi mislite o tome, zato u\u010destvujte u istra\u017eivanju Balkan Green Energy News portala i iznesite svoj stav o vlasni\u0161tvu nad vodama, kao i njihovom kori\u0161\u0107enju.<\/h2>\n<p>Ujedinjene nacije su 2008. godine proglasile pravo na vodu osnovnim ljudskim pravom. Sa izuzetkom Slovenije, koja je <a href=\"https:\/\/balkangreenenergynews.com\/rs\/slovenija-od-sada-ustavom-brani-prodaju-izvora-vode\/\">Ustavom zabranila prodaju izvora vode<\/a>, zemlje regiona kao da nisu svesne da lo\u0161e i neodgovorno upravljanje vodom ugro\u017eava jedno od osnovnih ljudskih prava.<\/p>\n<p>Ipak, sve \u010de\u0161\u0107e smo svedoci bu\u0111enja gra\u0111anskog aktivizma u nastojanju da se o\u010duva ovo pravo. Po\u010detak svojevrsnog otpora vezuje se za borbu protiv \u0161tetnih posledica gradnje MHE \u0161irom regiona &#8211; u Srbiji, Albaniji, Bosni i Hercegovini.<\/p>\n<p>U Srbiji <a href=\"https:\/\/balkangreenenergynews.com\/rs\/inicijativa-odbranimo-reke-stare-planine-organizuje-protest-u-pirotu-protiv-gradnje-mhe-u-zasticenim-podrucjima\/\">gra\u0111anska inicijativa \u201cOdbranimo reke Stare planine\u201d<\/a> ve\u0107 dve godine poku\u0161ava da zaustavi gradnju malih hidroelektrana u za\u0161ti\u0107enom podru\u010dju. Inicijativa je organizovala veliki <a href=\"https:\/\/balkangreenenergynews.com\/rs\/vise-hiljada-gradana-protestovalo-protiv-izgradnje-mhe-na-staroj-planini\/\">protest u Pirotu<\/a> u septembru, a najavljuje i protest u Beogradu za kraj januara.<\/p>\n<p>Borba \u201chrabrih \u017eena Kru\u0161\u010dice\u201d iz BiH, koje vi\u0161e od godinu dana blokiraju gradnju MHE u svom mestu, pre nekoliko dana je i zvani\u010dno uspe\u0161no zavr\u0161ena jer je sud poni\u0161tio dozvole za gradnju.<\/p>\n<p>Ve\u0107 nekoliko godina gra\u0111ani ne samo u Albaniji, ve\u0107 i u regionu i EU, se protive nameri dr\u017eave i privatnih investitora da izgrade vi\u0161e hidroelektrana na reci Voju\u0161a (Vjosa) u ovoj balkanskoj dr\u017eavi. Zbog lepote, Voju\u0161u, koja izvire u Gr\u010dkoj, nazivaju i poslednjom velikom divljom rekom Evrope.<\/p>\n<h3>Koalicija za vodu: Pravo na vodu proglasiti osnovnim ljudskim pravom<\/h3>\n<figure id=\"attachment_21179\" aria-describedby=\"caption-attachment-21179\" style=\"width: 719px\" class=\"wp-caption aligncenter\"><img loading=\"lazy\" decoding=\"async\" class=\"wp-image-21179\" src=\"https:\/\/balkangreenenergynews.com\/rs\/wp-content\/uploads\/2018\/12\/koalicija-pravo-na-vodu3-500x256.jpg\" alt=\"\" width=\"719\" height=\"368\" srcset=\"https:\/\/balkangreenenergynews.com\/rs\/wp-content\/uploads\/2018\/12\/koalicija-pravo-na-vodu3-500x256.jpg 500w, https:\/\/balkangreenenergynews.com\/rs\/wp-content\/uploads\/2018\/12\/koalicija-pravo-na-vodu3-768x393.jpg 768w, https:\/\/balkangreenenergynews.com\/rs\/wp-content\/uploads\/2018\/12\/koalicija-pravo-na-vodu3-300x154.jpg 300w, https:\/\/balkangreenenergynews.com\/rs\/wp-content\/uploads\/2018\/12\/koalicija-pravo-na-vodu3.jpg 795w\" sizes=\"auto, (max-width: 719px) 100vw, 719px\" \/><figcaption id=\"caption-attachment-21179\" class=\"wp-caption-text\">Koalicija Pravo na vodu organizovala je skup Borba za vodu sredinom decembra u Beogradu<\/figcaption><\/figure>\n<p>Sa namerom da podstaknu gra\u0111ane da se zapitaju koliko je va\u017ena voda, organizacije Levi Samit Srbije, 7 zahteva i Socijaldemokratska unija formirali su koaliciju <strong>Pravo na vodu<\/strong>, koja smatra da voda mora biti javno dobro u zajedni\u010dkom vlasni\u0161tvu.<\/p>\n<p>Iva Markovi\u0107, aktivistkinja Zelene omladine Srbije i Levog samita Srbije, ka\u017ee da se koalicija zala\u017ee za promenu Ustava koja bi garantovala odr\u017eivo snabdevanje doma\u0107instava kvalitetnom vodom za pi\u0107e na neprofitnoj osnovi.<\/p>\n<p>&#8222;Odli\u010dan primer je potez Centra za za\u0161titu potro\u0161a\u010da &#8222;Forum&#8220; iz Ni\u0161a, koji je pre nekoliko dana pokrenuo gra\u0111ansku inicijativu da pravo gra\u0111ana na vodu za pi\u0107e bude uvedeno u Ustav Republike Srbije kao jo\u0161 jedno osnovno ljudsko pravo&#8220;, rekla je ona na skupu Borba za vodu, koji je u Begradu organizovala koalicija.<\/p>\n<p>Iako na prvi pogled tako ne izgleda, situacija nije ba\u0161 najbolja ni u Evropskoj uniji, istakao je Pablo Sanchez Centellas, iz Evropskog pokreta za vodu,\u00a0 i naveo da borba za vodu kao op\u0161te dobro nije borba koja se vodi samo u regionu Balkana, ve\u0107 i u EU.<\/p>\n<blockquote><p>Pravo na vodu: Voda mora biti javno dobro u zajedni\u010dkom vlasni\u0161tvu<\/p><\/blockquote>\n<p>\u201cEvropski pokret za vodu je shvatio da su vode u opasnosti, a ugro\u017eavaju ih investitori, koji \u017eele da zarade na vodi. I zato su se ljudi pobunili protiv komercijalizacije vode\u201d, rekao je on, i istakao da su dosad prikupili milion potpisa da se voda proglasi ljudskim pravom na nivou EU.<\/p>\n<p>U EU su postojala tri predloga da voda kao ljudsko pravo u\u0111e u ustav &#8211; u Belgiji, Italiji i Sloveniji. Samo u nekada\u0161njoj republici SFRJ je ovaj predlog usvojen, u novembru 2016, \u0161to je zna\u010dilo da nema privatizacije vodnih resursa i da \u0107e njima upravljati dr\u017eava. A, pre nekoliko meseci Lora Vidovi\u0107, za\u0161titnica prava gra\u0111ana u Hrvatskoj, organizovala je okrugli sto kako bi inicirala javnu raspravu o potrebi za\u0161tite prava na vodu Ustavom Republike Hrvatske.<\/p>\n<h3>Prvi privatni vodovod u Zrenjaninu<\/h3>\n<figure id=\"attachment_21176\" aria-describedby=\"caption-attachment-21176\" style=\"width: 711px\" class=\"wp-caption aligncenter\"><img loading=\"lazy\" decoding=\"async\" class=\"wp-image-21176\" src=\"https:\/\/balkangreenenergynews.com\/rs\/wp-content\/uploads\/2018\/12\/Voda-je-osnovno-ljudsko-pravo-i-neka-tako-i-ostane-poru\u010duju-gra\u0111anske-inicijative2-500x256.jpg\" alt=\"\" width=\"711\" height=\"364\" srcset=\"https:\/\/balkangreenenergynews.com\/rs\/wp-content\/uploads\/2018\/12\/Voda-je-osnovno-ljudsko-pravo-i-neka-tako-i-ostane-poru\u010duju-gra\u0111anske-inicijative2-500x256.jpg 500w, https:\/\/balkangreenenergynews.com\/rs\/wp-content\/uploads\/2018\/12\/Voda-je-osnovno-ljudsko-pravo-i-neka-tako-i-ostane-poru\u010duju-gra\u0111anske-inicijative2-300x154.jpg 300w, https:\/\/balkangreenenergynews.com\/rs\/wp-content\/uploads\/2018\/12\/Voda-je-osnovno-ljudsko-pravo-i-neka-tako-i-ostane-poru\u010duju-gra\u0111anske-inicijative2.jpg 650w\" sizes=\"auto, (max-width: 711px) 100vw, 711px\" \/><figcaption id=\"caption-attachment-21176\" class=\"wp-caption-text\">Postrojenje za pre\u010di\u0161\u0107avanje vode, koje su izgradile privatne firme, po\u010delo je da snabdeva Zrenjanin<\/figcaption><\/figure>\n<p>Iva Markovi\u0107 navela je da je 7. decembra promenjen Zakon o komunalnim delatnostima \u010dime je omogu\u0107eno da privatne firme mogu da se bave vodosnabdevanjem, pa voda nije vi\u0161e neotu\u0111ivo javno dobro kojim mo\u017ee da upravlja samo javno preduze\u0107e. Ali, i pre ove odluke situacija nije bila sjajna, a primer je privatizacija fabrika pija\u0107e vode.<\/p>\n<p>&#8222;Kod njihove privatizacije princip javnog dobra nije primenjen, ve\u0107 je prodaja izvora podvedena pod koncesiju, \u0161to je veoma problemati\u010dno&#8220;, navodi ona.<\/p>\n<p>Markovi\u0107 navodi da je izmenama Zakona o komunalnim delatnostima, koje su izgleda pisane za neku stranu kompaniju, ta\u010dnije za onu koja je partner gradskoj vlasti u Zrenjaninu, olak\u0161an proboj tih firmi na tr\u017ei\u0161te komunalnih usluga.<\/p>\n<blockquote><p>Za privatizaciju fabrika pija\u0107e vode nije va\u017eio princip javnog dobra, ve\u0107 je iskori\u0161\u0107en model koncesije, \u0161to je krajnje problemati\u010dno re\u0161enje<\/p><\/blockquote>\n<p>U Zrenjaninu je pre 14 godina zabranjeno kori\u0161\u0107enje vode iz vodovoda. Pre nekoliko godina Grad je sa konzorcijumom privatnih firmi sklopio ugovor da izgradi postrojenje za pre\u0107i\u0161\u0107avanje vode, ali kada je sagra\u0111eno nije moglo da se koristi jer po Zakonu o komunalnim delatnostima vodosnabdevanjem nije mogla da se bavi privatna firma.<\/p>\n<p>&#8222;Zakon je promenjen 7. decembra i sada vodosnabdevanje obavlja privatna firma&#8220;, istakla je ona.<\/p>\n<h3>80% odsto privatizovanih izvora vode kupile strane firme<\/h3>\n<figure id=\"attachment_21177\" aria-describedby=\"caption-attachment-21177\" style=\"width: 732px\" class=\"wp-caption aligncenter\"><img loading=\"lazy\" decoding=\"async\" class=\"wp-image-21177\" src=\"https:\/\/balkangreenenergynews.com\/rs\/wp-content\/uploads\/2018\/12\/koalicija-pravo-na-vodu1-500x256.jpg\" alt=\"\" width=\"732\" height=\"375\" srcset=\"https:\/\/balkangreenenergynews.com\/rs\/wp-content\/uploads\/2018\/12\/koalicija-pravo-na-vodu1-500x256.jpg 500w, https:\/\/balkangreenenergynews.com\/rs\/wp-content\/uploads\/2018\/12\/koalicija-pravo-na-vodu1-768x393.jpg 768w, https:\/\/balkangreenenergynews.com\/rs\/wp-content\/uploads\/2018\/12\/koalicija-pravo-na-vodu1-300x154.jpg 300w, https:\/\/balkangreenenergynews.com\/rs\/wp-content\/uploads\/2018\/12\/koalicija-pravo-na-vodu1.jpg 795w\" sizes=\"auto, (max-width: 732px) 100vw, 732px\" \/><figcaption id=\"caption-attachment-21177\" class=\"wp-caption-text\">Na skupu je najavljen i protest protiv gradnje MHE krajem januara u Beogradu<\/figcaption><\/figure>\n<p>Da je voda najbolja roba jer su svi kupci, odavno je jasno, i nije \u010dudo \u0161to su izvori pija\u0107e vode bili me\u0111u prvim resursima koji su privatizovani.<\/p>\n<p>Prva velika privatizacija fabrike fla\u0161irane vode u Srbiji se odigrala 2004. kada je vlasnik firme Knjaz Milo\u0161 postala of-\u0161or firma FPP Balkan Limited, dok je danas ona u rukama investicionog fonda Mid Europa Partners. Ve\u0107 slede\u0107e godine Koka-kola je kupila Vlasinku i njen brend Rosa.<\/p>\n<blockquote><p>U Srbiji je privatizovano 30% izvora pija\u0107e vode<\/p><\/blockquote>\n<p>Danas je Agrokor vlasnik Nove Sloge, koja proizvodi Mivelu, investicioni fond Global Water Investment Group, registrovan na of-\u0161or destinaciji, vlasnik je BB Minakve, a Atlantic grupa vlasnik je Palana\u010dkog kiseljaka.<\/p>\n<p>&#8222;Oko 30% izvora pija\u0107e vode u Srbiji je privatizovano, a 80% tih privatizacija su sprovele strane kompanije&#8220;, istakla je Iva Markovi\u0107.<\/p>\n<p><a href=\"https:\/\/balkangreenenergynews.com\/rs\/hrvatska-ima-najvise-sveze-vode-u-eu-po-stanovniku\/\">Podaci Evrostata iz oktobra 2017. <\/a>pokazuje da region ima \u010dime da se pohvali kada je re\u010d o vodi. Tako Hrvatska ima dugoro\u010dni prosek od 27.330 kubnih metara sve\u017ee vode i po tome je prva u EU. Slovenija je na petom mestu (15.550), Bugarska sedma (14.160), Gr\u010dka 14. (6.680), a Rumunija sa 1.840 kubnih metara je ve\u0107 blizu praga od 1.700 kubnih metara koji su odredile UN. Srbija bi sa 24.420 kubnih metara bila odmah iza Hrvatske.<\/p>\n<h3>Istra\u017eivanje<\/h3>\n<p>Portal Balkan Green Energy News vas poziva da u\u010destvujete u\u00a0<a href=\"https:\/\/docs.google.com\/forms\/d\/17VP4LJyiNaoD5I7tc1B9DuWvpAdp8pVaVJormL8itDc\/edit\">mini-istra\u017eivanju<\/a>\u00a0na temu voda. Detaljne rezultate uz analizu objavi\u0107emo po zavr\u0161etku istra\u017eivanja, krajem januara 2019. godine.<\/p>\n","protected":false},"excerpt":{"rendered":"<p>Privatizacija izvora pija\u0107e vode pro\u0161la je kako u Srbiji, tako i u regionu prili\u010dno nezapa\u017eeno&#8230;<\/p>\n","protected":false},"author":23,"featured_media":21173,"comment_status":"open","ping_status":"closed","sticky":false,"template":"","format":"standard","meta":{"_acf_changed":false,"_monsterinsights_skip_tracking":false,"_monsterinsights_sitenote_active":false,"_monsterinsights_sitenote_note":"","_monsterinsights_sitenote_category":0,"footnotes":""},"categories":[6],"tags":[3176,1405,1554,3105,1278,4993,1430],"class_list":["post-21132","post","type-post","status-publish","format-standard","has-post-thumbnail","hentry","category-voda","tag-balkan-green-energy-news","tag-male-hidroelektrane","tag-mhe","tag-pijaca-voda","tag-privatizacija","tag-voda","tag-vodosnabdevanje","country-regioneu"],"acf":[],"yoast_head":"<!-- This site is optimized with the Yoast SEO plugin v27.4 - https:\/\/yoast.com\/product\/yoast-seo-wordpress\/ -->\n<title>Voda je javno dobro i neka tako i ostane, poru\u010duju gra\u0111anske inicijative<\/title>\n<meta name=\"description\" content=\"Privatizacija izvora pija\u0107e vode pro\u0161la je kako u Srbiji, tako i u regionu prili\u010dno nezapa\u017eeno i ispod radara. Gradnja malih hidroelektrana (MHE), posebno u\" \/>\n<meta name=\"robots\" content=\"index, follow, max-snippet:-1, max-image-preview:large, max-video-preview:-1\" \/>\n<link rel=\"canonical\" href=\"https:\/\/balkangreenenergynews.com\/rs\/voda-je-javno-dobro-i-neka-tako-i-ostane-porucuju-gradanske-inicijative\/\" \/>\n<meta property=\"og:locale\" content=\"sr_RS\" \/>\n<meta property=\"og:type\" content=\"article\" \/>\n<meta property=\"og:title\" content=\"Voda je javno dobro i neka tako i ostane, poru\u010duju gra\u0111anske inicijative\" \/>\n<meta property=\"og:description\" content=\"Privatizacija izvora pija\u0107e vode pro\u0161la je kako u Srbiji, tako i u regionu prili\u010dno nezapa\u017eeno i ispod radara. Gradnja malih hidroelektrana (MHE), posebno u\" \/>\n<meta property=\"og:url\" content=\"https:\/\/balkangreenenergynews.com\/rs\/voda-je-javno-dobro-i-neka-tako-i-ostane-porucuju-gradanske-inicijative\/\" \/>\n<meta property=\"og:site_name\" content=\"Balkan Green Energy News\" \/>\n<meta property=\"article:published_time\" content=\"2018-12-24T18:19:41+00:00\" \/>\n<meta property=\"article:modified_time\" content=\"2021-08-23T10:51:12+00:00\" \/>\n<meta property=\"og:image\" content=\"https:\/\/balkangreenenergynews.com\/rs\/wp-content\/uploads\/2018\/12\/Voda-je-osnovno-ljudsko-pravo-i-neka-tako-i-ostane-poru\u010duju-gra\u0111anske-inicijative1.jpg\" \/>\n\t<meta property=\"og:image:width\" content=\"795\" \/>\n\t<meta property=\"og:image:height\" content=\"407\" \/>\n\t<meta property=\"og:image:type\" content=\"image\/jpeg\" \/>\n<meta name=\"author\" content=\"Vladimir Spasi\u0107\" \/>\n<meta name=\"twitter:card\" content=\"summary_large_image\" \/>\n<meta name=\"twitter:label1\" content=\"\u041d\u0430\u043f\u0438\u0441\u0430\u043d\u043e \u043e\u0434\" \/>\n\t<meta name=\"twitter:data1\" content=\"Vladimir Spasi\u0107\" \/>\n\t<meta name=\"twitter:label2\" content=\"\u041f\u0440\u043e\u0446\u0435\u045a\u0435\u043d\u043e \u0432\u0440\u0435\u043c\u0435 \u0447\u0438\u0442\u0430\u045a\u0430\" \/>\n\t<meta name=\"twitter:data2\" content=\"6 \u043c\u0438\u043d\u0443\u0442\u0430\" \/>\n<script type=\"application\/ld+json\" class=\"yoast-schema-graph\">{\"@context\":\"https:\\\/\\\/schema.org\",\"@graph\":[{\"@type\":\"Article\",\"@id\":\"https:\\\/\\\/balkangreenenergynews.com\\\/rs\\\/voda-je-javno-dobro-i-neka-tako-i-ostane-porucuju-gradanske-inicijative\\\/#article\",\"isPartOf\":{\"@id\":\"https:\\\/\\\/balkangreenenergynews.com\\\/rs\\\/voda-je-javno-dobro-i-neka-tako-i-ostane-porucuju-gradanske-inicijative\\\/\"},\"author\":{\"name\":\"Vladimir Spasi\u0107\",\"@id\":\"https:\\\/\\\/balkangreenenergynews.com\\\/rs\\\/#\\\/schema\\\/person\\\/99dc721c46113fea22caffad06ef7317\"},\"headline\":\"Voda je javno dobro i neka tako i ostane, poru\u010duju gra\u0111anske inicijative\",\"datePublished\":\"2018-12-24T18:19:41+00:00\",\"dateModified\":\"2021-08-23T10:51:12+00:00\",\"mainEntityOfPage\":{\"@id\":\"https:\\\/\\\/balkangreenenergynews.com\\\/rs\\\/voda-je-javno-dobro-i-neka-tako-i-ostane-porucuju-gradanske-inicijative\\\/\"},\"wordCount\":1218,\"commentCount\":3,\"image\":{\"@id\":\"https:\\\/\\\/balkangreenenergynews.com\\\/rs\\\/voda-je-javno-dobro-i-neka-tako-i-ostane-porucuju-gradanske-inicijative\\\/#primaryimage\"},\"thumbnailUrl\":\"https:\\\/\\\/balkangreenenergynews.com\\\/rs\\\/wp-content\\\/uploads\\\/2018\\\/12\\\/Voda-je-osnovno-ljudsko-pravo-i-neka-tako-i-ostane-poru\u010duju-gra\u0111anske-inicijative1.jpg?wsr\",\"keywords\":[\"Balkan Green Energy News\",\"male hidroelektrane\",\"MHE\",\"pija\u0107a voda\",\"privatizacija\",\"voda\",\"vodosnabdevanje\"],\"articleSection\":[\"Voda\"],\"inLanguage\":\"sr-RS\",\"potentialAction\":[{\"@type\":\"CommentAction\",\"name\":\"Comment\",\"target\":[\"https:\\\/\\\/balkangreenenergynews.com\\\/rs\\\/voda-je-javno-dobro-i-neka-tako-i-ostane-porucuju-gradanske-inicijative\\\/#respond\"]}]},{\"@type\":\"WebPage\",\"@id\":\"https:\\\/\\\/balkangreenenergynews.com\\\/rs\\\/voda-je-javno-dobro-i-neka-tako-i-ostane-porucuju-gradanske-inicijative\\\/\",\"url\":\"https:\\\/\\\/balkangreenenergynews.com\\\/rs\\\/voda-je-javno-dobro-i-neka-tako-i-ostane-porucuju-gradanske-inicijative\\\/\",\"name\":\"Voda je javno dobro i neka tako i ostane, poru\u010duju gra\u0111anske inicijative\",\"isPartOf\":{\"@id\":\"https:\\\/\\\/balkangreenenergynews.com\\\/rs\\\/#website\"},\"primaryImageOfPage\":{\"@id\":\"https:\\\/\\\/balkangreenenergynews.com\\\/rs\\\/voda-je-javno-dobro-i-neka-tako-i-ostane-porucuju-gradanske-inicijative\\\/#primaryimage\"},\"image\":{\"@id\":\"https:\\\/\\\/balkangreenenergynews.com\\\/rs\\\/voda-je-javno-dobro-i-neka-tako-i-ostane-porucuju-gradanske-inicijative\\\/#primaryimage\"},\"thumbnailUrl\":\"https:\\\/\\\/balkangreenenergynews.com\\\/rs\\\/wp-content\\\/uploads\\\/2018\\\/12\\\/Voda-je-osnovno-ljudsko-pravo-i-neka-tako-i-ostane-poru\u010duju-gra\u0111anske-inicijative1.jpg?wsr\",\"datePublished\":\"2018-12-24T18:19:41+00:00\",\"dateModified\":\"2021-08-23T10:51:12+00:00\",\"author\":{\"@id\":\"https:\\\/\\\/balkangreenenergynews.com\\\/rs\\\/#\\\/schema\\\/person\\\/99dc721c46113fea22caffad06ef7317\"},\"description\":\"Privatizacija izvora pija\u0107e vode pro\u0161la je kako u Srbiji, tako i u regionu prili\u010dno nezapa\u017eeno i ispod radara. Gradnja malih hidroelektrana (MHE), posebno u\",\"breadcrumb\":{\"@id\":\"https:\\\/\\\/balkangreenenergynews.com\\\/rs\\\/voda-je-javno-dobro-i-neka-tako-i-ostane-porucuju-gradanske-inicijative\\\/#breadcrumb\"},\"inLanguage\":\"sr-RS\",\"potentialAction\":[{\"@type\":\"ReadAction\",\"target\":[\"https:\\\/\\\/balkangreenenergynews.com\\\/rs\\\/voda-je-javno-dobro-i-neka-tako-i-ostane-porucuju-gradanske-inicijative\\\/\"]}]},{\"@type\":\"ImageObject\",\"inLanguage\":\"sr-RS\",\"@id\":\"https:\\\/\\\/balkangreenenergynews.com\\\/rs\\\/voda-je-javno-dobro-i-neka-tako-i-ostane-porucuju-gradanske-inicijative\\\/#primaryimage\",\"url\":\"https:\\\/\\\/balkangreenenergynews.com\\\/rs\\\/wp-content\\\/uploads\\\/2018\\\/12\\\/Voda-je-osnovno-ljudsko-pravo-i-neka-tako-i-ostane-poru\u010duju-gra\u0111anske-inicijative1.jpg?wsr\",\"contentUrl\":\"https:\\\/\\\/balkangreenenergynews.com\\\/rs\\\/wp-content\\\/uploads\\\/2018\\\/12\\\/Voda-je-osnovno-ljudsko-pravo-i-neka-tako-i-ostane-poru\u010duju-gra\u0111anske-inicijative1.jpg?wsr\",\"width\":795,\"height\":407},{\"@type\":\"BreadcrumbList\",\"@id\":\"https:\\\/\\\/balkangreenenergynews.com\\\/rs\\\/voda-je-javno-dobro-i-neka-tako-i-ostane-porucuju-gradanske-inicijative\\\/#breadcrumb\",\"itemListElement\":[{\"@type\":\"ListItem\",\"position\":1,\"name\":\"Po\u010detna\",\"item\":\"https:\\\/\\\/balkangreenenergynews.com\\\/rs\\\/\"},{\"@type\":\"ListItem\",\"position\":2,\"name\":\"Vesti\",\"item\":\"https:\\\/\\\/balkangreenenergynews.com\\\/rs\\\/kategorija\\\/vesti\\\/\"},{\"@type\":\"ListItem\",\"position\":3,\"name\":\"Voda\",\"item\":\"https:\\\/\\\/balkangreenenergynews.com\\\/rs\\\/kategorija\\\/vesti\\\/voda\\\/\"},{\"@type\":\"ListItem\",\"position\":4,\"name\":\"Voda je javno dobro i neka tako i ostane, poru\u010duju gra\u0111anske inicijative\"}]},{\"@type\":\"WebSite\",\"@id\":\"https:\\\/\\\/balkangreenenergynews.com\\\/rs\\\/#website\",\"url\":\"https:\\\/\\\/balkangreenenergynews.com\\\/rs\\\/\",\"name\":\"Balkan Green Energy News\",\"description\":\"Naj\u0161iri izbor vesti sa Balkana o zelenoj energiji\",\"potentialAction\":[{\"@type\":\"SearchAction\",\"target\":{\"@type\":\"EntryPoint\",\"urlTemplate\":\"https:\\\/\\\/balkangreenenergynews.com\\\/rs\\\/?s={search_term_string}\"},\"query-input\":{\"@type\":\"PropertyValueSpecification\",\"valueRequired\":true,\"valueName\":\"search_term_string\"}}],\"inLanguage\":\"sr-RS\"},{\"@type\":\"Person\",\"@id\":\"https:\\\/\\\/balkangreenenergynews.com\\\/rs\\\/#\\\/schema\\\/person\\\/99dc721c46113fea22caffad06ef7317\",\"name\":\"Vladimir Spasi\u0107\",\"url\":\"https:\\\/\\\/balkangreenenergynews.com\\\/rs\\\/author\\\/vladimir-spasic\\\/\"}]}<\/script>\n<!-- \/ Yoast SEO plugin. -->","yoast_head_json":{"title":"Voda je javno dobro i neka tako i ostane, poru\u010duju gra\u0111anske inicijative","description":"Privatizacija izvora pija\u0107e vode pro\u0161la je kako u Srbiji, tako i u regionu prili\u010dno nezapa\u017eeno i ispod radara. Gradnja malih hidroelektrana (MHE), posebno u","robots":{"index":"index","follow":"follow","max-snippet":"max-snippet:-1","max-image-preview":"max-image-preview:large","max-video-preview":"max-video-preview:-1"},"canonical":"https:\/\/balkangreenenergynews.com\/rs\/voda-je-javno-dobro-i-neka-tako-i-ostane-porucuju-gradanske-inicijative\/","og_locale":"sr_RS","og_type":"article","og_title":"Voda je javno dobro i neka tako i ostane, poru\u010duju gra\u0111anske inicijative","og_description":"Privatizacija izvora pija\u0107e vode pro\u0161la je kako u Srbiji, tako i u regionu prili\u010dno nezapa\u017eeno i ispod radara. Gradnja malih hidroelektrana (MHE), posebno u","og_url":"https:\/\/balkangreenenergynews.com\/rs\/voda-je-javno-dobro-i-neka-tako-i-ostane-porucuju-gradanske-inicijative\/","og_site_name":"Balkan Green Energy News","article_published_time":"2018-12-24T18:19:41+00:00","article_modified_time":"2021-08-23T10:51:12+00:00","og_image":[{"width":795,"height":407,"url":"https:\/\/balkangreenenergynews.com\/rs\/wp-content\/uploads\/2018\/12\/Voda-je-osnovno-ljudsko-pravo-i-neka-tako-i-ostane-poru\u010duju-gra\u0111anske-inicijative1.jpg","type":"image\/jpeg"}],"author":"Vladimir Spasi\u0107","twitter_card":"summary_large_image","twitter_misc":{"\u041d\u0430\u043f\u0438\u0441\u0430\u043d\u043e \u043e\u0434":"Vladimir Spasi\u0107","\u041f\u0440\u043e\u0446\u0435\u045a\u0435\u043d\u043e \u0432\u0440\u0435\u043c\u0435 \u0447\u0438\u0442\u0430\u045a\u0430":"6 \u043c\u0438\u043d\u0443\u0442\u0430"},"schema":{"@context":"https:\/\/schema.org","@graph":[{"@type":"Article","@id":"https:\/\/balkangreenenergynews.com\/rs\/voda-je-javno-dobro-i-neka-tako-i-ostane-porucuju-gradanske-inicijative\/#article","isPartOf":{"@id":"https:\/\/balkangreenenergynews.com\/rs\/voda-je-javno-dobro-i-neka-tako-i-ostane-porucuju-gradanske-inicijative\/"},"author":{"name":"Vladimir Spasi\u0107","@id":"https:\/\/balkangreenenergynews.com\/rs\/#\/schema\/person\/99dc721c46113fea22caffad06ef7317"},"headline":"Voda je javno dobro i neka tako i ostane, poru\u010duju gra\u0111anske inicijative","datePublished":"2018-12-24T18:19:41+00:00","dateModified":"2021-08-23T10:51:12+00:00","mainEntityOfPage":{"@id":"https:\/\/balkangreenenergynews.com\/rs\/voda-je-javno-dobro-i-neka-tako-i-ostane-porucuju-gradanske-inicijative\/"},"wordCount":1218,"commentCount":3,"image":{"@id":"https:\/\/balkangreenenergynews.com\/rs\/voda-je-javno-dobro-i-neka-tako-i-ostane-porucuju-gradanske-inicijative\/#primaryimage"},"thumbnailUrl":"https:\/\/balkangreenenergynews.com\/rs\/wp-content\/uploads\/2018\/12\/Voda-je-osnovno-ljudsko-pravo-i-neka-tako-i-ostane-poru\u010duju-gra\u0111anske-inicijative1.jpg?wsr","keywords":["Balkan Green Energy News","male hidroelektrane","MHE","pija\u0107a voda","privatizacija","voda","vodosnabdevanje"],"articleSection":["Voda"],"inLanguage":"sr-RS","potentialAction":[{"@type":"CommentAction","name":"Comment","target":["https:\/\/balkangreenenergynews.com\/rs\/voda-je-javno-dobro-i-neka-tako-i-ostane-porucuju-gradanske-inicijative\/#respond"]}]},{"@type":"WebPage","@id":"https:\/\/balkangreenenergynews.com\/rs\/voda-je-javno-dobro-i-neka-tako-i-ostane-porucuju-gradanske-inicijative\/","url":"https:\/\/balkangreenenergynews.com\/rs\/voda-je-javno-dobro-i-neka-tako-i-ostane-porucuju-gradanske-inicijative\/","name":"Voda je javno dobro i neka tako i ostane, poru\u010duju gra\u0111anske inicijative","isPartOf":{"@id":"https:\/\/balkangreenenergynews.com\/rs\/#website"},"primaryImageOfPage":{"@id":"https:\/\/balkangreenenergynews.com\/rs\/voda-je-javno-dobro-i-neka-tako-i-ostane-porucuju-gradanske-inicijative\/#primaryimage"},"image":{"@id":"https:\/\/balkangreenenergynews.com\/rs\/voda-je-javno-dobro-i-neka-tako-i-ostane-porucuju-gradanske-inicijative\/#primaryimage"},"thumbnailUrl":"https:\/\/balkangreenenergynews.com\/rs\/wp-content\/uploads\/2018\/12\/Voda-je-osnovno-ljudsko-pravo-i-neka-tako-i-ostane-poru\u010duju-gra\u0111anske-inicijative1.jpg?wsr","datePublished":"2018-12-24T18:19:41+00:00","dateModified":"2021-08-23T10:51:12+00:00","author":{"@id":"https:\/\/balkangreenenergynews.com\/rs\/#\/schema\/person\/99dc721c46113fea22caffad06ef7317"},"description":"Privatizacija izvora pija\u0107e vode pro\u0161la je kako u Srbiji, tako i u regionu prili\u010dno nezapa\u017eeno i ispod radara. Gradnja malih hidroelektrana (MHE), posebno u","breadcrumb":{"@id":"https:\/\/balkangreenenergynews.com\/rs\/voda-je-javno-dobro-i-neka-tako-i-ostane-porucuju-gradanske-inicijative\/#breadcrumb"},"inLanguage":"sr-RS","potentialAction":[{"@type":"ReadAction","target":["https:\/\/balkangreenenergynews.com\/rs\/voda-je-javno-dobro-i-neka-tako-i-ostane-porucuju-gradanske-inicijative\/"]}]},{"@type":"ImageObject","inLanguage":"sr-RS","@id":"https:\/\/balkangreenenergynews.com\/rs\/voda-je-javno-dobro-i-neka-tako-i-ostane-porucuju-gradanske-inicijative\/#primaryimage","url":"https:\/\/balkangreenenergynews.com\/rs\/wp-content\/uploads\/2018\/12\/Voda-je-osnovno-ljudsko-pravo-i-neka-tako-i-ostane-poru\u010duju-gra\u0111anske-inicijative1.jpg?wsr","contentUrl":"https:\/\/balkangreenenergynews.com\/rs\/wp-content\/uploads\/2018\/12\/Voda-je-osnovno-ljudsko-pravo-i-neka-tako-i-ostane-poru\u010duju-gra\u0111anske-inicijative1.jpg?wsr","width":795,"height":407},{"@type":"BreadcrumbList","@id":"https:\/\/balkangreenenergynews.com\/rs\/voda-je-javno-dobro-i-neka-tako-i-ostane-porucuju-gradanske-inicijative\/#breadcrumb","itemListElement":[{"@type":"ListItem","position":1,"name":"Po\u010detna","item":"https:\/\/balkangreenenergynews.com\/rs\/"},{"@type":"ListItem","position":2,"name":"Vesti","item":"https:\/\/balkangreenenergynews.com\/rs\/kategorija\/vesti\/"},{"@type":"ListItem","position":3,"name":"Voda","item":"https:\/\/balkangreenenergynews.com\/rs\/kategorija\/vesti\/voda\/"},{"@type":"ListItem","position":4,"name":"Voda je javno dobro i neka tako i ostane, poru\u010duju gra\u0111anske inicijative"}]},{"@type":"WebSite","@id":"https:\/\/balkangreenenergynews.com\/rs\/#website","url":"https:\/\/balkangreenenergynews.com\/rs\/","name":"Balkan Green Energy News","description":"Naj\u0161iri izbor vesti sa Balkana o zelenoj energiji","potentialAction":[{"@type":"SearchAction","target":{"@type":"EntryPoint","urlTemplate":"https:\/\/balkangreenenergynews.com\/rs\/?s={search_term_string}"},"query-input":{"@type":"PropertyValueSpecification","valueRequired":true,"valueName":"search_term_string"}}],"inLanguage":"sr-RS"},{"@type":"Person","@id":"https:\/\/balkangreenenergynews.com\/rs\/#\/schema\/person\/99dc721c46113fea22caffad06ef7317","name":"Vladimir Spasi\u0107","url":"https:\/\/balkangreenenergynews.com\/rs\/author\/vladimir-spasic\/"}]}},"_links":{"self":[{"href":"https:\/\/balkangreenenergynews.com\/rs\/wp-json\/wp\/v2\/posts\/21132","targetHints":{"allow":["GET"]}}],"collection":[{"href":"https:\/\/balkangreenenergynews.com\/rs\/wp-json\/wp\/v2\/posts"}],"about":[{"href":"https:\/\/balkangreenenergynews.com\/rs\/wp-json\/wp\/v2\/types\/post"}],"author":[{"embeddable":true,"href":"https:\/\/balkangreenenergynews.com\/rs\/wp-json\/wp\/v2\/users\/23"}],"replies":[{"embeddable":true,"href":"https:\/\/balkangreenenergynews.com\/rs\/wp-json\/wp\/v2\/comments?post=21132"}],"version-history":[{"count":0,"href":"https:\/\/balkangreenenergynews.com\/rs\/wp-json\/wp\/v2\/posts\/21132\/revisions"}],"wp:featuredmedia":[{"embeddable":true,"href":"https:\/\/balkangreenenergynews.com\/rs\/wp-json\/wp\/v2\/media\/21173"}],"wp:attachment":[{"href":"https:\/\/balkangreenenergynews.com\/rs\/wp-json\/wp\/v2\/media?parent=21132"}],"wp:term":[{"taxonomy":"category","embeddable":true,"href":"https:\/\/balkangreenenergynews.com\/rs\/wp-json\/wp\/v2\/categories?post=21132"},{"taxonomy":"post_tag","embeddable":true,"href":"https:\/\/balkangreenenergynews.com\/rs\/wp-json\/wp\/v2\/tags?post=21132"}],"curies":[{"name":"wp","href":"https:\/\/api.w.org\/{rel}","templated":true}]}}