{"id":20471,"date":"2018-11-20T19:53:58","date_gmt":"2018-11-20T18:53:58","guid":{"rendered":"https:\/\/balkangreenenergynews.com\/rs\/?p=20471"},"modified":"2020-10-30T12:14:23","modified_gmt":"2020-10-30T11:14:23","slug":"mere-energetske-efikasnosti-u-skolama-i-vrticima-ucinice-decu-nosiocima-energetske-tranzicije","status":"publish","type":"post","link":"https:\/\/balkangreenenergynews.com\/rs\/mere-energetske-efikasnosti-u-skolama-i-vrticima-ucinice-decu-nosiocima-energetske-tranzicije\/","title":{"rendered":"Mere energetske efikasnosti u \u0161kolama i vrti\u0107ima u\u010dini\u0107e decu nosiocima energetske tranzicije"},"content":{"rendered":"<h2>Primena mera za energetsku efikasnost u \u0161kolama i vrti\u0107ima, osim u\u0161tede i smanjenja zaga\u0111enja \u017eivotne sredine, pobolj\u0161ala bi i uslove u kojima dosta vremena provode deca, ali i razvilo njihovu svest o va\u017enosti efikasnog kori\u0161\u0107enja energije i odr\u017eivog razvoja, kako bi sutra bili nosioci energetske tranzicije, poruka je 6. sastanka <a href=\"https:\/\/balkangreenenergynews.com\/rs\/prvi-sastanak-parlamentarnog-foruma-za-energetsku-politiku-srbije\/\">Parlamentarnog foruma za energetsku politiku Srbije<\/a> (PFEPS) pod nazivom <em>Energetska tranzicija za Srbiju<\/em>.<\/h2>\n<p>U\u010desnici foruma su tako\u0111e istakli i da je zabrinjavaju\u0107e da regulatorni okvir za podsticanje obnovljivih izvora energije (OIE) isti\u010de za ne\u0161to vi\u0161e od mesec dana, a ne zna se \u0161ta \u0107e biti posle toga, kao i da dalji razvoj zelene energije, kao \u0161to je instaliranje solarnih panela na krovovima doma\u0107instava, ali i pove\u0107anje energetske efikasnosti, onemogu\u0107ava nedostatak administrativnih kapaciteta na lokalnom i republi\u010dkom nivou.<\/p>\n<p>Na sastanku foruma, u Narodnoj skup\u0161tini Republike Srbije, koji su organizovali <a href=\"https:\/\/www.giz.de\/de\/html\/index.html\">GIZ<\/a>-ov Otvoreni regionalni fond za Jugoisto\u010dnu Evropu \u2013 Energetska efikasnost (ORF-EE), GIZ DKTI Energetska efikasnost u javnim zgradama u Srbiji, Beogradski fond za politi\u010dku izuzetnost, u saradnji sa fondacijama Hajnrih Bel i Konrad Adenauer, predstavljen je projekat pove\u0107anja energetske efikasnosti u \u0161kolama i vrti\u0107ima, i identifikovane prepreke, ali i re\u0161enja za br\u017ei razvoj OIE.<\/p>\n<h3><span style=\"\">Na svakih 50 dinara investicije ostvaruje se u\u0161teda od 1 kWh<\/span><\/h3>\n<p>Otvaraju\u0107i sastanak, Aleksandra Tomi\u0107, poslanica i predsednica foruma, istakla je da je Srbija u poslednjih 5 godina kroz Bud\u017eetski fond za unapre\u0111enje energetske efikasnosti finansirala 39 projekata sa prose\u010dnom u\u0161tedom od 40 odsto.<img loading=\"lazy\" decoding=\"async\" class=\" wp-image-20475 alignright\" src=\"https:\/\/balkangreenenergynews.com\/rs\/wp-content\/uploads\/2018\/11\/Parlamentarni-forum-za-energetsku-politiku-Srbije4-211x300.jpg\" alt=\"\" width=\"198\" height=\"282\" srcset=\"https:\/\/balkangreenenergynews.com\/rs\/wp-content\/uploads\/2018\/11\/Parlamentarni-forum-za-energetsku-politiku-Srbije4-211x300.jpg 211w, https:\/\/balkangreenenergynews.com\/rs\/wp-content\/uploads\/2018\/11\/Parlamentarni-forum-za-energetsku-politiku-Srbije4-500x711.jpg 500w, https:\/\/balkangreenenergynews.com\/rs\/wp-content\/uploads\/2018\/11\/Parlamentarni-forum-za-energetsku-politiku-Srbije4-840x1194.jpg 840w, https:\/\/balkangreenenergynews.com\/rs\/wp-content\/uploads\/2018\/11\/Parlamentarni-forum-za-energetsku-politiku-Srbije4-768x1091.jpg 768w, https:\/\/balkangreenenergynews.com\/rs\/wp-content\/uploads\/2018\/11\/Parlamentarni-forum-za-energetsku-politiku-Srbije4.jpg 912w\" sizes=\"auto, (max-width: 198px) 100vw, 198px\" \/><\/p>\n<p>\u201cAnalize govore da se na svakih 50 dinara investicije ostvaruje u\u0161teda od 1 kWh. Godi\u0161nji tro\u0161ak za energiju i energente svih zgrada u javnom sektoru je 270 miliona evra, a mogu\u0107a je u\u0161teda od oko 123 miliona evra godi\u0161nje. To treba povezati sa podatkom da je potrebno 1,2 milijarde evra da bi se u svim tim zgradama primenile mere za pove\u0107anje energetske efikasnosti\u201d, navela je ona.<\/p>\n<p>Nema\u010dki ambasador Thomas Schieb poru\u010dio je da energetska tranzicija nije trka na kratke staze, ve\u0107 maraton, \u0161to je potvrdio i Simon Ilse, direktor beogradske kancelarije Fondacije Hajnrih Bel, re\u010dima da je Nema\u010dka pre\u0161la dug put, ali danas 93 odsto gra\u0111ana i gra\u0111anki podr\u017eava napu\u0161tanje nuklearne energije i pove\u0107anje udela OIE.<\/p>\n<p>Norbert Beckmann-Dierkes, direktor Fondacije Konrad Adenauer, istakao je da je danas energetska politika nala\u017eenje re\u0161enja, koja \u0107e nam omogu\u0107iti da svoju decu pogledamo u o\u010di i ka\u017eemo da smo uradili sve \u0161to smo mogli kada je re\u010d o odr\u017eivom razvoju.<\/p>\n<h3><span style=\"\">Mora se podi\u0107i svest nastavnika i dece o odr\u017eivom razvoju<\/span><\/h3>\n<p>Sonja Liht, moderator panela Energetska efikasnost u \u0161kolama i pred\u0161kolskim ustanovama i predsednica Beogradskog fonda za politi\u010dku izuzetnost, istakla je da se \u010desto rasprave o odr\u017eivoj energetici svode na izgradnju infrastrukture za OIE, a da je skoro podjednako va\u017eno podizanje svesti, i to nastavnika\/ca i onih najmla\u0111ih.<\/p>\n<p>\u201cDeca moraju da budu glavni nosioci promene svesti o kori\u0161\u0107enju energije. Zato bi, na primer, instaliranje solarnih panela u \u0161kolama i vrti\u0107ima bio pravi pogodak jer bi, uz druge koristi, deca videla \u0161ta je odr\u017eivi razvoj na delu. Nama mora da bude cilj da nam deca ostaju ovde i da razvijaju na\u0161u energetiku\u201d, poru\u010dila je ona.<\/p>\n<figure id=\"attachment_20473\" aria-describedby=\"caption-attachment-20473\" style=\"width: 676px\" class=\"wp-caption aligncenter\"><img loading=\"lazy\" decoding=\"async\" class=\"wp-image-20473\" src=\"https:\/\/balkangreenenergynews.com\/rs\/wp-content\/uploads\/2018\/11\/Parlamentarni-forum-za-energetsku-politiku-Srbije2-500x256.jpg\" alt=\"\" width=\"676\" height=\"346\" srcset=\"https:\/\/balkangreenenergynews.com\/rs\/wp-content\/uploads\/2018\/11\/Parlamentarni-forum-za-energetsku-politiku-Srbije2-500x256.jpg 500w, https:\/\/balkangreenenergynews.com\/rs\/wp-content\/uploads\/2018\/11\/Parlamentarni-forum-za-energetsku-politiku-Srbije2-768x393.jpg 768w, https:\/\/balkangreenenergynews.com\/rs\/wp-content\/uploads\/2018\/11\/Parlamentarni-forum-za-energetsku-politiku-Srbije2-300x154.jpg 300w, https:\/\/balkangreenenergynews.com\/rs\/wp-content\/uploads\/2018\/11\/Parlamentarni-forum-za-energetsku-politiku-Srbije2.jpg 795w\" sizes=\"auto, (max-width: 676px) 100vw, 676px\" \/><figcaption id=\"caption-attachment-20473\" class=\"wp-caption-text\">Sonja Liht (druga s leva): Instaliranjem solarnih panela u \u0161kolama i vrti\u0107ima deca bi videla \u0161ta je odr\u017eivi razvoj na delu<\/figcaption><\/figure>\n<p>Svjetlana \u0110oki\u0107, vi\u0161i projektni menad\u017eer u GIZ DKTI Energetska efikasnost u javnim zgradama u Srbiji, rekla je da Nema\u010dka razvojna organizacija GIZ \u017eeli da u\u010desnicima foruma pribli\u017ei dva projekta &#8211; <em>Energetska efikasnost u javnim zgradama u Srbiji<\/em> u \u010dijem fokusu su \u0161kole i vrti\u0107i, kao i Otvoreni regionalni fond za Jugoisto\u010dnu Evropu &#8211; Energetska efikasnost.<\/p>\n<p>\u201c\u017delimo da uka\u017eemo na va\u017enost ulaganja u energetsku efikasnost zgrada i to, ovaj put, kroz iskustva eksperata i predstavnika op\u0161tina\u201d, istakla je ona.<\/p>\n<p>\u0110oki\u0107 je naglasila da projekat <em>Energetska efikasnost u javnim zgradama u Srbiji<\/em>\u00a0pru\u017ea podr\u0161ku nacionalnim institucijama prilikom preno\u0161enja Nacionalnog akcionog plana energetske efikasnosti u odgovaraju\u0107i set propisa. Posebno se zahvalila GIZ Otvorenom regionalnom fondu za JIE &#8211; Energetska efikasnost (ORF-EE) \u010dija je podr\u0161ka bila zna\u010dajna za odr\u017eavanje Foruma. Ona je istakla da je bitno da se radi na kapacitetu zaposlenih u javnim ustanovama i da je uspostavljena platforma koja povezuje parlamentarce na temu energetske efikasnosti.<\/p>\n<p>\u0110oki\u0107 je navela da GIZ Otvoreni regionalni fond za JIE &#8211; Energetska efikasnost pru\u017ea podr\u0161ku na regionalnom nivou u oblasti energetske efikasnosti, da se fokusira na ja\u010danje regionalne saradnje i razmene znanja i iskustava.<\/p>\n<p>Izme\u0111u ostalog, ORF-EE je usmeren na ja\u010danje kapaciteta parlamentaraca i zaposlenih u parlamentu u zemljama Jugoisto\u010dne Evrope u domenu energetske efikasnosti, za\u0161tite klime i urbane mobilnosti. Ova regionalna razmena sprovodi se u uskoj saradnji sa Mre\u017eom \u0161kola politi\u010dkih studija u zemljama Jugoisto\u010dne Evrope, u slu\u010daju Srbije to je Beogradski fond za politi\u010dku izuzetnost, kao i Sekretarijatom Energetske zajednice.<\/p>\n<figure id=\"attachment_20477\" aria-describedby=\"caption-attachment-20477\" style=\"width: 676px\" class=\"wp-caption aligncenter\"><img loading=\"lazy\" decoding=\"async\" class=\"wp-image-20477\" src=\"https:\/\/balkangreenenergynews.com\/rs\/wp-content\/uploads\/2018\/11\/Parlamentarni-forum-za-energetsku-politiku-Srbije6-500x256.jpg\" alt=\"\" width=\"676\" height=\"346\" srcset=\"https:\/\/balkangreenenergynews.com\/rs\/wp-content\/uploads\/2018\/11\/Parlamentarni-forum-za-energetsku-politiku-Srbije6-500x256.jpg 500w, https:\/\/balkangreenenergynews.com\/rs\/wp-content\/uploads\/2018\/11\/Parlamentarni-forum-za-energetsku-politiku-Srbije6-768x393.jpg 768w, https:\/\/balkangreenenergynews.com\/rs\/wp-content\/uploads\/2018\/11\/Parlamentarni-forum-za-energetsku-politiku-Srbije6-300x154.jpg 300w, https:\/\/balkangreenenergynews.com\/rs\/wp-content\/uploads\/2018\/11\/Parlamentarni-forum-za-energetsku-politiku-Srbije6.jpg 795w\" sizes=\"auto, (max-width: 676px) 100vw, 676px\" \/><figcaption id=\"caption-attachment-20477\" class=\"wp-caption-text\">Svjetlana \u0110oki\u0107 (druga s leva): Mora se raditi na kapacitetu zaposlenih u javnim ustanovama<\/figcaption><\/figure>\n<p>Na regionalnom nivou do sada je uspostavljen Prvi parlamentarni Forum za Jugoisto\u010dnu Evropu o energetskoj efikasnosti i klimi, sprovedena je regionalna poseta parlamentaraca Bundestagu i Bundesratu, a na nacionalnom nivou na\u0161e partnerske organizacije sprovode u okviru nacionalnih parlamenata sli\u010dne doga\u0111aje kao \u0161to je dana\u0161nji.<\/p>\n<h3><span style=\"\">Pri kraju izrada tipologije koja omogu\u0107ava \u0161kolama i vrti\u0107ima da sami vide kako i gde mogu da u\u0161tede, i koliko se to isplati<\/span><\/h3>\n<p>Tipologija \u0161kola i vrti\u0107a, \u010dija je izrada pri kraju, u okviru projekta Energetska efikasnost u javnim zgradama, prema re\u010dima Du\u0161ana Ignjatovi\u0107a, profesora beogradskog Arhitektonskog fakulteta, omogu\u0107i\u0107e svim \u0161kolama i vrti\u0107ima u Srbiji da prona\u0111u svoje mesto u okviru ove tipologije.<\/p>\n<p>\u201cTo \u0107e mo\u0107i da urade pomo\u0107u softvera, koji \u0107e im omogu\u0107iti da vide gde mogu da u\u0161tede, kolika \u0107e biti u\u0161teda, \u0161ta bi trebalo uraditi da se popravi stanje, kao i da naprave ekonomsku ra\u010dunicu cele investicije\u201d, istakao je Ignjatovi\u0107.<\/p>\n<p>On je ponovio da je potencijal za u\u0161tedu veliki, i da dosti\u017ee 70 odsto smanjenja potro\u0161nje energije i do 65 odsto smanjenja emisija CO2.<\/p>\n<p>Profesor je najavio i formiranje <a href=\"https:\/\/eeplatforma.arh.bg.ac.rs\/publikacije?tab=0%20I%20https:\/\/\">Energy Knowledge Platform<\/a>, kako bi se na jednom mestu prikupila i javnosti u\u010dinila dostupnim sva znanja u ovoj oblasti.<\/p>\n<p>Aleksandar Macura, programski direktor RES fondacije, istakao je da je Analiza nacionalnog sitema finansiranja tro\u0161kova u oblasti energije i energetske efikasnosti u \u0161kolama i pred\u0161kolskim ustanovama utvrdila da niko u lancu odgovornosti nema obavezu da potro\u0161nja energije bude optimalna,\u00a0da se energija \u0161tedi ili da se defini\u0161u optimalni uslovi unutra\u0161nje sredine &#8211; kvalitet grejanja ili vazduha, za boravak dece u ovim objektima. Cilj analize je bio da se utvrdi \u0161ta je potrebno da se obezbedi, na primer, optimalno grejanje i osvetljenje, kao i uslovi za boravak dece u oko 6.000 zgrada, vrti\u0107a i \u0161kola.<\/p>\n<figure id=\"attachment_20481\" aria-describedby=\"caption-attachment-20481\" style=\"width: 676px\" class=\"wp-caption aligncenter\"><img loading=\"lazy\" decoding=\"async\" class=\"wp-image-20481\" src=\"https:\/\/balkangreenenergynews.com\/rs\/wp-content\/uploads\/2018\/11\/Parlamentarni-forum-za-energetsku-politiku-Srbije8-500x256.jpg\" alt=\"\" width=\"676\" height=\"346\" srcset=\"https:\/\/balkangreenenergynews.com\/rs\/wp-content\/uploads\/2018\/11\/Parlamentarni-forum-za-energetsku-politiku-Srbije8-500x256.jpg 500w, https:\/\/balkangreenenergynews.com\/rs\/wp-content\/uploads\/2018\/11\/Parlamentarni-forum-za-energetsku-politiku-Srbije8-768x393.jpg 768w, https:\/\/balkangreenenergynews.com\/rs\/wp-content\/uploads\/2018\/11\/Parlamentarni-forum-za-energetsku-politiku-Srbije8-300x154.jpg 300w, https:\/\/balkangreenenergynews.com\/rs\/wp-content\/uploads\/2018\/11\/Parlamentarni-forum-za-energetsku-politiku-Srbije8.jpg 795w\" sizes=\"auto, (max-width: 676px) 100vw, 676px\" \/><figcaption id=\"caption-attachment-20481\" class=\"wp-caption-text\">Niko nije nadle\u017ean za definisanje standarda kvaliteta unutra\u0161nje sredine u vrti\u0107ima i \u0161kolama<\/figcaption><\/figure>\n<p>\u201cNije bilo lako ni otkriti koliki su tro\u0161kovi za energiju jer nema preciznih podataka, ali dolazi se do nekih 2-2.5 odsto tro\u0161kova op\u0161tina za \u0161kole, a za vrti\u0107e ne\u0161to manje. Me\u0111utim, nema standarda, na primer, \u0161ta je optimalna temperatura ili tro\u0161ak za grejanje, da bismo mogli da ka\u017eemo da li je to malo ili ne\u201d, naveo je Macura.<\/p>\n<p>U merama za energetsku efikasnost, Op\u0161tina Ljubovija, prema re\u010dima Aleksandra Peri\u0107a, pomo\u0107nika predsednika Op\u0161tine Ljubovija, videla je priliku za trajne u\u0161tede u lokalnom bud\u017eetu, unapre\u0111enje komfora korisnika, pobolj\u0161anje kvaliteta vazduha, ali i vizuelnog izgleda objekata.<\/p>\n<p>\u201cNije bilo lako ubediti donosioce odluka da se ulo\u017ei u energetsku efikasnost. Ali, sre\u0107om pojavilo se vi\u0161e izvora finansiranja, pa je prvi projekat ura\u0111en preko Bud\u017eetskog fonda. Tro\u0161kovi grejanja u jednom od vrti\u0107a sa milion dinara smanjeni su na 350.000 na godi\u0161njem nivou, tako \u0161to se sa mazuta pre\u0161lo na pelet\u201d, istakao je Peri\u0107, i pozvao poslanike da omogu\u0107e bolje uslove za pove\u0107anje energetske efikasnosti.<\/p>\n<h3><span style=\"\">Investicije u OIE staju jer se ne zna kakav \u0107e bi biti regulatorni okvir<\/span><\/h3>\n<p>U\u010desnici panela Uklanjanje prepreka poru\u010dili su da Srbija ima odli\u010dan regulatorni okvir za OIE, ali je problem \u0161to isti\u010de do kraja godine, a nema najava \u0161ta \u0107e biti dalje.<\/p>\n<p>Kao tri razloga za energetsku tranziciju u Nema\u010dkoj, Simon Ilse, direktor beogradske kancelarije Fondacije Hajnrih Bel, je istakao energetsku bezbednost, klimatske promene i zatvaranje nuklearnih elektrana. Ali, va\u017ean je i ekonomski faktor, jer je u sektoru OIE otvoreno 380.000 radnih mesta, a u sektoru fosilnih goriva samo 35.000.<\/p>\n<p>\u201eUspeh u energetskoj tranziciji dugujemo fid-in tarifama koje garantuju bezbednost ulaganja, kao i zagarantovan pristup mre\u017ei za elektrane na OIE\u201c, istakao je on.<\/p>\n<p>Nema\u010dka je sada u drugoj fazi energetske tranzicije, u kojoj \u0107e glavni izazovi biti digitalizacija, pro\u0161irenje mre\u017ee, skladi\u0161tenje energije, ga\u0161enje elektrana na ugalj, elektrifikacija u transportu, i pove\u0107anje udela OIE u grejanju.<\/p>\n<p>Srbija, prema re\u010dima \u0110or\u0111a Popovi\u0107a, iz advokatske kancelarije CMS, i Jasminke Jang, iz RES fondacije, ima druge probleme, a to je da se ne zna kakav \u0107e biti regulatorni okvir za OIE u 2019. godini.<\/p>\n<p>Paket propisa iz 2016. je, prema re\u010dima Popovi\u0107a, odli\u010dan, a jedan od razloga je \u0161to uklju\u010duje politi\u010dku vi\u0161u silu, a to zna\u010di da ukoliko bilo koji organ propusti da izda bilo koji dokument, investitor ima pravo da zahteva da se rok za njegovo pravo produ\u017ei ili da tra\u017ei od\u0161tetu.<\/p>\n<p>\u201cAli, mali je problem to \u0161to isti\u010de 31. decembra 2018. Koliko sam informisan, ne radi se jo\u0161 na novom paketu. I to \u0107e zaustaviti investiranje\u201c, isti\u010de on.<\/p>\n<p>Popovi\u0107 je naveo da je potrebno ja\u010danje kapaciteta na lokalnom nivou, kao i u Komisiji za javno-privatno partnerstvo (JPP), jer je od 8.000 predloga, od kojih se mnogi odnose na energetsku efikasnost i OIE, odobreno samo nekoliko desetina, \u0161to je i razumljivo jer devet ljudi treba da odgovori na 8.000 zahteva.<\/p>\n<figure id=\"attachment_17633\" aria-describedby=\"caption-attachment-17633\" style=\"width: 676px\" class=\"wp-caption aligncenter\"><img loading=\"lazy\" decoding=\"async\" class=\"wp-image-17633\" src=\"https:\/\/balkangreenenergynews.com\/rs\/wp-content\/uploads\/2018\/05\/KOSTT-i-SOWI-potpisali-ugovor-o-priklju\u010denju-vetroparka-Selaci-500x256.jpg\" alt=\"\" width=\"676\" height=\"346\" \/><figcaption id=\"caption-attachment-17633\" class=\"wp-caption-text\">Nije poznato kakav \u0107e biti regulatorni okvir za OIE posle 31. decembra 2018.<\/figcaption><\/figure>\n<p>Jasminka Jang, iz RES fondacija, je istakla da ulazimo u vakuum javne politike jer regulativa koja se odnosi na OIE isti\u010de na kraju 2018.<\/p>\n<p>\u201cA, sigurnost investicija je jedna od najva\u017enijih stvari za razvoj OIE\u201c, istakla je ona.<\/p>\n<p>Iz ugla gra\u0111ana situacija je jo\u0161 gora jer nema nijedne registrovane energetske zadruge, nema protumera, a ni uslova da gra\u0111ani instaliraju solarne panele.<\/p>\n<p>Predsednica foruma Aleksandra Tomi\u0107 kao zaklju\u010dke sastanka je predlo\u017eila da Parlamentarni forum razmotri pripremu strategije podizanja svesti u oblasti energetske efikasnosti, da objedini sve informacije u vezi sa projektima u oblasti energetske efikasnosti, da zatra\u017ei od ministarstava gra\u0111evine i obrazovanja da se odredi ko je nadle\u017ean za definisanje standarda kvaliteta unutra\u0161nje sredine u vrti\u0107ima i \u0161kolama, da oja\u010da aktivnost na primeni <a href=\"https:\/\/unfccc.int\/process-and-meetings\/the-paris-agreement\/the-paris-agreement\">Pariskog sporazuma<\/a>, <a href=\"https:\/\/sustainabledevelopment.un.org\/post2015\/transformingourworld\">Agende 2030 i ciljeva odr\u017eivog razvoja<\/a>, kao i da zapo\u010dne dijalog o strate\u0161kim, administrativnim, tehni\u010dkim preprekama razvoja OIE sa relevantnim \u010diniocima u dru\u0161tvu i dr\u017eavi.<\/p>\n","protected":false},"excerpt":{"rendered":"<p>Primena mera za energetsku efikasnost u \u0161kolama i vrti\u0107ima, osim u\u0161tede i smanjenja zaga\u0111enja \u017eivotne&#8230;<\/p>\n","protected":false},"author":23,"featured_media":20476,"comment_status":"open","ping_status":"closed","sticky":false,"template":"","format":"standard","meta":{"_acf_changed":false,"_monsterinsights_skip_tracking":false,"_monsterinsights_sitenote_active":false,"_monsterinsights_sitenote_note":"","_monsterinsights_sitenote_category":0,"footnotes":""},"categories":[3,1],"tags":[73,646,1854,226,647,1079],"class_list":["post-20471","post","type-post","status-publish","format-standard","has-post-thumbnail","hentry","category-energetska-efikasnost","category-obnovljivi-izvori-energije","tag-aleksandra-tomic","tag-energetska-efikasnost","tag-energetska-tranzicija","tag-giz-orf-ee","tag-obnovljivi-izvori-energije","tag-odrzivi-razvoj","country-srbija"],"acf":[],"yoast_head":"<!-- This site is optimized with the Yoast SEO plugin v27.4 - https:\/\/yoast.com\/product\/yoast-seo-wordpress\/ -->\n<title>Mere energetske efikasnosti u \u0161kolama i vrti\u0107ima u\u010dini\u0107e decu nosiocima energetske tranzicije<\/title>\n<meta name=\"description\" content=\"Primena mera za energetsku efikasnost u \u0161kolama i vrti\u0107ima, osim u\u0161tede i smanjenja zaga\u0111enja \u017eivotne sredine, pobolj\u0161alo bi i uslove u kojima dosta vremena provode deca, ali i razvilo njihovu svest o va\u017enosti efikasnog kori\u0161\u0107enja energije i odr\u017eivog razvoja, kako bi sutra bili nosioci energetske tranzicije, poruka je 6. sastanka Parlamentarnog foruma za energetsku politiku Srbije (PFEPS) pod nazivom Energetska tranzicija za Srbiju.\" \/>\n<meta name=\"robots\" content=\"index, follow, max-snippet:-1, max-image-preview:large, max-video-preview:-1\" \/>\n<link rel=\"canonical\" href=\"https:\/\/balkangreenenergynews.com\/rs\/mere-energetske-efikasnosti-u-skolama-i-vrticima-ucinice-decu-nosiocima-energetske-tranzicije\/\" \/>\n<meta property=\"og:locale\" content=\"sr_RS\" \/>\n<meta property=\"og:type\" content=\"article\" \/>\n<meta property=\"og:title\" content=\"Mere energetske efikasnosti u \u0161kolama i vrti\u0107ima u\u010dini\u0107e decu nosiocima energetske tranzicije\" \/>\n<meta property=\"og:description\" content=\"Primena mera za energetsku efikasnost u \u0161kolama i vrti\u0107ima, osim u\u0161tede i smanjenja zaga\u0111enja \u017eivotne sredine, pobolj\u0161alo bi i uslove u kojima dosta vremena provode deca, ali i razvilo njihovu svest o va\u017enosti efikasnog kori\u0161\u0107enja energije i odr\u017eivog razvoja, kako bi sutra bili nosioci energetske tranzicije, poruka je 6. sastanka Parlamentarnog foruma za energetsku politiku Srbije (PFEPS) pod nazivom Energetska tranzicija za Srbiju.\" \/>\n<meta property=\"og:url\" content=\"https:\/\/balkangreenenergynews.com\/rs\/mere-energetske-efikasnosti-u-skolama-i-vrticima-ucinice-decu-nosiocima-energetske-tranzicije\/\" \/>\n<meta property=\"og:site_name\" content=\"Balkan Green Energy News\" \/>\n<meta property=\"article:published_time\" content=\"2018-11-20T18:53:58+00:00\" \/>\n<meta property=\"article:modified_time\" content=\"2020-10-30T11:14:23+00:00\" \/>\n<meta property=\"og:image\" content=\"https:\/\/balkangreenenergynews.com\/rs\/wp-content\/uploads\/2018\/11\/Parlamentarni-forum-za-energetsku-politiku-Srbije5.jpg\" \/>\n\t<meta property=\"og:image:width\" content=\"795\" \/>\n\t<meta property=\"og:image:height\" content=\"407\" \/>\n\t<meta property=\"og:image:type\" content=\"image\/jpeg\" \/>\n<meta name=\"author\" content=\"Vladimir Spasi\u0107\" \/>\n<meta name=\"twitter:card\" content=\"summary_large_image\" \/>\n<meta name=\"twitter:label1\" content=\"\u041d\u0430\u043f\u0438\u0441\u0430\u043d\u043e \u043e\u0434\" \/>\n\t<meta name=\"twitter:data1\" content=\"Vladimir Spasi\u0107\" \/>\n\t<meta name=\"twitter:label2\" content=\"\u041f\u0440\u043e\u0446\u0435\u045a\u0435\u043d\u043e \u0432\u0440\u0435\u043c\u0435 \u0447\u0438\u0442\u0430\u045a\u0430\" \/>\n\t<meta name=\"twitter:data2\" content=\"10 \u043c\u0438\u043d\u0443\u0442\u0430\" \/>\n<script type=\"application\/ld+json\" class=\"yoast-schema-graph\">{\"@context\":\"https:\\\/\\\/schema.org\",\"@graph\":[{\"@type\":\"Article\",\"@id\":\"https:\\\/\\\/balkangreenenergynews.com\\\/rs\\\/mere-energetske-efikasnosti-u-skolama-i-vrticima-ucinice-decu-nosiocima-energetske-tranzicije\\\/#article\",\"isPartOf\":{\"@id\":\"https:\\\/\\\/balkangreenenergynews.com\\\/rs\\\/mere-energetske-efikasnosti-u-skolama-i-vrticima-ucinice-decu-nosiocima-energetske-tranzicije\\\/\"},\"author\":{\"name\":\"Vladimir Spasi\u0107\",\"@id\":\"https:\\\/\\\/balkangreenenergynews.com\\\/rs\\\/#\\\/schema\\\/person\\\/99dc721c46113fea22caffad06ef7317\"},\"headline\":\"Mere energetske efikasnosti u \u0161kolama i vrti\u0107ima u\u010dini\u0107e decu nosiocima energetske tranzicije\",\"datePublished\":\"2018-11-20T18:53:58+00:00\",\"dateModified\":\"2020-10-30T11:14:23+00:00\",\"mainEntityOfPage\":{\"@id\":\"https:\\\/\\\/balkangreenenergynews.com\\\/rs\\\/mere-energetske-efikasnosti-u-skolama-i-vrticima-ucinice-decu-nosiocima-energetske-tranzicije\\\/\"},\"wordCount\":1936,\"commentCount\":2,\"image\":{\"@id\":\"https:\\\/\\\/balkangreenenergynews.com\\\/rs\\\/mere-energetske-efikasnosti-u-skolama-i-vrticima-ucinice-decu-nosiocima-energetske-tranzicije\\\/#primaryimage\"},\"thumbnailUrl\":\"https:\\\/\\\/balkangreenenergynews.com\\\/rs\\\/wp-content\\\/uploads\\\/2018\\\/11\\\/Parlamentarni-forum-za-energetsku-politiku-Srbije5.jpg?wsr\",\"keywords\":[\"Aleksandra Tomi\u0107\",\"energetska efikasnost\",\"energetska tranzicija\",\"GIZ ORF-EE\",\"obnovljivi izvori energije\",\"odr\u017eivi razvoj\"],\"articleSection\":[\"Energetska efikasnost\",\"OIE\"],\"inLanguage\":\"sr-RS\",\"potentialAction\":[{\"@type\":\"CommentAction\",\"name\":\"Comment\",\"target\":[\"https:\\\/\\\/balkangreenenergynews.com\\\/rs\\\/mere-energetske-efikasnosti-u-skolama-i-vrticima-ucinice-decu-nosiocima-energetske-tranzicije\\\/#respond\"]}]},{\"@type\":\"WebPage\",\"@id\":\"https:\\\/\\\/balkangreenenergynews.com\\\/rs\\\/mere-energetske-efikasnosti-u-skolama-i-vrticima-ucinice-decu-nosiocima-energetske-tranzicije\\\/\",\"url\":\"https:\\\/\\\/balkangreenenergynews.com\\\/rs\\\/mere-energetske-efikasnosti-u-skolama-i-vrticima-ucinice-decu-nosiocima-energetske-tranzicije\\\/\",\"name\":\"Mere energetske efikasnosti u \u0161kolama i vrti\u0107ima u\u010dini\u0107e decu nosiocima energetske tranzicije\",\"isPartOf\":{\"@id\":\"https:\\\/\\\/balkangreenenergynews.com\\\/rs\\\/#website\"},\"primaryImageOfPage\":{\"@id\":\"https:\\\/\\\/balkangreenenergynews.com\\\/rs\\\/mere-energetske-efikasnosti-u-skolama-i-vrticima-ucinice-decu-nosiocima-energetske-tranzicije\\\/#primaryimage\"},\"image\":{\"@id\":\"https:\\\/\\\/balkangreenenergynews.com\\\/rs\\\/mere-energetske-efikasnosti-u-skolama-i-vrticima-ucinice-decu-nosiocima-energetske-tranzicije\\\/#primaryimage\"},\"thumbnailUrl\":\"https:\\\/\\\/balkangreenenergynews.com\\\/rs\\\/wp-content\\\/uploads\\\/2018\\\/11\\\/Parlamentarni-forum-za-energetsku-politiku-Srbije5.jpg?wsr\",\"datePublished\":\"2018-11-20T18:53:58+00:00\",\"dateModified\":\"2020-10-30T11:14:23+00:00\",\"author\":{\"@id\":\"https:\\\/\\\/balkangreenenergynews.com\\\/rs\\\/#\\\/schema\\\/person\\\/99dc721c46113fea22caffad06ef7317\"},\"description\":\"Primena mera za energetsku efikasnost u \u0161kolama i vrti\u0107ima, osim u\u0161tede i smanjenja zaga\u0111enja \u017eivotne sredine, pobolj\u0161alo bi i uslove u kojima dosta vremena provode deca, ali i razvilo njihovu svest o va\u017enosti efikasnog kori\u0161\u0107enja energije i odr\u017eivog razvoja, kako bi sutra bili nosioci energetske tranzicije, poruka je 6. sastanka Parlamentarnog foruma za energetsku politiku Srbije (PFEPS) pod nazivom Energetska tranzicija za Srbiju.\",\"breadcrumb\":{\"@id\":\"https:\\\/\\\/balkangreenenergynews.com\\\/rs\\\/mere-energetske-efikasnosti-u-skolama-i-vrticima-ucinice-decu-nosiocima-energetske-tranzicije\\\/#breadcrumb\"},\"inLanguage\":\"sr-RS\",\"potentialAction\":[{\"@type\":\"ReadAction\",\"target\":[\"https:\\\/\\\/balkangreenenergynews.com\\\/rs\\\/mere-energetske-efikasnosti-u-skolama-i-vrticima-ucinice-decu-nosiocima-energetske-tranzicije\\\/\"]}]},{\"@type\":\"ImageObject\",\"inLanguage\":\"sr-RS\",\"@id\":\"https:\\\/\\\/balkangreenenergynews.com\\\/rs\\\/mere-energetske-efikasnosti-u-skolama-i-vrticima-ucinice-decu-nosiocima-energetske-tranzicije\\\/#primaryimage\",\"url\":\"https:\\\/\\\/balkangreenenergynews.com\\\/rs\\\/wp-content\\\/uploads\\\/2018\\\/11\\\/Parlamentarni-forum-za-energetsku-politiku-Srbije5.jpg?wsr\",\"contentUrl\":\"https:\\\/\\\/balkangreenenergynews.com\\\/rs\\\/wp-content\\\/uploads\\\/2018\\\/11\\\/Parlamentarni-forum-za-energetsku-politiku-Srbije5.jpg?wsr\",\"width\":795,\"height\":407},{\"@type\":\"BreadcrumbList\",\"@id\":\"https:\\\/\\\/balkangreenenergynews.com\\\/rs\\\/mere-energetske-efikasnosti-u-skolama-i-vrticima-ucinice-decu-nosiocima-energetske-tranzicije\\\/#breadcrumb\",\"itemListElement\":[{\"@type\":\"ListItem\",\"position\":1,\"name\":\"Po\u010detna\",\"item\":\"https:\\\/\\\/balkangreenenergynews.com\\\/rs\\\/\"},{\"@type\":\"ListItem\",\"position\":2,\"name\":\"GIZ ORF-EE\",\"item\":\"https:\\\/\\\/balkangreenenergynews.com\\\/rs\\\/kategorija\\\/giz-orf-ee\\\/\"},{\"@type\":\"ListItem\",\"position\":3,\"name\":\"Mere energetske efikasnosti u \u0161kolama i vrti\u0107ima u\u010dini\u0107e decu nosiocima energetske tranzicije\"}]},{\"@type\":\"WebSite\",\"@id\":\"https:\\\/\\\/balkangreenenergynews.com\\\/rs\\\/#website\",\"url\":\"https:\\\/\\\/balkangreenenergynews.com\\\/rs\\\/\",\"name\":\"Balkan Green Energy News\",\"description\":\"Naj\u0161iri izbor vesti sa Balkana o zelenoj energiji\",\"potentialAction\":[{\"@type\":\"SearchAction\",\"target\":{\"@type\":\"EntryPoint\",\"urlTemplate\":\"https:\\\/\\\/balkangreenenergynews.com\\\/rs\\\/?s={search_term_string}\"},\"query-input\":{\"@type\":\"PropertyValueSpecification\",\"valueRequired\":true,\"valueName\":\"search_term_string\"}}],\"inLanguage\":\"sr-RS\"},{\"@type\":\"Person\",\"@id\":\"https:\\\/\\\/balkangreenenergynews.com\\\/rs\\\/#\\\/schema\\\/person\\\/99dc721c46113fea22caffad06ef7317\",\"name\":\"Vladimir Spasi\u0107\",\"url\":\"https:\\\/\\\/balkangreenenergynews.com\\\/rs\\\/author\\\/vladimir-spasic\\\/\"}]}<\/script>\n<!-- \/ Yoast SEO plugin. -->","yoast_head_json":{"title":"Mere energetske efikasnosti u \u0161kolama i vrti\u0107ima u\u010dini\u0107e decu nosiocima energetske tranzicije","description":"Primena mera za energetsku efikasnost u \u0161kolama i vrti\u0107ima, osim u\u0161tede i smanjenja zaga\u0111enja \u017eivotne sredine, pobolj\u0161alo bi i uslove u kojima dosta vremena provode deca, ali i razvilo njihovu svest o va\u017enosti efikasnog kori\u0161\u0107enja energije i odr\u017eivog razvoja, kako bi sutra bili nosioci energetske tranzicije, poruka je 6. sastanka Parlamentarnog foruma za energetsku politiku Srbije (PFEPS) pod nazivom Energetska tranzicija za Srbiju.","robots":{"index":"index","follow":"follow","max-snippet":"max-snippet:-1","max-image-preview":"max-image-preview:large","max-video-preview":"max-video-preview:-1"},"canonical":"https:\/\/balkangreenenergynews.com\/rs\/mere-energetske-efikasnosti-u-skolama-i-vrticima-ucinice-decu-nosiocima-energetske-tranzicije\/","og_locale":"sr_RS","og_type":"article","og_title":"Mere energetske efikasnosti u \u0161kolama i vrti\u0107ima u\u010dini\u0107e decu nosiocima energetske tranzicije","og_description":"Primena mera za energetsku efikasnost u \u0161kolama i vrti\u0107ima, osim u\u0161tede i smanjenja zaga\u0111enja \u017eivotne sredine, pobolj\u0161alo bi i uslove u kojima dosta vremena provode deca, ali i razvilo njihovu svest o va\u017enosti efikasnog kori\u0161\u0107enja energije i odr\u017eivog razvoja, kako bi sutra bili nosioci energetske tranzicije, poruka je 6. sastanka Parlamentarnog foruma za energetsku politiku Srbije (PFEPS) pod nazivom Energetska tranzicija za Srbiju.","og_url":"https:\/\/balkangreenenergynews.com\/rs\/mere-energetske-efikasnosti-u-skolama-i-vrticima-ucinice-decu-nosiocima-energetske-tranzicije\/","og_site_name":"Balkan Green Energy News","article_published_time":"2018-11-20T18:53:58+00:00","article_modified_time":"2020-10-30T11:14:23+00:00","og_image":[{"width":795,"height":407,"url":"https:\/\/balkangreenenergynews.com\/rs\/wp-content\/uploads\/2018\/11\/Parlamentarni-forum-za-energetsku-politiku-Srbije5.jpg","type":"image\/jpeg"}],"author":"Vladimir Spasi\u0107","twitter_card":"summary_large_image","twitter_misc":{"\u041d\u0430\u043f\u0438\u0441\u0430\u043d\u043e \u043e\u0434":"Vladimir Spasi\u0107","\u041f\u0440\u043e\u0446\u0435\u045a\u0435\u043d\u043e \u0432\u0440\u0435\u043c\u0435 \u0447\u0438\u0442\u0430\u045a\u0430":"10 \u043c\u0438\u043d\u0443\u0442\u0430"},"schema":{"@context":"https:\/\/schema.org","@graph":[{"@type":"Article","@id":"https:\/\/balkangreenenergynews.com\/rs\/mere-energetske-efikasnosti-u-skolama-i-vrticima-ucinice-decu-nosiocima-energetske-tranzicije\/#article","isPartOf":{"@id":"https:\/\/balkangreenenergynews.com\/rs\/mere-energetske-efikasnosti-u-skolama-i-vrticima-ucinice-decu-nosiocima-energetske-tranzicije\/"},"author":{"name":"Vladimir Spasi\u0107","@id":"https:\/\/balkangreenenergynews.com\/rs\/#\/schema\/person\/99dc721c46113fea22caffad06ef7317"},"headline":"Mere energetske efikasnosti u \u0161kolama i vrti\u0107ima u\u010dini\u0107e decu nosiocima energetske tranzicije","datePublished":"2018-11-20T18:53:58+00:00","dateModified":"2020-10-30T11:14:23+00:00","mainEntityOfPage":{"@id":"https:\/\/balkangreenenergynews.com\/rs\/mere-energetske-efikasnosti-u-skolama-i-vrticima-ucinice-decu-nosiocima-energetske-tranzicije\/"},"wordCount":1936,"commentCount":2,"image":{"@id":"https:\/\/balkangreenenergynews.com\/rs\/mere-energetske-efikasnosti-u-skolama-i-vrticima-ucinice-decu-nosiocima-energetske-tranzicije\/#primaryimage"},"thumbnailUrl":"https:\/\/balkangreenenergynews.com\/rs\/wp-content\/uploads\/2018\/11\/Parlamentarni-forum-za-energetsku-politiku-Srbije5.jpg?wsr","keywords":["Aleksandra Tomi\u0107","energetska efikasnost","energetska tranzicija","GIZ ORF-EE","obnovljivi izvori energije","odr\u017eivi razvoj"],"articleSection":["Energetska efikasnost","OIE"],"inLanguage":"sr-RS","potentialAction":[{"@type":"CommentAction","name":"Comment","target":["https:\/\/balkangreenenergynews.com\/rs\/mere-energetske-efikasnosti-u-skolama-i-vrticima-ucinice-decu-nosiocima-energetske-tranzicije\/#respond"]}]},{"@type":"WebPage","@id":"https:\/\/balkangreenenergynews.com\/rs\/mere-energetske-efikasnosti-u-skolama-i-vrticima-ucinice-decu-nosiocima-energetske-tranzicije\/","url":"https:\/\/balkangreenenergynews.com\/rs\/mere-energetske-efikasnosti-u-skolama-i-vrticima-ucinice-decu-nosiocima-energetske-tranzicije\/","name":"Mere energetske efikasnosti u \u0161kolama i vrti\u0107ima u\u010dini\u0107e decu nosiocima energetske tranzicije","isPartOf":{"@id":"https:\/\/balkangreenenergynews.com\/rs\/#website"},"primaryImageOfPage":{"@id":"https:\/\/balkangreenenergynews.com\/rs\/mere-energetske-efikasnosti-u-skolama-i-vrticima-ucinice-decu-nosiocima-energetske-tranzicije\/#primaryimage"},"image":{"@id":"https:\/\/balkangreenenergynews.com\/rs\/mere-energetske-efikasnosti-u-skolama-i-vrticima-ucinice-decu-nosiocima-energetske-tranzicije\/#primaryimage"},"thumbnailUrl":"https:\/\/balkangreenenergynews.com\/rs\/wp-content\/uploads\/2018\/11\/Parlamentarni-forum-za-energetsku-politiku-Srbije5.jpg?wsr","datePublished":"2018-11-20T18:53:58+00:00","dateModified":"2020-10-30T11:14:23+00:00","author":{"@id":"https:\/\/balkangreenenergynews.com\/rs\/#\/schema\/person\/99dc721c46113fea22caffad06ef7317"},"description":"Primena mera za energetsku efikasnost u \u0161kolama i vrti\u0107ima, osim u\u0161tede i smanjenja zaga\u0111enja \u017eivotne sredine, pobolj\u0161alo bi i uslove u kojima dosta vremena provode deca, ali i razvilo njihovu svest o va\u017enosti efikasnog kori\u0161\u0107enja energije i odr\u017eivog razvoja, kako bi sutra bili nosioci energetske tranzicije, poruka je 6. sastanka Parlamentarnog foruma za energetsku politiku Srbije (PFEPS) pod nazivom Energetska tranzicija za Srbiju.","breadcrumb":{"@id":"https:\/\/balkangreenenergynews.com\/rs\/mere-energetske-efikasnosti-u-skolama-i-vrticima-ucinice-decu-nosiocima-energetske-tranzicije\/#breadcrumb"},"inLanguage":"sr-RS","potentialAction":[{"@type":"ReadAction","target":["https:\/\/balkangreenenergynews.com\/rs\/mere-energetske-efikasnosti-u-skolama-i-vrticima-ucinice-decu-nosiocima-energetske-tranzicije\/"]}]},{"@type":"ImageObject","inLanguage":"sr-RS","@id":"https:\/\/balkangreenenergynews.com\/rs\/mere-energetske-efikasnosti-u-skolama-i-vrticima-ucinice-decu-nosiocima-energetske-tranzicije\/#primaryimage","url":"https:\/\/balkangreenenergynews.com\/rs\/wp-content\/uploads\/2018\/11\/Parlamentarni-forum-za-energetsku-politiku-Srbije5.jpg?wsr","contentUrl":"https:\/\/balkangreenenergynews.com\/rs\/wp-content\/uploads\/2018\/11\/Parlamentarni-forum-za-energetsku-politiku-Srbije5.jpg?wsr","width":795,"height":407},{"@type":"BreadcrumbList","@id":"https:\/\/balkangreenenergynews.com\/rs\/mere-energetske-efikasnosti-u-skolama-i-vrticima-ucinice-decu-nosiocima-energetske-tranzicije\/#breadcrumb","itemListElement":[{"@type":"ListItem","position":1,"name":"Po\u010detna","item":"https:\/\/balkangreenenergynews.com\/rs\/"},{"@type":"ListItem","position":2,"name":"GIZ ORF-EE","item":"https:\/\/balkangreenenergynews.com\/rs\/kategorija\/giz-orf-ee\/"},{"@type":"ListItem","position":3,"name":"Mere energetske efikasnosti u \u0161kolama i vrti\u0107ima u\u010dini\u0107e decu nosiocima energetske tranzicije"}]},{"@type":"WebSite","@id":"https:\/\/balkangreenenergynews.com\/rs\/#website","url":"https:\/\/balkangreenenergynews.com\/rs\/","name":"Balkan Green Energy News","description":"Naj\u0161iri izbor vesti sa Balkana o zelenoj energiji","potentialAction":[{"@type":"SearchAction","target":{"@type":"EntryPoint","urlTemplate":"https:\/\/balkangreenenergynews.com\/rs\/?s={search_term_string}"},"query-input":{"@type":"PropertyValueSpecification","valueRequired":true,"valueName":"search_term_string"}}],"inLanguage":"sr-RS"},{"@type":"Person","@id":"https:\/\/balkangreenenergynews.com\/rs\/#\/schema\/person\/99dc721c46113fea22caffad06ef7317","name":"Vladimir Spasi\u0107","url":"https:\/\/balkangreenenergynews.com\/rs\/author\/vladimir-spasic\/"}]}},"_links":{"self":[{"href":"https:\/\/balkangreenenergynews.com\/rs\/wp-json\/wp\/v2\/posts\/20471","targetHints":{"allow":["GET"]}}],"collection":[{"href":"https:\/\/balkangreenenergynews.com\/rs\/wp-json\/wp\/v2\/posts"}],"about":[{"href":"https:\/\/balkangreenenergynews.com\/rs\/wp-json\/wp\/v2\/types\/post"}],"author":[{"embeddable":true,"href":"https:\/\/balkangreenenergynews.com\/rs\/wp-json\/wp\/v2\/users\/23"}],"replies":[{"embeddable":true,"href":"https:\/\/balkangreenenergynews.com\/rs\/wp-json\/wp\/v2\/comments?post=20471"}],"version-history":[{"count":0,"href":"https:\/\/balkangreenenergynews.com\/rs\/wp-json\/wp\/v2\/posts\/20471\/revisions"}],"wp:featuredmedia":[{"embeddable":true,"href":"https:\/\/balkangreenenergynews.com\/rs\/wp-json\/wp\/v2\/media\/20476"}],"wp:attachment":[{"href":"https:\/\/balkangreenenergynews.com\/rs\/wp-json\/wp\/v2\/media?parent=20471"}],"wp:term":[{"taxonomy":"category","embeddable":true,"href":"https:\/\/balkangreenenergynews.com\/rs\/wp-json\/wp\/v2\/categories?post=20471"},{"taxonomy":"post_tag","embeddable":true,"href":"https:\/\/balkangreenenergynews.com\/rs\/wp-json\/wp\/v2\/tags?post=20471"}],"curies":[{"name":"wp","href":"https:\/\/api.w.org\/{rel}","templated":true}]}}