{"id":19581,"date":"2018-09-27T15:07:14","date_gmt":"2018-09-27T13:07:14","guid":{"rendered":"https:\/\/balkangreenenergynews.com\/rs\/?p=19581"},"modified":"2024-11-06T11:24:39","modified_gmt":"2024-11-06T10:24:39","slug":"priboj-postao-clan-svetskog-klimatskog-pokreta-povelja-gradonacelnika-najavio-smanjenje-emisija-co2-za-40-odsto","status":"publish","type":"post","link":"https:\/\/balkangreenenergynews.com\/rs\/priboj-postao-clan-svetskog-klimatskog-pokreta-povelja-gradonacelnika-najavio-smanjenje-emisija-co2-za-40-odsto\/","title":{"rendered":"Priboj postao \u010dlan svetskog klimatskog pokreta Povelja gradona\u010delnika i najavio smanjenje emisija CO2 za 40 odsto"},"content":{"rendered":"<h2>Op\u0161tina Priboj postala je \u010dlanica mre\u017ee \u201cPovelja gr\u0430don\u0430\u010delnik\u0430\u201d, koja okuplj\u0430 vi\u0161e od 7.500 lok\u0430lnih s\u0430moupr\u0430v\u0430 iz celog sveta, i najavila da namerava d\u0430 na svojoj teritoriji kori\u0161\u0107enjem obnovljivih izvor\u0430 energije (OIE), prvenstveno biomase, i drugim mer\u0430m\u0430 energetske efikasnosti, do 2030. godine sm\u0430nji emisije g\u0430sov\u0430 s\u0430 efektom st\u0430klene b\u0430\u0161te z\u0430 vi\u0161e od 40 odsto, kao \u00a0da usvoji Akcioni pl\u0430n z\u0430 klimu i odr\u017eivu energiju koji pokriv\u0430 period do 2030. godine.<\/h2>\n<p>\u201cPovelja gradona\u010delnika\u201d, najve\u0107i svetski pokret za lokalnu klimatsku i energetsku akciju, je kako je navedeno u saop\u0161tenju Nema\u010dke organizacije za me\u0111unarodnu saradnju GIZ (Deutsche Gesellschaft f\u00fcr Internationale Zusammenarbeit GmbH) potpisao predsednik Op\u0161tine Priboj Lazar Rvovi\u0107, a sve\u010d\u0430nosti organizovanoj tom prilikom prisustvovali su predstavnici GIZ-a, Kancelarije za javna ulaganja, Regionalne razvojne agencije Zlatibor, Amb\u0430s\u0430de Fr\u0430ncuske, lokalnih samouprava.<\/p>\n<h3>Nova gradska toplana na biomasu bi\u0107e gotova do 2020.<\/h3>\n<p>\u201cUspeh koji je na polju kori\u0161\u0107enja izvora obnovljive energije u sistemu grejanja javnih zgrada ostvarila Op\u0161tina Priboj prevazilazi lokalni zna\u010daj. Zahvaljuju\u0107i naprednom razmi\u0161ljanju i efikasnom pristupu predstavnika pribojske lokalne samouprave, dobili smo primer koji na nacionalnom novou mo\u017eemo da promovi\u0161emo kao dokaz da ne\u0161to \u0161to smo do sada gledali samo na papiru kao savr\u0161eno iskustvo razvijenih zemalja, mo\u017ee da se realizuje i kod nas sa pozitivnim ishodom u svakom smislu &#8211; doprinosa gradskom bud\u017eetu, zdravlju gra\u0111ana i odr\u017eivom razvoju lokalne privrede,\u201d rekao je Marko Blagojevi\u0107, direktor Kancelarije za javna ulaganja.<\/p>\n<p>Kancelarija pru\u017ea finansijsku podr\u0161ku <a href=\"https:\/\/balkangreenenergynews.com\/rs\/u-priboju-pocela-izgradnja-druge-kotlarnice-na-biomasu\/\">izgradnji nove kotlarnice kapaciteta 1,8 MW na drvnu se\u010dku<\/a> koja \u0107e snabdevati dve osnovne i dve srednje \u0161kole i ambulantu Doma zdravlja u Priboju.<\/p>\n<p>Pre dve godine Op\u0161tina Priboj je, iz sopstvenih sredstava, izgradila kotlarnicu kapaciteta 0,9 MW na pelet, koja toplotom snadbeva \u0161kolu, pred\u0161kolsku ustanovu, kulturni centar i zgradu op\u0161tinske uprave.<\/p>\n<p>Sada je zavr\u0161ena i tehni\u010dka dokumentacija za <a href=\"https:\/\/balkangreenenergynews.com\/rs\/izabran-izvodac-za-kotlarnicu-na-biomasu-u-priboju-uskoro-tender-za-gradsku-toplanu\/\">novu gradsku toplanu na biomasu<\/a> \u010dija izgradnja bi, kako je rekao zamenik predsednika Op\u0161tine Priboj, Sa\u0161a Vasili\u0107, mogla da bude gotova 2020. godine.<\/p>\n<p>\u201cTehni\u010dku podr\u0161ku u tom projektu, kao i svim ostalim u ovoj oblasti, pru\u017ea nam GIZ u okviru Nema\u010dko-srpske razvojne saradnje, a finansijsku za taj projekat Nema\u010dka razvojna banka KfW. Mi smo svoj deo posla obavili, a sada sledi procedura oko finansijskog dela. Kako sada teku stvari, mislim da \u0107emo sa izradnjom po\u010deti na jesen 2019. godine,\u201d objasnio je Vasili\u0107.<\/p>\n<p><img loading=\"lazy\" decoding=\"async\" class=\"alignnone size-medium wp-image-30304\" src=\"https:\/\/balkangreenenergynews.com\/rs\/wp-content\/uploads\/2018\/09\/Priboj-postao-clan-svetskog-klimatskog-pokreta-Povelja-gradonacelnika-i-najavio-smanjenje-emisija-CO2-za-40-odsto-500x193.png\" alt=\"Priboj-postao-clan-svetskog-klimatskog-pokreta-Povelja-gradonacelnika-i-najavio-smanjenje-emisija-CO2-za-40-odsto\" width=\"500\" height=\"193\" srcset=\"https:\/\/balkangreenenergynews.com\/rs\/wp-content\/uploads\/2018\/09\/Priboj-postao-clan-svetskog-klimatskog-pokreta-Povelja-gradonacelnika-i-najavio-smanjenje-emisija-CO2-za-40-odsto-500x193.png 500w, https:\/\/balkangreenenergynews.com\/rs\/wp-content\/uploads\/2018\/09\/Priboj-postao-clan-svetskog-klimatskog-pokreta-Povelja-gradonacelnika-i-najavio-smanjenje-emisija-CO2-za-40-odsto-840x324.png 840w, https:\/\/balkangreenenergynews.com\/rs\/wp-content\/uploads\/2018\/09\/Priboj-postao-clan-svetskog-klimatskog-pokreta-Povelja-gradonacelnika-i-najavio-smanjenje-emisija-CO2-za-40-odsto-768x296.png 768w, https:\/\/balkangreenenergynews.com\/rs\/wp-content\/uploads\/2018\/09\/Priboj-postao-clan-svetskog-klimatskog-pokreta-Povelja-gradonacelnika-i-najavio-smanjenje-emisija-CO2-za-40-odsto-300x116.png 300w, https:\/\/balkangreenenergynews.com\/rs\/wp-content\/uploads\/2018\/09\/Priboj-postao-clan-svetskog-klimatskog-pokreta-Povelja-gradonacelnika-i-najavio-smanjenje-emisija-CO2-za-40-odsto.png 861w\" sizes=\"auto, (max-width: 500px) 100vw, 500px\" \/><\/p>\n<h3>Subvencije za obnavljanje stambenih zgrada u 2019.<\/h3>\n<p>On je i najavio da Op\u0161tina Priboj trenutno radi na jo\u0161 jednom poduhvatu iz oblasti energetske efikasnosti.<\/p>\n<p>U skladu sa Zakonom o stanovanju i odr\u017eavanju zgrada, Skup\u0161tina op\u0161tine \u0107e ve\u0107 u narednih nekoliko dana usvojiti podzakonske akte koji \u0107e omogu\u0107iti da se u bud\u017eetu za 2019. godinu izdvoje zna\u010dajna sredstva za obnovu stambenih zgrada u skladu sa standardima energetske efikasnosti.<\/p>\n<p>\u201cRe\u010d je o privatnim zgradama koje imaju skup\u0161tine stanara, a verujem da \u0107emo gra\u0111anima mo\u0107i da pomognemo sa iznosom do 80 odsto finansijskog udela u zameni stolarije i fasada,\u201d najavio je Vasili\u0107.<\/p>\n<h3>Stopama Priboja kre\u0107u Nova Varo\u0161, Bajina Ba\u0161ta i Prijepolje<\/h3>\n<p>Slavko Luki\u0107, direktor Regionalne razvojne agencije Zlatibor, rekao je da su u planiranju projekata u Priboju u\u010destvovali partneri iz GIZ-a, \u010dija je ekspertiza bila presudna u najrizi\u010dnijem delu &#8211; odabiru obnovljivog energenta kojim \u0107e biti zamenjena fosilna goriva, ali i stru\u010dnjaci \u0160umarskog fakulteta i Srbija\u0161uma.<\/p>\n<p>\u201cZahvaljuju\u0107i takvom pristupu dobijeni su rezultati koji \u0107e ohrabriti druge, uskoro Novu Varo\u0161, Bajinu Ba\u0161tu i Prijepolje, da primene ovaj model,\u201d ocenio je Luki\u0107.<\/p>\n","protected":false},"excerpt":{"rendered":"<p>Op\u0161tina Priboj postala je \u010dlanica mre\u017ee \u201cPovelja gr\u0430don\u0430\u010delnik\u0430\u201d, koja okuplj\u0430 vi\u0161e od 7.500 lok\u0430lnih s\u0430moupr\u0430v\u0430&#8230;<\/p>\n","protected":false},"author":23,"featured_media":30306,"comment_status":"open","ping_status":"closed","sticky":false,"template":"","format":"standard","meta":{"_acf_changed":false,"_monsterinsights_skip_tracking":false,"_monsterinsights_sitenote_active":false,"_monsterinsights_sitenote_note":"","_monsterinsights_sitenote_category":0,"footnotes":""},"categories":[4],"tags":[714,646,1079,754,1510],"class_list":["post-19581","post","type-post","status-publish","format-standard","has-post-thumbnail","hentry","category-zivotna-sredina","tag-biomasa","tag-energetska-efikasnost","tag-odrzivi-razvoj","tag-oie","tag-pelet","country-srbija"],"acf":[],"yoast_head":"<!-- This site is optimized with the Yoast SEO plugin v27.4 - https:\/\/yoast.com\/product\/yoast-seo-wordpress\/ -->\n<title>Priboj postao \u010dlan svetskog klimatskog pokreta Povelja gradona\u010delnika i najavio smanjenje emisija CO2 za 40 odsto<\/title>\n<meta name=\"description\" content=\"Op\u0161tina Priboj postala je \u010dlanica mre\u017ee \u201cPovelja gr\u0430don\u0430\u010delnik\u0430\u201d, koja okuplj\u0430 vi\u0161e od 7.500 lok\u0430lnih s\u0430moupr\u0430v\u0430 iz celog sveta, i najavila da namerava d\u0430 na svojoj teritoriji kori\u0161\u0107enjem obnovljivih izvor\u0430 energije (OIE), prvenstveno biomase, i drugim mer\u0430m\u0430 energetske efikasnosti, do 2030. godine sm\u0430nji emisije g\u0430sov\u0430 s\u0430 efektom st\u0430klene b\u0430\u0161te z\u0430 vi\u0161e od 40 odsto, kao \u00a0da usvoji Akcioni pl\u0430n z\u0430 klimu i odr\u017eivu energiju koji pokriv\u0430 period do 2030. godine.\" \/>\n<meta name=\"robots\" content=\"index, follow, max-snippet:-1, max-image-preview:large, max-video-preview:-1\" \/>\n<link rel=\"canonical\" href=\"https:\/\/balkangreenenergynews.com\/rs\/priboj-postao-clan-svetskog-klimatskog-pokreta-povelja-gradonacelnika-najavio-smanjenje-emisija-co2-za-40-odsto\/\" \/>\n<meta property=\"og:locale\" content=\"sr_RS\" \/>\n<meta property=\"og:type\" content=\"article\" \/>\n<meta property=\"og:title\" content=\"Priboj postao \u010dlan svetskog klimatskog pokreta Povelja gradona\u010delnika i najavio smanjenje emisija CO2 za 40 odsto\" \/>\n<meta property=\"og:description\" content=\"Op\u0161tina Priboj postala je \u010dlanica mre\u017ee \u201cPovelja gr\u0430don\u0430\u010delnik\u0430\u201d, koja okuplj\u0430 vi\u0161e od 7.500 lok\u0430lnih s\u0430moupr\u0430v\u0430 iz celog sveta, i najavila da namerava d\u0430 na svojoj teritoriji kori\u0161\u0107enjem obnovljivih izvor\u0430 energije (OIE), prvenstveno biomase, i drugim mer\u0430m\u0430 energetske efikasnosti, do 2030. godine sm\u0430nji emisije g\u0430sov\u0430 s\u0430 efektom st\u0430klene b\u0430\u0161te z\u0430 vi\u0161e od 40 odsto, kao \u00a0da usvoji Akcioni pl\u0430n z\u0430 klimu i odr\u017eivu energiju koji pokriv\u0430 period do 2030. godine.\" \/>\n<meta property=\"og:url\" content=\"https:\/\/balkangreenenergynews.com\/rs\/priboj-postao-clan-svetskog-klimatskog-pokreta-povelja-gradonacelnika-najavio-smanjenje-emisija-co2-za-40-odsto\/\" \/>\n<meta property=\"og:site_name\" content=\"Balkan Green Energy News\" \/>\n<meta property=\"article:published_time\" content=\"2018-09-27T13:07:14+00:00\" \/>\n<meta property=\"article:modified_time\" content=\"2024-11-06T10:24:39+00:00\" \/>\n<meta property=\"og:image\" content=\"https:\/\/balkangreenenergynews.com\/rs\/wp-content\/uploads\/2018\/09\/Priboj-postao-clan-svetskog-klimatskog-pokreta-Povelja-gradonacelnika-i-najavio-smanjenje-emisija-CO2-za-40-odsto.jpg\" \/>\n\t<meta property=\"og:image:width\" content=\"795\" \/>\n\t<meta property=\"og:image:height\" content=\"407\" \/>\n\t<meta property=\"og:image:type\" content=\"image\/jpeg\" \/>\n<meta name=\"author\" content=\"Vladimir Spasi\u0107\" \/>\n<meta name=\"twitter:card\" content=\"summary_large_image\" \/>\n<meta name=\"twitter:label1\" content=\"\u041d\u0430\u043f\u0438\u0441\u0430\u043d\u043e \u043e\u0434\" \/>\n\t<meta name=\"twitter:data1\" content=\"Vladimir Spasi\u0107\" \/>\n\t<meta name=\"twitter:label2\" content=\"\u041f\u0440\u043e\u0446\u0435\u045a\u0435\u043d\u043e \u0432\u0440\u0435\u043c\u0435 \u0447\u0438\u0442\u0430\u045a\u0430\" \/>\n\t<meta name=\"twitter:data2\" content=\"4 \u043c\u0438\u043d\u0443\u0442\u0430\" \/>\n<script type=\"application\/ld+json\" class=\"yoast-schema-graph\">{\"@context\":\"https:\\\/\\\/schema.org\",\"@graph\":[{\"@type\":\"Article\",\"@id\":\"https:\\\/\\\/balkangreenenergynews.com\\\/rs\\\/priboj-postao-clan-svetskog-klimatskog-pokreta-povelja-gradonacelnika-najavio-smanjenje-emisija-co2-za-40-odsto\\\/#article\",\"isPartOf\":{\"@id\":\"https:\\\/\\\/balkangreenenergynews.com\\\/rs\\\/priboj-postao-clan-svetskog-klimatskog-pokreta-povelja-gradonacelnika-najavio-smanjenje-emisija-co2-za-40-odsto\\\/\"},\"author\":{\"name\":\"Vladimir Spasi\u0107\",\"@id\":\"https:\\\/\\\/balkangreenenergynews.com\\\/rs\\\/#\\\/schema\\\/person\\\/99dc721c46113fea22caffad06ef7317\"},\"headline\":\"Priboj postao \u010dlan svetskog klimatskog pokreta Povelja gradona\u010delnika i najavio smanjenje emisija CO2 za 40 odsto\",\"datePublished\":\"2018-09-27T13:07:14+00:00\",\"dateModified\":\"2024-11-06T10:24:39+00:00\",\"mainEntityOfPage\":{\"@id\":\"https:\\\/\\\/balkangreenenergynews.com\\\/rs\\\/priboj-postao-clan-svetskog-klimatskog-pokreta-povelja-gradonacelnika-najavio-smanjenje-emisija-co2-za-40-odsto\\\/\"},\"wordCount\":623,\"commentCount\":0,\"image\":{\"@id\":\"https:\\\/\\\/balkangreenenergynews.com\\\/rs\\\/priboj-postao-clan-svetskog-klimatskog-pokreta-povelja-gradonacelnika-najavio-smanjenje-emisija-co2-za-40-odsto\\\/#primaryimage\"},\"thumbnailUrl\":\"https:\\\/\\\/balkangreenenergynews.com\\\/rs\\\/wp-content\\\/uploads\\\/2018\\\/09\\\/Priboj-postao-clan-svetskog-klimatskog-pokreta-Povelja-gradonacelnika-i-najavio-smanjenje-emisija-CO2-za-40-odsto.jpg?wsr\",\"keywords\":[\"biomasa\",\"energetska efikasnost\",\"odr\u017eivi razvoj\",\"OIE\",\"pelet\"],\"articleSection\":[\"\u017divotna sredina\"],\"inLanguage\":\"sr-RS\",\"potentialAction\":[{\"@type\":\"CommentAction\",\"name\":\"Comment\",\"target\":[\"https:\\\/\\\/balkangreenenergynews.com\\\/rs\\\/priboj-postao-clan-svetskog-klimatskog-pokreta-povelja-gradonacelnika-najavio-smanjenje-emisija-co2-za-40-odsto\\\/#respond\"]}]},{\"@type\":\"WebPage\",\"@id\":\"https:\\\/\\\/balkangreenenergynews.com\\\/rs\\\/priboj-postao-clan-svetskog-klimatskog-pokreta-povelja-gradonacelnika-najavio-smanjenje-emisija-co2-za-40-odsto\\\/\",\"url\":\"https:\\\/\\\/balkangreenenergynews.com\\\/rs\\\/priboj-postao-clan-svetskog-klimatskog-pokreta-povelja-gradonacelnika-najavio-smanjenje-emisija-co2-za-40-odsto\\\/\",\"name\":\"Priboj postao \u010dlan svetskog klimatskog pokreta Povelja gradona\u010delnika i najavio smanjenje emisija CO2 za 40 odsto\",\"isPartOf\":{\"@id\":\"https:\\\/\\\/balkangreenenergynews.com\\\/rs\\\/#website\"},\"primaryImageOfPage\":{\"@id\":\"https:\\\/\\\/balkangreenenergynews.com\\\/rs\\\/priboj-postao-clan-svetskog-klimatskog-pokreta-povelja-gradonacelnika-najavio-smanjenje-emisija-co2-za-40-odsto\\\/#primaryimage\"},\"image\":{\"@id\":\"https:\\\/\\\/balkangreenenergynews.com\\\/rs\\\/priboj-postao-clan-svetskog-klimatskog-pokreta-povelja-gradonacelnika-najavio-smanjenje-emisija-co2-za-40-odsto\\\/#primaryimage\"},\"thumbnailUrl\":\"https:\\\/\\\/balkangreenenergynews.com\\\/rs\\\/wp-content\\\/uploads\\\/2018\\\/09\\\/Priboj-postao-clan-svetskog-klimatskog-pokreta-Povelja-gradonacelnika-i-najavio-smanjenje-emisija-CO2-za-40-odsto.jpg?wsr\",\"datePublished\":\"2018-09-27T13:07:14+00:00\",\"dateModified\":\"2024-11-06T10:24:39+00:00\",\"author\":{\"@id\":\"https:\\\/\\\/balkangreenenergynews.com\\\/rs\\\/#\\\/schema\\\/person\\\/99dc721c46113fea22caffad06ef7317\"},\"description\":\"Op\u0161tina Priboj postala je \u010dlanica mre\u017ee \u201cPovelja gr\u0430don\u0430\u010delnik\u0430\u201d, koja okuplj\u0430 vi\u0161e od 7.500 lok\u0430lnih s\u0430moupr\u0430v\u0430 iz celog sveta, i najavila da namerava d\u0430 na svojoj teritoriji kori\u0161\u0107enjem obnovljivih izvor\u0430 energije (OIE), prvenstveno biomase, i drugim mer\u0430m\u0430 energetske efikasnosti, do 2030. godine sm\u0430nji emisije g\u0430sov\u0430 s\u0430 efektom st\u0430klene b\u0430\u0161te z\u0430 vi\u0161e od 40 odsto, kao \u00a0da usvoji Akcioni pl\u0430n z\u0430 klimu i odr\u017eivu energiju koji pokriv\u0430 period do 2030. godine.\",\"breadcrumb\":{\"@id\":\"https:\\\/\\\/balkangreenenergynews.com\\\/rs\\\/priboj-postao-clan-svetskog-klimatskog-pokreta-povelja-gradonacelnika-najavio-smanjenje-emisija-co2-za-40-odsto\\\/#breadcrumb\"},\"inLanguage\":\"sr-RS\",\"potentialAction\":[{\"@type\":\"ReadAction\",\"target\":[\"https:\\\/\\\/balkangreenenergynews.com\\\/rs\\\/priboj-postao-clan-svetskog-klimatskog-pokreta-povelja-gradonacelnika-najavio-smanjenje-emisija-co2-za-40-odsto\\\/\"]}]},{\"@type\":\"ImageObject\",\"inLanguage\":\"sr-RS\",\"@id\":\"https:\\\/\\\/balkangreenenergynews.com\\\/rs\\\/priboj-postao-clan-svetskog-klimatskog-pokreta-povelja-gradonacelnika-najavio-smanjenje-emisija-co2-za-40-odsto\\\/#primaryimage\",\"url\":\"https:\\\/\\\/balkangreenenergynews.com\\\/rs\\\/wp-content\\\/uploads\\\/2018\\\/09\\\/Priboj-postao-clan-svetskog-klimatskog-pokreta-Povelja-gradonacelnika-i-najavio-smanjenje-emisija-CO2-za-40-odsto.jpg?wsr\",\"contentUrl\":\"https:\\\/\\\/balkangreenenergynews.com\\\/rs\\\/wp-content\\\/uploads\\\/2018\\\/09\\\/Priboj-postao-clan-svetskog-klimatskog-pokreta-Povelja-gradonacelnika-i-najavio-smanjenje-emisija-CO2-za-40-odsto.jpg?wsr\",\"width\":795,\"height\":407,\"caption\":\"Priboj-postao-clan-svetskog-klimatskog-pokreta-Povelja-gradonacelnika-i-najavio-smanjenje-emisija-CO2-za-40-odsto\"},{\"@type\":\"BreadcrumbList\",\"@id\":\"https:\\\/\\\/balkangreenenergynews.com\\\/rs\\\/priboj-postao-clan-svetskog-klimatskog-pokreta-povelja-gradonacelnika-najavio-smanjenje-emisija-co2-za-40-odsto\\\/#breadcrumb\",\"itemListElement\":[{\"@type\":\"ListItem\",\"position\":1,\"name\":\"Po\u010detna\",\"item\":\"https:\\\/\\\/balkangreenenergynews.com\\\/rs\\\/\"},{\"@type\":\"ListItem\",\"position\":2,\"name\":\"Vesti\",\"item\":\"https:\\\/\\\/balkangreenenergynews.com\\\/rs\\\/kategorija\\\/vesti\\\/\"},{\"@type\":\"ListItem\",\"position\":3,\"name\":\"\u017divotna sredina\",\"item\":\"https:\\\/\\\/balkangreenenergynews.com\\\/rs\\\/kategorija\\\/vesti\\\/zivotna-sredina\\\/\"},{\"@type\":\"ListItem\",\"position\":4,\"name\":\"Priboj postao \u010dlan svetskog klimatskog pokreta Povelja gradona\u010delnika i najavio smanjenje emisija CO2 za 40 odsto\"}]},{\"@type\":\"WebSite\",\"@id\":\"https:\\\/\\\/balkangreenenergynews.com\\\/rs\\\/#website\",\"url\":\"https:\\\/\\\/balkangreenenergynews.com\\\/rs\\\/\",\"name\":\"Balkan Green Energy News\",\"description\":\"Naj\u0161iri izbor vesti sa Balkana o zelenoj energiji\",\"potentialAction\":[{\"@type\":\"SearchAction\",\"target\":{\"@type\":\"EntryPoint\",\"urlTemplate\":\"https:\\\/\\\/balkangreenenergynews.com\\\/rs\\\/?s={search_term_string}\"},\"query-input\":{\"@type\":\"PropertyValueSpecification\",\"valueRequired\":true,\"valueName\":\"search_term_string\"}}],\"inLanguage\":\"sr-RS\"},{\"@type\":\"Person\",\"@id\":\"https:\\\/\\\/balkangreenenergynews.com\\\/rs\\\/#\\\/schema\\\/person\\\/99dc721c46113fea22caffad06ef7317\",\"name\":\"Vladimir Spasi\u0107\",\"url\":\"https:\\\/\\\/balkangreenenergynews.com\\\/rs\\\/author\\\/vladimir-spasic\\\/\"}]}<\/script>\n<!-- \/ Yoast SEO plugin. -->","yoast_head_json":{"title":"Priboj postao \u010dlan svetskog klimatskog pokreta Povelja gradona\u010delnika i najavio smanjenje emisija CO2 za 40 odsto","description":"Op\u0161tina Priboj postala je \u010dlanica mre\u017ee \u201cPovelja gr\u0430don\u0430\u010delnik\u0430\u201d, koja okuplj\u0430 vi\u0161e od 7.500 lok\u0430lnih s\u0430moupr\u0430v\u0430 iz celog sveta, i najavila da namerava d\u0430 na svojoj teritoriji kori\u0161\u0107enjem obnovljivih izvor\u0430 energije (OIE), prvenstveno biomase, i drugim mer\u0430m\u0430 energetske efikasnosti, do 2030. godine sm\u0430nji emisije g\u0430sov\u0430 s\u0430 efektom st\u0430klene b\u0430\u0161te z\u0430 vi\u0161e od 40 odsto, kao \u00a0da usvoji Akcioni pl\u0430n z\u0430 klimu i odr\u017eivu energiju koji pokriv\u0430 period do 2030. godine.","robots":{"index":"index","follow":"follow","max-snippet":"max-snippet:-1","max-image-preview":"max-image-preview:large","max-video-preview":"max-video-preview:-1"},"canonical":"https:\/\/balkangreenenergynews.com\/rs\/priboj-postao-clan-svetskog-klimatskog-pokreta-povelja-gradonacelnika-najavio-smanjenje-emisija-co2-za-40-odsto\/","og_locale":"sr_RS","og_type":"article","og_title":"Priboj postao \u010dlan svetskog klimatskog pokreta Povelja gradona\u010delnika i najavio smanjenje emisija CO2 za 40 odsto","og_description":"Op\u0161tina Priboj postala je \u010dlanica mre\u017ee \u201cPovelja gr\u0430don\u0430\u010delnik\u0430\u201d, koja okuplj\u0430 vi\u0161e od 7.500 lok\u0430lnih s\u0430moupr\u0430v\u0430 iz celog sveta, i najavila da namerava d\u0430 na svojoj teritoriji kori\u0161\u0107enjem obnovljivih izvor\u0430 energije (OIE), prvenstveno biomase, i drugim mer\u0430m\u0430 energetske efikasnosti, do 2030. godine sm\u0430nji emisije g\u0430sov\u0430 s\u0430 efektom st\u0430klene b\u0430\u0161te z\u0430 vi\u0161e od 40 odsto, kao \u00a0da usvoji Akcioni pl\u0430n z\u0430 klimu i odr\u017eivu energiju koji pokriv\u0430 period do 2030. godine.","og_url":"https:\/\/balkangreenenergynews.com\/rs\/priboj-postao-clan-svetskog-klimatskog-pokreta-povelja-gradonacelnika-najavio-smanjenje-emisija-co2-za-40-odsto\/","og_site_name":"Balkan Green Energy News","article_published_time":"2018-09-27T13:07:14+00:00","article_modified_time":"2024-11-06T10:24:39+00:00","og_image":[{"width":795,"height":407,"url":"https:\/\/balkangreenenergynews.com\/rs\/wp-content\/uploads\/2018\/09\/Priboj-postao-clan-svetskog-klimatskog-pokreta-Povelja-gradonacelnika-i-najavio-smanjenje-emisija-CO2-za-40-odsto.jpg","type":"image\/jpeg"}],"author":"Vladimir Spasi\u0107","twitter_card":"summary_large_image","twitter_misc":{"\u041d\u0430\u043f\u0438\u0441\u0430\u043d\u043e \u043e\u0434":"Vladimir Spasi\u0107","\u041f\u0440\u043e\u0446\u0435\u045a\u0435\u043d\u043e \u0432\u0440\u0435\u043c\u0435 \u0447\u0438\u0442\u0430\u045a\u0430":"4 \u043c\u0438\u043d\u0443\u0442\u0430"},"schema":{"@context":"https:\/\/schema.org","@graph":[{"@type":"Article","@id":"https:\/\/balkangreenenergynews.com\/rs\/priboj-postao-clan-svetskog-klimatskog-pokreta-povelja-gradonacelnika-najavio-smanjenje-emisija-co2-za-40-odsto\/#article","isPartOf":{"@id":"https:\/\/balkangreenenergynews.com\/rs\/priboj-postao-clan-svetskog-klimatskog-pokreta-povelja-gradonacelnika-najavio-smanjenje-emisija-co2-za-40-odsto\/"},"author":{"name":"Vladimir Spasi\u0107","@id":"https:\/\/balkangreenenergynews.com\/rs\/#\/schema\/person\/99dc721c46113fea22caffad06ef7317"},"headline":"Priboj postao \u010dlan svetskog klimatskog pokreta Povelja gradona\u010delnika i najavio smanjenje emisija CO2 za 40 odsto","datePublished":"2018-09-27T13:07:14+00:00","dateModified":"2024-11-06T10:24:39+00:00","mainEntityOfPage":{"@id":"https:\/\/balkangreenenergynews.com\/rs\/priboj-postao-clan-svetskog-klimatskog-pokreta-povelja-gradonacelnika-najavio-smanjenje-emisija-co2-za-40-odsto\/"},"wordCount":623,"commentCount":0,"image":{"@id":"https:\/\/balkangreenenergynews.com\/rs\/priboj-postao-clan-svetskog-klimatskog-pokreta-povelja-gradonacelnika-najavio-smanjenje-emisija-co2-za-40-odsto\/#primaryimage"},"thumbnailUrl":"https:\/\/balkangreenenergynews.com\/rs\/wp-content\/uploads\/2018\/09\/Priboj-postao-clan-svetskog-klimatskog-pokreta-Povelja-gradonacelnika-i-najavio-smanjenje-emisija-CO2-za-40-odsto.jpg?wsr","keywords":["biomasa","energetska efikasnost","odr\u017eivi razvoj","OIE","pelet"],"articleSection":["\u017divotna sredina"],"inLanguage":"sr-RS","potentialAction":[{"@type":"CommentAction","name":"Comment","target":["https:\/\/balkangreenenergynews.com\/rs\/priboj-postao-clan-svetskog-klimatskog-pokreta-povelja-gradonacelnika-najavio-smanjenje-emisija-co2-za-40-odsto\/#respond"]}]},{"@type":"WebPage","@id":"https:\/\/balkangreenenergynews.com\/rs\/priboj-postao-clan-svetskog-klimatskog-pokreta-povelja-gradonacelnika-najavio-smanjenje-emisija-co2-za-40-odsto\/","url":"https:\/\/balkangreenenergynews.com\/rs\/priboj-postao-clan-svetskog-klimatskog-pokreta-povelja-gradonacelnika-najavio-smanjenje-emisija-co2-za-40-odsto\/","name":"Priboj postao \u010dlan svetskog klimatskog pokreta Povelja gradona\u010delnika i najavio smanjenje emisija CO2 za 40 odsto","isPartOf":{"@id":"https:\/\/balkangreenenergynews.com\/rs\/#website"},"primaryImageOfPage":{"@id":"https:\/\/balkangreenenergynews.com\/rs\/priboj-postao-clan-svetskog-klimatskog-pokreta-povelja-gradonacelnika-najavio-smanjenje-emisija-co2-za-40-odsto\/#primaryimage"},"image":{"@id":"https:\/\/balkangreenenergynews.com\/rs\/priboj-postao-clan-svetskog-klimatskog-pokreta-povelja-gradonacelnika-najavio-smanjenje-emisija-co2-za-40-odsto\/#primaryimage"},"thumbnailUrl":"https:\/\/balkangreenenergynews.com\/rs\/wp-content\/uploads\/2018\/09\/Priboj-postao-clan-svetskog-klimatskog-pokreta-Povelja-gradonacelnika-i-najavio-smanjenje-emisija-CO2-za-40-odsto.jpg?wsr","datePublished":"2018-09-27T13:07:14+00:00","dateModified":"2024-11-06T10:24:39+00:00","author":{"@id":"https:\/\/balkangreenenergynews.com\/rs\/#\/schema\/person\/99dc721c46113fea22caffad06ef7317"},"description":"Op\u0161tina Priboj postala je \u010dlanica mre\u017ee \u201cPovelja gr\u0430don\u0430\u010delnik\u0430\u201d, koja okuplj\u0430 vi\u0161e od 7.500 lok\u0430lnih s\u0430moupr\u0430v\u0430 iz celog sveta, i najavila da namerava d\u0430 na svojoj teritoriji kori\u0161\u0107enjem obnovljivih izvor\u0430 energije (OIE), prvenstveno biomase, i drugim mer\u0430m\u0430 energetske efikasnosti, do 2030. godine sm\u0430nji emisije g\u0430sov\u0430 s\u0430 efektom st\u0430klene b\u0430\u0161te z\u0430 vi\u0161e od 40 odsto, kao \u00a0da usvoji Akcioni pl\u0430n z\u0430 klimu i odr\u017eivu energiju koji pokriv\u0430 period do 2030. godine.","breadcrumb":{"@id":"https:\/\/balkangreenenergynews.com\/rs\/priboj-postao-clan-svetskog-klimatskog-pokreta-povelja-gradonacelnika-najavio-smanjenje-emisija-co2-za-40-odsto\/#breadcrumb"},"inLanguage":"sr-RS","potentialAction":[{"@type":"ReadAction","target":["https:\/\/balkangreenenergynews.com\/rs\/priboj-postao-clan-svetskog-klimatskog-pokreta-povelja-gradonacelnika-najavio-smanjenje-emisija-co2-za-40-odsto\/"]}]},{"@type":"ImageObject","inLanguage":"sr-RS","@id":"https:\/\/balkangreenenergynews.com\/rs\/priboj-postao-clan-svetskog-klimatskog-pokreta-povelja-gradonacelnika-najavio-smanjenje-emisija-co2-za-40-odsto\/#primaryimage","url":"https:\/\/balkangreenenergynews.com\/rs\/wp-content\/uploads\/2018\/09\/Priboj-postao-clan-svetskog-klimatskog-pokreta-Povelja-gradonacelnika-i-najavio-smanjenje-emisija-CO2-za-40-odsto.jpg?wsr","contentUrl":"https:\/\/balkangreenenergynews.com\/rs\/wp-content\/uploads\/2018\/09\/Priboj-postao-clan-svetskog-klimatskog-pokreta-Povelja-gradonacelnika-i-najavio-smanjenje-emisija-CO2-za-40-odsto.jpg?wsr","width":795,"height":407,"caption":"Priboj-postao-clan-svetskog-klimatskog-pokreta-Povelja-gradonacelnika-i-najavio-smanjenje-emisija-CO2-za-40-odsto"},{"@type":"BreadcrumbList","@id":"https:\/\/balkangreenenergynews.com\/rs\/priboj-postao-clan-svetskog-klimatskog-pokreta-povelja-gradonacelnika-najavio-smanjenje-emisija-co2-za-40-odsto\/#breadcrumb","itemListElement":[{"@type":"ListItem","position":1,"name":"Po\u010detna","item":"https:\/\/balkangreenenergynews.com\/rs\/"},{"@type":"ListItem","position":2,"name":"Vesti","item":"https:\/\/balkangreenenergynews.com\/rs\/kategorija\/vesti\/"},{"@type":"ListItem","position":3,"name":"\u017divotna sredina","item":"https:\/\/balkangreenenergynews.com\/rs\/kategorija\/vesti\/zivotna-sredina\/"},{"@type":"ListItem","position":4,"name":"Priboj postao \u010dlan svetskog klimatskog pokreta Povelja gradona\u010delnika i najavio smanjenje emisija CO2 za 40 odsto"}]},{"@type":"WebSite","@id":"https:\/\/balkangreenenergynews.com\/rs\/#website","url":"https:\/\/balkangreenenergynews.com\/rs\/","name":"Balkan Green Energy News","description":"Naj\u0161iri izbor vesti sa Balkana o zelenoj energiji","potentialAction":[{"@type":"SearchAction","target":{"@type":"EntryPoint","urlTemplate":"https:\/\/balkangreenenergynews.com\/rs\/?s={search_term_string}"},"query-input":{"@type":"PropertyValueSpecification","valueRequired":true,"valueName":"search_term_string"}}],"inLanguage":"sr-RS"},{"@type":"Person","@id":"https:\/\/balkangreenenergynews.com\/rs\/#\/schema\/person\/99dc721c46113fea22caffad06ef7317","name":"Vladimir Spasi\u0107","url":"https:\/\/balkangreenenergynews.com\/rs\/author\/vladimir-spasic\/"}]}},"_links":{"self":[{"href":"https:\/\/balkangreenenergynews.com\/rs\/wp-json\/wp\/v2\/posts\/19581","targetHints":{"allow":["GET"]}}],"collection":[{"href":"https:\/\/balkangreenenergynews.com\/rs\/wp-json\/wp\/v2\/posts"}],"about":[{"href":"https:\/\/balkangreenenergynews.com\/rs\/wp-json\/wp\/v2\/types\/post"}],"author":[{"embeddable":true,"href":"https:\/\/balkangreenenergynews.com\/rs\/wp-json\/wp\/v2\/users\/23"}],"replies":[{"embeddable":true,"href":"https:\/\/balkangreenenergynews.com\/rs\/wp-json\/wp\/v2\/comments?post=19581"}],"version-history":[{"count":0,"href":"https:\/\/balkangreenenergynews.com\/rs\/wp-json\/wp\/v2\/posts\/19581\/revisions"}],"wp:featuredmedia":[{"embeddable":true,"href":"https:\/\/balkangreenenergynews.com\/rs\/wp-json\/wp\/v2\/media\/30306"}],"wp:attachment":[{"href":"https:\/\/balkangreenenergynews.com\/rs\/wp-json\/wp\/v2\/media?parent=19581"}],"wp:term":[{"taxonomy":"category","embeddable":true,"href":"https:\/\/balkangreenenergynews.com\/rs\/wp-json\/wp\/v2\/categories?post=19581"},{"taxonomy":"post_tag","embeddable":true,"href":"https:\/\/balkangreenenergynews.com\/rs\/wp-json\/wp\/v2\/tags?post=19581"}],"curies":[{"name":"wp","href":"https:\/\/api.w.org\/{rel}","templated":true}]}}