{"id":19464,"date":"2018-09-21T17:01:43","date_gmt":"2018-09-21T15:01:43","guid":{"rendered":"https:\/\/balkangreenenergynews.com\/rs\/?p=19464"},"modified":"2018-09-25T09:29:07","modified_gmt":"2018-09-25T07:29:07","slug":"jure-leben-novi-ministar-za-zivotnu-sredinu-koji-se-zalaze-za-potpunu-zabranu-plasticnih-kesa","status":"publish","type":"post","link":"https:\/\/balkangreenenergynews.com\/rs\/jure-leben-novi-ministar-za-zivotnu-sredinu-koji-se-zalaze-za-potpunu-zabranu-plasticnih-kesa\/","title":{"rendered":"Jure Leben, novi ministar za \u017eivotnu sredinu koji se zala\u017ee za potpunu zabranu plasti\u010dnih kesa"},"content":{"rendered":"<h2>Novi slovena\u010dki ministar za \u017eivotnu sredinu i prostorno planiranje Jure Leben je stru\u010dnjak za za\u0161titu \u017eivotne sredine obrazovan u Sjedinjenim Ameri\u010dkim Dr\u017eavama i Velikoj Britaniji, koji se, izme\u0111u ostalog, zala\u017ee za potpunu zabranu plasti\u010dnih kesa.<\/h2>\n<p>Prema slovena\u010dkim medijima, novi ministar c\u0301e se suo\u010diti sa puno otvorenih pitanja u svom sektoru, uklju\u010dujuc\u0301i ambala\u017eni otpad, rehabilitaciju kontaminiranih lokacija, mere za prevenciju poplava, kao i nekoliko osporavanih projekata, poput \u0161estog bloka u Termoelektrani \u0160o\u0161tanj.<\/p>\n<p>Pre nego \u0161to je imenovan za ministra, Leben je izjavio da c\u0301e se zalagati za smanjenje proizvodnje otpada. Njegova definicija upravljanja otpadom je prevencija, ponovna upotreba, recikliranje, energija iz otpada i odlaganje, preneo je zurnal24.<\/p>\n<p>Protivi se porezu na plasti\u010dne kese jer \u017eeli da ih zabrani.<\/p>\n<p>Podr\u017eavam kompletno uklanjanje plasti\u010dnih kesa \u0161to je pre moguc\u0301e, rekao je Leben.<\/p>\n<p>Nakon \u0161to je preuzeo Ministarstvo \u017eivotne sredine i prostornog planiranja od Irene Majcen, Leben je izjavio da je to ministarstvo zapostavljeno mnogo godina, a sa druge strane, reguli\u0161e izuzetno va\u017ena pitanja, prenelo je Delo.<\/p>\n<p>Ekolo\u0161ki ili prostorni problemi se ti\u010du svakog od nas, rekao je on, i naveo da ekologija mora postati sastavni deo svake politi\u010dke odluke u Sloveniji.<\/p>\n<p>U oblasti za\u0161tite \u017eivotne sredine, kao civilizacija, kasnimo ili stojimo u mestu, rekao je novi ministar.<\/p>\n<h3><span style=\"\">Ove godine dobio master diplomu\u00a0<\/span><\/h3>\n<p>Jure Leben je diplomirao za\u0161titu \u017eivotne sredine u Sjedinjenim Ameri\u010dkim Dr\u017eavama, a zatim zavr\u0161io specijalisti\u010dke studije o \u017eivotnoj sredini na Univerzitetu Oksford Bruks u vreme dok je radio za transportni institut TRL u Londonu, gde je bio odgovoran za procenu uticaja transportnih sistema na \u017eivotnu sredinu.<\/p>\n<p>Ove godine dobio je master diplomu na Univerzitetu u Hertford\u0161iru.<\/p>\n<p>\u0160ef Centra za obnovljive izvore energije i za\u0161titu \u017eivotne sredine u Pivki postao je 2008. godine, pre nego \u0161to je pre\u0161ao u Kancelariju za klimatske promene Slovenije, gde je bio odgovoran za razvoj energetskih i novih politika zelenih tehnologija, kao i za upravljanje evropskim projektima. U Ministarstvo poljoprivrede i za\u0161tite \u017eivotne sredine po\u010deo je da radi 2012. godine i bio je zadu\u017een za uvo\u0111enje EKO etiketa, eko inovacija, i druge poslove.<\/p>\n<p>U 2016. godini postao je dr\u017eavni sekretar u Ministarstvu infrastrukture zadu\u017een za upravljanje najvec\u0301im dr\u017eavnim infrastrukturnim projektom u zemlji, izgradnju druge pruge, navodi se u zvani\u010dnoj biografiji na portalu ministarstva.<\/p>\n<p>Portal oe.finance prenosi da je u oktobru 2014. imenovan za dr\u017eavnog sekretara u Ministarstvu \u017eivotne sredine i prostornog planiranja, ali je podneo ostavku posle mesec dana.<\/p>\n","protected":false},"excerpt":{"rendered":"<p>Novi slovena\u010dki ministar za \u017eivotnu sredinu i prostorno planiranje Jure Leben je stru\u010dnjak za za\u0161titu&#8230;<\/p>\n","protected":false},"author":23,"featured_media":19465,"comment_status":"open","ping_status":"closed","sticky":false,"template":"","format":"standard","meta":{"_acf_changed":false,"_monsterinsights_skip_tracking":false,"_monsterinsights_sitenote_active":false,"_monsterinsights_sitenote_note":"","_monsterinsights_sitenote_category":0,"footnotes":""},"categories":[4],"tags":[679,3390],"class_list":["post-19464","post","type-post","status-publish","format-standard","has-post-thumbnail","hentry","category-zivotna-sredina","tag-otpad","tag-plasticne-kese","country-slovenija"],"acf":[],"yoast_head":"<!-- This site is optimized with the Yoast SEO plugin v27.4 - https:\/\/yoast.com\/product\/yoast-seo-wordpress\/ -->\n<title>Jure Leben, novi ministar za \u017eivotnu sredinu koji se zala\u017ee za potpunu zabranu plasti\u010dnih kesa<\/title>\n<meta name=\"description\" content=\"Novi slovena\u010dki ministar za \u017eivotnu sredinu i prostorno planiranje Jure Leben je stru\u010dnjak za za\u0161titu \u017eivotne sredine obrazovan u Sjedinjenim Ameri\u010dkim Dr\u017eavama i Velikoj Britaniji, koji se, izme\u0111u ostalog, zala\u017ee za potpunu zabranu plasti\u010dnih kesa.\" \/>\n<meta name=\"robots\" content=\"index, follow, max-snippet:-1, max-image-preview:large, max-video-preview:-1\" \/>\n<link rel=\"canonical\" href=\"https:\/\/balkangreenenergynews.com\/rs\/jure-leben-novi-ministar-za-zivotnu-sredinu-koji-se-zalaze-za-potpunu-zabranu-plasticnih-kesa\/\" \/>\n<meta property=\"og:locale\" content=\"sr_RS\" \/>\n<meta property=\"og:type\" content=\"article\" \/>\n<meta property=\"og:title\" content=\"Jure Leben, novi ministar za \u017eivotnu sredinu koji se zala\u017ee za potpunu zabranu plasti\u010dnih kesa\" \/>\n<meta property=\"og:description\" content=\"Novi slovena\u010dki ministar za \u017eivotnu sredinu i prostorno planiranje Jure Leben je stru\u010dnjak za za\u0161titu \u017eivotne sredine obrazovan u Sjedinjenim Ameri\u010dkim Dr\u017eavama i Velikoj Britaniji, koji se, izme\u0111u ostalog, zala\u017ee za potpunu zabranu plasti\u010dnih kesa.\" \/>\n<meta property=\"og:url\" content=\"https:\/\/balkangreenenergynews.com\/rs\/jure-leben-novi-ministar-za-zivotnu-sredinu-koji-se-zalaze-za-potpunu-zabranu-plasticnih-kesa\/\" \/>\n<meta property=\"og:site_name\" content=\"Balkan Green Energy News\" \/>\n<meta property=\"article:published_time\" content=\"2018-09-21T15:01:43+00:00\" \/>\n<meta property=\"article:modified_time\" content=\"2018-09-25T07:29:07+00:00\" \/>\n<meta property=\"og:image\" content=\"https:\/\/balkangreenenergynews.com\/rs\/wp-content\/uploads\/2018\/09\/Jure-Leben-new-environment-minister-who-advocates-total-ban-of-plastic-bags.jpg\" \/>\n\t<meta property=\"og:image:width\" content=\"795\" \/>\n\t<meta property=\"og:image:height\" content=\"407\" \/>\n\t<meta property=\"og:image:type\" content=\"image\/jpeg\" \/>\n<meta name=\"author\" content=\"Vladimir Spasi\u0107\" \/>\n<meta name=\"twitter:card\" content=\"summary_large_image\" \/>\n<meta name=\"twitter:label1\" content=\"\u041d\u0430\u043f\u0438\u0441\u0430\u043d\u043e \u043e\u0434\" \/>\n\t<meta name=\"twitter:data1\" content=\"Vladimir Spasi\u0107\" \/>\n\t<meta name=\"twitter:label2\" content=\"\u041f\u0440\u043e\u0446\u0435\u045a\u0435\u043d\u043e \u0432\u0440\u0435\u043c\u0435 \u0447\u0438\u0442\u0430\u045a\u0430\" \/>\n\t<meta name=\"twitter:data2\" content=\"2 \u043c\u0438\u043d\u0443\u0442\u0430\" \/>\n<script type=\"application\/ld+json\" class=\"yoast-schema-graph\">{\"@context\":\"https:\\\/\\\/schema.org\",\"@graph\":[{\"@type\":\"Article\",\"@id\":\"https:\\\/\\\/balkangreenenergynews.com\\\/rs\\\/jure-leben-novi-ministar-za-zivotnu-sredinu-koji-se-zalaze-za-potpunu-zabranu-plasticnih-kesa\\\/#article\",\"isPartOf\":{\"@id\":\"https:\\\/\\\/balkangreenenergynews.com\\\/rs\\\/jure-leben-novi-ministar-za-zivotnu-sredinu-koji-se-zalaze-za-potpunu-zabranu-plasticnih-kesa\\\/\"},\"author\":{\"name\":\"Vladimir Spasi\u0107\",\"@id\":\"https:\\\/\\\/balkangreenenergynews.com\\\/rs\\\/#\\\/schema\\\/person\\\/99dc721c46113fea22caffad06ef7317\"},\"headline\":\"Jure Leben, novi ministar za \u017eivotnu sredinu koji se zala\u017ee za potpunu zabranu plasti\u010dnih kesa\",\"datePublished\":\"2018-09-21T15:01:43+00:00\",\"dateModified\":\"2018-09-25T07:29:07+00:00\",\"mainEntityOfPage\":{\"@id\":\"https:\\\/\\\/balkangreenenergynews.com\\\/rs\\\/jure-leben-novi-ministar-za-zivotnu-sredinu-koji-se-zalaze-za-potpunu-zabranu-plasticnih-kesa\\\/\"},\"wordCount\":450,\"commentCount\":0,\"image\":{\"@id\":\"https:\\\/\\\/balkangreenenergynews.com\\\/rs\\\/jure-leben-novi-ministar-za-zivotnu-sredinu-koji-se-zalaze-za-potpunu-zabranu-plasticnih-kesa\\\/#primaryimage\"},\"thumbnailUrl\":\"https:\\\/\\\/balkangreenenergynews.com\\\/rs\\\/wp-content\\\/uploads\\\/2018\\\/09\\\/Jure-Leben-new-environment-minister-who-advocates-total-ban-of-plastic-bags.jpg?wsr\",\"keywords\":[\"otpad\",\"plasti\u010dne kese\"],\"articleSection\":[\"\u017divotna sredina\"],\"inLanguage\":\"sr-RS\",\"potentialAction\":[{\"@type\":\"CommentAction\",\"name\":\"Comment\",\"target\":[\"https:\\\/\\\/balkangreenenergynews.com\\\/rs\\\/jure-leben-novi-ministar-za-zivotnu-sredinu-koji-se-zalaze-za-potpunu-zabranu-plasticnih-kesa\\\/#respond\"]}]},{\"@type\":\"WebPage\",\"@id\":\"https:\\\/\\\/balkangreenenergynews.com\\\/rs\\\/jure-leben-novi-ministar-za-zivotnu-sredinu-koji-se-zalaze-za-potpunu-zabranu-plasticnih-kesa\\\/\",\"url\":\"https:\\\/\\\/balkangreenenergynews.com\\\/rs\\\/jure-leben-novi-ministar-za-zivotnu-sredinu-koji-se-zalaze-za-potpunu-zabranu-plasticnih-kesa\\\/\",\"name\":\"Jure Leben, novi ministar za \u017eivotnu sredinu koji se zala\u017ee za potpunu zabranu plasti\u010dnih kesa\",\"isPartOf\":{\"@id\":\"https:\\\/\\\/balkangreenenergynews.com\\\/rs\\\/#website\"},\"primaryImageOfPage\":{\"@id\":\"https:\\\/\\\/balkangreenenergynews.com\\\/rs\\\/jure-leben-novi-ministar-za-zivotnu-sredinu-koji-se-zalaze-za-potpunu-zabranu-plasticnih-kesa\\\/#primaryimage\"},\"image\":{\"@id\":\"https:\\\/\\\/balkangreenenergynews.com\\\/rs\\\/jure-leben-novi-ministar-za-zivotnu-sredinu-koji-se-zalaze-za-potpunu-zabranu-plasticnih-kesa\\\/#primaryimage\"},\"thumbnailUrl\":\"https:\\\/\\\/balkangreenenergynews.com\\\/rs\\\/wp-content\\\/uploads\\\/2018\\\/09\\\/Jure-Leben-new-environment-minister-who-advocates-total-ban-of-plastic-bags.jpg?wsr\",\"datePublished\":\"2018-09-21T15:01:43+00:00\",\"dateModified\":\"2018-09-25T07:29:07+00:00\",\"author\":{\"@id\":\"https:\\\/\\\/balkangreenenergynews.com\\\/rs\\\/#\\\/schema\\\/person\\\/99dc721c46113fea22caffad06ef7317\"},\"description\":\"Novi slovena\u010dki ministar za \u017eivotnu sredinu i prostorno planiranje Jure Leben je stru\u010dnjak za za\u0161titu \u017eivotne sredine obrazovan u Sjedinjenim Ameri\u010dkim Dr\u017eavama i Velikoj Britaniji, koji se, izme\u0111u ostalog, zala\u017ee za potpunu zabranu plasti\u010dnih kesa.\",\"breadcrumb\":{\"@id\":\"https:\\\/\\\/balkangreenenergynews.com\\\/rs\\\/jure-leben-novi-ministar-za-zivotnu-sredinu-koji-se-zalaze-za-potpunu-zabranu-plasticnih-kesa\\\/#breadcrumb\"},\"inLanguage\":\"sr-RS\",\"potentialAction\":[{\"@type\":\"ReadAction\",\"target\":[\"https:\\\/\\\/balkangreenenergynews.com\\\/rs\\\/jure-leben-novi-ministar-za-zivotnu-sredinu-koji-se-zalaze-za-potpunu-zabranu-plasticnih-kesa\\\/\"]}]},{\"@type\":\"ImageObject\",\"inLanguage\":\"sr-RS\",\"@id\":\"https:\\\/\\\/balkangreenenergynews.com\\\/rs\\\/jure-leben-novi-ministar-za-zivotnu-sredinu-koji-se-zalaze-za-potpunu-zabranu-plasticnih-kesa\\\/#primaryimage\",\"url\":\"https:\\\/\\\/balkangreenenergynews.com\\\/rs\\\/wp-content\\\/uploads\\\/2018\\\/09\\\/Jure-Leben-new-environment-minister-who-advocates-total-ban-of-plastic-bags.jpg?wsr\",\"contentUrl\":\"https:\\\/\\\/balkangreenenergynews.com\\\/rs\\\/wp-content\\\/uploads\\\/2018\\\/09\\\/Jure-Leben-new-environment-minister-who-advocates-total-ban-of-plastic-bags.jpg?wsr\",\"width\":795,\"height\":407,\"caption\":\"Jure-Leben,-new-environment-minister-who-advocates-total-ban-of-plastic-bags\"},{\"@type\":\"BreadcrumbList\",\"@id\":\"https:\\\/\\\/balkangreenenergynews.com\\\/rs\\\/jure-leben-novi-ministar-za-zivotnu-sredinu-koji-se-zalaze-za-potpunu-zabranu-plasticnih-kesa\\\/#breadcrumb\",\"itemListElement\":[{\"@type\":\"ListItem\",\"position\":1,\"name\":\"Po\u010detna\",\"item\":\"https:\\\/\\\/balkangreenenergynews.com\\\/rs\\\/\"},{\"@type\":\"ListItem\",\"position\":2,\"name\":\"Vesti\",\"item\":\"https:\\\/\\\/balkangreenenergynews.com\\\/rs\\\/kategorija\\\/vesti\\\/\"},{\"@type\":\"ListItem\",\"position\":3,\"name\":\"\u017divotna sredina\",\"item\":\"https:\\\/\\\/balkangreenenergynews.com\\\/rs\\\/kategorija\\\/vesti\\\/zivotna-sredina\\\/\"},{\"@type\":\"ListItem\",\"position\":4,\"name\":\"Jure Leben, novi ministar za \u017eivotnu sredinu koji se zala\u017ee za potpunu zabranu plasti\u010dnih kesa\"}]},{\"@type\":\"WebSite\",\"@id\":\"https:\\\/\\\/balkangreenenergynews.com\\\/rs\\\/#website\",\"url\":\"https:\\\/\\\/balkangreenenergynews.com\\\/rs\\\/\",\"name\":\"Balkan Green Energy News\",\"description\":\"Naj\u0161iri izbor vesti sa Balkana o zelenoj energiji\",\"potentialAction\":[{\"@type\":\"SearchAction\",\"target\":{\"@type\":\"EntryPoint\",\"urlTemplate\":\"https:\\\/\\\/balkangreenenergynews.com\\\/rs\\\/?s={search_term_string}\"},\"query-input\":{\"@type\":\"PropertyValueSpecification\",\"valueRequired\":true,\"valueName\":\"search_term_string\"}}],\"inLanguage\":\"sr-RS\"},{\"@type\":\"Person\",\"@id\":\"https:\\\/\\\/balkangreenenergynews.com\\\/rs\\\/#\\\/schema\\\/person\\\/99dc721c46113fea22caffad06ef7317\",\"name\":\"Vladimir Spasi\u0107\",\"url\":\"https:\\\/\\\/balkangreenenergynews.com\\\/rs\\\/author\\\/vladimir-spasic\\\/\"}]}<\/script>\n<!-- \/ Yoast SEO plugin. -->","yoast_head_json":{"title":"Jure Leben, novi ministar za \u017eivotnu sredinu koji se zala\u017ee za potpunu zabranu plasti\u010dnih kesa","description":"Novi slovena\u010dki ministar za \u017eivotnu sredinu i prostorno planiranje Jure Leben je stru\u010dnjak za za\u0161titu \u017eivotne sredine obrazovan u Sjedinjenim Ameri\u010dkim Dr\u017eavama i Velikoj Britaniji, koji se, izme\u0111u ostalog, zala\u017ee za potpunu zabranu plasti\u010dnih kesa.","robots":{"index":"index","follow":"follow","max-snippet":"max-snippet:-1","max-image-preview":"max-image-preview:large","max-video-preview":"max-video-preview:-1"},"canonical":"https:\/\/balkangreenenergynews.com\/rs\/jure-leben-novi-ministar-za-zivotnu-sredinu-koji-se-zalaze-za-potpunu-zabranu-plasticnih-kesa\/","og_locale":"sr_RS","og_type":"article","og_title":"Jure Leben, novi ministar za \u017eivotnu sredinu koji se zala\u017ee za potpunu zabranu plasti\u010dnih kesa","og_description":"Novi slovena\u010dki ministar za \u017eivotnu sredinu i prostorno planiranje Jure Leben je stru\u010dnjak za za\u0161titu \u017eivotne sredine obrazovan u Sjedinjenim Ameri\u010dkim Dr\u017eavama i Velikoj Britaniji, koji se, izme\u0111u ostalog, zala\u017ee za potpunu zabranu plasti\u010dnih kesa.","og_url":"https:\/\/balkangreenenergynews.com\/rs\/jure-leben-novi-ministar-za-zivotnu-sredinu-koji-se-zalaze-za-potpunu-zabranu-plasticnih-kesa\/","og_site_name":"Balkan Green Energy News","article_published_time":"2018-09-21T15:01:43+00:00","article_modified_time":"2018-09-25T07:29:07+00:00","og_image":[{"width":795,"height":407,"url":"https:\/\/balkangreenenergynews.com\/rs\/wp-content\/uploads\/2018\/09\/Jure-Leben-new-environment-minister-who-advocates-total-ban-of-plastic-bags.jpg","type":"image\/jpeg"}],"author":"Vladimir Spasi\u0107","twitter_card":"summary_large_image","twitter_misc":{"\u041d\u0430\u043f\u0438\u0441\u0430\u043d\u043e \u043e\u0434":"Vladimir Spasi\u0107","\u041f\u0440\u043e\u0446\u0435\u045a\u0435\u043d\u043e \u0432\u0440\u0435\u043c\u0435 \u0447\u0438\u0442\u0430\u045a\u0430":"2 \u043c\u0438\u043d\u0443\u0442\u0430"},"schema":{"@context":"https:\/\/schema.org","@graph":[{"@type":"Article","@id":"https:\/\/balkangreenenergynews.com\/rs\/jure-leben-novi-ministar-za-zivotnu-sredinu-koji-se-zalaze-za-potpunu-zabranu-plasticnih-kesa\/#article","isPartOf":{"@id":"https:\/\/balkangreenenergynews.com\/rs\/jure-leben-novi-ministar-za-zivotnu-sredinu-koji-se-zalaze-za-potpunu-zabranu-plasticnih-kesa\/"},"author":{"name":"Vladimir Spasi\u0107","@id":"https:\/\/balkangreenenergynews.com\/rs\/#\/schema\/person\/99dc721c46113fea22caffad06ef7317"},"headline":"Jure Leben, novi ministar za \u017eivotnu sredinu koji se zala\u017ee za potpunu zabranu plasti\u010dnih kesa","datePublished":"2018-09-21T15:01:43+00:00","dateModified":"2018-09-25T07:29:07+00:00","mainEntityOfPage":{"@id":"https:\/\/balkangreenenergynews.com\/rs\/jure-leben-novi-ministar-za-zivotnu-sredinu-koji-se-zalaze-za-potpunu-zabranu-plasticnih-kesa\/"},"wordCount":450,"commentCount":0,"image":{"@id":"https:\/\/balkangreenenergynews.com\/rs\/jure-leben-novi-ministar-za-zivotnu-sredinu-koji-se-zalaze-za-potpunu-zabranu-plasticnih-kesa\/#primaryimage"},"thumbnailUrl":"https:\/\/balkangreenenergynews.com\/rs\/wp-content\/uploads\/2018\/09\/Jure-Leben-new-environment-minister-who-advocates-total-ban-of-plastic-bags.jpg?wsr","keywords":["otpad","plasti\u010dne kese"],"articleSection":["\u017divotna sredina"],"inLanguage":"sr-RS","potentialAction":[{"@type":"CommentAction","name":"Comment","target":["https:\/\/balkangreenenergynews.com\/rs\/jure-leben-novi-ministar-za-zivotnu-sredinu-koji-se-zalaze-za-potpunu-zabranu-plasticnih-kesa\/#respond"]}]},{"@type":"WebPage","@id":"https:\/\/balkangreenenergynews.com\/rs\/jure-leben-novi-ministar-za-zivotnu-sredinu-koji-se-zalaze-za-potpunu-zabranu-plasticnih-kesa\/","url":"https:\/\/balkangreenenergynews.com\/rs\/jure-leben-novi-ministar-za-zivotnu-sredinu-koji-se-zalaze-za-potpunu-zabranu-plasticnih-kesa\/","name":"Jure Leben, novi ministar za \u017eivotnu sredinu koji se zala\u017ee za potpunu zabranu plasti\u010dnih kesa","isPartOf":{"@id":"https:\/\/balkangreenenergynews.com\/rs\/#website"},"primaryImageOfPage":{"@id":"https:\/\/balkangreenenergynews.com\/rs\/jure-leben-novi-ministar-za-zivotnu-sredinu-koji-se-zalaze-za-potpunu-zabranu-plasticnih-kesa\/#primaryimage"},"image":{"@id":"https:\/\/balkangreenenergynews.com\/rs\/jure-leben-novi-ministar-za-zivotnu-sredinu-koji-se-zalaze-za-potpunu-zabranu-plasticnih-kesa\/#primaryimage"},"thumbnailUrl":"https:\/\/balkangreenenergynews.com\/rs\/wp-content\/uploads\/2018\/09\/Jure-Leben-new-environment-minister-who-advocates-total-ban-of-plastic-bags.jpg?wsr","datePublished":"2018-09-21T15:01:43+00:00","dateModified":"2018-09-25T07:29:07+00:00","author":{"@id":"https:\/\/balkangreenenergynews.com\/rs\/#\/schema\/person\/99dc721c46113fea22caffad06ef7317"},"description":"Novi slovena\u010dki ministar za \u017eivotnu sredinu i prostorno planiranje Jure Leben je stru\u010dnjak za za\u0161titu \u017eivotne sredine obrazovan u Sjedinjenim Ameri\u010dkim Dr\u017eavama i Velikoj Britaniji, koji se, izme\u0111u ostalog, zala\u017ee za potpunu zabranu plasti\u010dnih kesa.","breadcrumb":{"@id":"https:\/\/balkangreenenergynews.com\/rs\/jure-leben-novi-ministar-za-zivotnu-sredinu-koji-se-zalaze-za-potpunu-zabranu-plasticnih-kesa\/#breadcrumb"},"inLanguage":"sr-RS","potentialAction":[{"@type":"ReadAction","target":["https:\/\/balkangreenenergynews.com\/rs\/jure-leben-novi-ministar-za-zivotnu-sredinu-koji-se-zalaze-za-potpunu-zabranu-plasticnih-kesa\/"]}]},{"@type":"ImageObject","inLanguage":"sr-RS","@id":"https:\/\/balkangreenenergynews.com\/rs\/jure-leben-novi-ministar-za-zivotnu-sredinu-koji-se-zalaze-za-potpunu-zabranu-plasticnih-kesa\/#primaryimage","url":"https:\/\/balkangreenenergynews.com\/rs\/wp-content\/uploads\/2018\/09\/Jure-Leben-new-environment-minister-who-advocates-total-ban-of-plastic-bags.jpg?wsr","contentUrl":"https:\/\/balkangreenenergynews.com\/rs\/wp-content\/uploads\/2018\/09\/Jure-Leben-new-environment-minister-who-advocates-total-ban-of-plastic-bags.jpg?wsr","width":795,"height":407,"caption":"Jure-Leben,-new-environment-minister-who-advocates-total-ban-of-plastic-bags"},{"@type":"BreadcrumbList","@id":"https:\/\/balkangreenenergynews.com\/rs\/jure-leben-novi-ministar-za-zivotnu-sredinu-koji-se-zalaze-za-potpunu-zabranu-plasticnih-kesa\/#breadcrumb","itemListElement":[{"@type":"ListItem","position":1,"name":"Po\u010detna","item":"https:\/\/balkangreenenergynews.com\/rs\/"},{"@type":"ListItem","position":2,"name":"Vesti","item":"https:\/\/balkangreenenergynews.com\/rs\/kategorija\/vesti\/"},{"@type":"ListItem","position":3,"name":"\u017divotna sredina","item":"https:\/\/balkangreenenergynews.com\/rs\/kategorija\/vesti\/zivotna-sredina\/"},{"@type":"ListItem","position":4,"name":"Jure Leben, novi ministar za \u017eivotnu sredinu koji se zala\u017ee za potpunu zabranu plasti\u010dnih kesa"}]},{"@type":"WebSite","@id":"https:\/\/balkangreenenergynews.com\/rs\/#website","url":"https:\/\/balkangreenenergynews.com\/rs\/","name":"Balkan Green Energy News","description":"Naj\u0161iri izbor vesti sa Balkana o zelenoj energiji","potentialAction":[{"@type":"SearchAction","target":{"@type":"EntryPoint","urlTemplate":"https:\/\/balkangreenenergynews.com\/rs\/?s={search_term_string}"},"query-input":{"@type":"PropertyValueSpecification","valueRequired":true,"valueName":"search_term_string"}}],"inLanguage":"sr-RS"},{"@type":"Person","@id":"https:\/\/balkangreenenergynews.com\/rs\/#\/schema\/person\/99dc721c46113fea22caffad06ef7317","name":"Vladimir Spasi\u0107","url":"https:\/\/balkangreenenergynews.com\/rs\/author\/vladimir-spasic\/"}]}},"_links":{"self":[{"href":"https:\/\/balkangreenenergynews.com\/rs\/wp-json\/wp\/v2\/posts\/19464","targetHints":{"allow":["GET"]}}],"collection":[{"href":"https:\/\/balkangreenenergynews.com\/rs\/wp-json\/wp\/v2\/posts"}],"about":[{"href":"https:\/\/balkangreenenergynews.com\/rs\/wp-json\/wp\/v2\/types\/post"}],"author":[{"embeddable":true,"href":"https:\/\/balkangreenenergynews.com\/rs\/wp-json\/wp\/v2\/users\/23"}],"replies":[{"embeddable":true,"href":"https:\/\/balkangreenenergynews.com\/rs\/wp-json\/wp\/v2\/comments?post=19464"}],"version-history":[{"count":0,"href":"https:\/\/balkangreenenergynews.com\/rs\/wp-json\/wp\/v2\/posts\/19464\/revisions"}],"wp:featuredmedia":[{"embeddable":true,"href":"https:\/\/balkangreenenergynews.com\/rs\/wp-json\/wp\/v2\/media\/19465"}],"wp:attachment":[{"href":"https:\/\/balkangreenenergynews.com\/rs\/wp-json\/wp\/v2\/media?parent=19464"}],"wp:term":[{"taxonomy":"category","embeddable":true,"href":"https:\/\/balkangreenenergynews.com\/rs\/wp-json\/wp\/v2\/categories?post=19464"},{"taxonomy":"post_tag","embeddable":true,"href":"https:\/\/balkangreenenergynews.com\/rs\/wp-json\/wp\/v2\/tags?post=19464"}],"curies":[{"name":"wp","href":"https:\/\/api.w.org\/{rel}","templated":true}]}}