{"id":19358,"date":"2018-09-17T12:28:28","date_gmt":"2018-09-17T10:28:28","guid":{"rendered":"https:\/\/balkangreenenergynews.com\/rs\/?p=19358"},"modified":"2018-09-17T13:05:41","modified_gmt":"2018-09-17T11:05:41","slug":"u-srbiji-prikupljeno-2-000-tona-smeca-na-svetski-dan-ciscenja","status":"publish","type":"post","link":"https:\/\/balkangreenenergynews.com\/rs\/u-srbiji-prikupljeno-2-000-tona-smeca-na-svetski-dan-ciscenja\/","title":{"rendered":"U Srbiji na Svetski dan \u010di\u0161\u0107enja uklonjeno 2.000 tona sme\u0107a"},"content":{"rendered":"<h2>Procenjuje se da je oko 13 miliona volontera \u0161irom sveta uzelo u\u010de\u0161\u0107e u \u201ezelenom talasu\u201c skupljanja otpada sa javnih povr\u0161ina na Svetski dan \u010di\u0161\u0107enja.<\/h2>\n<p><a href=\"https:\/\/balkangreenenergynews.com\/rs\/svetski-dan-ciscenja-se-organizuje-u-194-opstine-u-srbiji\/\">Svetski dan \u010di\u0161\u0107enja<\/a> je obele\u017een i u Srbiji, na ukupno 50 lokacija, a me\u0111u volonterima su bili i zaposleni preko 20 kompanija i banaka, uklju\u010duju\u0107i UniCredit i Erste banku, i organizacija civilnog dru\u0161tva. U Beogradu je oko 2.000 volontera radilo na osam lokacija, a pridru\u017eili su im se i ambasador SAD u Srbiji Kyle Scott i oko 50 slu\u017ebenika ambasade.<\/p>\n<p>U Srbiji je tokom akcije je uklonjeno oko 2.000 tona sme\u0107a, koje se mahom sastojalo od plasti\u010dnih fla\u0161ica. Nacionalni cilj Srbije, koja za sad nema organizovan sistem prikupljanja ambala\u017enog otpada, je da se prikupi 40% ovog otpada, prenosi RTS.<\/p>\n<p>\u201eMi sahranjujemo ogromnu koli\u010dinu novca na na\u0161im deponijama. Pripremamo program koji bi se pre svega odnosio na modifikovanje postoje\u0107eg sistema, da pre\u0111emo na sistem depozita u kome bi motivisali razne slojeve na\u0161e populacije da prikupljaju ambala\u017eu\u201c, izjavio je Filip Radovi\u0107, direktor Agencije za za\u0161titu \u017eivotne sredine, prenosi RTS.<\/p>\n<p>\u201eDve stvari su klju\u010dne \u2013 podi\u0107i kapacitete komunalnih slu\u017ebi i institucija koje su uklju\u010dene u sistem upravljanja otpadom, a druga, jo\u0161 zna\u010dajnija, jeste raditi na podizanju svesti gra\u0111ana\u201c, rekla je Kristina Cvejanov, direktorka Ekostar Pak, drugog po veli\u010dini nacionalnog operatera sistema upravljanja ambala\u017enim otpadom u Srbiji.<\/p>\n<p>Svetski dan \u010di\u0161\u0107enja je zapo\u010deo na Fid\u017eiju, a zavr\u0161io se u Ameri\u010dkoj Samoi, a jedan od organizatora, Let\u2019s Do It Foundation, je u saop\u0161tenju naveo da je vi\u0161e zemalja i delova dr\u017eava bilo prinu\u0111eno da odlo\u017ei planirane akcije zbog tropskih ciklona, tajfuna i uragana. Me\u0111u njima su Filipini, Hong Kong, Tajvan, Ju\u017ena Koreja, Makao, nekoliko saveznih ameri\u010dkih dr\u017eava i Dominikanska Republika.<\/p>\n<blockquote class=\"twitter-tweet\" data-width=\"500\" data-dnt=\"true\">\n<p lang=\"en\" dir=\"ltr\">World Cleanup Day 2018 has come to a successful end. People in 160 countries came out and showed their care for the environment, for the future of the planet.<br \/>The world is a cleaner place. Our next challenge: Keep It Clean!<br \/>Thankful beyond words, to the whole world. <a href=\"https:\/\/t.co\/S608g1Wmqi\">pic.twitter.com\/S608g1Wmqi<\/a><\/p>\n<p>&mdash; Let&#39;s Do It Foundation (@LDIFoundation) <a href=\"https:\/\/twitter.com\/LDIFoundation\/status\/1041091030307758080?ref_src=twsrc%5Etfw\">September 15, 2018<\/a><\/p><\/blockquote>\n<p><script async src=\"https:\/\/platform.twitter.com\/widgets.js\" charset=\"utf-8\"><\/script><\/p>\n<p>Najve\u0107i doprinos u ljudstvu su dale Indonezija, gde je 3,3 miliona volontera u\u010destvovalo u akciji, Pakistan, sa 3 miliona, i SAD, sa 1,5 miliona volontera. Najve\u0107i procenat populacije koji je uzeo u\u010de\u0161\u0107e u akciji, 7%, je registrovan u Kirgistanu.<\/p>\n","protected":false},"excerpt":{"rendered":"<p>Procenjuje se da je oko 13 miliona volontera \u0161irom sveta uzelo u\u010de\u0161\u0107e u \u201ezelenom talasu\u201c&#8230;<\/p>\n","protected":false},"author":20,"featured_media":19360,"comment_status":"open","ping_status":"closed","sticky":false,"template":"","format":"standard","meta":{"_acf_changed":false,"_monsterinsights_skip_tracking":false,"_monsterinsights_sitenote_active":false,"_monsterinsights_sitenote_note":"","_monsterinsights_sitenote_category":0,"footnotes":""},"categories":[5,4],"tags":[1354,4520],"class_list":["post-19358","post","type-post","status-publish","format-standard","has-post-thumbnail","hentry","category-otpad","category-zivotna-sredina","tag-filip-radovic","tag-svetski-dan-ciscenja","country-srbija"],"acf":[],"yoast_head":"<!-- This site is optimized with the Yoast SEO plugin v27.4 - https:\/\/yoast.com\/product\/yoast-seo-wordpress\/ -->\n<title>U Srbiji na Svetski dan \u010di\u0161\u0107enja uklonjeno 2.000 tona sme\u0107a<\/title>\n<meta name=\"description\" content=\"Procenjuje se da je oko 13 miliona volontera \u0161irom sveta uzelo u\u010de\u0161\u0107e u \u201ezelenom talasu\u201c skupljanja otpada sa javnih povr\u0161ina na Svetski dan \u010di\u0161\u0107enja.\" \/>\n<meta name=\"robots\" content=\"index, follow, max-snippet:-1, max-image-preview:large, max-video-preview:-1\" \/>\n<link rel=\"canonical\" href=\"https:\/\/balkangreenenergynews.com\/rs\/u-srbiji-prikupljeno-2-000-tona-smeca-na-svetski-dan-ciscenja\/\" \/>\n<meta property=\"og:locale\" content=\"sr_RS\" \/>\n<meta property=\"og:type\" content=\"article\" \/>\n<meta property=\"og:title\" content=\"U Srbiji na Svetski dan \u010di\u0161\u0107enja uklonjeno 2.000 tona sme\u0107a\" \/>\n<meta property=\"og:description\" content=\"Procenjuje se da je oko 13 miliona volontera \u0161irom sveta uzelo u\u010de\u0161\u0107e u \u201ezelenom talasu\u201c skupljanja otpada sa javnih povr\u0161ina na Svetski dan \u010di\u0161\u0107enja.\" \/>\n<meta property=\"og:url\" content=\"https:\/\/balkangreenenergynews.com\/rs\/u-srbiji-prikupljeno-2-000-tona-smeca-na-svetski-dan-ciscenja\/\" \/>\n<meta property=\"og:site_name\" content=\"Balkan Green Energy News\" \/>\n<meta property=\"article:published_time\" content=\"2018-09-17T10:28:28+00:00\" \/>\n<meta property=\"article:modified_time\" content=\"2018-09-17T11:05:41+00:00\" \/>\n<meta property=\"og:image\" content=\"https:\/\/balkangreenenergynews.com\/rs\/wp-content\/uploads\/2018\/09\/U-Srbiji-prikupljeno-2.000-tona-sme\u0107a-na-Svetski-dan-\u010di\u0161\u0107enja-e1537179011517.jpg\" \/>\n\t<meta property=\"og:image:width\" content=\"795\" \/>\n\t<meta property=\"og:image:height\" content=\"407\" \/>\n\t<meta property=\"og:image:type\" content=\"image\/jpeg\" \/>\n<meta name=\"author\" content=\"Svetlana Jovanovi\u0107\" \/>\n<meta name=\"twitter:card\" content=\"summary_large_image\" \/>\n<meta name=\"twitter:label1\" content=\"\u041d\u0430\u043f\u0438\u0441\u0430\u043d\u043e \u043e\u0434\" \/>\n\t<meta name=\"twitter:data1\" content=\"Svetlana Jovanovi\u0107\" \/>\n\t<meta name=\"twitter:label2\" content=\"\u041f\u0440\u043e\u0446\u0435\u045a\u0435\u043d\u043e \u0432\u0440\u0435\u043c\u0435 \u0447\u0438\u0442\u0430\u045a\u0430\" \/>\n\t<meta name=\"twitter:data2\" content=\"2 \u043c\u0438\u043d\u0443\u0442\u0430\" \/>\n<script type=\"application\/ld+json\" class=\"yoast-schema-graph\">{\"@context\":\"https:\\\/\\\/schema.org\",\"@graph\":[{\"@type\":\"Article\",\"@id\":\"https:\\\/\\\/balkangreenenergynews.com\\\/rs\\\/u-srbiji-prikupljeno-2-000-tona-smeca-na-svetski-dan-ciscenja\\\/#article\",\"isPartOf\":{\"@id\":\"https:\\\/\\\/balkangreenenergynews.com\\\/rs\\\/u-srbiji-prikupljeno-2-000-tona-smeca-na-svetski-dan-ciscenja\\\/\"},\"author\":{\"name\":\"Svetlana Jovanovi\u0107\",\"@id\":\"https:\\\/\\\/balkangreenenergynews.com\\\/rs\\\/#\\\/schema\\\/person\\\/82b991c6efaf6b462e01800c17da5ae9\"},\"headline\":\"U Srbiji na Svetski dan \u010di\u0161\u0107enja uklonjeno 2.000 tona sme\u0107a\",\"datePublished\":\"2018-09-17T10:28:28+00:00\",\"dateModified\":\"2018-09-17T11:05:41+00:00\",\"mainEntityOfPage\":{\"@id\":\"https:\\\/\\\/balkangreenenergynews.com\\\/rs\\\/u-srbiji-prikupljeno-2-000-tona-smeca-na-svetski-dan-ciscenja\\\/\"},\"wordCount\":372,\"commentCount\":0,\"image\":{\"@id\":\"https:\\\/\\\/balkangreenenergynews.com\\\/rs\\\/u-srbiji-prikupljeno-2-000-tona-smeca-na-svetski-dan-ciscenja\\\/#primaryimage\"},\"thumbnailUrl\":\"https:\\\/\\\/balkangreenenergynews.com\\\/rs\\\/wp-content\\\/uploads\\\/2018\\\/09\\\/U-Srbiji-prikupljeno-2.000-tona-sme\u0107a-na-Svetski-dan-\u010di\u0161\u0107enja-e1537179011517.jpg?wsr\",\"keywords\":[\"Filip Radovi\u0107\",\"Svetski dan \u010di\u0161\u0107enja\"],\"articleSection\":[\"Otpad\",\"\u017divotna sredina\"],\"inLanguage\":\"sr-RS\",\"potentialAction\":[{\"@type\":\"CommentAction\",\"name\":\"Comment\",\"target\":[\"https:\\\/\\\/balkangreenenergynews.com\\\/rs\\\/u-srbiji-prikupljeno-2-000-tona-smeca-na-svetski-dan-ciscenja\\\/#respond\"]}]},{\"@type\":\"WebPage\",\"@id\":\"https:\\\/\\\/balkangreenenergynews.com\\\/rs\\\/u-srbiji-prikupljeno-2-000-tona-smeca-na-svetski-dan-ciscenja\\\/\",\"url\":\"https:\\\/\\\/balkangreenenergynews.com\\\/rs\\\/u-srbiji-prikupljeno-2-000-tona-smeca-na-svetski-dan-ciscenja\\\/\",\"name\":\"U Srbiji na Svetski dan \u010di\u0161\u0107enja uklonjeno 2.000 tona sme\u0107a\",\"isPartOf\":{\"@id\":\"https:\\\/\\\/balkangreenenergynews.com\\\/rs\\\/#website\"},\"primaryImageOfPage\":{\"@id\":\"https:\\\/\\\/balkangreenenergynews.com\\\/rs\\\/u-srbiji-prikupljeno-2-000-tona-smeca-na-svetski-dan-ciscenja\\\/#primaryimage\"},\"image\":{\"@id\":\"https:\\\/\\\/balkangreenenergynews.com\\\/rs\\\/u-srbiji-prikupljeno-2-000-tona-smeca-na-svetski-dan-ciscenja\\\/#primaryimage\"},\"thumbnailUrl\":\"https:\\\/\\\/balkangreenenergynews.com\\\/rs\\\/wp-content\\\/uploads\\\/2018\\\/09\\\/U-Srbiji-prikupljeno-2.000-tona-sme\u0107a-na-Svetski-dan-\u010di\u0161\u0107enja-e1537179011517.jpg?wsr\",\"datePublished\":\"2018-09-17T10:28:28+00:00\",\"dateModified\":\"2018-09-17T11:05:41+00:00\",\"author\":{\"@id\":\"https:\\\/\\\/balkangreenenergynews.com\\\/rs\\\/#\\\/schema\\\/person\\\/82b991c6efaf6b462e01800c17da5ae9\"},\"description\":\"Procenjuje se da je oko 13 miliona volontera \u0161irom sveta uzelo u\u010de\u0161\u0107e u \u201ezelenom talasu\u201c skupljanja otpada sa javnih povr\u0161ina na Svetski dan \u010di\u0161\u0107enja.\",\"breadcrumb\":{\"@id\":\"https:\\\/\\\/balkangreenenergynews.com\\\/rs\\\/u-srbiji-prikupljeno-2-000-tona-smeca-na-svetski-dan-ciscenja\\\/#breadcrumb\"},\"inLanguage\":\"sr-RS\",\"potentialAction\":[{\"@type\":\"ReadAction\",\"target\":[\"https:\\\/\\\/balkangreenenergynews.com\\\/rs\\\/u-srbiji-prikupljeno-2-000-tona-smeca-na-svetski-dan-ciscenja\\\/\"]}]},{\"@type\":\"ImageObject\",\"inLanguage\":\"sr-RS\",\"@id\":\"https:\\\/\\\/balkangreenenergynews.com\\\/rs\\\/u-srbiji-prikupljeno-2-000-tona-smeca-na-svetski-dan-ciscenja\\\/#primaryimage\",\"url\":\"https:\\\/\\\/balkangreenenergynews.com\\\/rs\\\/wp-content\\\/uploads\\\/2018\\\/09\\\/U-Srbiji-prikupljeno-2.000-tona-sme\u0107a-na-Svetski-dan-\u010di\u0161\u0107enja-e1537179011517.jpg?wsr\",\"contentUrl\":\"https:\\\/\\\/balkangreenenergynews.com\\\/rs\\\/wp-content\\\/uploads\\\/2018\\\/09\\\/U-Srbiji-prikupljeno-2.000-tona-sme\u0107a-na-Svetski-dan-\u010di\u0161\u0107enja-e1537179011517.jpg?wsr\",\"width\":795,\"height\":407},{\"@type\":\"BreadcrumbList\",\"@id\":\"https:\\\/\\\/balkangreenenergynews.com\\\/rs\\\/u-srbiji-prikupljeno-2-000-tona-smeca-na-svetski-dan-ciscenja\\\/#breadcrumb\",\"itemListElement\":[{\"@type\":\"ListItem\",\"position\":1,\"name\":\"Po\u010detna\",\"item\":\"https:\\\/\\\/balkangreenenergynews.com\\\/rs\\\/\"},{\"@type\":\"ListItem\",\"position\":2,\"name\":\"Vesti\",\"item\":\"https:\\\/\\\/balkangreenenergynews.com\\\/rs\\\/kategorija\\\/vesti\\\/\"},{\"@type\":\"ListItem\",\"position\":3,\"name\":\"Otpad\",\"item\":\"https:\\\/\\\/balkangreenenergynews.com\\\/rs\\\/kategorija\\\/vesti\\\/otpad\\\/\"},{\"@type\":\"ListItem\",\"position\":4,\"name\":\"U Srbiji na Svetski dan \u010di\u0161\u0107enja uklonjeno 2.000 tona sme\u0107a\"}]},{\"@type\":\"WebSite\",\"@id\":\"https:\\\/\\\/balkangreenenergynews.com\\\/rs\\\/#website\",\"url\":\"https:\\\/\\\/balkangreenenergynews.com\\\/rs\\\/\",\"name\":\"Balkan Green Energy News\",\"description\":\"Naj\u0161iri izbor vesti sa Balkana o zelenoj energiji\",\"potentialAction\":[{\"@type\":\"SearchAction\",\"target\":{\"@type\":\"EntryPoint\",\"urlTemplate\":\"https:\\\/\\\/balkangreenenergynews.com\\\/rs\\\/?s={search_term_string}\"},\"query-input\":{\"@type\":\"PropertyValueSpecification\",\"valueRequired\":true,\"valueName\":\"search_term_string\"}}],\"inLanguage\":\"sr-RS\"},{\"@type\":\"Person\",\"@id\":\"https:\\\/\\\/balkangreenenergynews.com\\\/rs\\\/#\\\/schema\\\/person\\\/82b991c6efaf6b462e01800c17da5ae9\",\"name\":\"Svetlana Jovanovi\u0107\",\"description\":\"Nakon 15 godina pisanja i ure\u0111ivanja finansijskih &amp; biznis vesti, Svetlana se od 2018. godine fokusira na teme \u017eivotne sredine i odr\u017eivog razvoja. #BeatPlasticPollution je njen omiljeni hashtag.\",\"sameAs\":[\"https:\\\/\\\/www.linkedin.com\\\/in\\\/svetlana-jovanovic-4741814b\\\/\"],\"url\":\"https:\\\/\\\/balkangreenenergynews.com\\\/rs\\\/author\\\/svetlana-jovanovic\\\/\"}]}<\/script>\n<!-- \/ Yoast SEO plugin. -->","yoast_head_json":{"title":"U Srbiji na Svetski dan \u010di\u0161\u0107enja uklonjeno 2.000 tona sme\u0107a","description":"Procenjuje se da je oko 13 miliona volontera \u0161irom sveta uzelo u\u010de\u0161\u0107e u \u201ezelenom talasu\u201c skupljanja otpada sa javnih povr\u0161ina na Svetski dan \u010di\u0161\u0107enja.","robots":{"index":"index","follow":"follow","max-snippet":"max-snippet:-1","max-image-preview":"max-image-preview:large","max-video-preview":"max-video-preview:-1"},"canonical":"https:\/\/balkangreenenergynews.com\/rs\/u-srbiji-prikupljeno-2-000-tona-smeca-na-svetski-dan-ciscenja\/","og_locale":"sr_RS","og_type":"article","og_title":"U Srbiji na Svetski dan \u010di\u0161\u0107enja uklonjeno 2.000 tona sme\u0107a","og_description":"Procenjuje se da je oko 13 miliona volontera \u0161irom sveta uzelo u\u010de\u0161\u0107e u \u201ezelenom talasu\u201c skupljanja otpada sa javnih povr\u0161ina na Svetski dan \u010di\u0161\u0107enja.","og_url":"https:\/\/balkangreenenergynews.com\/rs\/u-srbiji-prikupljeno-2-000-tona-smeca-na-svetski-dan-ciscenja\/","og_site_name":"Balkan Green Energy News","article_published_time":"2018-09-17T10:28:28+00:00","article_modified_time":"2018-09-17T11:05:41+00:00","og_image":[{"width":795,"height":407,"url":"https:\/\/balkangreenenergynews.com\/rs\/wp-content\/uploads\/2018\/09\/U-Srbiji-prikupljeno-2.000-tona-sme\u0107a-na-Svetski-dan-\u010di\u0161\u0107enja-e1537179011517.jpg","type":"image\/jpeg"}],"author":"Svetlana Jovanovi\u0107","twitter_card":"summary_large_image","twitter_misc":{"\u041d\u0430\u043f\u0438\u0441\u0430\u043d\u043e \u043e\u0434":"Svetlana Jovanovi\u0107","\u041f\u0440\u043e\u0446\u0435\u045a\u0435\u043d\u043e \u0432\u0440\u0435\u043c\u0435 \u0447\u0438\u0442\u0430\u045a\u0430":"2 \u043c\u0438\u043d\u0443\u0442\u0430"},"schema":{"@context":"https:\/\/schema.org","@graph":[{"@type":"Article","@id":"https:\/\/balkangreenenergynews.com\/rs\/u-srbiji-prikupljeno-2-000-tona-smeca-na-svetski-dan-ciscenja\/#article","isPartOf":{"@id":"https:\/\/balkangreenenergynews.com\/rs\/u-srbiji-prikupljeno-2-000-tona-smeca-na-svetski-dan-ciscenja\/"},"author":{"name":"Svetlana Jovanovi\u0107","@id":"https:\/\/balkangreenenergynews.com\/rs\/#\/schema\/person\/82b991c6efaf6b462e01800c17da5ae9"},"headline":"U Srbiji na Svetski dan \u010di\u0161\u0107enja uklonjeno 2.000 tona sme\u0107a","datePublished":"2018-09-17T10:28:28+00:00","dateModified":"2018-09-17T11:05:41+00:00","mainEntityOfPage":{"@id":"https:\/\/balkangreenenergynews.com\/rs\/u-srbiji-prikupljeno-2-000-tona-smeca-na-svetski-dan-ciscenja\/"},"wordCount":372,"commentCount":0,"image":{"@id":"https:\/\/balkangreenenergynews.com\/rs\/u-srbiji-prikupljeno-2-000-tona-smeca-na-svetski-dan-ciscenja\/#primaryimage"},"thumbnailUrl":"https:\/\/balkangreenenergynews.com\/rs\/wp-content\/uploads\/2018\/09\/U-Srbiji-prikupljeno-2.000-tona-sme\u0107a-na-Svetski-dan-\u010di\u0161\u0107enja-e1537179011517.jpg?wsr","keywords":["Filip Radovi\u0107","Svetski dan \u010di\u0161\u0107enja"],"articleSection":["Otpad","\u017divotna sredina"],"inLanguage":"sr-RS","potentialAction":[{"@type":"CommentAction","name":"Comment","target":["https:\/\/balkangreenenergynews.com\/rs\/u-srbiji-prikupljeno-2-000-tona-smeca-na-svetski-dan-ciscenja\/#respond"]}]},{"@type":"WebPage","@id":"https:\/\/balkangreenenergynews.com\/rs\/u-srbiji-prikupljeno-2-000-tona-smeca-na-svetski-dan-ciscenja\/","url":"https:\/\/balkangreenenergynews.com\/rs\/u-srbiji-prikupljeno-2-000-tona-smeca-na-svetski-dan-ciscenja\/","name":"U Srbiji na Svetski dan \u010di\u0161\u0107enja uklonjeno 2.000 tona sme\u0107a","isPartOf":{"@id":"https:\/\/balkangreenenergynews.com\/rs\/#website"},"primaryImageOfPage":{"@id":"https:\/\/balkangreenenergynews.com\/rs\/u-srbiji-prikupljeno-2-000-tona-smeca-na-svetski-dan-ciscenja\/#primaryimage"},"image":{"@id":"https:\/\/balkangreenenergynews.com\/rs\/u-srbiji-prikupljeno-2-000-tona-smeca-na-svetski-dan-ciscenja\/#primaryimage"},"thumbnailUrl":"https:\/\/balkangreenenergynews.com\/rs\/wp-content\/uploads\/2018\/09\/U-Srbiji-prikupljeno-2.000-tona-sme\u0107a-na-Svetski-dan-\u010di\u0161\u0107enja-e1537179011517.jpg?wsr","datePublished":"2018-09-17T10:28:28+00:00","dateModified":"2018-09-17T11:05:41+00:00","author":{"@id":"https:\/\/balkangreenenergynews.com\/rs\/#\/schema\/person\/82b991c6efaf6b462e01800c17da5ae9"},"description":"Procenjuje se da je oko 13 miliona volontera \u0161irom sveta uzelo u\u010de\u0161\u0107e u \u201ezelenom talasu\u201c skupljanja otpada sa javnih povr\u0161ina na Svetski dan \u010di\u0161\u0107enja.","breadcrumb":{"@id":"https:\/\/balkangreenenergynews.com\/rs\/u-srbiji-prikupljeno-2-000-tona-smeca-na-svetski-dan-ciscenja\/#breadcrumb"},"inLanguage":"sr-RS","potentialAction":[{"@type":"ReadAction","target":["https:\/\/balkangreenenergynews.com\/rs\/u-srbiji-prikupljeno-2-000-tona-smeca-na-svetski-dan-ciscenja\/"]}]},{"@type":"ImageObject","inLanguage":"sr-RS","@id":"https:\/\/balkangreenenergynews.com\/rs\/u-srbiji-prikupljeno-2-000-tona-smeca-na-svetski-dan-ciscenja\/#primaryimage","url":"https:\/\/balkangreenenergynews.com\/rs\/wp-content\/uploads\/2018\/09\/U-Srbiji-prikupljeno-2.000-tona-sme\u0107a-na-Svetski-dan-\u010di\u0161\u0107enja-e1537179011517.jpg?wsr","contentUrl":"https:\/\/balkangreenenergynews.com\/rs\/wp-content\/uploads\/2018\/09\/U-Srbiji-prikupljeno-2.000-tona-sme\u0107a-na-Svetski-dan-\u010di\u0161\u0107enja-e1537179011517.jpg?wsr","width":795,"height":407},{"@type":"BreadcrumbList","@id":"https:\/\/balkangreenenergynews.com\/rs\/u-srbiji-prikupljeno-2-000-tona-smeca-na-svetski-dan-ciscenja\/#breadcrumb","itemListElement":[{"@type":"ListItem","position":1,"name":"Po\u010detna","item":"https:\/\/balkangreenenergynews.com\/rs\/"},{"@type":"ListItem","position":2,"name":"Vesti","item":"https:\/\/balkangreenenergynews.com\/rs\/kategorija\/vesti\/"},{"@type":"ListItem","position":3,"name":"Otpad","item":"https:\/\/balkangreenenergynews.com\/rs\/kategorija\/vesti\/otpad\/"},{"@type":"ListItem","position":4,"name":"U Srbiji na Svetski dan \u010di\u0161\u0107enja uklonjeno 2.000 tona sme\u0107a"}]},{"@type":"WebSite","@id":"https:\/\/balkangreenenergynews.com\/rs\/#website","url":"https:\/\/balkangreenenergynews.com\/rs\/","name":"Balkan Green Energy News","description":"Naj\u0161iri izbor vesti sa Balkana o zelenoj energiji","potentialAction":[{"@type":"SearchAction","target":{"@type":"EntryPoint","urlTemplate":"https:\/\/balkangreenenergynews.com\/rs\/?s={search_term_string}"},"query-input":{"@type":"PropertyValueSpecification","valueRequired":true,"valueName":"search_term_string"}}],"inLanguage":"sr-RS"},{"@type":"Person","@id":"https:\/\/balkangreenenergynews.com\/rs\/#\/schema\/person\/82b991c6efaf6b462e01800c17da5ae9","name":"Svetlana Jovanovi\u0107","description":"Nakon 15 godina pisanja i ure\u0111ivanja finansijskih &amp; biznis vesti, Svetlana se od 2018. godine fokusira na teme \u017eivotne sredine i odr\u017eivog razvoja. #BeatPlasticPollution je njen omiljeni hashtag.","sameAs":["https:\/\/www.linkedin.com\/in\/svetlana-jovanovic-4741814b\/"],"url":"https:\/\/balkangreenenergynews.com\/rs\/author\/svetlana-jovanovic\/"}]}},"_links":{"self":[{"href":"https:\/\/balkangreenenergynews.com\/rs\/wp-json\/wp\/v2\/posts\/19358","targetHints":{"allow":["GET"]}}],"collection":[{"href":"https:\/\/balkangreenenergynews.com\/rs\/wp-json\/wp\/v2\/posts"}],"about":[{"href":"https:\/\/balkangreenenergynews.com\/rs\/wp-json\/wp\/v2\/types\/post"}],"author":[{"embeddable":true,"href":"https:\/\/balkangreenenergynews.com\/rs\/wp-json\/wp\/v2\/users\/20"}],"replies":[{"embeddable":true,"href":"https:\/\/balkangreenenergynews.com\/rs\/wp-json\/wp\/v2\/comments?post=19358"}],"version-history":[{"count":0,"href":"https:\/\/balkangreenenergynews.com\/rs\/wp-json\/wp\/v2\/posts\/19358\/revisions"}],"wp:featuredmedia":[{"embeddable":true,"href":"https:\/\/balkangreenenergynews.com\/rs\/wp-json\/wp\/v2\/media\/19360"}],"wp:attachment":[{"href":"https:\/\/balkangreenenergynews.com\/rs\/wp-json\/wp\/v2\/media?parent=19358"}],"wp:term":[{"taxonomy":"category","embeddable":true,"href":"https:\/\/balkangreenenergynews.com\/rs\/wp-json\/wp\/v2\/categories?post=19358"},{"taxonomy":"post_tag","embeddable":true,"href":"https:\/\/balkangreenenergynews.com\/rs\/wp-json\/wp\/v2\/tags?post=19358"}],"curies":[{"name":"wp","href":"https:\/\/api.w.org\/{rel}","templated":true}]}}