{"id":19345,"date":"2018-09-15T22:39:23","date_gmt":"2018-09-15T20:39:23","guid":{"rendered":"https:\/\/balkangreenenergynews.com\/rs\/?p=19345"},"modified":"2020-10-30T12:16:40","modified_gmt":"2020-10-30T11:16:40","slug":"giz-orf-ee-pomaze-parlamentarcima-iz-regiona-da-zajednicki-resavaju-pitanja-urbane-mobilnosti","status":"publish","type":"post","link":"https:\/\/balkangreenenergynews.com\/rs\/giz-orf-ee-pomaze-parlamentarcima-iz-regiona-da-zajednicki-resavaju-pitanja-urbane-mobilnosti\/","title":{"rendered":"GIZ ORF-EE poma\u017ee parlamentarcima iz regiona da zajedni\u010dki re\u0161avaju pitanja urbane mobilnosti"},"content":{"rendered":"<h2>Nakon vi\u0161egodi\u0161nje uspe\u0161ne saradnje sa parlamentarcima iz Jugoisto\u010dne Evrope na poljima borbe protiv klimatskih promena i energetske efikasnosti, Otvoreni regionalni fond za JIE \u2013 Energetska efikasnost (ORF-EE) je nedavno pokrenuo potprojekat \u201eRazvoj kompetencija parlamentaraca Jugoisto\u010dne Evrope u oblasti odr\u017eive urbane mobilnosti\u201c, koji ima za cilj da bli\u017ee uputi poslanike u ovu temu.<\/h2>\n<h3><span style=\"\">Region posve\u0107en smanjenju emisija gasova, ali sporo napreduje<\/span><\/h3>\n<p>Uprkos prili\u010dno ambicioznim nacionalnim doprinosima (NDC) zemalja Zapadnog Balkana, koji predvi\u0111aju smanjenje emisija sa efektom staklene ba\u0161te za 40% do 2030. godine u odnosu na nivoe iz 1990. godine, napredak na ovom polju je prili\u010dno spor. Pove\u0107anje emisija je o\u010digledno \u0161irom regiona, naro\u010dito u sektoru transporta.<\/p>\n<p>Planiranje transporta u regionu je tradicionalno bilo usredsre\u0111eno na transport robe i razvoj infrastrukture. Me\u0111utim, tehni\u010dka tela u gradovima regiona po\u010dinju da na drugi na\u010din osmi\u0161ljavaju planiranje, \u0161to ukazuje na sve ve\u0107i strate\u0161ki fokus na potrebe mobilnosti gra\u0111ana. Sa druge strane, pitanja urbane mobilnosti i odr\u017eivog urbanog planiranja nisu toliko zastupljena u javnim raspravama. Isto va\u017ei i za parlamentarne odbore zemalja u regionu. Sektorsko znanje je nedovoljno, a ve\u0107ina poslanika nije stru\u010dno osposobljena za kreiranje politike odr\u017eive urbane mobilnosti, pokretanje ciljanih inicijativa i u\u010destvovanje u regionalnoj raspravi o ovim pitanjima.<\/p>\n<h3><span style=\"\">Regionalna platforma za politi\u010dki program na polju urbane mobilnosti<\/span><\/h3>\n<p>GIZ ORF-EE godinama uspe\u0161no sara\u0111uje sa poslanicima iz regiona JIE na razvoju kapaciteta za oblikovanje politi\u010dkog programa na polju odr\u017eivog energetskog razvoja i naro\u010dito energetske efikasnosti, jednog od glavnih stubova za dostizanje\u00a0 sigurne, odr\u017eive i pristupa\u010dne energije. U ovoj va\u017enoj aktivnosti, GIZ ORF-EE podr\u017eava Mre\u017ea \u0161kola politi\u010dkih studija, koja je u\u010destvovala u\u00a0 brojnim aktivnostima i inicijativama sa parlamentarcima i drugim zainteresovananim stranama.<\/p>\n<p>Krajem pro\u0161le godine, paralelno sa \u0161irenjem obima projekta, GIZ ORF-EE i Mre\u017ea \u0161kola politi\u010dkih studija su zapo\u010deli partnerstvo sa Parlamentarnim forumom Energetske zajednice da bi\u00a0 udru\u017eenim snagama uspostavili regionalnu platformu za razmenu koja poslanicima omogu\u0107ava da jo\u0161 lak\u0161e sara\u0111uju na poljima energetske efikasnosti, borbe protiv klimatskih promena i energetski efikasnog transporta. Odnedavno, ova platforma se koristi i za uvo\u0111enje teme odr\u017eive urbane mobilnosti.<\/p>\n<p>Jasna Sekulovi\u0107, regionalna projektna menad\u017eerka ORF-EE, je rekla: \u201eU ORF-EE smo svesni sve ve\u0107eg zna\u010daja teme odr\u017eive urbane mobilnosti i kroz ovaj projekat uvodimo tu temu u postoje\u0107u saradnju sa parlamentarcima na poljima energetske efikasnosti i za\u0161tite klime. Sve na\u0161e projektne aktivnosti sa partnerima i parlamentima ZB6 bi\u0107e osmi\u0161ljene tako da se ove teme postave visoko u politi\u010dkim programima zemalja ZB6\u201c.<\/p>\n<p>GIZ ORF-EE je do sad organizovao dva studijska putovanja za parlamentarce \u2013 u Be\u010d i u <a href=\"https:\/\/balkangreenenergynews.com\/rs\/parlamentarci-ji-evrope-u-poseti-berlinu-centru-nemacke-administracije-pametnog-razvoja\/\">Berlin<\/a>, gde su imali priliku da se informi\u0161u o na\u010dinu na koji se Evropska unija i Nema\u010dka bave pitanjima transporta i mobilnosti, kao i o drugim temama. Direktna razmena poslanika iz regiona sa kolegama iz EU na poljima odr\u017eive mobilnosti, energetske efikasnosti i klimatske akcije predstavlja\u0107e dragocenu alatku za formiranje politi\u010dkih programa zemalja regiona u vezi sa ovim neodlo\u017enim pitanjima.<\/p>\n","protected":false},"excerpt":{"rendered":"<p>Nakon vi\u0161egodi\u0161nje uspe\u0161ne saradnje sa parlamentarcima iz Jugoisto\u010dne Evrope na poljima borbe protiv klimatskih promena&#8230;<\/p>\n","protected":false},"author":20,"featured_media":19347,"comment_status":"open","ping_status":"closed","sticky":false,"template":"","format":"standard","meta":{"_acf_changed":false,"_monsterinsights_skip_tracking":false,"_monsterinsights_sitenote_active":false,"_monsterinsights_sitenote_note":"","_monsterinsights_sitenote_category":0,"footnotes":""},"categories":[3,7],"tags":[276],"class_list":["post-19345","post","type-post","status-publish","format-standard","has-post-thumbnail","hentry","category-energetska-efikasnost","category-mobilnost","tag-jasna-sekulovic","country-regioneu"],"acf":[],"yoast_head":"<!-- This site is optimized with the Yoast SEO plugin v27.4 - https:\/\/yoast.com\/product\/yoast-seo-wordpress\/ -->\n<title>GIZ ORF-EE poma\u017ee parlamentarcima iz regiona da zajedni\u010dki re\u0161avaju pitanja urbane mobilnosti<\/title>\n<meta name=\"description\" content=\"Nakon vi\u0161egodi\u0161nje uspe\u0161ne saradnje sa parlamentarcima iz Jugoisto\u010dne Evrope na poljima borbe protiv klimatskih promena i energetske efikasnosti, Otvoreni regionalni fond za JIE \u2013 Energetska efikasnost (ORF-EE) je nedavno pokrenuo potprojekat\" \/>\n<meta name=\"robots\" content=\"index, follow, max-snippet:-1, max-image-preview:large, max-video-preview:-1\" \/>\n<link rel=\"canonical\" href=\"https:\/\/balkangreenenergynews.com\/rs\/giz-orf-ee-pomaze-parlamentarcima-iz-regiona-da-zajednicki-resavaju-pitanja-urbane-mobilnosti\/\" \/>\n<meta property=\"og:locale\" content=\"sr_RS\" \/>\n<meta property=\"og:type\" content=\"article\" \/>\n<meta property=\"og:title\" content=\"GIZ ORF-EE poma\u017ee parlamentarcima iz regiona da zajedni\u010dki re\u0161avaju pitanja urbane mobilnosti\" \/>\n<meta property=\"og:description\" content=\"Nakon vi\u0161egodi\u0161nje uspe\u0161ne saradnje sa parlamentarcima iz Jugoisto\u010dne Evrope na poljima borbe protiv klimatskih promena i energetske efikasnosti, Otvoreni regionalni fond za JIE \u2013 Energetska efikasnost (ORF-EE) je nedavno pokrenuo potprojekat\" \/>\n<meta property=\"og:url\" content=\"https:\/\/balkangreenenergynews.com\/rs\/giz-orf-ee-pomaze-parlamentarcima-iz-regiona-da-zajednicki-resavaju-pitanja-urbane-mobilnosti\/\" \/>\n<meta property=\"og:site_name\" content=\"Balkan Green Energy News\" \/>\n<meta property=\"article:published_time\" content=\"2018-09-15T20:39:23+00:00\" \/>\n<meta property=\"article:modified_time\" content=\"2020-10-30T11:16:40+00:00\" \/>\n<meta property=\"og:image\" content=\"https:\/\/balkangreenenergynews.com\/rs\/wp-content\/uploads\/2018\/09\/GIZ-ORF-EE-poma\u017ee-parlamentarcima-iz-regiona-da-zajedni\u010dki-re\u0161avaju-pitanja-urbane-mobilnosti.jpg\" \/>\n\t<meta property=\"og:image:width\" content=\"795\" \/>\n\t<meta property=\"og:image:height\" content=\"407\" \/>\n\t<meta property=\"og:image:type\" content=\"image\/jpeg\" \/>\n<meta name=\"author\" content=\"Svetlana Jovanovi\u0107\" \/>\n<meta name=\"twitter:card\" content=\"summary_large_image\" \/>\n<meta name=\"twitter:label1\" content=\"\u041d\u0430\u043f\u0438\u0441\u0430\u043d\u043e \u043e\u0434\" \/>\n\t<meta name=\"twitter:data1\" content=\"Svetlana Jovanovi\u0107\" \/>\n\t<meta name=\"twitter:label2\" content=\"\u041f\u0440\u043e\u0446\u0435\u045a\u0435\u043d\u043e \u0432\u0440\u0435\u043c\u0435 \u0447\u0438\u0442\u0430\u045a\u0430\" \/>\n\t<meta name=\"twitter:data2\" content=\"3 \u043c\u0438\u043d\u0443\u0442\u0430\" \/>\n<script type=\"application\/ld+json\" class=\"yoast-schema-graph\">{\"@context\":\"https:\\\/\\\/schema.org\",\"@graph\":[{\"@type\":\"Article\",\"@id\":\"https:\\\/\\\/balkangreenenergynews.com\\\/rs\\\/giz-orf-ee-pomaze-parlamentarcima-iz-regiona-da-zajednicki-resavaju-pitanja-urbane-mobilnosti\\\/#article\",\"isPartOf\":{\"@id\":\"https:\\\/\\\/balkangreenenergynews.com\\\/rs\\\/giz-orf-ee-pomaze-parlamentarcima-iz-regiona-da-zajednicki-resavaju-pitanja-urbane-mobilnosti\\\/\"},\"author\":{\"name\":\"Svetlana Jovanovi\u0107\",\"@id\":\"https:\\\/\\\/balkangreenenergynews.com\\\/rs\\\/#\\\/schema\\\/person\\\/82b991c6efaf6b462e01800c17da5ae9\"},\"headline\":\"GIZ ORF-EE poma\u017ee parlamentarcima iz regiona da zajedni\u010dki re\u0161avaju pitanja urbane mobilnosti\",\"datePublished\":\"2018-09-15T20:39:23+00:00\",\"dateModified\":\"2020-10-30T11:16:40+00:00\",\"mainEntityOfPage\":{\"@id\":\"https:\\\/\\\/balkangreenenergynews.com\\\/rs\\\/giz-orf-ee-pomaze-parlamentarcima-iz-regiona-da-zajednicki-resavaju-pitanja-urbane-mobilnosti\\\/\"},\"wordCount\":547,\"commentCount\":0,\"image\":{\"@id\":\"https:\\\/\\\/balkangreenenergynews.com\\\/rs\\\/giz-orf-ee-pomaze-parlamentarcima-iz-regiona-da-zajednicki-resavaju-pitanja-urbane-mobilnosti\\\/#primaryimage\"},\"thumbnailUrl\":\"https:\\\/\\\/balkangreenenergynews.com\\\/rs\\\/wp-content\\\/uploads\\\/2018\\\/09\\\/GIZ-ORF-EE-poma\u017ee-parlamentarcima-iz-regiona-da-zajedni\u010dki-re\u0161avaju-pitanja-urbane-mobilnosti.jpg?wsr\",\"keywords\":[\"Jasna Sekulovi\u0107\"],\"articleSection\":[\"Energetska efikasnost\",\"Mobilnost\"],\"inLanguage\":\"sr-RS\",\"potentialAction\":[{\"@type\":\"CommentAction\",\"name\":\"Comment\",\"target\":[\"https:\\\/\\\/balkangreenenergynews.com\\\/rs\\\/giz-orf-ee-pomaze-parlamentarcima-iz-regiona-da-zajednicki-resavaju-pitanja-urbane-mobilnosti\\\/#respond\"]}]},{\"@type\":\"WebPage\",\"@id\":\"https:\\\/\\\/balkangreenenergynews.com\\\/rs\\\/giz-orf-ee-pomaze-parlamentarcima-iz-regiona-da-zajednicki-resavaju-pitanja-urbane-mobilnosti\\\/\",\"url\":\"https:\\\/\\\/balkangreenenergynews.com\\\/rs\\\/giz-orf-ee-pomaze-parlamentarcima-iz-regiona-da-zajednicki-resavaju-pitanja-urbane-mobilnosti\\\/\",\"name\":\"GIZ ORF-EE poma\u017ee parlamentarcima iz regiona da zajedni\u010dki re\u0161avaju pitanja urbane mobilnosti\",\"isPartOf\":{\"@id\":\"https:\\\/\\\/balkangreenenergynews.com\\\/rs\\\/#website\"},\"primaryImageOfPage\":{\"@id\":\"https:\\\/\\\/balkangreenenergynews.com\\\/rs\\\/giz-orf-ee-pomaze-parlamentarcima-iz-regiona-da-zajednicki-resavaju-pitanja-urbane-mobilnosti\\\/#primaryimage\"},\"image\":{\"@id\":\"https:\\\/\\\/balkangreenenergynews.com\\\/rs\\\/giz-orf-ee-pomaze-parlamentarcima-iz-regiona-da-zajednicki-resavaju-pitanja-urbane-mobilnosti\\\/#primaryimage\"},\"thumbnailUrl\":\"https:\\\/\\\/balkangreenenergynews.com\\\/rs\\\/wp-content\\\/uploads\\\/2018\\\/09\\\/GIZ-ORF-EE-poma\u017ee-parlamentarcima-iz-regiona-da-zajedni\u010dki-re\u0161avaju-pitanja-urbane-mobilnosti.jpg?wsr\",\"datePublished\":\"2018-09-15T20:39:23+00:00\",\"dateModified\":\"2020-10-30T11:16:40+00:00\",\"author\":{\"@id\":\"https:\\\/\\\/balkangreenenergynews.com\\\/rs\\\/#\\\/schema\\\/person\\\/82b991c6efaf6b462e01800c17da5ae9\"},\"description\":\"Nakon vi\u0161egodi\u0161nje uspe\u0161ne saradnje sa parlamentarcima iz Jugoisto\u010dne Evrope na poljima borbe protiv klimatskih promena i energetske efikasnosti, Otvoreni regionalni fond za JIE \u2013 Energetska efikasnost (ORF-EE) je nedavno pokrenuo potprojekat\",\"breadcrumb\":{\"@id\":\"https:\\\/\\\/balkangreenenergynews.com\\\/rs\\\/giz-orf-ee-pomaze-parlamentarcima-iz-regiona-da-zajednicki-resavaju-pitanja-urbane-mobilnosti\\\/#breadcrumb\"},\"inLanguage\":\"sr-RS\",\"potentialAction\":[{\"@type\":\"ReadAction\",\"target\":[\"https:\\\/\\\/balkangreenenergynews.com\\\/rs\\\/giz-orf-ee-pomaze-parlamentarcima-iz-regiona-da-zajednicki-resavaju-pitanja-urbane-mobilnosti\\\/\"]}]},{\"@type\":\"ImageObject\",\"inLanguage\":\"sr-RS\",\"@id\":\"https:\\\/\\\/balkangreenenergynews.com\\\/rs\\\/giz-orf-ee-pomaze-parlamentarcima-iz-regiona-da-zajednicki-resavaju-pitanja-urbane-mobilnosti\\\/#primaryimage\",\"url\":\"https:\\\/\\\/balkangreenenergynews.com\\\/rs\\\/wp-content\\\/uploads\\\/2018\\\/09\\\/GIZ-ORF-EE-poma\u017ee-parlamentarcima-iz-regiona-da-zajedni\u010dki-re\u0161avaju-pitanja-urbane-mobilnosti.jpg?wsr\",\"contentUrl\":\"https:\\\/\\\/balkangreenenergynews.com\\\/rs\\\/wp-content\\\/uploads\\\/2018\\\/09\\\/GIZ-ORF-EE-poma\u017ee-parlamentarcima-iz-regiona-da-zajedni\u010dki-re\u0161avaju-pitanja-urbane-mobilnosti.jpg?wsr\",\"width\":795,\"height\":407},{\"@type\":\"BreadcrumbList\",\"@id\":\"https:\\\/\\\/balkangreenenergynews.com\\\/rs\\\/giz-orf-ee-pomaze-parlamentarcima-iz-regiona-da-zajednicki-resavaju-pitanja-urbane-mobilnosti\\\/#breadcrumb\",\"itemListElement\":[{\"@type\":\"ListItem\",\"position\":1,\"name\":\"Po\u010detna\",\"item\":\"https:\\\/\\\/balkangreenenergynews.com\\\/rs\\\/\"},{\"@type\":\"ListItem\",\"position\":2,\"name\":\"GIZ ORF-EE\",\"item\":\"https:\\\/\\\/balkangreenenergynews.com\\\/rs\\\/kategorija\\\/giz-orf-ee\\\/\"},{\"@type\":\"ListItem\",\"position\":3,\"name\":\"GIZ ORF-EE poma\u017ee parlamentarcima iz regiona da zajedni\u010dki re\u0161avaju pitanja urbane mobilnosti\"}]},{\"@type\":\"WebSite\",\"@id\":\"https:\\\/\\\/balkangreenenergynews.com\\\/rs\\\/#website\",\"url\":\"https:\\\/\\\/balkangreenenergynews.com\\\/rs\\\/\",\"name\":\"Balkan Green Energy News\",\"description\":\"Naj\u0161iri izbor vesti sa Balkana o zelenoj energiji\",\"potentialAction\":[{\"@type\":\"SearchAction\",\"target\":{\"@type\":\"EntryPoint\",\"urlTemplate\":\"https:\\\/\\\/balkangreenenergynews.com\\\/rs\\\/?s={search_term_string}\"},\"query-input\":{\"@type\":\"PropertyValueSpecification\",\"valueRequired\":true,\"valueName\":\"search_term_string\"}}],\"inLanguage\":\"sr-RS\"},{\"@type\":\"Person\",\"@id\":\"https:\\\/\\\/balkangreenenergynews.com\\\/rs\\\/#\\\/schema\\\/person\\\/82b991c6efaf6b462e01800c17da5ae9\",\"name\":\"Svetlana Jovanovi\u0107\",\"description\":\"Nakon 15 godina pisanja i ure\u0111ivanja finansijskih &amp; biznis vesti, Svetlana se od 2018. godine fokusira na teme \u017eivotne sredine i odr\u017eivog razvoja. #BeatPlasticPollution je njen omiljeni hashtag.\",\"sameAs\":[\"https:\\\/\\\/www.linkedin.com\\\/in\\\/svetlana-jovanovic-4741814b\\\/\"],\"url\":\"https:\\\/\\\/balkangreenenergynews.com\\\/rs\\\/author\\\/svetlana-jovanovic\\\/\"}]}<\/script>\n<!-- \/ Yoast SEO plugin. -->","yoast_head_json":{"title":"GIZ ORF-EE poma\u017ee parlamentarcima iz regiona da zajedni\u010dki re\u0161avaju pitanja urbane mobilnosti","description":"Nakon vi\u0161egodi\u0161nje uspe\u0161ne saradnje sa parlamentarcima iz Jugoisto\u010dne Evrope na poljima borbe protiv klimatskih promena i energetske efikasnosti, Otvoreni regionalni fond za JIE \u2013 Energetska efikasnost (ORF-EE) je nedavno pokrenuo potprojekat","robots":{"index":"index","follow":"follow","max-snippet":"max-snippet:-1","max-image-preview":"max-image-preview:large","max-video-preview":"max-video-preview:-1"},"canonical":"https:\/\/balkangreenenergynews.com\/rs\/giz-orf-ee-pomaze-parlamentarcima-iz-regiona-da-zajednicki-resavaju-pitanja-urbane-mobilnosti\/","og_locale":"sr_RS","og_type":"article","og_title":"GIZ ORF-EE poma\u017ee parlamentarcima iz regiona da zajedni\u010dki re\u0161avaju pitanja urbane mobilnosti","og_description":"Nakon vi\u0161egodi\u0161nje uspe\u0161ne saradnje sa parlamentarcima iz Jugoisto\u010dne Evrope na poljima borbe protiv klimatskih promena i energetske efikasnosti, Otvoreni regionalni fond za JIE \u2013 Energetska efikasnost (ORF-EE) je nedavno pokrenuo potprojekat","og_url":"https:\/\/balkangreenenergynews.com\/rs\/giz-orf-ee-pomaze-parlamentarcima-iz-regiona-da-zajednicki-resavaju-pitanja-urbane-mobilnosti\/","og_site_name":"Balkan Green Energy News","article_published_time":"2018-09-15T20:39:23+00:00","article_modified_time":"2020-10-30T11:16:40+00:00","og_image":[{"width":795,"height":407,"url":"https:\/\/balkangreenenergynews.com\/rs\/wp-content\/uploads\/2018\/09\/GIZ-ORF-EE-poma\u017ee-parlamentarcima-iz-regiona-da-zajedni\u010dki-re\u0161avaju-pitanja-urbane-mobilnosti.jpg","type":"image\/jpeg"}],"author":"Svetlana Jovanovi\u0107","twitter_card":"summary_large_image","twitter_misc":{"\u041d\u0430\u043f\u0438\u0441\u0430\u043d\u043e \u043e\u0434":"Svetlana Jovanovi\u0107","\u041f\u0440\u043e\u0446\u0435\u045a\u0435\u043d\u043e \u0432\u0440\u0435\u043c\u0435 \u0447\u0438\u0442\u0430\u045a\u0430":"3 \u043c\u0438\u043d\u0443\u0442\u0430"},"schema":{"@context":"https:\/\/schema.org","@graph":[{"@type":"Article","@id":"https:\/\/balkangreenenergynews.com\/rs\/giz-orf-ee-pomaze-parlamentarcima-iz-regiona-da-zajednicki-resavaju-pitanja-urbane-mobilnosti\/#article","isPartOf":{"@id":"https:\/\/balkangreenenergynews.com\/rs\/giz-orf-ee-pomaze-parlamentarcima-iz-regiona-da-zajednicki-resavaju-pitanja-urbane-mobilnosti\/"},"author":{"name":"Svetlana Jovanovi\u0107","@id":"https:\/\/balkangreenenergynews.com\/rs\/#\/schema\/person\/82b991c6efaf6b462e01800c17da5ae9"},"headline":"GIZ ORF-EE poma\u017ee parlamentarcima iz regiona da zajedni\u010dki re\u0161avaju pitanja urbane mobilnosti","datePublished":"2018-09-15T20:39:23+00:00","dateModified":"2020-10-30T11:16:40+00:00","mainEntityOfPage":{"@id":"https:\/\/balkangreenenergynews.com\/rs\/giz-orf-ee-pomaze-parlamentarcima-iz-regiona-da-zajednicki-resavaju-pitanja-urbane-mobilnosti\/"},"wordCount":547,"commentCount":0,"image":{"@id":"https:\/\/balkangreenenergynews.com\/rs\/giz-orf-ee-pomaze-parlamentarcima-iz-regiona-da-zajednicki-resavaju-pitanja-urbane-mobilnosti\/#primaryimage"},"thumbnailUrl":"https:\/\/balkangreenenergynews.com\/rs\/wp-content\/uploads\/2018\/09\/GIZ-ORF-EE-poma\u017ee-parlamentarcima-iz-regiona-da-zajedni\u010dki-re\u0161avaju-pitanja-urbane-mobilnosti.jpg?wsr","keywords":["Jasna Sekulovi\u0107"],"articleSection":["Energetska efikasnost","Mobilnost"],"inLanguage":"sr-RS","potentialAction":[{"@type":"CommentAction","name":"Comment","target":["https:\/\/balkangreenenergynews.com\/rs\/giz-orf-ee-pomaze-parlamentarcima-iz-regiona-da-zajednicki-resavaju-pitanja-urbane-mobilnosti\/#respond"]}]},{"@type":"WebPage","@id":"https:\/\/balkangreenenergynews.com\/rs\/giz-orf-ee-pomaze-parlamentarcima-iz-regiona-da-zajednicki-resavaju-pitanja-urbane-mobilnosti\/","url":"https:\/\/balkangreenenergynews.com\/rs\/giz-orf-ee-pomaze-parlamentarcima-iz-regiona-da-zajednicki-resavaju-pitanja-urbane-mobilnosti\/","name":"GIZ ORF-EE poma\u017ee parlamentarcima iz regiona da zajedni\u010dki re\u0161avaju pitanja urbane mobilnosti","isPartOf":{"@id":"https:\/\/balkangreenenergynews.com\/rs\/#website"},"primaryImageOfPage":{"@id":"https:\/\/balkangreenenergynews.com\/rs\/giz-orf-ee-pomaze-parlamentarcima-iz-regiona-da-zajednicki-resavaju-pitanja-urbane-mobilnosti\/#primaryimage"},"image":{"@id":"https:\/\/balkangreenenergynews.com\/rs\/giz-orf-ee-pomaze-parlamentarcima-iz-regiona-da-zajednicki-resavaju-pitanja-urbane-mobilnosti\/#primaryimage"},"thumbnailUrl":"https:\/\/balkangreenenergynews.com\/rs\/wp-content\/uploads\/2018\/09\/GIZ-ORF-EE-poma\u017ee-parlamentarcima-iz-regiona-da-zajedni\u010dki-re\u0161avaju-pitanja-urbane-mobilnosti.jpg?wsr","datePublished":"2018-09-15T20:39:23+00:00","dateModified":"2020-10-30T11:16:40+00:00","author":{"@id":"https:\/\/balkangreenenergynews.com\/rs\/#\/schema\/person\/82b991c6efaf6b462e01800c17da5ae9"},"description":"Nakon vi\u0161egodi\u0161nje uspe\u0161ne saradnje sa parlamentarcima iz Jugoisto\u010dne Evrope na poljima borbe protiv klimatskih promena i energetske efikasnosti, Otvoreni regionalni fond za JIE \u2013 Energetska efikasnost (ORF-EE) je nedavno pokrenuo potprojekat","breadcrumb":{"@id":"https:\/\/balkangreenenergynews.com\/rs\/giz-orf-ee-pomaze-parlamentarcima-iz-regiona-da-zajednicki-resavaju-pitanja-urbane-mobilnosti\/#breadcrumb"},"inLanguage":"sr-RS","potentialAction":[{"@type":"ReadAction","target":["https:\/\/balkangreenenergynews.com\/rs\/giz-orf-ee-pomaze-parlamentarcima-iz-regiona-da-zajednicki-resavaju-pitanja-urbane-mobilnosti\/"]}]},{"@type":"ImageObject","inLanguage":"sr-RS","@id":"https:\/\/balkangreenenergynews.com\/rs\/giz-orf-ee-pomaze-parlamentarcima-iz-regiona-da-zajednicki-resavaju-pitanja-urbane-mobilnosti\/#primaryimage","url":"https:\/\/balkangreenenergynews.com\/rs\/wp-content\/uploads\/2018\/09\/GIZ-ORF-EE-poma\u017ee-parlamentarcima-iz-regiona-da-zajedni\u010dki-re\u0161avaju-pitanja-urbane-mobilnosti.jpg?wsr","contentUrl":"https:\/\/balkangreenenergynews.com\/rs\/wp-content\/uploads\/2018\/09\/GIZ-ORF-EE-poma\u017ee-parlamentarcima-iz-regiona-da-zajedni\u010dki-re\u0161avaju-pitanja-urbane-mobilnosti.jpg?wsr","width":795,"height":407},{"@type":"BreadcrumbList","@id":"https:\/\/balkangreenenergynews.com\/rs\/giz-orf-ee-pomaze-parlamentarcima-iz-regiona-da-zajednicki-resavaju-pitanja-urbane-mobilnosti\/#breadcrumb","itemListElement":[{"@type":"ListItem","position":1,"name":"Po\u010detna","item":"https:\/\/balkangreenenergynews.com\/rs\/"},{"@type":"ListItem","position":2,"name":"GIZ ORF-EE","item":"https:\/\/balkangreenenergynews.com\/rs\/kategorija\/giz-orf-ee\/"},{"@type":"ListItem","position":3,"name":"GIZ ORF-EE poma\u017ee parlamentarcima iz regiona da zajedni\u010dki re\u0161avaju pitanja urbane mobilnosti"}]},{"@type":"WebSite","@id":"https:\/\/balkangreenenergynews.com\/rs\/#website","url":"https:\/\/balkangreenenergynews.com\/rs\/","name":"Balkan Green Energy News","description":"Naj\u0161iri izbor vesti sa Balkana o zelenoj energiji","potentialAction":[{"@type":"SearchAction","target":{"@type":"EntryPoint","urlTemplate":"https:\/\/balkangreenenergynews.com\/rs\/?s={search_term_string}"},"query-input":{"@type":"PropertyValueSpecification","valueRequired":true,"valueName":"search_term_string"}}],"inLanguage":"sr-RS"},{"@type":"Person","@id":"https:\/\/balkangreenenergynews.com\/rs\/#\/schema\/person\/82b991c6efaf6b462e01800c17da5ae9","name":"Svetlana Jovanovi\u0107","description":"Nakon 15 godina pisanja i ure\u0111ivanja finansijskih &amp; biznis vesti, Svetlana se od 2018. godine fokusira na teme \u017eivotne sredine i odr\u017eivog razvoja. #BeatPlasticPollution je njen omiljeni hashtag.","sameAs":["https:\/\/www.linkedin.com\/in\/svetlana-jovanovic-4741814b\/"],"url":"https:\/\/balkangreenenergynews.com\/rs\/author\/svetlana-jovanovic\/"}]}},"_links":{"self":[{"href":"https:\/\/balkangreenenergynews.com\/rs\/wp-json\/wp\/v2\/posts\/19345","targetHints":{"allow":["GET"]}}],"collection":[{"href":"https:\/\/balkangreenenergynews.com\/rs\/wp-json\/wp\/v2\/posts"}],"about":[{"href":"https:\/\/balkangreenenergynews.com\/rs\/wp-json\/wp\/v2\/types\/post"}],"author":[{"embeddable":true,"href":"https:\/\/balkangreenenergynews.com\/rs\/wp-json\/wp\/v2\/users\/20"}],"replies":[{"embeddable":true,"href":"https:\/\/balkangreenenergynews.com\/rs\/wp-json\/wp\/v2\/comments?post=19345"}],"version-history":[{"count":0,"href":"https:\/\/balkangreenenergynews.com\/rs\/wp-json\/wp\/v2\/posts\/19345\/revisions"}],"wp:featuredmedia":[{"embeddable":true,"href":"https:\/\/balkangreenenergynews.com\/rs\/wp-json\/wp\/v2\/media\/19347"}],"wp:attachment":[{"href":"https:\/\/balkangreenenergynews.com\/rs\/wp-json\/wp\/v2\/media?parent=19345"}],"wp:term":[{"taxonomy":"category","embeddable":true,"href":"https:\/\/balkangreenenergynews.com\/rs\/wp-json\/wp\/v2\/categories?post=19345"},{"taxonomy":"post_tag","embeddable":true,"href":"https:\/\/balkangreenenergynews.com\/rs\/wp-json\/wp\/v2\/tags?post=19345"}],"curies":[{"name":"wp","href":"https:\/\/api.w.org\/{rel}","templated":true}]}}