{"id":19277,"date":"2018-09-11T13:13:21","date_gmt":"2018-09-11T11:13:21","guid":{"rendered":"https:\/\/balkangreenenergynews.com\/rs\/?p=19277"},"modified":"2018-09-11T13:13:21","modified_gmt":"2018-09-11T11:13:21","slug":"kompanije-se-pozivaju-da-prijave-ucesce-u-takmicenju-samo-ne-autom","status":"publish","type":"post","link":"https:\/\/balkangreenenergynews.com\/rs\/kompanije-se-pozivaju-da-prijave-ucesce-u-takmicenju-samo-ne-autom\/","title":{"rendered":"Kompanije se pozivaju da prijave u\u010de\u0161\u0107e u takmi\u010denju Samo ne autom"},"content":{"rendered":"<h2>Izazov pod nazivom Samo ne autom deo je globalne inicijative Dan bez automobila, koja se u svetu ve\u0107 dve decenije obele\u017eava u okviru Evropske nedelje mobilnosti, a promovi\u0161e alternativna sredstva prevoza u svakodnevnoj saobra\u0107ajnoj komunikaciji.<\/h2>\n<p>U\u010de\u0161\u0107e u takmi\u010denju Samo ne autom u Beogradu je besplatno, a kompanije i sve druge organizacije se pozivaju da prijave svoje timove zaposlenih, koji \u0107e tog dana svoja motorna vozila na putu za posao zameniti ekolo\u0161ki odr\u017eivim sredstvima prevoza i svoje poene sakupljati tako \u0161to \u0107e se voziti biciklom, elektro biciklom, trotinetom ili rolerima ili i\u0107i pe\u0161ice.<\/p>\n<p><img loading=\"lazy\" decoding=\"async\" class=\"wp-image-19278 size-full aligncenter\" src=\"https:\/\/balkangreenenergynews.com\/rs\/wp-content\/uploads\/2018\/09\/Samo-ne-autom-e1536663884150.jpg\" alt=\"\" width=\"795\" height=\"612\" srcset=\"https:\/\/balkangreenenergynews.com\/rs\/wp-content\/uploads\/2018\/09\/Samo-ne-autom-e1536663884150.jpg 795w, https:\/\/balkangreenenergynews.com\/rs\/wp-content\/uploads\/2018\/09\/Samo-ne-autom-e1536663884150-500x385.jpg 500w, https:\/\/balkangreenenergynews.com\/rs\/wp-content\/uploads\/2018\/09\/Samo-ne-autom-e1536663884150-768x591.jpg 768w, https:\/\/balkangreenenergynews.com\/rs\/wp-content\/uploads\/2018\/09\/Samo-ne-autom-e1536663884150-300x231.jpg 300w\" sizes=\"auto, (max-width: 795px) 100vw, 795px\" \/><\/p>\n<p>Misija kampanje Samo ne autom jeste da skrene pa\u017enju javnosti na neophodnost \u010duvanja \u017eivotne sredine kroz ve\u0107e svakodnevno kori\u0161\u0107enje alternativnih prevoznih sredstava, sa daleko manjom emisijom \u0161tetnih gasova. \u00a0Prijave se primaju do\u00a0<strong>17. septembra<\/strong>\u00a0preko jednostavnog\u00a0<strong><a href=\"https:\/\/bajsologija.typeform.com\/to\/z6ynOv\">FORMULARA<\/a><\/strong>.<\/p>\n<ul>\n<li><strong>Na\u010din takmi\u010denja:<\/strong> Ekipno<\/li>\n<li><strong>Broj u\u010desnika:<\/strong> minimum 3 u\u010desnika po ekipi \/ organizaciji<\/li>\n<li><strong>Broj ekipa nije ograni\u010den<\/strong><\/li>\n<li><strong>Trajanje takmi\u010denja:<\/strong>3 dana \u2013 od 19. do 21. septembra<\/li>\n<\/ul>\n<p>Takmi\u010denje organizuju Fondacija Heinrich B\u00f6ll, Program Ujedinjenih nacija za razvoj (UNDP), Bajsologija i Ulice za bicikliste.<\/p>\n<p>Podaci evropskog istra\u017eivanja iz 2015. godine pokazuju da gra\u0111ani evropskih zemalja gotovo 40% ukupne vo\u017enje biciklom provedu kao prevozno sredstvo do posla, navodi se na sajtu Bajsologije. U svakodnevnom prevozu u Beogradu, 22-25% stanovnika koristi privatni automobil, 50% javni i gradski prevoz dok oko 25% njih ide pe\u0161ice ili biciklom. Pore\u0111enja radi, Budimpe\u0161ta (1,8 mil stanovnika) je broj gradskih biciklista uve\u0107ala 11 puta za poslednjih 20 godina. Vi\u0161e od dve tre\u0107ine ispitanika koristi bicikl kao prevozno sredstvo do posla i nazad.<\/p>\n<h3><span style=\"\">SKGO organizuje \u201eDan bez automobila u gradovima i op\u0161tinama\u201c<\/span><\/h3>\n<p>Stalna konferencija gradova i op\u0161tina (SKGO) \u0107e u okviru Evropske nedelje mobilnosti organizovati akciju \u201e<a href=\"https:\/\/balkangreenenergynews.com\/rs\/skgo-poziva-gradonacelnike-da-obeleze-dan-bez-automobila-u-okviru-evropske-nedelje-mobilnosti\/\">Dan bez automobila u gradovima i op\u0161tinama<\/a>\u201c. U tom smislu, SKGO je pozvala predsednike op\u0161tina i gradona\u010delnike da li\u010dnim primerom podr\u017ee akciju tako \u0161to \u0107e u petak, 21. septembra na posao do\u0107i bez automobila (pe\u0161ice, javnim prevozom, biciklom).<\/p>\n<p>\u201eCilj nam je da me\u0111u lokalnim funkcionerima promovi\u0161emo koncept odr\u017eive urbane mobilnosti, kao i da uti\u010demo na podizanje svesti gra\u0111ana u na\u0161im gradovima i op\u0161tinama o potrebi da se u budu\u0107nosti menjaju navike u lokalnom saobra\u0107aju, u smislu smanjenja upotrebe fosilnih goriva na ra\u010dun alternativnih na\u010dina prevoza, kao \u0161to se ve\u0107 uveliko de\u0161ava u evropskim prestonicama\u201c, izjavila je za Balkan Green Energy News Klara Danilovi\u0107, savetnica za urbanizam, stanovanje i izgradnju u SKGO.<\/p>\n","protected":false},"excerpt":{"rendered":"<p>Izazov pod nazivom Samo ne autom deo je globalne inicijative Dan bez automobila, koja se&#8230;<\/p>\n","protected":false},"author":20,"featured_media":19280,"comment_status":"open","ping_status":"closed","sticky":false,"template":"","format":"standard","meta":{"_acf_changed":false,"_monsterinsights_skip_tracking":false,"_monsterinsights_sitenote_active":false,"_monsterinsights_sitenote_note":"","_monsterinsights_sitenote_category":0,"footnotes":""},"categories":[7,4],"tags":[2696],"class_list":["post-19277","post","type-post","status-publish","format-standard","has-post-thumbnail","hentry","category-mobilnost","category-zivotna-sredina","tag-evropska-nedelja-mobilnosti","country-srbija"],"acf":[],"yoast_head":"<!-- This site is optimized with the Yoast SEO plugin v27.4 - https:\/\/yoast.com\/product\/yoast-seo-wordpress\/ -->\n<title>Kompanije se pozivaju da prijave u\u010de\u0161\u0107e u takmi\u010denju Samo ne autom<\/title>\n<meta name=\"description\" content=\"Izazov pod nazivom Samo ne autom deo je globalne inicijative Dan bez automobila, koja se u svetu ve\u0107 dve decenije obele\u017eava u okviru Evropske nedelje mobilnosti, a promovi\u0161e alternativna sredstva prevoza u svakodnevnoj saobra\u0107ajnoj komunikaciji.\" \/>\n<meta name=\"robots\" content=\"index, follow, max-snippet:-1, max-image-preview:large, max-video-preview:-1\" \/>\n<link rel=\"canonical\" href=\"https:\/\/balkangreenenergynews.com\/rs\/kompanije-se-pozivaju-da-prijave-ucesce-u-takmicenju-samo-ne-autom\/\" \/>\n<meta property=\"og:locale\" content=\"sr_RS\" \/>\n<meta property=\"og:type\" content=\"article\" \/>\n<meta property=\"og:title\" content=\"Kompanije se pozivaju da prijave u\u010de\u0161\u0107e u takmi\u010denju Samo ne autom\" \/>\n<meta property=\"og:description\" content=\"Izazov pod nazivom Samo ne autom deo je globalne inicijative Dan bez automobila, koja se u svetu ve\u0107 dve decenije obele\u017eava u okviru Evropske nedelje mobilnosti, a promovi\u0161e alternativna sredstva prevoza u svakodnevnoj saobra\u0107ajnoj komunikaciji.\" \/>\n<meta property=\"og:url\" content=\"https:\/\/balkangreenenergynews.com\/rs\/kompanije-se-pozivaju-da-prijave-ucesce-u-takmicenju-samo-ne-autom\/\" \/>\n<meta property=\"og:site_name\" content=\"Balkan Green Energy News\" \/>\n<meta property=\"article:published_time\" content=\"2018-09-11T11:13:21+00:00\" \/>\n<meta property=\"og:image\" content=\"https:\/\/balkangreenenergynews.com\/rs\/wp-content\/uploads\/2018\/09\/Kompanije-se-pozivaju-da-prijave-u\u010de\u0161\u0107e-u-takmi\u010denju-Samo-ne-autom-e1536664349640.jpg\" \/>\n\t<meta property=\"og:image:width\" content=\"795\" \/>\n\t<meta property=\"og:image:height\" content=\"407\" \/>\n\t<meta property=\"og:image:type\" content=\"image\/jpeg\" \/>\n<meta name=\"author\" content=\"Svetlana Jovanovi\u0107\" \/>\n<meta name=\"twitter:card\" content=\"summary_large_image\" \/>\n<meta name=\"twitter:label1\" content=\"\u041d\u0430\u043f\u0438\u0441\u0430\u043d\u043e \u043e\u0434\" \/>\n\t<meta name=\"twitter:data1\" content=\"Svetlana Jovanovi\u0107\" \/>\n\t<meta name=\"twitter:label2\" content=\"\u041f\u0440\u043e\u0446\u0435\u045a\u0435\u043d\u043e \u0432\u0440\u0435\u043c\u0435 \u0447\u0438\u0442\u0430\u045a\u0430\" \/>\n\t<meta name=\"twitter:data2\" content=\"2 \u043c\u0438\u043d\u0443\u0442\u0430\" \/>\n<script type=\"application\/ld+json\" class=\"yoast-schema-graph\">{\"@context\":\"https:\\\/\\\/schema.org\",\"@graph\":[{\"@type\":\"Article\",\"@id\":\"https:\\\/\\\/balkangreenenergynews.com\\\/rs\\\/kompanije-se-pozivaju-da-prijave-ucesce-u-takmicenju-samo-ne-autom\\\/#article\",\"isPartOf\":{\"@id\":\"https:\\\/\\\/balkangreenenergynews.com\\\/rs\\\/kompanije-se-pozivaju-da-prijave-ucesce-u-takmicenju-samo-ne-autom\\\/\"},\"author\":{\"name\":\"Svetlana Jovanovi\u0107\",\"@id\":\"https:\\\/\\\/balkangreenenergynews.com\\\/rs\\\/#\\\/schema\\\/person\\\/82b991c6efaf6b462e01800c17da5ae9\"},\"headline\":\"Kompanije se pozivaju da prijave u\u010de\u0161\u0107e u takmi\u010denju Samo ne autom\",\"datePublished\":\"2018-09-11T11:13:21+00:00\",\"mainEntityOfPage\":{\"@id\":\"https:\\\/\\\/balkangreenenergynews.com\\\/rs\\\/kompanije-se-pozivaju-da-prijave-ucesce-u-takmicenju-samo-ne-autom\\\/\"},\"wordCount\":436,\"commentCount\":0,\"image\":{\"@id\":\"https:\\\/\\\/balkangreenenergynews.com\\\/rs\\\/kompanije-se-pozivaju-da-prijave-ucesce-u-takmicenju-samo-ne-autom\\\/#primaryimage\"},\"thumbnailUrl\":\"https:\\\/\\\/balkangreenenergynews.com\\\/rs\\\/wp-content\\\/uploads\\\/2018\\\/09\\\/Kompanije-se-pozivaju-da-prijave-u\u010de\u0161\u0107e-u-takmi\u010denju-Samo-ne-autom-e1536664349640.jpg?wsr\",\"keywords\":[\"Evropska nedelja mobilnosti\"],\"articleSection\":[\"Mobilnost\",\"\u017divotna sredina\"],\"inLanguage\":\"sr-RS\",\"potentialAction\":[{\"@type\":\"CommentAction\",\"name\":\"Comment\",\"target\":[\"https:\\\/\\\/balkangreenenergynews.com\\\/rs\\\/kompanije-se-pozivaju-da-prijave-ucesce-u-takmicenju-samo-ne-autom\\\/#respond\"]}]},{\"@type\":\"WebPage\",\"@id\":\"https:\\\/\\\/balkangreenenergynews.com\\\/rs\\\/kompanije-se-pozivaju-da-prijave-ucesce-u-takmicenju-samo-ne-autom\\\/\",\"url\":\"https:\\\/\\\/balkangreenenergynews.com\\\/rs\\\/kompanije-se-pozivaju-da-prijave-ucesce-u-takmicenju-samo-ne-autom\\\/\",\"name\":\"Kompanije se pozivaju da prijave u\u010de\u0161\u0107e u takmi\u010denju Samo ne autom\",\"isPartOf\":{\"@id\":\"https:\\\/\\\/balkangreenenergynews.com\\\/rs\\\/#website\"},\"primaryImageOfPage\":{\"@id\":\"https:\\\/\\\/balkangreenenergynews.com\\\/rs\\\/kompanije-se-pozivaju-da-prijave-ucesce-u-takmicenju-samo-ne-autom\\\/#primaryimage\"},\"image\":{\"@id\":\"https:\\\/\\\/balkangreenenergynews.com\\\/rs\\\/kompanije-se-pozivaju-da-prijave-ucesce-u-takmicenju-samo-ne-autom\\\/#primaryimage\"},\"thumbnailUrl\":\"https:\\\/\\\/balkangreenenergynews.com\\\/rs\\\/wp-content\\\/uploads\\\/2018\\\/09\\\/Kompanije-se-pozivaju-da-prijave-u\u010de\u0161\u0107e-u-takmi\u010denju-Samo-ne-autom-e1536664349640.jpg?wsr\",\"datePublished\":\"2018-09-11T11:13:21+00:00\",\"author\":{\"@id\":\"https:\\\/\\\/balkangreenenergynews.com\\\/rs\\\/#\\\/schema\\\/person\\\/82b991c6efaf6b462e01800c17da5ae9\"},\"description\":\"Izazov pod nazivom Samo ne autom deo je globalne inicijative Dan bez automobila, koja se u svetu ve\u0107 dve decenije obele\u017eava u okviru Evropske nedelje mobilnosti, a promovi\u0161e alternativna sredstva prevoza u svakodnevnoj saobra\u0107ajnoj komunikaciji.\",\"breadcrumb\":{\"@id\":\"https:\\\/\\\/balkangreenenergynews.com\\\/rs\\\/kompanije-se-pozivaju-da-prijave-ucesce-u-takmicenju-samo-ne-autom\\\/#breadcrumb\"},\"inLanguage\":\"sr-RS\",\"potentialAction\":[{\"@type\":\"ReadAction\",\"target\":[\"https:\\\/\\\/balkangreenenergynews.com\\\/rs\\\/kompanije-se-pozivaju-da-prijave-ucesce-u-takmicenju-samo-ne-autom\\\/\"]}]},{\"@type\":\"ImageObject\",\"inLanguage\":\"sr-RS\",\"@id\":\"https:\\\/\\\/balkangreenenergynews.com\\\/rs\\\/kompanije-se-pozivaju-da-prijave-ucesce-u-takmicenju-samo-ne-autom\\\/#primaryimage\",\"url\":\"https:\\\/\\\/balkangreenenergynews.com\\\/rs\\\/wp-content\\\/uploads\\\/2018\\\/09\\\/Kompanije-se-pozivaju-da-prijave-u\u010de\u0161\u0107e-u-takmi\u010denju-Samo-ne-autom-e1536664349640.jpg?wsr\",\"contentUrl\":\"https:\\\/\\\/balkangreenenergynews.com\\\/rs\\\/wp-content\\\/uploads\\\/2018\\\/09\\\/Kompanije-se-pozivaju-da-prijave-u\u010de\u0161\u0107e-u-takmi\u010denju-Samo-ne-autom-e1536664349640.jpg?wsr\",\"width\":795,\"height\":407},{\"@type\":\"BreadcrumbList\",\"@id\":\"https:\\\/\\\/balkangreenenergynews.com\\\/rs\\\/kompanije-se-pozivaju-da-prijave-ucesce-u-takmicenju-samo-ne-autom\\\/#breadcrumb\",\"itemListElement\":[{\"@type\":\"ListItem\",\"position\":1,\"name\":\"Po\u010detna\",\"item\":\"https:\\\/\\\/balkangreenenergynews.com\\\/rs\\\/\"},{\"@type\":\"ListItem\",\"position\":2,\"name\":\"Vesti\",\"item\":\"https:\\\/\\\/balkangreenenergynews.com\\\/rs\\\/kategorija\\\/vesti\\\/\"},{\"@type\":\"ListItem\",\"position\":3,\"name\":\"Mobilnost\",\"item\":\"https:\\\/\\\/balkangreenenergynews.com\\\/rs\\\/kategorija\\\/vesti\\\/mobilnost\\\/\"},{\"@type\":\"ListItem\",\"position\":4,\"name\":\"Kompanije se pozivaju da prijave u\u010de\u0161\u0107e u takmi\u010denju Samo ne autom\"}]},{\"@type\":\"WebSite\",\"@id\":\"https:\\\/\\\/balkangreenenergynews.com\\\/rs\\\/#website\",\"url\":\"https:\\\/\\\/balkangreenenergynews.com\\\/rs\\\/\",\"name\":\"Balkan Green Energy News\",\"description\":\"Naj\u0161iri izbor vesti sa Balkana o zelenoj energiji\",\"potentialAction\":[{\"@type\":\"SearchAction\",\"target\":{\"@type\":\"EntryPoint\",\"urlTemplate\":\"https:\\\/\\\/balkangreenenergynews.com\\\/rs\\\/?s={search_term_string}\"},\"query-input\":{\"@type\":\"PropertyValueSpecification\",\"valueRequired\":true,\"valueName\":\"search_term_string\"}}],\"inLanguage\":\"sr-RS\"},{\"@type\":\"Person\",\"@id\":\"https:\\\/\\\/balkangreenenergynews.com\\\/rs\\\/#\\\/schema\\\/person\\\/82b991c6efaf6b462e01800c17da5ae9\",\"name\":\"Svetlana Jovanovi\u0107\",\"description\":\"Nakon 15 godina pisanja i ure\u0111ivanja finansijskih &amp; biznis vesti, Svetlana se od 2018. godine fokusira na teme \u017eivotne sredine i odr\u017eivog razvoja. #BeatPlasticPollution je njen omiljeni hashtag.\",\"sameAs\":[\"https:\\\/\\\/www.linkedin.com\\\/in\\\/svetlana-jovanovic-4741814b\\\/\"],\"url\":\"https:\\\/\\\/balkangreenenergynews.com\\\/rs\\\/author\\\/svetlana-jovanovic\\\/\"}]}<\/script>\n<!-- \/ Yoast SEO plugin. -->","yoast_head_json":{"title":"Kompanije se pozivaju da prijave u\u010de\u0161\u0107e u takmi\u010denju Samo ne autom","description":"Izazov pod nazivom Samo ne autom deo je globalne inicijative Dan bez automobila, koja se u svetu ve\u0107 dve decenije obele\u017eava u okviru Evropske nedelje mobilnosti, a promovi\u0161e alternativna sredstva prevoza u svakodnevnoj saobra\u0107ajnoj komunikaciji.","robots":{"index":"index","follow":"follow","max-snippet":"max-snippet:-1","max-image-preview":"max-image-preview:large","max-video-preview":"max-video-preview:-1"},"canonical":"https:\/\/balkangreenenergynews.com\/rs\/kompanije-se-pozivaju-da-prijave-ucesce-u-takmicenju-samo-ne-autom\/","og_locale":"sr_RS","og_type":"article","og_title":"Kompanije se pozivaju da prijave u\u010de\u0161\u0107e u takmi\u010denju Samo ne autom","og_description":"Izazov pod nazivom Samo ne autom deo je globalne inicijative Dan bez automobila, koja se u svetu ve\u0107 dve decenije obele\u017eava u okviru Evropske nedelje mobilnosti, a promovi\u0161e alternativna sredstva prevoza u svakodnevnoj saobra\u0107ajnoj komunikaciji.","og_url":"https:\/\/balkangreenenergynews.com\/rs\/kompanije-se-pozivaju-da-prijave-ucesce-u-takmicenju-samo-ne-autom\/","og_site_name":"Balkan Green Energy News","article_published_time":"2018-09-11T11:13:21+00:00","og_image":[{"width":795,"height":407,"url":"https:\/\/balkangreenenergynews.com\/rs\/wp-content\/uploads\/2018\/09\/Kompanije-se-pozivaju-da-prijave-u\u010de\u0161\u0107e-u-takmi\u010denju-Samo-ne-autom-e1536664349640.jpg","type":"image\/jpeg"}],"author":"Svetlana Jovanovi\u0107","twitter_card":"summary_large_image","twitter_misc":{"\u041d\u0430\u043f\u0438\u0441\u0430\u043d\u043e \u043e\u0434":"Svetlana Jovanovi\u0107","\u041f\u0440\u043e\u0446\u0435\u045a\u0435\u043d\u043e \u0432\u0440\u0435\u043c\u0435 \u0447\u0438\u0442\u0430\u045a\u0430":"2 \u043c\u0438\u043d\u0443\u0442\u0430"},"schema":{"@context":"https:\/\/schema.org","@graph":[{"@type":"Article","@id":"https:\/\/balkangreenenergynews.com\/rs\/kompanije-se-pozivaju-da-prijave-ucesce-u-takmicenju-samo-ne-autom\/#article","isPartOf":{"@id":"https:\/\/balkangreenenergynews.com\/rs\/kompanije-se-pozivaju-da-prijave-ucesce-u-takmicenju-samo-ne-autom\/"},"author":{"name":"Svetlana Jovanovi\u0107","@id":"https:\/\/balkangreenenergynews.com\/rs\/#\/schema\/person\/82b991c6efaf6b462e01800c17da5ae9"},"headline":"Kompanije se pozivaju da prijave u\u010de\u0161\u0107e u takmi\u010denju Samo ne autom","datePublished":"2018-09-11T11:13:21+00:00","mainEntityOfPage":{"@id":"https:\/\/balkangreenenergynews.com\/rs\/kompanije-se-pozivaju-da-prijave-ucesce-u-takmicenju-samo-ne-autom\/"},"wordCount":436,"commentCount":0,"image":{"@id":"https:\/\/balkangreenenergynews.com\/rs\/kompanije-se-pozivaju-da-prijave-ucesce-u-takmicenju-samo-ne-autom\/#primaryimage"},"thumbnailUrl":"https:\/\/balkangreenenergynews.com\/rs\/wp-content\/uploads\/2018\/09\/Kompanije-se-pozivaju-da-prijave-u\u010de\u0161\u0107e-u-takmi\u010denju-Samo-ne-autom-e1536664349640.jpg?wsr","keywords":["Evropska nedelja mobilnosti"],"articleSection":["Mobilnost","\u017divotna sredina"],"inLanguage":"sr-RS","potentialAction":[{"@type":"CommentAction","name":"Comment","target":["https:\/\/balkangreenenergynews.com\/rs\/kompanije-se-pozivaju-da-prijave-ucesce-u-takmicenju-samo-ne-autom\/#respond"]}]},{"@type":"WebPage","@id":"https:\/\/balkangreenenergynews.com\/rs\/kompanije-se-pozivaju-da-prijave-ucesce-u-takmicenju-samo-ne-autom\/","url":"https:\/\/balkangreenenergynews.com\/rs\/kompanije-se-pozivaju-da-prijave-ucesce-u-takmicenju-samo-ne-autom\/","name":"Kompanije se pozivaju da prijave u\u010de\u0161\u0107e u takmi\u010denju Samo ne autom","isPartOf":{"@id":"https:\/\/balkangreenenergynews.com\/rs\/#website"},"primaryImageOfPage":{"@id":"https:\/\/balkangreenenergynews.com\/rs\/kompanije-se-pozivaju-da-prijave-ucesce-u-takmicenju-samo-ne-autom\/#primaryimage"},"image":{"@id":"https:\/\/balkangreenenergynews.com\/rs\/kompanije-se-pozivaju-da-prijave-ucesce-u-takmicenju-samo-ne-autom\/#primaryimage"},"thumbnailUrl":"https:\/\/balkangreenenergynews.com\/rs\/wp-content\/uploads\/2018\/09\/Kompanije-se-pozivaju-da-prijave-u\u010de\u0161\u0107e-u-takmi\u010denju-Samo-ne-autom-e1536664349640.jpg?wsr","datePublished":"2018-09-11T11:13:21+00:00","author":{"@id":"https:\/\/balkangreenenergynews.com\/rs\/#\/schema\/person\/82b991c6efaf6b462e01800c17da5ae9"},"description":"Izazov pod nazivom Samo ne autom deo je globalne inicijative Dan bez automobila, koja se u svetu ve\u0107 dve decenije obele\u017eava u okviru Evropske nedelje mobilnosti, a promovi\u0161e alternativna sredstva prevoza u svakodnevnoj saobra\u0107ajnoj komunikaciji.","breadcrumb":{"@id":"https:\/\/balkangreenenergynews.com\/rs\/kompanije-se-pozivaju-da-prijave-ucesce-u-takmicenju-samo-ne-autom\/#breadcrumb"},"inLanguage":"sr-RS","potentialAction":[{"@type":"ReadAction","target":["https:\/\/balkangreenenergynews.com\/rs\/kompanije-se-pozivaju-da-prijave-ucesce-u-takmicenju-samo-ne-autom\/"]}]},{"@type":"ImageObject","inLanguage":"sr-RS","@id":"https:\/\/balkangreenenergynews.com\/rs\/kompanije-se-pozivaju-da-prijave-ucesce-u-takmicenju-samo-ne-autom\/#primaryimage","url":"https:\/\/balkangreenenergynews.com\/rs\/wp-content\/uploads\/2018\/09\/Kompanije-se-pozivaju-da-prijave-u\u010de\u0161\u0107e-u-takmi\u010denju-Samo-ne-autom-e1536664349640.jpg?wsr","contentUrl":"https:\/\/balkangreenenergynews.com\/rs\/wp-content\/uploads\/2018\/09\/Kompanije-se-pozivaju-da-prijave-u\u010de\u0161\u0107e-u-takmi\u010denju-Samo-ne-autom-e1536664349640.jpg?wsr","width":795,"height":407},{"@type":"BreadcrumbList","@id":"https:\/\/balkangreenenergynews.com\/rs\/kompanije-se-pozivaju-da-prijave-ucesce-u-takmicenju-samo-ne-autom\/#breadcrumb","itemListElement":[{"@type":"ListItem","position":1,"name":"Po\u010detna","item":"https:\/\/balkangreenenergynews.com\/rs\/"},{"@type":"ListItem","position":2,"name":"Vesti","item":"https:\/\/balkangreenenergynews.com\/rs\/kategorija\/vesti\/"},{"@type":"ListItem","position":3,"name":"Mobilnost","item":"https:\/\/balkangreenenergynews.com\/rs\/kategorija\/vesti\/mobilnost\/"},{"@type":"ListItem","position":4,"name":"Kompanije se pozivaju da prijave u\u010de\u0161\u0107e u takmi\u010denju Samo ne autom"}]},{"@type":"WebSite","@id":"https:\/\/balkangreenenergynews.com\/rs\/#website","url":"https:\/\/balkangreenenergynews.com\/rs\/","name":"Balkan Green Energy News","description":"Naj\u0161iri izbor vesti sa Balkana o zelenoj energiji","potentialAction":[{"@type":"SearchAction","target":{"@type":"EntryPoint","urlTemplate":"https:\/\/balkangreenenergynews.com\/rs\/?s={search_term_string}"},"query-input":{"@type":"PropertyValueSpecification","valueRequired":true,"valueName":"search_term_string"}}],"inLanguage":"sr-RS"},{"@type":"Person","@id":"https:\/\/balkangreenenergynews.com\/rs\/#\/schema\/person\/82b991c6efaf6b462e01800c17da5ae9","name":"Svetlana Jovanovi\u0107","description":"Nakon 15 godina pisanja i ure\u0111ivanja finansijskih &amp; biznis vesti, Svetlana se od 2018. godine fokusira na teme \u017eivotne sredine i odr\u017eivog razvoja. #BeatPlasticPollution je njen omiljeni hashtag.","sameAs":["https:\/\/www.linkedin.com\/in\/svetlana-jovanovic-4741814b\/"],"url":"https:\/\/balkangreenenergynews.com\/rs\/author\/svetlana-jovanovic\/"}]}},"_links":{"self":[{"href":"https:\/\/balkangreenenergynews.com\/rs\/wp-json\/wp\/v2\/posts\/19277","targetHints":{"allow":["GET"]}}],"collection":[{"href":"https:\/\/balkangreenenergynews.com\/rs\/wp-json\/wp\/v2\/posts"}],"about":[{"href":"https:\/\/balkangreenenergynews.com\/rs\/wp-json\/wp\/v2\/types\/post"}],"author":[{"embeddable":true,"href":"https:\/\/balkangreenenergynews.com\/rs\/wp-json\/wp\/v2\/users\/20"}],"replies":[{"embeddable":true,"href":"https:\/\/balkangreenenergynews.com\/rs\/wp-json\/wp\/v2\/comments?post=19277"}],"version-history":[{"count":0,"href":"https:\/\/balkangreenenergynews.com\/rs\/wp-json\/wp\/v2\/posts\/19277\/revisions"}],"wp:featuredmedia":[{"embeddable":true,"href":"https:\/\/balkangreenenergynews.com\/rs\/wp-json\/wp\/v2\/media\/19280"}],"wp:attachment":[{"href":"https:\/\/balkangreenenergynews.com\/rs\/wp-json\/wp\/v2\/media?parent=19277"}],"wp:term":[{"taxonomy":"category","embeddable":true,"href":"https:\/\/balkangreenenergynews.com\/rs\/wp-json\/wp\/v2\/categories?post=19277"},{"taxonomy":"post_tag","embeddable":true,"href":"https:\/\/balkangreenenergynews.com\/rs\/wp-json\/wp\/v2\/tags?post=19277"}],"curies":[{"name":"wp","href":"https:\/\/api.w.org\/{rel}","templated":true}]}}