{"id":19268,"date":"2018-09-10T17:04:37","date_gmt":"2018-09-10T15:04:37","guid":{"rendered":"https:\/\/balkangreenenergynews.com\/rs\/?p=19268"},"modified":"2018-09-15T10:26:54","modified_gmt":"2018-09-15T08:26:54","slug":"bugarski-premijer-predlozio-mesovito-preduzece-za-prenos-elektricne-energije-sa-crnom-gorom-moguce-srbijom","status":"publish","type":"post","link":"https:\/\/balkangreenenergynews.com\/rs\/bugarski-premijer-predlozio-mesovito-preduzece-za-prenos-elektricne-energije-sa-crnom-gorom-moguce-srbijom\/","title":{"rendered":"Bugarski premijer predlo\u017eio me\u0161ovito preduze\u0107e za prenos elektri\u010dne energije sa Crnom Gorom i mogu\u0107e Srbijom"},"content":{"rendered":"<h2>Bugarski premijer Bojko Borisov je predlo\u017eio da Bugarska i Crna Gora oforme me\u0161ovito preduze\u0107e za prenos elektri\u010dne energije, uz mogu\u0107e u\u010de\u0161\u0107e Srbije, navodi se u medijskim izve\u0161tajima.<\/h2>\n<p>Borisov je predlog izneo tokom nedavne posete Crnoj Gori, gde se susreo sa crongorskim kolegom Du\u0161kom Markovi\u0107em i drugim zvani\u010dnicima. U izve\u0161tajima se navodi da je Borisov izjavio da bi zajedni\u010dko preduze\u0107e omogu\u0107ilo izvoz elektri\u010dne energije u Italiju, preko podmorskog kabla izme\u0111u Crne Gore i Italije.<\/p>\n<p>\u201eMislim da \u0107e to biti uspe\u0161an projekat, nadam se da \u0107emo tokom narednih meseci organizovati privredni forum na kom bismo pripremili strukturu. Crna Gora i Italija rade ne\u0161to zaista jedinstveno. Mi imamo energiju, mo\u017eemo da uradimo tako ne\u0161to\u201c, izjavio je Borisov, kako prenosi bugarska agencija Novinite na svojoj stranici na engleskom jeziku.<\/p>\n<p>Prema medijskim izve\u0161tajima u Crnoj Gori i Srbiji, Borisov je na konferenciji za novinare u Podgorici izjavio da bi projektom moglo da se predvidi i simboli\u010dno u\u010de\u0161\u0107e Crne Gore u izgradnji nuklearke u Bugarskoj.<\/p>\n<h3><span style=\"\">O\u010dekuje se da podmorski kabl bude operativan do kraja 2019.<\/span><\/h3>\n<p>Italijanska energetska kompanija Terna saop\u0161tila je ranije da planira da zavr\u0161i podmorski kabl izme\u0111u Italije i Crne Gore <a href=\"https:\/\/balkangreenenergynews.com\/rs\/podmorski-kabl-italija-crna-gora-operativan-kraja-2019-kapacitet-prepolovljen\/\">do kraja 2019. godine<\/a>, kao i da je planirani inicijalni kapacitet prepolovljen na 600 MW.<\/p>\n<p>Direktor Terne Lui\u0111i Feraris je izjavio da je podmorski kabl postavljen i ta\u010dke prijema kompletirane, pa se o\u010dekuje da \u0107e interkonekcija postati operativna krajem 2019. godine.<\/p>\n<p>Terna je smanjila planirani kapacitet kabla sa 1.2 GW na po\u010detnih 600 MW, Feraris je rekao analiti\u010darima, dodav\u0161i da je kompromis o tome postignut sa crnogorskim partnerima.<\/p>\n<p>Prema ranijim izve\u0161tajima, Terna je 2014. godine zavr\u0161etak projekta pomerila sa 2015. godine na 2017. godinu zbog gasnog istra\u017eivanja Hrvatske na Jadranu, a kasnije je saop\u0161tila da o\u010dekuje da \u0107e interkonekcija, koja je deo Transbalkanskog koridora za prenos struje naponskog nivoa 400 kV, biti spremna za rad 2018. godine.<\/p>\n","protected":false},"excerpt":{"rendered":"<p>Bugarski premijer Bojko Borisov je predlo\u017eio da Bugarska i Crna Gora oforme me\u0161ovito preduze\u0107e za&#8230;<\/p>\n","protected":false},"author":20,"featured_media":19269,"comment_status":"open","ping_status":"closed","sticky":false,"template":"","format":"standard","meta":{"_acf_changed":false,"_monsterinsights_skip_tracking":false,"_monsterinsights_sitenote_active":false,"_monsterinsights_sitenote_note":"","_monsterinsights_sitenote_category":0,"footnotes":""},"categories":[504],"tags":[2509,3554],"class_list":["post-19268","post","type-post","status-publish","format-standard","has-post-thumbnail","hentry","category-elektricna-energija","tag-nuklearka","tag-podmorski-kabl","country-regioneu"],"acf":[],"yoast_head":"<!-- This site is optimized with the Yoast SEO plugin v27.4 - https:\/\/yoast.com\/product\/yoast-seo-wordpress\/ -->\n<title>Bugarski premijer predlo\u017eio me\u0161ovito preduze\u0107e za prenos elektri\u010dne energije sa Crnom Gorom i mogu\u0107e Srbijom<\/title>\n<meta name=\"description\" content=\"Bugarski premijer Bojko Borisov je predlo\u017eio da Bugarska i Makedonija oforme me\u0161ovito preduze\u0107e za prenos elektri\u010dne energije, uz mogu\u0107e u\u010de\u0161\u0107e Srbije, navodi se u medijskim izve\u0161tajima.\" \/>\n<meta name=\"robots\" content=\"index, follow, max-snippet:-1, max-image-preview:large, max-video-preview:-1\" \/>\n<link rel=\"canonical\" href=\"https:\/\/balkangreenenergynews.com\/rs\/bugarski-premijer-predlozio-mesovito-preduzece-za-prenos-elektricne-energije-sa-crnom-gorom-moguce-srbijom\/\" \/>\n<meta property=\"og:locale\" content=\"sr_RS\" \/>\n<meta property=\"og:type\" content=\"article\" \/>\n<meta property=\"og:title\" content=\"Bugarski premijer predlo\u017eio me\u0161ovito preduze\u0107e za prenos elektri\u010dne energije sa Crnom Gorom i mogu\u0107e Srbijom\" \/>\n<meta property=\"og:description\" content=\"Bugarski premijer Bojko Borisov je predlo\u017eio da Bugarska i Makedonija oforme me\u0161ovito preduze\u0107e za prenos elektri\u010dne energije, uz mogu\u0107e u\u010de\u0161\u0107e Srbije, navodi se u medijskim izve\u0161tajima.\" \/>\n<meta property=\"og:url\" content=\"https:\/\/balkangreenenergynews.com\/rs\/bugarski-premijer-predlozio-mesovito-preduzece-za-prenos-elektricne-energije-sa-crnom-gorom-moguce-srbijom\/\" \/>\n<meta property=\"og:site_name\" content=\"Balkan Green Energy News\" \/>\n<meta property=\"article:published_time\" content=\"2018-09-10T15:04:37+00:00\" \/>\n<meta property=\"article:modified_time\" content=\"2018-09-15T08:26:54+00:00\" \/>\n<meta property=\"og:image\" content=\"https:\/\/balkangreenenergynews.com\/rs\/wp-content\/uploads\/2018\/09\/Bugarski-premijer-predlo\u017eio-me\u0161ovito-preduze\u0107e-za-prenos-elektri\u010dne-energije-sa-Crnom-Gorom-i-mogu\u0107e-Srbijom-e1536591692473.jpg\" \/>\n\t<meta property=\"og:image:width\" content=\"795\" \/>\n\t<meta property=\"og:image:height\" content=\"408\" \/>\n\t<meta property=\"og:image:type\" content=\"image\/jpeg\" \/>\n<meta name=\"author\" content=\"Svetlana Jovanovi\u0107\" \/>\n<meta name=\"twitter:card\" content=\"summary_large_image\" \/>\n<meta name=\"twitter:label1\" content=\"\u041d\u0430\u043f\u0438\u0441\u0430\u043d\u043e \u043e\u0434\" \/>\n\t<meta name=\"twitter:data1\" content=\"Svetlana Jovanovi\u0107\" \/>\n\t<meta name=\"twitter:label2\" content=\"\u041f\u0440\u043e\u0446\u0435\u045a\u0435\u043d\u043e \u0432\u0440\u0435\u043c\u0435 \u0447\u0438\u0442\u0430\u045a\u0430\" \/>\n\t<meta name=\"twitter:data2\" content=\"2 \u043c\u0438\u043d\u0443\u0442\u0430\" \/>\n<script type=\"application\/ld+json\" class=\"yoast-schema-graph\">{\"@context\":\"https:\\\/\\\/schema.org\",\"@graph\":[{\"@type\":\"Article\",\"@id\":\"https:\\\/\\\/balkangreenenergynews.com\\\/rs\\\/bugarski-premijer-predlozio-mesovito-preduzece-za-prenos-elektricne-energije-sa-crnom-gorom-moguce-srbijom\\\/#article\",\"isPartOf\":{\"@id\":\"https:\\\/\\\/balkangreenenergynews.com\\\/rs\\\/bugarski-premijer-predlozio-mesovito-preduzece-za-prenos-elektricne-energije-sa-crnom-gorom-moguce-srbijom\\\/\"},\"author\":{\"name\":\"Svetlana Jovanovi\u0107\",\"@id\":\"https:\\\/\\\/balkangreenenergynews.com\\\/rs\\\/#\\\/schema\\\/person\\\/82b991c6efaf6b462e01800c17da5ae9\"},\"headline\":\"Bugarski premijer predlo\u017eio me\u0161ovito preduze\u0107e za prenos elektri\u010dne energije sa Crnom Gorom i mogu\u0107e Srbijom\",\"datePublished\":\"2018-09-10T15:04:37+00:00\",\"dateModified\":\"2018-09-15T08:26:54+00:00\",\"mainEntityOfPage\":{\"@id\":\"https:\\\/\\\/balkangreenenergynews.com\\\/rs\\\/bugarski-premijer-predlozio-mesovito-preduzece-za-prenos-elektricne-energije-sa-crnom-gorom-moguce-srbijom\\\/\"},\"wordCount\":353,\"commentCount\":0,\"image\":{\"@id\":\"https:\\\/\\\/balkangreenenergynews.com\\\/rs\\\/bugarski-premijer-predlozio-mesovito-preduzece-za-prenos-elektricne-energije-sa-crnom-gorom-moguce-srbijom\\\/#primaryimage\"},\"thumbnailUrl\":\"https:\\\/\\\/balkangreenenergynews.com\\\/rs\\\/wp-content\\\/uploads\\\/2018\\\/09\\\/Bugarski-premijer-predlo\u017eio-me\u0161ovito-preduze\u0107e-za-prenos-elektri\u010dne-energije-sa-Crnom-Gorom-i-mogu\u0107e-Srbijom-e1536591692473.jpg?wsr\",\"keywords\":[\"nuklearka\",\"podmorski kabl\"],\"articleSection\":[\"Elektri\u010dna energija\"],\"inLanguage\":\"sr-RS\",\"potentialAction\":[{\"@type\":\"CommentAction\",\"name\":\"Comment\",\"target\":[\"https:\\\/\\\/balkangreenenergynews.com\\\/rs\\\/bugarski-premijer-predlozio-mesovito-preduzece-za-prenos-elektricne-energije-sa-crnom-gorom-moguce-srbijom\\\/#respond\"]}]},{\"@type\":\"WebPage\",\"@id\":\"https:\\\/\\\/balkangreenenergynews.com\\\/rs\\\/bugarski-premijer-predlozio-mesovito-preduzece-za-prenos-elektricne-energije-sa-crnom-gorom-moguce-srbijom\\\/\",\"url\":\"https:\\\/\\\/balkangreenenergynews.com\\\/rs\\\/bugarski-premijer-predlozio-mesovito-preduzece-za-prenos-elektricne-energije-sa-crnom-gorom-moguce-srbijom\\\/\",\"name\":\"Bugarski premijer predlo\u017eio me\u0161ovito preduze\u0107e za prenos elektri\u010dne energije sa Crnom Gorom i mogu\u0107e Srbijom\",\"isPartOf\":{\"@id\":\"https:\\\/\\\/balkangreenenergynews.com\\\/rs\\\/#website\"},\"primaryImageOfPage\":{\"@id\":\"https:\\\/\\\/balkangreenenergynews.com\\\/rs\\\/bugarski-premijer-predlozio-mesovito-preduzece-za-prenos-elektricne-energije-sa-crnom-gorom-moguce-srbijom\\\/#primaryimage\"},\"image\":{\"@id\":\"https:\\\/\\\/balkangreenenergynews.com\\\/rs\\\/bugarski-premijer-predlozio-mesovito-preduzece-za-prenos-elektricne-energije-sa-crnom-gorom-moguce-srbijom\\\/#primaryimage\"},\"thumbnailUrl\":\"https:\\\/\\\/balkangreenenergynews.com\\\/rs\\\/wp-content\\\/uploads\\\/2018\\\/09\\\/Bugarski-premijer-predlo\u017eio-me\u0161ovito-preduze\u0107e-za-prenos-elektri\u010dne-energije-sa-Crnom-Gorom-i-mogu\u0107e-Srbijom-e1536591692473.jpg?wsr\",\"datePublished\":\"2018-09-10T15:04:37+00:00\",\"dateModified\":\"2018-09-15T08:26:54+00:00\",\"author\":{\"@id\":\"https:\\\/\\\/balkangreenenergynews.com\\\/rs\\\/#\\\/schema\\\/person\\\/82b991c6efaf6b462e01800c17da5ae9\"},\"description\":\"Bugarski premijer Bojko Borisov je predlo\u017eio da Bugarska i Makedonija oforme me\u0161ovito preduze\u0107e za prenos elektri\u010dne energije, uz mogu\u0107e u\u010de\u0161\u0107e Srbije, navodi se u medijskim izve\u0161tajima.\",\"breadcrumb\":{\"@id\":\"https:\\\/\\\/balkangreenenergynews.com\\\/rs\\\/bugarski-premijer-predlozio-mesovito-preduzece-za-prenos-elektricne-energije-sa-crnom-gorom-moguce-srbijom\\\/#breadcrumb\"},\"inLanguage\":\"sr-RS\",\"potentialAction\":[{\"@type\":\"ReadAction\",\"target\":[\"https:\\\/\\\/balkangreenenergynews.com\\\/rs\\\/bugarski-premijer-predlozio-mesovito-preduzece-za-prenos-elektricne-energije-sa-crnom-gorom-moguce-srbijom\\\/\"]}]},{\"@type\":\"ImageObject\",\"inLanguage\":\"sr-RS\",\"@id\":\"https:\\\/\\\/balkangreenenergynews.com\\\/rs\\\/bugarski-premijer-predlozio-mesovito-preduzece-za-prenos-elektricne-energije-sa-crnom-gorom-moguce-srbijom\\\/#primaryimage\",\"url\":\"https:\\\/\\\/balkangreenenergynews.com\\\/rs\\\/wp-content\\\/uploads\\\/2018\\\/09\\\/Bugarski-premijer-predlo\u017eio-me\u0161ovito-preduze\u0107e-za-prenos-elektri\u010dne-energije-sa-Crnom-Gorom-i-mogu\u0107e-Srbijom-e1536591692473.jpg?wsr\",\"contentUrl\":\"https:\\\/\\\/balkangreenenergynews.com\\\/rs\\\/wp-content\\\/uploads\\\/2018\\\/09\\\/Bugarski-premijer-predlo\u017eio-me\u0161ovito-preduze\u0107e-za-prenos-elektri\u010dne-energije-sa-Crnom-Gorom-i-mogu\u0107e-Srbijom-e1536591692473.jpg?wsr\",\"width\":795,\"height\":408},{\"@type\":\"BreadcrumbList\",\"@id\":\"https:\\\/\\\/balkangreenenergynews.com\\\/rs\\\/bugarski-premijer-predlozio-mesovito-preduzece-za-prenos-elektricne-energije-sa-crnom-gorom-moguce-srbijom\\\/#breadcrumb\",\"itemListElement\":[{\"@type\":\"ListItem\",\"position\":1,\"name\":\"Po\u010detna\",\"item\":\"https:\\\/\\\/balkangreenenergynews.com\\\/rs\\\/\"},{\"@type\":\"ListItem\",\"position\":2,\"name\":\"Vesti\",\"item\":\"https:\\\/\\\/balkangreenenergynews.com\\\/rs\\\/kategorija\\\/vesti\\\/\"},{\"@type\":\"ListItem\",\"position\":3,\"name\":\"Elektri\u010dna energija\",\"item\":\"https:\\\/\\\/balkangreenenergynews.com\\\/rs\\\/kategorija\\\/vesti\\\/elektricna-energija\\\/\"},{\"@type\":\"ListItem\",\"position\":4,\"name\":\"Bugarski premijer predlo\u017eio me\u0161ovito preduze\u0107e za prenos elektri\u010dne energije sa Crnom Gorom i mogu\u0107e Srbijom\"}]},{\"@type\":\"WebSite\",\"@id\":\"https:\\\/\\\/balkangreenenergynews.com\\\/rs\\\/#website\",\"url\":\"https:\\\/\\\/balkangreenenergynews.com\\\/rs\\\/\",\"name\":\"Balkan Green Energy News\",\"description\":\"Naj\u0161iri izbor vesti sa Balkana o zelenoj energiji\",\"potentialAction\":[{\"@type\":\"SearchAction\",\"target\":{\"@type\":\"EntryPoint\",\"urlTemplate\":\"https:\\\/\\\/balkangreenenergynews.com\\\/rs\\\/?s={search_term_string}\"},\"query-input\":{\"@type\":\"PropertyValueSpecification\",\"valueRequired\":true,\"valueName\":\"search_term_string\"}}],\"inLanguage\":\"sr-RS\"},{\"@type\":\"Person\",\"@id\":\"https:\\\/\\\/balkangreenenergynews.com\\\/rs\\\/#\\\/schema\\\/person\\\/82b991c6efaf6b462e01800c17da5ae9\",\"name\":\"Svetlana Jovanovi\u0107\",\"description\":\"Nakon 15 godina pisanja i ure\u0111ivanja finansijskih &amp; biznis vesti, Svetlana se od 2018. godine fokusira na teme \u017eivotne sredine i odr\u017eivog razvoja. #BeatPlasticPollution je njen omiljeni hashtag.\",\"sameAs\":[\"https:\\\/\\\/www.linkedin.com\\\/in\\\/svetlana-jovanovic-4741814b\\\/\"],\"url\":\"https:\\\/\\\/balkangreenenergynews.com\\\/rs\\\/author\\\/svetlana-jovanovic\\\/\"}]}<\/script>\n<!-- \/ Yoast SEO plugin. -->","yoast_head_json":{"title":"Bugarski premijer predlo\u017eio me\u0161ovito preduze\u0107e za prenos elektri\u010dne energije sa Crnom Gorom i mogu\u0107e Srbijom","description":"Bugarski premijer Bojko Borisov je predlo\u017eio da Bugarska i Makedonija oforme me\u0161ovito preduze\u0107e za prenos elektri\u010dne energije, uz mogu\u0107e u\u010de\u0161\u0107e Srbije, navodi se u medijskim izve\u0161tajima.","robots":{"index":"index","follow":"follow","max-snippet":"max-snippet:-1","max-image-preview":"max-image-preview:large","max-video-preview":"max-video-preview:-1"},"canonical":"https:\/\/balkangreenenergynews.com\/rs\/bugarski-premijer-predlozio-mesovito-preduzece-za-prenos-elektricne-energije-sa-crnom-gorom-moguce-srbijom\/","og_locale":"sr_RS","og_type":"article","og_title":"Bugarski premijer predlo\u017eio me\u0161ovito preduze\u0107e za prenos elektri\u010dne energije sa Crnom Gorom i mogu\u0107e Srbijom","og_description":"Bugarski premijer Bojko Borisov je predlo\u017eio da Bugarska i Makedonija oforme me\u0161ovito preduze\u0107e za prenos elektri\u010dne energije, uz mogu\u0107e u\u010de\u0161\u0107e Srbije, navodi se u medijskim izve\u0161tajima.","og_url":"https:\/\/balkangreenenergynews.com\/rs\/bugarski-premijer-predlozio-mesovito-preduzece-za-prenos-elektricne-energije-sa-crnom-gorom-moguce-srbijom\/","og_site_name":"Balkan Green Energy News","article_published_time":"2018-09-10T15:04:37+00:00","article_modified_time":"2018-09-15T08:26:54+00:00","og_image":[{"width":795,"height":408,"url":"https:\/\/balkangreenenergynews.com\/rs\/wp-content\/uploads\/2018\/09\/Bugarski-premijer-predlo\u017eio-me\u0161ovito-preduze\u0107e-za-prenos-elektri\u010dne-energije-sa-Crnom-Gorom-i-mogu\u0107e-Srbijom-e1536591692473.jpg","type":"image\/jpeg"}],"author":"Svetlana Jovanovi\u0107","twitter_card":"summary_large_image","twitter_misc":{"\u041d\u0430\u043f\u0438\u0441\u0430\u043d\u043e \u043e\u0434":"Svetlana Jovanovi\u0107","\u041f\u0440\u043e\u0446\u0435\u045a\u0435\u043d\u043e \u0432\u0440\u0435\u043c\u0435 \u0447\u0438\u0442\u0430\u045a\u0430":"2 \u043c\u0438\u043d\u0443\u0442\u0430"},"schema":{"@context":"https:\/\/schema.org","@graph":[{"@type":"Article","@id":"https:\/\/balkangreenenergynews.com\/rs\/bugarski-premijer-predlozio-mesovito-preduzece-za-prenos-elektricne-energije-sa-crnom-gorom-moguce-srbijom\/#article","isPartOf":{"@id":"https:\/\/balkangreenenergynews.com\/rs\/bugarski-premijer-predlozio-mesovito-preduzece-za-prenos-elektricne-energije-sa-crnom-gorom-moguce-srbijom\/"},"author":{"name":"Svetlana Jovanovi\u0107","@id":"https:\/\/balkangreenenergynews.com\/rs\/#\/schema\/person\/82b991c6efaf6b462e01800c17da5ae9"},"headline":"Bugarski premijer predlo\u017eio me\u0161ovito preduze\u0107e za prenos elektri\u010dne energije sa Crnom Gorom i mogu\u0107e Srbijom","datePublished":"2018-09-10T15:04:37+00:00","dateModified":"2018-09-15T08:26:54+00:00","mainEntityOfPage":{"@id":"https:\/\/balkangreenenergynews.com\/rs\/bugarski-premijer-predlozio-mesovito-preduzece-za-prenos-elektricne-energije-sa-crnom-gorom-moguce-srbijom\/"},"wordCount":353,"commentCount":0,"image":{"@id":"https:\/\/balkangreenenergynews.com\/rs\/bugarski-premijer-predlozio-mesovito-preduzece-za-prenos-elektricne-energije-sa-crnom-gorom-moguce-srbijom\/#primaryimage"},"thumbnailUrl":"https:\/\/balkangreenenergynews.com\/rs\/wp-content\/uploads\/2018\/09\/Bugarski-premijer-predlo\u017eio-me\u0161ovito-preduze\u0107e-za-prenos-elektri\u010dne-energije-sa-Crnom-Gorom-i-mogu\u0107e-Srbijom-e1536591692473.jpg?wsr","keywords":["nuklearka","podmorski kabl"],"articleSection":["Elektri\u010dna energija"],"inLanguage":"sr-RS","potentialAction":[{"@type":"CommentAction","name":"Comment","target":["https:\/\/balkangreenenergynews.com\/rs\/bugarski-premijer-predlozio-mesovito-preduzece-za-prenos-elektricne-energije-sa-crnom-gorom-moguce-srbijom\/#respond"]}]},{"@type":"WebPage","@id":"https:\/\/balkangreenenergynews.com\/rs\/bugarski-premijer-predlozio-mesovito-preduzece-za-prenos-elektricne-energije-sa-crnom-gorom-moguce-srbijom\/","url":"https:\/\/balkangreenenergynews.com\/rs\/bugarski-premijer-predlozio-mesovito-preduzece-za-prenos-elektricne-energije-sa-crnom-gorom-moguce-srbijom\/","name":"Bugarski premijer predlo\u017eio me\u0161ovito preduze\u0107e za prenos elektri\u010dne energije sa Crnom Gorom i mogu\u0107e Srbijom","isPartOf":{"@id":"https:\/\/balkangreenenergynews.com\/rs\/#website"},"primaryImageOfPage":{"@id":"https:\/\/balkangreenenergynews.com\/rs\/bugarski-premijer-predlozio-mesovito-preduzece-za-prenos-elektricne-energije-sa-crnom-gorom-moguce-srbijom\/#primaryimage"},"image":{"@id":"https:\/\/balkangreenenergynews.com\/rs\/bugarski-premijer-predlozio-mesovito-preduzece-za-prenos-elektricne-energije-sa-crnom-gorom-moguce-srbijom\/#primaryimage"},"thumbnailUrl":"https:\/\/balkangreenenergynews.com\/rs\/wp-content\/uploads\/2018\/09\/Bugarski-premijer-predlo\u017eio-me\u0161ovito-preduze\u0107e-za-prenos-elektri\u010dne-energije-sa-Crnom-Gorom-i-mogu\u0107e-Srbijom-e1536591692473.jpg?wsr","datePublished":"2018-09-10T15:04:37+00:00","dateModified":"2018-09-15T08:26:54+00:00","author":{"@id":"https:\/\/balkangreenenergynews.com\/rs\/#\/schema\/person\/82b991c6efaf6b462e01800c17da5ae9"},"description":"Bugarski premijer Bojko Borisov je predlo\u017eio da Bugarska i Makedonija oforme me\u0161ovito preduze\u0107e za prenos elektri\u010dne energije, uz mogu\u0107e u\u010de\u0161\u0107e Srbije, navodi se u medijskim izve\u0161tajima.","breadcrumb":{"@id":"https:\/\/balkangreenenergynews.com\/rs\/bugarski-premijer-predlozio-mesovito-preduzece-za-prenos-elektricne-energije-sa-crnom-gorom-moguce-srbijom\/#breadcrumb"},"inLanguage":"sr-RS","potentialAction":[{"@type":"ReadAction","target":["https:\/\/balkangreenenergynews.com\/rs\/bugarski-premijer-predlozio-mesovito-preduzece-za-prenos-elektricne-energije-sa-crnom-gorom-moguce-srbijom\/"]}]},{"@type":"ImageObject","inLanguage":"sr-RS","@id":"https:\/\/balkangreenenergynews.com\/rs\/bugarski-premijer-predlozio-mesovito-preduzece-za-prenos-elektricne-energije-sa-crnom-gorom-moguce-srbijom\/#primaryimage","url":"https:\/\/balkangreenenergynews.com\/rs\/wp-content\/uploads\/2018\/09\/Bugarski-premijer-predlo\u017eio-me\u0161ovito-preduze\u0107e-za-prenos-elektri\u010dne-energije-sa-Crnom-Gorom-i-mogu\u0107e-Srbijom-e1536591692473.jpg?wsr","contentUrl":"https:\/\/balkangreenenergynews.com\/rs\/wp-content\/uploads\/2018\/09\/Bugarski-premijer-predlo\u017eio-me\u0161ovito-preduze\u0107e-za-prenos-elektri\u010dne-energije-sa-Crnom-Gorom-i-mogu\u0107e-Srbijom-e1536591692473.jpg?wsr","width":795,"height":408},{"@type":"BreadcrumbList","@id":"https:\/\/balkangreenenergynews.com\/rs\/bugarski-premijer-predlozio-mesovito-preduzece-za-prenos-elektricne-energije-sa-crnom-gorom-moguce-srbijom\/#breadcrumb","itemListElement":[{"@type":"ListItem","position":1,"name":"Po\u010detna","item":"https:\/\/balkangreenenergynews.com\/rs\/"},{"@type":"ListItem","position":2,"name":"Vesti","item":"https:\/\/balkangreenenergynews.com\/rs\/kategorija\/vesti\/"},{"@type":"ListItem","position":3,"name":"Elektri\u010dna energija","item":"https:\/\/balkangreenenergynews.com\/rs\/kategorija\/vesti\/elektricna-energija\/"},{"@type":"ListItem","position":4,"name":"Bugarski premijer predlo\u017eio me\u0161ovito preduze\u0107e za prenos elektri\u010dne energije sa Crnom Gorom i mogu\u0107e Srbijom"}]},{"@type":"WebSite","@id":"https:\/\/balkangreenenergynews.com\/rs\/#website","url":"https:\/\/balkangreenenergynews.com\/rs\/","name":"Balkan Green Energy News","description":"Naj\u0161iri izbor vesti sa Balkana o zelenoj energiji","potentialAction":[{"@type":"SearchAction","target":{"@type":"EntryPoint","urlTemplate":"https:\/\/balkangreenenergynews.com\/rs\/?s={search_term_string}"},"query-input":{"@type":"PropertyValueSpecification","valueRequired":true,"valueName":"search_term_string"}}],"inLanguage":"sr-RS"},{"@type":"Person","@id":"https:\/\/balkangreenenergynews.com\/rs\/#\/schema\/person\/82b991c6efaf6b462e01800c17da5ae9","name":"Svetlana Jovanovi\u0107","description":"Nakon 15 godina pisanja i ure\u0111ivanja finansijskih &amp; biznis vesti, Svetlana se od 2018. godine fokusira na teme \u017eivotne sredine i odr\u017eivog razvoja. #BeatPlasticPollution je njen omiljeni hashtag.","sameAs":["https:\/\/www.linkedin.com\/in\/svetlana-jovanovic-4741814b\/"],"url":"https:\/\/balkangreenenergynews.com\/rs\/author\/svetlana-jovanovic\/"}]}},"_links":{"self":[{"href":"https:\/\/balkangreenenergynews.com\/rs\/wp-json\/wp\/v2\/posts\/19268","targetHints":{"allow":["GET"]}}],"collection":[{"href":"https:\/\/balkangreenenergynews.com\/rs\/wp-json\/wp\/v2\/posts"}],"about":[{"href":"https:\/\/balkangreenenergynews.com\/rs\/wp-json\/wp\/v2\/types\/post"}],"author":[{"embeddable":true,"href":"https:\/\/balkangreenenergynews.com\/rs\/wp-json\/wp\/v2\/users\/20"}],"replies":[{"embeddable":true,"href":"https:\/\/balkangreenenergynews.com\/rs\/wp-json\/wp\/v2\/comments?post=19268"}],"version-history":[{"count":0,"href":"https:\/\/balkangreenenergynews.com\/rs\/wp-json\/wp\/v2\/posts\/19268\/revisions"}],"wp:featuredmedia":[{"embeddable":true,"href":"https:\/\/balkangreenenergynews.com\/rs\/wp-json\/wp\/v2\/media\/19269"}],"wp:attachment":[{"href":"https:\/\/balkangreenenergynews.com\/rs\/wp-json\/wp\/v2\/media?parent=19268"}],"wp:term":[{"taxonomy":"category","embeddable":true,"href":"https:\/\/balkangreenenergynews.com\/rs\/wp-json\/wp\/v2\/categories?post=19268"},{"taxonomy":"post_tag","embeddable":true,"href":"https:\/\/balkangreenenergynews.com\/rs\/wp-json\/wp\/v2\/tags?post=19268"}],"curies":[{"name":"wp","href":"https:\/\/api.w.org\/{rel}","templated":true}]}}