{"id":18940,"date":"2018-08-20T17:59:20","date_gmt":"2018-08-20T15:59:20","guid":{"rendered":"https:\/\/balkangreenenergynews.com\/rs\/?p=18940"},"modified":"2020-10-30T14:07:21","modified_gmt":"2020-10-30T13:07:21","slug":"nuwiel-elektricna-prikolica-za-bicikl-inovativno-resenje-za-mobilnost-u-urbanim-sredinama","status":"publish","type":"post","link":"https:\/\/balkangreenenergynews.com\/rs\/nuwiel-elektricna-prikolica-za-bicikl-inovativno-resenje-za-mobilnost-u-urbanim-sredinama\/","title":{"rendered":"N\u00dcWIEL elektri\u010dna prikolica za bicikl &#8211; inovativno re\u0161enje za mobilnost u urbanim sredinama"},"content":{"rendered":"<h2>Prevoz robe u urbanim sredinama proizvodi oko 21% emisija CO2, ali je i odgovoran za buku i saobra\u0107ajne gu\u017eve. Ovim problemom pozabavio se nema\u010dki startap N\u00dcWIEL, finalista ovogodi\u0161njeg clim@ takmi\u010denja za startapove u organizaciji Fonda za zeleni razvoj (GGF).<\/h2>\n<p>N\u00dcWIEL je tehnolo\u0161ki startap iz Hamburga koju su osnovali Natalia Tomiyama, Fahad Khan i Sandro Rabbiosi sa idejom da oslobode gradove nepotrebne upotrebe automobila, buke i zaga\u0111enja vazduha. Da bi to ostvarili N\u00dcWIEL je razvio prikolicu na elektri\u010dni pogon za bicikle za prevoz robe u urbanim sredinama.<\/p>\n<h3><span style=\"\">Transport robe odgovoran za 21 odsto emisija CO2<\/span><\/h3>\n<p>Sa urbanizacijom i rastuc\u0301om digitalizacijom, sve vi\u0161e ljudi c\u0301e \u017eiveti u gradovima, bi\u0107e vi\u0161e onlajn porud\u017ebina i isporuka na ku\u0107nu adresu. A, urbani prevoz robe ve\u0107 sada proizvodi oko 21% svih emisija CO2.<\/p>\n<p>Ovo ne samo da zna\u010dajno doprinosi klimatskim promenama, vec\u0301 i negativno uti\u010de na javno zdravlje, jer 70% kancerogenih i drugih opasnih materija poti\u010de od emisija u saobrac\u0301aju.<\/p>\n<p><img loading=\"lazy\" decoding=\"async\" class=\"wp-image-18944 aligncenter\" src=\"https:\/\/balkangreenenergynews.com\/rs\/wp-content\/uploads\/2018\/08\/nuwiel-AGA_6476-500x256.jpg\" alt=\"\" width=\"789\" height=\"404\" srcset=\"https:\/\/balkangreenenergynews.com\/rs\/wp-content\/uploads\/2018\/08\/nuwiel-AGA_6476-500x256.jpg 500w, https:\/\/balkangreenenergynews.com\/rs\/wp-content\/uploads\/2018\/08\/nuwiel-AGA_6476-768x393.jpg 768w, https:\/\/balkangreenenergynews.com\/rs\/wp-content\/uploads\/2018\/08\/nuwiel-AGA_6476-300x154.jpg 300w, https:\/\/balkangreenenergynews.com\/rs\/wp-content\/uploads\/2018\/08\/nuwiel-AGA_6476.jpg 795w\" sizes=\"auto, (max-width: 789px) 100vw, 789px\" \/><\/p>\n<h3><span style=\"\">Pametna elektri\u010dna prikolica za bicikl<\/span><\/h3>\n<p>N\u00dcWIEL \u017eeli da obezbedi sigurna, prakti\u010dna i odr\u017eiva re\u0161enja za mobilnost u urbanim sredinama, pa su razvili prvu pametnu elektri\u010dnu prikolicu u bicikl.<\/p>\n<p>Njihova patentirana tehnologija omoguc\u0301ava prikolici da ubrza, usporava i automatski ko\u010di u odnosu na to kako se kre\u0107e bicikl. Biciklista ne mora dodatno da ula\u017ee napor i mo\u017ee da nosi 150 kg, a da to i ne oseti. Prikolica se mo\u017ee priklju\u010diti na obi\u010dan, elektri\u010dni i kargo bicikl u roku od jedne sekunde. Bez bicikla, mo\u017ee se koristiti kao elektri\u010dna ru\u010dna kolica u objektima i pe\u0161a\u010dkim zonama.<\/p>\n<p>Prikolica je uspe\u0161no testirana od strane razli\u010ditih kompanija za isporuku paketa, kao i sa prvom evropskom urbanom trgovinom IKEA u Hamburgu.<\/p>\n<h3><span style=\"\">Pomo\u0107 u dostizanju ciljeva 3, 11 i 13 odr\u017eivog razvoja UN<\/span><\/h3>\n<p>Evropska komisija je postavila cilj da do 2030. godine gradska logistika u velikim gradovima bude bez emisija CO2. N\u00dcWIEL ima za cilj da doprinese postizanju ovog cilja pripremanjem tr\u017ei\u0161nih i re\u0161enja za \u010distu moblinost koja imaju prostor za rast.<\/p>\n<p>Njihov krajnji cilj je smanjenje saobra\u0107ajnih gu\u017evi 30%, zaga\u0111enja vazduha 40% i broja ljudi koji pate od buke 10%, kao i pobolj\u0161anje kvaliteta \u017eivota ljudi u EU i \u0161irom sveta.<\/p>\n<p>N\u00dcWIEL direktno doprinosi postizanju ciljeva odr\u017eivog razvoja Ujedinjenih nacija (UN), i to Odr\u017eivi gradovi i zajednice (G11), Klimatska akcija (G13) i Dobro zdravlje i blagostanje (G3).<\/p>\n<p>Danas N\u00dcWIEL sara\u0111uje sa kompanijama za logistiku i maloprodaju, ali, tako\u0111e, \u017eeli da u buduc\u0301nosti njihova prikolica postane dostupna i pojedincima jer samo jedna N\u00dcWIEL-prikolica koja pre\u0111e 72 km dnevno zamenjuje automobil koji pre\u0111e 6.300 kmi i tako smanjuje emisije CO2 za do 2.000 tona.<\/p>\n<p><img loading=\"lazy\" decoding=\"async\" class=\"wp-image-18945 aligncenter\" src=\"https:\/\/balkangreenenergynews.com\/rs\/wp-content\/uploads\/2018\/08\/nuwiel-DSC_5400-Anne-Gaertner-500x256.jpg\" alt=\"\" width=\"797\" height=\"408\" srcset=\"https:\/\/balkangreenenergynews.com\/rs\/wp-content\/uploads\/2018\/08\/nuwiel-DSC_5400-Anne-Gaertner-500x256.jpg 500w, https:\/\/balkangreenenergynews.com\/rs\/wp-content\/uploads\/2018\/08\/nuwiel-DSC_5400-Anne-Gaertner-768x393.jpg 768w, https:\/\/balkangreenenergynews.com\/rs\/wp-content\/uploads\/2018\/08\/nuwiel-DSC_5400-Anne-Gaertner-300x154.jpg 300w, https:\/\/balkangreenenergynews.com\/rs\/wp-content\/uploads\/2018\/08\/nuwiel-DSC_5400-Anne-Gaertner.jpg 795w\" sizes=\"auto, (max-width: 797px) 100vw, 797px\" \/><\/p>\n<h3><span style=\"\">Doprinos<\/span><\/h3>\n<p>N\u00dcWIEL-prikolica omoguc\u0301ava kompanijama za dostavu paketa, trgovcima na malo, kao i pojedincima da prenesu bilo \u0161ta biciklom i tako doprinesu da gradovi postanu odr\u017eivi i otporni na klimatske promene.<\/p>\n<hr \/>\n<p><strong>Natalia Tomiyama, suosniva\u010d startapa N\u00dcWIEL<\/strong><\/p>\n<p><img loading=\"lazy\" decoding=\"async\" class=\" wp-image-18946 alignright\" src=\"https:\/\/balkangreenenergynews.com\/rs\/wp-content\/uploads\/2018\/08\/nuwiel-Natalia_1-277x300.jpg\" alt=\"\" width=\"180\" height=\"195\" srcset=\"https:\/\/balkangreenenergynews.com\/rs\/wp-content\/uploads\/2018\/08\/nuwiel-Natalia_1-277x300.jpg 277w, https:\/\/balkangreenenergynews.com\/rs\/wp-content\/uploads\/2018\/08\/nuwiel-Natalia_1-500x541.jpg 500w, https:\/\/balkangreenenergynews.com\/rs\/wp-content\/uploads\/2018\/08\/nuwiel-Natalia_1.jpg 628w\" sizes=\"auto, (max-width: 180px) 100vw, 180px\" \/><\/p>\n<p><em>Izuzetno smo zahvalni Fondu za zeleni razvoj i Finance in Motion za podizanje svesti o klimatskim promenama i prepoznavanju startapa N\u00dcWIEL kao jednog od re\u0161enja za njihovo ubla\u017eavanje.<\/em><\/p>\n<p><em>Osvojili smo trec\u0301e mesto na konkursu clim@, gde je u\u010destvovalo 260 startapova iz zemalja \u0161irom sveta. Va\u017enije je da smo imali priliku da predstavimo na\u0161e re\u0161enje me\u0111unarodnoj publici, da smo upoznali 19 izvanrednih startapova koji se bore protiv klimatskih promena i da smo pro\u0161irili na\u0161u mre\u017eu potencijalnih partnera na Bliski Istok i Afriku.<\/em><\/p>\n<p><em>\u017delimo svim ostalim startapovima puno srec\u0301e u njihovim poduhvatima, i zahvaljujemo organizatorima, sponzorima i pitch trenerima prvog clim@ takmi\u010denja.<\/em><\/p>\n<hr \/>\n<h3><span style=\"\">Tim<\/span><\/h3>\n<p><img loading=\"lazy\" decoding=\"async\" class=\"size-full wp-image-18943 alignright\" src=\"https:\/\/balkangreenenergynews.com\/rs\/wp-content\/uploads\/2018\/08\/nuwiel-contact.jpg\" alt=\"\" width=\"220\" height=\"205\" \/><\/p>\n<p>NUWIEL su 2016. osnovali Fahad Khan, Natalia Tomiyama i Sandro Rabbiosi. Startap je lociran\u00a0u Hamburgu u Nema\u010dkoj i trenutno zapo\u0161ljava 10 osoba iz 7 razli\u010ditih zemalja sa raznolikim znanjem i iskustvom.<\/p>\n<p>Ove godine po\u010de\u0107e pilot proizvodnja i trenutno se prikupljaju sredstva za serijsku proizvodnju.<\/p>\n","protected":false},"excerpt":{"rendered":"<p>Prevoz robe u urbanim sredinama proizvodi oko 21% emisija CO2, ali je i odgovoran za&#8230;<\/p>\n","protected":false},"author":23,"featured_media":18948,"comment_status":"open","ping_status":"closed","sticky":false,"template":"","format":"standard","meta":{"_acf_changed":false,"_monsterinsights_skip_tracking":false,"_monsterinsights_sitenote_active":false,"_monsterinsights_sitenote_note":"","_monsterinsights_sitenote_category":0,"footnotes":""},"categories":[7],"tags":[4550,222],"class_list":["post-18940","post","type-post","status-publish","format-standard","has-post-thumbnail","hentry","category-mobilnost","tag-finance-in-motion","tag-ggf","country-regioneu"],"acf":[],"yoast_head":"<!-- This site is optimized with the Yoast SEO plugin v27.4 - https:\/\/yoast.com\/product\/yoast-seo-wordpress\/ -->\n<title>NUWIEL elektri\u010dna prikolica za bicikl - inovativno re\u0161enje za mobilnost u urbanim sredinama<\/title>\n<meta name=\"description\" content=\"Prevoz robe u urbanim sredinama proizvodi oko 21% emisija CO2, ali je i odgovoran za buku i saobra\u0107ajne gu\u017eve. Ovim problemom pozabavio se nema\u010dki startap NUWIEL, finalista ovogodi\u0161njeg clim@ takmi\u010denja za startapove u organizaciji Fonda za zeleni razvoj (GGF).\" \/>\n<meta name=\"robots\" content=\"index, follow, max-snippet:-1, max-image-preview:large, max-video-preview:-1\" \/>\n<link rel=\"canonical\" href=\"https:\/\/balkangreenenergynews.com\/rs\/nuwiel-elektricna-prikolica-za-bicikl-inovativno-resenje-za-mobilnost-u-urbanim-sredinama\/\" \/>\n<meta property=\"og:locale\" content=\"sr_RS\" \/>\n<meta property=\"og:type\" content=\"article\" \/>\n<meta property=\"og:title\" content=\"NUWIEL elektri\u010dna prikolica za bicikl - inovativno re\u0161enje za mobilnost u urbanim sredinama\" \/>\n<meta property=\"og:description\" content=\"Prevoz robe u urbanim sredinama proizvodi oko 21% emisija CO2, ali je i odgovoran za buku i saobra\u0107ajne gu\u017eve. Ovim problemom pozabavio se nema\u010dki startap NUWIEL, finalista ovogodi\u0161njeg clim@ takmi\u010denja za startapove u organizaciji Fonda za zeleni razvoj (GGF).\" \/>\n<meta property=\"og:url\" content=\"https:\/\/balkangreenenergynews.com\/rs\/nuwiel-elektricna-prikolica-za-bicikl-inovativno-resenje-za-mobilnost-u-urbanim-sredinama\/\" \/>\n<meta property=\"og:site_name\" content=\"Balkan Green Energy News\" \/>\n<meta property=\"article:published_time\" content=\"2018-08-20T15:59:20+00:00\" \/>\n<meta property=\"article:modified_time\" content=\"2020-10-30T13:07:21+00:00\" \/>\n<meta property=\"og:image\" content=\"https:\/\/balkangreenenergynews.com\/rs\/wp-content\/uploads\/2018\/08\/nuwiel-AGA_5854_Box.jpg\" \/>\n\t<meta property=\"og:image:width\" content=\"795\" \/>\n\t<meta property=\"og:image:height\" content=\"407\" \/>\n\t<meta property=\"og:image:type\" content=\"image\/jpeg\" \/>\n<meta name=\"author\" content=\"Vladimir Spasi\u0107\" \/>\n<meta name=\"twitter:card\" content=\"summary_large_image\" \/>\n<meta name=\"twitter:label1\" content=\"\u041d\u0430\u043f\u0438\u0441\u0430\u043d\u043e \u043e\u0434\" \/>\n\t<meta name=\"twitter:data1\" content=\"Vladimir Spasi\u0107\" \/>\n\t<meta name=\"twitter:label2\" content=\"\u041f\u0440\u043e\u0446\u0435\u045a\u0435\u043d\u043e \u0432\u0440\u0435\u043c\u0435 \u0447\u0438\u0442\u0430\u045a\u0430\" \/>\n\t<meta name=\"twitter:data2\" content=\"3 \u043c\u0438\u043d\u0443\u0442\u0430\" \/>\n<script type=\"application\/ld+json\" class=\"yoast-schema-graph\">{\"@context\":\"https:\\\/\\\/schema.org\",\"@graph\":[{\"@type\":\"Article\",\"@id\":\"https:\\\/\\\/balkangreenenergynews.com\\\/rs\\\/nuwiel-elektricna-prikolica-za-bicikl-inovativno-resenje-za-mobilnost-u-urbanim-sredinama\\\/#article\",\"isPartOf\":{\"@id\":\"https:\\\/\\\/balkangreenenergynews.com\\\/rs\\\/nuwiel-elektricna-prikolica-za-bicikl-inovativno-resenje-za-mobilnost-u-urbanim-sredinama\\\/\"},\"author\":{\"name\":\"Vladimir Spasi\u0107\",\"@id\":\"https:\\\/\\\/balkangreenenergynews.com\\\/rs\\\/#\\\/schema\\\/person\\\/99dc721c46113fea22caffad06ef7317\"},\"headline\":\"N\u00dcWIEL elektri\u010dna prikolica za bicikl &#8211; inovativno re\u0161enje za mobilnost u urbanim sredinama\",\"datePublished\":\"2018-08-20T15:59:20+00:00\",\"dateModified\":\"2020-10-30T13:07:21+00:00\",\"mainEntityOfPage\":{\"@id\":\"https:\\\/\\\/balkangreenenergynews.com\\\/rs\\\/nuwiel-elektricna-prikolica-za-bicikl-inovativno-resenje-za-mobilnost-u-urbanim-sredinama\\\/\"},\"wordCount\":684,\"commentCount\":0,\"image\":{\"@id\":\"https:\\\/\\\/balkangreenenergynews.com\\\/rs\\\/nuwiel-elektricna-prikolica-za-bicikl-inovativno-resenje-za-mobilnost-u-urbanim-sredinama\\\/#primaryimage\"},\"thumbnailUrl\":\"https:\\\/\\\/balkangreenenergynews.com\\\/rs\\\/wp-content\\\/uploads\\\/2018\\\/08\\\/nuwiel-AGA_5854_Box.jpg?wsr\",\"keywords\":[\"Finance in Motion\",\"GGF\"],\"articleSection\":[\"Mobilnost\"],\"inLanguage\":\"sr-RS\",\"potentialAction\":[{\"@type\":\"CommentAction\",\"name\":\"Comment\",\"target\":[\"https:\\\/\\\/balkangreenenergynews.com\\\/rs\\\/nuwiel-elektricna-prikolica-za-bicikl-inovativno-resenje-za-mobilnost-u-urbanim-sredinama\\\/#respond\"]}]},{\"@type\":\"WebPage\",\"@id\":\"https:\\\/\\\/balkangreenenergynews.com\\\/rs\\\/nuwiel-elektricna-prikolica-za-bicikl-inovativno-resenje-za-mobilnost-u-urbanim-sredinama\\\/\",\"url\":\"https:\\\/\\\/balkangreenenergynews.com\\\/rs\\\/nuwiel-elektricna-prikolica-za-bicikl-inovativno-resenje-za-mobilnost-u-urbanim-sredinama\\\/\",\"name\":\"NUWIEL elektri\u010dna prikolica za bicikl - inovativno re\u0161enje za mobilnost u urbanim sredinama\",\"isPartOf\":{\"@id\":\"https:\\\/\\\/balkangreenenergynews.com\\\/rs\\\/#website\"},\"primaryImageOfPage\":{\"@id\":\"https:\\\/\\\/balkangreenenergynews.com\\\/rs\\\/nuwiel-elektricna-prikolica-za-bicikl-inovativno-resenje-za-mobilnost-u-urbanim-sredinama\\\/#primaryimage\"},\"image\":{\"@id\":\"https:\\\/\\\/balkangreenenergynews.com\\\/rs\\\/nuwiel-elektricna-prikolica-za-bicikl-inovativno-resenje-za-mobilnost-u-urbanim-sredinama\\\/#primaryimage\"},\"thumbnailUrl\":\"https:\\\/\\\/balkangreenenergynews.com\\\/rs\\\/wp-content\\\/uploads\\\/2018\\\/08\\\/nuwiel-AGA_5854_Box.jpg?wsr\",\"datePublished\":\"2018-08-20T15:59:20+00:00\",\"dateModified\":\"2020-10-30T13:07:21+00:00\",\"author\":{\"@id\":\"https:\\\/\\\/balkangreenenergynews.com\\\/rs\\\/#\\\/schema\\\/person\\\/99dc721c46113fea22caffad06ef7317\"},\"description\":\"Prevoz robe u urbanim sredinama proizvodi oko 21% emisija CO2, ali je i odgovoran za buku i saobra\u0107ajne gu\u017eve. Ovim problemom pozabavio se nema\u010dki startap NUWIEL, finalista ovogodi\u0161njeg clim@ takmi\u010denja za startapove u organizaciji Fonda za zeleni razvoj (GGF).\",\"breadcrumb\":{\"@id\":\"https:\\\/\\\/balkangreenenergynews.com\\\/rs\\\/nuwiel-elektricna-prikolica-za-bicikl-inovativno-resenje-za-mobilnost-u-urbanim-sredinama\\\/#breadcrumb\"},\"inLanguage\":\"sr-RS\",\"potentialAction\":[{\"@type\":\"ReadAction\",\"target\":[\"https:\\\/\\\/balkangreenenergynews.com\\\/rs\\\/nuwiel-elektricna-prikolica-za-bicikl-inovativno-resenje-za-mobilnost-u-urbanim-sredinama\\\/\"]}]},{\"@type\":\"ImageObject\",\"inLanguage\":\"sr-RS\",\"@id\":\"https:\\\/\\\/balkangreenenergynews.com\\\/rs\\\/nuwiel-elektricna-prikolica-za-bicikl-inovativno-resenje-za-mobilnost-u-urbanim-sredinama\\\/#primaryimage\",\"url\":\"https:\\\/\\\/balkangreenenergynews.com\\\/rs\\\/wp-content\\\/uploads\\\/2018\\\/08\\\/nuwiel-AGA_5854_Box.jpg?wsr\",\"contentUrl\":\"https:\\\/\\\/balkangreenenergynews.com\\\/rs\\\/wp-content\\\/uploads\\\/2018\\\/08\\\/nuwiel-AGA_5854_Box.jpg?wsr\",\"width\":795,\"height\":407,\"caption\":\"nuwiel-AGA_5854_Box\"},{\"@type\":\"BreadcrumbList\",\"@id\":\"https:\\\/\\\/balkangreenenergynews.com\\\/rs\\\/nuwiel-elektricna-prikolica-za-bicikl-inovativno-resenje-za-mobilnost-u-urbanim-sredinama\\\/#breadcrumb\",\"itemListElement\":[{\"@type\":\"ListItem\",\"position\":1,\"name\":\"Po\u010detna\",\"item\":\"https:\\\/\\\/balkangreenenergynews.com\\\/rs\\\/\"},{\"@type\":\"ListItem\",\"position\":2,\"name\":\"Clim@\",\"item\":\"https:\\\/\\\/balkangreenenergynews.com\\\/rs\\\/kategorija\\\/clima\\\/\"},{\"@type\":\"ListItem\",\"position\":3,\"name\":\"N\u00dcWIEL elektri\u010dna prikolica za bicikl &#8211; inovativno re\u0161enje za mobilnost u urbanim sredinama\"}]},{\"@type\":\"WebSite\",\"@id\":\"https:\\\/\\\/balkangreenenergynews.com\\\/rs\\\/#website\",\"url\":\"https:\\\/\\\/balkangreenenergynews.com\\\/rs\\\/\",\"name\":\"Balkan Green Energy News\",\"description\":\"Naj\u0161iri izbor vesti sa Balkana o zelenoj energiji\",\"potentialAction\":[{\"@type\":\"SearchAction\",\"target\":{\"@type\":\"EntryPoint\",\"urlTemplate\":\"https:\\\/\\\/balkangreenenergynews.com\\\/rs\\\/?s={search_term_string}\"},\"query-input\":{\"@type\":\"PropertyValueSpecification\",\"valueRequired\":true,\"valueName\":\"search_term_string\"}}],\"inLanguage\":\"sr-RS\"},{\"@type\":\"Person\",\"@id\":\"https:\\\/\\\/balkangreenenergynews.com\\\/rs\\\/#\\\/schema\\\/person\\\/99dc721c46113fea22caffad06ef7317\",\"name\":\"Vladimir Spasi\u0107\",\"url\":\"https:\\\/\\\/balkangreenenergynews.com\\\/rs\\\/author\\\/vladimir-spasic\\\/\"}]}<\/script>\n<!-- \/ Yoast SEO plugin. -->","yoast_head_json":{"title":"NUWIEL elektri\u010dna prikolica za bicikl - inovativno re\u0161enje za mobilnost u urbanim sredinama","description":"Prevoz robe u urbanim sredinama proizvodi oko 21% emisija CO2, ali je i odgovoran za buku i saobra\u0107ajne gu\u017eve. Ovim problemom pozabavio se nema\u010dki startap NUWIEL, finalista ovogodi\u0161njeg clim@ takmi\u010denja za startapove u organizaciji Fonda za zeleni razvoj (GGF).","robots":{"index":"index","follow":"follow","max-snippet":"max-snippet:-1","max-image-preview":"max-image-preview:large","max-video-preview":"max-video-preview:-1"},"canonical":"https:\/\/balkangreenenergynews.com\/rs\/nuwiel-elektricna-prikolica-za-bicikl-inovativno-resenje-za-mobilnost-u-urbanim-sredinama\/","og_locale":"sr_RS","og_type":"article","og_title":"NUWIEL elektri\u010dna prikolica za bicikl - inovativno re\u0161enje za mobilnost u urbanim sredinama","og_description":"Prevoz robe u urbanim sredinama proizvodi oko 21% emisija CO2, ali je i odgovoran za buku i saobra\u0107ajne gu\u017eve. Ovim problemom pozabavio se nema\u010dki startap NUWIEL, finalista ovogodi\u0161njeg clim@ takmi\u010denja za startapove u organizaciji Fonda za zeleni razvoj (GGF).","og_url":"https:\/\/balkangreenenergynews.com\/rs\/nuwiel-elektricna-prikolica-za-bicikl-inovativno-resenje-za-mobilnost-u-urbanim-sredinama\/","og_site_name":"Balkan Green Energy News","article_published_time":"2018-08-20T15:59:20+00:00","article_modified_time":"2020-10-30T13:07:21+00:00","og_image":[{"width":795,"height":407,"url":"https:\/\/balkangreenenergynews.com\/rs\/wp-content\/uploads\/2018\/08\/nuwiel-AGA_5854_Box.jpg","type":"image\/jpeg"}],"author":"Vladimir Spasi\u0107","twitter_card":"summary_large_image","twitter_misc":{"\u041d\u0430\u043f\u0438\u0441\u0430\u043d\u043e \u043e\u0434":"Vladimir Spasi\u0107","\u041f\u0440\u043e\u0446\u0435\u045a\u0435\u043d\u043e \u0432\u0440\u0435\u043c\u0435 \u0447\u0438\u0442\u0430\u045a\u0430":"3 \u043c\u0438\u043d\u0443\u0442\u0430"},"schema":{"@context":"https:\/\/schema.org","@graph":[{"@type":"Article","@id":"https:\/\/balkangreenenergynews.com\/rs\/nuwiel-elektricna-prikolica-za-bicikl-inovativno-resenje-za-mobilnost-u-urbanim-sredinama\/#article","isPartOf":{"@id":"https:\/\/balkangreenenergynews.com\/rs\/nuwiel-elektricna-prikolica-za-bicikl-inovativno-resenje-za-mobilnost-u-urbanim-sredinama\/"},"author":{"name":"Vladimir Spasi\u0107","@id":"https:\/\/balkangreenenergynews.com\/rs\/#\/schema\/person\/99dc721c46113fea22caffad06ef7317"},"headline":"N\u00dcWIEL elektri\u010dna prikolica za bicikl &#8211; inovativno re\u0161enje za mobilnost u urbanim sredinama","datePublished":"2018-08-20T15:59:20+00:00","dateModified":"2020-10-30T13:07:21+00:00","mainEntityOfPage":{"@id":"https:\/\/balkangreenenergynews.com\/rs\/nuwiel-elektricna-prikolica-za-bicikl-inovativno-resenje-za-mobilnost-u-urbanim-sredinama\/"},"wordCount":684,"commentCount":0,"image":{"@id":"https:\/\/balkangreenenergynews.com\/rs\/nuwiel-elektricna-prikolica-za-bicikl-inovativno-resenje-za-mobilnost-u-urbanim-sredinama\/#primaryimage"},"thumbnailUrl":"https:\/\/balkangreenenergynews.com\/rs\/wp-content\/uploads\/2018\/08\/nuwiel-AGA_5854_Box.jpg?wsr","keywords":["Finance in Motion","GGF"],"articleSection":["Mobilnost"],"inLanguage":"sr-RS","potentialAction":[{"@type":"CommentAction","name":"Comment","target":["https:\/\/balkangreenenergynews.com\/rs\/nuwiel-elektricna-prikolica-za-bicikl-inovativno-resenje-za-mobilnost-u-urbanim-sredinama\/#respond"]}]},{"@type":"WebPage","@id":"https:\/\/balkangreenenergynews.com\/rs\/nuwiel-elektricna-prikolica-za-bicikl-inovativno-resenje-za-mobilnost-u-urbanim-sredinama\/","url":"https:\/\/balkangreenenergynews.com\/rs\/nuwiel-elektricna-prikolica-za-bicikl-inovativno-resenje-za-mobilnost-u-urbanim-sredinama\/","name":"NUWIEL elektri\u010dna prikolica za bicikl - inovativno re\u0161enje za mobilnost u urbanim sredinama","isPartOf":{"@id":"https:\/\/balkangreenenergynews.com\/rs\/#website"},"primaryImageOfPage":{"@id":"https:\/\/balkangreenenergynews.com\/rs\/nuwiel-elektricna-prikolica-za-bicikl-inovativno-resenje-za-mobilnost-u-urbanim-sredinama\/#primaryimage"},"image":{"@id":"https:\/\/balkangreenenergynews.com\/rs\/nuwiel-elektricna-prikolica-za-bicikl-inovativno-resenje-za-mobilnost-u-urbanim-sredinama\/#primaryimage"},"thumbnailUrl":"https:\/\/balkangreenenergynews.com\/rs\/wp-content\/uploads\/2018\/08\/nuwiel-AGA_5854_Box.jpg?wsr","datePublished":"2018-08-20T15:59:20+00:00","dateModified":"2020-10-30T13:07:21+00:00","author":{"@id":"https:\/\/balkangreenenergynews.com\/rs\/#\/schema\/person\/99dc721c46113fea22caffad06ef7317"},"description":"Prevoz robe u urbanim sredinama proizvodi oko 21% emisija CO2, ali je i odgovoran za buku i saobra\u0107ajne gu\u017eve. Ovim problemom pozabavio se nema\u010dki startap NUWIEL, finalista ovogodi\u0161njeg clim@ takmi\u010denja za startapove u organizaciji Fonda za zeleni razvoj (GGF).","breadcrumb":{"@id":"https:\/\/balkangreenenergynews.com\/rs\/nuwiel-elektricna-prikolica-za-bicikl-inovativno-resenje-za-mobilnost-u-urbanim-sredinama\/#breadcrumb"},"inLanguage":"sr-RS","potentialAction":[{"@type":"ReadAction","target":["https:\/\/balkangreenenergynews.com\/rs\/nuwiel-elektricna-prikolica-za-bicikl-inovativno-resenje-za-mobilnost-u-urbanim-sredinama\/"]}]},{"@type":"ImageObject","inLanguage":"sr-RS","@id":"https:\/\/balkangreenenergynews.com\/rs\/nuwiel-elektricna-prikolica-za-bicikl-inovativno-resenje-za-mobilnost-u-urbanim-sredinama\/#primaryimage","url":"https:\/\/balkangreenenergynews.com\/rs\/wp-content\/uploads\/2018\/08\/nuwiel-AGA_5854_Box.jpg?wsr","contentUrl":"https:\/\/balkangreenenergynews.com\/rs\/wp-content\/uploads\/2018\/08\/nuwiel-AGA_5854_Box.jpg?wsr","width":795,"height":407,"caption":"nuwiel-AGA_5854_Box"},{"@type":"BreadcrumbList","@id":"https:\/\/balkangreenenergynews.com\/rs\/nuwiel-elektricna-prikolica-za-bicikl-inovativno-resenje-za-mobilnost-u-urbanim-sredinama\/#breadcrumb","itemListElement":[{"@type":"ListItem","position":1,"name":"Po\u010detna","item":"https:\/\/balkangreenenergynews.com\/rs\/"},{"@type":"ListItem","position":2,"name":"Clim@","item":"https:\/\/balkangreenenergynews.com\/rs\/kategorija\/clima\/"},{"@type":"ListItem","position":3,"name":"N\u00dcWIEL elektri\u010dna prikolica za bicikl &#8211; inovativno re\u0161enje za mobilnost u urbanim sredinama"}]},{"@type":"WebSite","@id":"https:\/\/balkangreenenergynews.com\/rs\/#website","url":"https:\/\/balkangreenenergynews.com\/rs\/","name":"Balkan Green Energy News","description":"Naj\u0161iri izbor vesti sa Balkana o zelenoj energiji","potentialAction":[{"@type":"SearchAction","target":{"@type":"EntryPoint","urlTemplate":"https:\/\/balkangreenenergynews.com\/rs\/?s={search_term_string}"},"query-input":{"@type":"PropertyValueSpecification","valueRequired":true,"valueName":"search_term_string"}}],"inLanguage":"sr-RS"},{"@type":"Person","@id":"https:\/\/balkangreenenergynews.com\/rs\/#\/schema\/person\/99dc721c46113fea22caffad06ef7317","name":"Vladimir Spasi\u0107","url":"https:\/\/balkangreenenergynews.com\/rs\/author\/vladimir-spasic\/"}]}},"_links":{"self":[{"href":"https:\/\/balkangreenenergynews.com\/rs\/wp-json\/wp\/v2\/posts\/18940","targetHints":{"allow":["GET"]}}],"collection":[{"href":"https:\/\/balkangreenenergynews.com\/rs\/wp-json\/wp\/v2\/posts"}],"about":[{"href":"https:\/\/balkangreenenergynews.com\/rs\/wp-json\/wp\/v2\/types\/post"}],"author":[{"embeddable":true,"href":"https:\/\/balkangreenenergynews.com\/rs\/wp-json\/wp\/v2\/users\/23"}],"replies":[{"embeddable":true,"href":"https:\/\/balkangreenenergynews.com\/rs\/wp-json\/wp\/v2\/comments?post=18940"}],"version-history":[{"count":0,"href":"https:\/\/balkangreenenergynews.com\/rs\/wp-json\/wp\/v2\/posts\/18940\/revisions"}],"wp:featuredmedia":[{"embeddable":true,"href":"https:\/\/balkangreenenergynews.com\/rs\/wp-json\/wp\/v2\/media\/18948"}],"wp:attachment":[{"href":"https:\/\/balkangreenenergynews.com\/rs\/wp-json\/wp\/v2\/media?parent=18940"}],"wp:term":[{"taxonomy":"category","embeddable":true,"href":"https:\/\/balkangreenenergynews.com\/rs\/wp-json\/wp\/v2\/categories?post=18940"},{"taxonomy":"post_tag","embeddable":true,"href":"https:\/\/balkangreenenergynews.com\/rs\/wp-json\/wp\/v2\/tags?post=18940"}],"curies":[{"name":"wp","href":"https:\/\/api.w.org\/{rel}","templated":true}]}}