{"id":18767,"date":"2018-08-07T13:34:22","date_gmt":"2018-08-07T11:34:22","guid":{"rendered":"https:\/\/balkangreenenergynews.com\/rs\/?p=18767"},"modified":"2020-05-10T21:52:57","modified_gmt":"2020-05-10T19:52:57","slug":"cedis-ulaze-816-miliona-evra-u-elektrodistributivnu-mrezu-tender-krajem-oktobra","status":"publish","type":"post","link":"https:\/\/balkangreenenergynews.com\/rs\/cedis-ulaze-816-miliona-evra-u-elektrodistributivnu-mrezu-tender-krajem-oktobra\/","title":{"rendered":"CEDIS ula\u017ee 81,6 miliona evra u elektrodistributivnu mre\u017eu, tender krajem oktobra"},"content":{"rendered":"<h2>U naredne tri godine u revitalizaciju crnogorske elektrodistributivne mre\u017ee bi\u0107e ulo\u017eeno 81,6 miliona evra, a tender za izbor dobavlja\u010da opreme i izvo\u0111a\u010da radova o\u010dekuje se do kraja oktobra. Po\u010detak radova planiran je za februar slede\u0107e godine.<\/h2>\n<p>Investicije bi trebalo da sprovede Crnogorski elektrodistributivni sistem (CEDIS), koji obavlja ulogu operatora distributivnog sistema , i 100 odsto je u vlasni\u0161tvu Elektroprivrede Crne Gore (EPCG).<\/p>\n<p>\u201cPlan aktivnosti revatilizacije srednjenaponske i niskonaponske nadzemne mre\u017ee u distributivnom sistemu\u201d predvi\u0111a investiciju od 81,6 miliona evra za tri godine, \u0161to je u odnosu na prethodni vi\u0161egodi\u0161nji prosek ulaganja u niskonaponsku i srednjenaponsku mre\u017eu uve\u0107anje oko \u010detiri puta, navodi se u Informaciji o programima intenzivne revitalizacije distributivne mre\u017ee, koju je usvojila Vlada Crne Gore. Skoro 60 odsto ulaganja namenjeno je severu Crne Gore.<\/p>\n<p>U 2019. bi trebalo da bude ulo\u017eeno oko 32,3 miliona evra, 2020. oko 27 miliona i 2021. jo\u0161 oko 22,3 miliona. Najvi\u0161e novca, oko 32,5 miliona evra bi\u0107e investirano u srednjenaponsku i niskonaponsku mre\u017eu, zatim u sekundarnu mre\u017eu 29 miliona evra, u primarnu mre\u017eu 12 miliona evra, u merna mesta 3,7 miliona evra, u ostale investicije 2,3 i u ostala osnovna sredstva 2,1 milion evra.<\/p>\n<p>Da bi uspe\u0161no sproveo ovaj plan CEDIS namerava da zaposli mladu radnu snagu jer sada ima nedovoljno kadrova. To bi, kako se navodi u informaciji, doprinelo br\u017eoj realizaciji postavljenih ciljeva.<\/p>\n<p>Ukoliko bi se ostvarili svi preduslovi za uspe\u0161no sprovo\u0111enje plana, CEDIS planira da do kraja oktobra objavi javni poziv za nabavku robe i radova, a da radovi krenu po\u010detkom februara slede\u0107e godine.<\/p>\n<p>Ministarka ekonomije Dragica Sekuli\u0107 izjavila je da se ulaganja ne\u0107e odraziti na pove\u0107anje tarifa za distribuciju elektri\u010dne energije.<\/p>\n<p>\u201ePlan je da ova sredstva koristimo tako \u0161to \u0107e doma\u0107e kompanije i radna snaga imati svoje mesto u realizaciji investicionog plana\u201c istakla je Sekuli\u0107.<\/p>\n<p>Kao nezavisna kompanija, CEDIS je osnovan izdvajanjem iz EPCG juna 2016. godine. Kompanija\u00a0distribuira elektri\u010dnu energiju do 370.000 potro\u0161a\u010da u Crnoj Gori i zapo\u0161ljava oko 1.300 radnika.<\/p>\n","protected":false},"excerpt":{"rendered":"<p>U naredne tri godine u revitalizaciju crnogorske elektrodistributivne mre\u017ee bi\u0107e ulo\u017eeno 81,6 miliona evra, a&#8230;<\/p>\n","protected":false},"author":23,"featured_media":30282,"comment_status":"open","ping_status":"closed","sticky":false,"template":"","format":"standard","meta":{"_acf_changed":false,"_monsterinsights_skip_tracking":false,"_monsterinsights_sitenote_active":false,"_monsterinsights_sitenote_note":"","_monsterinsights_sitenote_category":0,"footnotes":""},"categories":[504],"tags":[1380,2603,1805,189,734],"class_list":["post-18767","post","type-post","status-publish","format-standard","has-post-thumbnail","hentry","category-elektricna-energija","tag-cedis","tag-crnogorski-elektrodistributivni-sistem","tag-elektroprivreda-crne-gore","tag-epcg","tag-investicija","country-crna-gora"],"acf":[],"yoast_head":"<!-- This site is optimized with the Yoast SEO plugin v27.4 - https:\/\/yoast.com\/product\/yoast-seo-wordpress\/ -->\n<title>CEDIS ula\u017ee 81,6 miliona evra u elektrodistributivnu mre\u017eu, tender krajem oktobra<\/title>\n<meta name=\"description\" content=\"U naredne tri godine u revitalizaciju crnogorske elektrodistributivne mre\u017ee bi\u0107e ulo\u017eeno 81,6 miliona evra, a tender za izbor dobavlja\u010da opreme i izvo\u0111a\u010da radova o\u010dekuje se do kraja oktobra. Po\u010detak radova planiran je za februar slede\u0107e godine.\" \/>\n<meta name=\"robots\" content=\"index, follow, max-snippet:-1, max-image-preview:large, max-video-preview:-1\" \/>\n<link rel=\"canonical\" href=\"https:\/\/balkangreenenergynews.com\/rs\/cedis-ulaze-816-miliona-evra-u-elektrodistributivnu-mrezu-tender-krajem-oktobra\/\" \/>\n<meta property=\"og:locale\" content=\"sr_RS\" \/>\n<meta property=\"og:type\" content=\"article\" \/>\n<meta property=\"og:title\" content=\"CEDIS ula\u017ee 81,6 miliona evra u elektrodistributivnu mre\u017eu, tender krajem oktobra\" \/>\n<meta property=\"og:description\" content=\"U naredne tri godine u revitalizaciju crnogorske elektrodistributivne mre\u017ee bi\u0107e ulo\u017eeno 81,6 miliona evra, a tender za izbor dobavlja\u010da opreme i izvo\u0111a\u010da radova o\u010dekuje se do kraja oktobra. Po\u010detak radova planiran je za februar slede\u0107e godine.\" \/>\n<meta property=\"og:url\" content=\"https:\/\/balkangreenenergynews.com\/rs\/cedis-ulaze-816-miliona-evra-u-elektrodistributivnu-mrezu-tender-krajem-oktobra\/\" \/>\n<meta property=\"og:site_name\" content=\"Balkan Green Energy News\" \/>\n<meta property=\"article:published_time\" content=\"2018-08-07T11:34:22+00:00\" \/>\n<meta property=\"article:modified_time\" content=\"2020-05-10T19:52:57+00:00\" \/>\n<meta property=\"og:image\" content=\"https:\/\/balkangreenenergynews.com\/rs\/wp-content\/uploads\/2018\/08\/CEDIS-ulaze-816-miliona-evra-u-elektrodistributivnu-mrezu-tender-krajem-oktobra.jpg\" \/>\n\t<meta property=\"og:image:width\" content=\"795\" \/>\n\t<meta property=\"og:image:height\" content=\"407\" \/>\n\t<meta property=\"og:image:type\" content=\"image\/jpeg\" \/>\n<meta name=\"author\" content=\"Vladimir Spasi\u0107\" \/>\n<meta name=\"twitter:card\" content=\"summary_large_image\" \/>\n<meta name=\"twitter:label1\" content=\"\u041d\u0430\u043f\u0438\u0441\u0430\u043d\u043e \u043e\u0434\" \/>\n\t<meta name=\"twitter:data1\" content=\"Vladimir Spasi\u0107\" \/>\n\t<meta name=\"twitter:label2\" content=\"\u041f\u0440\u043e\u0446\u0435\u045a\u0435\u043d\u043e \u0432\u0440\u0435\u043c\u0435 \u0447\u0438\u0442\u0430\u045a\u0430\" \/>\n\t<meta name=\"twitter:data2\" content=\"2 \u043c\u0438\u043d\u0443\u0442\u0430\" \/>\n<script type=\"application\/ld+json\" class=\"yoast-schema-graph\">{\"@context\":\"https:\\\/\\\/schema.org\",\"@graph\":[{\"@type\":\"Article\",\"@id\":\"https:\\\/\\\/balkangreenenergynews.com\\\/rs\\\/cedis-ulaze-816-miliona-evra-u-elektrodistributivnu-mrezu-tender-krajem-oktobra\\\/#article\",\"isPartOf\":{\"@id\":\"https:\\\/\\\/balkangreenenergynews.com\\\/rs\\\/cedis-ulaze-816-miliona-evra-u-elektrodistributivnu-mrezu-tender-krajem-oktobra\\\/\"},\"author\":{\"name\":\"Vladimir Spasi\u0107\",\"@id\":\"https:\\\/\\\/balkangreenenergynews.com\\\/rs\\\/#\\\/schema\\\/person\\\/99dc721c46113fea22caffad06ef7317\"},\"headline\":\"CEDIS ula\u017ee 81,6 miliona evra u elektrodistributivnu mre\u017eu, tender krajem oktobra\",\"datePublished\":\"2018-08-07T11:34:22+00:00\",\"dateModified\":\"2020-05-10T19:52:57+00:00\",\"mainEntityOfPage\":{\"@id\":\"https:\\\/\\\/balkangreenenergynews.com\\\/rs\\\/cedis-ulaze-816-miliona-evra-u-elektrodistributivnu-mrezu-tender-krajem-oktobra\\\/\"},\"wordCount\":350,\"commentCount\":0,\"image\":{\"@id\":\"https:\\\/\\\/balkangreenenergynews.com\\\/rs\\\/cedis-ulaze-816-miliona-evra-u-elektrodistributivnu-mrezu-tender-krajem-oktobra\\\/#primaryimage\"},\"thumbnailUrl\":\"https:\\\/\\\/balkangreenenergynews.com\\\/rs\\\/wp-content\\\/uploads\\\/2018\\\/08\\\/CEDIS-ulaze-816-miliona-evra-u-elektrodistributivnu-mrezu-tender-krajem-oktobra.jpg?wsr\",\"keywords\":[\"CEDIS\",\"Crnogorski elektrodistributivni sistem\",\"Elektroprivreda Crne Gore\",\"EPCG\",\"investicija\"],\"articleSection\":[\"Elektri\u010dna energija\"],\"inLanguage\":\"sr-RS\",\"potentialAction\":[{\"@type\":\"CommentAction\",\"name\":\"Comment\",\"target\":[\"https:\\\/\\\/balkangreenenergynews.com\\\/rs\\\/cedis-ulaze-816-miliona-evra-u-elektrodistributivnu-mrezu-tender-krajem-oktobra\\\/#respond\"]}]},{\"@type\":\"WebPage\",\"@id\":\"https:\\\/\\\/balkangreenenergynews.com\\\/rs\\\/cedis-ulaze-816-miliona-evra-u-elektrodistributivnu-mrezu-tender-krajem-oktobra\\\/\",\"url\":\"https:\\\/\\\/balkangreenenergynews.com\\\/rs\\\/cedis-ulaze-816-miliona-evra-u-elektrodistributivnu-mrezu-tender-krajem-oktobra\\\/\",\"name\":\"CEDIS ula\u017ee 81,6 miliona evra u elektrodistributivnu mre\u017eu, tender krajem oktobra\",\"isPartOf\":{\"@id\":\"https:\\\/\\\/balkangreenenergynews.com\\\/rs\\\/#website\"},\"primaryImageOfPage\":{\"@id\":\"https:\\\/\\\/balkangreenenergynews.com\\\/rs\\\/cedis-ulaze-816-miliona-evra-u-elektrodistributivnu-mrezu-tender-krajem-oktobra\\\/#primaryimage\"},\"image\":{\"@id\":\"https:\\\/\\\/balkangreenenergynews.com\\\/rs\\\/cedis-ulaze-816-miliona-evra-u-elektrodistributivnu-mrezu-tender-krajem-oktobra\\\/#primaryimage\"},\"thumbnailUrl\":\"https:\\\/\\\/balkangreenenergynews.com\\\/rs\\\/wp-content\\\/uploads\\\/2018\\\/08\\\/CEDIS-ulaze-816-miliona-evra-u-elektrodistributivnu-mrezu-tender-krajem-oktobra.jpg?wsr\",\"datePublished\":\"2018-08-07T11:34:22+00:00\",\"dateModified\":\"2020-05-10T19:52:57+00:00\",\"author\":{\"@id\":\"https:\\\/\\\/balkangreenenergynews.com\\\/rs\\\/#\\\/schema\\\/person\\\/99dc721c46113fea22caffad06ef7317\"},\"description\":\"U naredne tri godine u revitalizaciju crnogorske elektrodistributivne mre\u017ee bi\u0107e ulo\u017eeno 81,6 miliona evra, a tender za izbor dobavlja\u010da opreme i izvo\u0111a\u010da radova o\u010dekuje se do kraja oktobra. Po\u010detak radova planiran je za februar slede\u0107e godine.\",\"breadcrumb\":{\"@id\":\"https:\\\/\\\/balkangreenenergynews.com\\\/rs\\\/cedis-ulaze-816-miliona-evra-u-elektrodistributivnu-mrezu-tender-krajem-oktobra\\\/#breadcrumb\"},\"inLanguage\":\"sr-RS\",\"potentialAction\":[{\"@type\":\"ReadAction\",\"target\":[\"https:\\\/\\\/balkangreenenergynews.com\\\/rs\\\/cedis-ulaze-816-miliona-evra-u-elektrodistributivnu-mrezu-tender-krajem-oktobra\\\/\"]}]},{\"@type\":\"ImageObject\",\"inLanguage\":\"sr-RS\",\"@id\":\"https:\\\/\\\/balkangreenenergynews.com\\\/rs\\\/cedis-ulaze-816-miliona-evra-u-elektrodistributivnu-mrezu-tender-krajem-oktobra\\\/#primaryimage\",\"url\":\"https:\\\/\\\/balkangreenenergynews.com\\\/rs\\\/wp-content\\\/uploads\\\/2018\\\/08\\\/CEDIS-ulaze-816-miliona-evra-u-elektrodistributivnu-mrezu-tender-krajem-oktobra.jpg?wsr\",\"contentUrl\":\"https:\\\/\\\/balkangreenenergynews.com\\\/rs\\\/wp-content\\\/uploads\\\/2018\\\/08\\\/CEDIS-ulaze-816-miliona-evra-u-elektrodistributivnu-mrezu-tender-krajem-oktobra.jpg?wsr\",\"width\":795,\"height\":407,\"caption\":\"CEDIS-ulaze-816-miliona-evra-u-elektrodistributivnu-mrezu-tender-krajem-oktobra\"},{\"@type\":\"BreadcrumbList\",\"@id\":\"https:\\\/\\\/balkangreenenergynews.com\\\/rs\\\/cedis-ulaze-816-miliona-evra-u-elektrodistributivnu-mrezu-tender-krajem-oktobra\\\/#breadcrumb\",\"itemListElement\":[{\"@type\":\"ListItem\",\"position\":1,\"name\":\"Po\u010detna\",\"item\":\"https:\\\/\\\/balkangreenenergynews.com\\\/rs\\\/\"},{\"@type\":\"ListItem\",\"position\":2,\"name\":\"Vesti\",\"item\":\"https:\\\/\\\/balkangreenenergynews.com\\\/rs\\\/kategorija\\\/vesti\\\/\"},{\"@type\":\"ListItem\",\"position\":3,\"name\":\"Elektri\u010dna energija\",\"item\":\"https:\\\/\\\/balkangreenenergynews.com\\\/rs\\\/kategorija\\\/vesti\\\/elektricna-energija\\\/\"},{\"@type\":\"ListItem\",\"position\":4,\"name\":\"CEDIS ula\u017ee 81,6 miliona evra u elektrodistributivnu mre\u017eu, tender krajem oktobra\"}]},{\"@type\":\"WebSite\",\"@id\":\"https:\\\/\\\/balkangreenenergynews.com\\\/rs\\\/#website\",\"url\":\"https:\\\/\\\/balkangreenenergynews.com\\\/rs\\\/\",\"name\":\"Balkan Green Energy News\",\"description\":\"Naj\u0161iri izbor vesti sa Balkana o zelenoj energiji\",\"potentialAction\":[{\"@type\":\"SearchAction\",\"target\":{\"@type\":\"EntryPoint\",\"urlTemplate\":\"https:\\\/\\\/balkangreenenergynews.com\\\/rs\\\/?s={search_term_string}\"},\"query-input\":{\"@type\":\"PropertyValueSpecification\",\"valueRequired\":true,\"valueName\":\"search_term_string\"}}],\"inLanguage\":\"sr-RS\"},{\"@type\":\"Person\",\"@id\":\"https:\\\/\\\/balkangreenenergynews.com\\\/rs\\\/#\\\/schema\\\/person\\\/99dc721c46113fea22caffad06ef7317\",\"name\":\"Vladimir Spasi\u0107\",\"url\":\"https:\\\/\\\/balkangreenenergynews.com\\\/rs\\\/author\\\/vladimir-spasic\\\/\"}]}<\/script>\n<!-- \/ Yoast SEO plugin. -->","yoast_head_json":{"title":"CEDIS ula\u017ee 81,6 miliona evra u elektrodistributivnu mre\u017eu, tender krajem oktobra","description":"U naredne tri godine u revitalizaciju crnogorske elektrodistributivne mre\u017ee bi\u0107e ulo\u017eeno 81,6 miliona evra, a tender za izbor dobavlja\u010da opreme i izvo\u0111a\u010da radova o\u010dekuje se do kraja oktobra. Po\u010detak radova planiran je za februar slede\u0107e godine.","robots":{"index":"index","follow":"follow","max-snippet":"max-snippet:-1","max-image-preview":"max-image-preview:large","max-video-preview":"max-video-preview:-1"},"canonical":"https:\/\/balkangreenenergynews.com\/rs\/cedis-ulaze-816-miliona-evra-u-elektrodistributivnu-mrezu-tender-krajem-oktobra\/","og_locale":"sr_RS","og_type":"article","og_title":"CEDIS ula\u017ee 81,6 miliona evra u elektrodistributivnu mre\u017eu, tender krajem oktobra","og_description":"U naredne tri godine u revitalizaciju crnogorske elektrodistributivne mre\u017ee bi\u0107e ulo\u017eeno 81,6 miliona evra, a tender za izbor dobavlja\u010da opreme i izvo\u0111a\u010da radova o\u010dekuje se do kraja oktobra. Po\u010detak radova planiran je za februar slede\u0107e godine.","og_url":"https:\/\/balkangreenenergynews.com\/rs\/cedis-ulaze-816-miliona-evra-u-elektrodistributivnu-mrezu-tender-krajem-oktobra\/","og_site_name":"Balkan Green Energy News","article_published_time":"2018-08-07T11:34:22+00:00","article_modified_time":"2020-05-10T19:52:57+00:00","og_image":[{"width":795,"height":407,"url":"https:\/\/balkangreenenergynews.com\/rs\/wp-content\/uploads\/2018\/08\/CEDIS-ulaze-816-miliona-evra-u-elektrodistributivnu-mrezu-tender-krajem-oktobra.jpg","type":"image\/jpeg"}],"author":"Vladimir Spasi\u0107","twitter_card":"summary_large_image","twitter_misc":{"\u041d\u0430\u043f\u0438\u0441\u0430\u043d\u043e \u043e\u0434":"Vladimir Spasi\u0107","\u041f\u0440\u043e\u0446\u0435\u045a\u0435\u043d\u043e \u0432\u0440\u0435\u043c\u0435 \u0447\u0438\u0442\u0430\u045a\u0430":"2 \u043c\u0438\u043d\u0443\u0442\u0430"},"schema":{"@context":"https:\/\/schema.org","@graph":[{"@type":"Article","@id":"https:\/\/balkangreenenergynews.com\/rs\/cedis-ulaze-816-miliona-evra-u-elektrodistributivnu-mrezu-tender-krajem-oktobra\/#article","isPartOf":{"@id":"https:\/\/balkangreenenergynews.com\/rs\/cedis-ulaze-816-miliona-evra-u-elektrodistributivnu-mrezu-tender-krajem-oktobra\/"},"author":{"name":"Vladimir Spasi\u0107","@id":"https:\/\/balkangreenenergynews.com\/rs\/#\/schema\/person\/99dc721c46113fea22caffad06ef7317"},"headline":"CEDIS ula\u017ee 81,6 miliona evra u elektrodistributivnu mre\u017eu, tender krajem oktobra","datePublished":"2018-08-07T11:34:22+00:00","dateModified":"2020-05-10T19:52:57+00:00","mainEntityOfPage":{"@id":"https:\/\/balkangreenenergynews.com\/rs\/cedis-ulaze-816-miliona-evra-u-elektrodistributivnu-mrezu-tender-krajem-oktobra\/"},"wordCount":350,"commentCount":0,"image":{"@id":"https:\/\/balkangreenenergynews.com\/rs\/cedis-ulaze-816-miliona-evra-u-elektrodistributivnu-mrezu-tender-krajem-oktobra\/#primaryimage"},"thumbnailUrl":"https:\/\/balkangreenenergynews.com\/rs\/wp-content\/uploads\/2018\/08\/CEDIS-ulaze-816-miliona-evra-u-elektrodistributivnu-mrezu-tender-krajem-oktobra.jpg?wsr","keywords":["CEDIS","Crnogorski elektrodistributivni sistem","Elektroprivreda Crne Gore","EPCG","investicija"],"articleSection":["Elektri\u010dna energija"],"inLanguage":"sr-RS","potentialAction":[{"@type":"CommentAction","name":"Comment","target":["https:\/\/balkangreenenergynews.com\/rs\/cedis-ulaze-816-miliona-evra-u-elektrodistributivnu-mrezu-tender-krajem-oktobra\/#respond"]}]},{"@type":"WebPage","@id":"https:\/\/balkangreenenergynews.com\/rs\/cedis-ulaze-816-miliona-evra-u-elektrodistributivnu-mrezu-tender-krajem-oktobra\/","url":"https:\/\/balkangreenenergynews.com\/rs\/cedis-ulaze-816-miliona-evra-u-elektrodistributivnu-mrezu-tender-krajem-oktobra\/","name":"CEDIS ula\u017ee 81,6 miliona evra u elektrodistributivnu mre\u017eu, tender krajem oktobra","isPartOf":{"@id":"https:\/\/balkangreenenergynews.com\/rs\/#website"},"primaryImageOfPage":{"@id":"https:\/\/balkangreenenergynews.com\/rs\/cedis-ulaze-816-miliona-evra-u-elektrodistributivnu-mrezu-tender-krajem-oktobra\/#primaryimage"},"image":{"@id":"https:\/\/balkangreenenergynews.com\/rs\/cedis-ulaze-816-miliona-evra-u-elektrodistributivnu-mrezu-tender-krajem-oktobra\/#primaryimage"},"thumbnailUrl":"https:\/\/balkangreenenergynews.com\/rs\/wp-content\/uploads\/2018\/08\/CEDIS-ulaze-816-miliona-evra-u-elektrodistributivnu-mrezu-tender-krajem-oktobra.jpg?wsr","datePublished":"2018-08-07T11:34:22+00:00","dateModified":"2020-05-10T19:52:57+00:00","author":{"@id":"https:\/\/balkangreenenergynews.com\/rs\/#\/schema\/person\/99dc721c46113fea22caffad06ef7317"},"description":"U naredne tri godine u revitalizaciju crnogorske elektrodistributivne mre\u017ee bi\u0107e ulo\u017eeno 81,6 miliona evra, a tender za izbor dobavlja\u010da opreme i izvo\u0111a\u010da radova o\u010dekuje se do kraja oktobra. Po\u010detak radova planiran je za februar slede\u0107e godine.","breadcrumb":{"@id":"https:\/\/balkangreenenergynews.com\/rs\/cedis-ulaze-816-miliona-evra-u-elektrodistributivnu-mrezu-tender-krajem-oktobra\/#breadcrumb"},"inLanguage":"sr-RS","potentialAction":[{"@type":"ReadAction","target":["https:\/\/balkangreenenergynews.com\/rs\/cedis-ulaze-816-miliona-evra-u-elektrodistributivnu-mrezu-tender-krajem-oktobra\/"]}]},{"@type":"ImageObject","inLanguage":"sr-RS","@id":"https:\/\/balkangreenenergynews.com\/rs\/cedis-ulaze-816-miliona-evra-u-elektrodistributivnu-mrezu-tender-krajem-oktobra\/#primaryimage","url":"https:\/\/balkangreenenergynews.com\/rs\/wp-content\/uploads\/2018\/08\/CEDIS-ulaze-816-miliona-evra-u-elektrodistributivnu-mrezu-tender-krajem-oktobra.jpg?wsr","contentUrl":"https:\/\/balkangreenenergynews.com\/rs\/wp-content\/uploads\/2018\/08\/CEDIS-ulaze-816-miliona-evra-u-elektrodistributivnu-mrezu-tender-krajem-oktobra.jpg?wsr","width":795,"height":407,"caption":"CEDIS-ulaze-816-miliona-evra-u-elektrodistributivnu-mrezu-tender-krajem-oktobra"},{"@type":"BreadcrumbList","@id":"https:\/\/balkangreenenergynews.com\/rs\/cedis-ulaze-816-miliona-evra-u-elektrodistributivnu-mrezu-tender-krajem-oktobra\/#breadcrumb","itemListElement":[{"@type":"ListItem","position":1,"name":"Po\u010detna","item":"https:\/\/balkangreenenergynews.com\/rs\/"},{"@type":"ListItem","position":2,"name":"Vesti","item":"https:\/\/balkangreenenergynews.com\/rs\/kategorija\/vesti\/"},{"@type":"ListItem","position":3,"name":"Elektri\u010dna energija","item":"https:\/\/balkangreenenergynews.com\/rs\/kategorija\/vesti\/elektricna-energija\/"},{"@type":"ListItem","position":4,"name":"CEDIS ula\u017ee 81,6 miliona evra u elektrodistributivnu mre\u017eu, tender krajem oktobra"}]},{"@type":"WebSite","@id":"https:\/\/balkangreenenergynews.com\/rs\/#website","url":"https:\/\/balkangreenenergynews.com\/rs\/","name":"Balkan Green Energy News","description":"Naj\u0161iri izbor vesti sa Balkana o zelenoj energiji","potentialAction":[{"@type":"SearchAction","target":{"@type":"EntryPoint","urlTemplate":"https:\/\/balkangreenenergynews.com\/rs\/?s={search_term_string}"},"query-input":{"@type":"PropertyValueSpecification","valueRequired":true,"valueName":"search_term_string"}}],"inLanguage":"sr-RS"},{"@type":"Person","@id":"https:\/\/balkangreenenergynews.com\/rs\/#\/schema\/person\/99dc721c46113fea22caffad06ef7317","name":"Vladimir Spasi\u0107","url":"https:\/\/balkangreenenergynews.com\/rs\/author\/vladimir-spasic\/"}]}},"_links":{"self":[{"href":"https:\/\/balkangreenenergynews.com\/rs\/wp-json\/wp\/v2\/posts\/18767","targetHints":{"allow":["GET"]}}],"collection":[{"href":"https:\/\/balkangreenenergynews.com\/rs\/wp-json\/wp\/v2\/posts"}],"about":[{"href":"https:\/\/balkangreenenergynews.com\/rs\/wp-json\/wp\/v2\/types\/post"}],"author":[{"embeddable":true,"href":"https:\/\/balkangreenenergynews.com\/rs\/wp-json\/wp\/v2\/users\/23"}],"replies":[{"embeddable":true,"href":"https:\/\/balkangreenenergynews.com\/rs\/wp-json\/wp\/v2\/comments?post=18767"}],"version-history":[{"count":0,"href":"https:\/\/balkangreenenergynews.com\/rs\/wp-json\/wp\/v2\/posts\/18767\/revisions"}],"wp:featuredmedia":[{"embeddable":true,"href":"https:\/\/balkangreenenergynews.com\/rs\/wp-json\/wp\/v2\/media\/30282"}],"wp:attachment":[{"href":"https:\/\/balkangreenenergynews.com\/rs\/wp-json\/wp\/v2\/media?parent=18767"}],"wp:term":[{"taxonomy":"category","embeddable":true,"href":"https:\/\/balkangreenenergynews.com\/rs\/wp-json\/wp\/v2\/categories?post=18767"},{"taxonomy":"post_tag","embeddable":true,"href":"https:\/\/balkangreenenergynews.com\/rs\/wp-json\/wp\/v2\/tags?post=18767"}],"curies":[{"name":"wp","href":"https:\/\/api.w.org\/{rel}","templated":true}]}}