{"id":18609,"date":"2018-07-25T17:59:21","date_gmt":"2018-07-25T15:59:21","guid":{"rendered":"https:\/\/balkangreenenergynews.com\/rs\/?p=18609"},"modified":"2018-07-25T17:59:21","modified_gmt":"2018-07-25T15:59:21","slug":"fintel-energija-objavila-prospekt-za-ipo-upis-akcija-pocinje-1-avgusta","status":"publish","type":"post","link":"https:\/\/balkangreenenergynews.com\/rs\/fintel-energija-objavila-prospekt-za-ipo-upis-akcija-pocinje-1-avgusta\/","title":{"rendered":"Fintel Energija objavila prospekt za IPO \u2013 upis akcija po\u010dinje 1. avgusta"},"content":{"rendered":"<h2>Fintel Energija je 25. jula objavila prospekt za inicijalnu javnu ponudu na Beogradskoj berzi (BELEX).<\/h2>\n<p>Ovaj proizvo\u0111a\u010d elektri\u010dne energije iz obnovljivih izvora, koji ima ukupno 25 miliona izdatih akcija, \u0107e kroz IPO ponuditi 6,5 miliona akcija po ceni od 500 dinara po akciji. Upis akcija po\u010dinje 1. avgusta i traja\u0107e do 29. oktobra, a beogradski M&amp;V Investments je pokrovitelj, navodi se u saop\u0161tenju Fintel Energije, koje su preneli mediji.<\/p>\n<p>IPO \u0107e se smatrati uspe\u0161nim ako bude prodato najmanje 1,5 miliona akcija, navodi se u prospektu. Nakon \u0161to upis bude obavljen, Fintel Energija \u0107e podneti zahtev za uklju\u010divanje svih svojih akcija \u2013 postoje\u0107ih i onih koje \u0107e biti izdate kroz IPO \u2013 na prime listingu Beogradske berze.<\/p>\n<p>Fintel Energija ima ve\u0107inske udele u kompanijama MK-Fintel Find i MK-Fintel Wind Holding, \u010diji je manjinski akcionar spski MK Group biznismena Miodraga Kosti\u0107a.<\/p>\n<p>U prospektu se navodi da je Fintel Energija vode\u0107i nezavisni proizvo\u0111a\u010d elektri\u010dne energije iz obnovljivih izvora u Srbiji i drugi po veli\u010dini proizvo\u0111a\u010d obnovljive energije u zemlji posle Elektroprivrede Srbije (EPS), koja je dominantna na tr\u017ei\u0161tu.<\/p>\n<h3><span style=\"\">Portfolio vetroparkova<\/span><\/h3>\n<p>MK-Fintel Wind razvija\u00a0<a href=\"https:\/\/balkangreenenergynews.com\/rs\/mk-fintel-wind-obelezio-pocetak-radova-na-izgradnji-vetroparka-kosava-kod-vrsca\/\">prvu fazu vetroparka Ko\u0161ava, snage 69 MW<\/a>, \u010dija izgradnja je po\u010dela u junu pro\u0161le godine. Krajem februara, MK-Fintel Wind je saop\u0161tio da je\u00a0<a href=\"https:\/\/balkangreenenergynews.com\/rs\/mk-fintel-wind-obezbedio-kredit-za-vetroelektranu-kosava\/\">obezbedio 81,5 miliona evra kredita za zavr\u0161etak prve faze<\/a>\u00a0ovog vetroparka. Izgradnja vetroparka Ko\u0161ava 1, vrednog 118 miliona evra, bi trebalo da bude gotova do kraja 2019. godine.<\/p>\n<p>U vlasni\u0161tvu kompanije MK-Fintel Wind Holding su svi ostali vetroparkovi koje grade ili su izgradili Fintel Energia i MK Group u Srbiji. Dosad su kompanije otvorile prvi vetropark u Srbiji, Kula, snage 9,9 MW, krajem 2015. godine, a u oktobru 2016. i\u00a0<a href=\"https:\/\/balkangreenenergynews.com\/rs\/otvoren-vetropark-la-piccolina-kod-vrsca\/\">vetropark La Piccolina,<\/a>\u00a0snage 6,6 MW.<\/p>\n<p>U portfoliju kompanije Fintel Energija je jo\u0161 sedam vetroparkova u razli\u010ditim fazama razvoja.<\/p>\n","protected":false},"excerpt":{"rendered":"<p>Fintel Energija je 25. jula objavila prospekt za inicijalnu javnu ponudu na Beogradskoj berzi (BELEX)&#8230;.<\/p>\n","protected":false},"author":20,"featured_media":18610,"comment_status":"open","ping_status":"closed","sticky":false,"template":"","format":"standard","meta":{"_acf_changed":false,"_monsterinsights_skip_tracking":false,"_monsterinsights_sitenote_active":false,"_monsterinsights_sitenote_note":"","_monsterinsights_sitenote_category":0,"footnotes":""},"categories":[504,1],"tags":[3396,263,719],"class_list":["post-18609","post","type-post","status-publish","format-standard","has-post-thumbnail","hentry","category-elektricna-energija","category-obnovljivi-izvori-energije","tag-fintel-energija","tag-ipo","tag-vetropark","country-srbija"],"acf":[],"yoast_head":"<!-- This site is optimized with the Yoast SEO plugin v27.4 - https:\/\/yoast.com\/product\/yoast-seo-wordpress\/ -->\n<title>Fintel Energija objavila prospekt za IPO \u2013 upis akcija po\u010dinje 1. avgusta<\/title>\n<meta name=\"description\" content=\"Fintel Energija je 25. jula objavila prospekt za svoju inicijalnu javnu ponudu na Beogradskoj berzi (BELEX).\" \/>\n<meta name=\"robots\" content=\"index, follow, max-snippet:-1, max-image-preview:large, max-video-preview:-1\" \/>\n<link rel=\"canonical\" href=\"https:\/\/balkangreenenergynews.com\/rs\/fintel-energija-objavila-prospekt-za-ipo-upis-akcija-pocinje-1-avgusta\/\" \/>\n<meta property=\"og:locale\" content=\"sr_RS\" \/>\n<meta property=\"og:type\" content=\"article\" \/>\n<meta property=\"og:title\" content=\"Fintel Energija objavila prospekt za IPO \u2013 upis akcija po\u010dinje 1. avgusta\" \/>\n<meta property=\"og:description\" content=\"Fintel Energija je 25. jula objavila prospekt za svoju inicijalnu javnu ponudu na Beogradskoj berzi (BELEX).\" \/>\n<meta property=\"og:url\" content=\"https:\/\/balkangreenenergynews.com\/rs\/fintel-energija-objavila-prospekt-za-ipo-upis-akcija-pocinje-1-avgusta\/\" \/>\n<meta property=\"og:site_name\" content=\"Balkan Green Energy News\" \/>\n<meta property=\"article:published_time\" content=\"2018-07-25T15:59:21+00:00\" \/>\n<meta property=\"og:image\" content=\"https:\/\/balkangreenenergynews.com\/rs\/wp-content\/uploads\/2018\/07\/fintel-ipo.jpg\" \/>\n\t<meta property=\"og:image:width\" content=\"795\" \/>\n\t<meta property=\"og:image:height\" content=\"407\" \/>\n\t<meta property=\"og:image:type\" content=\"image\/jpeg\" \/>\n<meta name=\"author\" content=\"Svetlana Jovanovi\u0107\" \/>\n<meta name=\"twitter:card\" content=\"summary_large_image\" \/>\n<meta name=\"twitter:label1\" content=\"\u041d\u0430\u043f\u0438\u0441\u0430\u043d\u043e \u043e\u0434\" \/>\n\t<meta name=\"twitter:data1\" content=\"Svetlana Jovanovi\u0107\" \/>\n\t<meta name=\"twitter:label2\" content=\"\u041f\u0440\u043e\u0446\u0435\u045a\u0435\u043d\u043e \u0432\u0440\u0435\u043c\u0435 \u0447\u0438\u0442\u0430\u045a\u0430\" \/>\n\t<meta name=\"twitter:data2\" content=\"2 \u043c\u0438\u043d\u0443\u0442\u0430\" \/>\n<script type=\"application\/ld+json\" class=\"yoast-schema-graph\">{\"@context\":\"https:\\\/\\\/schema.org\",\"@graph\":[{\"@type\":\"Article\",\"@id\":\"https:\\\/\\\/balkangreenenergynews.com\\\/rs\\\/fintel-energija-objavila-prospekt-za-ipo-upis-akcija-pocinje-1-avgusta\\\/#article\",\"isPartOf\":{\"@id\":\"https:\\\/\\\/balkangreenenergynews.com\\\/rs\\\/fintel-energija-objavila-prospekt-za-ipo-upis-akcija-pocinje-1-avgusta\\\/\"},\"author\":{\"name\":\"Svetlana Jovanovi\u0107\",\"@id\":\"https:\\\/\\\/balkangreenenergynews.com\\\/rs\\\/#\\\/schema\\\/person\\\/82b991c6efaf6b462e01800c17da5ae9\"},\"headline\":\"Fintel Energija objavila prospekt za IPO \u2013 upis akcija po\u010dinje 1. avgusta\",\"datePublished\":\"2018-07-25T15:59:21+00:00\",\"mainEntityOfPage\":{\"@id\":\"https:\\\/\\\/balkangreenenergynews.com\\\/rs\\\/fintel-energija-objavila-prospekt-za-ipo-upis-akcija-pocinje-1-avgusta\\\/\"},\"wordCount\":312,\"commentCount\":0,\"image\":{\"@id\":\"https:\\\/\\\/balkangreenenergynews.com\\\/rs\\\/fintel-energija-objavila-prospekt-za-ipo-upis-akcija-pocinje-1-avgusta\\\/#primaryimage\"},\"thumbnailUrl\":\"https:\\\/\\\/balkangreenenergynews.com\\\/rs\\\/wp-content\\\/uploads\\\/2018\\\/07\\\/fintel-ipo.jpg?wsr\",\"keywords\":[\"Fintel Energija\",\"IPO\",\"vetropark\"],\"articleSection\":[\"Elektri\u010dna energija\",\"OIE\"],\"inLanguage\":\"sr-RS\",\"potentialAction\":[{\"@type\":\"CommentAction\",\"name\":\"Comment\",\"target\":[\"https:\\\/\\\/balkangreenenergynews.com\\\/rs\\\/fintel-energija-objavila-prospekt-za-ipo-upis-akcija-pocinje-1-avgusta\\\/#respond\"]}]},{\"@type\":\"WebPage\",\"@id\":\"https:\\\/\\\/balkangreenenergynews.com\\\/rs\\\/fintel-energija-objavila-prospekt-za-ipo-upis-akcija-pocinje-1-avgusta\\\/\",\"url\":\"https:\\\/\\\/balkangreenenergynews.com\\\/rs\\\/fintel-energija-objavila-prospekt-za-ipo-upis-akcija-pocinje-1-avgusta\\\/\",\"name\":\"Fintel Energija objavila prospekt za IPO \u2013 upis akcija po\u010dinje 1. avgusta\",\"isPartOf\":{\"@id\":\"https:\\\/\\\/balkangreenenergynews.com\\\/rs\\\/#website\"},\"primaryImageOfPage\":{\"@id\":\"https:\\\/\\\/balkangreenenergynews.com\\\/rs\\\/fintel-energija-objavila-prospekt-za-ipo-upis-akcija-pocinje-1-avgusta\\\/#primaryimage\"},\"image\":{\"@id\":\"https:\\\/\\\/balkangreenenergynews.com\\\/rs\\\/fintel-energija-objavila-prospekt-za-ipo-upis-akcija-pocinje-1-avgusta\\\/#primaryimage\"},\"thumbnailUrl\":\"https:\\\/\\\/balkangreenenergynews.com\\\/rs\\\/wp-content\\\/uploads\\\/2018\\\/07\\\/fintel-ipo.jpg?wsr\",\"datePublished\":\"2018-07-25T15:59:21+00:00\",\"author\":{\"@id\":\"https:\\\/\\\/balkangreenenergynews.com\\\/rs\\\/#\\\/schema\\\/person\\\/82b991c6efaf6b462e01800c17da5ae9\"},\"description\":\"Fintel Energija je 25. jula objavila prospekt za svoju inicijalnu javnu ponudu na Beogradskoj berzi (BELEX).\",\"breadcrumb\":{\"@id\":\"https:\\\/\\\/balkangreenenergynews.com\\\/rs\\\/fintel-energija-objavila-prospekt-za-ipo-upis-akcija-pocinje-1-avgusta\\\/#breadcrumb\"},\"inLanguage\":\"sr-RS\",\"potentialAction\":[{\"@type\":\"ReadAction\",\"target\":[\"https:\\\/\\\/balkangreenenergynews.com\\\/rs\\\/fintel-energija-objavila-prospekt-za-ipo-upis-akcija-pocinje-1-avgusta\\\/\"]}]},{\"@type\":\"ImageObject\",\"inLanguage\":\"sr-RS\",\"@id\":\"https:\\\/\\\/balkangreenenergynews.com\\\/rs\\\/fintel-energija-objavila-prospekt-za-ipo-upis-akcija-pocinje-1-avgusta\\\/#primaryimage\",\"url\":\"https:\\\/\\\/balkangreenenergynews.com\\\/rs\\\/wp-content\\\/uploads\\\/2018\\\/07\\\/fintel-ipo.jpg?wsr\",\"contentUrl\":\"https:\\\/\\\/balkangreenenergynews.com\\\/rs\\\/wp-content\\\/uploads\\\/2018\\\/07\\\/fintel-ipo.jpg?wsr\",\"width\":795,\"height\":407,\"caption\":\"fintel-ipo\"},{\"@type\":\"BreadcrumbList\",\"@id\":\"https:\\\/\\\/balkangreenenergynews.com\\\/rs\\\/fintel-energija-objavila-prospekt-za-ipo-upis-akcija-pocinje-1-avgusta\\\/#breadcrumb\",\"itemListElement\":[{\"@type\":\"ListItem\",\"position\":1,\"name\":\"Po\u010detna\",\"item\":\"https:\\\/\\\/balkangreenenergynews.com\\\/rs\\\/\"},{\"@type\":\"ListItem\",\"position\":2,\"name\":\"Vesti\",\"item\":\"https:\\\/\\\/balkangreenenergynews.com\\\/rs\\\/kategorija\\\/vesti\\\/\"},{\"@type\":\"ListItem\",\"position\":3,\"name\":\"Elektri\u010dna energija\",\"item\":\"https:\\\/\\\/balkangreenenergynews.com\\\/rs\\\/kategorija\\\/vesti\\\/elektricna-energija\\\/\"},{\"@type\":\"ListItem\",\"position\":4,\"name\":\"Fintel Energija objavila prospekt za IPO \u2013 upis akcija po\u010dinje 1. avgusta\"}]},{\"@type\":\"WebSite\",\"@id\":\"https:\\\/\\\/balkangreenenergynews.com\\\/rs\\\/#website\",\"url\":\"https:\\\/\\\/balkangreenenergynews.com\\\/rs\\\/\",\"name\":\"Balkan Green Energy News\",\"description\":\"Naj\u0161iri izbor vesti sa Balkana o zelenoj energiji\",\"potentialAction\":[{\"@type\":\"SearchAction\",\"target\":{\"@type\":\"EntryPoint\",\"urlTemplate\":\"https:\\\/\\\/balkangreenenergynews.com\\\/rs\\\/?s={search_term_string}\"},\"query-input\":{\"@type\":\"PropertyValueSpecification\",\"valueRequired\":true,\"valueName\":\"search_term_string\"}}],\"inLanguage\":\"sr-RS\"},{\"@type\":\"Person\",\"@id\":\"https:\\\/\\\/balkangreenenergynews.com\\\/rs\\\/#\\\/schema\\\/person\\\/82b991c6efaf6b462e01800c17da5ae9\",\"name\":\"Svetlana Jovanovi\u0107\",\"description\":\"Nakon 15 godina pisanja i ure\u0111ivanja finansijskih &amp; biznis vesti, Svetlana se od 2018. godine fokusira na teme \u017eivotne sredine i odr\u017eivog razvoja. #BeatPlasticPollution je njen omiljeni hashtag.\",\"sameAs\":[\"https:\\\/\\\/www.linkedin.com\\\/in\\\/svetlana-jovanovic-4741814b\\\/\"],\"url\":\"https:\\\/\\\/balkangreenenergynews.com\\\/rs\\\/author\\\/svetlana-jovanovic\\\/\"}]}<\/script>\n<!-- \/ Yoast SEO plugin. -->","yoast_head_json":{"title":"Fintel Energija objavila prospekt za IPO \u2013 upis akcija po\u010dinje 1. avgusta","description":"Fintel Energija je 25. jula objavila prospekt za svoju inicijalnu javnu ponudu na Beogradskoj berzi (BELEX).","robots":{"index":"index","follow":"follow","max-snippet":"max-snippet:-1","max-image-preview":"max-image-preview:large","max-video-preview":"max-video-preview:-1"},"canonical":"https:\/\/balkangreenenergynews.com\/rs\/fintel-energija-objavila-prospekt-za-ipo-upis-akcija-pocinje-1-avgusta\/","og_locale":"sr_RS","og_type":"article","og_title":"Fintel Energija objavila prospekt za IPO \u2013 upis akcija po\u010dinje 1. avgusta","og_description":"Fintel Energija je 25. jula objavila prospekt za svoju inicijalnu javnu ponudu na Beogradskoj berzi (BELEX).","og_url":"https:\/\/balkangreenenergynews.com\/rs\/fintel-energija-objavila-prospekt-za-ipo-upis-akcija-pocinje-1-avgusta\/","og_site_name":"Balkan Green Energy News","article_published_time":"2018-07-25T15:59:21+00:00","og_image":[{"width":795,"height":407,"url":"https:\/\/balkangreenenergynews.com\/rs\/wp-content\/uploads\/2018\/07\/fintel-ipo.jpg","type":"image\/jpeg"}],"author":"Svetlana Jovanovi\u0107","twitter_card":"summary_large_image","twitter_misc":{"\u041d\u0430\u043f\u0438\u0441\u0430\u043d\u043e \u043e\u0434":"Svetlana Jovanovi\u0107","\u041f\u0440\u043e\u0446\u0435\u045a\u0435\u043d\u043e \u0432\u0440\u0435\u043c\u0435 \u0447\u0438\u0442\u0430\u045a\u0430":"2 \u043c\u0438\u043d\u0443\u0442\u0430"},"schema":{"@context":"https:\/\/schema.org","@graph":[{"@type":"Article","@id":"https:\/\/balkangreenenergynews.com\/rs\/fintel-energija-objavila-prospekt-za-ipo-upis-akcija-pocinje-1-avgusta\/#article","isPartOf":{"@id":"https:\/\/balkangreenenergynews.com\/rs\/fintel-energija-objavila-prospekt-za-ipo-upis-akcija-pocinje-1-avgusta\/"},"author":{"name":"Svetlana Jovanovi\u0107","@id":"https:\/\/balkangreenenergynews.com\/rs\/#\/schema\/person\/82b991c6efaf6b462e01800c17da5ae9"},"headline":"Fintel Energija objavila prospekt za IPO \u2013 upis akcija po\u010dinje 1. avgusta","datePublished":"2018-07-25T15:59:21+00:00","mainEntityOfPage":{"@id":"https:\/\/balkangreenenergynews.com\/rs\/fintel-energija-objavila-prospekt-za-ipo-upis-akcija-pocinje-1-avgusta\/"},"wordCount":312,"commentCount":0,"image":{"@id":"https:\/\/balkangreenenergynews.com\/rs\/fintel-energija-objavila-prospekt-za-ipo-upis-akcija-pocinje-1-avgusta\/#primaryimage"},"thumbnailUrl":"https:\/\/balkangreenenergynews.com\/rs\/wp-content\/uploads\/2018\/07\/fintel-ipo.jpg?wsr","keywords":["Fintel Energija","IPO","vetropark"],"articleSection":["Elektri\u010dna energija","OIE"],"inLanguage":"sr-RS","potentialAction":[{"@type":"CommentAction","name":"Comment","target":["https:\/\/balkangreenenergynews.com\/rs\/fintel-energija-objavila-prospekt-za-ipo-upis-akcija-pocinje-1-avgusta\/#respond"]}]},{"@type":"WebPage","@id":"https:\/\/balkangreenenergynews.com\/rs\/fintel-energija-objavila-prospekt-za-ipo-upis-akcija-pocinje-1-avgusta\/","url":"https:\/\/balkangreenenergynews.com\/rs\/fintel-energija-objavila-prospekt-za-ipo-upis-akcija-pocinje-1-avgusta\/","name":"Fintel Energija objavila prospekt za IPO \u2013 upis akcija po\u010dinje 1. avgusta","isPartOf":{"@id":"https:\/\/balkangreenenergynews.com\/rs\/#website"},"primaryImageOfPage":{"@id":"https:\/\/balkangreenenergynews.com\/rs\/fintel-energija-objavila-prospekt-za-ipo-upis-akcija-pocinje-1-avgusta\/#primaryimage"},"image":{"@id":"https:\/\/balkangreenenergynews.com\/rs\/fintel-energija-objavila-prospekt-za-ipo-upis-akcija-pocinje-1-avgusta\/#primaryimage"},"thumbnailUrl":"https:\/\/balkangreenenergynews.com\/rs\/wp-content\/uploads\/2018\/07\/fintel-ipo.jpg?wsr","datePublished":"2018-07-25T15:59:21+00:00","author":{"@id":"https:\/\/balkangreenenergynews.com\/rs\/#\/schema\/person\/82b991c6efaf6b462e01800c17da5ae9"},"description":"Fintel Energija je 25. jula objavila prospekt za svoju inicijalnu javnu ponudu na Beogradskoj berzi (BELEX).","breadcrumb":{"@id":"https:\/\/balkangreenenergynews.com\/rs\/fintel-energija-objavila-prospekt-za-ipo-upis-akcija-pocinje-1-avgusta\/#breadcrumb"},"inLanguage":"sr-RS","potentialAction":[{"@type":"ReadAction","target":["https:\/\/balkangreenenergynews.com\/rs\/fintel-energija-objavila-prospekt-za-ipo-upis-akcija-pocinje-1-avgusta\/"]}]},{"@type":"ImageObject","inLanguage":"sr-RS","@id":"https:\/\/balkangreenenergynews.com\/rs\/fintel-energija-objavila-prospekt-za-ipo-upis-akcija-pocinje-1-avgusta\/#primaryimage","url":"https:\/\/balkangreenenergynews.com\/rs\/wp-content\/uploads\/2018\/07\/fintel-ipo.jpg?wsr","contentUrl":"https:\/\/balkangreenenergynews.com\/rs\/wp-content\/uploads\/2018\/07\/fintel-ipo.jpg?wsr","width":795,"height":407,"caption":"fintel-ipo"},{"@type":"BreadcrumbList","@id":"https:\/\/balkangreenenergynews.com\/rs\/fintel-energija-objavila-prospekt-za-ipo-upis-akcija-pocinje-1-avgusta\/#breadcrumb","itemListElement":[{"@type":"ListItem","position":1,"name":"Po\u010detna","item":"https:\/\/balkangreenenergynews.com\/rs\/"},{"@type":"ListItem","position":2,"name":"Vesti","item":"https:\/\/balkangreenenergynews.com\/rs\/kategorija\/vesti\/"},{"@type":"ListItem","position":3,"name":"Elektri\u010dna energija","item":"https:\/\/balkangreenenergynews.com\/rs\/kategorija\/vesti\/elektricna-energija\/"},{"@type":"ListItem","position":4,"name":"Fintel Energija objavila prospekt za IPO \u2013 upis akcija po\u010dinje 1. avgusta"}]},{"@type":"WebSite","@id":"https:\/\/balkangreenenergynews.com\/rs\/#website","url":"https:\/\/balkangreenenergynews.com\/rs\/","name":"Balkan Green Energy News","description":"Naj\u0161iri izbor vesti sa Balkana o zelenoj energiji","potentialAction":[{"@type":"SearchAction","target":{"@type":"EntryPoint","urlTemplate":"https:\/\/balkangreenenergynews.com\/rs\/?s={search_term_string}"},"query-input":{"@type":"PropertyValueSpecification","valueRequired":true,"valueName":"search_term_string"}}],"inLanguage":"sr-RS"},{"@type":"Person","@id":"https:\/\/balkangreenenergynews.com\/rs\/#\/schema\/person\/82b991c6efaf6b462e01800c17da5ae9","name":"Svetlana Jovanovi\u0107","description":"Nakon 15 godina pisanja i ure\u0111ivanja finansijskih &amp; biznis vesti, Svetlana se od 2018. godine fokusira na teme \u017eivotne sredine i odr\u017eivog razvoja. #BeatPlasticPollution je njen omiljeni hashtag.","sameAs":["https:\/\/www.linkedin.com\/in\/svetlana-jovanovic-4741814b\/"],"url":"https:\/\/balkangreenenergynews.com\/rs\/author\/svetlana-jovanovic\/"}]}},"_links":{"self":[{"href":"https:\/\/balkangreenenergynews.com\/rs\/wp-json\/wp\/v2\/posts\/18609","targetHints":{"allow":["GET"]}}],"collection":[{"href":"https:\/\/balkangreenenergynews.com\/rs\/wp-json\/wp\/v2\/posts"}],"about":[{"href":"https:\/\/balkangreenenergynews.com\/rs\/wp-json\/wp\/v2\/types\/post"}],"author":[{"embeddable":true,"href":"https:\/\/balkangreenenergynews.com\/rs\/wp-json\/wp\/v2\/users\/20"}],"replies":[{"embeddable":true,"href":"https:\/\/balkangreenenergynews.com\/rs\/wp-json\/wp\/v2\/comments?post=18609"}],"version-history":[{"count":0,"href":"https:\/\/balkangreenenergynews.com\/rs\/wp-json\/wp\/v2\/posts\/18609\/revisions"}],"wp:featuredmedia":[{"embeddable":true,"href":"https:\/\/balkangreenenergynews.com\/rs\/wp-json\/wp\/v2\/media\/18610"}],"wp:attachment":[{"href":"https:\/\/balkangreenenergynews.com\/rs\/wp-json\/wp\/v2\/media?parent=18609"}],"wp:term":[{"taxonomy":"category","embeddable":true,"href":"https:\/\/balkangreenenergynews.com\/rs\/wp-json\/wp\/v2\/categories?post=18609"},{"taxonomy":"post_tag","embeddable":true,"href":"https:\/\/balkangreenenergynews.com\/rs\/wp-json\/wp\/v2\/tags?post=18609"}],"curies":[{"name":"wp","href":"https:\/\/api.w.org\/{rel}","templated":true}]}}