{"id":18449,"date":"2018-07-18T13:43:56","date_gmt":"2018-07-18T11:43:56","guid":{"rendered":"https:\/\/balkangreenenergynews.com\/rs\/?p=18449"},"modified":"2020-05-08T23:27:12","modified_gmt":"2020-05-08T21:27:12","slug":"slovenija-povecala-subvencije-za-2018-u-cilju-borbe-protiv-klimatskih-promena","status":"publish","type":"post","link":"https:\/\/balkangreenenergynews.com\/rs\/slovenija-povecala-subvencije-za-2018-u-cilju-borbe-protiv-klimatskih-promena\/","title":{"rendered":"Slovenija pove\u0107ala subvencije za 2018. u cilju borbe protiv klimatskih promena"},"content":{"rendered":"<h2>Vlada Slovenije je usvojila rebalans bud\u017eeta za 2018. godinu javnog fonda za \u017eivotnu sredinu Eko sklad, kojim upravlja Ministarstvo \u017eivotne sredine i prostornog planiranja, a kojim se pove\u0107ava iznos subvencija za 2018. godinu u cilju borbe protiv klimatskih promena, navodi se u saop\u0161tenju vlade.<\/h2>\n<p>Eko sklad sada ima na raspolaganju 15 miliona evra za subvencionisanje kupovine bojlera na drvnu biomasu i toplotnih pumpi u 2018. godini, \u0161to je pove\u0107anje od 5 miliona evra, saop\u0161tila je vlada.<\/p>\n<p>Bud\u017eet za subvencije za razvoj biciklisti\u010dke infrastructure je pove\u0107an za 1,5 miliona evra na 3,5 miliona, a za kupovinu ekolo\u0161ki prihvatljivih autobusa i komunalnih vozila za 17,2 miliona evra na 21 milion evra.<\/p>\n<p>Dodatnih 600.000 evra je izdvojeno za nevladine organizacije (NVO) koje promovi\u0161u niskougljeni\u010dni razvoj.<\/p>\n<p>Eko sklad \u0107e tako\u0111e nastaviti da odobrava subvencije predvi\u0111ene zakonom o energetici, u ukupnom iznosu od 50 miliona evra, saop\u0161tila je vlada i dodala da je obezbe\u0111eno 50 miliona evra kreditnih sredstava za finansiranje projekata za za\u0161titu \u017eivotne sredine koje sprovode pojedinci, kompanije i lokalne zajednice.<\/p>\n<p>Slovenija, koja je poznata po sprovo\u0111enju sna\u017enih politika za\u0161tite \u017eivotne sredine, je 2017. godine <a href=\"https:\/\/balkangreenenergynews.com\/rs\/slovenija-isplatila-1435-miliona-evra-na-ime-subvencija-za-oie\/\">isplatila 143,5 miliona evra proizvo\u0111a\u010dima energije iz obnovljivih izvora<\/a>, prema ranijem saop\u0161tenju Ministarstva infrastrukture.<\/p>\n<p>Ove subvencije su instrument dr\u017eavne pomoc\u0301i, koji je odobrio EU, \u010diji je cilj da pomogne Sloveniji da do 2020. godine dostigne nacionalni udeo obnovljivih izvora energije (OIE) od 25%. Na kraju 2016. udeo OIE bio je oko 21%.<\/p>\n<p>Vlada Slovenije je ranije usvojila predlog rezolucije o Energetskom konceptu Slovenije, koji predvi\u0111a <a href=\"https:\/\/balkangreenenergynews.com\/rs\/vlada-usvojila-predlog-energetskog-koncepta-slovenije\/\">smanjenje emisija sa efektom staklene ba\u0161te za najmanje 80% do 2050. godine<\/a> u pore\u0111enju sa 1990. godinom.<\/p>\n<p>Me\u0111utim, prelazak na niskougljeni\u010dnu ekonomiju uklju\u010duje i nastavak kori\u0161c\u0301enja nuklearne energije, pa bi rad nuklearne elektrane Kr\u0161ko bio produ\u017een do 2043. godine, navodi se u predlogu.<\/p>\n","protected":false},"excerpt":{"rendered":"<p>Vlada Slovenije je usvojila rebalans bud\u017eeta za 2018. godinu javnog fonda za \u017eivotnu sredinu Eko&#8230;<\/p>\n","protected":false},"author":20,"featured_media":30143,"comment_status":"open","ping_status":"closed","sticky":false,"template":"","format":"standard","meta":{"_acf_changed":false,"_monsterinsights_skip_tracking":false,"_monsterinsights_sitenote_active":false,"_monsterinsights_sitenote_note":"","_monsterinsights_sitenote_category":0,"footnotes":""},"categories":[7,4],"tags":[766,4465,1109],"class_list":["post-18449","post","type-post","status-publish","format-standard","has-post-thumbnail","hentry","category-mobilnost","category-zivotna-sredina","tag-klimatske-promene","tag-niskougljenicni-razvoj","tag-subvencije","country-slovenija"],"acf":[],"yoast_head":"<!-- This site is optimized with the Yoast SEO plugin v27.4 - https:\/\/yoast.com\/product\/yoast-seo-wordpress\/ -->\n<title>Slovenija pove\u0107ala subvencije za 2018. u cilju borbe protiv klimatskih promena<\/title>\n<meta name=\"description\" content=\"Vlada Slovenije je usvojila rebalans bud\u017eeta za 2018. godinu javnog fonda za \u017eivotnu sredinu Eko sklad, kojim upravlja Ministarstvo \u017eivotne sredine i prostornog planiranja, a kojim se pove\u0107ava iznos subvencija za 2018. godinu u cilju borbe protiv klimatskih promena, navodi se u saop\u0161tenju vlade.\" \/>\n<meta name=\"robots\" content=\"index, follow, max-snippet:-1, max-image-preview:large, max-video-preview:-1\" \/>\n<link rel=\"canonical\" href=\"https:\/\/balkangreenenergynews.com\/rs\/slovenija-povecala-subvencije-za-2018-u-cilju-borbe-protiv-klimatskih-promena\/\" \/>\n<meta property=\"og:locale\" content=\"sr_RS\" \/>\n<meta property=\"og:type\" content=\"article\" \/>\n<meta property=\"og:title\" content=\"Slovenija pove\u0107ala subvencije za 2018. u cilju borbe protiv klimatskih promena\" \/>\n<meta property=\"og:description\" content=\"Vlada Slovenije je usvojila rebalans bud\u017eeta za 2018. godinu javnog fonda za \u017eivotnu sredinu Eko sklad, kojim upravlja Ministarstvo \u017eivotne sredine i prostornog planiranja, a kojim se pove\u0107ava iznos subvencija za 2018. godinu u cilju borbe protiv klimatskih promena, navodi se u saop\u0161tenju vlade.\" \/>\n<meta property=\"og:url\" content=\"https:\/\/balkangreenenergynews.com\/rs\/slovenija-povecala-subvencije-za-2018-u-cilju-borbe-protiv-klimatskih-promena\/\" \/>\n<meta property=\"og:site_name\" content=\"Balkan Green Energy News\" \/>\n<meta property=\"article:published_time\" content=\"2018-07-18T11:43:56+00:00\" \/>\n<meta property=\"article:modified_time\" content=\"2020-05-08T21:27:12+00:00\" \/>\n<meta property=\"og:image\" content=\"https:\/\/balkangreenenergynews.com\/rs\/wp-content\/uploads\/2018\/07\/Slovenija-povecala-subvencije-za-2018.-u-cilju-borbe-protiv-klimatskih-promena.jpg\" \/>\n\t<meta property=\"og:image:width\" content=\"795\" \/>\n\t<meta property=\"og:image:height\" content=\"407\" \/>\n\t<meta property=\"og:image:type\" content=\"image\/jpeg\" \/>\n<meta name=\"author\" content=\"Svetlana Jovanovi\u0107\" \/>\n<meta name=\"twitter:card\" content=\"summary_large_image\" \/>\n<meta name=\"twitter:label1\" content=\"\u041d\u0430\u043f\u0438\u0441\u0430\u043d\u043e \u043e\u0434\" \/>\n\t<meta name=\"twitter:data1\" content=\"Svetlana Jovanovi\u0107\" \/>\n\t<meta name=\"twitter:label2\" content=\"\u041f\u0440\u043e\u0446\u0435\u045a\u0435\u043d\u043e \u0432\u0440\u0435\u043c\u0435 \u0447\u0438\u0442\u0430\u045a\u0430\" \/>\n\t<meta name=\"twitter:data2\" content=\"2 \u043c\u0438\u043d\u0443\u0442\u0430\" \/>\n<script type=\"application\/ld+json\" class=\"yoast-schema-graph\">{\"@context\":\"https:\\\/\\\/schema.org\",\"@graph\":[{\"@type\":\"Article\",\"@id\":\"https:\\\/\\\/balkangreenenergynews.com\\\/rs\\\/slovenija-povecala-subvencije-za-2018-u-cilju-borbe-protiv-klimatskih-promena\\\/#article\",\"isPartOf\":{\"@id\":\"https:\\\/\\\/balkangreenenergynews.com\\\/rs\\\/slovenija-povecala-subvencije-za-2018-u-cilju-borbe-protiv-klimatskih-promena\\\/\"},\"author\":{\"name\":\"Svetlana Jovanovi\u0107\",\"@id\":\"https:\\\/\\\/balkangreenenergynews.com\\\/rs\\\/#\\\/schema\\\/person\\\/82b991c6efaf6b462e01800c17da5ae9\"},\"headline\":\"Slovenija pove\u0107ala subvencije za 2018. u cilju borbe protiv klimatskih promena\",\"datePublished\":\"2018-07-18T11:43:56+00:00\",\"dateModified\":\"2020-05-08T21:27:12+00:00\",\"mainEntityOfPage\":{\"@id\":\"https:\\\/\\\/balkangreenenergynews.com\\\/rs\\\/slovenija-povecala-subvencije-za-2018-u-cilju-borbe-protiv-klimatskih-promena\\\/\"},\"wordCount\":313,\"commentCount\":0,\"image\":{\"@id\":\"https:\\\/\\\/balkangreenenergynews.com\\\/rs\\\/slovenija-povecala-subvencije-za-2018-u-cilju-borbe-protiv-klimatskih-promena\\\/#primaryimage\"},\"thumbnailUrl\":\"https:\\\/\\\/balkangreenenergynews.com\\\/rs\\\/wp-content\\\/uploads\\\/2018\\\/07\\\/Slovenija-povecala-subvencije-za-2018.-u-cilju-borbe-protiv-klimatskih-promena.jpg?wsr\",\"keywords\":[\"klimatske promene\",\"niskougljeni\u010dni razvoj\",\"subvencije\"],\"articleSection\":[\"Mobilnost\",\"\u017divotna sredina\"],\"inLanguage\":\"sr-RS\",\"potentialAction\":[{\"@type\":\"CommentAction\",\"name\":\"Comment\",\"target\":[\"https:\\\/\\\/balkangreenenergynews.com\\\/rs\\\/slovenija-povecala-subvencije-za-2018-u-cilju-borbe-protiv-klimatskih-promena\\\/#respond\"]}]},{\"@type\":\"WebPage\",\"@id\":\"https:\\\/\\\/balkangreenenergynews.com\\\/rs\\\/slovenija-povecala-subvencije-za-2018-u-cilju-borbe-protiv-klimatskih-promena\\\/\",\"url\":\"https:\\\/\\\/balkangreenenergynews.com\\\/rs\\\/slovenija-povecala-subvencije-za-2018-u-cilju-borbe-protiv-klimatskih-promena\\\/\",\"name\":\"Slovenija pove\u0107ala subvencije za 2018. u cilju borbe protiv klimatskih promena\",\"isPartOf\":{\"@id\":\"https:\\\/\\\/balkangreenenergynews.com\\\/rs\\\/#website\"},\"primaryImageOfPage\":{\"@id\":\"https:\\\/\\\/balkangreenenergynews.com\\\/rs\\\/slovenija-povecala-subvencije-za-2018-u-cilju-borbe-protiv-klimatskih-promena\\\/#primaryimage\"},\"image\":{\"@id\":\"https:\\\/\\\/balkangreenenergynews.com\\\/rs\\\/slovenija-povecala-subvencije-za-2018-u-cilju-borbe-protiv-klimatskih-promena\\\/#primaryimage\"},\"thumbnailUrl\":\"https:\\\/\\\/balkangreenenergynews.com\\\/rs\\\/wp-content\\\/uploads\\\/2018\\\/07\\\/Slovenija-povecala-subvencije-za-2018.-u-cilju-borbe-protiv-klimatskih-promena.jpg?wsr\",\"datePublished\":\"2018-07-18T11:43:56+00:00\",\"dateModified\":\"2020-05-08T21:27:12+00:00\",\"author\":{\"@id\":\"https:\\\/\\\/balkangreenenergynews.com\\\/rs\\\/#\\\/schema\\\/person\\\/82b991c6efaf6b462e01800c17da5ae9\"},\"description\":\"Vlada Slovenije je usvojila rebalans bud\u017eeta za 2018. godinu javnog fonda za \u017eivotnu sredinu Eko sklad, kojim upravlja Ministarstvo \u017eivotne sredine i prostornog planiranja, a kojim se pove\u0107ava iznos subvencija za 2018. godinu u cilju borbe protiv klimatskih promena, navodi se u saop\u0161tenju vlade.\",\"breadcrumb\":{\"@id\":\"https:\\\/\\\/balkangreenenergynews.com\\\/rs\\\/slovenija-povecala-subvencije-za-2018-u-cilju-borbe-protiv-klimatskih-promena\\\/#breadcrumb\"},\"inLanguage\":\"sr-RS\",\"potentialAction\":[{\"@type\":\"ReadAction\",\"target\":[\"https:\\\/\\\/balkangreenenergynews.com\\\/rs\\\/slovenija-povecala-subvencije-za-2018-u-cilju-borbe-protiv-klimatskih-promena\\\/\"]}]},{\"@type\":\"ImageObject\",\"inLanguage\":\"sr-RS\",\"@id\":\"https:\\\/\\\/balkangreenenergynews.com\\\/rs\\\/slovenija-povecala-subvencije-za-2018-u-cilju-borbe-protiv-klimatskih-promena\\\/#primaryimage\",\"url\":\"https:\\\/\\\/balkangreenenergynews.com\\\/rs\\\/wp-content\\\/uploads\\\/2018\\\/07\\\/Slovenija-povecala-subvencije-za-2018.-u-cilju-borbe-protiv-klimatskih-promena.jpg?wsr\",\"contentUrl\":\"https:\\\/\\\/balkangreenenergynews.com\\\/rs\\\/wp-content\\\/uploads\\\/2018\\\/07\\\/Slovenija-povecala-subvencije-za-2018.-u-cilju-borbe-protiv-klimatskih-promena.jpg?wsr\",\"width\":795,\"height\":407,\"caption\":\"Slovenija-povecala-subvencije-za-2018.-u-cilju-borbe-protiv-klimatskih-promena\"},{\"@type\":\"BreadcrumbList\",\"@id\":\"https:\\\/\\\/balkangreenenergynews.com\\\/rs\\\/slovenija-povecala-subvencije-za-2018-u-cilju-borbe-protiv-klimatskih-promena\\\/#breadcrumb\",\"itemListElement\":[{\"@type\":\"ListItem\",\"position\":1,\"name\":\"Po\u010detna\",\"item\":\"https:\\\/\\\/balkangreenenergynews.com\\\/rs\\\/\"},{\"@type\":\"ListItem\",\"position\":2,\"name\":\"Vesti\",\"item\":\"https:\\\/\\\/balkangreenenergynews.com\\\/rs\\\/kategorija\\\/vesti\\\/\"},{\"@type\":\"ListItem\",\"position\":3,\"name\":\"\u017divotna sredina\",\"item\":\"https:\\\/\\\/balkangreenenergynews.com\\\/rs\\\/kategorija\\\/vesti\\\/zivotna-sredina\\\/\"},{\"@type\":\"ListItem\",\"position\":4,\"name\":\"Slovenija pove\u0107ala subvencije za 2018. u cilju borbe protiv klimatskih promena\"}]},{\"@type\":\"WebSite\",\"@id\":\"https:\\\/\\\/balkangreenenergynews.com\\\/rs\\\/#website\",\"url\":\"https:\\\/\\\/balkangreenenergynews.com\\\/rs\\\/\",\"name\":\"Balkan Green Energy News\",\"description\":\"Naj\u0161iri izbor vesti sa Balkana o zelenoj energiji\",\"potentialAction\":[{\"@type\":\"SearchAction\",\"target\":{\"@type\":\"EntryPoint\",\"urlTemplate\":\"https:\\\/\\\/balkangreenenergynews.com\\\/rs\\\/?s={search_term_string}\"},\"query-input\":{\"@type\":\"PropertyValueSpecification\",\"valueRequired\":true,\"valueName\":\"search_term_string\"}}],\"inLanguage\":\"sr-RS\"},{\"@type\":\"Person\",\"@id\":\"https:\\\/\\\/balkangreenenergynews.com\\\/rs\\\/#\\\/schema\\\/person\\\/82b991c6efaf6b462e01800c17da5ae9\",\"name\":\"Svetlana Jovanovi\u0107\",\"description\":\"Nakon 15 godina pisanja i ure\u0111ivanja finansijskih &amp; biznis vesti, Svetlana se od 2018. godine fokusira na teme \u017eivotne sredine i odr\u017eivog razvoja. #BeatPlasticPollution je njen omiljeni hashtag.\",\"sameAs\":[\"https:\\\/\\\/www.linkedin.com\\\/in\\\/svetlana-jovanovic-4741814b\\\/\"],\"url\":\"https:\\\/\\\/balkangreenenergynews.com\\\/rs\\\/author\\\/svetlana-jovanovic\\\/\"}]}<\/script>\n<!-- \/ Yoast SEO plugin. -->","yoast_head_json":{"title":"Slovenija pove\u0107ala subvencije za 2018. u cilju borbe protiv klimatskih promena","description":"Vlada Slovenije je usvojila rebalans bud\u017eeta za 2018. godinu javnog fonda za \u017eivotnu sredinu Eko sklad, kojim upravlja Ministarstvo \u017eivotne sredine i prostornog planiranja, a kojim se pove\u0107ava iznos subvencija za 2018. godinu u cilju borbe protiv klimatskih promena, navodi se u saop\u0161tenju vlade.","robots":{"index":"index","follow":"follow","max-snippet":"max-snippet:-1","max-image-preview":"max-image-preview:large","max-video-preview":"max-video-preview:-1"},"canonical":"https:\/\/balkangreenenergynews.com\/rs\/slovenija-povecala-subvencije-za-2018-u-cilju-borbe-protiv-klimatskih-promena\/","og_locale":"sr_RS","og_type":"article","og_title":"Slovenija pove\u0107ala subvencije za 2018. u cilju borbe protiv klimatskih promena","og_description":"Vlada Slovenije je usvojila rebalans bud\u017eeta za 2018. godinu javnog fonda za \u017eivotnu sredinu Eko sklad, kojim upravlja Ministarstvo \u017eivotne sredine i prostornog planiranja, a kojim se pove\u0107ava iznos subvencija za 2018. godinu u cilju borbe protiv klimatskih promena, navodi se u saop\u0161tenju vlade.","og_url":"https:\/\/balkangreenenergynews.com\/rs\/slovenija-povecala-subvencije-za-2018-u-cilju-borbe-protiv-klimatskih-promena\/","og_site_name":"Balkan Green Energy News","article_published_time":"2018-07-18T11:43:56+00:00","article_modified_time":"2020-05-08T21:27:12+00:00","og_image":[{"width":795,"height":407,"url":"https:\/\/balkangreenenergynews.com\/rs\/wp-content\/uploads\/2018\/07\/Slovenija-povecala-subvencije-za-2018.-u-cilju-borbe-protiv-klimatskih-promena.jpg","type":"image\/jpeg"}],"author":"Svetlana Jovanovi\u0107","twitter_card":"summary_large_image","twitter_misc":{"\u041d\u0430\u043f\u0438\u0441\u0430\u043d\u043e \u043e\u0434":"Svetlana Jovanovi\u0107","\u041f\u0440\u043e\u0446\u0435\u045a\u0435\u043d\u043e \u0432\u0440\u0435\u043c\u0435 \u0447\u0438\u0442\u0430\u045a\u0430":"2 \u043c\u0438\u043d\u0443\u0442\u0430"},"schema":{"@context":"https:\/\/schema.org","@graph":[{"@type":"Article","@id":"https:\/\/balkangreenenergynews.com\/rs\/slovenija-povecala-subvencije-za-2018-u-cilju-borbe-protiv-klimatskih-promena\/#article","isPartOf":{"@id":"https:\/\/balkangreenenergynews.com\/rs\/slovenija-povecala-subvencije-za-2018-u-cilju-borbe-protiv-klimatskih-promena\/"},"author":{"name":"Svetlana Jovanovi\u0107","@id":"https:\/\/balkangreenenergynews.com\/rs\/#\/schema\/person\/82b991c6efaf6b462e01800c17da5ae9"},"headline":"Slovenija pove\u0107ala subvencije za 2018. u cilju borbe protiv klimatskih promena","datePublished":"2018-07-18T11:43:56+00:00","dateModified":"2020-05-08T21:27:12+00:00","mainEntityOfPage":{"@id":"https:\/\/balkangreenenergynews.com\/rs\/slovenija-povecala-subvencije-za-2018-u-cilju-borbe-protiv-klimatskih-promena\/"},"wordCount":313,"commentCount":0,"image":{"@id":"https:\/\/balkangreenenergynews.com\/rs\/slovenija-povecala-subvencije-za-2018-u-cilju-borbe-protiv-klimatskih-promena\/#primaryimage"},"thumbnailUrl":"https:\/\/balkangreenenergynews.com\/rs\/wp-content\/uploads\/2018\/07\/Slovenija-povecala-subvencije-za-2018.-u-cilju-borbe-protiv-klimatskih-promena.jpg?wsr","keywords":["klimatske promene","niskougljeni\u010dni razvoj","subvencije"],"articleSection":["Mobilnost","\u017divotna sredina"],"inLanguage":"sr-RS","potentialAction":[{"@type":"CommentAction","name":"Comment","target":["https:\/\/balkangreenenergynews.com\/rs\/slovenija-povecala-subvencije-za-2018-u-cilju-borbe-protiv-klimatskih-promena\/#respond"]}]},{"@type":"WebPage","@id":"https:\/\/balkangreenenergynews.com\/rs\/slovenija-povecala-subvencije-za-2018-u-cilju-borbe-protiv-klimatskih-promena\/","url":"https:\/\/balkangreenenergynews.com\/rs\/slovenija-povecala-subvencije-za-2018-u-cilju-borbe-protiv-klimatskih-promena\/","name":"Slovenija pove\u0107ala subvencije za 2018. u cilju borbe protiv klimatskih promena","isPartOf":{"@id":"https:\/\/balkangreenenergynews.com\/rs\/#website"},"primaryImageOfPage":{"@id":"https:\/\/balkangreenenergynews.com\/rs\/slovenija-povecala-subvencije-za-2018-u-cilju-borbe-protiv-klimatskih-promena\/#primaryimage"},"image":{"@id":"https:\/\/balkangreenenergynews.com\/rs\/slovenija-povecala-subvencije-za-2018-u-cilju-borbe-protiv-klimatskih-promena\/#primaryimage"},"thumbnailUrl":"https:\/\/balkangreenenergynews.com\/rs\/wp-content\/uploads\/2018\/07\/Slovenija-povecala-subvencije-za-2018.-u-cilju-borbe-protiv-klimatskih-promena.jpg?wsr","datePublished":"2018-07-18T11:43:56+00:00","dateModified":"2020-05-08T21:27:12+00:00","author":{"@id":"https:\/\/balkangreenenergynews.com\/rs\/#\/schema\/person\/82b991c6efaf6b462e01800c17da5ae9"},"description":"Vlada Slovenije je usvojila rebalans bud\u017eeta za 2018. godinu javnog fonda za \u017eivotnu sredinu Eko sklad, kojim upravlja Ministarstvo \u017eivotne sredine i prostornog planiranja, a kojim se pove\u0107ava iznos subvencija za 2018. godinu u cilju borbe protiv klimatskih promena, navodi se u saop\u0161tenju vlade.","breadcrumb":{"@id":"https:\/\/balkangreenenergynews.com\/rs\/slovenija-povecala-subvencije-za-2018-u-cilju-borbe-protiv-klimatskih-promena\/#breadcrumb"},"inLanguage":"sr-RS","potentialAction":[{"@type":"ReadAction","target":["https:\/\/balkangreenenergynews.com\/rs\/slovenija-povecala-subvencije-za-2018-u-cilju-borbe-protiv-klimatskih-promena\/"]}]},{"@type":"ImageObject","inLanguage":"sr-RS","@id":"https:\/\/balkangreenenergynews.com\/rs\/slovenija-povecala-subvencije-za-2018-u-cilju-borbe-protiv-klimatskih-promena\/#primaryimage","url":"https:\/\/balkangreenenergynews.com\/rs\/wp-content\/uploads\/2018\/07\/Slovenija-povecala-subvencije-za-2018.-u-cilju-borbe-protiv-klimatskih-promena.jpg?wsr","contentUrl":"https:\/\/balkangreenenergynews.com\/rs\/wp-content\/uploads\/2018\/07\/Slovenija-povecala-subvencije-za-2018.-u-cilju-borbe-protiv-klimatskih-promena.jpg?wsr","width":795,"height":407,"caption":"Slovenija-povecala-subvencije-za-2018.-u-cilju-borbe-protiv-klimatskih-promena"},{"@type":"BreadcrumbList","@id":"https:\/\/balkangreenenergynews.com\/rs\/slovenija-povecala-subvencije-za-2018-u-cilju-borbe-protiv-klimatskih-promena\/#breadcrumb","itemListElement":[{"@type":"ListItem","position":1,"name":"Po\u010detna","item":"https:\/\/balkangreenenergynews.com\/rs\/"},{"@type":"ListItem","position":2,"name":"Vesti","item":"https:\/\/balkangreenenergynews.com\/rs\/kategorija\/vesti\/"},{"@type":"ListItem","position":3,"name":"\u017divotna sredina","item":"https:\/\/balkangreenenergynews.com\/rs\/kategorija\/vesti\/zivotna-sredina\/"},{"@type":"ListItem","position":4,"name":"Slovenija pove\u0107ala subvencije za 2018. u cilju borbe protiv klimatskih promena"}]},{"@type":"WebSite","@id":"https:\/\/balkangreenenergynews.com\/rs\/#website","url":"https:\/\/balkangreenenergynews.com\/rs\/","name":"Balkan Green Energy News","description":"Naj\u0161iri izbor vesti sa Balkana o zelenoj energiji","potentialAction":[{"@type":"SearchAction","target":{"@type":"EntryPoint","urlTemplate":"https:\/\/balkangreenenergynews.com\/rs\/?s={search_term_string}"},"query-input":{"@type":"PropertyValueSpecification","valueRequired":true,"valueName":"search_term_string"}}],"inLanguage":"sr-RS"},{"@type":"Person","@id":"https:\/\/balkangreenenergynews.com\/rs\/#\/schema\/person\/82b991c6efaf6b462e01800c17da5ae9","name":"Svetlana Jovanovi\u0107","description":"Nakon 15 godina pisanja i ure\u0111ivanja finansijskih &amp; biznis vesti, Svetlana se od 2018. godine fokusira na teme \u017eivotne sredine i odr\u017eivog razvoja. #BeatPlasticPollution je njen omiljeni hashtag.","sameAs":["https:\/\/www.linkedin.com\/in\/svetlana-jovanovic-4741814b\/"],"url":"https:\/\/balkangreenenergynews.com\/rs\/author\/svetlana-jovanovic\/"}]}},"_links":{"self":[{"href":"https:\/\/balkangreenenergynews.com\/rs\/wp-json\/wp\/v2\/posts\/18449","targetHints":{"allow":["GET"]}}],"collection":[{"href":"https:\/\/balkangreenenergynews.com\/rs\/wp-json\/wp\/v2\/posts"}],"about":[{"href":"https:\/\/balkangreenenergynews.com\/rs\/wp-json\/wp\/v2\/types\/post"}],"author":[{"embeddable":true,"href":"https:\/\/balkangreenenergynews.com\/rs\/wp-json\/wp\/v2\/users\/20"}],"replies":[{"embeddable":true,"href":"https:\/\/balkangreenenergynews.com\/rs\/wp-json\/wp\/v2\/comments?post=18449"}],"version-history":[{"count":0,"href":"https:\/\/balkangreenenergynews.com\/rs\/wp-json\/wp\/v2\/posts\/18449\/revisions"}],"wp:featuredmedia":[{"embeddable":true,"href":"https:\/\/balkangreenenergynews.com\/rs\/wp-json\/wp\/v2\/media\/30143"}],"wp:attachment":[{"href":"https:\/\/balkangreenenergynews.com\/rs\/wp-json\/wp\/v2\/media?parent=18449"}],"wp:term":[{"taxonomy":"category","embeddable":true,"href":"https:\/\/balkangreenenergynews.com\/rs\/wp-json\/wp\/v2\/categories?post=18449"},{"taxonomy":"post_tag","embeddable":true,"href":"https:\/\/balkangreenenergynews.com\/rs\/wp-json\/wp\/v2\/tags?post=18449"}],"curies":[{"name":"wp","href":"https:\/\/api.w.org\/{rel}","templated":true}]}}