{"id":18407,"date":"2018-07-13T13:30:58","date_gmt":"2018-07-13T11:30:58","guid":{"rendered":"https:\/\/balkangreenenergynews.com\/rs\/?p=18407"},"modified":"2020-05-08T23:35:13","modified_gmt":"2020-05-08T21:35:13","slug":"ministar-najavio-inicijativu-za-izmenu-zakona-o-zastiti-prirode-zbog-malih-hidroelektrana","status":"publish","type":"post","link":"https:\/\/balkangreenenergynews.com\/rs\/ministar-najavio-inicijativu-za-izmenu-zakona-o-zastiti-prirode-zbog-malih-hidroelektrana\/","title":{"rendered":"Ministar najavio inicijativu za izmenu zakona o za\u0161titi prirode zbog malih hidroelektrana"},"content":{"rendered":"<h2>Ministar za\u0161tite \u017eivotne sredine Goran Trivan je najavio inicijativu za izmenu zakona o za\u0161titi prirode kojom bi se spre\u010dila izgradnja malih hidroelektrana (HE) u za\u0161ti\u0107enim podru\u010djima. Najava je usledila nakon \u0161to je sud nedavno poni\u0161tio Trivanov poku\u0161aj da povu\u010de odobrenje za izgradnju male HE Pakle\u0161tica, za koju se strahuje da bi naru\u0161ila biodiverzitet u basenu reke Viso\u010dice.<\/h2>\n<p>\u201cSamo na Staroj planini ima vi\u0161e od 60 zahteva za izgradnju. Pa to je horor, priroda \u0107e biti uni\u0161tena. Poslednjih godinu dana poku\u0161avam da stvorim ambijent u kojem mo\u017ee otvoreno da se ka\u017ee: nije ba\u0161 najpametnije da se grade MHE u za\u0161ti\u0107enim dobrima. Bori\u0107u se do kraja i to nema cenu, imamo ozbiljnu podr\u0161ku gra\u0111ana da sve menjamo, ali traja\u0107e neko vreme\u201d, <a href=\"https:\/\/insajder.net\/sr\/sajt\/tema\/11729\/\">izjavio je Trivan za Insajder<\/a>.<\/p>\n<blockquote><p><span style=\"\"><strong>\u201cPa to je horor, priroda \u0107e biti uni\u0161tena.\u201d<\/strong><\/span><\/p><\/blockquote>\n<p>Prema Trivanovim re\u010dima, o ve\u0107 izdatim dozvolama za izgradnju malih HE u za\u0161ti\u0107enim podru\u010djima bi se moglo razgovarati sa Ministarstvom rudarstva i energetike i investitorima, sa ciljem da im se dodele druge lokacije, koje nisu u za\u0161ti\u0107enim podru\u010djima.<\/p>\n<p>Reagovala je i ministarka gra\u0111evinarstva, saobra\u0107aja i infrastrukture Zorana Mihajlovi\u0107, koja je rekla da je Trivanovo pravo da tra\u017ei izmene zakona u resoru za koji je nadle\u017ean. Tako\u0111e je dodala da nema \u201cni\u0161ta protiv\u201d bilo \u010dega \u0161to mo\u017ee da unapredi \u017eivotnu sredinu.<\/p>\n<p>Mihajlovi\u0107 je me\u0111utim primetila i da je \u201cvelika \u0161teta\u201d \u0161to je Srbija iskoristila manje od 50 od ukupno 800 lokacija odre\u0111enih za izgradnju malih hidroelektrana.<\/p>\n<p>Organizacije civilnog dru\u0161tva (OCD) koje se bave za\u0161titom \u017eivotne sredine su u poslednje vreme poja\u010dale <a href=\"https:\/\/balkangreenenergynews.com\/rs\/ebrd-u-predata-peticija-za-odustajanje-od-destruktivnih-projekata-hidroelektrana-na-balkanu\/\">aktivnosti usmerene protiv projekata hidroelektrana na Balkanu<\/a>.<\/p>\n<p>U\u00a0<a href=\"https:\/\/balkangreenenergynews.com\/rs\/studija-ko-finansira-gradnju-hidroelektrana-zasticenim-podrucjima-regionu-jie\/\">nedavnoj studiji<\/a>\u00a0Bankwatch, jedne od najve\u0107ih mre\u017ea OCD koje se bave za\u0161titom \u017eivotne sredine u regionu centralne i isto\u010dne Evrope, ocenjeno je da reke jugoisto\u010dne Evrope (JIE) uni\u0161tava talas hidroenergetskih projekata. Studija je analizirala situaciju u Albaniji, Bosni i Hercegovini, Bugarskoj, Hrvatskoj, Kosovu*, Makedoniji, Crnoj Gori, Srbiji i Sloveniji.<\/p>\n","protected":false},"excerpt":{"rendered":"<p>Ministar za\u0161tite \u017eivotne sredine Goran Trivan je najavio inicijativu za izmenu zakona o za\u0161titi prirode&#8230;<\/p>\n","protected":false},"author":20,"featured_media":30155,"comment_status":"open","ping_status":"closed","sticky":false,"template":"","format":"standard","meta":{"_acf_changed":false,"_monsterinsights_skip_tracking":false,"_monsterinsights_sitenote_active":false,"_monsterinsights_sitenote_note":"","_monsterinsights_sitenote_category":0,"footnotes":""},"categories":[1,4],"tags":[2221,1405],"class_list":["post-18407","post","type-post","status-publish","format-standard","has-post-thumbnail","hentry","category-obnovljivi-izvori-energije","category-zivotna-sredina","tag-goran-trivan","tag-male-hidroelektrane","country-srbija"],"acf":[],"yoast_head":"<!-- This site is optimized with the Yoast SEO plugin v27.4 - https:\/\/yoast.com\/product\/yoast-seo-wordpress\/ -->\n<title>Ministar najavio inicijativu za izmenu zakona o za\u0161titi prirode zbog malih hidroelektrana<\/title>\n<meta name=\"description\" content=\"Ministar za\u0161tite \u017eivotne sredine Goran Trivan je najavio inicijativu za izmenu zakona o za\u0161titi prirode kojom bi se spre\u010dila izgradnja malih hidroelektrana (HE) u za\u0161ti\u0107enim podru\u010djima.\" \/>\n<meta name=\"robots\" content=\"index, follow, max-snippet:-1, max-image-preview:large, max-video-preview:-1\" \/>\n<link rel=\"canonical\" href=\"https:\/\/balkangreenenergynews.com\/rs\/ministar-najavio-inicijativu-za-izmenu-zakona-o-zastiti-prirode-zbog-malih-hidroelektrana\/\" \/>\n<meta property=\"og:locale\" content=\"sr_RS\" \/>\n<meta property=\"og:type\" content=\"article\" \/>\n<meta property=\"og:title\" content=\"Ministar najavio inicijativu za izmenu zakona o za\u0161titi prirode zbog malih hidroelektrana\" \/>\n<meta property=\"og:description\" content=\"Ministar za\u0161tite \u017eivotne sredine Goran Trivan je najavio inicijativu za izmenu zakona o za\u0161titi prirode kojom bi se spre\u010dila izgradnja malih hidroelektrana (HE) u za\u0161ti\u0107enim podru\u010djima.\" \/>\n<meta property=\"og:url\" content=\"https:\/\/balkangreenenergynews.com\/rs\/ministar-najavio-inicijativu-za-izmenu-zakona-o-zastiti-prirode-zbog-malih-hidroelektrana\/\" \/>\n<meta property=\"og:site_name\" content=\"Balkan Green Energy News\" \/>\n<meta property=\"article:published_time\" content=\"2018-07-13T11:30:58+00:00\" \/>\n<meta property=\"article:modified_time\" content=\"2020-05-08T21:35:13+00:00\" \/>\n<meta property=\"og:image\" content=\"https:\/\/balkangreenenergynews.com\/rs\/wp-content\/uploads\/2018\/07\/Ministar-najavio-inicijativu-za-izmenu-zakona-o-zastiti-prirode-zbog-malih-hidroelektrana.jpg\" \/>\n\t<meta property=\"og:image:width\" content=\"795\" \/>\n\t<meta property=\"og:image:height\" content=\"407\" \/>\n\t<meta property=\"og:image:type\" content=\"image\/jpeg\" \/>\n<meta name=\"author\" content=\"Svetlana Jovanovi\u0107\" \/>\n<meta name=\"twitter:card\" content=\"summary_large_image\" \/>\n<meta name=\"twitter:label1\" content=\"\u041d\u0430\u043f\u0438\u0441\u0430\u043d\u043e \u043e\u0434\" \/>\n\t<meta name=\"twitter:data1\" content=\"Svetlana Jovanovi\u0107\" \/>\n\t<meta name=\"twitter:label2\" content=\"\u041f\u0440\u043e\u0446\u0435\u045a\u0435\u043d\u043e \u0432\u0440\u0435\u043c\u0435 \u0447\u0438\u0442\u0430\u045a\u0430\" \/>\n\t<meta name=\"twitter:data2\" content=\"2 \u043c\u0438\u043d\u0443\u0442\u0430\" \/>\n<script type=\"application\/ld+json\" class=\"yoast-schema-graph\">{\"@context\":\"https:\\\/\\\/schema.org\",\"@graph\":[{\"@type\":\"Article\",\"@id\":\"https:\\\/\\\/balkangreenenergynews.com\\\/rs\\\/ministar-najavio-inicijativu-za-izmenu-zakona-o-zastiti-prirode-zbog-malih-hidroelektrana\\\/#article\",\"isPartOf\":{\"@id\":\"https:\\\/\\\/balkangreenenergynews.com\\\/rs\\\/ministar-najavio-inicijativu-za-izmenu-zakona-o-zastiti-prirode-zbog-malih-hidroelektrana\\\/\"},\"author\":{\"name\":\"Svetlana Jovanovi\u0107\",\"@id\":\"https:\\\/\\\/balkangreenenergynews.com\\\/rs\\\/#\\\/schema\\\/person\\\/82b991c6efaf6b462e01800c17da5ae9\"},\"headline\":\"Ministar najavio inicijativu za izmenu zakona o za\u0161titi prirode zbog malih hidroelektrana\",\"datePublished\":\"2018-07-13T11:30:58+00:00\",\"dateModified\":\"2020-05-08T21:35:13+00:00\",\"mainEntityOfPage\":{\"@id\":\"https:\\\/\\\/balkangreenenergynews.com\\\/rs\\\/ministar-najavio-inicijativu-za-izmenu-zakona-o-zastiti-prirode-zbog-malih-hidroelektrana\\\/\"},\"wordCount\":368,\"commentCount\":0,\"image\":{\"@id\":\"https:\\\/\\\/balkangreenenergynews.com\\\/rs\\\/ministar-najavio-inicijativu-za-izmenu-zakona-o-zastiti-prirode-zbog-malih-hidroelektrana\\\/#primaryimage\"},\"thumbnailUrl\":\"https:\\\/\\\/balkangreenenergynews.com\\\/rs\\\/wp-content\\\/uploads\\\/2018\\\/07\\\/Ministar-najavio-inicijativu-za-izmenu-zakona-o-zastiti-prirode-zbog-malih-hidroelektrana.jpg?wsr\",\"keywords\":[\"Goran Trivan\",\"male hidroelektrane\"],\"articleSection\":[\"OIE\",\"\u017divotna sredina\"],\"inLanguage\":\"sr-RS\",\"potentialAction\":[{\"@type\":\"CommentAction\",\"name\":\"Comment\",\"target\":[\"https:\\\/\\\/balkangreenenergynews.com\\\/rs\\\/ministar-najavio-inicijativu-za-izmenu-zakona-o-zastiti-prirode-zbog-malih-hidroelektrana\\\/#respond\"]}]},{\"@type\":\"WebPage\",\"@id\":\"https:\\\/\\\/balkangreenenergynews.com\\\/rs\\\/ministar-najavio-inicijativu-za-izmenu-zakona-o-zastiti-prirode-zbog-malih-hidroelektrana\\\/\",\"url\":\"https:\\\/\\\/balkangreenenergynews.com\\\/rs\\\/ministar-najavio-inicijativu-za-izmenu-zakona-o-zastiti-prirode-zbog-malih-hidroelektrana\\\/\",\"name\":\"Ministar najavio inicijativu za izmenu zakona o za\u0161titi prirode zbog malih hidroelektrana\",\"isPartOf\":{\"@id\":\"https:\\\/\\\/balkangreenenergynews.com\\\/rs\\\/#website\"},\"primaryImageOfPage\":{\"@id\":\"https:\\\/\\\/balkangreenenergynews.com\\\/rs\\\/ministar-najavio-inicijativu-za-izmenu-zakona-o-zastiti-prirode-zbog-malih-hidroelektrana\\\/#primaryimage\"},\"image\":{\"@id\":\"https:\\\/\\\/balkangreenenergynews.com\\\/rs\\\/ministar-najavio-inicijativu-za-izmenu-zakona-o-zastiti-prirode-zbog-malih-hidroelektrana\\\/#primaryimage\"},\"thumbnailUrl\":\"https:\\\/\\\/balkangreenenergynews.com\\\/rs\\\/wp-content\\\/uploads\\\/2018\\\/07\\\/Ministar-najavio-inicijativu-za-izmenu-zakona-o-zastiti-prirode-zbog-malih-hidroelektrana.jpg?wsr\",\"datePublished\":\"2018-07-13T11:30:58+00:00\",\"dateModified\":\"2020-05-08T21:35:13+00:00\",\"author\":{\"@id\":\"https:\\\/\\\/balkangreenenergynews.com\\\/rs\\\/#\\\/schema\\\/person\\\/82b991c6efaf6b462e01800c17da5ae9\"},\"description\":\"Ministar za\u0161tite \u017eivotne sredine Goran Trivan je najavio inicijativu za izmenu zakona o za\u0161titi prirode kojom bi se spre\u010dila izgradnja malih hidroelektrana (HE) u za\u0161ti\u0107enim podru\u010djima.\",\"breadcrumb\":{\"@id\":\"https:\\\/\\\/balkangreenenergynews.com\\\/rs\\\/ministar-najavio-inicijativu-za-izmenu-zakona-o-zastiti-prirode-zbog-malih-hidroelektrana\\\/#breadcrumb\"},\"inLanguage\":\"sr-RS\",\"potentialAction\":[{\"@type\":\"ReadAction\",\"target\":[\"https:\\\/\\\/balkangreenenergynews.com\\\/rs\\\/ministar-najavio-inicijativu-za-izmenu-zakona-o-zastiti-prirode-zbog-malih-hidroelektrana\\\/\"]}]},{\"@type\":\"ImageObject\",\"inLanguage\":\"sr-RS\",\"@id\":\"https:\\\/\\\/balkangreenenergynews.com\\\/rs\\\/ministar-najavio-inicijativu-za-izmenu-zakona-o-zastiti-prirode-zbog-malih-hidroelektrana\\\/#primaryimage\",\"url\":\"https:\\\/\\\/balkangreenenergynews.com\\\/rs\\\/wp-content\\\/uploads\\\/2018\\\/07\\\/Ministar-najavio-inicijativu-za-izmenu-zakona-o-zastiti-prirode-zbog-malih-hidroelektrana.jpg?wsr\",\"contentUrl\":\"https:\\\/\\\/balkangreenenergynews.com\\\/rs\\\/wp-content\\\/uploads\\\/2018\\\/07\\\/Ministar-najavio-inicijativu-za-izmenu-zakona-o-zastiti-prirode-zbog-malih-hidroelektrana.jpg?wsr\",\"width\":795,\"height\":407,\"caption\":\"Ministar-najavio-inicijativu-za-izmenu-zakona-o-zastiti-prirode-zbog-malih-hidroelektrana\"},{\"@type\":\"BreadcrumbList\",\"@id\":\"https:\\\/\\\/balkangreenenergynews.com\\\/rs\\\/ministar-najavio-inicijativu-za-izmenu-zakona-o-zastiti-prirode-zbog-malih-hidroelektrana\\\/#breadcrumb\",\"itemListElement\":[{\"@type\":\"ListItem\",\"position\":1,\"name\":\"Po\u010detna\",\"item\":\"https:\\\/\\\/balkangreenenergynews.com\\\/rs\\\/\"},{\"@type\":\"ListItem\",\"position\":2,\"name\":\"Vesti\",\"item\":\"https:\\\/\\\/balkangreenenergynews.com\\\/rs\\\/kategorija\\\/vesti\\\/\"},{\"@type\":\"ListItem\",\"position\":3,\"name\":\"\u017divotna sredina\",\"item\":\"https:\\\/\\\/balkangreenenergynews.com\\\/rs\\\/kategorija\\\/vesti\\\/zivotna-sredina\\\/\"},{\"@type\":\"ListItem\",\"position\":4,\"name\":\"Ministar najavio inicijativu za izmenu zakona o za\u0161titi prirode zbog malih hidroelektrana\"}]},{\"@type\":\"WebSite\",\"@id\":\"https:\\\/\\\/balkangreenenergynews.com\\\/rs\\\/#website\",\"url\":\"https:\\\/\\\/balkangreenenergynews.com\\\/rs\\\/\",\"name\":\"Balkan Green Energy News\",\"description\":\"Naj\u0161iri izbor vesti sa Balkana o zelenoj energiji\",\"potentialAction\":[{\"@type\":\"SearchAction\",\"target\":{\"@type\":\"EntryPoint\",\"urlTemplate\":\"https:\\\/\\\/balkangreenenergynews.com\\\/rs\\\/?s={search_term_string}\"},\"query-input\":{\"@type\":\"PropertyValueSpecification\",\"valueRequired\":true,\"valueName\":\"search_term_string\"}}],\"inLanguage\":\"sr-RS\"},{\"@type\":\"Person\",\"@id\":\"https:\\\/\\\/balkangreenenergynews.com\\\/rs\\\/#\\\/schema\\\/person\\\/82b991c6efaf6b462e01800c17da5ae9\",\"name\":\"Svetlana Jovanovi\u0107\",\"description\":\"Nakon 15 godina pisanja i ure\u0111ivanja finansijskih &amp; biznis vesti, Svetlana se od 2018. godine fokusira na teme \u017eivotne sredine i odr\u017eivog razvoja. #BeatPlasticPollution je njen omiljeni hashtag.\",\"sameAs\":[\"https:\\\/\\\/www.linkedin.com\\\/in\\\/svetlana-jovanovic-4741814b\\\/\"],\"url\":\"https:\\\/\\\/balkangreenenergynews.com\\\/rs\\\/author\\\/svetlana-jovanovic\\\/\"}]}<\/script>\n<!-- \/ Yoast SEO plugin. -->","yoast_head_json":{"title":"Ministar najavio inicijativu za izmenu zakona o za\u0161titi prirode zbog malih hidroelektrana","description":"Ministar za\u0161tite \u017eivotne sredine Goran Trivan je najavio inicijativu za izmenu zakona o za\u0161titi prirode kojom bi se spre\u010dila izgradnja malih hidroelektrana (HE) u za\u0161ti\u0107enim podru\u010djima.","robots":{"index":"index","follow":"follow","max-snippet":"max-snippet:-1","max-image-preview":"max-image-preview:large","max-video-preview":"max-video-preview:-1"},"canonical":"https:\/\/balkangreenenergynews.com\/rs\/ministar-najavio-inicijativu-za-izmenu-zakona-o-zastiti-prirode-zbog-malih-hidroelektrana\/","og_locale":"sr_RS","og_type":"article","og_title":"Ministar najavio inicijativu za izmenu zakona o za\u0161titi prirode zbog malih hidroelektrana","og_description":"Ministar za\u0161tite \u017eivotne sredine Goran Trivan je najavio inicijativu za izmenu zakona o za\u0161titi prirode kojom bi se spre\u010dila izgradnja malih hidroelektrana (HE) u za\u0161ti\u0107enim podru\u010djima.","og_url":"https:\/\/balkangreenenergynews.com\/rs\/ministar-najavio-inicijativu-za-izmenu-zakona-o-zastiti-prirode-zbog-malih-hidroelektrana\/","og_site_name":"Balkan Green Energy News","article_published_time":"2018-07-13T11:30:58+00:00","article_modified_time":"2020-05-08T21:35:13+00:00","og_image":[{"width":795,"height":407,"url":"https:\/\/balkangreenenergynews.com\/rs\/wp-content\/uploads\/2018\/07\/Ministar-najavio-inicijativu-za-izmenu-zakona-o-zastiti-prirode-zbog-malih-hidroelektrana.jpg","type":"image\/jpeg"}],"author":"Svetlana Jovanovi\u0107","twitter_card":"summary_large_image","twitter_misc":{"\u041d\u0430\u043f\u0438\u0441\u0430\u043d\u043e \u043e\u0434":"Svetlana Jovanovi\u0107","\u041f\u0440\u043e\u0446\u0435\u045a\u0435\u043d\u043e \u0432\u0440\u0435\u043c\u0435 \u0447\u0438\u0442\u0430\u045a\u0430":"2 \u043c\u0438\u043d\u0443\u0442\u0430"},"schema":{"@context":"https:\/\/schema.org","@graph":[{"@type":"Article","@id":"https:\/\/balkangreenenergynews.com\/rs\/ministar-najavio-inicijativu-za-izmenu-zakona-o-zastiti-prirode-zbog-malih-hidroelektrana\/#article","isPartOf":{"@id":"https:\/\/balkangreenenergynews.com\/rs\/ministar-najavio-inicijativu-za-izmenu-zakona-o-zastiti-prirode-zbog-malih-hidroelektrana\/"},"author":{"name":"Svetlana Jovanovi\u0107","@id":"https:\/\/balkangreenenergynews.com\/rs\/#\/schema\/person\/82b991c6efaf6b462e01800c17da5ae9"},"headline":"Ministar najavio inicijativu za izmenu zakona o za\u0161titi prirode zbog malih hidroelektrana","datePublished":"2018-07-13T11:30:58+00:00","dateModified":"2020-05-08T21:35:13+00:00","mainEntityOfPage":{"@id":"https:\/\/balkangreenenergynews.com\/rs\/ministar-najavio-inicijativu-za-izmenu-zakona-o-zastiti-prirode-zbog-malih-hidroelektrana\/"},"wordCount":368,"commentCount":0,"image":{"@id":"https:\/\/balkangreenenergynews.com\/rs\/ministar-najavio-inicijativu-za-izmenu-zakona-o-zastiti-prirode-zbog-malih-hidroelektrana\/#primaryimage"},"thumbnailUrl":"https:\/\/balkangreenenergynews.com\/rs\/wp-content\/uploads\/2018\/07\/Ministar-najavio-inicijativu-za-izmenu-zakona-o-zastiti-prirode-zbog-malih-hidroelektrana.jpg?wsr","keywords":["Goran Trivan","male hidroelektrane"],"articleSection":["OIE","\u017divotna sredina"],"inLanguage":"sr-RS","potentialAction":[{"@type":"CommentAction","name":"Comment","target":["https:\/\/balkangreenenergynews.com\/rs\/ministar-najavio-inicijativu-za-izmenu-zakona-o-zastiti-prirode-zbog-malih-hidroelektrana\/#respond"]}]},{"@type":"WebPage","@id":"https:\/\/balkangreenenergynews.com\/rs\/ministar-najavio-inicijativu-za-izmenu-zakona-o-zastiti-prirode-zbog-malih-hidroelektrana\/","url":"https:\/\/balkangreenenergynews.com\/rs\/ministar-najavio-inicijativu-za-izmenu-zakona-o-zastiti-prirode-zbog-malih-hidroelektrana\/","name":"Ministar najavio inicijativu za izmenu zakona o za\u0161titi prirode zbog malih hidroelektrana","isPartOf":{"@id":"https:\/\/balkangreenenergynews.com\/rs\/#website"},"primaryImageOfPage":{"@id":"https:\/\/balkangreenenergynews.com\/rs\/ministar-najavio-inicijativu-za-izmenu-zakona-o-zastiti-prirode-zbog-malih-hidroelektrana\/#primaryimage"},"image":{"@id":"https:\/\/balkangreenenergynews.com\/rs\/ministar-najavio-inicijativu-za-izmenu-zakona-o-zastiti-prirode-zbog-malih-hidroelektrana\/#primaryimage"},"thumbnailUrl":"https:\/\/balkangreenenergynews.com\/rs\/wp-content\/uploads\/2018\/07\/Ministar-najavio-inicijativu-za-izmenu-zakona-o-zastiti-prirode-zbog-malih-hidroelektrana.jpg?wsr","datePublished":"2018-07-13T11:30:58+00:00","dateModified":"2020-05-08T21:35:13+00:00","author":{"@id":"https:\/\/balkangreenenergynews.com\/rs\/#\/schema\/person\/82b991c6efaf6b462e01800c17da5ae9"},"description":"Ministar za\u0161tite \u017eivotne sredine Goran Trivan je najavio inicijativu za izmenu zakona o za\u0161titi prirode kojom bi se spre\u010dila izgradnja malih hidroelektrana (HE) u za\u0161ti\u0107enim podru\u010djima.","breadcrumb":{"@id":"https:\/\/balkangreenenergynews.com\/rs\/ministar-najavio-inicijativu-za-izmenu-zakona-o-zastiti-prirode-zbog-malih-hidroelektrana\/#breadcrumb"},"inLanguage":"sr-RS","potentialAction":[{"@type":"ReadAction","target":["https:\/\/balkangreenenergynews.com\/rs\/ministar-najavio-inicijativu-za-izmenu-zakona-o-zastiti-prirode-zbog-malih-hidroelektrana\/"]}]},{"@type":"ImageObject","inLanguage":"sr-RS","@id":"https:\/\/balkangreenenergynews.com\/rs\/ministar-najavio-inicijativu-za-izmenu-zakona-o-zastiti-prirode-zbog-malih-hidroelektrana\/#primaryimage","url":"https:\/\/balkangreenenergynews.com\/rs\/wp-content\/uploads\/2018\/07\/Ministar-najavio-inicijativu-za-izmenu-zakona-o-zastiti-prirode-zbog-malih-hidroelektrana.jpg?wsr","contentUrl":"https:\/\/balkangreenenergynews.com\/rs\/wp-content\/uploads\/2018\/07\/Ministar-najavio-inicijativu-za-izmenu-zakona-o-zastiti-prirode-zbog-malih-hidroelektrana.jpg?wsr","width":795,"height":407,"caption":"Ministar-najavio-inicijativu-za-izmenu-zakona-o-zastiti-prirode-zbog-malih-hidroelektrana"},{"@type":"BreadcrumbList","@id":"https:\/\/balkangreenenergynews.com\/rs\/ministar-najavio-inicijativu-za-izmenu-zakona-o-zastiti-prirode-zbog-malih-hidroelektrana\/#breadcrumb","itemListElement":[{"@type":"ListItem","position":1,"name":"Po\u010detna","item":"https:\/\/balkangreenenergynews.com\/rs\/"},{"@type":"ListItem","position":2,"name":"Vesti","item":"https:\/\/balkangreenenergynews.com\/rs\/kategorija\/vesti\/"},{"@type":"ListItem","position":3,"name":"\u017divotna sredina","item":"https:\/\/balkangreenenergynews.com\/rs\/kategorija\/vesti\/zivotna-sredina\/"},{"@type":"ListItem","position":4,"name":"Ministar najavio inicijativu za izmenu zakona o za\u0161titi prirode zbog malih hidroelektrana"}]},{"@type":"WebSite","@id":"https:\/\/balkangreenenergynews.com\/rs\/#website","url":"https:\/\/balkangreenenergynews.com\/rs\/","name":"Balkan Green Energy News","description":"Naj\u0161iri izbor vesti sa Balkana o zelenoj energiji","potentialAction":[{"@type":"SearchAction","target":{"@type":"EntryPoint","urlTemplate":"https:\/\/balkangreenenergynews.com\/rs\/?s={search_term_string}"},"query-input":{"@type":"PropertyValueSpecification","valueRequired":true,"valueName":"search_term_string"}}],"inLanguage":"sr-RS"},{"@type":"Person","@id":"https:\/\/balkangreenenergynews.com\/rs\/#\/schema\/person\/82b991c6efaf6b462e01800c17da5ae9","name":"Svetlana Jovanovi\u0107","description":"Nakon 15 godina pisanja i ure\u0111ivanja finansijskih &amp; biznis vesti, Svetlana se od 2018. godine fokusira na teme \u017eivotne sredine i odr\u017eivog razvoja. #BeatPlasticPollution je njen omiljeni hashtag.","sameAs":["https:\/\/www.linkedin.com\/in\/svetlana-jovanovic-4741814b\/"],"url":"https:\/\/balkangreenenergynews.com\/rs\/author\/svetlana-jovanovic\/"}]}},"_links":{"self":[{"href":"https:\/\/balkangreenenergynews.com\/rs\/wp-json\/wp\/v2\/posts\/18407","targetHints":{"allow":["GET"]}}],"collection":[{"href":"https:\/\/balkangreenenergynews.com\/rs\/wp-json\/wp\/v2\/posts"}],"about":[{"href":"https:\/\/balkangreenenergynews.com\/rs\/wp-json\/wp\/v2\/types\/post"}],"author":[{"embeddable":true,"href":"https:\/\/balkangreenenergynews.com\/rs\/wp-json\/wp\/v2\/users\/20"}],"replies":[{"embeddable":true,"href":"https:\/\/balkangreenenergynews.com\/rs\/wp-json\/wp\/v2\/comments?post=18407"}],"version-history":[{"count":0,"href":"https:\/\/balkangreenenergynews.com\/rs\/wp-json\/wp\/v2\/posts\/18407\/revisions"}],"wp:featuredmedia":[{"embeddable":true,"href":"https:\/\/balkangreenenergynews.com\/rs\/wp-json\/wp\/v2\/media\/30155"}],"wp:attachment":[{"href":"https:\/\/balkangreenenergynews.com\/rs\/wp-json\/wp\/v2\/media?parent=18407"}],"wp:term":[{"taxonomy":"category","embeddable":true,"href":"https:\/\/balkangreenenergynews.com\/rs\/wp-json\/wp\/v2\/categories?post=18407"},{"taxonomy":"post_tag","embeddable":true,"href":"https:\/\/balkangreenenergynews.com\/rs\/wp-json\/wp\/v2\/tags?post=18407"}],"curies":[{"name":"wp","href":"https:\/\/api.w.org\/{rel}","templated":true}]}}