{"id":18374,"date":"2018-07-12T14:51:09","date_gmt":"2018-07-12T12:51:09","guid":{"rendered":"https:\/\/balkangreenenergynews.com\/rs\/?p=18374"},"modified":"2018-11-15T22:32:20","modified_gmt":"2018-11-15T21:32:20","slug":"novi-poremecaji-frekvence-evropske-sinhrone-zone-zbog-spora-srbije-i-kosova","status":"publish","type":"post","link":"https:\/\/balkangreenenergynews.com\/rs\/novi-poremecaji-frekvence-evropske-sinhrone-zone-zbog-spora-srbije-i-kosova\/","title":{"rendered":"Novi poreme\u0107aji frekvence evropske sinhrone zone zbog spora Srbije i Kosova*"},"content":{"rendered":"<h2>Novi program za kompenzaciju, koji su uspostavili operatori prenosnog sistema u sinhronoj zoni Kontinentalna Evropa, automatski je pokrenut 7. jula, kada je odstupanje u mre\u017enom vremenu prekora\u010dilo 60 sekundi, navodi se u saop\u0161tenju Evropske mre\u017ee operatora prenosnih sistema (TSO) za elektri\u010dnu energiju (ENTSO-E), i dodaje da razlog za odstupanja frekvencije elektroenergetskog sistema &#8211; politi\u010dki spor izme\u0111u srpske i kosovske vlasti o elektri\u010dnoj energiji &#8211; nije re\u0161en.<\/h2>\n<p>Odstupanja u mre\u017enom vremenu su anulirana zahvaljujuc\u0301i aktiviranju novog programa za kompenzaciju, saop\u0161tio je ENTSO-E.<\/p>\n<p>Kako je ve\u0107 najavljeno pro\u0161log prolec\u0301a, operatori prenosnog sistema zone Kontinentalna Evropa i ENTSO-E razmatraju moguc\u0301e sankcije ako se utvrdi da operatori koji su uklju\u010deni u ovaj problem, namerno ne \u017eele da ga re\u0161e.<\/p>\n<p>Po\u010detkom marta, <a href=\"https:\/\/balkangreenenergynews.com\/rs\/ems-kostt-prekinuo-neovlasceno-povlacenje-elektricne-energije-prestale-devijacije-u-zoni-eu\/\">ENTSO-E je saop\u0161tio<\/a> da sinhrona zona Kontinentalna Evropa, koja se prote\u017ee od \u0160panije do Turske i od Poljske do Holandije, do\u017eivljava neprekidno odstupanje frekvencije od srednje vrednosti od 50 Hz od sredine januara 2018.<\/p>\n<p>Nakon toga, srpski operator prenosnog sistema Elektromre\u017ea Srbije (EMS) saop\u0161tio je da je uzrok to \u0161to je kosovski operator KOSTT stalno neovla\u0161\u0107eno povla\u010dio elektri\u010dnu energiju iz sinhrone zone, na \u0161ta je KOSTT odgovorio da je problem na severu Kosova*, podru\u010dju naseljeno sa oko 40.000 Srba, koji odbijaju da ra\u010dune za elektri\u010dnu energiju plate vlastima Kosova*.<\/p>\n<p>Smanjenje frekvencije u odnosu na srednju vrednost uticalo je da elektri\u010dni satovi, koji se upravljaju prema frekvenciji elektroenergetskog sistema, kasne skoro \u0161est minuta.<\/p>\n","protected":false},"excerpt":{"rendered":"<p>Novi program za kompenzaciju, koji su uspostavili operatori prenosnog sistema u sinhronoj zoni Kontinentalna Evropa,&#8230;<\/p>\n","protected":false},"author":23,"featured_media":18377,"comment_status":"open","ping_status":"closed","sticky":false,"template":"","format":"standard","meta":{"_acf_changed":false,"_monsterinsights_skip_tracking":false,"_monsterinsights_sitenote_active":false,"_monsterinsights_sitenote_note":"","_monsterinsights_sitenote_category":0,"footnotes":""},"categories":[504],"tags":[165,1413,832,938],"class_list":["post-18374","post","type-post","status-publish","format-standard","has-post-thumbnail","hentry","category-elektricna-energija","tag-ems","tag-entso-e","tag-kostt","tag-tso","country-regioneu"],"acf":[],"yoast_head":"<!-- This site is optimized with the Yoast SEO plugin v27.4 - https:\/\/yoast.com\/product\/yoast-seo-wordpress\/ -->\n<title>Novi poreme\u0107aji frekvence evropske sinhrone zone zbog spora Srbije i Kosova*<\/title>\n<meta name=\"description\" content=\"Novi program za kompenzaciju, koji su uspostavili operatori prenosnog sistema u sinhronoj zoni Kontinentalna Evropa, automatski je pokrenut 7. jula, kada je odstupanje u mre\u017enom vremenu prekora\u010dilo 60 sekundi, navodi se u saop\u0161tenju Evropske mre\u017ee operatora prenosnih sistema (TSO) za elektri\u010dnu energiju (ENTSO-E), i dodaje da razlog za odstupanja frekvence - politi\u010dki spor izme\u0111u srpske i kosovske vlasti o elektri\u010dnoj energiji - nije re\u0161en.\" \/>\n<meta name=\"robots\" content=\"index, follow, max-snippet:-1, max-image-preview:large, max-video-preview:-1\" \/>\n<link rel=\"canonical\" href=\"https:\/\/balkangreenenergynews.com\/rs\/novi-poremecaji-frekvence-evropske-sinhrone-zone-zbog-spora-srbije-i-kosova\/\" \/>\n<meta property=\"og:locale\" content=\"sr_RS\" \/>\n<meta property=\"og:type\" content=\"article\" \/>\n<meta property=\"og:title\" content=\"Novi poreme\u0107aji frekvence evropske sinhrone zone zbog spora Srbije i Kosova*\" \/>\n<meta property=\"og:description\" content=\"Novi program za kompenzaciju, koji su uspostavili operatori prenosnog sistema u sinhronoj zoni Kontinentalna Evropa, automatski je pokrenut 7. jula, kada je odstupanje u mre\u017enom vremenu prekora\u010dilo 60 sekundi, navodi se u saop\u0161tenju Evropske mre\u017ee operatora prenosnih sistema (TSO) za elektri\u010dnu energiju (ENTSO-E), i dodaje da razlog za odstupanja frekvence - politi\u010dki spor izme\u0111u srpske i kosovske vlasti o elektri\u010dnoj energiji - nije re\u0161en.\" \/>\n<meta property=\"og:url\" content=\"https:\/\/balkangreenenergynews.com\/rs\/novi-poremecaji-frekvence-evropske-sinhrone-zone-zbog-spora-srbije-i-kosova\/\" \/>\n<meta property=\"og:site_name\" content=\"Balkan Green Energy News\" \/>\n<meta property=\"article:published_time\" content=\"2018-07-12T12:51:09+00:00\" \/>\n<meta property=\"article:modified_time\" content=\"2018-11-15T21:32:20+00:00\" \/>\n<meta property=\"og:image\" content=\"https:\/\/balkangreenenergynews.com\/rs\/wp-content\/uploads\/2018\/07\/Frequency-deviations-in-CE-power-system-started-again-EU-TSOs-technical-measures-kicked-of.jpg\" \/>\n\t<meta property=\"og:image:width\" content=\"795\" \/>\n\t<meta property=\"og:image:height\" content=\"407\" \/>\n\t<meta property=\"og:image:type\" content=\"image\/jpeg\" \/>\n<meta name=\"author\" content=\"Vladimir Spasi\u0107\" \/>\n<meta name=\"twitter:card\" content=\"summary_large_image\" \/>\n<meta name=\"twitter:label1\" content=\"\u041d\u0430\u043f\u0438\u0441\u0430\u043d\u043e \u043e\u0434\" \/>\n\t<meta name=\"twitter:data1\" content=\"Vladimir Spasi\u0107\" \/>\n\t<meta name=\"twitter:label2\" content=\"\u041f\u0440\u043e\u0446\u0435\u045a\u0435\u043d\u043e \u0432\u0440\u0435\u043c\u0435 \u0447\u0438\u0442\u0430\u045a\u0430\" \/>\n\t<meta name=\"twitter:data2\" content=\"1 \u043c\u0438\u043d\u0443\u0442\" \/>\n<script type=\"application\/ld+json\" class=\"yoast-schema-graph\">{\"@context\":\"https:\\\/\\\/schema.org\",\"@graph\":[{\"@type\":\"Article\",\"@id\":\"https:\\\/\\\/balkangreenenergynews.com\\\/rs\\\/novi-poremecaji-frekvence-evropske-sinhrone-zone-zbog-spora-srbije-i-kosova\\\/#article\",\"isPartOf\":{\"@id\":\"https:\\\/\\\/balkangreenenergynews.com\\\/rs\\\/novi-poremecaji-frekvence-evropske-sinhrone-zone-zbog-spora-srbije-i-kosova\\\/\"},\"author\":{\"name\":\"Vladimir Spasi\u0107\",\"@id\":\"https:\\\/\\\/balkangreenenergynews.com\\\/rs\\\/#\\\/schema\\\/person\\\/99dc721c46113fea22caffad06ef7317\"},\"headline\":\"Novi poreme\u0107aji frekvence evropske sinhrone zone zbog spora Srbije i Kosova*\",\"datePublished\":\"2018-07-12T12:51:09+00:00\",\"dateModified\":\"2018-11-15T21:32:20+00:00\",\"mainEntityOfPage\":{\"@id\":\"https:\\\/\\\/balkangreenenergynews.com\\\/rs\\\/novi-poremecaji-frekvence-evropske-sinhrone-zone-zbog-spora-srbije-i-kosova\\\/\"},\"wordCount\":266,\"commentCount\":0,\"image\":{\"@id\":\"https:\\\/\\\/balkangreenenergynews.com\\\/rs\\\/novi-poremecaji-frekvence-evropske-sinhrone-zone-zbog-spora-srbije-i-kosova\\\/#primaryimage\"},\"thumbnailUrl\":\"https:\\\/\\\/balkangreenenergynews.com\\\/rs\\\/wp-content\\\/uploads\\\/2018\\\/07\\\/Frequency-deviations-in-CE-power-system-started-again-EU-TSOs-technical-measures-kicked-of.jpg?wsr\",\"keywords\":[\"EMS\",\"ENTSO-E\",\"KOSTT\",\"TSO\"],\"articleSection\":[\"Elektri\u010dna energija\"],\"inLanguage\":\"sr-RS\",\"potentialAction\":[{\"@type\":\"CommentAction\",\"name\":\"Comment\",\"target\":[\"https:\\\/\\\/balkangreenenergynews.com\\\/rs\\\/novi-poremecaji-frekvence-evropske-sinhrone-zone-zbog-spora-srbije-i-kosova\\\/#respond\"]}]},{\"@type\":\"WebPage\",\"@id\":\"https:\\\/\\\/balkangreenenergynews.com\\\/rs\\\/novi-poremecaji-frekvence-evropske-sinhrone-zone-zbog-spora-srbije-i-kosova\\\/\",\"url\":\"https:\\\/\\\/balkangreenenergynews.com\\\/rs\\\/novi-poremecaji-frekvence-evropske-sinhrone-zone-zbog-spora-srbije-i-kosova\\\/\",\"name\":\"Novi poreme\u0107aji frekvence evropske sinhrone zone zbog spora Srbije i Kosova*\",\"isPartOf\":{\"@id\":\"https:\\\/\\\/balkangreenenergynews.com\\\/rs\\\/#website\"},\"primaryImageOfPage\":{\"@id\":\"https:\\\/\\\/balkangreenenergynews.com\\\/rs\\\/novi-poremecaji-frekvence-evropske-sinhrone-zone-zbog-spora-srbije-i-kosova\\\/#primaryimage\"},\"image\":{\"@id\":\"https:\\\/\\\/balkangreenenergynews.com\\\/rs\\\/novi-poremecaji-frekvence-evropske-sinhrone-zone-zbog-spora-srbije-i-kosova\\\/#primaryimage\"},\"thumbnailUrl\":\"https:\\\/\\\/balkangreenenergynews.com\\\/rs\\\/wp-content\\\/uploads\\\/2018\\\/07\\\/Frequency-deviations-in-CE-power-system-started-again-EU-TSOs-technical-measures-kicked-of.jpg?wsr\",\"datePublished\":\"2018-07-12T12:51:09+00:00\",\"dateModified\":\"2018-11-15T21:32:20+00:00\",\"author\":{\"@id\":\"https:\\\/\\\/balkangreenenergynews.com\\\/rs\\\/#\\\/schema\\\/person\\\/99dc721c46113fea22caffad06ef7317\"},\"description\":\"Novi program za kompenzaciju, koji su uspostavili operatori prenosnog sistema u sinhronoj zoni Kontinentalna Evropa, automatski je pokrenut 7. jula, kada je odstupanje u mre\u017enom vremenu prekora\u010dilo 60 sekundi, navodi se u saop\u0161tenju Evropske mre\u017ee operatora prenosnih sistema (TSO) za elektri\u010dnu energiju (ENTSO-E), i dodaje da razlog za odstupanja frekvence - politi\u010dki spor izme\u0111u srpske i kosovske vlasti o elektri\u010dnoj energiji - nije re\u0161en.\",\"breadcrumb\":{\"@id\":\"https:\\\/\\\/balkangreenenergynews.com\\\/rs\\\/novi-poremecaji-frekvence-evropske-sinhrone-zone-zbog-spora-srbije-i-kosova\\\/#breadcrumb\"},\"inLanguage\":\"sr-RS\",\"potentialAction\":[{\"@type\":\"ReadAction\",\"target\":[\"https:\\\/\\\/balkangreenenergynews.com\\\/rs\\\/novi-poremecaji-frekvence-evropske-sinhrone-zone-zbog-spora-srbije-i-kosova\\\/\"]}]},{\"@type\":\"ImageObject\",\"inLanguage\":\"sr-RS\",\"@id\":\"https:\\\/\\\/balkangreenenergynews.com\\\/rs\\\/novi-poremecaji-frekvence-evropske-sinhrone-zone-zbog-spora-srbije-i-kosova\\\/#primaryimage\",\"url\":\"https:\\\/\\\/balkangreenenergynews.com\\\/rs\\\/wp-content\\\/uploads\\\/2018\\\/07\\\/Frequency-deviations-in-CE-power-system-started-again-EU-TSOs-technical-measures-kicked-of.jpg?wsr\",\"contentUrl\":\"https:\\\/\\\/balkangreenenergynews.com\\\/rs\\\/wp-content\\\/uploads\\\/2018\\\/07\\\/Frequency-deviations-in-CE-power-system-started-again-EU-TSOs-technical-measures-kicked-of.jpg?wsr\",\"width\":795,\"height\":407,\"caption\":\"Frequency-deviations-in-CE-power-system-started-again---EU-TSOs-technical-measures-kicked-of\"},{\"@type\":\"BreadcrumbList\",\"@id\":\"https:\\\/\\\/balkangreenenergynews.com\\\/rs\\\/novi-poremecaji-frekvence-evropske-sinhrone-zone-zbog-spora-srbije-i-kosova\\\/#breadcrumb\",\"itemListElement\":[{\"@type\":\"ListItem\",\"position\":1,\"name\":\"Po\u010detna\",\"item\":\"https:\\\/\\\/balkangreenenergynews.com\\\/rs\\\/\"},{\"@type\":\"ListItem\",\"position\":2,\"name\":\"Vesti\",\"item\":\"https:\\\/\\\/balkangreenenergynews.com\\\/rs\\\/kategorija\\\/vesti\\\/\"},{\"@type\":\"ListItem\",\"position\":3,\"name\":\"Elektri\u010dna energija\",\"item\":\"https:\\\/\\\/balkangreenenergynews.com\\\/rs\\\/kategorija\\\/vesti\\\/elektricna-energija\\\/\"},{\"@type\":\"ListItem\",\"position\":4,\"name\":\"Novi poreme\u0107aji frekvence evropske sinhrone zone zbog spora Srbije i Kosova*\"}]},{\"@type\":\"WebSite\",\"@id\":\"https:\\\/\\\/balkangreenenergynews.com\\\/rs\\\/#website\",\"url\":\"https:\\\/\\\/balkangreenenergynews.com\\\/rs\\\/\",\"name\":\"Balkan Green Energy News\",\"description\":\"Naj\u0161iri izbor vesti sa Balkana o zelenoj energiji\",\"potentialAction\":[{\"@type\":\"SearchAction\",\"target\":{\"@type\":\"EntryPoint\",\"urlTemplate\":\"https:\\\/\\\/balkangreenenergynews.com\\\/rs\\\/?s={search_term_string}\"},\"query-input\":{\"@type\":\"PropertyValueSpecification\",\"valueRequired\":true,\"valueName\":\"search_term_string\"}}],\"inLanguage\":\"sr-RS\"},{\"@type\":\"Person\",\"@id\":\"https:\\\/\\\/balkangreenenergynews.com\\\/rs\\\/#\\\/schema\\\/person\\\/99dc721c46113fea22caffad06ef7317\",\"name\":\"Vladimir Spasi\u0107\",\"url\":\"https:\\\/\\\/balkangreenenergynews.com\\\/rs\\\/author\\\/vladimir-spasic\\\/\"}]}<\/script>\n<!-- \/ Yoast SEO plugin. -->","yoast_head_json":{"title":"Novi poreme\u0107aji frekvence evropske sinhrone zone zbog spora Srbije i Kosova*","description":"Novi program za kompenzaciju, koji su uspostavili operatori prenosnog sistema u sinhronoj zoni Kontinentalna Evropa, automatski je pokrenut 7. jula, kada je odstupanje u mre\u017enom vremenu prekora\u010dilo 60 sekundi, navodi se u saop\u0161tenju Evropske mre\u017ee operatora prenosnih sistema (TSO) za elektri\u010dnu energiju (ENTSO-E), i dodaje da razlog za odstupanja frekvence - politi\u010dki spor izme\u0111u srpske i kosovske vlasti o elektri\u010dnoj energiji - nije re\u0161en.","robots":{"index":"index","follow":"follow","max-snippet":"max-snippet:-1","max-image-preview":"max-image-preview:large","max-video-preview":"max-video-preview:-1"},"canonical":"https:\/\/balkangreenenergynews.com\/rs\/novi-poremecaji-frekvence-evropske-sinhrone-zone-zbog-spora-srbije-i-kosova\/","og_locale":"sr_RS","og_type":"article","og_title":"Novi poreme\u0107aji frekvence evropske sinhrone zone zbog spora Srbije i Kosova*","og_description":"Novi program za kompenzaciju, koji su uspostavili operatori prenosnog sistema u sinhronoj zoni Kontinentalna Evropa, automatski je pokrenut 7. jula, kada je odstupanje u mre\u017enom vremenu prekora\u010dilo 60 sekundi, navodi se u saop\u0161tenju Evropske mre\u017ee operatora prenosnih sistema (TSO) za elektri\u010dnu energiju (ENTSO-E), i dodaje da razlog za odstupanja frekvence - politi\u010dki spor izme\u0111u srpske i kosovske vlasti o elektri\u010dnoj energiji - nije re\u0161en.","og_url":"https:\/\/balkangreenenergynews.com\/rs\/novi-poremecaji-frekvence-evropske-sinhrone-zone-zbog-spora-srbije-i-kosova\/","og_site_name":"Balkan Green Energy News","article_published_time":"2018-07-12T12:51:09+00:00","article_modified_time":"2018-11-15T21:32:20+00:00","og_image":[{"width":795,"height":407,"url":"https:\/\/balkangreenenergynews.com\/rs\/wp-content\/uploads\/2018\/07\/Frequency-deviations-in-CE-power-system-started-again-EU-TSOs-technical-measures-kicked-of.jpg","type":"image\/jpeg"}],"author":"Vladimir Spasi\u0107","twitter_card":"summary_large_image","twitter_misc":{"\u041d\u0430\u043f\u0438\u0441\u0430\u043d\u043e \u043e\u0434":"Vladimir Spasi\u0107","\u041f\u0440\u043e\u0446\u0435\u045a\u0435\u043d\u043e \u0432\u0440\u0435\u043c\u0435 \u0447\u0438\u0442\u0430\u045a\u0430":"1 \u043c\u0438\u043d\u0443\u0442"},"schema":{"@context":"https:\/\/schema.org","@graph":[{"@type":"Article","@id":"https:\/\/balkangreenenergynews.com\/rs\/novi-poremecaji-frekvence-evropske-sinhrone-zone-zbog-spora-srbije-i-kosova\/#article","isPartOf":{"@id":"https:\/\/balkangreenenergynews.com\/rs\/novi-poremecaji-frekvence-evropske-sinhrone-zone-zbog-spora-srbije-i-kosova\/"},"author":{"name":"Vladimir Spasi\u0107","@id":"https:\/\/balkangreenenergynews.com\/rs\/#\/schema\/person\/99dc721c46113fea22caffad06ef7317"},"headline":"Novi poreme\u0107aji frekvence evropske sinhrone zone zbog spora Srbije i Kosova*","datePublished":"2018-07-12T12:51:09+00:00","dateModified":"2018-11-15T21:32:20+00:00","mainEntityOfPage":{"@id":"https:\/\/balkangreenenergynews.com\/rs\/novi-poremecaji-frekvence-evropske-sinhrone-zone-zbog-spora-srbije-i-kosova\/"},"wordCount":266,"commentCount":0,"image":{"@id":"https:\/\/balkangreenenergynews.com\/rs\/novi-poremecaji-frekvence-evropske-sinhrone-zone-zbog-spora-srbije-i-kosova\/#primaryimage"},"thumbnailUrl":"https:\/\/balkangreenenergynews.com\/rs\/wp-content\/uploads\/2018\/07\/Frequency-deviations-in-CE-power-system-started-again-EU-TSOs-technical-measures-kicked-of.jpg?wsr","keywords":["EMS","ENTSO-E","KOSTT","TSO"],"articleSection":["Elektri\u010dna energija"],"inLanguage":"sr-RS","potentialAction":[{"@type":"CommentAction","name":"Comment","target":["https:\/\/balkangreenenergynews.com\/rs\/novi-poremecaji-frekvence-evropske-sinhrone-zone-zbog-spora-srbije-i-kosova\/#respond"]}]},{"@type":"WebPage","@id":"https:\/\/balkangreenenergynews.com\/rs\/novi-poremecaji-frekvence-evropske-sinhrone-zone-zbog-spora-srbije-i-kosova\/","url":"https:\/\/balkangreenenergynews.com\/rs\/novi-poremecaji-frekvence-evropske-sinhrone-zone-zbog-spora-srbije-i-kosova\/","name":"Novi poreme\u0107aji frekvence evropske sinhrone zone zbog spora Srbije i Kosova*","isPartOf":{"@id":"https:\/\/balkangreenenergynews.com\/rs\/#website"},"primaryImageOfPage":{"@id":"https:\/\/balkangreenenergynews.com\/rs\/novi-poremecaji-frekvence-evropske-sinhrone-zone-zbog-spora-srbije-i-kosova\/#primaryimage"},"image":{"@id":"https:\/\/balkangreenenergynews.com\/rs\/novi-poremecaji-frekvence-evropske-sinhrone-zone-zbog-spora-srbije-i-kosova\/#primaryimage"},"thumbnailUrl":"https:\/\/balkangreenenergynews.com\/rs\/wp-content\/uploads\/2018\/07\/Frequency-deviations-in-CE-power-system-started-again-EU-TSOs-technical-measures-kicked-of.jpg?wsr","datePublished":"2018-07-12T12:51:09+00:00","dateModified":"2018-11-15T21:32:20+00:00","author":{"@id":"https:\/\/balkangreenenergynews.com\/rs\/#\/schema\/person\/99dc721c46113fea22caffad06ef7317"},"description":"Novi program za kompenzaciju, koji su uspostavili operatori prenosnog sistema u sinhronoj zoni Kontinentalna Evropa, automatski je pokrenut 7. jula, kada je odstupanje u mre\u017enom vremenu prekora\u010dilo 60 sekundi, navodi se u saop\u0161tenju Evropske mre\u017ee operatora prenosnih sistema (TSO) za elektri\u010dnu energiju (ENTSO-E), i dodaje da razlog za odstupanja frekvence - politi\u010dki spor izme\u0111u srpske i kosovske vlasti o elektri\u010dnoj energiji - nije re\u0161en.","breadcrumb":{"@id":"https:\/\/balkangreenenergynews.com\/rs\/novi-poremecaji-frekvence-evropske-sinhrone-zone-zbog-spora-srbije-i-kosova\/#breadcrumb"},"inLanguage":"sr-RS","potentialAction":[{"@type":"ReadAction","target":["https:\/\/balkangreenenergynews.com\/rs\/novi-poremecaji-frekvence-evropske-sinhrone-zone-zbog-spora-srbije-i-kosova\/"]}]},{"@type":"ImageObject","inLanguage":"sr-RS","@id":"https:\/\/balkangreenenergynews.com\/rs\/novi-poremecaji-frekvence-evropske-sinhrone-zone-zbog-spora-srbije-i-kosova\/#primaryimage","url":"https:\/\/balkangreenenergynews.com\/rs\/wp-content\/uploads\/2018\/07\/Frequency-deviations-in-CE-power-system-started-again-EU-TSOs-technical-measures-kicked-of.jpg?wsr","contentUrl":"https:\/\/balkangreenenergynews.com\/rs\/wp-content\/uploads\/2018\/07\/Frequency-deviations-in-CE-power-system-started-again-EU-TSOs-technical-measures-kicked-of.jpg?wsr","width":795,"height":407,"caption":"Frequency-deviations-in-CE-power-system-started-again---EU-TSOs-technical-measures-kicked-of"},{"@type":"BreadcrumbList","@id":"https:\/\/balkangreenenergynews.com\/rs\/novi-poremecaji-frekvence-evropske-sinhrone-zone-zbog-spora-srbije-i-kosova\/#breadcrumb","itemListElement":[{"@type":"ListItem","position":1,"name":"Po\u010detna","item":"https:\/\/balkangreenenergynews.com\/rs\/"},{"@type":"ListItem","position":2,"name":"Vesti","item":"https:\/\/balkangreenenergynews.com\/rs\/kategorija\/vesti\/"},{"@type":"ListItem","position":3,"name":"Elektri\u010dna energija","item":"https:\/\/balkangreenenergynews.com\/rs\/kategorija\/vesti\/elektricna-energija\/"},{"@type":"ListItem","position":4,"name":"Novi poreme\u0107aji frekvence evropske sinhrone zone zbog spora Srbije i Kosova*"}]},{"@type":"WebSite","@id":"https:\/\/balkangreenenergynews.com\/rs\/#website","url":"https:\/\/balkangreenenergynews.com\/rs\/","name":"Balkan Green Energy News","description":"Naj\u0161iri izbor vesti sa Balkana o zelenoj energiji","potentialAction":[{"@type":"SearchAction","target":{"@type":"EntryPoint","urlTemplate":"https:\/\/balkangreenenergynews.com\/rs\/?s={search_term_string}"},"query-input":{"@type":"PropertyValueSpecification","valueRequired":true,"valueName":"search_term_string"}}],"inLanguage":"sr-RS"},{"@type":"Person","@id":"https:\/\/balkangreenenergynews.com\/rs\/#\/schema\/person\/99dc721c46113fea22caffad06ef7317","name":"Vladimir Spasi\u0107","url":"https:\/\/balkangreenenergynews.com\/rs\/author\/vladimir-spasic\/"}]}},"_links":{"self":[{"href":"https:\/\/balkangreenenergynews.com\/rs\/wp-json\/wp\/v2\/posts\/18374","targetHints":{"allow":["GET"]}}],"collection":[{"href":"https:\/\/balkangreenenergynews.com\/rs\/wp-json\/wp\/v2\/posts"}],"about":[{"href":"https:\/\/balkangreenenergynews.com\/rs\/wp-json\/wp\/v2\/types\/post"}],"author":[{"embeddable":true,"href":"https:\/\/balkangreenenergynews.com\/rs\/wp-json\/wp\/v2\/users\/23"}],"replies":[{"embeddable":true,"href":"https:\/\/balkangreenenergynews.com\/rs\/wp-json\/wp\/v2\/comments?post=18374"}],"version-history":[{"count":0,"href":"https:\/\/balkangreenenergynews.com\/rs\/wp-json\/wp\/v2\/posts\/18374\/revisions"}],"wp:featuredmedia":[{"embeddable":true,"href":"https:\/\/balkangreenenergynews.com\/rs\/wp-json\/wp\/v2\/media\/18377"}],"wp:attachment":[{"href":"https:\/\/balkangreenenergynews.com\/rs\/wp-json\/wp\/v2\/media?parent=18374"}],"wp:term":[{"taxonomy":"category","embeddable":true,"href":"https:\/\/balkangreenenergynews.com\/rs\/wp-json\/wp\/v2\/categories?post=18374"},{"taxonomy":"post_tag","embeddable":true,"href":"https:\/\/balkangreenenergynews.com\/rs\/wp-json\/wp\/v2\/tags?post=18374"}],"curies":[{"name":"wp","href":"https:\/\/api.w.org\/{rel}","templated":true}]}}