{"id":18288,"date":"2018-07-05T17:35:34","date_gmt":"2018-07-05T15:35:34","guid":{"rendered":"https:\/\/balkangreenenergynews.com\/rs\/?p=18288"},"modified":"2020-05-09T00:14:49","modified_gmt":"2020-05-08T22:14:49","slug":"posta-slovenije-gen-sklopili-partnerstvo-na-polju-e-mobilnosti-planira-se-potpuna-elektrifikacija-voznog-parka","status":"publish","type":"post","link":"https:\/\/balkangreenenergynews.com\/rs\/posta-slovenije-gen-sklopili-partnerstvo-na-polju-e-mobilnosti-planira-se-potpuna-elektrifikacija-voznog-parka\/","title":{"rendered":"Po\u0161ta Slovenije i GEN-I sklopili partnerstvo na polju e-mobilnosti \u2013 planira se potpuna elektrifikacija voznog parka"},"content":{"rendered":"<h2>Po\u0161ta Slovenije je potpisala ugovor o poslovnoj saradnji na polju e-mobilnosti i zelenih dostavnih re\u0161enja slede\u0107e generacije sa GEN-I, kompanijom koja se bavi trgovinom elektri\u010dnom energijom i gasom, a partnerstvo ima za cilj i potpunu elektrifikaciju voznog parka po\u0161tanskog operatora.<\/h2>\n<p>Partnerstvo na polju e-mobilnosti \u0107e omogu\u0107iti pojedincima i kompanijama da pakete dostavljaju na ekolo\u0161ki prihvatljiv na\u010din, \u0161to \u0107e doprineti pobolj\u0161anju kvaliteta vazduha u centralnim delovima gradova, saop\u0161tila je Po\u0161ta Slovenije i dodala da \u0107e ova usluga biti zasnovana isklju\u010divo na upotrebi elektri\u010dnih vozila, koja \u0107e se snabdevati \u0161to je mogu\u0107e vi\u0161e elektri\u010dnom energijom proizvedenom iz solarnih i drugih izvora bez ugljenika, kao i na razvoju infrastrukture za punjenje elektri\u010dnih vozila i digitalnog biznis modela.<\/p>\n<p>Kroz partnerstvo koje ima za cilj razvoj inovativnih zelenih dostavnih usluga koje jo\u0161 uvek ne postoje na tr\u017ei\u0161tu, Po\u0161ta Slovenije i GEN-I planiraju da zauzmu vode\u0107u poziciju na ovom polju u regionu, navodi se u saop\u0161tenju.<\/p>\n<p>Ugovor su potpisali Boris Novak, generalni direktor Po\u0161te Slovenije, i Robert Golob, CEO kompanije GEN-I.<\/p>\n<p>Uvo\u0111enje ekolo\u0161kih vozila se planira u jo\u0161 jednoj po\u0161tanskoj kompaniji u regionu \u2013 vlada Federacije Bosne i Hercegovine (FBiH) je nedavno usvolija predlog programa javnih investicija od 2019. do 2021. godine, koji izme\u0111u ostalog predvi\u0111a uvo\u0111enje ekolo\u0161kih vozila u BH Po\u0161tu.<\/p>\n","protected":false},"excerpt":{"rendered":"<p>Po\u0161ta Slovenije je potpisala ugovor o poslovnoj saradnji na polju e-mobilnosti i zelenih dostavnih re\u0161enja&#8230;<\/p>\n","protected":false},"author":20,"featured_media":30197,"comment_status":"open","ping_status":"closed","sticky":false,"template":"","format":"standard","meta":{"_acf_changed":false,"_monsterinsights_skip_tracking":false,"_monsterinsights_sitenote_active":false,"_monsterinsights_sitenote_note":"","_monsterinsights_sitenote_category":0,"footnotes":""},"categories":[504,3,7,1],"tags":[1669,707,1173,1174],"class_list":["post-18288","post","type-post","status-publish","format-standard","has-post-thumbnail","hentry","category-elektricna-energija","category-energetska-efikasnost","category-mobilnost","category-obnovljivi-izvori-energije","tag-e-mobilnost","tag-elektricna-vozila","tag-gen-i","tag-robert-golob","country-slovenija"],"acf":[],"yoast_head":"<!-- This site is optimized with the Yoast SEO plugin v27.4 - https:\/\/yoast.com\/product\/yoast-seo-wordpress\/ -->\n<title>Po\u0161ta Slovenije i GEN-I sklopili partnerstvo na polju e-mobilnosti \u2013 planira se potpuna elektrifikacija voznog parka<\/title>\n<meta name=\"description\" content=\"Po\u0161ta Slovenije je potpisala ugovor o poslovnoj saradnji na polju e-mobilnosti i zelenih dostavnih re\u0161enja slede\u0107e generacije sa GEN-I, kompanijom koja se bavi trgovinom elektri\u010dnom energijom i gasom, a partnerstvo ima za cilj i potpunu elektrifikaciju voznog parka po\u0161tanskog operatera.\" \/>\n<meta name=\"robots\" content=\"index, follow, max-snippet:-1, max-image-preview:large, max-video-preview:-1\" \/>\n<link rel=\"canonical\" href=\"https:\/\/balkangreenenergynews.com\/rs\/posta-slovenije-gen-sklopili-partnerstvo-na-polju-e-mobilnosti-planira-se-potpuna-elektrifikacija-voznog-parka\/\" \/>\n<meta property=\"og:locale\" content=\"sr_RS\" \/>\n<meta property=\"og:type\" content=\"article\" \/>\n<meta property=\"og:title\" content=\"Po\u0161ta Slovenije i GEN-I sklopili partnerstvo na polju e-mobilnosti \u2013 planira se potpuna elektrifikacija voznog parka\" \/>\n<meta property=\"og:description\" content=\"Po\u0161ta Slovenije je potpisala ugovor o poslovnoj saradnji na polju e-mobilnosti i zelenih dostavnih re\u0161enja slede\u0107e generacije sa GEN-I, kompanijom koja se bavi trgovinom elektri\u010dnom energijom i gasom, a partnerstvo ima za cilj i potpunu elektrifikaciju voznog parka po\u0161tanskog operatera.\" \/>\n<meta property=\"og:url\" content=\"https:\/\/balkangreenenergynews.com\/rs\/posta-slovenije-gen-sklopili-partnerstvo-na-polju-e-mobilnosti-planira-se-potpuna-elektrifikacija-voznog-parka\/\" \/>\n<meta property=\"og:site_name\" content=\"Balkan Green Energy News\" \/>\n<meta property=\"article:published_time\" content=\"2018-07-05T15:35:34+00:00\" \/>\n<meta property=\"article:modified_time\" content=\"2020-05-08T22:14:49+00:00\" \/>\n<meta property=\"og:image\" content=\"https:\/\/balkangreenenergynews.com\/rs\/wp-content\/uploads\/2018\/07\/Posta-Slovenije-i-GEN-I-sklopili-partnerstvo-na-polju-e-mobilnosti-\u2013-planira-se-potpuna-elektrifikacija-voznog-parka.jpg\" \/>\n\t<meta property=\"og:image:width\" content=\"795\" \/>\n\t<meta property=\"og:image:height\" content=\"407\" \/>\n\t<meta property=\"og:image:type\" content=\"image\/jpeg\" \/>\n<meta name=\"author\" content=\"Svetlana Jovanovi\u0107\" \/>\n<meta name=\"twitter:card\" content=\"summary_large_image\" \/>\n<meta name=\"twitter:label1\" content=\"\u041d\u0430\u043f\u0438\u0441\u0430\u043d\u043e \u043e\u0434\" \/>\n\t<meta name=\"twitter:data1\" content=\"Svetlana Jovanovi\u0107\" \/>\n\t<meta name=\"twitter:label2\" content=\"\u041f\u0440\u043e\u0446\u0435\u045a\u0435\u043d\u043e \u0432\u0440\u0435\u043c\u0435 \u0447\u0438\u0442\u0430\u045a\u0430\" \/>\n\t<meta name=\"twitter:data2\" content=\"1 \u043c\u0438\u043d\u0443\u0442\" \/>\n<script type=\"application\/ld+json\" class=\"yoast-schema-graph\">{\"@context\":\"https:\\\/\\\/schema.org\",\"@graph\":[{\"@type\":\"Article\",\"@id\":\"https:\\\/\\\/balkangreenenergynews.com\\\/rs\\\/posta-slovenije-gen-sklopili-partnerstvo-na-polju-e-mobilnosti-planira-se-potpuna-elektrifikacija-voznog-parka\\\/#article\",\"isPartOf\":{\"@id\":\"https:\\\/\\\/balkangreenenergynews.com\\\/rs\\\/posta-slovenije-gen-sklopili-partnerstvo-na-polju-e-mobilnosti-planira-se-potpuna-elektrifikacija-voznog-parka\\\/\"},\"author\":{\"name\":\"Svetlana Jovanovi\u0107\",\"@id\":\"https:\\\/\\\/balkangreenenergynews.com\\\/rs\\\/#\\\/schema\\\/person\\\/82b991c6efaf6b462e01800c17da5ae9\"},\"headline\":\"Po\u0161ta Slovenije i GEN-I sklopili partnerstvo na polju e-mobilnosti \u2013 planira se potpuna elektrifikacija voznog parka\",\"datePublished\":\"2018-07-05T15:35:34+00:00\",\"dateModified\":\"2020-05-08T22:14:49+00:00\",\"mainEntityOfPage\":{\"@id\":\"https:\\\/\\\/balkangreenenergynews.com\\\/rs\\\/posta-slovenije-gen-sklopili-partnerstvo-na-polju-e-mobilnosti-planira-se-potpuna-elektrifikacija-voznog-parka\\\/\"},\"wordCount\":250,\"commentCount\":0,\"image\":{\"@id\":\"https:\\\/\\\/balkangreenenergynews.com\\\/rs\\\/posta-slovenije-gen-sklopili-partnerstvo-na-polju-e-mobilnosti-planira-se-potpuna-elektrifikacija-voznog-parka\\\/#primaryimage\"},\"thumbnailUrl\":\"https:\\\/\\\/balkangreenenergynews.com\\\/rs\\\/wp-content\\\/uploads\\\/2018\\\/07\\\/Posta-Slovenije-i-GEN-I-sklopili-partnerstvo-na-polju-e-mobilnosti-\u2013-planira-se-potpuna-elektrifikacija-voznog-parka.jpg?wsr\",\"keywords\":[\"e-mobilnost\",\"elektri\u010dna vozila\",\"GEN-I\",\"Robert Golob\"],\"articleSection\":[\"Elektri\u010dna energija\",\"Energetska efikasnost\",\"Mobilnost\",\"OIE\"],\"inLanguage\":\"sr-RS\",\"potentialAction\":[{\"@type\":\"CommentAction\",\"name\":\"Comment\",\"target\":[\"https:\\\/\\\/balkangreenenergynews.com\\\/rs\\\/posta-slovenije-gen-sklopili-partnerstvo-na-polju-e-mobilnosti-planira-se-potpuna-elektrifikacija-voznog-parka\\\/#respond\"]}]},{\"@type\":\"WebPage\",\"@id\":\"https:\\\/\\\/balkangreenenergynews.com\\\/rs\\\/posta-slovenije-gen-sklopili-partnerstvo-na-polju-e-mobilnosti-planira-se-potpuna-elektrifikacija-voznog-parka\\\/\",\"url\":\"https:\\\/\\\/balkangreenenergynews.com\\\/rs\\\/posta-slovenije-gen-sklopili-partnerstvo-na-polju-e-mobilnosti-planira-se-potpuna-elektrifikacija-voznog-parka\\\/\",\"name\":\"Po\u0161ta Slovenije i GEN-I sklopili partnerstvo na polju e-mobilnosti \u2013 planira se potpuna elektrifikacija voznog parka\",\"isPartOf\":{\"@id\":\"https:\\\/\\\/balkangreenenergynews.com\\\/rs\\\/#website\"},\"primaryImageOfPage\":{\"@id\":\"https:\\\/\\\/balkangreenenergynews.com\\\/rs\\\/posta-slovenije-gen-sklopili-partnerstvo-na-polju-e-mobilnosti-planira-se-potpuna-elektrifikacija-voznog-parka\\\/#primaryimage\"},\"image\":{\"@id\":\"https:\\\/\\\/balkangreenenergynews.com\\\/rs\\\/posta-slovenije-gen-sklopili-partnerstvo-na-polju-e-mobilnosti-planira-se-potpuna-elektrifikacija-voznog-parka\\\/#primaryimage\"},\"thumbnailUrl\":\"https:\\\/\\\/balkangreenenergynews.com\\\/rs\\\/wp-content\\\/uploads\\\/2018\\\/07\\\/Posta-Slovenije-i-GEN-I-sklopili-partnerstvo-na-polju-e-mobilnosti-\u2013-planira-se-potpuna-elektrifikacija-voznog-parka.jpg?wsr\",\"datePublished\":\"2018-07-05T15:35:34+00:00\",\"dateModified\":\"2020-05-08T22:14:49+00:00\",\"author\":{\"@id\":\"https:\\\/\\\/balkangreenenergynews.com\\\/rs\\\/#\\\/schema\\\/person\\\/82b991c6efaf6b462e01800c17da5ae9\"},\"description\":\"Po\u0161ta Slovenije je potpisala ugovor o poslovnoj saradnji na polju e-mobilnosti i zelenih dostavnih re\u0161enja slede\u0107e generacije sa GEN-I, kompanijom koja se bavi trgovinom elektri\u010dnom energijom i gasom, a partnerstvo ima za cilj i potpunu elektrifikaciju voznog parka po\u0161tanskog operatera.\",\"breadcrumb\":{\"@id\":\"https:\\\/\\\/balkangreenenergynews.com\\\/rs\\\/posta-slovenije-gen-sklopili-partnerstvo-na-polju-e-mobilnosti-planira-se-potpuna-elektrifikacija-voznog-parka\\\/#breadcrumb\"},\"inLanguage\":\"sr-RS\",\"potentialAction\":[{\"@type\":\"ReadAction\",\"target\":[\"https:\\\/\\\/balkangreenenergynews.com\\\/rs\\\/posta-slovenije-gen-sklopili-partnerstvo-na-polju-e-mobilnosti-planira-se-potpuna-elektrifikacija-voznog-parka\\\/\"]}]},{\"@type\":\"ImageObject\",\"inLanguage\":\"sr-RS\",\"@id\":\"https:\\\/\\\/balkangreenenergynews.com\\\/rs\\\/posta-slovenije-gen-sklopili-partnerstvo-na-polju-e-mobilnosti-planira-se-potpuna-elektrifikacija-voznog-parka\\\/#primaryimage\",\"url\":\"https:\\\/\\\/balkangreenenergynews.com\\\/rs\\\/wp-content\\\/uploads\\\/2018\\\/07\\\/Posta-Slovenije-i-GEN-I-sklopili-partnerstvo-na-polju-e-mobilnosti-\u2013-planira-se-potpuna-elektrifikacija-voznog-parka.jpg?wsr\",\"contentUrl\":\"https:\\\/\\\/balkangreenenergynews.com\\\/rs\\\/wp-content\\\/uploads\\\/2018\\\/07\\\/Posta-Slovenije-i-GEN-I-sklopili-partnerstvo-na-polju-e-mobilnosti-\u2013-planira-se-potpuna-elektrifikacija-voznog-parka.jpg?wsr\",\"width\":795,\"height\":407,\"caption\":\"Posta-Slovenije-i-GEN-I-sklopili-partnerstvo-na-polju-e-mobilnosti-\u2013-planira-se-potpuna-elektrifikacija-voznog-parka\"},{\"@type\":\"BreadcrumbList\",\"@id\":\"https:\\\/\\\/balkangreenenergynews.com\\\/rs\\\/posta-slovenije-gen-sklopili-partnerstvo-na-polju-e-mobilnosti-planira-se-potpuna-elektrifikacija-voznog-parka\\\/#breadcrumb\",\"itemListElement\":[{\"@type\":\"ListItem\",\"position\":1,\"name\":\"Po\u010detna\",\"item\":\"https:\\\/\\\/balkangreenenergynews.com\\\/rs\\\/\"},{\"@type\":\"ListItem\",\"position\":2,\"name\":\"Vesti\",\"item\":\"https:\\\/\\\/balkangreenenergynews.com\\\/rs\\\/kategorija\\\/vesti\\\/\"},{\"@type\":\"ListItem\",\"position\":3,\"name\":\"Mobilnost\",\"item\":\"https:\\\/\\\/balkangreenenergynews.com\\\/rs\\\/kategorija\\\/vesti\\\/mobilnost\\\/\"},{\"@type\":\"ListItem\",\"position\":4,\"name\":\"Po\u0161ta Slovenije i GEN-I sklopili partnerstvo na polju e-mobilnosti \u2013 planira se potpuna elektrifikacija voznog parka\"}]},{\"@type\":\"WebSite\",\"@id\":\"https:\\\/\\\/balkangreenenergynews.com\\\/rs\\\/#website\",\"url\":\"https:\\\/\\\/balkangreenenergynews.com\\\/rs\\\/\",\"name\":\"Balkan Green Energy News\",\"description\":\"Naj\u0161iri izbor vesti sa Balkana o zelenoj energiji\",\"potentialAction\":[{\"@type\":\"SearchAction\",\"target\":{\"@type\":\"EntryPoint\",\"urlTemplate\":\"https:\\\/\\\/balkangreenenergynews.com\\\/rs\\\/?s={search_term_string}\"},\"query-input\":{\"@type\":\"PropertyValueSpecification\",\"valueRequired\":true,\"valueName\":\"search_term_string\"}}],\"inLanguage\":\"sr-RS\"},{\"@type\":\"Person\",\"@id\":\"https:\\\/\\\/balkangreenenergynews.com\\\/rs\\\/#\\\/schema\\\/person\\\/82b991c6efaf6b462e01800c17da5ae9\",\"name\":\"Svetlana Jovanovi\u0107\",\"description\":\"Nakon 15 godina pisanja i ure\u0111ivanja finansijskih &amp; biznis vesti, Svetlana se od 2018. godine fokusira na teme \u017eivotne sredine i odr\u017eivog razvoja. #BeatPlasticPollution je njen omiljeni hashtag.\",\"sameAs\":[\"https:\\\/\\\/www.linkedin.com\\\/in\\\/svetlana-jovanovic-4741814b\\\/\"],\"url\":\"https:\\\/\\\/balkangreenenergynews.com\\\/rs\\\/author\\\/svetlana-jovanovic\\\/\"}]}<\/script>\n<!-- \/ Yoast SEO plugin. -->","yoast_head_json":{"title":"Po\u0161ta Slovenije i GEN-I sklopili partnerstvo na polju e-mobilnosti \u2013 planira se potpuna elektrifikacija voznog parka","description":"Po\u0161ta Slovenije je potpisala ugovor o poslovnoj saradnji na polju e-mobilnosti i zelenih dostavnih re\u0161enja slede\u0107e generacije sa GEN-I, kompanijom koja se bavi trgovinom elektri\u010dnom energijom i gasom, a partnerstvo ima za cilj i potpunu elektrifikaciju voznog parka po\u0161tanskog operatera.","robots":{"index":"index","follow":"follow","max-snippet":"max-snippet:-1","max-image-preview":"max-image-preview:large","max-video-preview":"max-video-preview:-1"},"canonical":"https:\/\/balkangreenenergynews.com\/rs\/posta-slovenije-gen-sklopili-partnerstvo-na-polju-e-mobilnosti-planira-se-potpuna-elektrifikacija-voznog-parka\/","og_locale":"sr_RS","og_type":"article","og_title":"Po\u0161ta Slovenije i GEN-I sklopili partnerstvo na polju e-mobilnosti \u2013 planira se potpuna elektrifikacija voznog parka","og_description":"Po\u0161ta Slovenije je potpisala ugovor o poslovnoj saradnji na polju e-mobilnosti i zelenih dostavnih re\u0161enja slede\u0107e generacije sa GEN-I, kompanijom koja se bavi trgovinom elektri\u010dnom energijom i gasom, a partnerstvo ima za cilj i potpunu elektrifikaciju voznog parka po\u0161tanskog operatera.","og_url":"https:\/\/balkangreenenergynews.com\/rs\/posta-slovenije-gen-sklopili-partnerstvo-na-polju-e-mobilnosti-planira-se-potpuna-elektrifikacija-voznog-parka\/","og_site_name":"Balkan Green Energy News","article_published_time":"2018-07-05T15:35:34+00:00","article_modified_time":"2020-05-08T22:14:49+00:00","og_image":[{"width":795,"height":407,"url":"https:\/\/balkangreenenergynews.com\/rs\/wp-content\/uploads\/2018\/07\/Posta-Slovenije-i-GEN-I-sklopili-partnerstvo-na-polju-e-mobilnosti-\u2013-planira-se-potpuna-elektrifikacija-voznog-parka.jpg","type":"image\/jpeg"}],"author":"Svetlana Jovanovi\u0107","twitter_card":"summary_large_image","twitter_misc":{"\u041d\u0430\u043f\u0438\u0441\u0430\u043d\u043e \u043e\u0434":"Svetlana Jovanovi\u0107","\u041f\u0440\u043e\u0446\u0435\u045a\u0435\u043d\u043e \u0432\u0440\u0435\u043c\u0435 \u0447\u0438\u0442\u0430\u045a\u0430":"1 \u043c\u0438\u043d\u0443\u0442"},"schema":{"@context":"https:\/\/schema.org","@graph":[{"@type":"Article","@id":"https:\/\/balkangreenenergynews.com\/rs\/posta-slovenije-gen-sklopili-partnerstvo-na-polju-e-mobilnosti-planira-se-potpuna-elektrifikacija-voznog-parka\/#article","isPartOf":{"@id":"https:\/\/balkangreenenergynews.com\/rs\/posta-slovenije-gen-sklopili-partnerstvo-na-polju-e-mobilnosti-planira-se-potpuna-elektrifikacija-voznog-parka\/"},"author":{"name":"Svetlana Jovanovi\u0107","@id":"https:\/\/balkangreenenergynews.com\/rs\/#\/schema\/person\/82b991c6efaf6b462e01800c17da5ae9"},"headline":"Po\u0161ta Slovenije i GEN-I sklopili partnerstvo na polju e-mobilnosti \u2013 planira se potpuna elektrifikacija voznog parka","datePublished":"2018-07-05T15:35:34+00:00","dateModified":"2020-05-08T22:14:49+00:00","mainEntityOfPage":{"@id":"https:\/\/balkangreenenergynews.com\/rs\/posta-slovenije-gen-sklopili-partnerstvo-na-polju-e-mobilnosti-planira-se-potpuna-elektrifikacija-voznog-parka\/"},"wordCount":250,"commentCount":0,"image":{"@id":"https:\/\/balkangreenenergynews.com\/rs\/posta-slovenije-gen-sklopili-partnerstvo-na-polju-e-mobilnosti-planira-se-potpuna-elektrifikacija-voznog-parka\/#primaryimage"},"thumbnailUrl":"https:\/\/balkangreenenergynews.com\/rs\/wp-content\/uploads\/2018\/07\/Posta-Slovenije-i-GEN-I-sklopili-partnerstvo-na-polju-e-mobilnosti-\u2013-planira-se-potpuna-elektrifikacija-voznog-parka.jpg?wsr","keywords":["e-mobilnost","elektri\u010dna vozila","GEN-I","Robert Golob"],"articleSection":["Elektri\u010dna energija","Energetska efikasnost","Mobilnost","OIE"],"inLanguage":"sr-RS","potentialAction":[{"@type":"CommentAction","name":"Comment","target":["https:\/\/balkangreenenergynews.com\/rs\/posta-slovenije-gen-sklopili-partnerstvo-na-polju-e-mobilnosti-planira-se-potpuna-elektrifikacija-voznog-parka\/#respond"]}]},{"@type":"WebPage","@id":"https:\/\/balkangreenenergynews.com\/rs\/posta-slovenije-gen-sklopili-partnerstvo-na-polju-e-mobilnosti-planira-se-potpuna-elektrifikacija-voznog-parka\/","url":"https:\/\/balkangreenenergynews.com\/rs\/posta-slovenije-gen-sklopili-partnerstvo-na-polju-e-mobilnosti-planira-se-potpuna-elektrifikacija-voznog-parka\/","name":"Po\u0161ta Slovenije i GEN-I sklopili partnerstvo na polju e-mobilnosti \u2013 planira se potpuna elektrifikacija voznog parka","isPartOf":{"@id":"https:\/\/balkangreenenergynews.com\/rs\/#website"},"primaryImageOfPage":{"@id":"https:\/\/balkangreenenergynews.com\/rs\/posta-slovenije-gen-sklopili-partnerstvo-na-polju-e-mobilnosti-planira-se-potpuna-elektrifikacija-voznog-parka\/#primaryimage"},"image":{"@id":"https:\/\/balkangreenenergynews.com\/rs\/posta-slovenije-gen-sklopili-partnerstvo-na-polju-e-mobilnosti-planira-se-potpuna-elektrifikacija-voznog-parka\/#primaryimage"},"thumbnailUrl":"https:\/\/balkangreenenergynews.com\/rs\/wp-content\/uploads\/2018\/07\/Posta-Slovenije-i-GEN-I-sklopili-partnerstvo-na-polju-e-mobilnosti-\u2013-planira-se-potpuna-elektrifikacija-voznog-parka.jpg?wsr","datePublished":"2018-07-05T15:35:34+00:00","dateModified":"2020-05-08T22:14:49+00:00","author":{"@id":"https:\/\/balkangreenenergynews.com\/rs\/#\/schema\/person\/82b991c6efaf6b462e01800c17da5ae9"},"description":"Po\u0161ta Slovenije je potpisala ugovor o poslovnoj saradnji na polju e-mobilnosti i zelenih dostavnih re\u0161enja slede\u0107e generacije sa GEN-I, kompanijom koja se bavi trgovinom elektri\u010dnom energijom i gasom, a partnerstvo ima za cilj i potpunu elektrifikaciju voznog parka po\u0161tanskog operatera.","breadcrumb":{"@id":"https:\/\/balkangreenenergynews.com\/rs\/posta-slovenije-gen-sklopili-partnerstvo-na-polju-e-mobilnosti-planira-se-potpuna-elektrifikacija-voznog-parka\/#breadcrumb"},"inLanguage":"sr-RS","potentialAction":[{"@type":"ReadAction","target":["https:\/\/balkangreenenergynews.com\/rs\/posta-slovenije-gen-sklopili-partnerstvo-na-polju-e-mobilnosti-planira-se-potpuna-elektrifikacija-voznog-parka\/"]}]},{"@type":"ImageObject","inLanguage":"sr-RS","@id":"https:\/\/balkangreenenergynews.com\/rs\/posta-slovenije-gen-sklopili-partnerstvo-na-polju-e-mobilnosti-planira-se-potpuna-elektrifikacija-voznog-parka\/#primaryimage","url":"https:\/\/balkangreenenergynews.com\/rs\/wp-content\/uploads\/2018\/07\/Posta-Slovenije-i-GEN-I-sklopili-partnerstvo-na-polju-e-mobilnosti-\u2013-planira-se-potpuna-elektrifikacija-voznog-parka.jpg?wsr","contentUrl":"https:\/\/balkangreenenergynews.com\/rs\/wp-content\/uploads\/2018\/07\/Posta-Slovenije-i-GEN-I-sklopili-partnerstvo-na-polju-e-mobilnosti-\u2013-planira-se-potpuna-elektrifikacija-voznog-parka.jpg?wsr","width":795,"height":407,"caption":"Posta-Slovenije-i-GEN-I-sklopili-partnerstvo-na-polju-e-mobilnosti-\u2013-planira-se-potpuna-elektrifikacija-voznog-parka"},{"@type":"BreadcrumbList","@id":"https:\/\/balkangreenenergynews.com\/rs\/posta-slovenije-gen-sklopili-partnerstvo-na-polju-e-mobilnosti-planira-se-potpuna-elektrifikacija-voznog-parka\/#breadcrumb","itemListElement":[{"@type":"ListItem","position":1,"name":"Po\u010detna","item":"https:\/\/balkangreenenergynews.com\/rs\/"},{"@type":"ListItem","position":2,"name":"Vesti","item":"https:\/\/balkangreenenergynews.com\/rs\/kategorija\/vesti\/"},{"@type":"ListItem","position":3,"name":"Mobilnost","item":"https:\/\/balkangreenenergynews.com\/rs\/kategorija\/vesti\/mobilnost\/"},{"@type":"ListItem","position":4,"name":"Po\u0161ta Slovenije i GEN-I sklopili partnerstvo na polju e-mobilnosti \u2013 planira se potpuna elektrifikacija voznog parka"}]},{"@type":"WebSite","@id":"https:\/\/balkangreenenergynews.com\/rs\/#website","url":"https:\/\/balkangreenenergynews.com\/rs\/","name":"Balkan Green Energy News","description":"Naj\u0161iri izbor vesti sa Balkana o zelenoj energiji","potentialAction":[{"@type":"SearchAction","target":{"@type":"EntryPoint","urlTemplate":"https:\/\/balkangreenenergynews.com\/rs\/?s={search_term_string}"},"query-input":{"@type":"PropertyValueSpecification","valueRequired":true,"valueName":"search_term_string"}}],"inLanguage":"sr-RS"},{"@type":"Person","@id":"https:\/\/balkangreenenergynews.com\/rs\/#\/schema\/person\/82b991c6efaf6b462e01800c17da5ae9","name":"Svetlana Jovanovi\u0107","description":"Nakon 15 godina pisanja i ure\u0111ivanja finansijskih &amp; biznis vesti, Svetlana se od 2018. godine fokusira na teme \u017eivotne sredine i odr\u017eivog razvoja. #BeatPlasticPollution je njen omiljeni hashtag.","sameAs":["https:\/\/www.linkedin.com\/in\/svetlana-jovanovic-4741814b\/"],"url":"https:\/\/balkangreenenergynews.com\/rs\/author\/svetlana-jovanovic\/"}]}},"_links":{"self":[{"href":"https:\/\/balkangreenenergynews.com\/rs\/wp-json\/wp\/v2\/posts\/18288","targetHints":{"allow":["GET"]}}],"collection":[{"href":"https:\/\/balkangreenenergynews.com\/rs\/wp-json\/wp\/v2\/posts"}],"about":[{"href":"https:\/\/balkangreenenergynews.com\/rs\/wp-json\/wp\/v2\/types\/post"}],"author":[{"embeddable":true,"href":"https:\/\/balkangreenenergynews.com\/rs\/wp-json\/wp\/v2\/users\/20"}],"replies":[{"embeddable":true,"href":"https:\/\/balkangreenenergynews.com\/rs\/wp-json\/wp\/v2\/comments?post=18288"}],"version-history":[{"count":0,"href":"https:\/\/balkangreenenergynews.com\/rs\/wp-json\/wp\/v2\/posts\/18288\/revisions"}],"wp:featuredmedia":[{"embeddable":true,"href":"https:\/\/balkangreenenergynews.com\/rs\/wp-json\/wp\/v2\/media\/30197"}],"wp:attachment":[{"href":"https:\/\/balkangreenenergynews.com\/rs\/wp-json\/wp\/v2\/media?parent=18288"}],"wp:term":[{"taxonomy":"category","embeddable":true,"href":"https:\/\/balkangreenenergynews.com\/rs\/wp-json\/wp\/v2\/categories?post=18288"},{"taxonomy":"post_tag","embeddable":true,"href":"https:\/\/balkangreenenergynews.com\/rs\/wp-json\/wp\/v2\/tags?post=18288"}],"curies":[{"name":"wp","href":"https:\/\/api.w.org\/{rel}","templated":true}]}}