{"id":18249,"date":"2018-07-04T12:26:03","date_gmt":"2018-07-04T10:26:03","guid":{"rendered":"https:\/\/balkangreenenergynews.com\/rs\/?p=18249"},"modified":"2020-05-09T00:08:58","modified_gmt":"2020-05-08T22:08:58","slug":"u-crnoj-gori-pocela-postepena-zabrana-energetski-neefikasnih-klasicnih-sijalica","status":"publish","type":"post","link":"https:\/\/balkangreenenergynews.com\/rs\/u-crnoj-gori-pocela-postepena-zabrana-energetski-neefikasnih-klasicnih-sijalica\/","title":{"rendered":"U Crnoj Gori po\u010dela postepena zabrana energetski neefikasnih klasi\u010dnih sijalica"},"content":{"rendered":"<h2>Crna Gora je uvela postepenu zabranu klasi\u010dnih sijalica sa u\u017earenim vlaknom, koja se sada primenjuje na sijalice snage 100W i ve\u0107e. Zabrana je deo novog pravnog okvira kojim se ure\u0111uje uvo\u0111enje zahteva Evropske unije za eko dizajn odre\u0111enih grupa proizvoda koji uti\u010du na potro\u0161nju energije.<\/h2>\n<p>Pravilnikom koji je stupio na snagu 1. jula \u0107e se postepeno potpuno zabraniti klasi\u010dne sijalice sa u\u017earenim vlaknom (\u017earulje) u cilju podsticanja upotrebe energetski efikasnije rasvete. Trgovcima je dozvoljeno da rasprodaju postoje\u0107e zalihe klasi\u010dnih sijalica snage 100W i ve\u0107e, ali nije dozvoljen njihov dalji uvoz i prodaja. Zabrana \u0107e va\u017eiti za sijalice snage 75W i ve\u0107e od 1. januara 2019. godine, a za sijalice snage 60W i ve\u0107e od 1. jula 2019. godine, saop\u0161tilo je Ministarstvo ekonomije.<\/p>\n<p>Potpuna zabrana svih klasi\u010dnih sijalica sa u\u017earenim vlaknom stupa na snagu 1. januara 2020. godine.<\/p>\n<p>Crna Gora novim propisom primenjuje pravila EU, koja je sprovela istu zabranu zaklju\u010dno sa 2012. godinom, sa ciljem da posledi\u010dna u\u0161teda elektri\u010dne energije dostigne 39 TWh godi\u0161nje do 2020. godine.<\/p>\n<p>Pomenuti pravilnik je jedan od 16 propisa kojim se uvode zahtevi za eko-dizajn odre\u0111enih grupa proizvoda koji uti\u010du na potro\u0161nju energije, kao \u0161to su rashladni ure\u0111aji i ure\u0111aji za klimatizaciju, ma\u0161ine za pranje i su\u0161enje ve\u0161a, ma\u0161ine za pranje posu\u0111a i televizori.<\/p>\n<p>Uspostavljanje pravnog okvira kojim se ure\u0111uje uvo\u0111enje zahteva za eko-dizajn i ozna\u010davanje energetske efikasnosti (energetska klasa ure\u0111aja) proizvoda podr\u017eano je od strane nema\u010dke organizacije za me\u0111unarodnu saradnju GIZ i Evropske banke za rekonstrukciju i razvoj (EBRD), saop\u0161tilo je Ministarstvo ekonomije.<\/p>\n","protected":false},"excerpt":{"rendered":"<p>Crna Gora je uvela postepenu zabranu klasi\u010dnih sijalica sa u\u017earenim vlaknom, koja se sada primenjuje&#8230;<\/p>\n","protected":false},"author":20,"featured_media":30186,"comment_status":"open","ping_status":"closed","sticky":false,"template":"","format":"standard","meta":{"_acf_changed":false,"_monsterinsights_skip_tracking":false,"_monsterinsights_sitenote_active":false,"_monsterinsights_sitenote_note":"","_monsterinsights_sitenote_category":0,"footnotes":""},"categories":[3,4],"tags":[146,225],"class_list":["post-18249","post","type-post","status-publish","format-standard","has-post-thumbnail","hentry","category-energetska-efikasnost","category-zivotna-sredina","tag-ebrd","tag-giz","country-crna-gora"],"acf":[],"yoast_head":"<!-- This site is optimized with the Yoast SEO plugin v27.4 - https:\/\/yoast.com\/product\/yoast-seo-wordpress\/ -->\n<title>U Crnoj Gori po\u010dela postepena zabrana energetski neefikasnih klasi\u010dnih sijalica<\/title>\n<meta name=\"description\" content=\"Crna Gora je uvela postepenu zabranu klasi\u010dnih sijalica sa u\u017earenim vlaknom, koja se sada primenjuje na sijalice snage 100W i ve\u0107e, u sklopu novog pravnog okvira kojim se ure\u0111uje uvo\u0111enje zahteva Evropske unije za eko dizajn odre\u0111enih grupa proizvoda koji uti\u010du na potro\u0161nju energije.\" \/>\n<meta name=\"robots\" content=\"index, follow, max-snippet:-1, max-image-preview:large, max-video-preview:-1\" \/>\n<link rel=\"canonical\" href=\"https:\/\/balkangreenenergynews.com\/rs\/u-crnoj-gori-pocela-postepena-zabrana-energetski-neefikasnih-klasicnih-sijalica\/\" \/>\n<meta property=\"og:locale\" content=\"sr_RS\" \/>\n<meta property=\"og:type\" content=\"article\" \/>\n<meta property=\"og:title\" content=\"U Crnoj Gori po\u010dela postepena zabrana energetski neefikasnih klasi\u010dnih sijalica\" \/>\n<meta property=\"og:description\" content=\"Crna Gora je uvela postepenu zabranu klasi\u010dnih sijalica sa u\u017earenim vlaknom, koja se sada primenjuje na sijalice snage 100W i ve\u0107e, u sklopu novog pravnog okvira kojim se ure\u0111uje uvo\u0111enje zahteva Evropske unije za eko dizajn odre\u0111enih grupa proizvoda koji uti\u010du na potro\u0161nju energije.\" \/>\n<meta property=\"og:url\" content=\"https:\/\/balkangreenenergynews.com\/rs\/u-crnoj-gori-pocela-postepena-zabrana-energetski-neefikasnih-klasicnih-sijalica\/\" \/>\n<meta property=\"og:site_name\" content=\"Balkan Green Energy News\" \/>\n<meta property=\"article:published_time\" content=\"2018-07-04T10:26:03+00:00\" \/>\n<meta property=\"article:modified_time\" content=\"2020-05-08T22:08:58+00:00\" \/>\n<meta property=\"og:image\" content=\"https:\/\/balkangreenenergynews.com\/rs\/wp-content\/uploads\/2018\/07\/U-Crnoj-Gori-pocela-postepena-zabrana-energetski-neefikasnih-klasicnih-sijalica.jpg\" \/>\n\t<meta property=\"og:image:width\" content=\"1024\" \/>\n\t<meta property=\"og:image:height\" content=\"524\" \/>\n\t<meta property=\"og:image:type\" content=\"image\/jpeg\" \/>\n<meta name=\"author\" content=\"Svetlana Jovanovi\u0107\" \/>\n<meta name=\"twitter:card\" content=\"summary_large_image\" \/>\n<meta name=\"twitter:label1\" content=\"\u041d\u0430\u043f\u0438\u0441\u0430\u043d\u043e \u043e\u0434\" \/>\n\t<meta name=\"twitter:data1\" content=\"Svetlana Jovanovi\u0107\" \/>\n\t<meta name=\"twitter:label2\" content=\"\u041f\u0440\u043e\u0446\u0435\u045a\u0435\u043d\u043e \u0432\u0440\u0435\u043c\u0435 \u0447\u0438\u0442\u0430\u045a\u0430\" \/>\n\t<meta name=\"twitter:data2\" content=\"1 \u043c\u0438\u043d\u0443\u0442\" \/>\n<script type=\"application\/ld+json\" class=\"yoast-schema-graph\">{\"@context\":\"https:\\\/\\\/schema.org\",\"@graph\":[{\"@type\":\"Article\",\"@id\":\"https:\\\/\\\/balkangreenenergynews.com\\\/rs\\\/u-crnoj-gori-pocela-postepena-zabrana-energetski-neefikasnih-klasicnih-sijalica\\\/#article\",\"isPartOf\":{\"@id\":\"https:\\\/\\\/balkangreenenergynews.com\\\/rs\\\/u-crnoj-gori-pocela-postepena-zabrana-energetski-neefikasnih-klasicnih-sijalica\\\/\"},\"author\":{\"name\":\"Svetlana Jovanovi\u0107\",\"@id\":\"https:\\\/\\\/balkangreenenergynews.com\\\/rs\\\/#\\\/schema\\\/person\\\/82b991c6efaf6b462e01800c17da5ae9\"},\"headline\":\"U Crnoj Gori po\u010dela postepena zabrana energetski neefikasnih klasi\u010dnih sijalica\",\"datePublished\":\"2018-07-04T10:26:03+00:00\",\"dateModified\":\"2020-05-08T22:08:58+00:00\",\"mainEntityOfPage\":{\"@id\":\"https:\\\/\\\/balkangreenenergynews.com\\\/rs\\\/u-crnoj-gori-pocela-postepena-zabrana-energetski-neefikasnih-klasicnih-sijalica\\\/\"},\"wordCount\":292,\"commentCount\":0,\"image\":{\"@id\":\"https:\\\/\\\/balkangreenenergynews.com\\\/rs\\\/u-crnoj-gori-pocela-postepena-zabrana-energetski-neefikasnih-klasicnih-sijalica\\\/#primaryimage\"},\"thumbnailUrl\":\"https:\\\/\\\/balkangreenenergynews.com\\\/rs\\\/wp-content\\\/uploads\\\/2018\\\/07\\\/U-Crnoj-Gori-pocela-postepena-zabrana-energetski-neefikasnih-klasicnih-sijalica.jpg?wsr\",\"keywords\":[\"EBRD\",\"GIZ\"],\"articleSection\":[\"Energetska efikasnost\",\"\u017divotna sredina\"],\"inLanguage\":\"sr-RS\",\"potentialAction\":[{\"@type\":\"CommentAction\",\"name\":\"Comment\",\"target\":[\"https:\\\/\\\/balkangreenenergynews.com\\\/rs\\\/u-crnoj-gori-pocela-postepena-zabrana-energetski-neefikasnih-klasicnih-sijalica\\\/#respond\"]}]},{\"@type\":\"WebPage\",\"@id\":\"https:\\\/\\\/balkangreenenergynews.com\\\/rs\\\/u-crnoj-gori-pocela-postepena-zabrana-energetski-neefikasnih-klasicnih-sijalica\\\/\",\"url\":\"https:\\\/\\\/balkangreenenergynews.com\\\/rs\\\/u-crnoj-gori-pocela-postepena-zabrana-energetski-neefikasnih-klasicnih-sijalica\\\/\",\"name\":\"U Crnoj Gori po\u010dela postepena zabrana energetski neefikasnih klasi\u010dnih sijalica\",\"isPartOf\":{\"@id\":\"https:\\\/\\\/balkangreenenergynews.com\\\/rs\\\/#website\"},\"primaryImageOfPage\":{\"@id\":\"https:\\\/\\\/balkangreenenergynews.com\\\/rs\\\/u-crnoj-gori-pocela-postepena-zabrana-energetski-neefikasnih-klasicnih-sijalica\\\/#primaryimage\"},\"image\":{\"@id\":\"https:\\\/\\\/balkangreenenergynews.com\\\/rs\\\/u-crnoj-gori-pocela-postepena-zabrana-energetski-neefikasnih-klasicnih-sijalica\\\/#primaryimage\"},\"thumbnailUrl\":\"https:\\\/\\\/balkangreenenergynews.com\\\/rs\\\/wp-content\\\/uploads\\\/2018\\\/07\\\/U-Crnoj-Gori-pocela-postepena-zabrana-energetski-neefikasnih-klasicnih-sijalica.jpg?wsr\",\"datePublished\":\"2018-07-04T10:26:03+00:00\",\"dateModified\":\"2020-05-08T22:08:58+00:00\",\"author\":{\"@id\":\"https:\\\/\\\/balkangreenenergynews.com\\\/rs\\\/#\\\/schema\\\/person\\\/82b991c6efaf6b462e01800c17da5ae9\"},\"description\":\"Crna Gora je uvela postepenu zabranu klasi\u010dnih sijalica sa u\u017earenim vlaknom, koja se sada primenjuje na sijalice snage 100W i ve\u0107e, u sklopu novog pravnog okvira kojim se ure\u0111uje uvo\u0111enje zahteva Evropske unije za eko dizajn odre\u0111enih grupa proizvoda koji uti\u010du na potro\u0161nju energije.\",\"breadcrumb\":{\"@id\":\"https:\\\/\\\/balkangreenenergynews.com\\\/rs\\\/u-crnoj-gori-pocela-postepena-zabrana-energetski-neefikasnih-klasicnih-sijalica\\\/#breadcrumb\"},\"inLanguage\":\"sr-RS\",\"potentialAction\":[{\"@type\":\"ReadAction\",\"target\":[\"https:\\\/\\\/balkangreenenergynews.com\\\/rs\\\/u-crnoj-gori-pocela-postepena-zabrana-energetski-neefikasnih-klasicnih-sijalica\\\/\"]}]},{\"@type\":\"ImageObject\",\"inLanguage\":\"sr-RS\",\"@id\":\"https:\\\/\\\/balkangreenenergynews.com\\\/rs\\\/u-crnoj-gori-pocela-postepena-zabrana-energetski-neefikasnih-klasicnih-sijalica\\\/#primaryimage\",\"url\":\"https:\\\/\\\/balkangreenenergynews.com\\\/rs\\\/wp-content\\\/uploads\\\/2018\\\/07\\\/U-Crnoj-Gori-pocela-postepena-zabrana-energetski-neefikasnih-klasicnih-sijalica.jpg?wsr\",\"contentUrl\":\"https:\\\/\\\/balkangreenenergynews.com\\\/rs\\\/wp-content\\\/uploads\\\/2018\\\/07\\\/U-Crnoj-Gori-pocela-postepena-zabrana-energetski-neefikasnih-klasicnih-sijalica.jpg?wsr\",\"width\":1024,\"height\":524,\"caption\":\"U-Crnoj-Gori-pocela-postepena-zabrana-energetski-neefikasnih-klasicnih-sijalica\"},{\"@type\":\"BreadcrumbList\",\"@id\":\"https:\\\/\\\/balkangreenenergynews.com\\\/rs\\\/u-crnoj-gori-pocela-postepena-zabrana-energetski-neefikasnih-klasicnih-sijalica\\\/#breadcrumb\",\"itemListElement\":[{\"@type\":\"ListItem\",\"position\":1,\"name\":\"Po\u010detna\",\"item\":\"https:\\\/\\\/balkangreenenergynews.com\\\/rs\\\/\"},{\"@type\":\"ListItem\",\"position\":2,\"name\":\"Vesti\",\"item\":\"https:\\\/\\\/balkangreenenergynews.com\\\/rs\\\/kategorija\\\/vesti\\\/\"},{\"@type\":\"ListItem\",\"position\":3,\"name\":\"Energetska efikasnost\",\"item\":\"https:\\\/\\\/balkangreenenergynews.com\\\/rs\\\/kategorija\\\/vesti\\\/energetska-efikasnost\\\/\"},{\"@type\":\"ListItem\",\"position\":4,\"name\":\"U Crnoj Gori po\u010dela postepena zabrana energetski neefikasnih klasi\u010dnih sijalica\"}]},{\"@type\":\"WebSite\",\"@id\":\"https:\\\/\\\/balkangreenenergynews.com\\\/rs\\\/#website\",\"url\":\"https:\\\/\\\/balkangreenenergynews.com\\\/rs\\\/\",\"name\":\"Balkan Green Energy News\",\"description\":\"Naj\u0161iri izbor vesti sa Balkana o zelenoj energiji\",\"potentialAction\":[{\"@type\":\"SearchAction\",\"target\":{\"@type\":\"EntryPoint\",\"urlTemplate\":\"https:\\\/\\\/balkangreenenergynews.com\\\/rs\\\/?s={search_term_string}\"},\"query-input\":{\"@type\":\"PropertyValueSpecification\",\"valueRequired\":true,\"valueName\":\"search_term_string\"}}],\"inLanguage\":\"sr-RS\"},{\"@type\":\"Person\",\"@id\":\"https:\\\/\\\/balkangreenenergynews.com\\\/rs\\\/#\\\/schema\\\/person\\\/82b991c6efaf6b462e01800c17da5ae9\",\"name\":\"Svetlana Jovanovi\u0107\",\"description\":\"Nakon 15 godina pisanja i ure\u0111ivanja finansijskih &amp; biznis vesti, Svetlana se od 2018. godine fokusira na teme \u017eivotne sredine i odr\u017eivog razvoja. #BeatPlasticPollution je njen omiljeni hashtag.\",\"sameAs\":[\"https:\\\/\\\/www.linkedin.com\\\/in\\\/svetlana-jovanovic-4741814b\\\/\"],\"url\":\"https:\\\/\\\/balkangreenenergynews.com\\\/rs\\\/author\\\/svetlana-jovanovic\\\/\"}]}<\/script>\n<!-- \/ Yoast SEO plugin. -->","yoast_head_json":{"title":"U Crnoj Gori po\u010dela postepena zabrana energetski neefikasnih klasi\u010dnih sijalica","description":"Crna Gora je uvela postepenu zabranu klasi\u010dnih sijalica sa u\u017earenim vlaknom, koja se sada primenjuje na sijalice snage 100W i ve\u0107e, u sklopu novog pravnog okvira kojim se ure\u0111uje uvo\u0111enje zahteva Evropske unije za eko dizajn odre\u0111enih grupa proizvoda koji uti\u010du na potro\u0161nju energije.","robots":{"index":"index","follow":"follow","max-snippet":"max-snippet:-1","max-image-preview":"max-image-preview:large","max-video-preview":"max-video-preview:-1"},"canonical":"https:\/\/balkangreenenergynews.com\/rs\/u-crnoj-gori-pocela-postepena-zabrana-energetski-neefikasnih-klasicnih-sijalica\/","og_locale":"sr_RS","og_type":"article","og_title":"U Crnoj Gori po\u010dela postepena zabrana energetski neefikasnih klasi\u010dnih sijalica","og_description":"Crna Gora je uvela postepenu zabranu klasi\u010dnih sijalica sa u\u017earenim vlaknom, koja se sada primenjuje na sijalice snage 100W i ve\u0107e, u sklopu novog pravnog okvira kojim se ure\u0111uje uvo\u0111enje zahteva Evropske unije za eko dizajn odre\u0111enih grupa proizvoda koji uti\u010du na potro\u0161nju energije.","og_url":"https:\/\/balkangreenenergynews.com\/rs\/u-crnoj-gori-pocela-postepena-zabrana-energetski-neefikasnih-klasicnih-sijalica\/","og_site_name":"Balkan Green Energy News","article_published_time":"2018-07-04T10:26:03+00:00","article_modified_time":"2020-05-08T22:08:58+00:00","og_image":[{"width":1024,"height":524,"url":"https:\/\/balkangreenenergynews.com\/rs\/wp-content\/uploads\/2018\/07\/U-Crnoj-Gori-pocela-postepena-zabrana-energetski-neefikasnih-klasicnih-sijalica.jpg","type":"image\/jpeg"}],"author":"Svetlana Jovanovi\u0107","twitter_card":"summary_large_image","twitter_misc":{"\u041d\u0430\u043f\u0438\u0441\u0430\u043d\u043e \u043e\u0434":"Svetlana Jovanovi\u0107","\u041f\u0440\u043e\u0446\u0435\u045a\u0435\u043d\u043e \u0432\u0440\u0435\u043c\u0435 \u0447\u0438\u0442\u0430\u045a\u0430":"1 \u043c\u0438\u043d\u0443\u0442"},"schema":{"@context":"https:\/\/schema.org","@graph":[{"@type":"Article","@id":"https:\/\/balkangreenenergynews.com\/rs\/u-crnoj-gori-pocela-postepena-zabrana-energetski-neefikasnih-klasicnih-sijalica\/#article","isPartOf":{"@id":"https:\/\/balkangreenenergynews.com\/rs\/u-crnoj-gori-pocela-postepena-zabrana-energetski-neefikasnih-klasicnih-sijalica\/"},"author":{"name":"Svetlana Jovanovi\u0107","@id":"https:\/\/balkangreenenergynews.com\/rs\/#\/schema\/person\/82b991c6efaf6b462e01800c17da5ae9"},"headline":"U Crnoj Gori po\u010dela postepena zabrana energetski neefikasnih klasi\u010dnih sijalica","datePublished":"2018-07-04T10:26:03+00:00","dateModified":"2020-05-08T22:08:58+00:00","mainEntityOfPage":{"@id":"https:\/\/balkangreenenergynews.com\/rs\/u-crnoj-gori-pocela-postepena-zabrana-energetski-neefikasnih-klasicnih-sijalica\/"},"wordCount":292,"commentCount":0,"image":{"@id":"https:\/\/balkangreenenergynews.com\/rs\/u-crnoj-gori-pocela-postepena-zabrana-energetski-neefikasnih-klasicnih-sijalica\/#primaryimage"},"thumbnailUrl":"https:\/\/balkangreenenergynews.com\/rs\/wp-content\/uploads\/2018\/07\/U-Crnoj-Gori-pocela-postepena-zabrana-energetski-neefikasnih-klasicnih-sijalica.jpg?wsr","keywords":["EBRD","GIZ"],"articleSection":["Energetska efikasnost","\u017divotna sredina"],"inLanguage":"sr-RS","potentialAction":[{"@type":"CommentAction","name":"Comment","target":["https:\/\/balkangreenenergynews.com\/rs\/u-crnoj-gori-pocela-postepena-zabrana-energetski-neefikasnih-klasicnih-sijalica\/#respond"]}]},{"@type":"WebPage","@id":"https:\/\/balkangreenenergynews.com\/rs\/u-crnoj-gori-pocela-postepena-zabrana-energetski-neefikasnih-klasicnih-sijalica\/","url":"https:\/\/balkangreenenergynews.com\/rs\/u-crnoj-gori-pocela-postepena-zabrana-energetski-neefikasnih-klasicnih-sijalica\/","name":"U Crnoj Gori po\u010dela postepena zabrana energetski neefikasnih klasi\u010dnih sijalica","isPartOf":{"@id":"https:\/\/balkangreenenergynews.com\/rs\/#website"},"primaryImageOfPage":{"@id":"https:\/\/balkangreenenergynews.com\/rs\/u-crnoj-gori-pocela-postepena-zabrana-energetski-neefikasnih-klasicnih-sijalica\/#primaryimage"},"image":{"@id":"https:\/\/balkangreenenergynews.com\/rs\/u-crnoj-gori-pocela-postepena-zabrana-energetski-neefikasnih-klasicnih-sijalica\/#primaryimage"},"thumbnailUrl":"https:\/\/balkangreenenergynews.com\/rs\/wp-content\/uploads\/2018\/07\/U-Crnoj-Gori-pocela-postepena-zabrana-energetski-neefikasnih-klasicnih-sijalica.jpg?wsr","datePublished":"2018-07-04T10:26:03+00:00","dateModified":"2020-05-08T22:08:58+00:00","author":{"@id":"https:\/\/balkangreenenergynews.com\/rs\/#\/schema\/person\/82b991c6efaf6b462e01800c17da5ae9"},"description":"Crna Gora je uvela postepenu zabranu klasi\u010dnih sijalica sa u\u017earenim vlaknom, koja se sada primenjuje na sijalice snage 100W i ve\u0107e, u sklopu novog pravnog okvira kojim se ure\u0111uje uvo\u0111enje zahteva Evropske unije za eko dizajn odre\u0111enih grupa proizvoda koji uti\u010du na potro\u0161nju energije.","breadcrumb":{"@id":"https:\/\/balkangreenenergynews.com\/rs\/u-crnoj-gori-pocela-postepena-zabrana-energetski-neefikasnih-klasicnih-sijalica\/#breadcrumb"},"inLanguage":"sr-RS","potentialAction":[{"@type":"ReadAction","target":["https:\/\/balkangreenenergynews.com\/rs\/u-crnoj-gori-pocela-postepena-zabrana-energetski-neefikasnih-klasicnih-sijalica\/"]}]},{"@type":"ImageObject","inLanguage":"sr-RS","@id":"https:\/\/balkangreenenergynews.com\/rs\/u-crnoj-gori-pocela-postepena-zabrana-energetski-neefikasnih-klasicnih-sijalica\/#primaryimage","url":"https:\/\/balkangreenenergynews.com\/rs\/wp-content\/uploads\/2018\/07\/U-Crnoj-Gori-pocela-postepena-zabrana-energetski-neefikasnih-klasicnih-sijalica.jpg?wsr","contentUrl":"https:\/\/balkangreenenergynews.com\/rs\/wp-content\/uploads\/2018\/07\/U-Crnoj-Gori-pocela-postepena-zabrana-energetski-neefikasnih-klasicnih-sijalica.jpg?wsr","width":1024,"height":524,"caption":"U-Crnoj-Gori-pocela-postepena-zabrana-energetski-neefikasnih-klasicnih-sijalica"},{"@type":"BreadcrumbList","@id":"https:\/\/balkangreenenergynews.com\/rs\/u-crnoj-gori-pocela-postepena-zabrana-energetski-neefikasnih-klasicnih-sijalica\/#breadcrumb","itemListElement":[{"@type":"ListItem","position":1,"name":"Po\u010detna","item":"https:\/\/balkangreenenergynews.com\/rs\/"},{"@type":"ListItem","position":2,"name":"Vesti","item":"https:\/\/balkangreenenergynews.com\/rs\/kategorija\/vesti\/"},{"@type":"ListItem","position":3,"name":"Energetska efikasnost","item":"https:\/\/balkangreenenergynews.com\/rs\/kategorija\/vesti\/energetska-efikasnost\/"},{"@type":"ListItem","position":4,"name":"U Crnoj Gori po\u010dela postepena zabrana energetski neefikasnih klasi\u010dnih sijalica"}]},{"@type":"WebSite","@id":"https:\/\/balkangreenenergynews.com\/rs\/#website","url":"https:\/\/balkangreenenergynews.com\/rs\/","name":"Balkan Green Energy News","description":"Naj\u0161iri izbor vesti sa Balkana o zelenoj energiji","potentialAction":[{"@type":"SearchAction","target":{"@type":"EntryPoint","urlTemplate":"https:\/\/balkangreenenergynews.com\/rs\/?s={search_term_string}"},"query-input":{"@type":"PropertyValueSpecification","valueRequired":true,"valueName":"search_term_string"}}],"inLanguage":"sr-RS"},{"@type":"Person","@id":"https:\/\/balkangreenenergynews.com\/rs\/#\/schema\/person\/82b991c6efaf6b462e01800c17da5ae9","name":"Svetlana Jovanovi\u0107","description":"Nakon 15 godina pisanja i ure\u0111ivanja finansijskih &amp; biznis vesti, Svetlana se od 2018. godine fokusira na teme \u017eivotne sredine i odr\u017eivog razvoja. #BeatPlasticPollution je njen omiljeni hashtag.","sameAs":["https:\/\/www.linkedin.com\/in\/svetlana-jovanovic-4741814b\/"],"url":"https:\/\/balkangreenenergynews.com\/rs\/author\/svetlana-jovanovic\/"}]}},"_links":{"self":[{"href":"https:\/\/balkangreenenergynews.com\/rs\/wp-json\/wp\/v2\/posts\/18249","targetHints":{"allow":["GET"]}}],"collection":[{"href":"https:\/\/balkangreenenergynews.com\/rs\/wp-json\/wp\/v2\/posts"}],"about":[{"href":"https:\/\/balkangreenenergynews.com\/rs\/wp-json\/wp\/v2\/types\/post"}],"author":[{"embeddable":true,"href":"https:\/\/balkangreenenergynews.com\/rs\/wp-json\/wp\/v2\/users\/20"}],"replies":[{"embeddable":true,"href":"https:\/\/balkangreenenergynews.com\/rs\/wp-json\/wp\/v2\/comments?post=18249"}],"version-history":[{"count":0,"href":"https:\/\/balkangreenenergynews.com\/rs\/wp-json\/wp\/v2\/posts\/18249\/revisions"}],"wp:featuredmedia":[{"embeddable":true,"href":"https:\/\/balkangreenenergynews.com\/rs\/wp-json\/wp\/v2\/media\/30186"}],"wp:attachment":[{"href":"https:\/\/balkangreenenergynews.com\/rs\/wp-json\/wp\/v2\/media?parent=18249"}],"wp:term":[{"taxonomy":"category","embeddable":true,"href":"https:\/\/balkangreenenergynews.com\/rs\/wp-json\/wp\/v2\/categories?post=18249"},{"taxonomy":"post_tag","embeddable":true,"href":"https:\/\/balkangreenenergynews.com\/rs\/wp-json\/wp\/v2\/tags?post=18249"}],"curies":[{"name":"wp","href":"https:\/\/api.w.org\/{rel}","templated":true}]}}