{"id":17984,"date":"2018-06-15T13:19:28","date_gmt":"2018-06-15T11:19:28","guid":{"rendered":"https:\/\/balkangreenenergynews.com\/rs\/?p=17984"},"modified":"2018-06-15T13:19:28","modified_gmt":"2018-06-15T11:19:28","slug":"svetski-dan-vetra-lokalni-uticaj-energije-vetra-u-fokusu","status":"publish","type":"post","link":"https:\/\/balkangreenenergynews.com\/rs\/svetski-dan-vetra-lokalni-uticaj-energije-vetra-u-fokusu\/","title":{"rendered":"Svetski dan vetra: Lokalni uticaj energije vetra u fokusu"},"content":{"rendered":"<h2>Danas je Svetski dan vetra, kada se osvr\u0107emo na globalni uspeh ne\u010dega \u0161to je nekada bilo tehnologija jedne tr\u017ei\u0161ne ni\u0161e.<\/h2>\n<p>Lanac nabavke u industriji energije vetra donosi koristi regionima \u0161irom planete, uklju\u010duju\u0107i one manje ekonomski razvijene. Gra\u0111ani imaju koristi od suvlasni\u0161tva u vetroparkovima. Vetroparkovi tako\u0111e doprinose lokalnoj ekonomskoj aktivnosti kroz poreze koje pla\u0107aju lokalnim vlastima, a koji dosti\u017eu i do 25% op\u0161tinskih prihoda.<\/p>\n<p>Industrija vetra je otvorila radna mesta i donela investicije u mnoge regione, uklju\u010duju\u0107i regione koji se oslanjaju na tradicionalne industrije, od \u0160panije i Portugala, tradicionalnih centara brodogradnje, do ameri\u010dke savezne dr\u017eave Nju Meksiko, gde je prirodni gas glavni motor privrede, navodi se u saop\u0161tenju WindEurope, udru\u017eenja sa sedi\u0161tem u Briselu koje promovi\u0161e energiju vetra u Evropi.<\/p>\n<p>Svetski dan vetra je planetarni doga\u0111aj koji se odigrava 15. juna, u koordinaciji WindEurope, Globalnog saveta za energiju vetra (GWEC) i nacionalnih udru\u017eenja, u cilju pribli\u017eavanja energije vetra \u0161irokoj javnosti kroz niz aktivnosti.<\/p>\n<p>Nakon rekordne 2017. godine u razvoju kapaciteta proizvodnje elektri\u010dne energije iz energije vetra, Evropa danas ima instalisanu snagu od 169 GW, saop\u0161tilo je udru\u017eenje WindEurope.<\/p>\n<h3><span style=\"\">Manje ugljen-dioksida i \u010distiji vazduh<\/span><\/h3>\n<p>D\u017eajls Dikson, generalni direktor udru\u017eenja WindEurope, je rekao: &#8222;Iskori\u0161\u0107avanje energije vetra na kopnu je sada najjeftiniji novi na\u010din proizvodnje elektri\u010dne energije u ve\u0107em delu Evrope, dok iskori\u0161\u0107avanje enrgije vetra na moru nije mnogo skuplje, s obzirom da su tro\u0161kovi pali za vi\u0161e od 60% tokom tri godine. Postalo je lak\u0161e i jeftinije integrisati elektri\u010dnu energiju proizvedenu iz energije vetra u energetski sistem. Vetar kao lokalni resurs tako\u0111e zna\u010di manju potro\u0161nju na uvoz fosilnih goriva. I naravno, zna\u010di manje ugljen-dioksida i \u010distiji vazduh. Pre\u0161av\u0161i razvojni put od tehnologije jedne tr\u017ei\u0161ne ni\u0161e, energija vetra je prerasla u globalni industrijski uspeh. Ona zna\u010di radna mesta za 260,000 visoko-stru\u010dnih kadrova u Evropi. Ona doprinosi 36 milijardi evra BDP-u Evropske unije i u\u010destvuje sa 8 milijardi evra u evropskom izvozu. Vetar tako\u0111e vr\u0161i uticaj na lokalnom nivou. Bilo da stvara lokalna radna mesta i investicije u lanac snabdevanja, ili zna\u010di izgradnju vetroparkova koji pla\u0107aju poreze op\u0161tinama, energija vetra ima pozitivan uticaj na zajednice \u0161irom Evrope.\u201d<\/p>\n<p>\u201cEnergija vetra ne samo da donosi \u010distu elektri\u010dnu energiju bez emisija \u0161tetnih gasova, doprinosi lokalnoj privredi i zapo\u0161ljavanju i privla\u010di doma\u0107e i me\u0111unarodne investicije, ona je industrijska \u017eila kucavica za seoske zajednice \u0161irom planete,\u201d rekao je Stiv Sojer, generalni sekretar GWEC, dodav\u0161i:<\/p>\n<p>\u201cOd Teksasa do severozapadnog Brazila, od regiona Kejptauna u Ju\u017enoafri\u010dkoj Republici do obala Maroka, od Sin\u0111ana, Gansua i Unutra\u0161nje Mongolije u Kini do ameri\u010dkih saveznih dr\u017eava Ajova, Kanzas i Ju\u017ena Dakota, kao i \u0161irom ju\u017enog dela Indije, energija vetra otvara lokalna radna mesta i pru\u017ea priliku mla\u0111oj generaciji da radi na dobrim radnim mestima blizu svog doma, umesto da migrira u veliki grad, ma gde to bilo. Vrednost razvoja dinami\u010dnih lokalnih privreda ne mo\u017ee da se meri samo brojevima, ve\u0107 i kroz posledi\u010dnu dru\u0161tvenu koheziju i osna\u017eene zajednice, koje toliko nedostaju svetu.\u201d<\/p>\n","protected":false},"excerpt":{"rendered":"<p>Danas je Svetski dan vetra, kada se osvr\u0107emo na globalni uspeh ne\u010dega \u0161to je nekada&#8230;<\/p>\n","protected":false},"author":20,"featured_media":17985,"comment_status":"open","ping_status":"closed","sticky":false,"template":"","format":"standard","meta":{"_acf_changed":false,"_monsterinsights_skip_tracking":false,"_monsterinsights_sitenote_active":false,"_monsterinsights_sitenote_note":"","_monsterinsights_sitenote_category":0,"footnotes":""},"categories":[504,1,4],"tags":[1428,719,2345],"class_list":["post-17984","post","type-post","status-publish","format-standard","has-post-thumbnail","hentry","category-elektricna-energija","category-obnovljivi-izvori-energije","category-zivotna-sredina","tag-energija-vetra","tag-vetropark","tag-windeurope","country-regioneu"],"acf":[],"yoast_head":"<!-- This site is optimized with the Yoast SEO plugin v27.4 - https:\/\/yoast.com\/product\/yoast-seo-wordpress\/ -->\n<title>Svetski dan vetra: Lokalni uticaj energije vetra u fokusu<\/title>\n<meta name=\"description\" content=\"Danas je Svetski dan vetra, kada se osvr\u0107emo na globalni uspeh ne\u010dega \u0161to je nekada bilo tehnologija jedne tr\u017ei\u0161ne ni\u0161e.\" \/>\n<meta name=\"robots\" content=\"index, follow, max-snippet:-1, max-image-preview:large, max-video-preview:-1\" \/>\n<link rel=\"canonical\" href=\"https:\/\/balkangreenenergynews.com\/rs\/svetski-dan-vetra-lokalni-uticaj-energije-vetra-u-fokusu\/\" \/>\n<meta property=\"og:locale\" content=\"sr_RS\" \/>\n<meta property=\"og:type\" content=\"article\" \/>\n<meta property=\"og:title\" content=\"Svetski dan vetra: Lokalni uticaj energije vetra u fokusu\" \/>\n<meta property=\"og:description\" content=\"Danas je Svetski dan vetra, kada se osvr\u0107emo na globalni uspeh ne\u010dega \u0161to je nekada bilo tehnologija jedne tr\u017ei\u0161ne ni\u0161e.\" \/>\n<meta property=\"og:url\" content=\"https:\/\/balkangreenenergynews.com\/rs\/svetski-dan-vetra-lokalni-uticaj-energije-vetra-u-fokusu\/\" \/>\n<meta property=\"og:site_name\" content=\"Balkan Green Energy News\" \/>\n<meta property=\"article:published_time\" content=\"2018-06-15T11:19:28+00:00\" \/>\n<meta property=\"og:image\" content=\"https:\/\/balkangreenenergynews.com\/rs\/wp-content\/uploads\/2018\/06\/Svetski-dan-vetra-Lokalni-uticaj-energije-vetra-u-fokusu-e1529061260241.jpg\" \/>\n\t<meta property=\"og:image:width\" content=\"795\" \/>\n\t<meta property=\"og:image:height\" content=\"407\" \/>\n\t<meta property=\"og:image:type\" content=\"image\/jpeg\" \/>\n<meta name=\"author\" content=\"Svetlana Jovanovi\u0107\" \/>\n<meta name=\"twitter:card\" content=\"summary_large_image\" \/>\n<meta name=\"twitter:label1\" content=\"\u041d\u0430\u043f\u0438\u0441\u0430\u043d\u043e \u043e\u0434\" \/>\n\t<meta name=\"twitter:data1\" content=\"Svetlana Jovanovi\u0107\" \/>\n\t<meta name=\"twitter:label2\" content=\"\u041f\u0440\u043e\u0446\u0435\u045a\u0435\u043d\u043e \u0432\u0440\u0435\u043c\u0435 \u0447\u0438\u0442\u0430\u045a\u0430\" \/>\n\t<meta name=\"twitter:data2\" content=\"3 \u043c\u0438\u043d\u0443\u0442\u0430\" \/>\n<script type=\"application\/ld+json\" class=\"yoast-schema-graph\">{\"@context\":\"https:\\\/\\\/schema.org\",\"@graph\":[{\"@type\":\"Article\",\"@id\":\"https:\\\/\\\/balkangreenenergynews.com\\\/rs\\\/svetski-dan-vetra-lokalni-uticaj-energije-vetra-u-fokusu\\\/#article\",\"isPartOf\":{\"@id\":\"https:\\\/\\\/balkangreenenergynews.com\\\/rs\\\/svetski-dan-vetra-lokalni-uticaj-energije-vetra-u-fokusu\\\/\"},\"author\":{\"name\":\"Svetlana Jovanovi\u0107\",\"@id\":\"https:\\\/\\\/balkangreenenergynews.com\\\/rs\\\/#\\\/schema\\\/person\\\/82b991c6efaf6b462e01800c17da5ae9\"},\"headline\":\"Svetski dan vetra: Lokalni uticaj energije vetra u fokusu\",\"datePublished\":\"2018-06-15T11:19:28+00:00\",\"mainEntityOfPage\":{\"@id\":\"https:\\\/\\\/balkangreenenergynews.com\\\/rs\\\/svetski-dan-vetra-lokalni-uticaj-energije-vetra-u-fokusu\\\/\"},\"wordCount\":553,\"commentCount\":0,\"image\":{\"@id\":\"https:\\\/\\\/balkangreenenergynews.com\\\/rs\\\/svetski-dan-vetra-lokalni-uticaj-energije-vetra-u-fokusu\\\/#primaryimage\"},\"thumbnailUrl\":\"https:\\\/\\\/balkangreenenergynews.com\\\/rs\\\/wp-content\\\/uploads\\\/2018\\\/06\\\/Svetski-dan-vetra-Lokalni-uticaj-energije-vetra-u-fokusu-e1529061260241.jpg?wsr\",\"keywords\":[\"energija vetra\",\"vetropark\",\"WindEurope\"],\"articleSection\":[\"Elektri\u010dna energija\",\"OIE\",\"\u017divotna sredina\"],\"inLanguage\":\"sr-RS\",\"potentialAction\":[{\"@type\":\"CommentAction\",\"name\":\"Comment\",\"target\":[\"https:\\\/\\\/balkangreenenergynews.com\\\/rs\\\/svetski-dan-vetra-lokalni-uticaj-energije-vetra-u-fokusu\\\/#respond\"]}]},{\"@type\":\"WebPage\",\"@id\":\"https:\\\/\\\/balkangreenenergynews.com\\\/rs\\\/svetski-dan-vetra-lokalni-uticaj-energije-vetra-u-fokusu\\\/\",\"url\":\"https:\\\/\\\/balkangreenenergynews.com\\\/rs\\\/svetski-dan-vetra-lokalni-uticaj-energije-vetra-u-fokusu\\\/\",\"name\":\"Svetski dan vetra: Lokalni uticaj energije vetra u fokusu\",\"isPartOf\":{\"@id\":\"https:\\\/\\\/balkangreenenergynews.com\\\/rs\\\/#website\"},\"primaryImageOfPage\":{\"@id\":\"https:\\\/\\\/balkangreenenergynews.com\\\/rs\\\/svetski-dan-vetra-lokalni-uticaj-energije-vetra-u-fokusu\\\/#primaryimage\"},\"image\":{\"@id\":\"https:\\\/\\\/balkangreenenergynews.com\\\/rs\\\/svetski-dan-vetra-lokalni-uticaj-energije-vetra-u-fokusu\\\/#primaryimage\"},\"thumbnailUrl\":\"https:\\\/\\\/balkangreenenergynews.com\\\/rs\\\/wp-content\\\/uploads\\\/2018\\\/06\\\/Svetski-dan-vetra-Lokalni-uticaj-energije-vetra-u-fokusu-e1529061260241.jpg?wsr\",\"datePublished\":\"2018-06-15T11:19:28+00:00\",\"author\":{\"@id\":\"https:\\\/\\\/balkangreenenergynews.com\\\/rs\\\/#\\\/schema\\\/person\\\/82b991c6efaf6b462e01800c17da5ae9\"},\"description\":\"Danas je Svetski dan vetra, kada se osvr\u0107emo na globalni uspeh ne\u010dega \u0161to je nekada bilo tehnologija jedne tr\u017ei\u0161ne ni\u0161e.\",\"breadcrumb\":{\"@id\":\"https:\\\/\\\/balkangreenenergynews.com\\\/rs\\\/svetski-dan-vetra-lokalni-uticaj-energije-vetra-u-fokusu\\\/#breadcrumb\"},\"inLanguage\":\"sr-RS\",\"potentialAction\":[{\"@type\":\"ReadAction\",\"target\":[\"https:\\\/\\\/balkangreenenergynews.com\\\/rs\\\/svetski-dan-vetra-lokalni-uticaj-energije-vetra-u-fokusu\\\/\"]}]},{\"@type\":\"ImageObject\",\"inLanguage\":\"sr-RS\",\"@id\":\"https:\\\/\\\/balkangreenenergynews.com\\\/rs\\\/svetski-dan-vetra-lokalni-uticaj-energije-vetra-u-fokusu\\\/#primaryimage\",\"url\":\"https:\\\/\\\/balkangreenenergynews.com\\\/rs\\\/wp-content\\\/uploads\\\/2018\\\/06\\\/Svetski-dan-vetra-Lokalni-uticaj-energije-vetra-u-fokusu-e1529061260241.jpg?wsr\",\"contentUrl\":\"https:\\\/\\\/balkangreenenergynews.com\\\/rs\\\/wp-content\\\/uploads\\\/2018\\\/06\\\/Svetski-dan-vetra-Lokalni-uticaj-energije-vetra-u-fokusu-e1529061260241.jpg?wsr\",\"width\":795,\"height\":407,\"caption\":\"Svetski dan vetra Lokalni uticaj energije vetra u fokusu\"},{\"@type\":\"BreadcrumbList\",\"@id\":\"https:\\\/\\\/balkangreenenergynews.com\\\/rs\\\/svetski-dan-vetra-lokalni-uticaj-energije-vetra-u-fokusu\\\/#breadcrumb\",\"itemListElement\":[{\"@type\":\"ListItem\",\"position\":1,\"name\":\"Po\u010detna\",\"item\":\"https:\\\/\\\/balkangreenenergynews.com\\\/rs\\\/\"},{\"@type\":\"ListItem\",\"position\":2,\"name\":\"Vesti\",\"item\":\"https:\\\/\\\/balkangreenenergynews.com\\\/rs\\\/kategorija\\\/vesti\\\/\"},{\"@type\":\"ListItem\",\"position\":3,\"name\":\"OIE\",\"item\":\"https:\\\/\\\/balkangreenenergynews.com\\\/rs\\\/kategorija\\\/vesti\\\/obnovljivi-izvori-energije\\\/\"},{\"@type\":\"ListItem\",\"position\":4,\"name\":\"Svetski dan vetra: Lokalni uticaj energije vetra u fokusu\"}]},{\"@type\":\"WebSite\",\"@id\":\"https:\\\/\\\/balkangreenenergynews.com\\\/rs\\\/#website\",\"url\":\"https:\\\/\\\/balkangreenenergynews.com\\\/rs\\\/\",\"name\":\"Balkan Green Energy News\",\"description\":\"Naj\u0161iri izbor vesti sa Balkana o zelenoj energiji\",\"potentialAction\":[{\"@type\":\"SearchAction\",\"target\":{\"@type\":\"EntryPoint\",\"urlTemplate\":\"https:\\\/\\\/balkangreenenergynews.com\\\/rs\\\/?s={search_term_string}\"},\"query-input\":{\"@type\":\"PropertyValueSpecification\",\"valueRequired\":true,\"valueName\":\"search_term_string\"}}],\"inLanguage\":\"sr-RS\"},{\"@type\":\"Person\",\"@id\":\"https:\\\/\\\/balkangreenenergynews.com\\\/rs\\\/#\\\/schema\\\/person\\\/82b991c6efaf6b462e01800c17da5ae9\",\"name\":\"Svetlana Jovanovi\u0107\",\"description\":\"Nakon 15 godina pisanja i ure\u0111ivanja finansijskih &amp; biznis vesti, Svetlana se od 2018. godine fokusira na teme \u017eivotne sredine i odr\u017eivog razvoja. #BeatPlasticPollution je njen omiljeni hashtag.\",\"sameAs\":[\"https:\\\/\\\/www.linkedin.com\\\/in\\\/svetlana-jovanovic-4741814b\\\/\"],\"url\":\"https:\\\/\\\/balkangreenenergynews.com\\\/rs\\\/author\\\/svetlana-jovanovic\\\/\"}]}<\/script>\n<!-- \/ Yoast SEO plugin. -->","yoast_head_json":{"title":"Svetski dan vetra: Lokalni uticaj energije vetra u fokusu","description":"Danas je Svetski dan vetra, kada se osvr\u0107emo na globalni uspeh ne\u010dega \u0161to je nekada bilo tehnologija jedne tr\u017ei\u0161ne ni\u0161e.","robots":{"index":"index","follow":"follow","max-snippet":"max-snippet:-1","max-image-preview":"max-image-preview:large","max-video-preview":"max-video-preview:-1"},"canonical":"https:\/\/balkangreenenergynews.com\/rs\/svetski-dan-vetra-lokalni-uticaj-energije-vetra-u-fokusu\/","og_locale":"sr_RS","og_type":"article","og_title":"Svetski dan vetra: Lokalni uticaj energije vetra u fokusu","og_description":"Danas je Svetski dan vetra, kada se osvr\u0107emo na globalni uspeh ne\u010dega \u0161to je nekada bilo tehnologija jedne tr\u017ei\u0161ne ni\u0161e.","og_url":"https:\/\/balkangreenenergynews.com\/rs\/svetski-dan-vetra-lokalni-uticaj-energije-vetra-u-fokusu\/","og_site_name":"Balkan Green Energy News","article_published_time":"2018-06-15T11:19:28+00:00","og_image":[{"width":795,"height":407,"url":"https:\/\/balkangreenenergynews.com\/rs\/wp-content\/uploads\/2018\/06\/Svetski-dan-vetra-Lokalni-uticaj-energije-vetra-u-fokusu-e1529061260241.jpg","type":"image\/jpeg"}],"author":"Svetlana Jovanovi\u0107","twitter_card":"summary_large_image","twitter_misc":{"\u041d\u0430\u043f\u0438\u0441\u0430\u043d\u043e \u043e\u0434":"Svetlana Jovanovi\u0107","\u041f\u0440\u043e\u0446\u0435\u045a\u0435\u043d\u043e \u0432\u0440\u0435\u043c\u0435 \u0447\u0438\u0442\u0430\u045a\u0430":"3 \u043c\u0438\u043d\u0443\u0442\u0430"},"schema":{"@context":"https:\/\/schema.org","@graph":[{"@type":"Article","@id":"https:\/\/balkangreenenergynews.com\/rs\/svetski-dan-vetra-lokalni-uticaj-energije-vetra-u-fokusu\/#article","isPartOf":{"@id":"https:\/\/balkangreenenergynews.com\/rs\/svetski-dan-vetra-lokalni-uticaj-energije-vetra-u-fokusu\/"},"author":{"name":"Svetlana Jovanovi\u0107","@id":"https:\/\/balkangreenenergynews.com\/rs\/#\/schema\/person\/82b991c6efaf6b462e01800c17da5ae9"},"headline":"Svetski dan vetra: Lokalni uticaj energije vetra u fokusu","datePublished":"2018-06-15T11:19:28+00:00","mainEntityOfPage":{"@id":"https:\/\/balkangreenenergynews.com\/rs\/svetski-dan-vetra-lokalni-uticaj-energije-vetra-u-fokusu\/"},"wordCount":553,"commentCount":0,"image":{"@id":"https:\/\/balkangreenenergynews.com\/rs\/svetski-dan-vetra-lokalni-uticaj-energije-vetra-u-fokusu\/#primaryimage"},"thumbnailUrl":"https:\/\/balkangreenenergynews.com\/rs\/wp-content\/uploads\/2018\/06\/Svetski-dan-vetra-Lokalni-uticaj-energije-vetra-u-fokusu-e1529061260241.jpg?wsr","keywords":["energija vetra","vetropark","WindEurope"],"articleSection":["Elektri\u010dna energija","OIE","\u017divotna sredina"],"inLanguage":"sr-RS","potentialAction":[{"@type":"CommentAction","name":"Comment","target":["https:\/\/balkangreenenergynews.com\/rs\/svetski-dan-vetra-lokalni-uticaj-energije-vetra-u-fokusu\/#respond"]}]},{"@type":"WebPage","@id":"https:\/\/balkangreenenergynews.com\/rs\/svetski-dan-vetra-lokalni-uticaj-energije-vetra-u-fokusu\/","url":"https:\/\/balkangreenenergynews.com\/rs\/svetski-dan-vetra-lokalni-uticaj-energije-vetra-u-fokusu\/","name":"Svetski dan vetra: Lokalni uticaj energije vetra u fokusu","isPartOf":{"@id":"https:\/\/balkangreenenergynews.com\/rs\/#website"},"primaryImageOfPage":{"@id":"https:\/\/balkangreenenergynews.com\/rs\/svetski-dan-vetra-lokalni-uticaj-energije-vetra-u-fokusu\/#primaryimage"},"image":{"@id":"https:\/\/balkangreenenergynews.com\/rs\/svetski-dan-vetra-lokalni-uticaj-energije-vetra-u-fokusu\/#primaryimage"},"thumbnailUrl":"https:\/\/balkangreenenergynews.com\/rs\/wp-content\/uploads\/2018\/06\/Svetski-dan-vetra-Lokalni-uticaj-energije-vetra-u-fokusu-e1529061260241.jpg?wsr","datePublished":"2018-06-15T11:19:28+00:00","author":{"@id":"https:\/\/balkangreenenergynews.com\/rs\/#\/schema\/person\/82b991c6efaf6b462e01800c17da5ae9"},"description":"Danas je Svetski dan vetra, kada se osvr\u0107emo na globalni uspeh ne\u010dega \u0161to je nekada bilo tehnologija jedne tr\u017ei\u0161ne ni\u0161e.","breadcrumb":{"@id":"https:\/\/balkangreenenergynews.com\/rs\/svetski-dan-vetra-lokalni-uticaj-energije-vetra-u-fokusu\/#breadcrumb"},"inLanguage":"sr-RS","potentialAction":[{"@type":"ReadAction","target":["https:\/\/balkangreenenergynews.com\/rs\/svetski-dan-vetra-lokalni-uticaj-energije-vetra-u-fokusu\/"]}]},{"@type":"ImageObject","inLanguage":"sr-RS","@id":"https:\/\/balkangreenenergynews.com\/rs\/svetski-dan-vetra-lokalni-uticaj-energije-vetra-u-fokusu\/#primaryimage","url":"https:\/\/balkangreenenergynews.com\/rs\/wp-content\/uploads\/2018\/06\/Svetski-dan-vetra-Lokalni-uticaj-energije-vetra-u-fokusu-e1529061260241.jpg?wsr","contentUrl":"https:\/\/balkangreenenergynews.com\/rs\/wp-content\/uploads\/2018\/06\/Svetski-dan-vetra-Lokalni-uticaj-energije-vetra-u-fokusu-e1529061260241.jpg?wsr","width":795,"height":407,"caption":"Svetski dan vetra Lokalni uticaj energije vetra u fokusu"},{"@type":"BreadcrumbList","@id":"https:\/\/balkangreenenergynews.com\/rs\/svetski-dan-vetra-lokalni-uticaj-energije-vetra-u-fokusu\/#breadcrumb","itemListElement":[{"@type":"ListItem","position":1,"name":"Po\u010detna","item":"https:\/\/balkangreenenergynews.com\/rs\/"},{"@type":"ListItem","position":2,"name":"Vesti","item":"https:\/\/balkangreenenergynews.com\/rs\/kategorija\/vesti\/"},{"@type":"ListItem","position":3,"name":"OIE","item":"https:\/\/balkangreenenergynews.com\/rs\/kategorija\/vesti\/obnovljivi-izvori-energije\/"},{"@type":"ListItem","position":4,"name":"Svetski dan vetra: Lokalni uticaj energije vetra u fokusu"}]},{"@type":"WebSite","@id":"https:\/\/balkangreenenergynews.com\/rs\/#website","url":"https:\/\/balkangreenenergynews.com\/rs\/","name":"Balkan Green Energy News","description":"Naj\u0161iri izbor vesti sa Balkana o zelenoj energiji","potentialAction":[{"@type":"SearchAction","target":{"@type":"EntryPoint","urlTemplate":"https:\/\/balkangreenenergynews.com\/rs\/?s={search_term_string}"},"query-input":{"@type":"PropertyValueSpecification","valueRequired":true,"valueName":"search_term_string"}}],"inLanguage":"sr-RS"},{"@type":"Person","@id":"https:\/\/balkangreenenergynews.com\/rs\/#\/schema\/person\/82b991c6efaf6b462e01800c17da5ae9","name":"Svetlana Jovanovi\u0107","description":"Nakon 15 godina pisanja i ure\u0111ivanja finansijskih &amp; biznis vesti, Svetlana se od 2018. godine fokusira na teme \u017eivotne sredine i odr\u017eivog razvoja. #BeatPlasticPollution je njen omiljeni hashtag.","sameAs":["https:\/\/www.linkedin.com\/in\/svetlana-jovanovic-4741814b\/"],"url":"https:\/\/balkangreenenergynews.com\/rs\/author\/svetlana-jovanovic\/"}]}},"_links":{"self":[{"href":"https:\/\/balkangreenenergynews.com\/rs\/wp-json\/wp\/v2\/posts\/17984","targetHints":{"allow":["GET"]}}],"collection":[{"href":"https:\/\/balkangreenenergynews.com\/rs\/wp-json\/wp\/v2\/posts"}],"about":[{"href":"https:\/\/balkangreenenergynews.com\/rs\/wp-json\/wp\/v2\/types\/post"}],"author":[{"embeddable":true,"href":"https:\/\/balkangreenenergynews.com\/rs\/wp-json\/wp\/v2\/users\/20"}],"replies":[{"embeddable":true,"href":"https:\/\/balkangreenenergynews.com\/rs\/wp-json\/wp\/v2\/comments?post=17984"}],"version-history":[{"count":0,"href":"https:\/\/balkangreenenergynews.com\/rs\/wp-json\/wp\/v2\/posts\/17984\/revisions"}],"wp:featuredmedia":[{"embeddable":true,"href":"https:\/\/balkangreenenergynews.com\/rs\/wp-json\/wp\/v2\/media\/17985"}],"wp:attachment":[{"href":"https:\/\/balkangreenenergynews.com\/rs\/wp-json\/wp\/v2\/media?parent=17984"}],"wp:term":[{"taxonomy":"category","embeddable":true,"href":"https:\/\/balkangreenenergynews.com\/rs\/wp-json\/wp\/v2\/categories?post=17984"},{"taxonomy":"post_tag","embeddable":true,"href":"https:\/\/balkangreenenergynews.com\/rs\/wp-json\/wp\/v2\/tags?post=17984"}],"curies":[{"name":"wp","href":"https:\/\/api.w.org\/{rel}","templated":true}]}}