{"id":17452,"date":"2018-05-17T15:53:40","date_gmt":"2018-05-17T13:53:40","guid":{"rendered":"https:\/\/balkangreenenergynews.com\/rs\/?p=17452"},"modified":"2020-05-03T20:27:39","modified_gmt":"2020-05-03T18:27:39","slug":"predlog-zakona-o-klimatskim-promenama-u-skupstini-kraja-2018","status":"publish","type":"post","link":"https:\/\/balkangreenenergynews.com\/rs\/predlog-zakona-o-klimatskim-promenama-u-skupstini-kraja-2018\/","title":{"rendered":"Predlog zakona o klimatskim promenama o\u010dekuje se u skup\u0161tini do kraja 2018."},"content":{"rendered":"<h2>Javna debata o Nacrtu zakona o klimatskim promenama je zavr\u0161ena, a o\u010dekuje se da \u0107e predlog zakona biti upu\u0107en u skop\u0161tinsku proceduru do kraja godine, izjavio je ministar za\u0161tite \u017eivotne sredine Goran Trivan na konferenciji &#8222;EU i Srbija \u2013 Talanoa dijalog o klimatskim akcijama&#8220;.<\/h2>\n<p>Srbija \u0107e budu\u0107im zakonom uskladiti mere za smanjenje emisija gasova sa efektom staklene ba\u0161te sa me\u0111unarodnim sporazumima, uklju\u010duju\u0107i Pariski sporazum, koji je Srbija potpisala i ratifikovala, a koji ima za cilj ja\u010danje globalnog odgovora na pretnje izazvane klimatskim promenama kroz odr\u017eavanje rasta globalne temperature ispod dva stepena Celzijusa u odnosu na predindustrijsko doba.<\/p>\n<p>\u201cU dostizanju ciljeva zdrave \u017eivotne sredine i odr\u017eivog razvoja, ozbiljan nedostatak je novac, ali moramo da mislimo globalno, koristimo evropska i svetska iskustva, ali i da delujemo lokalno, jer se do evropskih fondova i investicija dolazi preko projektno\u2013tehni\u010dke dokumentacije u lokalnim samoupravama, preduze\u0107ima i institucijama,\u201d rekao je ministar.<\/p>\n<p>Najve\u0107i problem Srbije u smislu smanjenja emisije \u0161tetnih gasova je oslonjenost na ugalj, izjavio je Trivan, dodaju\u0107i da \u0107e morati da se prati razvoj \u010distih tehnologija za kori\u0161\u0107enje uglja.<\/p>\n<p>Dirk Bu\u0161le, zamenik direktora Sekretarijata Energetske zajednice, je istakao da je ugalj toksi\u010dan, kako u pogledu zdravlja, tako i u pogledu regulative, kao \u0161to je Direktiva o velikim lo\u017ei\u0161tima. Bu\u0161le je tako\u0111e pozvao na prelazak na sistem aukcija za bolje kori\u0161\u0107enje obnovljivih izvora energije.<\/p>\n<h3><span style=\"\">Talanoa dijalog<\/span><\/h3>\n<p>Me\u0111u govornicima na Talanoa konferenciji su bile i Elina Bardram, \u0161ef jedinice u Generalnom direktoratu za klimatske akcije Evropske komisije, i Ana Vukovi\u0107, iz Regionalnog saveta za saradnju, koja je predstavila rezultate studije o uticaju klimatskih promena i projekcijama klimatskih promena na regionalnom i nacionalnom nivou.<\/p>\n<p>Konferenciju su organizovali Evropska komisija i Ministarstvo za\u0161tite \u017eivotne sredine, u okviru projekta Tehni\u010dka pomo\u0107 za implementaciju Pariskog sporazuma (RIPAP).<\/p>\n<p>Talanoa je re\u010d koja se koristi na Fid\u017eiju i drugim ostrvima Tihog okeana da se opi\u0161e proces inkluzivnog, participarnog i transparentnog dijaloga, \u010dija je svrha da se kroz pripovedanje razvije empatija i donesu mudre odluke za kolektivno dobro.<\/p>\n<p>Platforma Talanoa dijaloga Ujedinjenih nacija ima za cilj da odredi kako zajedni\u010dko delovanje mo\u017ee da pomogne u sprovo\u0111enju gobalnog klimatskog programa. Platforma predstavlja jednogodi\u0161nji proces diskusija, konsultacija i stru\u010dnog savetovanja, koji \u0107e imate finale na 24. Konferenciji o klimi (COP24) u gradu Katovice u Poljskoj od 3. do 14. decembra 2018. godine.<u><\/u><u><\/u><\/p>\n","protected":false},"excerpt":{"rendered":"<p>Javna debata o Nacrtu zakona o klimatskim promenama je zavr\u0161ena, a o\u010dekuje se da \u0107e&#8230;<\/p>\n","protected":false},"author":20,"featured_media":29706,"comment_status":"open","ping_status":"closed","sticky":false,"template":"","format":"standard","meta":{"_acf_changed":false,"_monsterinsights_skip_tracking":false,"_monsterinsights_sitenote_active":false,"_monsterinsights_sitenote_note":"","_monsterinsights_sitenote_category":0,"footnotes":""},"categories":[1,4],"tags":[3023,2878,140,2221,1019],"class_list":["post-17452","post","type-post","status-publish","format-standard","has-post-thumbnail","hentry","category-obnovljivi-izvori-energije","category-zivotna-sredina","tag-aukcije","tag-ciste-tehnologije","tag-dirk-buschle","tag-goran-trivan","tag-pariski-sporazum","country-srbija"],"acf":[],"yoast_head":"<!-- This site is optimized with the Yoast SEO plugin v27.4 - https:\/\/yoast.com\/product\/yoast-seo-wordpress\/ -->\n<title>Predlog zakona o klimatskim promenama o\u010dekuje se u skup\u0161tini do kraja 2018.<\/title>\n<meta name=\"description\" content=\"Javna debata o nacrtu zakona o klimatskim promenama je zavr\u0161ena, a o\u010dekuje se da \u0107e predlog zakona biti upu\u0107en u skop\u0161tinsku proceduru do kraja godine, ministar za\u0161tite \u017eivotne sredine Goran Trivan je izjavio na Konferenciji na visokom nivou EU i Srbija \u2013 Talanoa dijalog o klimatskim akcijama.\" \/>\n<meta name=\"robots\" content=\"index, follow, max-snippet:-1, max-image-preview:large, max-video-preview:-1\" \/>\n<link rel=\"canonical\" href=\"https:\/\/balkangreenenergynews.com\/rs\/predlog-zakona-o-klimatskim-promenama-u-skupstini-kraja-2018\/\" \/>\n<meta property=\"og:locale\" content=\"sr_RS\" \/>\n<meta property=\"og:type\" content=\"article\" \/>\n<meta property=\"og:title\" content=\"Predlog zakona o klimatskim promenama o\u010dekuje se u skup\u0161tini do kraja 2018.\" \/>\n<meta property=\"og:description\" content=\"Javna debata o nacrtu zakona o klimatskim promenama je zavr\u0161ena, a o\u010dekuje se da \u0107e predlog zakona biti upu\u0107en u skop\u0161tinsku proceduru do kraja godine, ministar za\u0161tite \u017eivotne sredine Goran Trivan je izjavio na Konferenciji na visokom nivou EU i Srbija \u2013 Talanoa dijalog o klimatskim akcijama.\" \/>\n<meta property=\"og:url\" content=\"https:\/\/balkangreenenergynews.com\/rs\/predlog-zakona-o-klimatskim-promenama-u-skupstini-kraja-2018\/\" \/>\n<meta property=\"og:site_name\" content=\"Balkan Green Energy News\" \/>\n<meta property=\"article:published_time\" content=\"2018-05-17T13:53:40+00:00\" \/>\n<meta property=\"article:modified_time\" content=\"2020-05-03T18:27:39+00:00\" \/>\n<meta property=\"og:image\" content=\"https:\/\/balkangreenenergynews.com\/rs\/wp-content\/uploads\/2018\/05\/Predlog-zakona-o-klimatskim-promenama-ocekuje-se-u-skupstini-do-kraja-2018.jpg\" \/>\n\t<meta property=\"og:image:width\" content=\"1024\" \/>\n\t<meta property=\"og:image:height\" content=\"524\" \/>\n\t<meta property=\"og:image:type\" content=\"image\/jpeg\" \/>\n<meta name=\"author\" content=\"Svetlana Jovanovi\u0107\" \/>\n<meta name=\"twitter:card\" content=\"summary_large_image\" \/>\n<meta name=\"twitter:label1\" content=\"\u041d\u0430\u043f\u0438\u0441\u0430\u043d\u043e \u043e\u0434\" \/>\n\t<meta name=\"twitter:data1\" content=\"Svetlana Jovanovi\u0107\" \/>\n\t<meta name=\"twitter:label2\" content=\"\u041f\u0440\u043e\u0446\u0435\u045a\u0435\u043d\u043e \u0432\u0440\u0435\u043c\u0435 \u0447\u0438\u0442\u0430\u045a\u0430\" \/>\n\t<meta name=\"twitter:data2\" content=\"2 \u043c\u0438\u043d\u0443\u0442\u0430\" \/>\n<script type=\"application\/ld+json\" class=\"yoast-schema-graph\">{\"@context\":\"https:\\\/\\\/schema.org\",\"@graph\":[{\"@type\":\"Article\",\"@id\":\"https:\\\/\\\/balkangreenenergynews.com\\\/rs\\\/predlog-zakona-o-klimatskim-promenama-u-skupstini-kraja-2018\\\/#article\",\"isPartOf\":{\"@id\":\"https:\\\/\\\/balkangreenenergynews.com\\\/rs\\\/predlog-zakona-o-klimatskim-promenama-u-skupstini-kraja-2018\\\/\"},\"author\":{\"name\":\"Svetlana Jovanovi\u0107\",\"@id\":\"https:\\\/\\\/balkangreenenergynews.com\\\/rs\\\/#\\\/schema\\\/person\\\/82b991c6efaf6b462e01800c17da5ae9\"},\"headline\":\"Predlog zakona o klimatskim promenama o\u010dekuje se u skup\u0161tini do kraja 2018.\",\"datePublished\":\"2018-05-17T13:53:40+00:00\",\"dateModified\":\"2020-05-03T18:27:39+00:00\",\"mainEntityOfPage\":{\"@id\":\"https:\\\/\\\/balkangreenenergynews.com\\\/rs\\\/predlog-zakona-o-klimatskim-promenama-u-skupstini-kraja-2018\\\/\"},\"wordCount\":420,\"commentCount\":0,\"image\":{\"@id\":\"https:\\\/\\\/balkangreenenergynews.com\\\/rs\\\/predlog-zakona-o-klimatskim-promenama-u-skupstini-kraja-2018\\\/#primaryimage\"},\"thumbnailUrl\":\"https:\\\/\\\/balkangreenenergynews.com\\\/rs\\\/wp-content\\\/uploads\\\/2018\\\/05\\\/Predlog-zakona-o-klimatskim-promenama-ocekuje-se-u-skupstini-do-kraja-2018.jpg?wsr\",\"keywords\":[\"aukcije\",\"\u010diste tehnologije\",\"Dirk Buschle\",\"Goran Trivan\",\"Pariski sporazum\"],\"articleSection\":[\"OIE\",\"\u017divotna sredina\"],\"inLanguage\":\"sr-RS\",\"potentialAction\":[{\"@type\":\"CommentAction\",\"name\":\"Comment\",\"target\":[\"https:\\\/\\\/balkangreenenergynews.com\\\/rs\\\/predlog-zakona-o-klimatskim-promenama-u-skupstini-kraja-2018\\\/#respond\"]}]},{\"@type\":\"WebPage\",\"@id\":\"https:\\\/\\\/balkangreenenergynews.com\\\/rs\\\/predlog-zakona-o-klimatskim-promenama-u-skupstini-kraja-2018\\\/\",\"url\":\"https:\\\/\\\/balkangreenenergynews.com\\\/rs\\\/predlog-zakona-o-klimatskim-promenama-u-skupstini-kraja-2018\\\/\",\"name\":\"Predlog zakona o klimatskim promenama o\u010dekuje se u skup\u0161tini do kraja 2018.\",\"isPartOf\":{\"@id\":\"https:\\\/\\\/balkangreenenergynews.com\\\/rs\\\/#website\"},\"primaryImageOfPage\":{\"@id\":\"https:\\\/\\\/balkangreenenergynews.com\\\/rs\\\/predlog-zakona-o-klimatskim-promenama-u-skupstini-kraja-2018\\\/#primaryimage\"},\"image\":{\"@id\":\"https:\\\/\\\/balkangreenenergynews.com\\\/rs\\\/predlog-zakona-o-klimatskim-promenama-u-skupstini-kraja-2018\\\/#primaryimage\"},\"thumbnailUrl\":\"https:\\\/\\\/balkangreenenergynews.com\\\/rs\\\/wp-content\\\/uploads\\\/2018\\\/05\\\/Predlog-zakona-o-klimatskim-promenama-ocekuje-se-u-skupstini-do-kraja-2018.jpg?wsr\",\"datePublished\":\"2018-05-17T13:53:40+00:00\",\"dateModified\":\"2020-05-03T18:27:39+00:00\",\"author\":{\"@id\":\"https:\\\/\\\/balkangreenenergynews.com\\\/rs\\\/#\\\/schema\\\/person\\\/82b991c6efaf6b462e01800c17da5ae9\"},\"description\":\"Javna debata o nacrtu zakona o klimatskim promenama je zavr\u0161ena, a o\u010dekuje se da \u0107e predlog zakona biti upu\u0107en u skop\u0161tinsku proceduru do kraja godine, ministar za\u0161tite \u017eivotne sredine Goran Trivan je izjavio na Konferenciji na visokom nivou EU i Srbija \u2013 Talanoa dijalog o klimatskim akcijama.\",\"breadcrumb\":{\"@id\":\"https:\\\/\\\/balkangreenenergynews.com\\\/rs\\\/predlog-zakona-o-klimatskim-promenama-u-skupstini-kraja-2018\\\/#breadcrumb\"},\"inLanguage\":\"sr-RS\",\"potentialAction\":[{\"@type\":\"ReadAction\",\"target\":[\"https:\\\/\\\/balkangreenenergynews.com\\\/rs\\\/predlog-zakona-o-klimatskim-promenama-u-skupstini-kraja-2018\\\/\"]}]},{\"@type\":\"ImageObject\",\"inLanguage\":\"sr-RS\",\"@id\":\"https:\\\/\\\/balkangreenenergynews.com\\\/rs\\\/predlog-zakona-o-klimatskim-promenama-u-skupstini-kraja-2018\\\/#primaryimage\",\"url\":\"https:\\\/\\\/balkangreenenergynews.com\\\/rs\\\/wp-content\\\/uploads\\\/2018\\\/05\\\/Predlog-zakona-o-klimatskim-promenama-ocekuje-se-u-skupstini-do-kraja-2018.jpg?wsr\",\"contentUrl\":\"https:\\\/\\\/balkangreenenergynews.com\\\/rs\\\/wp-content\\\/uploads\\\/2018\\\/05\\\/Predlog-zakona-o-klimatskim-promenama-ocekuje-se-u-skupstini-do-kraja-2018.jpg?wsr\",\"width\":1024,\"height\":524,\"caption\":\"Predlog-zakona-o-klimatskim-promenama-ocekuje-se-u-skupstini-do-kraja-2018\"},{\"@type\":\"BreadcrumbList\",\"@id\":\"https:\\\/\\\/balkangreenenergynews.com\\\/rs\\\/predlog-zakona-o-klimatskim-promenama-u-skupstini-kraja-2018\\\/#breadcrumb\",\"itemListElement\":[{\"@type\":\"ListItem\",\"position\":1,\"name\":\"Po\u010detna\",\"item\":\"https:\\\/\\\/balkangreenenergynews.com\\\/rs\\\/\"},{\"@type\":\"ListItem\",\"position\":2,\"name\":\"Vesti\",\"item\":\"https:\\\/\\\/balkangreenenergynews.com\\\/rs\\\/kategorija\\\/vesti\\\/\"},{\"@type\":\"ListItem\",\"position\":3,\"name\":\"\u017divotna sredina\",\"item\":\"https:\\\/\\\/balkangreenenergynews.com\\\/rs\\\/kategorija\\\/vesti\\\/zivotna-sredina\\\/\"},{\"@type\":\"ListItem\",\"position\":4,\"name\":\"Predlog zakona o klimatskim promenama o\u010dekuje se u skup\u0161tini do kraja 2018.\"}]},{\"@type\":\"WebSite\",\"@id\":\"https:\\\/\\\/balkangreenenergynews.com\\\/rs\\\/#website\",\"url\":\"https:\\\/\\\/balkangreenenergynews.com\\\/rs\\\/\",\"name\":\"Balkan Green Energy News\",\"description\":\"Naj\u0161iri izbor vesti sa Balkana o zelenoj energiji\",\"potentialAction\":[{\"@type\":\"SearchAction\",\"target\":{\"@type\":\"EntryPoint\",\"urlTemplate\":\"https:\\\/\\\/balkangreenenergynews.com\\\/rs\\\/?s={search_term_string}\"},\"query-input\":{\"@type\":\"PropertyValueSpecification\",\"valueRequired\":true,\"valueName\":\"search_term_string\"}}],\"inLanguage\":\"sr-RS\"},{\"@type\":\"Person\",\"@id\":\"https:\\\/\\\/balkangreenenergynews.com\\\/rs\\\/#\\\/schema\\\/person\\\/82b991c6efaf6b462e01800c17da5ae9\",\"name\":\"Svetlana Jovanovi\u0107\",\"description\":\"Nakon 15 godina pisanja i ure\u0111ivanja finansijskih &amp; biznis vesti, Svetlana se od 2018. godine fokusira na teme \u017eivotne sredine i odr\u017eivog razvoja. #BeatPlasticPollution je njen omiljeni hashtag.\",\"sameAs\":[\"https:\\\/\\\/www.linkedin.com\\\/in\\\/svetlana-jovanovic-4741814b\\\/\"],\"url\":\"https:\\\/\\\/balkangreenenergynews.com\\\/rs\\\/author\\\/svetlana-jovanovic\\\/\"}]}<\/script>\n<!-- \/ Yoast SEO plugin. -->","yoast_head_json":{"title":"Predlog zakona o klimatskim promenama o\u010dekuje se u skup\u0161tini do kraja 2018.","description":"Javna debata o nacrtu zakona o klimatskim promenama je zavr\u0161ena, a o\u010dekuje se da \u0107e predlog zakona biti upu\u0107en u skop\u0161tinsku proceduru do kraja godine, ministar za\u0161tite \u017eivotne sredine Goran Trivan je izjavio na Konferenciji na visokom nivou EU i Srbija \u2013 Talanoa dijalog o klimatskim akcijama.","robots":{"index":"index","follow":"follow","max-snippet":"max-snippet:-1","max-image-preview":"max-image-preview:large","max-video-preview":"max-video-preview:-1"},"canonical":"https:\/\/balkangreenenergynews.com\/rs\/predlog-zakona-o-klimatskim-promenama-u-skupstini-kraja-2018\/","og_locale":"sr_RS","og_type":"article","og_title":"Predlog zakona o klimatskim promenama o\u010dekuje se u skup\u0161tini do kraja 2018.","og_description":"Javna debata o nacrtu zakona o klimatskim promenama je zavr\u0161ena, a o\u010dekuje se da \u0107e predlog zakona biti upu\u0107en u skop\u0161tinsku proceduru do kraja godine, ministar za\u0161tite \u017eivotne sredine Goran Trivan je izjavio na Konferenciji na visokom nivou EU i Srbija \u2013 Talanoa dijalog o klimatskim akcijama.","og_url":"https:\/\/balkangreenenergynews.com\/rs\/predlog-zakona-o-klimatskim-promenama-u-skupstini-kraja-2018\/","og_site_name":"Balkan Green Energy News","article_published_time":"2018-05-17T13:53:40+00:00","article_modified_time":"2020-05-03T18:27:39+00:00","og_image":[{"width":1024,"height":524,"url":"https:\/\/balkangreenenergynews.com\/rs\/wp-content\/uploads\/2018\/05\/Predlog-zakona-o-klimatskim-promenama-ocekuje-se-u-skupstini-do-kraja-2018.jpg","type":"image\/jpeg"}],"author":"Svetlana Jovanovi\u0107","twitter_card":"summary_large_image","twitter_misc":{"\u041d\u0430\u043f\u0438\u0441\u0430\u043d\u043e \u043e\u0434":"Svetlana Jovanovi\u0107","\u041f\u0440\u043e\u0446\u0435\u045a\u0435\u043d\u043e \u0432\u0440\u0435\u043c\u0435 \u0447\u0438\u0442\u0430\u045a\u0430":"2 \u043c\u0438\u043d\u0443\u0442\u0430"},"schema":{"@context":"https:\/\/schema.org","@graph":[{"@type":"Article","@id":"https:\/\/balkangreenenergynews.com\/rs\/predlog-zakona-o-klimatskim-promenama-u-skupstini-kraja-2018\/#article","isPartOf":{"@id":"https:\/\/balkangreenenergynews.com\/rs\/predlog-zakona-o-klimatskim-promenama-u-skupstini-kraja-2018\/"},"author":{"name":"Svetlana Jovanovi\u0107","@id":"https:\/\/balkangreenenergynews.com\/rs\/#\/schema\/person\/82b991c6efaf6b462e01800c17da5ae9"},"headline":"Predlog zakona o klimatskim promenama o\u010dekuje se u skup\u0161tini do kraja 2018.","datePublished":"2018-05-17T13:53:40+00:00","dateModified":"2020-05-03T18:27:39+00:00","mainEntityOfPage":{"@id":"https:\/\/balkangreenenergynews.com\/rs\/predlog-zakona-o-klimatskim-promenama-u-skupstini-kraja-2018\/"},"wordCount":420,"commentCount":0,"image":{"@id":"https:\/\/balkangreenenergynews.com\/rs\/predlog-zakona-o-klimatskim-promenama-u-skupstini-kraja-2018\/#primaryimage"},"thumbnailUrl":"https:\/\/balkangreenenergynews.com\/rs\/wp-content\/uploads\/2018\/05\/Predlog-zakona-o-klimatskim-promenama-ocekuje-se-u-skupstini-do-kraja-2018.jpg?wsr","keywords":["aukcije","\u010diste tehnologije","Dirk Buschle","Goran Trivan","Pariski sporazum"],"articleSection":["OIE","\u017divotna sredina"],"inLanguage":"sr-RS","potentialAction":[{"@type":"CommentAction","name":"Comment","target":["https:\/\/balkangreenenergynews.com\/rs\/predlog-zakona-o-klimatskim-promenama-u-skupstini-kraja-2018\/#respond"]}]},{"@type":"WebPage","@id":"https:\/\/balkangreenenergynews.com\/rs\/predlog-zakona-o-klimatskim-promenama-u-skupstini-kraja-2018\/","url":"https:\/\/balkangreenenergynews.com\/rs\/predlog-zakona-o-klimatskim-promenama-u-skupstini-kraja-2018\/","name":"Predlog zakona o klimatskim promenama o\u010dekuje se u skup\u0161tini do kraja 2018.","isPartOf":{"@id":"https:\/\/balkangreenenergynews.com\/rs\/#website"},"primaryImageOfPage":{"@id":"https:\/\/balkangreenenergynews.com\/rs\/predlog-zakona-o-klimatskim-promenama-u-skupstini-kraja-2018\/#primaryimage"},"image":{"@id":"https:\/\/balkangreenenergynews.com\/rs\/predlog-zakona-o-klimatskim-promenama-u-skupstini-kraja-2018\/#primaryimage"},"thumbnailUrl":"https:\/\/balkangreenenergynews.com\/rs\/wp-content\/uploads\/2018\/05\/Predlog-zakona-o-klimatskim-promenama-ocekuje-se-u-skupstini-do-kraja-2018.jpg?wsr","datePublished":"2018-05-17T13:53:40+00:00","dateModified":"2020-05-03T18:27:39+00:00","author":{"@id":"https:\/\/balkangreenenergynews.com\/rs\/#\/schema\/person\/82b991c6efaf6b462e01800c17da5ae9"},"description":"Javna debata o nacrtu zakona o klimatskim promenama je zavr\u0161ena, a o\u010dekuje se da \u0107e predlog zakona biti upu\u0107en u skop\u0161tinsku proceduru do kraja godine, ministar za\u0161tite \u017eivotne sredine Goran Trivan je izjavio na Konferenciji na visokom nivou EU i Srbija \u2013 Talanoa dijalog o klimatskim akcijama.","breadcrumb":{"@id":"https:\/\/balkangreenenergynews.com\/rs\/predlog-zakona-o-klimatskim-promenama-u-skupstini-kraja-2018\/#breadcrumb"},"inLanguage":"sr-RS","potentialAction":[{"@type":"ReadAction","target":["https:\/\/balkangreenenergynews.com\/rs\/predlog-zakona-o-klimatskim-promenama-u-skupstini-kraja-2018\/"]}]},{"@type":"ImageObject","inLanguage":"sr-RS","@id":"https:\/\/balkangreenenergynews.com\/rs\/predlog-zakona-o-klimatskim-promenama-u-skupstini-kraja-2018\/#primaryimage","url":"https:\/\/balkangreenenergynews.com\/rs\/wp-content\/uploads\/2018\/05\/Predlog-zakona-o-klimatskim-promenama-ocekuje-se-u-skupstini-do-kraja-2018.jpg?wsr","contentUrl":"https:\/\/balkangreenenergynews.com\/rs\/wp-content\/uploads\/2018\/05\/Predlog-zakona-o-klimatskim-promenama-ocekuje-se-u-skupstini-do-kraja-2018.jpg?wsr","width":1024,"height":524,"caption":"Predlog-zakona-o-klimatskim-promenama-ocekuje-se-u-skupstini-do-kraja-2018"},{"@type":"BreadcrumbList","@id":"https:\/\/balkangreenenergynews.com\/rs\/predlog-zakona-o-klimatskim-promenama-u-skupstini-kraja-2018\/#breadcrumb","itemListElement":[{"@type":"ListItem","position":1,"name":"Po\u010detna","item":"https:\/\/balkangreenenergynews.com\/rs\/"},{"@type":"ListItem","position":2,"name":"Vesti","item":"https:\/\/balkangreenenergynews.com\/rs\/kategorija\/vesti\/"},{"@type":"ListItem","position":3,"name":"\u017divotna sredina","item":"https:\/\/balkangreenenergynews.com\/rs\/kategorija\/vesti\/zivotna-sredina\/"},{"@type":"ListItem","position":4,"name":"Predlog zakona o klimatskim promenama o\u010dekuje se u skup\u0161tini do kraja 2018."}]},{"@type":"WebSite","@id":"https:\/\/balkangreenenergynews.com\/rs\/#website","url":"https:\/\/balkangreenenergynews.com\/rs\/","name":"Balkan Green Energy News","description":"Naj\u0161iri izbor vesti sa Balkana o zelenoj energiji","potentialAction":[{"@type":"SearchAction","target":{"@type":"EntryPoint","urlTemplate":"https:\/\/balkangreenenergynews.com\/rs\/?s={search_term_string}"},"query-input":{"@type":"PropertyValueSpecification","valueRequired":true,"valueName":"search_term_string"}}],"inLanguage":"sr-RS"},{"@type":"Person","@id":"https:\/\/balkangreenenergynews.com\/rs\/#\/schema\/person\/82b991c6efaf6b462e01800c17da5ae9","name":"Svetlana Jovanovi\u0107","description":"Nakon 15 godina pisanja i ure\u0111ivanja finansijskih &amp; biznis vesti, Svetlana se od 2018. godine fokusira na teme \u017eivotne sredine i odr\u017eivog razvoja. #BeatPlasticPollution je njen omiljeni hashtag.","sameAs":["https:\/\/www.linkedin.com\/in\/svetlana-jovanovic-4741814b\/"],"url":"https:\/\/balkangreenenergynews.com\/rs\/author\/svetlana-jovanovic\/"}]}},"_links":{"self":[{"href":"https:\/\/balkangreenenergynews.com\/rs\/wp-json\/wp\/v2\/posts\/17452","targetHints":{"allow":["GET"]}}],"collection":[{"href":"https:\/\/balkangreenenergynews.com\/rs\/wp-json\/wp\/v2\/posts"}],"about":[{"href":"https:\/\/balkangreenenergynews.com\/rs\/wp-json\/wp\/v2\/types\/post"}],"author":[{"embeddable":true,"href":"https:\/\/balkangreenenergynews.com\/rs\/wp-json\/wp\/v2\/users\/20"}],"replies":[{"embeddable":true,"href":"https:\/\/balkangreenenergynews.com\/rs\/wp-json\/wp\/v2\/comments?post=17452"}],"version-history":[{"count":0,"href":"https:\/\/balkangreenenergynews.com\/rs\/wp-json\/wp\/v2\/posts\/17452\/revisions"}],"wp:featuredmedia":[{"embeddable":true,"href":"https:\/\/balkangreenenergynews.com\/rs\/wp-json\/wp\/v2\/media\/29706"}],"wp:attachment":[{"href":"https:\/\/balkangreenenergynews.com\/rs\/wp-json\/wp\/v2\/media?parent=17452"}],"wp:term":[{"taxonomy":"category","embeddable":true,"href":"https:\/\/balkangreenenergynews.com\/rs\/wp-json\/wp\/v2\/categories?post=17452"},{"taxonomy":"post_tag","embeddable":true,"href":"https:\/\/balkangreenenergynews.com\/rs\/wp-json\/wp\/v2\/tags?post=17452"}],"curies":[{"name":"wp","href":"https:\/\/api.w.org\/{rel}","templated":true}]}}