{"id":17251,"date":"2018-05-04T11:46:18","date_gmt":"2018-05-04T09:46:18","guid":{"rendered":"https:\/\/balkangreenenergynews.com\/rs\/?p=17251"},"modified":"2020-10-29T22:14:44","modified_gmt":"2020-10-29T21:14:44","slug":"osnovana-neformalna-zelena-poslanicka-grupa","status":"publish","type":"post","link":"https:\/\/balkangreenenergynews.com\/rs\/osnovana-neformalna-zelena-poslanicka-grupa\/","title":{"rendered":"Osnovana neformalna Zelena poslani\u010dka grupa"},"content":{"rendered":"<h2>\u0160kola demokratskog rukovo\u0111enja je u saradnji sa poslanicima Skup\u0161tine Crne Gore formirala neformalnu Zelenu poslani\u010dku grupu, a uz podr\u0161ku nema\u010dke organizacije GIZ (Deutsche Gesellschaft f\u00fcr Internationale Zusammenarbeit GmbH). Cilj ovog projekta je da teme za\u0161tite \u017eivotne sredine, odr\u017eivog kori\u0161\u0107enja energije i energetske efikasnosti, za\u0161tite klime i generalno odr\u017eivog razvoja, dobiju zaslu\u017eeni prioritet i na\u0111u se u fokusu prilikom odlu\u010divanja.<\/h2>\n<p>Uklju\u010divanjem u grupu, poslanici \u0107e, u saradnji sa civilnim sektorom, doprineti ostvarivanju ovog cilja, ali i imati priliku da aktivnim radom uti\u010du na uskla\u0111ivanje propisa Crne Gore sa evropskim standardima i normama iz navedenih oblasti.<\/p>\n<p>Dosad je osam poslanika i poslanica crnogorske Skup\u0161tine iz vlasti i opozicije iskazalo interesovanje za ovu grupu potpisivanjem Povelje. \u0160kola demokratskog rukovo\u0111enja se nada da \u0107e se u narednom periodu njen sastav pro\u0161iriti priklju\u010divanjem poslanika i poslanica i ostalih politi\u010dkih partija.<\/p>\n<p>Poslanicima \u0107e uklju\u010divanje u ovu grupu omogu\u0107iti da unaprede svoja znanja iz oblasti za\u0161tite \u017eivotne sredine, odr\u017eivog kori\u0161\u0107enja energije, energetske efikasnosti, urbane mobilnosti i uop\u0161te odr\u017eivog razvoja, da se pove\u017eu sa svojim kolegama poslanicima, stru\u010dnjacima i aktivistima, da budu vidljiviji u javnosti i da se pove\u017eu sa organizacijama civilnog dru\u0161tva aktivnim u za\u0161titi \u017eivotne sredine, odr\u017eivog kori\u0161\u0107enja energije i odr\u017eivog razvoja.<\/p>\n<p>U sklopu aktivnosti predvi\u0111enih projektom odr\u017ean je radni ru\u010dak sa poslanicima tokom kog su predstavljene politike energetske efikasnosti i za\u0161to je ova tema zna\u010dajna i za dru\u0161tvo i za dr\u017eavu. Tako\u0111e, poslanici su izrazili izuzetnu zainteresovanost za rad grupe isti\u010du\u0107i da bi u narednom periodu bilo po\u017eeljno uspostaviti Sekretarijat, ali u aktivnosti uklju\u010diti i instituciju Parlamenta. Poslanici su saglasni da su neophodne podsticajne mere kako bi se politike u ovim oblastima pokrenule, nagla\u0161avaju\u0107i i neophodnost politi\u010dke volje.<\/p>\n<h3><span style=\"\">Dvogodi\u0161nji program<\/span><\/h3>\n<p>\u201cGIZ ORF-EE \u0107e u saradnji sa \u0160kolom demokratskog rukovo\u0111enja nastaviti da u narednom dvogodi\u0161njem periodu podr\u017eava rad ove grupe kroz organizaciju sastanaka poslanika sa predstavnicima relevantnih ministarstava, kao i ekspertima iz oblasti energetske efikasnosti, odr\u017eivog kor\u0161i\u0107enja energije, za\u0161tite klime i urbane mobilnosti, a u cilju ja\u010danja njihove uloge u nadzoru politika iz ove oblasti i javnog zastupanja bolje implementacije istih &#8211; izjavila je Jasna Sekulovi\u0107, ORF-EE Project Manager.<\/p>\n<p>Ove aktivnosti, podr\u017eane od strane GIZ-ovih Otvorenih regionalnih fondova za Jugoisto\u010dnu Evropu za Energetsku efikasnost i Biodiverzitet, deo su regionalne inicijative \u0161est zemalja Zapadnog Balkana.<\/p>\n","protected":false},"excerpt":{"rendered":"<p>\u0160kola demokratskog rukovo\u0111enja je u saradnji sa poslanicima Skup\u0161tine Crne Gore formirala neformalnu Zelenu poslani\u010dku&#8230;<\/p>\n","protected":false},"author":25,"featured_media":29724,"comment_status":"open","ping_status":"closed","sticky":false,"template":"","format":"standard","meta":{"_acf_changed":false,"_monsterinsights_skip_tracking":false,"_monsterinsights_sitenote_active":false,"_monsterinsights_sitenote_note":"","_monsterinsights_sitenote_category":0,"footnotes":""},"categories":[3,1,4],"tags":[646,225,1079,756],"class_list":["post-17251","post","type-post","status-publish","format-standard","has-post-thumbnail","hentry","category-energetska-efikasnost","category-obnovljivi-izvori-energije","category-zivotna-sredina","tag-energetska-efikasnost","tag-giz","tag-odrzivi-razvoj","tag-zastita-zivotne-sredine","country-crna-gora"],"acf":[],"yoast_head":"<!-- This site is optimized with the Yoast SEO plugin v27.4 - https:\/\/yoast.com\/product\/yoast-seo-wordpress\/ -->\n<title>Osnovana neformalna Zelena poslani\u010dka grupa<\/title>\n<meta name=\"description\" content=\"\u0160kola demokratskog rukovo\u0111enja je u saradnji sa poslanicima Skup\u0161tine Crne Gore osnovala neformalnu Zelenu poslani\u010dku grupu, a uz podr\u0161ku GIZ. Cilj ovog projekta je da teme za\u0161tite \u017eivotne sredine, odr\u017eivog kori\u0161\u0107enja energije i energetske efikasnosti dobiju zaslu\u017eeni prioritet i na\u0111u se u fokusu prilikom odlu\u010divanja.\" \/>\n<meta name=\"robots\" content=\"index, follow, max-snippet:-1, max-image-preview:large, max-video-preview:-1\" \/>\n<link rel=\"canonical\" href=\"https:\/\/balkangreenenergynews.com\/rs\/osnovana-neformalna-zelena-poslanicka-grupa\/\" \/>\n<meta property=\"og:locale\" content=\"sr_RS\" \/>\n<meta property=\"og:type\" content=\"article\" \/>\n<meta property=\"og:title\" content=\"Osnovana neformalna Zelena poslani\u010dka grupa\" \/>\n<meta property=\"og:description\" content=\"\u0160kola demokratskog rukovo\u0111enja je u saradnji sa poslanicima Skup\u0161tine Crne Gore osnovala neformalnu Zelenu poslani\u010dku grupu, a uz podr\u0161ku GIZ. Cilj ovog projekta je da teme za\u0161tite \u017eivotne sredine, odr\u017eivog kori\u0161\u0107enja energije i energetske efikasnosti dobiju zaslu\u017eeni prioritet i na\u0111u se u fokusu prilikom odlu\u010divanja.\" \/>\n<meta property=\"og:url\" content=\"https:\/\/balkangreenenergynews.com\/rs\/osnovana-neformalna-zelena-poslanicka-grupa\/\" \/>\n<meta property=\"og:site_name\" content=\"Balkan Green Energy News\" \/>\n<meta property=\"article:published_time\" content=\"2018-05-04T09:46:18+00:00\" \/>\n<meta property=\"article:modified_time\" content=\"2020-10-29T21:14:44+00:00\" \/>\n<meta property=\"og:image\" content=\"https:\/\/balkangreenenergynews.com\/rs\/wp-content\/uploads\/2018\/05\/Osnovana-neformalna-Zelena-poslanicka-grupa.jpg\" \/>\n\t<meta property=\"og:image:width\" content=\"795\" \/>\n\t<meta property=\"og:image:height\" content=\"407\" \/>\n\t<meta property=\"og:image:type\" content=\"image\/jpeg\" \/>\n<meta name=\"author\" content=\"Balkan Green Energy News\" \/>\n<meta name=\"twitter:card\" content=\"summary_large_image\" \/>\n<meta name=\"twitter:label1\" content=\"\u041d\u0430\u043f\u0438\u0441\u0430\u043d\u043e \u043e\u0434\" \/>\n\t<meta name=\"twitter:data1\" content=\"Balkan Green Energy News\" \/>\n\t<meta name=\"twitter:label2\" content=\"\u041f\u0440\u043e\u0446\u0435\u045a\u0435\u043d\u043e \u0432\u0440\u0435\u043c\u0435 \u0447\u0438\u0442\u0430\u045a\u0430\" \/>\n\t<meta name=\"twitter:data2\" content=\"2 \u043c\u0438\u043d\u0443\u0442\u0430\" \/>\n<script type=\"application\/ld+json\" class=\"yoast-schema-graph\">{\"@context\":\"https:\\\/\\\/schema.org\",\"@graph\":[{\"@type\":\"Article\",\"@id\":\"https:\\\/\\\/balkangreenenergynews.com\\\/rs\\\/osnovana-neformalna-zelena-poslanicka-grupa\\\/#article\",\"isPartOf\":{\"@id\":\"https:\\\/\\\/balkangreenenergynews.com\\\/rs\\\/osnovana-neformalna-zelena-poslanicka-grupa\\\/\"},\"author\":{\"name\":\"Balkan Green Energy News\",\"@id\":\"https:\\\/\\\/balkangreenenergynews.com\\\/rs\\\/#\\\/schema\\\/person\\\/dee275e6036b1a0f7ceaf956d79d4eff\"},\"headline\":\"Osnovana neformalna Zelena poslani\u010dka grupa\",\"datePublished\":\"2018-05-04T09:46:18+00:00\",\"dateModified\":\"2020-10-29T21:14:44+00:00\",\"mainEntityOfPage\":{\"@id\":\"https:\\\/\\\/balkangreenenergynews.com\\\/rs\\\/osnovana-neformalna-zelena-poslanicka-grupa\\\/\"},\"wordCount\":437,\"commentCount\":0,\"image\":{\"@id\":\"https:\\\/\\\/balkangreenenergynews.com\\\/rs\\\/osnovana-neformalna-zelena-poslanicka-grupa\\\/#primaryimage\"},\"thumbnailUrl\":\"https:\\\/\\\/balkangreenenergynews.com\\\/rs\\\/wp-content\\\/uploads\\\/2018\\\/05\\\/Osnovana-neformalna-Zelena-poslanicka-grupa.jpg?wsr\",\"keywords\":[\"energetska efikasnost\",\"GIZ\",\"odr\u017eivi razvoj\",\"za\u0161tita \u017eivotne sredine\"],\"articleSection\":[\"Energetska efikasnost\",\"OIE\",\"\u017divotna sredina\"],\"inLanguage\":\"sr-RS\",\"potentialAction\":[{\"@type\":\"CommentAction\",\"name\":\"Comment\",\"target\":[\"https:\\\/\\\/balkangreenenergynews.com\\\/rs\\\/osnovana-neformalna-zelena-poslanicka-grupa\\\/#respond\"]}]},{\"@type\":\"WebPage\",\"@id\":\"https:\\\/\\\/balkangreenenergynews.com\\\/rs\\\/osnovana-neformalna-zelena-poslanicka-grupa\\\/\",\"url\":\"https:\\\/\\\/balkangreenenergynews.com\\\/rs\\\/osnovana-neformalna-zelena-poslanicka-grupa\\\/\",\"name\":\"Osnovana neformalna Zelena poslani\u010dka grupa\",\"isPartOf\":{\"@id\":\"https:\\\/\\\/balkangreenenergynews.com\\\/rs\\\/#website\"},\"primaryImageOfPage\":{\"@id\":\"https:\\\/\\\/balkangreenenergynews.com\\\/rs\\\/osnovana-neformalna-zelena-poslanicka-grupa\\\/#primaryimage\"},\"image\":{\"@id\":\"https:\\\/\\\/balkangreenenergynews.com\\\/rs\\\/osnovana-neformalna-zelena-poslanicka-grupa\\\/#primaryimage\"},\"thumbnailUrl\":\"https:\\\/\\\/balkangreenenergynews.com\\\/rs\\\/wp-content\\\/uploads\\\/2018\\\/05\\\/Osnovana-neformalna-Zelena-poslanicka-grupa.jpg?wsr\",\"datePublished\":\"2018-05-04T09:46:18+00:00\",\"dateModified\":\"2020-10-29T21:14:44+00:00\",\"author\":{\"@id\":\"https:\\\/\\\/balkangreenenergynews.com\\\/rs\\\/#\\\/schema\\\/person\\\/dee275e6036b1a0f7ceaf956d79d4eff\"},\"description\":\"\u0160kola demokratskog rukovo\u0111enja je u saradnji sa poslanicima Skup\u0161tine Crne Gore osnovala neformalnu Zelenu poslani\u010dku grupu, a uz podr\u0161ku GIZ. Cilj ovog projekta je da teme za\u0161tite \u017eivotne sredine, odr\u017eivog kori\u0161\u0107enja energije i energetske efikasnosti dobiju zaslu\u017eeni prioritet i na\u0111u se u fokusu prilikom odlu\u010divanja.\",\"breadcrumb\":{\"@id\":\"https:\\\/\\\/balkangreenenergynews.com\\\/rs\\\/osnovana-neformalna-zelena-poslanicka-grupa\\\/#breadcrumb\"},\"inLanguage\":\"sr-RS\",\"potentialAction\":[{\"@type\":\"ReadAction\",\"target\":[\"https:\\\/\\\/balkangreenenergynews.com\\\/rs\\\/osnovana-neformalna-zelena-poslanicka-grupa\\\/\"]}]},{\"@type\":\"ImageObject\",\"inLanguage\":\"sr-RS\",\"@id\":\"https:\\\/\\\/balkangreenenergynews.com\\\/rs\\\/osnovana-neformalna-zelena-poslanicka-grupa\\\/#primaryimage\",\"url\":\"https:\\\/\\\/balkangreenenergynews.com\\\/rs\\\/wp-content\\\/uploads\\\/2018\\\/05\\\/Osnovana-neformalna-Zelena-poslanicka-grupa.jpg?wsr\",\"contentUrl\":\"https:\\\/\\\/balkangreenenergynews.com\\\/rs\\\/wp-content\\\/uploads\\\/2018\\\/05\\\/Osnovana-neformalna-Zelena-poslanicka-grupa.jpg?wsr\",\"width\":795,\"height\":407,\"caption\":\"Osnovana-neformalna-Zelena-poslanicka-grupa\"},{\"@type\":\"BreadcrumbList\",\"@id\":\"https:\\\/\\\/balkangreenenergynews.com\\\/rs\\\/osnovana-neformalna-zelena-poslanicka-grupa\\\/#breadcrumb\",\"itemListElement\":[{\"@type\":\"ListItem\",\"position\":1,\"name\":\"Po\u010detna\",\"item\":\"https:\\\/\\\/balkangreenenergynews.com\\\/rs\\\/\"},{\"@type\":\"ListItem\",\"position\":2,\"name\":\"GIZ ORF-EE\",\"item\":\"https:\\\/\\\/balkangreenenergynews.com\\\/rs\\\/kategorija\\\/giz-orf-ee\\\/\"},{\"@type\":\"ListItem\",\"position\":3,\"name\":\"Osnovana neformalna Zelena poslani\u010dka grupa\"}]},{\"@type\":\"WebSite\",\"@id\":\"https:\\\/\\\/balkangreenenergynews.com\\\/rs\\\/#website\",\"url\":\"https:\\\/\\\/balkangreenenergynews.com\\\/rs\\\/\",\"name\":\"Balkan Green Energy News\",\"description\":\"Naj\u0161iri izbor vesti sa Balkana o zelenoj energiji\",\"potentialAction\":[{\"@type\":\"SearchAction\",\"target\":{\"@type\":\"EntryPoint\",\"urlTemplate\":\"https:\\\/\\\/balkangreenenergynews.com\\\/rs\\\/?s={search_term_string}\"},\"query-input\":{\"@type\":\"PropertyValueSpecification\",\"valueRequired\":true,\"valueName\":\"search_term_string\"}}],\"inLanguage\":\"sr-RS\"},{\"@type\":\"Person\",\"@id\":\"https:\\\/\\\/balkangreenenergynews.com\\\/rs\\\/#\\\/schema\\\/person\\\/dee275e6036b1a0f7ceaf956d79d4eff\",\"name\":\"Balkan Green Energy News\",\"url\":\"https:\\\/\\\/balkangreenenergynews.com\\\/rs\\\/author\\\/balkangreenenergynews\\\/\"}]}<\/script>\n<!-- \/ Yoast SEO plugin. -->","yoast_head_json":{"title":"Osnovana neformalna Zelena poslani\u010dka grupa","description":"\u0160kola demokratskog rukovo\u0111enja je u saradnji sa poslanicima Skup\u0161tine Crne Gore osnovala neformalnu Zelenu poslani\u010dku grupu, a uz podr\u0161ku GIZ. Cilj ovog projekta je da teme za\u0161tite \u017eivotne sredine, odr\u017eivog kori\u0161\u0107enja energije i energetske efikasnosti dobiju zaslu\u017eeni prioritet i na\u0111u se u fokusu prilikom odlu\u010divanja.","robots":{"index":"index","follow":"follow","max-snippet":"max-snippet:-1","max-image-preview":"max-image-preview:large","max-video-preview":"max-video-preview:-1"},"canonical":"https:\/\/balkangreenenergynews.com\/rs\/osnovana-neformalna-zelena-poslanicka-grupa\/","og_locale":"sr_RS","og_type":"article","og_title":"Osnovana neformalna Zelena poslani\u010dka grupa","og_description":"\u0160kola demokratskog rukovo\u0111enja je u saradnji sa poslanicima Skup\u0161tine Crne Gore osnovala neformalnu Zelenu poslani\u010dku grupu, a uz podr\u0161ku GIZ. Cilj ovog projekta je da teme za\u0161tite \u017eivotne sredine, odr\u017eivog kori\u0161\u0107enja energije i energetske efikasnosti dobiju zaslu\u017eeni prioritet i na\u0111u se u fokusu prilikom odlu\u010divanja.","og_url":"https:\/\/balkangreenenergynews.com\/rs\/osnovana-neformalna-zelena-poslanicka-grupa\/","og_site_name":"Balkan Green Energy News","article_published_time":"2018-05-04T09:46:18+00:00","article_modified_time":"2020-10-29T21:14:44+00:00","og_image":[{"width":795,"height":407,"url":"https:\/\/balkangreenenergynews.com\/rs\/wp-content\/uploads\/2018\/05\/Osnovana-neformalna-Zelena-poslanicka-grupa.jpg","type":"image\/jpeg"}],"author":"Balkan Green Energy News","twitter_card":"summary_large_image","twitter_misc":{"\u041d\u0430\u043f\u0438\u0441\u0430\u043d\u043e \u043e\u0434":"Balkan Green Energy News","\u041f\u0440\u043e\u0446\u0435\u045a\u0435\u043d\u043e \u0432\u0440\u0435\u043c\u0435 \u0447\u0438\u0442\u0430\u045a\u0430":"2 \u043c\u0438\u043d\u0443\u0442\u0430"},"schema":{"@context":"https:\/\/schema.org","@graph":[{"@type":"Article","@id":"https:\/\/balkangreenenergynews.com\/rs\/osnovana-neformalna-zelena-poslanicka-grupa\/#article","isPartOf":{"@id":"https:\/\/balkangreenenergynews.com\/rs\/osnovana-neformalna-zelena-poslanicka-grupa\/"},"author":{"name":"Balkan Green Energy News","@id":"https:\/\/balkangreenenergynews.com\/rs\/#\/schema\/person\/dee275e6036b1a0f7ceaf956d79d4eff"},"headline":"Osnovana neformalna Zelena poslani\u010dka grupa","datePublished":"2018-05-04T09:46:18+00:00","dateModified":"2020-10-29T21:14:44+00:00","mainEntityOfPage":{"@id":"https:\/\/balkangreenenergynews.com\/rs\/osnovana-neformalna-zelena-poslanicka-grupa\/"},"wordCount":437,"commentCount":0,"image":{"@id":"https:\/\/balkangreenenergynews.com\/rs\/osnovana-neformalna-zelena-poslanicka-grupa\/#primaryimage"},"thumbnailUrl":"https:\/\/balkangreenenergynews.com\/rs\/wp-content\/uploads\/2018\/05\/Osnovana-neformalna-Zelena-poslanicka-grupa.jpg?wsr","keywords":["energetska efikasnost","GIZ","odr\u017eivi razvoj","za\u0161tita \u017eivotne sredine"],"articleSection":["Energetska efikasnost","OIE","\u017divotna sredina"],"inLanguage":"sr-RS","potentialAction":[{"@type":"CommentAction","name":"Comment","target":["https:\/\/balkangreenenergynews.com\/rs\/osnovana-neformalna-zelena-poslanicka-grupa\/#respond"]}]},{"@type":"WebPage","@id":"https:\/\/balkangreenenergynews.com\/rs\/osnovana-neformalna-zelena-poslanicka-grupa\/","url":"https:\/\/balkangreenenergynews.com\/rs\/osnovana-neformalna-zelena-poslanicka-grupa\/","name":"Osnovana neformalna Zelena poslani\u010dka grupa","isPartOf":{"@id":"https:\/\/balkangreenenergynews.com\/rs\/#website"},"primaryImageOfPage":{"@id":"https:\/\/balkangreenenergynews.com\/rs\/osnovana-neformalna-zelena-poslanicka-grupa\/#primaryimage"},"image":{"@id":"https:\/\/balkangreenenergynews.com\/rs\/osnovana-neformalna-zelena-poslanicka-grupa\/#primaryimage"},"thumbnailUrl":"https:\/\/balkangreenenergynews.com\/rs\/wp-content\/uploads\/2018\/05\/Osnovana-neformalna-Zelena-poslanicka-grupa.jpg?wsr","datePublished":"2018-05-04T09:46:18+00:00","dateModified":"2020-10-29T21:14:44+00:00","author":{"@id":"https:\/\/balkangreenenergynews.com\/rs\/#\/schema\/person\/dee275e6036b1a0f7ceaf956d79d4eff"},"description":"\u0160kola demokratskog rukovo\u0111enja je u saradnji sa poslanicima Skup\u0161tine Crne Gore osnovala neformalnu Zelenu poslani\u010dku grupu, a uz podr\u0161ku GIZ. Cilj ovog projekta je da teme za\u0161tite \u017eivotne sredine, odr\u017eivog kori\u0161\u0107enja energije i energetske efikasnosti dobiju zaslu\u017eeni prioritet i na\u0111u se u fokusu prilikom odlu\u010divanja.","breadcrumb":{"@id":"https:\/\/balkangreenenergynews.com\/rs\/osnovana-neformalna-zelena-poslanicka-grupa\/#breadcrumb"},"inLanguage":"sr-RS","potentialAction":[{"@type":"ReadAction","target":["https:\/\/balkangreenenergynews.com\/rs\/osnovana-neformalna-zelena-poslanicka-grupa\/"]}]},{"@type":"ImageObject","inLanguage":"sr-RS","@id":"https:\/\/balkangreenenergynews.com\/rs\/osnovana-neformalna-zelena-poslanicka-grupa\/#primaryimage","url":"https:\/\/balkangreenenergynews.com\/rs\/wp-content\/uploads\/2018\/05\/Osnovana-neformalna-Zelena-poslanicka-grupa.jpg?wsr","contentUrl":"https:\/\/balkangreenenergynews.com\/rs\/wp-content\/uploads\/2018\/05\/Osnovana-neformalna-Zelena-poslanicka-grupa.jpg?wsr","width":795,"height":407,"caption":"Osnovana-neformalna-Zelena-poslanicka-grupa"},{"@type":"BreadcrumbList","@id":"https:\/\/balkangreenenergynews.com\/rs\/osnovana-neformalna-zelena-poslanicka-grupa\/#breadcrumb","itemListElement":[{"@type":"ListItem","position":1,"name":"Po\u010detna","item":"https:\/\/balkangreenenergynews.com\/rs\/"},{"@type":"ListItem","position":2,"name":"GIZ ORF-EE","item":"https:\/\/balkangreenenergynews.com\/rs\/kategorija\/giz-orf-ee\/"},{"@type":"ListItem","position":3,"name":"Osnovana neformalna Zelena poslani\u010dka grupa"}]},{"@type":"WebSite","@id":"https:\/\/balkangreenenergynews.com\/rs\/#website","url":"https:\/\/balkangreenenergynews.com\/rs\/","name":"Balkan Green Energy News","description":"Naj\u0161iri izbor vesti sa Balkana o zelenoj energiji","potentialAction":[{"@type":"SearchAction","target":{"@type":"EntryPoint","urlTemplate":"https:\/\/balkangreenenergynews.com\/rs\/?s={search_term_string}"},"query-input":{"@type":"PropertyValueSpecification","valueRequired":true,"valueName":"search_term_string"}}],"inLanguage":"sr-RS"},{"@type":"Person","@id":"https:\/\/balkangreenenergynews.com\/rs\/#\/schema\/person\/dee275e6036b1a0f7ceaf956d79d4eff","name":"Balkan Green Energy News","url":"https:\/\/balkangreenenergynews.com\/rs\/author\/balkangreenenergynews\/"}]}},"_links":{"self":[{"href":"https:\/\/balkangreenenergynews.com\/rs\/wp-json\/wp\/v2\/posts\/17251","targetHints":{"allow":["GET"]}}],"collection":[{"href":"https:\/\/balkangreenenergynews.com\/rs\/wp-json\/wp\/v2\/posts"}],"about":[{"href":"https:\/\/balkangreenenergynews.com\/rs\/wp-json\/wp\/v2\/types\/post"}],"author":[{"embeddable":true,"href":"https:\/\/balkangreenenergynews.com\/rs\/wp-json\/wp\/v2\/users\/25"}],"replies":[{"embeddable":true,"href":"https:\/\/balkangreenenergynews.com\/rs\/wp-json\/wp\/v2\/comments?post=17251"}],"version-history":[{"count":0,"href":"https:\/\/balkangreenenergynews.com\/rs\/wp-json\/wp\/v2\/posts\/17251\/revisions"}],"wp:featuredmedia":[{"embeddable":true,"href":"https:\/\/balkangreenenergynews.com\/rs\/wp-json\/wp\/v2\/media\/29724"}],"wp:attachment":[{"href":"https:\/\/balkangreenenergynews.com\/rs\/wp-json\/wp\/v2\/media?parent=17251"}],"wp:term":[{"taxonomy":"category","embeddable":true,"href":"https:\/\/balkangreenenergynews.com\/rs\/wp-json\/wp\/v2\/categories?post=17251"},{"taxonomy":"post_tag","embeddable":true,"href":"https:\/\/balkangreenenergynews.com\/rs\/wp-json\/wp\/v2\/tags?post=17251"}],"curies":[{"name":"wp","href":"https:\/\/api.w.org\/{rel}","templated":true}]}}