{"id":17046,"date":"2018-04-17T16:27:48","date_gmt":"2018-04-17T14:27:48","guid":{"rendered":"https:\/\/balkangreenenergynews.com\/rs\/?p=17046"},"modified":"2018-12-07T14:55:22","modified_gmt":"2018-12-07T13:55:22","slug":"crna-gora-ubrzava-preuzimanje-akcija-u-epcg-od-italijanske-kompanije","status":"publish","type":"post","link":"https:\/\/balkangreenenergynews.com\/rs\/crna-gora-ubrzava-preuzimanje-akcija-u-epcg-od-italijanske-kompanije\/","title":{"rendered":"Crna Gora ubrzava preuzimanje akcija u EPCG od italijanske kompanije"},"content":{"rendered":"<h2>Vlada Crne Gore namerava da tokom maja pove\u0107a vlasni\u010dki udeo u Elektroprivredi Crne Gore (EPCG) sa 57,01 na 70,16 odsto umesto na, inicijalno predvi\u0111enih, 63 odsto.<\/h2>\n<p>Ovo je predvi\u0111eno Predlogom Ugovora o izvr\u0161enju \u201cput opcije\u201d, koji je Vlada Crne Gore, bez odr\u017eavanja sednice, a na osnovu pribavljenog mi\u0161ljenja ve\u0107ine \u010dlanova, usvojila i prosledila Skup\u0161tini na razmatranje.<\/p>\n<p>Na ovaj na\u010din, kako je saop\u0161tila Vlada Crne Gore, osim \u0161to sti\u010de dvotre\u0107insko vlasni\u0161tvo i odgovaraju\u0107a akcionarska prava, dr\u017eava ve\u0107 u prvom koraku vra\u0107a svoj vlasni\u010dki udeo u EPCG na nivo pre delimi\u010dne privatizacije i dokapitalizacije iz 2009. godine, kada je italijanska kompanija A2A postala suvlasnik.<\/p>\n<p>\u201cPredlogom Ugovora predvi\u0111eno je da, umesto prve tran\u0161e od 35,7 miliona evra za 7.826.438 akcija, dr\u017eava uplati 68,9 miliona evra za 17.252.885 akcija, i pove\u0107a vlasni\u010dki udeo sa 57,01 odsto na 70,16 umesto na, inicijalno predvi\u0111enih 63\u201d, saop\u0161tila je Vlada Crne Gore.<\/p>\n<p>Preostale akcije bi\u0107e, prema Ugovoru, preuzete od strane EPCG kroz mehanizam sticanja sopstvenih akcija, u skladu sa Zakonom o privrednim dru\u0161tvima, i od strane dr\u017eave u naizmeni\u010dnim tran\u0161ama.<\/p>\n<p>U Vladi Crne Gore tvrde da se u pore\u0111enju sa osnovnom varijantom iz ugovora iz avgusta 2016. godine, novim ugovorom trostruko br\u017ee sprovodi raskidna klauzula strate\u0161kog partnerstva, stvaraju se preduslovi za definisanje razvojnih i investicionih planova u EPCG, ali i ostvaruje zna\u010dajna finansijska u\u0161teda od oko 20 miliona evra.<\/p>\n<p>Po\u010detkom juna 2017. godine italijanska <a href=\"https:\/\/balkangreenenergynews.com\/rs\/italijanska-kompanija-a2a-prodaje-akcije-u-epcg\/\">kompanija A2A odlu\u010dila je da proda svoj udeo u EPCG<\/a>.<\/p>\n<div class=\"page-content\">\n<p>Put opcija je definisana akcionarskim ugovorom izme\u0111u Vlade i A2A i predvi\u0111a prodaju akcija A2A u EPCG za 250 miliona evra u sedam godi\u0161njih rata po\u010dev od 1. maja 2018. godine.<\/p>\n<\/div>\n","protected":false},"excerpt":{"rendered":"<p>Vlada Crne Gore namerava da tokom maja pove\u0107a vlasni\u010dki udeo u Elektroprivredi Crne Gore (EPCG)&#8230;<\/p>\n","protected":false},"author":23,"featured_media":17047,"comment_status":"open","ping_status":"closed","sticky":false,"template":"","format":"standard","meta":{"_acf_changed":false,"_monsterinsights_skip_tracking":false,"_monsterinsights_sitenote_active":false,"_monsterinsights_sitenote_note":"","_monsterinsights_sitenote_category":0,"footnotes":""},"categories":[504],"tags":[61,189,1278],"class_list":["post-17046","post","type-post","status-publish","format-standard","has-post-thumbnail","hentry","category-elektricna-energija","tag-a2a","tag-epcg","tag-privatizacija","country-crna-gora"],"acf":[],"yoast_head":"<!-- This site is optimized with the Yoast SEO plugin v27.4 - https:\/\/yoast.com\/product\/yoast-seo-wordpress\/ -->\n<title>Crna Gora ubrzava preuzimanje akcija u EPCG od italijanske kompanije<\/title>\n<meta name=\"description\" content=\"Vlada Crne Gore namerava da tokom maja pove\u0107a vlasni\u010dki udeo u Elektroprivredi Crne Gore (EPCG) sa 57,01 na 70,16 odsto umesto na, inicijalno predvi\u0111enih, 63 odsto.\" \/>\n<meta name=\"robots\" content=\"index, follow, max-snippet:-1, max-image-preview:large, max-video-preview:-1\" \/>\n<link rel=\"canonical\" href=\"https:\/\/balkangreenenergynews.com\/rs\/crna-gora-ubrzava-preuzimanje-akcija-u-epcg-od-italijanske-kompanije\/\" \/>\n<meta property=\"og:locale\" content=\"sr_RS\" \/>\n<meta property=\"og:type\" content=\"article\" \/>\n<meta property=\"og:title\" content=\"Crna Gora ubrzava preuzimanje akcija u EPCG od italijanske kompanije\" \/>\n<meta property=\"og:description\" content=\"Vlada Crne Gore namerava da tokom maja pove\u0107a vlasni\u010dki udeo u Elektroprivredi Crne Gore (EPCG) sa 57,01 na 70,16 odsto umesto na, inicijalno predvi\u0111enih, 63 odsto.\" \/>\n<meta property=\"og:url\" content=\"https:\/\/balkangreenenergynews.com\/rs\/crna-gora-ubrzava-preuzimanje-akcija-u-epcg-od-italijanske-kompanije\/\" \/>\n<meta property=\"og:site_name\" content=\"Balkan Green Energy News\" \/>\n<meta property=\"article:published_time\" content=\"2018-04-17T14:27:48+00:00\" \/>\n<meta property=\"article:modified_time\" content=\"2018-12-07T13:55:22+00:00\" \/>\n<meta property=\"og:image\" content=\"https:\/\/balkangreenenergynews.com\/rs\/wp-content\/uploads\/2018\/04\/Crna-Gora-ubrzava-preuzimanje-akcija-u-EPCG-od-italijanske-kompanije.jpg\" \/>\n\t<meta property=\"og:image:width\" content=\"795\" \/>\n\t<meta property=\"og:image:height\" content=\"407\" \/>\n\t<meta property=\"og:image:type\" content=\"image\/jpeg\" \/>\n<meta name=\"author\" content=\"Vladimir Spasi\u0107\" \/>\n<meta name=\"twitter:card\" content=\"summary_large_image\" \/>\n<meta name=\"twitter:label1\" content=\"\u041d\u0430\u043f\u0438\u0441\u0430\u043d\u043e \u043e\u0434\" \/>\n\t<meta name=\"twitter:data1\" content=\"Vladimir Spasi\u0107\" \/>\n\t<meta name=\"twitter:label2\" content=\"\u041f\u0440\u043e\u0446\u0435\u045a\u0435\u043d\u043e \u0432\u0440\u0435\u043c\u0435 \u0447\u0438\u0442\u0430\u045a\u0430\" \/>\n\t<meta name=\"twitter:data2\" content=\"1 \u043c\u0438\u043d\u0443\u0442\" \/>\n<script type=\"application\/ld+json\" class=\"yoast-schema-graph\">{\"@context\":\"https:\\\/\\\/schema.org\",\"@graph\":[{\"@type\":\"Article\",\"@id\":\"https:\\\/\\\/balkangreenenergynews.com\\\/rs\\\/crna-gora-ubrzava-preuzimanje-akcija-u-epcg-od-italijanske-kompanije\\\/#article\",\"isPartOf\":{\"@id\":\"https:\\\/\\\/balkangreenenergynews.com\\\/rs\\\/crna-gora-ubrzava-preuzimanje-akcija-u-epcg-od-italijanske-kompanije\\\/\"},\"author\":{\"name\":\"Vladimir Spasi\u0107\",\"@id\":\"https:\\\/\\\/balkangreenenergynews.com\\\/rs\\\/#\\\/schema\\\/person\\\/99dc721c46113fea22caffad06ef7317\"},\"headline\":\"Crna Gora ubrzava preuzimanje akcija u EPCG od italijanske kompanije\",\"datePublished\":\"2018-04-17T14:27:48+00:00\",\"dateModified\":\"2018-12-07T13:55:22+00:00\",\"mainEntityOfPage\":{\"@id\":\"https:\\\/\\\/balkangreenenergynews.com\\\/rs\\\/crna-gora-ubrzava-preuzimanje-akcija-u-epcg-od-italijanske-kompanije\\\/\"},\"wordCount\":306,\"commentCount\":0,\"image\":{\"@id\":\"https:\\\/\\\/balkangreenenergynews.com\\\/rs\\\/crna-gora-ubrzava-preuzimanje-akcija-u-epcg-od-italijanske-kompanije\\\/#primaryimage\"},\"thumbnailUrl\":\"https:\\\/\\\/balkangreenenergynews.com\\\/rs\\\/wp-content\\\/uploads\\\/2018\\\/04\\\/Crna-Gora-ubrzava-preuzimanje-akcija-u-EPCG-od-italijanske-kompanije.jpg?wsr\",\"keywords\":[\"A2A\",\"EPCG\",\"privatizacija\"],\"articleSection\":[\"Elektri\u010dna energija\"],\"inLanguage\":\"sr-RS\",\"potentialAction\":[{\"@type\":\"CommentAction\",\"name\":\"Comment\",\"target\":[\"https:\\\/\\\/balkangreenenergynews.com\\\/rs\\\/crna-gora-ubrzava-preuzimanje-akcija-u-epcg-od-italijanske-kompanije\\\/#respond\"]}]},{\"@type\":\"WebPage\",\"@id\":\"https:\\\/\\\/balkangreenenergynews.com\\\/rs\\\/crna-gora-ubrzava-preuzimanje-akcija-u-epcg-od-italijanske-kompanije\\\/\",\"url\":\"https:\\\/\\\/balkangreenenergynews.com\\\/rs\\\/crna-gora-ubrzava-preuzimanje-akcija-u-epcg-od-italijanske-kompanije\\\/\",\"name\":\"Crna Gora ubrzava preuzimanje akcija u EPCG od italijanske kompanije\",\"isPartOf\":{\"@id\":\"https:\\\/\\\/balkangreenenergynews.com\\\/rs\\\/#website\"},\"primaryImageOfPage\":{\"@id\":\"https:\\\/\\\/balkangreenenergynews.com\\\/rs\\\/crna-gora-ubrzava-preuzimanje-akcija-u-epcg-od-italijanske-kompanije\\\/#primaryimage\"},\"image\":{\"@id\":\"https:\\\/\\\/balkangreenenergynews.com\\\/rs\\\/crna-gora-ubrzava-preuzimanje-akcija-u-epcg-od-italijanske-kompanije\\\/#primaryimage\"},\"thumbnailUrl\":\"https:\\\/\\\/balkangreenenergynews.com\\\/rs\\\/wp-content\\\/uploads\\\/2018\\\/04\\\/Crna-Gora-ubrzava-preuzimanje-akcija-u-EPCG-od-italijanske-kompanije.jpg?wsr\",\"datePublished\":\"2018-04-17T14:27:48+00:00\",\"dateModified\":\"2018-12-07T13:55:22+00:00\",\"author\":{\"@id\":\"https:\\\/\\\/balkangreenenergynews.com\\\/rs\\\/#\\\/schema\\\/person\\\/99dc721c46113fea22caffad06ef7317\"},\"description\":\"Vlada Crne Gore namerava da tokom maja pove\u0107a vlasni\u010dki udeo u Elektroprivredi Crne Gore (EPCG) sa 57,01 na 70,16 odsto umesto na, inicijalno predvi\u0111enih, 63 odsto.\",\"breadcrumb\":{\"@id\":\"https:\\\/\\\/balkangreenenergynews.com\\\/rs\\\/crna-gora-ubrzava-preuzimanje-akcija-u-epcg-od-italijanske-kompanije\\\/#breadcrumb\"},\"inLanguage\":\"sr-RS\",\"potentialAction\":[{\"@type\":\"ReadAction\",\"target\":[\"https:\\\/\\\/balkangreenenergynews.com\\\/rs\\\/crna-gora-ubrzava-preuzimanje-akcija-u-epcg-od-italijanske-kompanije\\\/\"]}]},{\"@type\":\"ImageObject\",\"inLanguage\":\"sr-RS\",\"@id\":\"https:\\\/\\\/balkangreenenergynews.com\\\/rs\\\/crna-gora-ubrzava-preuzimanje-akcija-u-epcg-od-italijanske-kompanije\\\/#primaryimage\",\"url\":\"https:\\\/\\\/balkangreenenergynews.com\\\/rs\\\/wp-content\\\/uploads\\\/2018\\\/04\\\/Crna-Gora-ubrzava-preuzimanje-akcija-u-EPCG-od-italijanske-kompanije.jpg?wsr\",\"contentUrl\":\"https:\\\/\\\/balkangreenenergynews.com\\\/rs\\\/wp-content\\\/uploads\\\/2018\\\/04\\\/Crna-Gora-ubrzava-preuzimanje-akcija-u-EPCG-od-italijanske-kompanije.jpg?wsr\",\"width\":795,\"height\":407},{\"@type\":\"BreadcrumbList\",\"@id\":\"https:\\\/\\\/balkangreenenergynews.com\\\/rs\\\/crna-gora-ubrzava-preuzimanje-akcija-u-epcg-od-italijanske-kompanije\\\/#breadcrumb\",\"itemListElement\":[{\"@type\":\"ListItem\",\"position\":1,\"name\":\"Po\u010detna\",\"item\":\"https:\\\/\\\/balkangreenenergynews.com\\\/rs\\\/\"},{\"@type\":\"ListItem\",\"position\":2,\"name\":\"Vesti\",\"item\":\"https:\\\/\\\/balkangreenenergynews.com\\\/rs\\\/kategorija\\\/vesti\\\/\"},{\"@type\":\"ListItem\",\"position\":3,\"name\":\"Elektri\u010dna energija\",\"item\":\"https:\\\/\\\/balkangreenenergynews.com\\\/rs\\\/kategorija\\\/vesti\\\/elektricna-energija\\\/\"},{\"@type\":\"ListItem\",\"position\":4,\"name\":\"Crna Gora ubrzava preuzimanje akcija u EPCG od italijanske kompanije\"}]},{\"@type\":\"WebSite\",\"@id\":\"https:\\\/\\\/balkangreenenergynews.com\\\/rs\\\/#website\",\"url\":\"https:\\\/\\\/balkangreenenergynews.com\\\/rs\\\/\",\"name\":\"Balkan Green Energy News\",\"description\":\"Naj\u0161iri izbor vesti sa Balkana o zelenoj energiji\",\"potentialAction\":[{\"@type\":\"SearchAction\",\"target\":{\"@type\":\"EntryPoint\",\"urlTemplate\":\"https:\\\/\\\/balkangreenenergynews.com\\\/rs\\\/?s={search_term_string}\"},\"query-input\":{\"@type\":\"PropertyValueSpecification\",\"valueRequired\":true,\"valueName\":\"search_term_string\"}}],\"inLanguage\":\"sr-RS\"},{\"@type\":\"Person\",\"@id\":\"https:\\\/\\\/balkangreenenergynews.com\\\/rs\\\/#\\\/schema\\\/person\\\/99dc721c46113fea22caffad06ef7317\",\"name\":\"Vladimir Spasi\u0107\",\"url\":\"https:\\\/\\\/balkangreenenergynews.com\\\/rs\\\/author\\\/vladimir-spasic\\\/\"}]}<\/script>\n<!-- \/ Yoast SEO plugin. -->","yoast_head_json":{"title":"Crna Gora ubrzava preuzimanje akcija u EPCG od italijanske kompanije","description":"Vlada Crne Gore namerava da tokom maja pove\u0107a vlasni\u010dki udeo u Elektroprivredi Crne Gore (EPCG) sa 57,01 na 70,16 odsto umesto na, inicijalno predvi\u0111enih, 63 odsto.","robots":{"index":"index","follow":"follow","max-snippet":"max-snippet:-1","max-image-preview":"max-image-preview:large","max-video-preview":"max-video-preview:-1"},"canonical":"https:\/\/balkangreenenergynews.com\/rs\/crna-gora-ubrzava-preuzimanje-akcija-u-epcg-od-italijanske-kompanije\/","og_locale":"sr_RS","og_type":"article","og_title":"Crna Gora ubrzava preuzimanje akcija u EPCG od italijanske kompanije","og_description":"Vlada Crne Gore namerava da tokom maja pove\u0107a vlasni\u010dki udeo u Elektroprivredi Crne Gore (EPCG) sa 57,01 na 70,16 odsto umesto na, inicijalno predvi\u0111enih, 63 odsto.","og_url":"https:\/\/balkangreenenergynews.com\/rs\/crna-gora-ubrzava-preuzimanje-akcija-u-epcg-od-italijanske-kompanije\/","og_site_name":"Balkan Green Energy News","article_published_time":"2018-04-17T14:27:48+00:00","article_modified_time":"2018-12-07T13:55:22+00:00","og_image":[{"width":795,"height":407,"url":"https:\/\/balkangreenenergynews.com\/rs\/wp-content\/uploads\/2018\/04\/Crna-Gora-ubrzava-preuzimanje-akcija-u-EPCG-od-italijanske-kompanije.jpg","type":"image\/jpeg"}],"author":"Vladimir Spasi\u0107","twitter_card":"summary_large_image","twitter_misc":{"\u041d\u0430\u043f\u0438\u0441\u0430\u043d\u043e \u043e\u0434":"Vladimir Spasi\u0107","\u041f\u0440\u043e\u0446\u0435\u045a\u0435\u043d\u043e \u0432\u0440\u0435\u043c\u0435 \u0447\u0438\u0442\u0430\u045a\u0430":"1 \u043c\u0438\u043d\u0443\u0442"},"schema":{"@context":"https:\/\/schema.org","@graph":[{"@type":"Article","@id":"https:\/\/balkangreenenergynews.com\/rs\/crna-gora-ubrzava-preuzimanje-akcija-u-epcg-od-italijanske-kompanije\/#article","isPartOf":{"@id":"https:\/\/balkangreenenergynews.com\/rs\/crna-gora-ubrzava-preuzimanje-akcija-u-epcg-od-italijanske-kompanije\/"},"author":{"name":"Vladimir Spasi\u0107","@id":"https:\/\/balkangreenenergynews.com\/rs\/#\/schema\/person\/99dc721c46113fea22caffad06ef7317"},"headline":"Crna Gora ubrzava preuzimanje akcija u EPCG od italijanske kompanije","datePublished":"2018-04-17T14:27:48+00:00","dateModified":"2018-12-07T13:55:22+00:00","mainEntityOfPage":{"@id":"https:\/\/balkangreenenergynews.com\/rs\/crna-gora-ubrzava-preuzimanje-akcija-u-epcg-od-italijanske-kompanije\/"},"wordCount":306,"commentCount":0,"image":{"@id":"https:\/\/balkangreenenergynews.com\/rs\/crna-gora-ubrzava-preuzimanje-akcija-u-epcg-od-italijanske-kompanije\/#primaryimage"},"thumbnailUrl":"https:\/\/balkangreenenergynews.com\/rs\/wp-content\/uploads\/2018\/04\/Crna-Gora-ubrzava-preuzimanje-akcija-u-EPCG-od-italijanske-kompanije.jpg?wsr","keywords":["A2A","EPCG","privatizacija"],"articleSection":["Elektri\u010dna energija"],"inLanguage":"sr-RS","potentialAction":[{"@type":"CommentAction","name":"Comment","target":["https:\/\/balkangreenenergynews.com\/rs\/crna-gora-ubrzava-preuzimanje-akcija-u-epcg-od-italijanske-kompanije\/#respond"]}]},{"@type":"WebPage","@id":"https:\/\/balkangreenenergynews.com\/rs\/crna-gora-ubrzava-preuzimanje-akcija-u-epcg-od-italijanske-kompanije\/","url":"https:\/\/balkangreenenergynews.com\/rs\/crna-gora-ubrzava-preuzimanje-akcija-u-epcg-od-italijanske-kompanije\/","name":"Crna Gora ubrzava preuzimanje akcija u EPCG od italijanske kompanije","isPartOf":{"@id":"https:\/\/balkangreenenergynews.com\/rs\/#website"},"primaryImageOfPage":{"@id":"https:\/\/balkangreenenergynews.com\/rs\/crna-gora-ubrzava-preuzimanje-akcija-u-epcg-od-italijanske-kompanije\/#primaryimage"},"image":{"@id":"https:\/\/balkangreenenergynews.com\/rs\/crna-gora-ubrzava-preuzimanje-akcija-u-epcg-od-italijanske-kompanije\/#primaryimage"},"thumbnailUrl":"https:\/\/balkangreenenergynews.com\/rs\/wp-content\/uploads\/2018\/04\/Crna-Gora-ubrzava-preuzimanje-akcija-u-EPCG-od-italijanske-kompanije.jpg?wsr","datePublished":"2018-04-17T14:27:48+00:00","dateModified":"2018-12-07T13:55:22+00:00","author":{"@id":"https:\/\/balkangreenenergynews.com\/rs\/#\/schema\/person\/99dc721c46113fea22caffad06ef7317"},"description":"Vlada Crne Gore namerava da tokom maja pove\u0107a vlasni\u010dki udeo u Elektroprivredi Crne Gore (EPCG) sa 57,01 na 70,16 odsto umesto na, inicijalno predvi\u0111enih, 63 odsto.","breadcrumb":{"@id":"https:\/\/balkangreenenergynews.com\/rs\/crna-gora-ubrzava-preuzimanje-akcija-u-epcg-od-italijanske-kompanije\/#breadcrumb"},"inLanguage":"sr-RS","potentialAction":[{"@type":"ReadAction","target":["https:\/\/balkangreenenergynews.com\/rs\/crna-gora-ubrzava-preuzimanje-akcija-u-epcg-od-italijanske-kompanije\/"]}]},{"@type":"ImageObject","inLanguage":"sr-RS","@id":"https:\/\/balkangreenenergynews.com\/rs\/crna-gora-ubrzava-preuzimanje-akcija-u-epcg-od-italijanske-kompanije\/#primaryimage","url":"https:\/\/balkangreenenergynews.com\/rs\/wp-content\/uploads\/2018\/04\/Crna-Gora-ubrzava-preuzimanje-akcija-u-EPCG-od-italijanske-kompanije.jpg?wsr","contentUrl":"https:\/\/balkangreenenergynews.com\/rs\/wp-content\/uploads\/2018\/04\/Crna-Gora-ubrzava-preuzimanje-akcija-u-EPCG-od-italijanske-kompanije.jpg?wsr","width":795,"height":407},{"@type":"BreadcrumbList","@id":"https:\/\/balkangreenenergynews.com\/rs\/crna-gora-ubrzava-preuzimanje-akcija-u-epcg-od-italijanske-kompanije\/#breadcrumb","itemListElement":[{"@type":"ListItem","position":1,"name":"Po\u010detna","item":"https:\/\/balkangreenenergynews.com\/rs\/"},{"@type":"ListItem","position":2,"name":"Vesti","item":"https:\/\/balkangreenenergynews.com\/rs\/kategorija\/vesti\/"},{"@type":"ListItem","position":3,"name":"Elektri\u010dna energija","item":"https:\/\/balkangreenenergynews.com\/rs\/kategorija\/vesti\/elektricna-energija\/"},{"@type":"ListItem","position":4,"name":"Crna Gora ubrzava preuzimanje akcija u EPCG od italijanske kompanije"}]},{"@type":"WebSite","@id":"https:\/\/balkangreenenergynews.com\/rs\/#website","url":"https:\/\/balkangreenenergynews.com\/rs\/","name":"Balkan Green Energy News","description":"Naj\u0161iri izbor vesti sa Balkana o zelenoj energiji","potentialAction":[{"@type":"SearchAction","target":{"@type":"EntryPoint","urlTemplate":"https:\/\/balkangreenenergynews.com\/rs\/?s={search_term_string}"},"query-input":{"@type":"PropertyValueSpecification","valueRequired":true,"valueName":"search_term_string"}}],"inLanguage":"sr-RS"},{"@type":"Person","@id":"https:\/\/balkangreenenergynews.com\/rs\/#\/schema\/person\/99dc721c46113fea22caffad06ef7317","name":"Vladimir Spasi\u0107","url":"https:\/\/balkangreenenergynews.com\/rs\/author\/vladimir-spasic\/"}]}},"_links":{"self":[{"href":"https:\/\/balkangreenenergynews.com\/rs\/wp-json\/wp\/v2\/posts\/17046","targetHints":{"allow":["GET"]}}],"collection":[{"href":"https:\/\/balkangreenenergynews.com\/rs\/wp-json\/wp\/v2\/posts"}],"about":[{"href":"https:\/\/balkangreenenergynews.com\/rs\/wp-json\/wp\/v2\/types\/post"}],"author":[{"embeddable":true,"href":"https:\/\/balkangreenenergynews.com\/rs\/wp-json\/wp\/v2\/users\/23"}],"replies":[{"embeddable":true,"href":"https:\/\/balkangreenenergynews.com\/rs\/wp-json\/wp\/v2\/comments?post=17046"}],"version-history":[{"count":0,"href":"https:\/\/balkangreenenergynews.com\/rs\/wp-json\/wp\/v2\/posts\/17046\/revisions"}],"wp:featuredmedia":[{"embeddable":true,"href":"https:\/\/balkangreenenergynews.com\/rs\/wp-json\/wp\/v2\/media\/17047"}],"wp:attachment":[{"href":"https:\/\/balkangreenenergynews.com\/rs\/wp-json\/wp\/v2\/media?parent=17046"}],"wp:term":[{"taxonomy":"category","embeddable":true,"href":"https:\/\/balkangreenenergynews.com\/rs\/wp-json\/wp\/v2\/categories?post=17046"},{"taxonomy":"post_tag","embeddable":true,"href":"https:\/\/balkangreenenergynews.com\/rs\/wp-json\/wp\/v2\/tags?post=17046"}],"curies":[{"name":"wp","href":"https:\/\/api.w.org\/{rel}","templated":true}]}}