{"id":16946,"date":"2018-04-12T16:11:36","date_gmt":"2018-04-12T14:11:36","guid":{"rendered":"https:\/\/balkangreenenergynews.com\/rs\/?p=16946"},"modified":"2020-05-03T19:36:44","modified_gmt":"2020-05-03T17:36:44","slug":"sepen-postao-clan-evropske-organizacije-za-ambalazu-zivotnu-sredinu","status":"publish","type":"post","link":"https:\/\/balkangreenenergynews.com\/rs\/sepen-postao-clan-evropske-organizacije-za-ambalazu-zivotnu-sredinu\/","title":{"rendered":"SEPEN postao \u010dlan Evropske organizacije za ambala\u017eu i \u017eivotnu sredinu"},"content":{"rendered":"<h2>Udru\u017eenje za ambala\u017eu i \u017eivotnu sredinu SEPEN iz Srbije primljeno je u punopravno \u010dlanstvo Evropske organizacije za ambala\u017eu i \u017eivotnu sredinu EUROPEN.<\/h2>\n<p>EUROPEN je organizacija koja okuplja industrije iz lanca snabdevanja u oblasti ambala\u017ee u Evropi i bavi se temama koje se ti\u010du pakovanja i za\u0161tite \u017eivotne sredine, bez favorizovanja bilo kog specifi\u010dnog materijala za pakovanje ili sistema upravljanja ambala\u017enim otpadom.<\/p>\n<p>\u201cNa sastanku Saveta \u010dlanova Evropske organizacije za ambala\u017eu i \u017eivotnu sredinu EUROPEN u Briselu, doneta je odluka o prijemu Udru\u017eenja za ambala\u017eu i \u017eivotnu sredinu SEPEN u punopravno \u010dlanstvo\u201d, saop\u0161tio je SEPEN.<\/p>\n<p>\u010clanovi ovog udru\u017eenja su Coca-Cola HBC Srbija, Ball Packaging Europe, Terra Production, Knjaz Milo\u0161, Japan Tobacco International, PEPSICO Srbija i Udru\u017eenje pivara Srbije.<\/p>\n<p>SEPEN je, kako navode u ovom udru\u017eenju, na ovaj na\u010din postao deo organizacije vi\u0161e od 40 najve\u0107ih evropskih kompanija, koje predstavljaju skoro sve segmente lanca vrednosti iz domena pakovanja kao i osam nacionalnih industrijskih asocijacija koje se bave ambala\u017eom i \u017eivotnom sredinom.<\/p>\n<p>\u201cEUROPEN je posve\u0107en unapre\u0111ivanju sistema proizvodnje i kori\u0161\u0107enja pakovanja zasnovanog na pristupu koji obuhvata sve faze \u201c\u017eivotnog ciklusa\u201d pakovanja, obezbe\u0111ivanju slobodnog protoka pakovanja i upakovanih proizvoda u Evropi, kao i promovisanju uskladjenog evropskog i nacionanalnog zakonodavstva u oblasti pakovanja i upravljanja ambala\u017enim otpadom\u201d, isti\u010du u udru\u017eenju SEPEN.<\/p>\n","protected":false},"excerpt":{"rendered":"<p>Udru\u017eenje za ambala\u017eu i \u017eivotnu sredinu SEPEN iz Srbije primljeno je u punopravno \u010dlanstvo Evropske&#8230;<\/p>\n","protected":false},"author":2,"featured_media":29651,"comment_status":"open","ping_status":"closed","sticky":false,"template":"","format":"standard","meta":{"_acf_changed":false,"_monsterinsights_skip_tracking":false,"_monsterinsights_sitenote_active":false,"_monsterinsights_sitenote_note":"","_monsterinsights_sitenote_category":0,"footnotes":""},"categories":[5,4],"tags":[3484],"class_list":["post-16946","post","type-post","status-publish","format-standard","has-post-thumbnail","hentry","category-otpad","category-zivotna-sredina","tag-ambalazni-otpad","country-srbija"],"acf":[],"yoast_head":"<!-- This site is optimized with the Yoast SEO plugin v27.4 - https:\/\/yoast.com\/product\/yoast-seo-wordpress\/ -->\n<title>SEPEN postao \u010dlan Evropske organizacije za ambala\u017eu i \u017eivotnu sredinu<\/title>\n<meta name=\"description\" content=\"Udru\u017eenja za ambala\u017eu i \u017eivotnu sredinu SEPEN iz Srbije primljeno je u punopravno \u010dlanstvo Evropske organizacije za ambala\u017eu i \u017eivotnu sredinu EUROPEN.\" \/>\n<meta name=\"robots\" content=\"index, follow, max-snippet:-1, max-image-preview:large, max-video-preview:-1\" \/>\n<link rel=\"canonical\" href=\"https:\/\/balkangreenenergynews.com\/rs\/sepen-postao-clan-evropske-organizacije-za-ambalazu-zivotnu-sredinu\/\" \/>\n<meta property=\"og:locale\" content=\"sr_RS\" \/>\n<meta property=\"og:type\" content=\"article\" \/>\n<meta property=\"og:title\" content=\"SEPEN postao \u010dlan Evropske organizacije za ambala\u017eu i \u017eivotnu sredinu\" \/>\n<meta property=\"og:description\" content=\"Udru\u017eenja za ambala\u017eu i \u017eivotnu sredinu SEPEN iz Srbije primljeno je u punopravno \u010dlanstvo Evropske organizacije za ambala\u017eu i \u017eivotnu sredinu EUROPEN.\" \/>\n<meta property=\"og:url\" content=\"https:\/\/balkangreenenergynews.com\/rs\/sepen-postao-clan-evropske-organizacije-za-ambalazu-zivotnu-sredinu\/\" \/>\n<meta property=\"og:site_name\" content=\"Balkan Green Energy News\" \/>\n<meta property=\"article:published_time\" content=\"2018-04-12T14:11:36+00:00\" \/>\n<meta property=\"article:modified_time\" content=\"2020-05-03T17:36:44+00:00\" \/>\n<meta property=\"og:image\" content=\"https:\/\/balkangreenenergynews.com\/rs\/wp-content\/uploads\/2018\/04\/SEPEN-postao-clan-Evropske-organizacije-za-ambalazu-i-zivotnu-sredinu.jpg\" \/>\n\t<meta property=\"og:image:width\" content=\"795\" \/>\n\t<meta property=\"og:image:height\" content=\"407\" \/>\n\t<meta property=\"og:image:type\" content=\"image\/jpeg\" \/>\n<meta name=\"author\" content=\"Branislava Jovi\u010di\u0107\" \/>\n<meta name=\"twitter:card\" content=\"summary_large_image\" \/>\n<meta name=\"twitter:creator\" content=\"@https:\/\/twitter.com\/BranaJovicic\" \/>\n<meta name=\"twitter:label1\" content=\"\u041d\u0430\u043f\u0438\u0441\u0430\u043d\u043e \u043e\u0434\" \/>\n\t<meta name=\"twitter:data1\" content=\"Branislava Jovi\u010di\u0107\" \/>\n\t<meta name=\"twitter:label2\" content=\"\u041f\u0440\u043e\u0446\u0435\u045a\u0435\u043d\u043e \u0432\u0440\u0435\u043c\u0435 \u0447\u0438\u0442\u0430\u045a\u0430\" \/>\n\t<meta name=\"twitter:data2\" content=\"1 \u043c\u0438\u043d\u0443\u0442\" \/>\n<script type=\"application\/ld+json\" class=\"yoast-schema-graph\">{\"@context\":\"https:\\\/\\\/schema.org\",\"@graph\":[{\"@type\":\"Article\",\"@id\":\"https:\\\/\\\/balkangreenenergynews.com\\\/rs\\\/sepen-postao-clan-evropske-organizacije-za-ambalazu-zivotnu-sredinu\\\/#article\",\"isPartOf\":{\"@id\":\"https:\\\/\\\/balkangreenenergynews.com\\\/rs\\\/sepen-postao-clan-evropske-organizacije-za-ambalazu-zivotnu-sredinu\\\/\"},\"author\":{\"name\":\"Branislava Jovi\u010di\u0107\",\"@id\":\"https:\\\/\\\/balkangreenenergynews.com\\\/rs\\\/#\\\/schema\\\/person\\\/ff4e9f9457769ba580672215875f5b38\"},\"headline\":\"SEPEN postao \u010dlan Evropske organizacije za ambala\u017eu i \u017eivotnu sredinu\",\"datePublished\":\"2018-04-12T14:11:36+00:00\",\"dateModified\":\"2020-05-03T17:36:44+00:00\",\"mainEntityOfPage\":{\"@id\":\"https:\\\/\\\/balkangreenenergynews.com\\\/rs\\\/sepen-postao-clan-evropske-organizacije-za-ambalazu-zivotnu-sredinu\\\/\"},\"wordCount\":241,\"commentCount\":0,\"image\":{\"@id\":\"https:\\\/\\\/balkangreenenergynews.com\\\/rs\\\/sepen-postao-clan-evropske-organizacije-za-ambalazu-zivotnu-sredinu\\\/#primaryimage\"},\"thumbnailUrl\":\"https:\\\/\\\/balkangreenenergynews.com\\\/rs\\\/wp-content\\\/uploads\\\/2018\\\/04\\\/SEPEN-postao-clan-Evropske-organizacije-za-ambalazu-i-zivotnu-sredinu.jpg?wsr\",\"keywords\":[\"ambala\u017eni otpad\"],\"articleSection\":[\"Otpad\",\"\u017divotna sredina\"],\"inLanguage\":\"sr-RS\",\"potentialAction\":[{\"@type\":\"CommentAction\",\"name\":\"Comment\",\"target\":[\"https:\\\/\\\/balkangreenenergynews.com\\\/rs\\\/sepen-postao-clan-evropske-organizacije-za-ambalazu-zivotnu-sredinu\\\/#respond\"]}]},{\"@type\":\"WebPage\",\"@id\":\"https:\\\/\\\/balkangreenenergynews.com\\\/rs\\\/sepen-postao-clan-evropske-organizacije-za-ambalazu-zivotnu-sredinu\\\/\",\"url\":\"https:\\\/\\\/balkangreenenergynews.com\\\/rs\\\/sepen-postao-clan-evropske-organizacije-za-ambalazu-zivotnu-sredinu\\\/\",\"name\":\"SEPEN postao \u010dlan Evropske organizacije za ambala\u017eu i \u017eivotnu sredinu\",\"isPartOf\":{\"@id\":\"https:\\\/\\\/balkangreenenergynews.com\\\/rs\\\/#website\"},\"primaryImageOfPage\":{\"@id\":\"https:\\\/\\\/balkangreenenergynews.com\\\/rs\\\/sepen-postao-clan-evropske-organizacije-za-ambalazu-zivotnu-sredinu\\\/#primaryimage\"},\"image\":{\"@id\":\"https:\\\/\\\/balkangreenenergynews.com\\\/rs\\\/sepen-postao-clan-evropske-organizacije-za-ambalazu-zivotnu-sredinu\\\/#primaryimage\"},\"thumbnailUrl\":\"https:\\\/\\\/balkangreenenergynews.com\\\/rs\\\/wp-content\\\/uploads\\\/2018\\\/04\\\/SEPEN-postao-clan-Evropske-organizacije-za-ambalazu-i-zivotnu-sredinu.jpg?wsr\",\"datePublished\":\"2018-04-12T14:11:36+00:00\",\"dateModified\":\"2020-05-03T17:36:44+00:00\",\"author\":{\"@id\":\"https:\\\/\\\/balkangreenenergynews.com\\\/rs\\\/#\\\/schema\\\/person\\\/ff4e9f9457769ba580672215875f5b38\"},\"description\":\"Udru\u017eenja za ambala\u017eu i \u017eivotnu sredinu SEPEN iz Srbije primljeno je u punopravno \u010dlanstvo Evropske organizacije za ambala\u017eu i \u017eivotnu sredinu EUROPEN.\",\"breadcrumb\":{\"@id\":\"https:\\\/\\\/balkangreenenergynews.com\\\/rs\\\/sepen-postao-clan-evropske-organizacije-za-ambalazu-zivotnu-sredinu\\\/#breadcrumb\"},\"inLanguage\":\"sr-RS\",\"potentialAction\":[{\"@type\":\"ReadAction\",\"target\":[\"https:\\\/\\\/balkangreenenergynews.com\\\/rs\\\/sepen-postao-clan-evropske-organizacije-za-ambalazu-zivotnu-sredinu\\\/\"]}]},{\"@type\":\"ImageObject\",\"inLanguage\":\"sr-RS\",\"@id\":\"https:\\\/\\\/balkangreenenergynews.com\\\/rs\\\/sepen-postao-clan-evropske-organizacije-za-ambalazu-zivotnu-sredinu\\\/#primaryimage\",\"url\":\"https:\\\/\\\/balkangreenenergynews.com\\\/rs\\\/wp-content\\\/uploads\\\/2018\\\/04\\\/SEPEN-postao-clan-Evropske-organizacije-za-ambalazu-i-zivotnu-sredinu.jpg?wsr\",\"contentUrl\":\"https:\\\/\\\/balkangreenenergynews.com\\\/rs\\\/wp-content\\\/uploads\\\/2018\\\/04\\\/SEPEN-postao-clan-Evropske-organizacije-za-ambalazu-i-zivotnu-sredinu.jpg?wsr\",\"width\":795,\"height\":407,\"caption\":\"SEPEN-postao-clan-Evropske-organizacije-za-ambalazu-i-zivotnu-sredinu\"},{\"@type\":\"BreadcrumbList\",\"@id\":\"https:\\\/\\\/balkangreenenergynews.com\\\/rs\\\/sepen-postao-clan-evropske-organizacije-za-ambalazu-zivotnu-sredinu\\\/#breadcrumb\",\"itemListElement\":[{\"@type\":\"ListItem\",\"position\":1,\"name\":\"Po\u010detna\",\"item\":\"https:\\\/\\\/balkangreenenergynews.com\\\/rs\\\/\"},{\"@type\":\"ListItem\",\"position\":2,\"name\":\"Vesti\",\"item\":\"https:\\\/\\\/balkangreenenergynews.com\\\/rs\\\/kategorija\\\/vesti\\\/\"},{\"@type\":\"ListItem\",\"position\":3,\"name\":\"Otpad\",\"item\":\"https:\\\/\\\/balkangreenenergynews.com\\\/rs\\\/kategorija\\\/vesti\\\/otpad\\\/\"},{\"@type\":\"ListItem\",\"position\":4,\"name\":\"SEPEN postao \u010dlan Evropske organizacije za ambala\u017eu i \u017eivotnu sredinu\"}]},{\"@type\":\"WebSite\",\"@id\":\"https:\\\/\\\/balkangreenenergynews.com\\\/rs\\\/#website\",\"url\":\"https:\\\/\\\/balkangreenenergynews.com\\\/rs\\\/\",\"name\":\"Balkan Green Energy News\",\"description\":\"Naj\u0161iri izbor vesti sa Balkana o zelenoj energiji\",\"potentialAction\":[{\"@type\":\"SearchAction\",\"target\":{\"@type\":\"EntryPoint\",\"urlTemplate\":\"https:\\\/\\\/balkangreenenergynews.com\\\/rs\\\/?s={search_term_string}\"},\"query-input\":{\"@type\":\"PropertyValueSpecification\",\"valueRequired\":true,\"valueName\":\"search_term_string\"}}],\"inLanguage\":\"sr-RS\"},{\"@type\":\"Person\",\"@id\":\"https:\\\/\\\/balkangreenenergynews.com\\\/rs\\\/#\\\/schema\\\/person\\\/ff4e9f9457769ba580672215875f5b38\",\"name\":\"Branislava Jovi\u010di\u0107\",\"description\":\"\u017divimo u vremenu koje je pred na\u0161u generaciju postavilo veoma va\u017ean zadatak. Nije na nama sva krivica za stanje u kojem se nalazi planeta, ali odgovornot svakako jeste. Zato usmerimo svoja znanja, ve\u0161tine i pamet ka pronala\u017eenju odr\u017eivih, pametnih i zelenih re\u0161enja.\",\"sameAs\":[\"https:\\\/\\\/www.linkedin.com\\\/in\\\/branislava-jovicic-043080a\\\/\",\"https:\\\/\\\/x.com\\\/https:\\\/\\\/twitter.com\\\/BranaJovicic\"],\"url\":\"https:\\\/\\\/balkangreenenergynews.com\\\/rs\\\/author\\\/bgen\\\/\"}]}<\/script>\n<!-- \/ Yoast SEO plugin. -->","yoast_head_json":{"title":"SEPEN postao \u010dlan Evropske organizacije za ambala\u017eu i \u017eivotnu sredinu","description":"Udru\u017eenja za ambala\u017eu i \u017eivotnu sredinu SEPEN iz Srbije primljeno je u punopravno \u010dlanstvo Evropske organizacije za ambala\u017eu i \u017eivotnu sredinu EUROPEN.","robots":{"index":"index","follow":"follow","max-snippet":"max-snippet:-1","max-image-preview":"max-image-preview:large","max-video-preview":"max-video-preview:-1"},"canonical":"https:\/\/balkangreenenergynews.com\/rs\/sepen-postao-clan-evropske-organizacije-za-ambalazu-zivotnu-sredinu\/","og_locale":"sr_RS","og_type":"article","og_title":"SEPEN postao \u010dlan Evropske organizacije za ambala\u017eu i \u017eivotnu sredinu","og_description":"Udru\u017eenja za ambala\u017eu i \u017eivotnu sredinu SEPEN iz Srbije primljeno je u punopravno \u010dlanstvo Evropske organizacije za ambala\u017eu i \u017eivotnu sredinu EUROPEN.","og_url":"https:\/\/balkangreenenergynews.com\/rs\/sepen-postao-clan-evropske-organizacije-za-ambalazu-zivotnu-sredinu\/","og_site_name":"Balkan Green Energy News","article_published_time":"2018-04-12T14:11:36+00:00","article_modified_time":"2020-05-03T17:36:44+00:00","og_image":[{"width":795,"height":407,"url":"https:\/\/balkangreenenergynews.com\/rs\/wp-content\/uploads\/2018\/04\/SEPEN-postao-clan-Evropske-organizacije-za-ambalazu-i-zivotnu-sredinu.jpg","type":"image\/jpeg"}],"author":"Branislava Jovi\u010di\u0107","twitter_card":"summary_large_image","twitter_creator":"@https:\/\/twitter.com\/BranaJovicic","twitter_misc":{"\u041d\u0430\u043f\u0438\u0441\u0430\u043d\u043e \u043e\u0434":"Branislava Jovi\u010di\u0107","\u041f\u0440\u043e\u0446\u0435\u045a\u0435\u043d\u043e \u0432\u0440\u0435\u043c\u0435 \u0447\u0438\u0442\u0430\u045a\u0430":"1 \u043c\u0438\u043d\u0443\u0442"},"schema":{"@context":"https:\/\/schema.org","@graph":[{"@type":"Article","@id":"https:\/\/balkangreenenergynews.com\/rs\/sepen-postao-clan-evropske-organizacije-za-ambalazu-zivotnu-sredinu\/#article","isPartOf":{"@id":"https:\/\/balkangreenenergynews.com\/rs\/sepen-postao-clan-evropske-organizacije-za-ambalazu-zivotnu-sredinu\/"},"author":{"name":"Branislava Jovi\u010di\u0107","@id":"https:\/\/balkangreenenergynews.com\/rs\/#\/schema\/person\/ff4e9f9457769ba580672215875f5b38"},"headline":"SEPEN postao \u010dlan Evropske organizacije za ambala\u017eu i \u017eivotnu sredinu","datePublished":"2018-04-12T14:11:36+00:00","dateModified":"2020-05-03T17:36:44+00:00","mainEntityOfPage":{"@id":"https:\/\/balkangreenenergynews.com\/rs\/sepen-postao-clan-evropske-organizacije-za-ambalazu-zivotnu-sredinu\/"},"wordCount":241,"commentCount":0,"image":{"@id":"https:\/\/balkangreenenergynews.com\/rs\/sepen-postao-clan-evropske-organizacije-za-ambalazu-zivotnu-sredinu\/#primaryimage"},"thumbnailUrl":"https:\/\/balkangreenenergynews.com\/rs\/wp-content\/uploads\/2018\/04\/SEPEN-postao-clan-Evropske-organizacije-za-ambalazu-i-zivotnu-sredinu.jpg?wsr","keywords":["ambala\u017eni otpad"],"articleSection":["Otpad","\u017divotna sredina"],"inLanguage":"sr-RS","potentialAction":[{"@type":"CommentAction","name":"Comment","target":["https:\/\/balkangreenenergynews.com\/rs\/sepen-postao-clan-evropske-organizacije-za-ambalazu-zivotnu-sredinu\/#respond"]}]},{"@type":"WebPage","@id":"https:\/\/balkangreenenergynews.com\/rs\/sepen-postao-clan-evropske-organizacije-za-ambalazu-zivotnu-sredinu\/","url":"https:\/\/balkangreenenergynews.com\/rs\/sepen-postao-clan-evropske-organizacije-za-ambalazu-zivotnu-sredinu\/","name":"SEPEN postao \u010dlan Evropske organizacije za ambala\u017eu i \u017eivotnu sredinu","isPartOf":{"@id":"https:\/\/balkangreenenergynews.com\/rs\/#website"},"primaryImageOfPage":{"@id":"https:\/\/balkangreenenergynews.com\/rs\/sepen-postao-clan-evropske-organizacije-za-ambalazu-zivotnu-sredinu\/#primaryimage"},"image":{"@id":"https:\/\/balkangreenenergynews.com\/rs\/sepen-postao-clan-evropske-organizacije-za-ambalazu-zivotnu-sredinu\/#primaryimage"},"thumbnailUrl":"https:\/\/balkangreenenergynews.com\/rs\/wp-content\/uploads\/2018\/04\/SEPEN-postao-clan-Evropske-organizacije-za-ambalazu-i-zivotnu-sredinu.jpg?wsr","datePublished":"2018-04-12T14:11:36+00:00","dateModified":"2020-05-03T17:36:44+00:00","author":{"@id":"https:\/\/balkangreenenergynews.com\/rs\/#\/schema\/person\/ff4e9f9457769ba580672215875f5b38"},"description":"Udru\u017eenja za ambala\u017eu i \u017eivotnu sredinu SEPEN iz Srbije primljeno je u punopravno \u010dlanstvo Evropske organizacije za ambala\u017eu i \u017eivotnu sredinu EUROPEN.","breadcrumb":{"@id":"https:\/\/balkangreenenergynews.com\/rs\/sepen-postao-clan-evropske-organizacije-za-ambalazu-zivotnu-sredinu\/#breadcrumb"},"inLanguage":"sr-RS","potentialAction":[{"@type":"ReadAction","target":["https:\/\/balkangreenenergynews.com\/rs\/sepen-postao-clan-evropske-organizacije-za-ambalazu-zivotnu-sredinu\/"]}]},{"@type":"ImageObject","inLanguage":"sr-RS","@id":"https:\/\/balkangreenenergynews.com\/rs\/sepen-postao-clan-evropske-organizacije-za-ambalazu-zivotnu-sredinu\/#primaryimage","url":"https:\/\/balkangreenenergynews.com\/rs\/wp-content\/uploads\/2018\/04\/SEPEN-postao-clan-Evropske-organizacije-za-ambalazu-i-zivotnu-sredinu.jpg?wsr","contentUrl":"https:\/\/balkangreenenergynews.com\/rs\/wp-content\/uploads\/2018\/04\/SEPEN-postao-clan-Evropske-organizacije-za-ambalazu-i-zivotnu-sredinu.jpg?wsr","width":795,"height":407,"caption":"SEPEN-postao-clan-Evropske-organizacije-za-ambalazu-i-zivotnu-sredinu"},{"@type":"BreadcrumbList","@id":"https:\/\/balkangreenenergynews.com\/rs\/sepen-postao-clan-evropske-organizacije-za-ambalazu-zivotnu-sredinu\/#breadcrumb","itemListElement":[{"@type":"ListItem","position":1,"name":"Po\u010detna","item":"https:\/\/balkangreenenergynews.com\/rs\/"},{"@type":"ListItem","position":2,"name":"Vesti","item":"https:\/\/balkangreenenergynews.com\/rs\/kategorija\/vesti\/"},{"@type":"ListItem","position":3,"name":"Otpad","item":"https:\/\/balkangreenenergynews.com\/rs\/kategorija\/vesti\/otpad\/"},{"@type":"ListItem","position":4,"name":"SEPEN postao \u010dlan Evropske organizacije za ambala\u017eu i \u017eivotnu sredinu"}]},{"@type":"WebSite","@id":"https:\/\/balkangreenenergynews.com\/rs\/#website","url":"https:\/\/balkangreenenergynews.com\/rs\/","name":"Balkan Green Energy News","description":"Naj\u0161iri izbor vesti sa Balkana o zelenoj energiji","potentialAction":[{"@type":"SearchAction","target":{"@type":"EntryPoint","urlTemplate":"https:\/\/balkangreenenergynews.com\/rs\/?s={search_term_string}"},"query-input":{"@type":"PropertyValueSpecification","valueRequired":true,"valueName":"search_term_string"}}],"inLanguage":"sr-RS"},{"@type":"Person","@id":"https:\/\/balkangreenenergynews.com\/rs\/#\/schema\/person\/ff4e9f9457769ba580672215875f5b38","name":"Branislava Jovi\u010di\u0107","description":"\u017divimo u vremenu koje je pred na\u0161u generaciju postavilo veoma va\u017ean zadatak. Nije na nama sva krivica za stanje u kojem se nalazi planeta, ali odgovornot svakako jeste. Zato usmerimo svoja znanja, ve\u0161tine i pamet ka pronala\u017eenju odr\u017eivih, pametnih i zelenih re\u0161enja.","sameAs":["https:\/\/www.linkedin.com\/in\/branislava-jovicic-043080a\/","https:\/\/x.com\/https:\/\/twitter.com\/BranaJovicic"],"url":"https:\/\/balkangreenenergynews.com\/rs\/author\/bgen\/"}]}},"_links":{"self":[{"href":"https:\/\/balkangreenenergynews.com\/rs\/wp-json\/wp\/v2\/posts\/16946","targetHints":{"allow":["GET"]}}],"collection":[{"href":"https:\/\/balkangreenenergynews.com\/rs\/wp-json\/wp\/v2\/posts"}],"about":[{"href":"https:\/\/balkangreenenergynews.com\/rs\/wp-json\/wp\/v2\/types\/post"}],"author":[{"embeddable":true,"href":"https:\/\/balkangreenenergynews.com\/rs\/wp-json\/wp\/v2\/users\/2"}],"replies":[{"embeddable":true,"href":"https:\/\/balkangreenenergynews.com\/rs\/wp-json\/wp\/v2\/comments?post=16946"}],"version-history":[{"count":0,"href":"https:\/\/balkangreenenergynews.com\/rs\/wp-json\/wp\/v2\/posts\/16946\/revisions"}],"wp:featuredmedia":[{"embeddable":true,"href":"https:\/\/balkangreenenergynews.com\/rs\/wp-json\/wp\/v2\/media\/29651"}],"wp:attachment":[{"href":"https:\/\/balkangreenenergynews.com\/rs\/wp-json\/wp\/v2\/media?parent=16946"}],"wp:term":[{"taxonomy":"category","embeddable":true,"href":"https:\/\/balkangreenenergynews.com\/rs\/wp-json\/wp\/v2\/categories?post=16946"},{"taxonomy":"post_tag","embeddable":true,"href":"https:\/\/balkangreenenergynews.com\/rs\/wp-json\/wp\/v2\/tags?post=16946"}],"curies":[{"name":"wp","href":"https:\/\/api.w.org\/{rel}","templated":true}]}}