{"id":16661,"date":"2018-03-27T13:59:33","date_gmt":"2018-03-27T11:59:33","guid":{"rendered":"https:\/\/balkangreenenergynews.com\/rs\/?p=16661"},"modified":"2018-12-08T22:00:04","modified_gmt":"2018-12-08T21:00:04","slug":"inicijalna-javna-ponuda-akcija-fintel-energije-maju","status":"publish","type":"post","link":"https:\/\/balkangreenenergynews.com\/rs\/inicijalna-javna-ponuda-akcija-fintel-energije-maju\/","title":{"rendered":"Inicijalna javna ponuda akcija Fintel energije u maju"},"content":{"rendered":"<h2>Kompanija Fintel energija u maju bi trebalo da sprovede inicijalnu javnu ponudu akcija (IPO) na Beogradskoj berzi, izjavio je generalni direktor Tiziano Giovannetti.<\/h2>\n<p>Prva inicijalna ponuda akcija posle skoro 80 godina na Beogradskoj berzi <a href=\"https:\/\/balkangreenenergynews.com\/rs\/fintel-energija-sredine-godine-objavljuje-ipo-beogradskoj-berzi\/\">priprema se devet meseci<\/a>, a Giovannetti je naveo da \u0107e tr\u017ei\u0161tu biti ponu\u0111eno izme\u0111u 15 i 20 procenata akcija.<\/p>\n<p>&#8222;Neophodna procedura za IPO bi\u0107e zavr\u0161ena u aprilu. Ima puno zainteresovanih i vi\u0161e smo nego sigurni da \u0107e to biti uspe\u0161an proces&#8220;, naveo je Giovannetti.<\/p>\n<p>On je istakao da \u0107e prikupljeni novac biti ulo\u017een u projekte u Srbiji.<\/p>\n<p>Fintel Energija je \u0107erka firma italijanske kompanije Fintel Energia Group S.P.A. Fintel energija i srpski MK holding, \u010diji je vlasnik Miodrag Kosti\u0107, su vlasnici firme MK-Fintel Wind.<\/p>\n<p>MK-Fintel Wind je krajem 2015. godine otvorila vetropark Kula snage 9,9 MW, prvi u Srbiji, a<a href=\"https:\/\/balkangreenenergynews.com\/rs\/otvoren-vetropark-la-piccolina-kod-vrsca\/\"> oktobra 2016. godine<\/a> u Zagajici kod Vr\u0161ca i vetropark La Piccolina snage 6,6 MW. U junu pro\u0161le godine ista firma<a href=\"https:\/\/balkangreenenergynews.com\/rs\/mk-fintel-wind-obelezio-pocetak-radova-na-izgradnji-vetroparka-kosava-kod-vrsca\/\"> zapo\u010dela je gradnju<\/a> vetroparka Ko\u0161ava, \u010dija snaga bi u prvoj fazi trebalo da dostigne 69 MW.<\/p>\n<p>Tiziano Giovannetti, koji je i direktor kompanije MK-Fintel Wind, <a href=\"https:\/\/balkangreenenergynews.com\/rs\/mk-fintel-wind-izlazi-na-beogradsku-berzu\/\">u maju pro\u0161le godine<\/a> izjavio je da kompanija planira da ponudi od 20 do 40 odsto akcija Fintel energije da bi prikupila oko 60 miliona evra.<\/p>\n<p>Krajem februara <a href=\"https:\/\/balkangreenenergynews.com\/rs\/mk-fintel-wind-obezbedio-kredit-za-vetroelektranu-kosava\/\">kompanija MK-Fintel Wind saop\u0161tila je da je obezbedila<\/a> 81,5 miliona evra za finansiranje zavr\u0161etka prve faze vetroparka Ko\u0161ava.<\/p>\n","protected":false},"excerpt":{"rendered":"<p>Kompanija Fintel energija u maju bi trebalo da sprovede inicijalnu javnu ponudu akcija (IPO) na&#8230;<\/p>\n","protected":false},"author":23,"featured_media":18412,"comment_status":"open","ping_status":"closed","sticky":false,"template":"","format":"standard","meta":{"_acf_changed":false,"_monsterinsights_skip_tracking":false,"_monsterinsights_sitenote_active":false,"_monsterinsights_sitenote_note":"","_monsterinsights_sitenote_category":0,"footnotes":""},"categories":[504,1],"tags":[3399,3396,263,321,719],"class_list":["post-16661","post","type-post","status-publish","format-standard","has-post-thumbnail","hentry","category-elektricna-energija","category-obnovljivi-izvori-energije","tag-fintel-energia-group","tag-fintel-energija","tag-ipo","tag-mk-fintel-wind","tag-vetropark","country-srbija"],"acf":[],"yoast_head":"<!-- This site is optimized with the Yoast SEO plugin v27.4 - https:\/\/yoast.com\/product\/yoast-seo-wordpress\/ -->\n<title>Inicijalna javna ponuda akcija Fintel energije u maju<\/title>\n<meta name=\"description\" content=\"Kompanija Fintel energija u maju bi trebalo da sprovede inicijalnu javnu ponudu akcija (IPO) na Beogradskoj berzi, izjavio je generalni direktor Tiziano Giovannetti.\" \/>\n<meta name=\"robots\" content=\"index, follow, max-snippet:-1, max-image-preview:large, max-video-preview:-1\" \/>\n<link rel=\"canonical\" href=\"https:\/\/balkangreenenergynews.com\/rs\/inicijalna-javna-ponuda-akcija-fintel-energije-maju\/\" \/>\n<meta property=\"og:locale\" content=\"sr_RS\" \/>\n<meta property=\"og:type\" content=\"article\" \/>\n<meta property=\"og:title\" content=\"Inicijalna javna ponuda akcija Fintel energije u maju\" \/>\n<meta property=\"og:description\" content=\"Kompanija Fintel energija u maju bi trebalo da sprovede inicijalnu javnu ponudu akcija (IPO) na Beogradskoj berzi, izjavio je generalni direktor Tiziano Giovannetti.\" \/>\n<meta property=\"og:url\" content=\"https:\/\/balkangreenenergynews.com\/rs\/inicijalna-javna-ponuda-akcija-fintel-energije-maju\/\" \/>\n<meta property=\"og:site_name\" content=\"Balkan Green Energy News\" \/>\n<meta property=\"article:published_time\" content=\"2018-03-27T11:59:33+00:00\" \/>\n<meta property=\"article:modified_time\" content=\"2018-12-08T21:00:04+00:00\" \/>\n<meta property=\"og:image\" content=\"https:\/\/balkangreenenergynews.com\/rs\/wp-content\/uploads\/2018\/03\/Fintel-Energija-IPO-on-Belgrade-Stock-Exchange-in-May.jpg\" \/>\n\t<meta property=\"og:image:width\" content=\"795\" \/>\n\t<meta property=\"og:image:height\" content=\"407\" \/>\n\t<meta property=\"og:image:type\" content=\"image\/jpeg\" \/>\n<meta name=\"author\" content=\"Vladimir Spasi\u0107\" \/>\n<meta name=\"twitter:card\" content=\"summary_large_image\" \/>\n<meta name=\"twitter:label1\" content=\"\u041d\u0430\u043f\u0438\u0441\u0430\u043d\u043e \u043e\u0434\" \/>\n\t<meta name=\"twitter:data1\" content=\"Vladimir Spasi\u0107\" \/>\n\t<meta name=\"twitter:label2\" content=\"\u041f\u0440\u043e\u0446\u0435\u045a\u0435\u043d\u043e \u0432\u0440\u0435\u043c\u0435 \u0447\u0438\u0442\u0430\u045a\u0430\" \/>\n\t<meta name=\"twitter:data2\" content=\"1 \u043c\u0438\u043d\u0443\u0442\" \/>\n<script type=\"application\/ld+json\" class=\"yoast-schema-graph\">{\"@context\":\"https:\\\/\\\/schema.org\",\"@graph\":[{\"@type\":\"Article\",\"@id\":\"https:\\\/\\\/balkangreenenergynews.com\\\/rs\\\/inicijalna-javna-ponuda-akcija-fintel-energije-maju\\\/#article\",\"isPartOf\":{\"@id\":\"https:\\\/\\\/balkangreenenergynews.com\\\/rs\\\/inicijalna-javna-ponuda-akcija-fintel-energije-maju\\\/\"},\"author\":{\"name\":\"Vladimir Spasi\u0107\",\"@id\":\"https:\\\/\\\/balkangreenenergynews.com\\\/rs\\\/#\\\/schema\\\/person\\\/99dc721c46113fea22caffad06ef7317\"},\"headline\":\"Inicijalna javna ponuda akcija Fintel energije u maju\",\"datePublished\":\"2018-03-27T11:59:33+00:00\",\"dateModified\":\"2018-12-08T21:00:04+00:00\",\"mainEntityOfPage\":{\"@id\":\"https:\\\/\\\/balkangreenenergynews.com\\\/rs\\\/inicijalna-javna-ponuda-akcija-fintel-energije-maju\\\/\"},\"wordCount\":240,\"commentCount\":0,\"image\":{\"@id\":\"https:\\\/\\\/balkangreenenergynews.com\\\/rs\\\/inicijalna-javna-ponuda-akcija-fintel-energije-maju\\\/#primaryimage\"},\"thumbnailUrl\":\"https:\\\/\\\/balkangreenenergynews.com\\\/rs\\\/wp-content\\\/uploads\\\/2018\\\/03\\\/Fintel-Energija-IPO-on-Belgrade-Stock-Exchange-in-May.jpg?wsr\",\"keywords\":[\"Fintel Energia Group\",\"Fintel Energija\",\"IPO\",\"MK-Fintel Wind\",\"vetropark\"],\"articleSection\":[\"Elektri\u010dna energija\",\"OIE\"],\"inLanguage\":\"sr-RS\",\"potentialAction\":[{\"@type\":\"CommentAction\",\"name\":\"Comment\",\"target\":[\"https:\\\/\\\/balkangreenenergynews.com\\\/rs\\\/inicijalna-javna-ponuda-akcija-fintel-energije-maju\\\/#respond\"]}]},{\"@type\":\"WebPage\",\"@id\":\"https:\\\/\\\/balkangreenenergynews.com\\\/rs\\\/inicijalna-javna-ponuda-akcija-fintel-energije-maju\\\/\",\"url\":\"https:\\\/\\\/balkangreenenergynews.com\\\/rs\\\/inicijalna-javna-ponuda-akcija-fintel-energije-maju\\\/\",\"name\":\"Inicijalna javna ponuda akcija Fintel energije u maju\",\"isPartOf\":{\"@id\":\"https:\\\/\\\/balkangreenenergynews.com\\\/rs\\\/#website\"},\"primaryImageOfPage\":{\"@id\":\"https:\\\/\\\/balkangreenenergynews.com\\\/rs\\\/inicijalna-javna-ponuda-akcija-fintel-energije-maju\\\/#primaryimage\"},\"image\":{\"@id\":\"https:\\\/\\\/balkangreenenergynews.com\\\/rs\\\/inicijalna-javna-ponuda-akcija-fintel-energije-maju\\\/#primaryimage\"},\"thumbnailUrl\":\"https:\\\/\\\/balkangreenenergynews.com\\\/rs\\\/wp-content\\\/uploads\\\/2018\\\/03\\\/Fintel-Energija-IPO-on-Belgrade-Stock-Exchange-in-May.jpg?wsr\",\"datePublished\":\"2018-03-27T11:59:33+00:00\",\"dateModified\":\"2018-12-08T21:00:04+00:00\",\"author\":{\"@id\":\"https:\\\/\\\/balkangreenenergynews.com\\\/rs\\\/#\\\/schema\\\/person\\\/99dc721c46113fea22caffad06ef7317\"},\"description\":\"Kompanija Fintel energija u maju bi trebalo da sprovede inicijalnu javnu ponudu akcija (IPO) na Beogradskoj berzi, izjavio je generalni direktor Tiziano Giovannetti.\",\"breadcrumb\":{\"@id\":\"https:\\\/\\\/balkangreenenergynews.com\\\/rs\\\/inicijalna-javna-ponuda-akcija-fintel-energije-maju\\\/#breadcrumb\"},\"inLanguage\":\"sr-RS\",\"potentialAction\":[{\"@type\":\"ReadAction\",\"target\":[\"https:\\\/\\\/balkangreenenergynews.com\\\/rs\\\/inicijalna-javna-ponuda-akcija-fintel-energije-maju\\\/\"]}]},{\"@type\":\"ImageObject\",\"inLanguage\":\"sr-RS\",\"@id\":\"https:\\\/\\\/balkangreenenergynews.com\\\/rs\\\/inicijalna-javna-ponuda-akcija-fintel-energije-maju\\\/#primaryimage\",\"url\":\"https:\\\/\\\/balkangreenenergynews.com\\\/rs\\\/wp-content\\\/uploads\\\/2018\\\/03\\\/Fintel-Energija-IPO-on-Belgrade-Stock-Exchange-in-May.jpg?wsr\",\"contentUrl\":\"https:\\\/\\\/balkangreenenergynews.com\\\/rs\\\/wp-content\\\/uploads\\\/2018\\\/03\\\/Fintel-Energija-IPO-on-Belgrade-Stock-Exchange-in-May.jpg?wsr\",\"width\":795,\"height\":407,\"caption\":\"Inicijalna javna ponuda akcija Fintel energije u maju\"},{\"@type\":\"BreadcrumbList\",\"@id\":\"https:\\\/\\\/balkangreenenergynews.com\\\/rs\\\/inicijalna-javna-ponuda-akcija-fintel-energije-maju\\\/#breadcrumb\",\"itemListElement\":[{\"@type\":\"ListItem\",\"position\":1,\"name\":\"Po\u010detna\",\"item\":\"https:\\\/\\\/balkangreenenergynews.com\\\/rs\\\/\"},{\"@type\":\"ListItem\",\"position\":2,\"name\":\"Vesti\",\"item\":\"https:\\\/\\\/balkangreenenergynews.com\\\/rs\\\/kategorija\\\/vesti\\\/\"},{\"@type\":\"ListItem\",\"position\":3,\"name\":\"OIE\",\"item\":\"https:\\\/\\\/balkangreenenergynews.com\\\/rs\\\/kategorija\\\/vesti\\\/obnovljivi-izvori-energije\\\/\"},{\"@type\":\"ListItem\",\"position\":4,\"name\":\"Inicijalna javna ponuda akcija Fintel energije u maju\"}]},{\"@type\":\"WebSite\",\"@id\":\"https:\\\/\\\/balkangreenenergynews.com\\\/rs\\\/#website\",\"url\":\"https:\\\/\\\/balkangreenenergynews.com\\\/rs\\\/\",\"name\":\"Balkan Green Energy News\",\"description\":\"Naj\u0161iri izbor vesti sa Balkana o zelenoj energiji\",\"potentialAction\":[{\"@type\":\"SearchAction\",\"target\":{\"@type\":\"EntryPoint\",\"urlTemplate\":\"https:\\\/\\\/balkangreenenergynews.com\\\/rs\\\/?s={search_term_string}\"},\"query-input\":{\"@type\":\"PropertyValueSpecification\",\"valueRequired\":true,\"valueName\":\"search_term_string\"}}],\"inLanguage\":\"sr-RS\"},{\"@type\":\"Person\",\"@id\":\"https:\\\/\\\/balkangreenenergynews.com\\\/rs\\\/#\\\/schema\\\/person\\\/99dc721c46113fea22caffad06ef7317\",\"name\":\"Vladimir Spasi\u0107\",\"url\":\"https:\\\/\\\/balkangreenenergynews.com\\\/rs\\\/author\\\/vladimir-spasic\\\/\"}]}<\/script>\n<!-- \/ Yoast SEO plugin. -->","yoast_head_json":{"title":"Inicijalna javna ponuda akcija Fintel energije u maju","description":"Kompanija Fintel energija u maju bi trebalo da sprovede inicijalnu javnu ponudu akcija (IPO) na Beogradskoj berzi, izjavio je generalni direktor Tiziano Giovannetti.","robots":{"index":"index","follow":"follow","max-snippet":"max-snippet:-1","max-image-preview":"max-image-preview:large","max-video-preview":"max-video-preview:-1"},"canonical":"https:\/\/balkangreenenergynews.com\/rs\/inicijalna-javna-ponuda-akcija-fintel-energije-maju\/","og_locale":"sr_RS","og_type":"article","og_title":"Inicijalna javna ponuda akcija Fintel energije u maju","og_description":"Kompanija Fintel energija u maju bi trebalo da sprovede inicijalnu javnu ponudu akcija (IPO) na Beogradskoj berzi, izjavio je generalni direktor Tiziano Giovannetti.","og_url":"https:\/\/balkangreenenergynews.com\/rs\/inicijalna-javna-ponuda-akcija-fintel-energije-maju\/","og_site_name":"Balkan Green Energy News","article_published_time":"2018-03-27T11:59:33+00:00","article_modified_time":"2018-12-08T21:00:04+00:00","og_image":[{"width":795,"height":407,"url":"https:\/\/balkangreenenergynews.com\/rs\/wp-content\/uploads\/2018\/03\/Fintel-Energija-IPO-on-Belgrade-Stock-Exchange-in-May.jpg","type":"image\/jpeg"}],"author":"Vladimir Spasi\u0107","twitter_card":"summary_large_image","twitter_misc":{"\u041d\u0430\u043f\u0438\u0441\u0430\u043d\u043e \u043e\u0434":"Vladimir Spasi\u0107","\u041f\u0440\u043e\u0446\u0435\u045a\u0435\u043d\u043e \u0432\u0440\u0435\u043c\u0435 \u0447\u0438\u0442\u0430\u045a\u0430":"1 \u043c\u0438\u043d\u0443\u0442"},"schema":{"@context":"https:\/\/schema.org","@graph":[{"@type":"Article","@id":"https:\/\/balkangreenenergynews.com\/rs\/inicijalna-javna-ponuda-akcija-fintel-energije-maju\/#article","isPartOf":{"@id":"https:\/\/balkangreenenergynews.com\/rs\/inicijalna-javna-ponuda-akcija-fintel-energije-maju\/"},"author":{"name":"Vladimir Spasi\u0107","@id":"https:\/\/balkangreenenergynews.com\/rs\/#\/schema\/person\/99dc721c46113fea22caffad06ef7317"},"headline":"Inicijalna javna ponuda akcija Fintel energije u maju","datePublished":"2018-03-27T11:59:33+00:00","dateModified":"2018-12-08T21:00:04+00:00","mainEntityOfPage":{"@id":"https:\/\/balkangreenenergynews.com\/rs\/inicijalna-javna-ponuda-akcija-fintel-energije-maju\/"},"wordCount":240,"commentCount":0,"image":{"@id":"https:\/\/balkangreenenergynews.com\/rs\/inicijalna-javna-ponuda-akcija-fintel-energije-maju\/#primaryimage"},"thumbnailUrl":"https:\/\/balkangreenenergynews.com\/rs\/wp-content\/uploads\/2018\/03\/Fintel-Energija-IPO-on-Belgrade-Stock-Exchange-in-May.jpg?wsr","keywords":["Fintel Energia Group","Fintel Energija","IPO","MK-Fintel Wind","vetropark"],"articleSection":["Elektri\u010dna energija","OIE"],"inLanguage":"sr-RS","potentialAction":[{"@type":"CommentAction","name":"Comment","target":["https:\/\/balkangreenenergynews.com\/rs\/inicijalna-javna-ponuda-akcija-fintel-energije-maju\/#respond"]}]},{"@type":"WebPage","@id":"https:\/\/balkangreenenergynews.com\/rs\/inicijalna-javna-ponuda-akcija-fintel-energije-maju\/","url":"https:\/\/balkangreenenergynews.com\/rs\/inicijalna-javna-ponuda-akcija-fintel-energije-maju\/","name":"Inicijalna javna ponuda akcija Fintel energije u maju","isPartOf":{"@id":"https:\/\/balkangreenenergynews.com\/rs\/#website"},"primaryImageOfPage":{"@id":"https:\/\/balkangreenenergynews.com\/rs\/inicijalna-javna-ponuda-akcija-fintel-energije-maju\/#primaryimage"},"image":{"@id":"https:\/\/balkangreenenergynews.com\/rs\/inicijalna-javna-ponuda-akcija-fintel-energije-maju\/#primaryimage"},"thumbnailUrl":"https:\/\/balkangreenenergynews.com\/rs\/wp-content\/uploads\/2018\/03\/Fintel-Energija-IPO-on-Belgrade-Stock-Exchange-in-May.jpg?wsr","datePublished":"2018-03-27T11:59:33+00:00","dateModified":"2018-12-08T21:00:04+00:00","author":{"@id":"https:\/\/balkangreenenergynews.com\/rs\/#\/schema\/person\/99dc721c46113fea22caffad06ef7317"},"description":"Kompanija Fintel energija u maju bi trebalo da sprovede inicijalnu javnu ponudu akcija (IPO) na Beogradskoj berzi, izjavio je generalni direktor Tiziano Giovannetti.","breadcrumb":{"@id":"https:\/\/balkangreenenergynews.com\/rs\/inicijalna-javna-ponuda-akcija-fintel-energije-maju\/#breadcrumb"},"inLanguage":"sr-RS","potentialAction":[{"@type":"ReadAction","target":["https:\/\/balkangreenenergynews.com\/rs\/inicijalna-javna-ponuda-akcija-fintel-energije-maju\/"]}]},{"@type":"ImageObject","inLanguage":"sr-RS","@id":"https:\/\/balkangreenenergynews.com\/rs\/inicijalna-javna-ponuda-akcija-fintel-energije-maju\/#primaryimage","url":"https:\/\/balkangreenenergynews.com\/rs\/wp-content\/uploads\/2018\/03\/Fintel-Energija-IPO-on-Belgrade-Stock-Exchange-in-May.jpg?wsr","contentUrl":"https:\/\/balkangreenenergynews.com\/rs\/wp-content\/uploads\/2018\/03\/Fintel-Energija-IPO-on-Belgrade-Stock-Exchange-in-May.jpg?wsr","width":795,"height":407,"caption":"Inicijalna javna ponuda akcija Fintel energije u maju"},{"@type":"BreadcrumbList","@id":"https:\/\/balkangreenenergynews.com\/rs\/inicijalna-javna-ponuda-akcija-fintel-energije-maju\/#breadcrumb","itemListElement":[{"@type":"ListItem","position":1,"name":"Po\u010detna","item":"https:\/\/balkangreenenergynews.com\/rs\/"},{"@type":"ListItem","position":2,"name":"Vesti","item":"https:\/\/balkangreenenergynews.com\/rs\/kategorija\/vesti\/"},{"@type":"ListItem","position":3,"name":"OIE","item":"https:\/\/balkangreenenergynews.com\/rs\/kategorija\/vesti\/obnovljivi-izvori-energije\/"},{"@type":"ListItem","position":4,"name":"Inicijalna javna ponuda akcija Fintel energije u maju"}]},{"@type":"WebSite","@id":"https:\/\/balkangreenenergynews.com\/rs\/#website","url":"https:\/\/balkangreenenergynews.com\/rs\/","name":"Balkan Green Energy News","description":"Naj\u0161iri izbor vesti sa Balkana o zelenoj energiji","potentialAction":[{"@type":"SearchAction","target":{"@type":"EntryPoint","urlTemplate":"https:\/\/balkangreenenergynews.com\/rs\/?s={search_term_string}"},"query-input":{"@type":"PropertyValueSpecification","valueRequired":true,"valueName":"search_term_string"}}],"inLanguage":"sr-RS"},{"@type":"Person","@id":"https:\/\/balkangreenenergynews.com\/rs\/#\/schema\/person\/99dc721c46113fea22caffad06ef7317","name":"Vladimir Spasi\u0107","url":"https:\/\/balkangreenenergynews.com\/rs\/author\/vladimir-spasic\/"}]}},"_links":{"self":[{"href":"https:\/\/balkangreenenergynews.com\/rs\/wp-json\/wp\/v2\/posts\/16661","targetHints":{"allow":["GET"]}}],"collection":[{"href":"https:\/\/balkangreenenergynews.com\/rs\/wp-json\/wp\/v2\/posts"}],"about":[{"href":"https:\/\/balkangreenenergynews.com\/rs\/wp-json\/wp\/v2\/types\/post"}],"author":[{"embeddable":true,"href":"https:\/\/balkangreenenergynews.com\/rs\/wp-json\/wp\/v2\/users\/23"}],"replies":[{"embeddable":true,"href":"https:\/\/balkangreenenergynews.com\/rs\/wp-json\/wp\/v2\/comments?post=16661"}],"version-history":[{"count":0,"href":"https:\/\/balkangreenenergynews.com\/rs\/wp-json\/wp\/v2\/posts\/16661\/revisions"}],"wp:featuredmedia":[{"embeddable":true,"href":"https:\/\/balkangreenenergynews.com\/rs\/wp-json\/wp\/v2\/media\/18412"}],"wp:attachment":[{"href":"https:\/\/balkangreenenergynews.com\/rs\/wp-json\/wp\/v2\/media?parent=16661"}],"wp:term":[{"taxonomy":"category","embeddable":true,"href":"https:\/\/balkangreenenergynews.com\/rs\/wp-json\/wp\/v2\/categories?post=16661"},{"taxonomy":"post_tag","embeddable":true,"href":"https:\/\/balkangreenenergynews.com\/rs\/wp-json\/wp\/v2\/tags?post=16661"}],"curies":[{"name":"wp","href":"https:\/\/api.w.org\/{rel}","templated":true}]}}