{"id":16461,"date":"2018-03-14T17:19:59","date_gmt":"2018-03-14T16:19:59","guid":{"rendered":"https:\/\/balkangreenenergynews.com\/rs\/?p=16461"},"modified":"2019-03-06T09:53:40","modified_gmt":"2019-03-06T08:53:40","slug":"projekat-izgradnje-vetroparka-podvelezje-predstavljen-u-mostaru-pocetak-rada-2019","status":"publish","type":"post","link":"https:\/\/balkangreenenergynews.com\/rs\/projekat-izgradnje-vetroparka-podvelezje-predstavljen-u-mostaru-pocetak-rada-2019\/","title":{"rendered":"Projekat vetroparka Podvele\u017eje predstavljen u Mostaru, po\u010detak rada 2019."},"content":{"rendered":"<h2>Elektroprivreda BiH (EP BiH) predstavila je u Mostaru projekat izgradnje vetroparka Podvele\u017eje kapaciteta 48 MW koji se finansira kreditom nema\u010dke razvojne banke KfW i sredstvima EP BiH. Prvi proizvedeni kilovat-sati elektri\u010dne energije o\u010dekuju se sredinom 2019. godine.<\/h2>\n<p>Predstavnici nema\u010dke kompanije Fichtner pomogli su EP BIH u prezentaciji projekta.<\/p>\n<p>Ukupna vrednost projekta je procenjena na 162 miliona konvertibilnih maraka (81 milion evra), a KfW banka je dosad odobrila kredit od 65 miliona eura i grant of 400.000 evra, dok \u0107e EP BiH obezbediti 17,8 miliona evra za izgradnju vetroparka.<\/p>\n<p>Predstavnici EP BiH su na prezentaciji rekli da je ovo deo razvojne politike tog preduze\u0107a koja \u0107e pomo\u0107i u ekonomskom razvoju tog dela zemlje. Oni su dodali da je projekat podeljen u tri faze, od kojih je prva ve\u0107 u toku, i da se planira po\u010detak proizvodnje elektri\u010dne energije u vetroparku Podvele\u017eje sredinom 2019. godine.<\/p>\n<p>EP BiH planira da u prvoj fazi izradi planove za izgradnju, nabavi 15 turbina do 3 MW snage i da izgradi postolja i prate\u0107u infrastrukturu vetroparka. U drugoj fazi treba da bude izgra\u0111ena trafostanica\u00a0 110kV\/30kV i postavljen visokonaponski kabl iste snage uz mre\u017eu uzemljenja, a u tre\u0107oj fazi \u0107e biti izgra\u0111eni lokalni putevi i neophodne platforme, precizirano je tokom prezentacije.<\/p>\n<p>Izgradnji i rekonstrukciji lokalnih puteva za potrebe vetroparka \u0107e izvoditi konzorcijum HP Investing Mostar, Amitea Mostar i Izgradnja Tojaga Mostar. Kompanija ABB Zagreb \u0107e instalirati trafostanicu 110kV\/30kV i postaviti visokonaponski kablovski sistem.<\/p>\n<p>Firma koja \u0107e instalirati turbine jo\u0161 nije odabrana jer je tender u toku.<\/p>\n<p>Prvi ugovori za izgradnju vetroelektrane <a href=\"https:\/\/balkangreenenergynews.com\/rs\/potpisani-prvi-ugovori-za-izgradnju-vetroelektrane-podvelezje\/\">potpisani su u januaru 2017<\/a>, \u010dime je zvani\u010dno po\u010dela izgradnja.<\/p>\n<p>EP BiH je na svom sajtu podsetila da je Ministarstvo energije, rudarstva i industrije Federacije BiH 24. maja 2016. godine izdalo energetsku dozvolu ovoj kompaniji za izgradnju vetroparka Podvele\u017eje, instalisane snage do 48 MW, odobrene snage priklju\u010denja 48 MW i planirane godi\u0161nje proizvodnje elektri\u010dne energije od 115-119 GWh, koja \u0107e biti izgra\u0111ena na podru\u010dju Grada Mostara, na lokalitetu Podvele\u017eja, mikrolokacije Mali Grad i Sveta Gora.<\/p>\n<p>Energetska dozvola je izdata do 24. maja 2019. godine.<\/p>\n","protected":false},"excerpt":{"rendered":"<p>Elektroprivreda BiH (EP BiH) predstavila je u Mostaru projekat izgradnje vetroparka Podvele\u017eje kapaciteta 48 MW&#8230;<\/p>\n","protected":false},"author":23,"featured_media":16475,"comment_status":"open","ping_status":"closed","sticky":false,"template":"","format":"standard","meta":{"_acf_changed":false,"_monsterinsights_skip_tracking":false,"_monsterinsights_sitenote_active":false,"_monsterinsights_sitenote_note":"","_monsterinsights_sitenote_category":0,"footnotes":""},"categories":[504,1],"tags":[351,719],"class_list":["post-16461","post","type-post","status-publish","format-standard","has-post-thumbnail","hentry","category-elektricna-energija","category-obnovljivi-izvori-energije","tag-podvelezje","tag-vetropark","country-bosna-i-hercegovina"],"acf":[],"yoast_head":"<!-- This site is optimized with the Yoast SEO plugin v27.4 - https:\/\/yoast.com\/product\/yoast-seo-wordpress\/ -->\n<title>Projekat izgradnje vetroparka Podvele\u017eje predstavljen u Mostaru, po\u010detak rada 2019.<\/title>\n<meta name=\"description\" content=\"Predstavnici Elektroprivrede Bosne i Hercegovine organizovali su predstavljanje projekta izgradnje vetroparka Podvele\u017eje u Mostaru\" \/>\n<meta name=\"robots\" content=\"index, follow, max-snippet:-1, max-image-preview:large, max-video-preview:-1\" \/>\n<link rel=\"canonical\" href=\"https:\/\/balkangreenenergynews.com\/rs\/projekat-izgradnje-vetroparka-podvelezje-predstavljen-u-mostaru-pocetak-rada-2019\/\" \/>\n<meta property=\"og:locale\" content=\"sr_RS\" \/>\n<meta property=\"og:type\" content=\"article\" \/>\n<meta property=\"og:title\" content=\"Projekat izgradnje vetroparka Podvele\u017eje predstavljen u Mostaru, po\u010detak rada 2019.\" \/>\n<meta property=\"og:description\" content=\"Predstavnici Elektroprivrede Bosne i Hercegovine organizovali su predstavljanje projekta izgradnje vetroparka Podvele\u017eje u Mostaru\" \/>\n<meta property=\"og:url\" content=\"https:\/\/balkangreenenergynews.com\/rs\/projekat-izgradnje-vetroparka-podvelezje-predstavljen-u-mostaru-pocetak-rada-2019\/\" \/>\n<meta property=\"og:site_name\" content=\"Balkan Green Energy News\" \/>\n<meta property=\"article:published_time\" content=\"2018-03-14T16:19:59+00:00\" \/>\n<meta property=\"article:modified_time\" content=\"2019-03-06T08:53:40+00:00\" \/>\n<meta property=\"og:image\" content=\"https:\/\/balkangreenenergynews.com\/rs\/wp-content\/uploads\/2018\/03\/ep-bih.jpg\" \/>\n\t<meta property=\"og:image:width\" content=\"800\" \/>\n\t<meta property=\"og:image:height\" content=\"409\" \/>\n\t<meta property=\"og:image:type\" content=\"image\/jpeg\" \/>\n<meta name=\"author\" content=\"Vladimir Spasi\u0107\" \/>\n<meta name=\"twitter:card\" content=\"summary_large_image\" \/>\n<meta name=\"twitter:label1\" content=\"\u041d\u0430\u043f\u0438\u0441\u0430\u043d\u043e \u043e\u0434\" \/>\n\t<meta name=\"twitter:data1\" content=\"Vladimir Spasi\u0107\" \/>\n\t<meta name=\"twitter:label2\" content=\"\u041f\u0440\u043e\u0446\u0435\u045a\u0435\u043d\u043e \u0432\u0440\u0435\u043c\u0435 \u0447\u0438\u0442\u0430\u045a\u0430\" \/>\n\t<meta name=\"twitter:data2\" content=\"2 \u043c\u0438\u043d\u0443\u0442\u0430\" \/>\n<script type=\"application\/ld+json\" class=\"yoast-schema-graph\">{\"@context\":\"https:\\\/\\\/schema.org\",\"@graph\":[{\"@type\":\"Article\",\"@id\":\"https:\\\/\\\/balkangreenenergynews.com\\\/rs\\\/projekat-izgradnje-vetroparka-podvelezje-predstavljen-u-mostaru-pocetak-rada-2019\\\/#article\",\"isPartOf\":{\"@id\":\"https:\\\/\\\/balkangreenenergynews.com\\\/rs\\\/projekat-izgradnje-vetroparka-podvelezje-predstavljen-u-mostaru-pocetak-rada-2019\\\/\"},\"author\":{\"name\":\"Vladimir Spasi\u0107\",\"@id\":\"https:\\\/\\\/balkangreenenergynews.com\\\/rs\\\/#\\\/schema\\\/person\\\/99dc721c46113fea22caffad06ef7317\"},\"headline\":\"Projekat vetroparka Podvele\u017eje predstavljen u Mostaru, po\u010detak rada 2019.\",\"datePublished\":\"2018-03-14T16:19:59+00:00\",\"dateModified\":\"2019-03-06T08:53:40+00:00\",\"mainEntityOfPage\":{\"@id\":\"https:\\\/\\\/balkangreenenergynews.com\\\/rs\\\/projekat-izgradnje-vetroparka-podvelezje-predstavljen-u-mostaru-pocetak-rada-2019\\\/\"},\"wordCount\":356,\"commentCount\":0,\"image\":{\"@id\":\"https:\\\/\\\/balkangreenenergynews.com\\\/rs\\\/projekat-izgradnje-vetroparka-podvelezje-predstavljen-u-mostaru-pocetak-rada-2019\\\/#primaryimage\"},\"thumbnailUrl\":\"https:\\\/\\\/balkangreenenergynews.com\\\/rs\\\/wp-content\\\/uploads\\\/2018\\\/03\\\/ep-bih.jpg?wsr\",\"keywords\":[\"Podvele\u017eje\",\"vetropark\"],\"articleSection\":[\"Elektri\u010dna energija\",\"OIE\"],\"inLanguage\":\"sr-RS\",\"potentialAction\":[{\"@type\":\"CommentAction\",\"name\":\"Comment\",\"target\":[\"https:\\\/\\\/balkangreenenergynews.com\\\/rs\\\/projekat-izgradnje-vetroparka-podvelezje-predstavljen-u-mostaru-pocetak-rada-2019\\\/#respond\"]}]},{\"@type\":\"WebPage\",\"@id\":\"https:\\\/\\\/balkangreenenergynews.com\\\/rs\\\/projekat-izgradnje-vetroparka-podvelezje-predstavljen-u-mostaru-pocetak-rada-2019\\\/\",\"url\":\"https:\\\/\\\/balkangreenenergynews.com\\\/rs\\\/projekat-izgradnje-vetroparka-podvelezje-predstavljen-u-mostaru-pocetak-rada-2019\\\/\",\"name\":\"Projekat izgradnje vetroparka Podvele\u017eje predstavljen u Mostaru, po\u010detak rada 2019.\",\"isPartOf\":{\"@id\":\"https:\\\/\\\/balkangreenenergynews.com\\\/rs\\\/#website\"},\"primaryImageOfPage\":{\"@id\":\"https:\\\/\\\/balkangreenenergynews.com\\\/rs\\\/projekat-izgradnje-vetroparka-podvelezje-predstavljen-u-mostaru-pocetak-rada-2019\\\/#primaryimage\"},\"image\":{\"@id\":\"https:\\\/\\\/balkangreenenergynews.com\\\/rs\\\/projekat-izgradnje-vetroparka-podvelezje-predstavljen-u-mostaru-pocetak-rada-2019\\\/#primaryimage\"},\"thumbnailUrl\":\"https:\\\/\\\/balkangreenenergynews.com\\\/rs\\\/wp-content\\\/uploads\\\/2018\\\/03\\\/ep-bih.jpg?wsr\",\"datePublished\":\"2018-03-14T16:19:59+00:00\",\"dateModified\":\"2019-03-06T08:53:40+00:00\",\"author\":{\"@id\":\"https:\\\/\\\/balkangreenenergynews.com\\\/rs\\\/#\\\/schema\\\/person\\\/99dc721c46113fea22caffad06ef7317\"},\"description\":\"Predstavnici Elektroprivrede Bosne i Hercegovine organizovali su predstavljanje projekta izgradnje vetroparka Podvele\u017eje u Mostaru\",\"breadcrumb\":{\"@id\":\"https:\\\/\\\/balkangreenenergynews.com\\\/rs\\\/projekat-izgradnje-vetroparka-podvelezje-predstavljen-u-mostaru-pocetak-rada-2019\\\/#breadcrumb\"},\"inLanguage\":\"sr-RS\",\"potentialAction\":[{\"@type\":\"ReadAction\",\"target\":[\"https:\\\/\\\/balkangreenenergynews.com\\\/rs\\\/projekat-izgradnje-vetroparka-podvelezje-predstavljen-u-mostaru-pocetak-rada-2019\\\/\"]}]},{\"@type\":\"ImageObject\",\"inLanguage\":\"sr-RS\",\"@id\":\"https:\\\/\\\/balkangreenenergynews.com\\\/rs\\\/projekat-izgradnje-vetroparka-podvelezje-predstavljen-u-mostaru-pocetak-rada-2019\\\/#primaryimage\",\"url\":\"https:\\\/\\\/balkangreenenergynews.com\\\/rs\\\/wp-content\\\/uploads\\\/2018\\\/03\\\/ep-bih.jpg?wsr\",\"contentUrl\":\"https:\\\/\\\/balkangreenenergynews.com\\\/rs\\\/wp-content\\\/uploads\\\/2018\\\/03\\\/ep-bih.jpg?wsr\",\"width\":800,\"height\":409,\"caption\":\"Projekat vetroparka Podvelezje predstavljen u Mostaru pocetak rada 2019\"},{\"@type\":\"BreadcrumbList\",\"@id\":\"https:\\\/\\\/balkangreenenergynews.com\\\/rs\\\/projekat-izgradnje-vetroparka-podvelezje-predstavljen-u-mostaru-pocetak-rada-2019\\\/#breadcrumb\",\"itemListElement\":[{\"@type\":\"ListItem\",\"position\":1,\"name\":\"Po\u010detna\",\"item\":\"https:\\\/\\\/balkangreenenergynews.com\\\/rs\\\/\"},{\"@type\":\"ListItem\",\"position\":2,\"name\":\"Vesti\",\"item\":\"https:\\\/\\\/balkangreenenergynews.com\\\/rs\\\/kategorija\\\/vesti\\\/\"},{\"@type\":\"ListItem\",\"position\":3,\"name\":\"OIE\",\"item\":\"https:\\\/\\\/balkangreenenergynews.com\\\/rs\\\/kategorija\\\/vesti\\\/obnovljivi-izvori-energije\\\/\"},{\"@type\":\"ListItem\",\"position\":4,\"name\":\"Projekat vetroparka Podvele\u017eje predstavljen u Mostaru, po\u010detak rada 2019.\"}]},{\"@type\":\"WebSite\",\"@id\":\"https:\\\/\\\/balkangreenenergynews.com\\\/rs\\\/#website\",\"url\":\"https:\\\/\\\/balkangreenenergynews.com\\\/rs\\\/\",\"name\":\"Balkan Green Energy News\",\"description\":\"Naj\u0161iri izbor vesti sa Balkana o zelenoj energiji\",\"potentialAction\":[{\"@type\":\"SearchAction\",\"target\":{\"@type\":\"EntryPoint\",\"urlTemplate\":\"https:\\\/\\\/balkangreenenergynews.com\\\/rs\\\/?s={search_term_string}\"},\"query-input\":{\"@type\":\"PropertyValueSpecification\",\"valueRequired\":true,\"valueName\":\"search_term_string\"}}],\"inLanguage\":\"sr-RS\"},{\"@type\":\"Person\",\"@id\":\"https:\\\/\\\/balkangreenenergynews.com\\\/rs\\\/#\\\/schema\\\/person\\\/99dc721c46113fea22caffad06ef7317\",\"name\":\"Vladimir Spasi\u0107\",\"url\":\"https:\\\/\\\/balkangreenenergynews.com\\\/rs\\\/author\\\/vladimir-spasic\\\/\"}]}<\/script>\n<!-- \/ Yoast SEO plugin. -->","yoast_head_json":{"title":"Projekat izgradnje vetroparka Podvele\u017eje predstavljen u Mostaru, po\u010detak rada 2019.","description":"Predstavnici Elektroprivrede Bosne i Hercegovine organizovali su predstavljanje projekta izgradnje vetroparka Podvele\u017eje u Mostaru","robots":{"index":"index","follow":"follow","max-snippet":"max-snippet:-1","max-image-preview":"max-image-preview:large","max-video-preview":"max-video-preview:-1"},"canonical":"https:\/\/balkangreenenergynews.com\/rs\/projekat-izgradnje-vetroparka-podvelezje-predstavljen-u-mostaru-pocetak-rada-2019\/","og_locale":"sr_RS","og_type":"article","og_title":"Projekat izgradnje vetroparka Podvele\u017eje predstavljen u Mostaru, po\u010detak rada 2019.","og_description":"Predstavnici Elektroprivrede Bosne i Hercegovine organizovali su predstavljanje projekta izgradnje vetroparka Podvele\u017eje u Mostaru","og_url":"https:\/\/balkangreenenergynews.com\/rs\/projekat-izgradnje-vetroparka-podvelezje-predstavljen-u-mostaru-pocetak-rada-2019\/","og_site_name":"Balkan Green Energy News","article_published_time":"2018-03-14T16:19:59+00:00","article_modified_time":"2019-03-06T08:53:40+00:00","og_image":[{"width":800,"height":409,"url":"https:\/\/balkangreenenergynews.com\/rs\/wp-content\/uploads\/2018\/03\/ep-bih.jpg","type":"image\/jpeg"}],"author":"Vladimir Spasi\u0107","twitter_card":"summary_large_image","twitter_misc":{"\u041d\u0430\u043f\u0438\u0441\u0430\u043d\u043e \u043e\u0434":"Vladimir Spasi\u0107","\u041f\u0440\u043e\u0446\u0435\u045a\u0435\u043d\u043e \u0432\u0440\u0435\u043c\u0435 \u0447\u0438\u0442\u0430\u045a\u0430":"2 \u043c\u0438\u043d\u0443\u0442\u0430"},"schema":{"@context":"https:\/\/schema.org","@graph":[{"@type":"Article","@id":"https:\/\/balkangreenenergynews.com\/rs\/projekat-izgradnje-vetroparka-podvelezje-predstavljen-u-mostaru-pocetak-rada-2019\/#article","isPartOf":{"@id":"https:\/\/balkangreenenergynews.com\/rs\/projekat-izgradnje-vetroparka-podvelezje-predstavljen-u-mostaru-pocetak-rada-2019\/"},"author":{"name":"Vladimir Spasi\u0107","@id":"https:\/\/balkangreenenergynews.com\/rs\/#\/schema\/person\/99dc721c46113fea22caffad06ef7317"},"headline":"Projekat vetroparka Podvele\u017eje predstavljen u Mostaru, po\u010detak rada 2019.","datePublished":"2018-03-14T16:19:59+00:00","dateModified":"2019-03-06T08:53:40+00:00","mainEntityOfPage":{"@id":"https:\/\/balkangreenenergynews.com\/rs\/projekat-izgradnje-vetroparka-podvelezje-predstavljen-u-mostaru-pocetak-rada-2019\/"},"wordCount":356,"commentCount":0,"image":{"@id":"https:\/\/balkangreenenergynews.com\/rs\/projekat-izgradnje-vetroparka-podvelezje-predstavljen-u-mostaru-pocetak-rada-2019\/#primaryimage"},"thumbnailUrl":"https:\/\/balkangreenenergynews.com\/rs\/wp-content\/uploads\/2018\/03\/ep-bih.jpg?wsr","keywords":["Podvele\u017eje","vetropark"],"articleSection":["Elektri\u010dna energija","OIE"],"inLanguage":"sr-RS","potentialAction":[{"@type":"CommentAction","name":"Comment","target":["https:\/\/balkangreenenergynews.com\/rs\/projekat-izgradnje-vetroparka-podvelezje-predstavljen-u-mostaru-pocetak-rada-2019\/#respond"]}]},{"@type":"WebPage","@id":"https:\/\/balkangreenenergynews.com\/rs\/projekat-izgradnje-vetroparka-podvelezje-predstavljen-u-mostaru-pocetak-rada-2019\/","url":"https:\/\/balkangreenenergynews.com\/rs\/projekat-izgradnje-vetroparka-podvelezje-predstavljen-u-mostaru-pocetak-rada-2019\/","name":"Projekat izgradnje vetroparka Podvele\u017eje predstavljen u Mostaru, po\u010detak rada 2019.","isPartOf":{"@id":"https:\/\/balkangreenenergynews.com\/rs\/#website"},"primaryImageOfPage":{"@id":"https:\/\/balkangreenenergynews.com\/rs\/projekat-izgradnje-vetroparka-podvelezje-predstavljen-u-mostaru-pocetak-rada-2019\/#primaryimage"},"image":{"@id":"https:\/\/balkangreenenergynews.com\/rs\/projekat-izgradnje-vetroparka-podvelezje-predstavljen-u-mostaru-pocetak-rada-2019\/#primaryimage"},"thumbnailUrl":"https:\/\/balkangreenenergynews.com\/rs\/wp-content\/uploads\/2018\/03\/ep-bih.jpg?wsr","datePublished":"2018-03-14T16:19:59+00:00","dateModified":"2019-03-06T08:53:40+00:00","author":{"@id":"https:\/\/balkangreenenergynews.com\/rs\/#\/schema\/person\/99dc721c46113fea22caffad06ef7317"},"description":"Predstavnici Elektroprivrede Bosne i Hercegovine organizovali su predstavljanje projekta izgradnje vetroparka Podvele\u017eje u Mostaru","breadcrumb":{"@id":"https:\/\/balkangreenenergynews.com\/rs\/projekat-izgradnje-vetroparka-podvelezje-predstavljen-u-mostaru-pocetak-rada-2019\/#breadcrumb"},"inLanguage":"sr-RS","potentialAction":[{"@type":"ReadAction","target":["https:\/\/balkangreenenergynews.com\/rs\/projekat-izgradnje-vetroparka-podvelezje-predstavljen-u-mostaru-pocetak-rada-2019\/"]}]},{"@type":"ImageObject","inLanguage":"sr-RS","@id":"https:\/\/balkangreenenergynews.com\/rs\/projekat-izgradnje-vetroparka-podvelezje-predstavljen-u-mostaru-pocetak-rada-2019\/#primaryimage","url":"https:\/\/balkangreenenergynews.com\/rs\/wp-content\/uploads\/2018\/03\/ep-bih.jpg?wsr","contentUrl":"https:\/\/balkangreenenergynews.com\/rs\/wp-content\/uploads\/2018\/03\/ep-bih.jpg?wsr","width":800,"height":409,"caption":"Projekat vetroparka Podvelezje predstavljen u Mostaru pocetak rada 2019"},{"@type":"BreadcrumbList","@id":"https:\/\/balkangreenenergynews.com\/rs\/projekat-izgradnje-vetroparka-podvelezje-predstavljen-u-mostaru-pocetak-rada-2019\/#breadcrumb","itemListElement":[{"@type":"ListItem","position":1,"name":"Po\u010detna","item":"https:\/\/balkangreenenergynews.com\/rs\/"},{"@type":"ListItem","position":2,"name":"Vesti","item":"https:\/\/balkangreenenergynews.com\/rs\/kategorija\/vesti\/"},{"@type":"ListItem","position":3,"name":"OIE","item":"https:\/\/balkangreenenergynews.com\/rs\/kategorija\/vesti\/obnovljivi-izvori-energije\/"},{"@type":"ListItem","position":4,"name":"Projekat vetroparka Podvele\u017eje predstavljen u Mostaru, po\u010detak rada 2019."}]},{"@type":"WebSite","@id":"https:\/\/balkangreenenergynews.com\/rs\/#website","url":"https:\/\/balkangreenenergynews.com\/rs\/","name":"Balkan Green Energy News","description":"Naj\u0161iri izbor vesti sa Balkana o zelenoj energiji","potentialAction":[{"@type":"SearchAction","target":{"@type":"EntryPoint","urlTemplate":"https:\/\/balkangreenenergynews.com\/rs\/?s={search_term_string}"},"query-input":{"@type":"PropertyValueSpecification","valueRequired":true,"valueName":"search_term_string"}}],"inLanguage":"sr-RS"},{"@type":"Person","@id":"https:\/\/balkangreenenergynews.com\/rs\/#\/schema\/person\/99dc721c46113fea22caffad06ef7317","name":"Vladimir Spasi\u0107","url":"https:\/\/balkangreenenergynews.com\/rs\/author\/vladimir-spasic\/"}]}},"_links":{"self":[{"href":"https:\/\/balkangreenenergynews.com\/rs\/wp-json\/wp\/v2\/posts\/16461","targetHints":{"allow":["GET"]}}],"collection":[{"href":"https:\/\/balkangreenenergynews.com\/rs\/wp-json\/wp\/v2\/posts"}],"about":[{"href":"https:\/\/balkangreenenergynews.com\/rs\/wp-json\/wp\/v2\/types\/post"}],"author":[{"embeddable":true,"href":"https:\/\/balkangreenenergynews.com\/rs\/wp-json\/wp\/v2\/users\/23"}],"replies":[{"embeddable":true,"href":"https:\/\/balkangreenenergynews.com\/rs\/wp-json\/wp\/v2\/comments?post=16461"}],"version-history":[{"count":0,"href":"https:\/\/balkangreenenergynews.com\/rs\/wp-json\/wp\/v2\/posts\/16461\/revisions"}],"wp:featuredmedia":[{"embeddable":true,"href":"https:\/\/balkangreenenergynews.com\/rs\/wp-json\/wp\/v2\/media\/16475"}],"wp:attachment":[{"href":"https:\/\/balkangreenenergynews.com\/rs\/wp-json\/wp\/v2\/media?parent=16461"}],"wp:term":[{"taxonomy":"category","embeddable":true,"href":"https:\/\/balkangreenenergynews.com\/rs\/wp-json\/wp\/v2\/categories?post=16461"},{"taxonomy":"post_tag","embeddable":true,"href":"https:\/\/balkangreenenergynews.com\/rs\/wp-json\/wp\/v2\/tags?post=16461"}],"curies":[{"name":"wp","href":"https:\/\/api.w.org\/{rel}","templated":true}]}}