{"id":16275,"date":"2018-02-27T17:00:01","date_gmt":"2018-02-27T16:00:01","guid":{"rendered":"https:\/\/balkangreenenergynews.com\/rs\/?p=16275"},"modified":"2018-02-28T13:49:35","modified_gmt":"2018-02-28T12:49:35","slug":"crna-gora-otkupiti-deo-prenosne-mreze-vetroparka-krnovo","status":"publish","type":"post","link":"https:\/\/balkangreenenergynews.com\/rs\/crna-gora-otkupiti-deo-prenosne-mreze-vetroparka-krnovo\/","title":{"rendered":"Crna Gora \u0107e otkupiti deo prenosne mre\u017ee od vetroparka Krnovo"},"content":{"rendered":"<h2>Vlada Crne Gore donela je odluku da od francuske kompanije Akuo Energy otkupi deo infrastrukture za prenos elektri\u010dne energije, koju je ova firma izgradila za svoj vetropark Krnovo. Za otkup je obezbe\u0111en grant Evropske unije od 5,8 miliona evra.<\/h2>\n<p>Trafo-stanicu TS 110\/35 kV Bre\u00adzna sa pri\u00adklju\u010d\u00adkom do po\u00adsto\u00adje\u00ad\u0107eg da\u00adle\u00adko\u00advo\u00adda Nik\u00ad\u0161i\u0107\u2013Bre\u00adzna, kao i dvo\u00adsi\u00adstem\u00adski da\u00adle\u00adko\u00advod 110 kV Bre\u00adzna\u2013Kr\u00adno\u00advo preuze\u0107e Crnogorski elektroprenosni sistem (CGES), koji je operator prenosnog sistema.<\/p>\n<p>Grant od 5,8 miliona evra je deo granta za Transbalkanski koridor od 25 miliona evra. Procenu vrednosti infrastrukture uradio je procenitelj kojeg je anga\u017eovala Nema\u010dka razvojna banka KfW \u00a0u postupku odobravanja granta EU.<\/p>\n<p>Vetropark Krnovo, snage 72 MW, je izgradila austrijska kompanija Ivicom Consulting i francuska Akuo Energy. Izgradnja je po\u010dela sredinom 2015. godine, a vetropark je po\u010deo da radi u novembru 2017.<\/p>\n<p>Investitor je, kako se navodi u <a href=\"https:\/\/www.gov.me\/ResourceManager\/FileDownload.aspx?rId=303159&amp;rType=2\">odluci Vlade Crne Gore<\/a> o potpisivanje \u0161estog aneksa ugovora sa francuskom firmom, koriste\u0107i odredbe Zakona o energetici i na osnovu saglasnosti CGES-a, izgradio deo infrastrukture predvi\u0111ene desetogodi\u0161njim planom razvoja prenosne mre\u017ee.<\/p>\n<p>\u201cObzirom da se prilikom zaklju\u010divanja prethodnih ugovora i aneksa nije precizno razdvojila infrastruktura koja je sastavni deo projekta vetroelektrane i infrastrukture koja je sastavni deo planova razvoja prenosne mre\u017ee u Crnoj Gori, njenom izgradnjom i uknji\u017eavanjem zemlji\u0161ta stekli su se uslovi da se potpi\u0161e i razdvoji kroz Aneks br 6\u201d, navodi se u odluci crnogorske vlade.<\/p>\n<p>Aneksom se stvaraju uslovi za zaklju\u010denje ugovora izme\u0111u investitora i operatora prenosnog sistema (CGES). Vla\u00adda Crne Gore je ovla\u00adsti\u00adla mi\u00adni\u00adstar\u00adku eko\u00adno\u00admi\u00adje Dra\u00adgi\u00adcu Se\u00adku\u00adli\u0107 da pot\u00adpi\u00ad\u0161e aneks ugovora sa fir\u00admom Kr\u00adno\u00advo Green Energy, \u010di\u00adji je vla\u00adsnik fran\u00adcu\u00adski Akuo.<\/p>\n<h3><span style=\"\">Ulazak Masdara<\/span><\/h3>\n<p>U Odluci se navodi da je tokom pripreme aneksa, Akuo najavio da razmatra mogu\u0107nost da u narednom periodu promeni sastav konzorcijuma, uklju\u010denjem jo\u0161 jednog renomiranog investitora \u2013 kompanije Masdar iz Ujedinjenih Arapskih Emirata, o \u010demu \u0107e, kako se navodi, blagovremeno obavestiti Ministarstvo ekonomije.<\/p>\n<p>\u201cUkoliko se utvrdi, nakon podno\u0161enja zahteva, da su ispunjeni svi uslovi kako bi se tra\u017eena promena obavila neophodno \u0107e biti da se pristupi zaklju\u010denju novog aneksa\u201d, isti\u010de se u odluci.<\/p>\n<p>Masdar i Akuo Energy saop\u0161tile su <a href=\"https:\/\/balkangreenenergynews.com\/rs\/kompanija-masdar-iz-uae-postala-suvlasnik-vetroelektrane-u-crnoj-gori\/\">sredinom januara<\/a> da su potpisale ugovor prema kojem \u0107e arapska kompanija kupiti 49 odsto akcija firme Krnovo Green Energy, koja upravlja vetroelektranom.<\/p>\n","protected":false},"excerpt":{"rendered":"<p>Vlada Crne Gore donela je odluku da od francuske kompanije Akuo Energy otkupi deo infrastrukture&#8230;<\/p>\n","protected":false},"author":2,"featured_media":16276,"comment_status":"open","ping_status":"closed","sticky":false,"template":"","format":"standard","meta":{"_acf_changed":false,"_monsterinsights_skip_tracking":false,"_monsterinsights_sitenote_active":false,"_monsterinsights_sitenote_note":"","_monsterinsights_sitenote_category":0,"footnotes":""},"categories":[504],"tags":[68,111,3141,289,2838,3558,719],"class_list":["post-16275","post","type-post","status-publish","format-standard","has-post-thumbnail","hentry","category-elektricna-energija","tag-akuo-energy","tag-cges","tag-crnogorski-elektroprenosni-sistem","tag-krnovo","tag-masdar","tag-prenos-elektricne-energije","tag-vetropark","country-crna-gora"],"acf":[],"yoast_head":"<!-- This site is optimized with the Yoast SEO plugin v27.4 - https:\/\/yoast.com\/product\/yoast-seo-wordpress\/ -->\n<title>Crna Gora \u0107e otkupiti deo prenosne mre\u017ee od vetroparka Krnovo<\/title>\n<meta name=\"description\" content=\"Vlada Crne Gore donela je odluku da od francuske kompanije Akuo Energy otkupi deo infrastrukture za prenos elektri\u010dne energije, koju je ova firma izgradila za svoj vetropark Krnovo. Za otkup je obezbe\u0111en grant Evropske unije od 5,8 miliona evra.\" \/>\n<meta name=\"robots\" content=\"index, follow, max-snippet:-1, max-image-preview:large, max-video-preview:-1\" \/>\n<link rel=\"canonical\" href=\"https:\/\/balkangreenenergynews.com\/rs\/crna-gora-otkupiti-deo-prenosne-mreze-vetroparka-krnovo\/\" \/>\n<meta property=\"og:locale\" content=\"sr_RS\" \/>\n<meta property=\"og:type\" content=\"article\" \/>\n<meta property=\"og:title\" content=\"Crna Gora \u0107e otkupiti deo prenosne mre\u017ee od vetroparka Krnovo\" \/>\n<meta property=\"og:description\" content=\"Vlada Crne Gore donela je odluku da od francuske kompanije Akuo Energy otkupi deo infrastrukture za prenos elektri\u010dne energije, koju je ova firma izgradila za svoj vetropark Krnovo. Za otkup je obezbe\u0111en grant Evropske unije od 5,8 miliona evra.\" \/>\n<meta property=\"og:url\" content=\"https:\/\/balkangreenenergynews.com\/rs\/crna-gora-otkupiti-deo-prenosne-mreze-vetroparka-krnovo\/\" \/>\n<meta property=\"og:site_name\" content=\"Balkan Green Energy News\" \/>\n<meta property=\"article:published_time\" content=\"2018-02-27T16:00:01+00:00\" \/>\n<meta property=\"article:modified_time\" content=\"2018-02-28T12:49:35+00:00\" \/>\n<meta property=\"og:image\" content=\"https:\/\/balkangreenenergynews.com\/rs\/wp-content\/uploads\/2018\/02\/krnovo-vlada-crne-gore-1.jpg\" \/>\n\t<meta property=\"og:image:width\" content=\"795\" \/>\n\t<meta property=\"og:image:height\" content=\"407\" \/>\n\t<meta property=\"og:image:type\" content=\"image\/jpeg\" \/>\n<meta name=\"author\" content=\"Branislava Jovi\u010di\u0107\" \/>\n<meta name=\"twitter:card\" content=\"summary_large_image\" \/>\n<meta name=\"twitter:creator\" content=\"@https:\/\/twitter.com\/BranaJovicic\" \/>\n<meta name=\"twitter:label1\" content=\"\u041d\u0430\u043f\u0438\u0441\u0430\u043d\u043e \u043e\u0434\" \/>\n\t<meta name=\"twitter:data1\" content=\"Branislava Jovi\u010di\u0107\" \/>\n\t<meta name=\"twitter:label2\" content=\"\u041f\u0440\u043e\u0446\u0435\u045a\u0435\u043d\u043e \u0432\u0440\u0435\u043c\u0435 \u0447\u0438\u0442\u0430\u045a\u0430\" \/>\n\t<meta name=\"twitter:data2\" content=\"2 \u043c\u0438\u043d\u0443\u0442\u0430\" \/>\n<script type=\"application\/ld+json\" class=\"yoast-schema-graph\">{\"@context\":\"https:\\\/\\\/schema.org\",\"@graph\":[{\"@type\":\"Article\",\"@id\":\"https:\\\/\\\/balkangreenenergynews.com\\\/rs\\\/crna-gora-otkupiti-deo-prenosne-mreze-vetroparka-krnovo\\\/#article\",\"isPartOf\":{\"@id\":\"https:\\\/\\\/balkangreenenergynews.com\\\/rs\\\/crna-gora-otkupiti-deo-prenosne-mreze-vetroparka-krnovo\\\/\"},\"author\":{\"name\":\"Branislava Jovi\u010di\u0107\",\"@id\":\"https:\\\/\\\/balkangreenenergynews.com\\\/rs\\\/#\\\/schema\\\/person\\\/ff4e9f9457769ba580672215875f5b38\"},\"headline\":\"Crna Gora \u0107e otkupiti deo prenosne mre\u017ee od vetroparka Krnovo\",\"datePublished\":\"2018-02-27T16:00:01+00:00\",\"dateModified\":\"2018-02-28T12:49:35+00:00\",\"mainEntityOfPage\":{\"@id\":\"https:\\\/\\\/balkangreenenergynews.com\\\/rs\\\/crna-gora-otkupiti-deo-prenosne-mreze-vetroparka-krnovo\\\/\"},\"wordCount\":433,\"commentCount\":0,\"image\":{\"@id\":\"https:\\\/\\\/balkangreenenergynews.com\\\/rs\\\/crna-gora-otkupiti-deo-prenosne-mreze-vetroparka-krnovo\\\/#primaryimage\"},\"thumbnailUrl\":\"https:\\\/\\\/balkangreenenergynews.com\\\/rs\\\/wp-content\\\/uploads\\\/2018\\\/02\\\/krnovo-vlada-crne-gore-1.jpg?wsr\",\"keywords\":[\"Akuo Energy\",\"CGES\",\"Crnogorski elektroprenosni sistem\",\"Krnovo\",\"Masdar\",\"prenos elektri\u010dne energije\",\"vetropark\"],\"articleSection\":[\"Elektri\u010dna energija\"],\"inLanguage\":\"sr-RS\",\"potentialAction\":[{\"@type\":\"CommentAction\",\"name\":\"Comment\",\"target\":[\"https:\\\/\\\/balkangreenenergynews.com\\\/rs\\\/crna-gora-otkupiti-deo-prenosne-mreze-vetroparka-krnovo\\\/#respond\"]}]},{\"@type\":\"WebPage\",\"@id\":\"https:\\\/\\\/balkangreenenergynews.com\\\/rs\\\/crna-gora-otkupiti-deo-prenosne-mreze-vetroparka-krnovo\\\/\",\"url\":\"https:\\\/\\\/balkangreenenergynews.com\\\/rs\\\/crna-gora-otkupiti-deo-prenosne-mreze-vetroparka-krnovo\\\/\",\"name\":\"Crna Gora \u0107e otkupiti deo prenosne mre\u017ee od vetroparka Krnovo\",\"isPartOf\":{\"@id\":\"https:\\\/\\\/balkangreenenergynews.com\\\/rs\\\/#website\"},\"primaryImageOfPage\":{\"@id\":\"https:\\\/\\\/balkangreenenergynews.com\\\/rs\\\/crna-gora-otkupiti-deo-prenosne-mreze-vetroparka-krnovo\\\/#primaryimage\"},\"image\":{\"@id\":\"https:\\\/\\\/balkangreenenergynews.com\\\/rs\\\/crna-gora-otkupiti-deo-prenosne-mreze-vetroparka-krnovo\\\/#primaryimage\"},\"thumbnailUrl\":\"https:\\\/\\\/balkangreenenergynews.com\\\/rs\\\/wp-content\\\/uploads\\\/2018\\\/02\\\/krnovo-vlada-crne-gore-1.jpg?wsr\",\"datePublished\":\"2018-02-27T16:00:01+00:00\",\"dateModified\":\"2018-02-28T12:49:35+00:00\",\"author\":{\"@id\":\"https:\\\/\\\/balkangreenenergynews.com\\\/rs\\\/#\\\/schema\\\/person\\\/ff4e9f9457769ba580672215875f5b38\"},\"description\":\"Vlada Crne Gore donela je odluku da od francuske kompanije Akuo Energy otkupi deo infrastrukture za prenos elektri\u010dne energije, koju je ova firma izgradila za svoj vetropark Krnovo. Za otkup je obezbe\u0111en grant Evropske unije od 5,8 miliona evra.\",\"breadcrumb\":{\"@id\":\"https:\\\/\\\/balkangreenenergynews.com\\\/rs\\\/crna-gora-otkupiti-deo-prenosne-mreze-vetroparka-krnovo\\\/#breadcrumb\"},\"inLanguage\":\"sr-RS\",\"potentialAction\":[{\"@type\":\"ReadAction\",\"target\":[\"https:\\\/\\\/balkangreenenergynews.com\\\/rs\\\/crna-gora-otkupiti-deo-prenosne-mreze-vetroparka-krnovo\\\/\"]}]},{\"@type\":\"ImageObject\",\"inLanguage\":\"sr-RS\",\"@id\":\"https:\\\/\\\/balkangreenenergynews.com\\\/rs\\\/crna-gora-otkupiti-deo-prenosne-mreze-vetroparka-krnovo\\\/#primaryimage\",\"url\":\"https:\\\/\\\/balkangreenenergynews.com\\\/rs\\\/wp-content\\\/uploads\\\/2018\\\/02\\\/krnovo-vlada-crne-gore-1.jpg?wsr\",\"contentUrl\":\"https:\\\/\\\/balkangreenenergynews.com\\\/rs\\\/wp-content\\\/uploads\\\/2018\\\/02\\\/krnovo-vlada-crne-gore-1.jpg?wsr\",\"width\":795,\"height\":407,\"caption\":\"Crna Gora ce otkupiti deo prenosne mreze od vetroparka Krnovo\"},{\"@type\":\"BreadcrumbList\",\"@id\":\"https:\\\/\\\/balkangreenenergynews.com\\\/rs\\\/crna-gora-otkupiti-deo-prenosne-mreze-vetroparka-krnovo\\\/#breadcrumb\",\"itemListElement\":[{\"@type\":\"ListItem\",\"position\":1,\"name\":\"Po\u010detna\",\"item\":\"https:\\\/\\\/balkangreenenergynews.com\\\/rs\\\/\"},{\"@type\":\"ListItem\",\"position\":2,\"name\":\"Vesti\",\"item\":\"https:\\\/\\\/balkangreenenergynews.com\\\/rs\\\/kategorija\\\/vesti\\\/\"},{\"@type\":\"ListItem\",\"position\":3,\"name\":\"Elektri\u010dna energija\",\"item\":\"https:\\\/\\\/balkangreenenergynews.com\\\/rs\\\/kategorija\\\/vesti\\\/elektricna-energija\\\/\"},{\"@type\":\"ListItem\",\"position\":4,\"name\":\"Crna Gora \u0107e otkupiti deo prenosne mre\u017ee od vetroparka Krnovo\"}]},{\"@type\":\"WebSite\",\"@id\":\"https:\\\/\\\/balkangreenenergynews.com\\\/rs\\\/#website\",\"url\":\"https:\\\/\\\/balkangreenenergynews.com\\\/rs\\\/\",\"name\":\"Balkan Green Energy News\",\"description\":\"Naj\u0161iri izbor vesti sa Balkana o zelenoj energiji\",\"potentialAction\":[{\"@type\":\"SearchAction\",\"target\":{\"@type\":\"EntryPoint\",\"urlTemplate\":\"https:\\\/\\\/balkangreenenergynews.com\\\/rs\\\/?s={search_term_string}\"},\"query-input\":{\"@type\":\"PropertyValueSpecification\",\"valueRequired\":true,\"valueName\":\"search_term_string\"}}],\"inLanguage\":\"sr-RS\"},{\"@type\":\"Person\",\"@id\":\"https:\\\/\\\/balkangreenenergynews.com\\\/rs\\\/#\\\/schema\\\/person\\\/ff4e9f9457769ba580672215875f5b38\",\"name\":\"Branislava Jovi\u010di\u0107\",\"description\":\"\u017divimo u vremenu koje je pred na\u0161u generaciju postavilo veoma va\u017ean zadatak. Nije na nama sva krivica za stanje u kojem se nalazi planeta, ali odgovornot svakako jeste. Zato usmerimo svoja znanja, ve\u0161tine i pamet ka pronala\u017eenju odr\u017eivih, pametnih i zelenih re\u0161enja.\",\"sameAs\":[\"https:\\\/\\\/www.linkedin.com\\\/in\\\/branislava-jovicic-043080a\\\/\",\"https:\\\/\\\/x.com\\\/https:\\\/\\\/twitter.com\\\/BranaJovicic\"],\"url\":\"https:\\\/\\\/balkangreenenergynews.com\\\/rs\\\/author\\\/bgen\\\/\"}]}<\/script>\n<!-- \/ Yoast SEO plugin. -->","yoast_head_json":{"title":"Crna Gora \u0107e otkupiti deo prenosne mre\u017ee od vetroparka Krnovo","description":"Vlada Crne Gore donela je odluku da od francuske kompanije Akuo Energy otkupi deo infrastrukture za prenos elektri\u010dne energije, koju je ova firma izgradila za svoj vetropark Krnovo. Za otkup je obezbe\u0111en grant Evropske unije od 5,8 miliona evra.","robots":{"index":"index","follow":"follow","max-snippet":"max-snippet:-1","max-image-preview":"max-image-preview:large","max-video-preview":"max-video-preview:-1"},"canonical":"https:\/\/balkangreenenergynews.com\/rs\/crna-gora-otkupiti-deo-prenosne-mreze-vetroparka-krnovo\/","og_locale":"sr_RS","og_type":"article","og_title":"Crna Gora \u0107e otkupiti deo prenosne mre\u017ee od vetroparka Krnovo","og_description":"Vlada Crne Gore donela je odluku da od francuske kompanije Akuo Energy otkupi deo infrastrukture za prenos elektri\u010dne energije, koju je ova firma izgradila za svoj vetropark Krnovo. Za otkup je obezbe\u0111en grant Evropske unije od 5,8 miliona evra.","og_url":"https:\/\/balkangreenenergynews.com\/rs\/crna-gora-otkupiti-deo-prenosne-mreze-vetroparka-krnovo\/","og_site_name":"Balkan Green Energy News","article_published_time":"2018-02-27T16:00:01+00:00","article_modified_time":"2018-02-28T12:49:35+00:00","og_image":[{"width":795,"height":407,"url":"https:\/\/balkangreenenergynews.com\/rs\/wp-content\/uploads\/2018\/02\/krnovo-vlada-crne-gore-1.jpg","type":"image\/jpeg"}],"author":"Branislava Jovi\u010di\u0107","twitter_card":"summary_large_image","twitter_creator":"@https:\/\/twitter.com\/BranaJovicic","twitter_misc":{"\u041d\u0430\u043f\u0438\u0441\u0430\u043d\u043e \u043e\u0434":"Branislava Jovi\u010di\u0107","\u041f\u0440\u043e\u0446\u0435\u045a\u0435\u043d\u043e \u0432\u0440\u0435\u043c\u0435 \u0447\u0438\u0442\u0430\u045a\u0430":"2 \u043c\u0438\u043d\u0443\u0442\u0430"},"schema":{"@context":"https:\/\/schema.org","@graph":[{"@type":"Article","@id":"https:\/\/balkangreenenergynews.com\/rs\/crna-gora-otkupiti-deo-prenosne-mreze-vetroparka-krnovo\/#article","isPartOf":{"@id":"https:\/\/balkangreenenergynews.com\/rs\/crna-gora-otkupiti-deo-prenosne-mreze-vetroparka-krnovo\/"},"author":{"name":"Branislava Jovi\u010di\u0107","@id":"https:\/\/balkangreenenergynews.com\/rs\/#\/schema\/person\/ff4e9f9457769ba580672215875f5b38"},"headline":"Crna Gora \u0107e otkupiti deo prenosne mre\u017ee od vetroparka Krnovo","datePublished":"2018-02-27T16:00:01+00:00","dateModified":"2018-02-28T12:49:35+00:00","mainEntityOfPage":{"@id":"https:\/\/balkangreenenergynews.com\/rs\/crna-gora-otkupiti-deo-prenosne-mreze-vetroparka-krnovo\/"},"wordCount":433,"commentCount":0,"image":{"@id":"https:\/\/balkangreenenergynews.com\/rs\/crna-gora-otkupiti-deo-prenosne-mreze-vetroparka-krnovo\/#primaryimage"},"thumbnailUrl":"https:\/\/balkangreenenergynews.com\/rs\/wp-content\/uploads\/2018\/02\/krnovo-vlada-crne-gore-1.jpg?wsr","keywords":["Akuo Energy","CGES","Crnogorski elektroprenosni sistem","Krnovo","Masdar","prenos elektri\u010dne energije","vetropark"],"articleSection":["Elektri\u010dna energija"],"inLanguage":"sr-RS","potentialAction":[{"@type":"CommentAction","name":"Comment","target":["https:\/\/balkangreenenergynews.com\/rs\/crna-gora-otkupiti-deo-prenosne-mreze-vetroparka-krnovo\/#respond"]}]},{"@type":"WebPage","@id":"https:\/\/balkangreenenergynews.com\/rs\/crna-gora-otkupiti-deo-prenosne-mreze-vetroparka-krnovo\/","url":"https:\/\/balkangreenenergynews.com\/rs\/crna-gora-otkupiti-deo-prenosne-mreze-vetroparka-krnovo\/","name":"Crna Gora \u0107e otkupiti deo prenosne mre\u017ee od vetroparka Krnovo","isPartOf":{"@id":"https:\/\/balkangreenenergynews.com\/rs\/#website"},"primaryImageOfPage":{"@id":"https:\/\/balkangreenenergynews.com\/rs\/crna-gora-otkupiti-deo-prenosne-mreze-vetroparka-krnovo\/#primaryimage"},"image":{"@id":"https:\/\/balkangreenenergynews.com\/rs\/crna-gora-otkupiti-deo-prenosne-mreze-vetroparka-krnovo\/#primaryimage"},"thumbnailUrl":"https:\/\/balkangreenenergynews.com\/rs\/wp-content\/uploads\/2018\/02\/krnovo-vlada-crne-gore-1.jpg?wsr","datePublished":"2018-02-27T16:00:01+00:00","dateModified":"2018-02-28T12:49:35+00:00","author":{"@id":"https:\/\/balkangreenenergynews.com\/rs\/#\/schema\/person\/ff4e9f9457769ba580672215875f5b38"},"description":"Vlada Crne Gore donela je odluku da od francuske kompanije Akuo Energy otkupi deo infrastrukture za prenos elektri\u010dne energije, koju je ova firma izgradila za svoj vetropark Krnovo. Za otkup je obezbe\u0111en grant Evropske unije od 5,8 miliona evra.","breadcrumb":{"@id":"https:\/\/balkangreenenergynews.com\/rs\/crna-gora-otkupiti-deo-prenosne-mreze-vetroparka-krnovo\/#breadcrumb"},"inLanguage":"sr-RS","potentialAction":[{"@type":"ReadAction","target":["https:\/\/balkangreenenergynews.com\/rs\/crna-gora-otkupiti-deo-prenosne-mreze-vetroparka-krnovo\/"]}]},{"@type":"ImageObject","inLanguage":"sr-RS","@id":"https:\/\/balkangreenenergynews.com\/rs\/crna-gora-otkupiti-deo-prenosne-mreze-vetroparka-krnovo\/#primaryimage","url":"https:\/\/balkangreenenergynews.com\/rs\/wp-content\/uploads\/2018\/02\/krnovo-vlada-crne-gore-1.jpg?wsr","contentUrl":"https:\/\/balkangreenenergynews.com\/rs\/wp-content\/uploads\/2018\/02\/krnovo-vlada-crne-gore-1.jpg?wsr","width":795,"height":407,"caption":"Crna Gora ce otkupiti deo prenosne mreze od vetroparka Krnovo"},{"@type":"BreadcrumbList","@id":"https:\/\/balkangreenenergynews.com\/rs\/crna-gora-otkupiti-deo-prenosne-mreze-vetroparka-krnovo\/#breadcrumb","itemListElement":[{"@type":"ListItem","position":1,"name":"Po\u010detna","item":"https:\/\/balkangreenenergynews.com\/rs\/"},{"@type":"ListItem","position":2,"name":"Vesti","item":"https:\/\/balkangreenenergynews.com\/rs\/kategorija\/vesti\/"},{"@type":"ListItem","position":3,"name":"Elektri\u010dna energija","item":"https:\/\/balkangreenenergynews.com\/rs\/kategorija\/vesti\/elektricna-energija\/"},{"@type":"ListItem","position":4,"name":"Crna Gora \u0107e otkupiti deo prenosne mre\u017ee od vetroparka Krnovo"}]},{"@type":"WebSite","@id":"https:\/\/balkangreenenergynews.com\/rs\/#website","url":"https:\/\/balkangreenenergynews.com\/rs\/","name":"Balkan Green Energy News","description":"Naj\u0161iri izbor vesti sa Balkana o zelenoj energiji","potentialAction":[{"@type":"SearchAction","target":{"@type":"EntryPoint","urlTemplate":"https:\/\/balkangreenenergynews.com\/rs\/?s={search_term_string}"},"query-input":{"@type":"PropertyValueSpecification","valueRequired":true,"valueName":"search_term_string"}}],"inLanguage":"sr-RS"},{"@type":"Person","@id":"https:\/\/balkangreenenergynews.com\/rs\/#\/schema\/person\/ff4e9f9457769ba580672215875f5b38","name":"Branislava Jovi\u010di\u0107","description":"\u017divimo u vremenu koje je pred na\u0161u generaciju postavilo veoma va\u017ean zadatak. Nije na nama sva krivica za stanje u kojem se nalazi planeta, ali odgovornot svakako jeste. Zato usmerimo svoja znanja, ve\u0161tine i pamet ka pronala\u017eenju odr\u017eivih, pametnih i zelenih re\u0161enja.","sameAs":["https:\/\/www.linkedin.com\/in\/branislava-jovicic-043080a\/","https:\/\/x.com\/https:\/\/twitter.com\/BranaJovicic"],"url":"https:\/\/balkangreenenergynews.com\/rs\/author\/bgen\/"}]}},"_links":{"self":[{"href":"https:\/\/balkangreenenergynews.com\/rs\/wp-json\/wp\/v2\/posts\/16275","targetHints":{"allow":["GET"]}}],"collection":[{"href":"https:\/\/balkangreenenergynews.com\/rs\/wp-json\/wp\/v2\/posts"}],"about":[{"href":"https:\/\/balkangreenenergynews.com\/rs\/wp-json\/wp\/v2\/types\/post"}],"author":[{"embeddable":true,"href":"https:\/\/balkangreenenergynews.com\/rs\/wp-json\/wp\/v2\/users\/2"}],"replies":[{"embeddable":true,"href":"https:\/\/balkangreenenergynews.com\/rs\/wp-json\/wp\/v2\/comments?post=16275"}],"version-history":[{"count":0,"href":"https:\/\/balkangreenenergynews.com\/rs\/wp-json\/wp\/v2\/posts\/16275\/revisions"}],"wp:featuredmedia":[{"embeddable":true,"href":"https:\/\/balkangreenenergynews.com\/rs\/wp-json\/wp\/v2\/media\/16276"}],"wp:attachment":[{"href":"https:\/\/balkangreenenergynews.com\/rs\/wp-json\/wp\/v2\/media?parent=16275"}],"wp:term":[{"taxonomy":"category","embeddable":true,"href":"https:\/\/balkangreenenergynews.com\/rs\/wp-json\/wp\/v2\/categories?post=16275"},{"taxonomy":"post_tag","embeddable":true,"href":"https:\/\/balkangreenenergynews.com\/rs\/wp-json\/wp\/v2\/tags?post=16275"}],"curies":[{"name":"wp","href":"https:\/\/api.w.org\/{rel}","templated":true}]}}