{"id":16268,"date":"2018-02-27T13:18:29","date_gmt":"2018-02-27T12:18:29","guid":{"rendered":"https:\/\/balkangreenenergynews.com\/rs\/?p=16268"},"modified":"2018-02-27T13:26:03","modified_gmt":"2018-02-27T12:26:03","slug":"pancevo-spremno-unapredenje-energetskog-menadzmetna","status":"publish","type":"post","link":"https:\/\/balkangreenenergynews.com\/rs\/pancevo-spremno-unapredenje-energetskog-menadzmetna\/","title":{"rendered":"Pan\u010devo spremno za unapre\u0111enje energetskog menad\u017ementa"},"content":{"rendered":"<h2>Grad Pan\u010devo i Program Ujedinjenih nacija za razvoj (UNDP) potpisali su Memorandum o saradnji za unapre\u0111enje energetskog menad\u017ementa. Po\u010detkom nedelje, potpise na dokument stavili su Predrag \u017divkovi\u0107, zamenik gradona\u010delnika Pan\u010deva i Steliana Nedera, zamenica stalnog predstavnika UNDP-a u Srbiji.<\/h2>\n<p>Unapre\u0111enje energetskog menad\u017ementa \u0107e se sprovoditi kroz implementaciju projekta energetske efikasnosti (EE) u Srbiji u saradnji sa Ministarstvom rudarstva i energetike, navodi se u saop\u0161tenju Grada Pan\u010deva.<\/p>\n<p>Glavni cilj ovog projekta je podr\u0161ka uvo\u0111enju sistema energetskog menad\u017ementa (SEM) u op\u0161tinama, koja podrazumeva i informacioni sistem energetskog menad\u017ementa (ISEM) \u0161irom Srbije, sa ciljem pove\u0107anja investicija u energetsku efikasnost u javnim zgradama i komunalnim uslugama, kao i pove\u0107anja njihove energetske i tro\u0161kovne efikasnosti.<\/p>\n<p>Uvo\u0111enje sistema energetskog menad\u017ementa je, po oceni zamenika gradona\u010delnika \u017divkovi\u0107a, kompleksan i zahtevan posao, koji podrazumeva brojne aktivnosti, obuke, u\u010de\u0161\u0107e u pilot projektu za razvoj i integraciju sistema za automatsku razmenu podataka uz u\u010de\u0161\u0107e javno-komunalnih preduze\u0107a, kao i dalju edukaciju i razmenu iskustava za stru\u010dnjake.<\/p>\n<p>\u201cUvo\u0111enje ovog sistema je za grad Pan\u010devo jedinstvena prilika da zna\u010dajno unapredi uvo\u0111enje ovog sistema i verujemo postane jedan od lidera u ovoj oblasti\u201d, dodao je on.<\/p>\n<p>Aktivnosti iz Memoranduma o saradnji, kao i predstoje\u0107e obuke vezane za sistem energetskog menad\u017ementa done\u0107e Pan\u010devu ekonomske, ekolo\u0161ke i dru\u0161tene koristi, \u010dime se i Pan\u010devo uklju\u010duje u ostvarenje globalnih ciljeva odr\u017eivog razvoja, pre svega kada su u pitanu dostupna i obnovljiva energija i stvaranje odr\u017eivih gradova i zajednica, rekla je Stelina Nedera.<\/p>\n<p>Ona je podsetila da Ministarstvo rudarstva i energetike Srbije i UNDP zajedni\u010dki rade na sprovo\u0111enju dva projekta ukupne vrednosti preko 45 miliona dolara, usmerenih na pove\u0107anje energetske efikasnosti u gradovima i op\u0161tinama Srbije, i pove\u0107anje upotrebe obnovljivih izvora energije, konkretnije, biomase.<\/p>\n<p>Potpisivanju memoranduma prisustvovao je i Milo\u0161 Banjac, pomo\u0107nik ministra rudarstva i energetike Srbije koji je rekao da je Pan\u010devo potpisalo ovaj dokument jer je grad koji ima najbolje rezultate u oblasti energetske efikasnosti. O\u010dekuje, dodao je, da \u0107e rezultati i iskustva sa ovog projekta kasnije biti iskori\u0161\u0107eni i u drugim gradovima u Srbiji.<\/p>\n","protected":false},"excerpt":{"rendered":"<p>Grad Pan\u010devo i Program Ujedinjenih nacija za razvoj (UNDP) potpisali su Memorandum o saradnji za&#8230;<\/p>\n","protected":false},"author":2,"featured_media":16270,"comment_status":"open","ping_status":"closed","sticky":false,"template":"","format":"standard","meta":{"_acf_changed":false,"_monsterinsights_skip_tracking":false,"_monsterinsights_sitenote_active":false,"_monsterinsights_sitenote_note":"","_monsterinsights_sitenote_category":0,"footnotes":""},"categories":[3],"tags":[646,435],"class_list":["post-16268","post","type-post","status-publish","format-standard","has-post-thumbnail","hentry","category-energetska-efikasnost","tag-energetska-efikasnost","tag-undp","country-srbija"],"acf":[],"yoast_head":"<!-- This site is optimized with the Yoast SEO plugin v27.4 - https:\/\/yoast.com\/product\/yoast-seo-wordpress\/ -->\n<title>Pan\u010devo spremno za unapre\u0111enje energetskog menad\u017ementa<\/title>\n<meta name=\"description\" content=\"Grad Pan\u010devo i Program Ujedinjenih nacija za razvoj (UNDP) potpisali su Memorandum o saradnji za unapre\u0111enje energetskog menad\u017ementa.\" \/>\n<meta name=\"robots\" content=\"index, follow, max-snippet:-1, max-image-preview:large, max-video-preview:-1\" \/>\n<link rel=\"canonical\" href=\"https:\/\/balkangreenenergynews.com\/rs\/pancevo-spremno-unapredenje-energetskog-menadzmetna\/\" \/>\n<meta property=\"og:locale\" content=\"sr_RS\" \/>\n<meta property=\"og:type\" content=\"article\" \/>\n<meta property=\"og:title\" content=\"Pan\u010devo spremno za unapre\u0111enje energetskog menad\u017ementa\" \/>\n<meta property=\"og:description\" content=\"Grad Pan\u010devo i Program Ujedinjenih nacija za razvoj (UNDP) potpisali su Memorandum o saradnji za unapre\u0111enje energetskog menad\u017ementa.\" \/>\n<meta property=\"og:url\" content=\"https:\/\/balkangreenenergynews.com\/rs\/pancevo-spremno-unapredenje-energetskog-menadzmetna\/\" \/>\n<meta property=\"og:site_name\" content=\"Balkan Green Energy News\" \/>\n<meta property=\"article:published_time\" content=\"2018-02-27T12:18:29+00:00\" \/>\n<meta property=\"article:modified_time\" content=\"2018-02-27T12:26:03+00:00\" \/>\n<meta property=\"og:image\" content=\"https:\/\/balkangreenenergynews.com\/rs\/wp-content\/uploads\/2018\/02\/pancevo-UNDP.png\" \/>\n\t<meta property=\"og:image:width\" content=\"795\" \/>\n\t<meta property=\"og:image:height\" content=\"407\" \/>\n\t<meta property=\"og:image:type\" content=\"image\/png\" \/>\n<meta name=\"author\" content=\"Branislava Jovi\u010di\u0107\" \/>\n<meta name=\"twitter:card\" content=\"summary_large_image\" \/>\n<meta name=\"twitter:creator\" content=\"@https:\/\/twitter.com\/BranaJovicic\" \/>\n<meta name=\"twitter:label1\" content=\"\u041d\u0430\u043f\u0438\u0441\u0430\u043d\u043e \u043e\u0434\" \/>\n\t<meta name=\"twitter:data1\" content=\"Branislava Jovi\u010di\u0107\" \/>\n\t<meta name=\"twitter:label2\" content=\"\u041f\u0440\u043e\u0446\u0435\u045a\u0435\u043d\u043e \u0432\u0440\u0435\u043c\u0435 \u0447\u0438\u0442\u0430\u045a\u0430\" \/>\n\t<meta name=\"twitter:data2\" content=\"2 \u043c\u0438\u043d\u0443\u0442\u0430\" \/>\n<script type=\"application\/ld+json\" class=\"yoast-schema-graph\">{\"@context\":\"https:\\\/\\\/schema.org\",\"@graph\":[{\"@type\":\"Article\",\"@id\":\"https:\\\/\\\/balkangreenenergynews.com\\\/rs\\\/pancevo-spremno-unapredenje-energetskog-menadzmetna\\\/#article\",\"isPartOf\":{\"@id\":\"https:\\\/\\\/balkangreenenergynews.com\\\/rs\\\/pancevo-spremno-unapredenje-energetskog-menadzmetna\\\/\"},\"author\":{\"name\":\"Branislava Jovi\u010di\u0107\",\"@id\":\"https:\\\/\\\/balkangreenenergynews.com\\\/rs\\\/#\\\/schema\\\/person\\\/ff4e9f9457769ba580672215875f5b38\"},\"headline\":\"Pan\u010devo spremno za unapre\u0111enje energetskog menad\u017ementa\",\"datePublished\":\"2018-02-27T12:18:29+00:00\",\"dateModified\":\"2018-02-27T12:26:03+00:00\",\"mainEntityOfPage\":{\"@id\":\"https:\\\/\\\/balkangreenenergynews.com\\\/rs\\\/pancevo-spremno-unapredenje-energetskog-menadzmetna\\\/\"},\"wordCount\":387,\"commentCount\":0,\"image\":{\"@id\":\"https:\\\/\\\/balkangreenenergynews.com\\\/rs\\\/pancevo-spremno-unapredenje-energetskog-menadzmetna\\\/#primaryimage\"},\"thumbnailUrl\":\"https:\\\/\\\/balkangreenenergynews.com\\\/rs\\\/wp-content\\\/uploads\\\/2018\\\/02\\\/pancevo-UNDP.png?wsr\",\"keywords\":[\"energetska efikasnost\",\"UNDP\"],\"articleSection\":[\"Energetska efikasnost\"],\"inLanguage\":\"sr-RS\",\"potentialAction\":[{\"@type\":\"CommentAction\",\"name\":\"Comment\",\"target\":[\"https:\\\/\\\/balkangreenenergynews.com\\\/rs\\\/pancevo-spremno-unapredenje-energetskog-menadzmetna\\\/#respond\"]}]},{\"@type\":\"WebPage\",\"@id\":\"https:\\\/\\\/balkangreenenergynews.com\\\/rs\\\/pancevo-spremno-unapredenje-energetskog-menadzmetna\\\/\",\"url\":\"https:\\\/\\\/balkangreenenergynews.com\\\/rs\\\/pancevo-spremno-unapredenje-energetskog-menadzmetna\\\/\",\"name\":\"Pan\u010devo spremno za unapre\u0111enje energetskog menad\u017ementa\",\"isPartOf\":{\"@id\":\"https:\\\/\\\/balkangreenenergynews.com\\\/rs\\\/#website\"},\"primaryImageOfPage\":{\"@id\":\"https:\\\/\\\/balkangreenenergynews.com\\\/rs\\\/pancevo-spremno-unapredenje-energetskog-menadzmetna\\\/#primaryimage\"},\"image\":{\"@id\":\"https:\\\/\\\/balkangreenenergynews.com\\\/rs\\\/pancevo-spremno-unapredenje-energetskog-menadzmetna\\\/#primaryimage\"},\"thumbnailUrl\":\"https:\\\/\\\/balkangreenenergynews.com\\\/rs\\\/wp-content\\\/uploads\\\/2018\\\/02\\\/pancevo-UNDP.png?wsr\",\"datePublished\":\"2018-02-27T12:18:29+00:00\",\"dateModified\":\"2018-02-27T12:26:03+00:00\",\"author\":{\"@id\":\"https:\\\/\\\/balkangreenenergynews.com\\\/rs\\\/#\\\/schema\\\/person\\\/ff4e9f9457769ba580672215875f5b38\"},\"description\":\"Grad Pan\u010devo i Program Ujedinjenih nacija za razvoj (UNDP) potpisali su Memorandum o saradnji za unapre\u0111enje energetskog menad\u017ementa.\",\"breadcrumb\":{\"@id\":\"https:\\\/\\\/balkangreenenergynews.com\\\/rs\\\/pancevo-spremno-unapredenje-energetskog-menadzmetna\\\/#breadcrumb\"},\"inLanguage\":\"sr-RS\",\"potentialAction\":[{\"@type\":\"ReadAction\",\"target\":[\"https:\\\/\\\/balkangreenenergynews.com\\\/rs\\\/pancevo-spremno-unapredenje-energetskog-menadzmetna\\\/\"]}]},{\"@type\":\"ImageObject\",\"inLanguage\":\"sr-RS\",\"@id\":\"https:\\\/\\\/balkangreenenergynews.com\\\/rs\\\/pancevo-spremno-unapredenje-energetskog-menadzmetna\\\/#primaryimage\",\"url\":\"https:\\\/\\\/balkangreenenergynews.com\\\/rs\\\/wp-content\\\/uploads\\\/2018\\\/02\\\/pancevo-UNDP.png?wsr\",\"contentUrl\":\"https:\\\/\\\/balkangreenenergynews.com\\\/rs\\\/wp-content\\\/uploads\\\/2018\\\/02\\\/pancevo-UNDP.png?wsr\",\"width\":795,\"height\":407,\"caption\":\"Pancevo spremno za unapredjenje energetskog menadzmenta\"},{\"@type\":\"BreadcrumbList\",\"@id\":\"https:\\\/\\\/balkangreenenergynews.com\\\/rs\\\/pancevo-spremno-unapredenje-energetskog-menadzmetna\\\/#breadcrumb\",\"itemListElement\":[{\"@type\":\"ListItem\",\"position\":1,\"name\":\"Po\u010detna\",\"item\":\"https:\\\/\\\/balkangreenenergynews.com\\\/rs\\\/\"},{\"@type\":\"ListItem\",\"position\":2,\"name\":\"Vesti\",\"item\":\"https:\\\/\\\/balkangreenenergynews.com\\\/rs\\\/kategorija\\\/vesti\\\/\"},{\"@type\":\"ListItem\",\"position\":3,\"name\":\"Energetska efikasnost\",\"item\":\"https:\\\/\\\/balkangreenenergynews.com\\\/rs\\\/kategorija\\\/vesti\\\/energetska-efikasnost\\\/\"},{\"@type\":\"ListItem\",\"position\":4,\"name\":\"Pan\u010devo spremno za unapre\u0111enje energetskog menad\u017ementa\"}]},{\"@type\":\"WebSite\",\"@id\":\"https:\\\/\\\/balkangreenenergynews.com\\\/rs\\\/#website\",\"url\":\"https:\\\/\\\/balkangreenenergynews.com\\\/rs\\\/\",\"name\":\"Balkan Green Energy News\",\"description\":\"Naj\u0161iri izbor vesti sa Balkana o zelenoj energiji\",\"potentialAction\":[{\"@type\":\"SearchAction\",\"target\":{\"@type\":\"EntryPoint\",\"urlTemplate\":\"https:\\\/\\\/balkangreenenergynews.com\\\/rs\\\/?s={search_term_string}\"},\"query-input\":{\"@type\":\"PropertyValueSpecification\",\"valueRequired\":true,\"valueName\":\"search_term_string\"}}],\"inLanguage\":\"sr-RS\"},{\"@type\":\"Person\",\"@id\":\"https:\\\/\\\/balkangreenenergynews.com\\\/rs\\\/#\\\/schema\\\/person\\\/ff4e9f9457769ba580672215875f5b38\",\"name\":\"Branislava Jovi\u010di\u0107\",\"description\":\"\u017divimo u vremenu koje je pred na\u0161u generaciju postavilo veoma va\u017ean zadatak. Nije na nama sva krivica za stanje u kojem se nalazi planeta, ali odgovornot svakako jeste. Zato usmerimo svoja znanja, ve\u0161tine i pamet ka pronala\u017eenju odr\u017eivih, pametnih i zelenih re\u0161enja.\",\"sameAs\":[\"https:\\\/\\\/www.linkedin.com\\\/in\\\/branislava-jovicic-043080a\\\/\",\"https:\\\/\\\/x.com\\\/https:\\\/\\\/twitter.com\\\/BranaJovicic\"],\"url\":\"https:\\\/\\\/balkangreenenergynews.com\\\/rs\\\/author\\\/bgen\\\/\"}]}<\/script>\n<!-- \/ Yoast SEO plugin. -->","yoast_head_json":{"title":"Pan\u010devo spremno za unapre\u0111enje energetskog menad\u017ementa","description":"Grad Pan\u010devo i Program Ujedinjenih nacija za razvoj (UNDP) potpisali su Memorandum o saradnji za unapre\u0111enje energetskog menad\u017ementa.","robots":{"index":"index","follow":"follow","max-snippet":"max-snippet:-1","max-image-preview":"max-image-preview:large","max-video-preview":"max-video-preview:-1"},"canonical":"https:\/\/balkangreenenergynews.com\/rs\/pancevo-spremno-unapredenje-energetskog-menadzmetna\/","og_locale":"sr_RS","og_type":"article","og_title":"Pan\u010devo spremno za unapre\u0111enje energetskog menad\u017ementa","og_description":"Grad Pan\u010devo i Program Ujedinjenih nacija za razvoj (UNDP) potpisali su Memorandum o saradnji za unapre\u0111enje energetskog menad\u017ementa.","og_url":"https:\/\/balkangreenenergynews.com\/rs\/pancevo-spremno-unapredenje-energetskog-menadzmetna\/","og_site_name":"Balkan Green Energy News","article_published_time":"2018-02-27T12:18:29+00:00","article_modified_time":"2018-02-27T12:26:03+00:00","og_image":[{"width":795,"height":407,"url":"https:\/\/balkangreenenergynews.com\/rs\/wp-content\/uploads\/2018\/02\/pancevo-UNDP.png","type":"image\/png"}],"author":"Branislava Jovi\u010di\u0107","twitter_card":"summary_large_image","twitter_creator":"@https:\/\/twitter.com\/BranaJovicic","twitter_misc":{"\u041d\u0430\u043f\u0438\u0441\u0430\u043d\u043e \u043e\u0434":"Branislava Jovi\u010di\u0107","\u041f\u0440\u043e\u0446\u0435\u045a\u0435\u043d\u043e \u0432\u0440\u0435\u043c\u0435 \u0447\u0438\u0442\u0430\u045a\u0430":"2 \u043c\u0438\u043d\u0443\u0442\u0430"},"schema":{"@context":"https:\/\/schema.org","@graph":[{"@type":"Article","@id":"https:\/\/balkangreenenergynews.com\/rs\/pancevo-spremno-unapredenje-energetskog-menadzmetna\/#article","isPartOf":{"@id":"https:\/\/balkangreenenergynews.com\/rs\/pancevo-spremno-unapredenje-energetskog-menadzmetna\/"},"author":{"name":"Branislava Jovi\u010di\u0107","@id":"https:\/\/balkangreenenergynews.com\/rs\/#\/schema\/person\/ff4e9f9457769ba580672215875f5b38"},"headline":"Pan\u010devo spremno za unapre\u0111enje energetskog menad\u017ementa","datePublished":"2018-02-27T12:18:29+00:00","dateModified":"2018-02-27T12:26:03+00:00","mainEntityOfPage":{"@id":"https:\/\/balkangreenenergynews.com\/rs\/pancevo-spremno-unapredenje-energetskog-menadzmetna\/"},"wordCount":387,"commentCount":0,"image":{"@id":"https:\/\/balkangreenenergynews.com\/rs\/pancevo-spremno-unapredenje-energetskog-menadzmetna\/#primaryimage"},"thumbnailUrl":"https:\/\/balkangreenenergynews.com\/rs\/wp-content\/uploads\/2018\/02\/pancevo-UNDP.png?wsr","keywords":["energetska efikasnost","UNDP"],"articleSection":["Energetska efikasnost"],"inLanguage":"sr-RS","potentialAction":[{"@type":"CommentAction","name":"Comment","target":["https:\/\/balkangreenenergynews.com\/rs\/pancevo-spremno-unapredenje-energetskog-menadzmetna\/#respond"]}]},{"@type":"WebPage","@id":"https:\/\/balkangreenenergynews.com\/rs\/pancevo-spremno-unapredenje-energetskog-menadzmetna\/","url":"https:\/\/balkangreenenergynews.com\/rs\/pancevo-spremno-unapredenje-energetskog-menadzmetna\/","name":"Pan\u010devo spremno za unapre\u0111enje energetskog menad\u017ementa","isPartOf":{"@id":"https:\/\/balkangreenenergynews.com\/rs\/#website"},"primaryImageOfPage":{"@id":"https:\/\/balkangreenenergynews.com\/rs\/pancevo-spremno-unapredenje-energetskog-menadzmetna\/#primaryimage"},"image":{"@id":"https:\/\/balkangreenenergynews.com\/rs\/pancevo-spremno-unapredenje-energetskog-menadzmetna\/#primaryimage"},"thumbnailUrl":"https:\/\/balkangreenenergynews.com\/rs\/wp-content\/uploads\/2018\/02\/pancevo-UNDP.png?wsr","datePublished":"2018-02-27T12:18:29+00:00","dateModified":"2018-02-27T12:26:03+00:00","author":{"@id":"https:\/\/balkangreenenergynews.com\/rs\/#\/schema\/person\/ff4e9f9457769ba580672215875f5b38"},"description":"Grad Pan\u010devo i Program Ujedinjenih nacija za razvoj (UNDP) potpisali su Memorandum o saradnji za unapre\u0111enje energetskog menad\u017ementa.","breadcrumb":{"@id":"https:\/\/balkangreenenergynews.com\/rs\/pancevo-spremno-unapredenje-energetskog-menadzmetna\/#breadcrumb"},"inLanguage":"sr-RS","potentialAction":[{"@type":"ReadAction","target":["https:\/\/balkangreenenergynews.com\/rs\/pancevo-spremno-unapredenje-energetskog-menadzmetna\/"]}]},{"@type":"ImageObject","inLanguage":"sr-RS","@id":"https:\/\/balkangreenenergynews.com\/rs\/pancevo-spremno-unapredenje-energetskog-menadzmetna\/#primaryimage","url":"https:\/\/balkangreenenergynews.com\/rs\/wp-content\/uploads\/2018\/02\/pancevo-UNDP.png?wsr","contentUrl":"https:\/\/balkangreenenergynews.com\/rs\/wp-content\/uploads\/2018\/02\/pancevo-UNDP.png?wsr","width":795,"height":407,"caption":"Pancevo spremno za unapredjenje energetskog menadzmenta"},{"@type":"BreadcrumbList","@id":"https:\/\/balkangreenenergynews.com\/rs\/pancevo-spremno-unapredenje-energetskog-menadzmetna\/#breadcrumb","itemListElement":[{"@type":"ListItem","position":1,"name":"Po\u010detna","item":"https:\/\/balkangreenenergynews.com\/rs\/"},{"@type":"ListItem","position":2,"name":"Vesti","item":"https:\/\/balkangreenenergynews.com\/rs\/kategorija\/vesti\/"},{"@type":"ListItem","position":3,"name":"Energetska efikasnost","item":"https:\/\/balkangreenenergynews.com\/rs\/kategorija\/vesti\/energetska-efikasnost\/"},{"@type":"ListItem","position":4,"name":"Pan\u010devo spremno za unapre\u0111enje energetskog menad\u017ementa"}]},{"@type":"WebSite","@id":"https:\/\/balkangreenenergynews.com\/rs\/#website","url":"https:\/\/balkangreenenergynews.com\/rs\/","name":"Balkan Green Energy News","description":"Naj\u0161iri izbor vesti sa Balkana o zelenoj energiji","potentialAction":[{"@type":"SearchAction","target":{"@type":"EntryPoint","urlTemplate":"https:\/\/balkangreenenergynews.com\/rs\/?s={search_term_string}"},"query-input":{"@type":"PropertyValueSpecification","valueRequired":true,"valueName":"search_term_string"}}],"inLanguage":"sr-RS"},{"@type":"Person","@id":"https:\/\/balkangreenenergynews.com\/rs\/#\/schema\/person\/ff4e9f9457769ba580672215875f5b38","name":"Branislava Jovi\u010di\u0107","description":"\u017divimo u vremenu koje je pred na\u0161u generaciju postavilo veoma va\u017ean zadatak. Nije na nama sva krivica za stanje u kojem se nalazi planeta, ali odgovornot svakako jeste. Zato usmerimo svoja znanja, ve\u0161tine i pamet ka pronala\u017eenju odr\u017eivih, pametnih i zelenih re\u0161enja.","sameAs":["https:\/\/www.linkedin.com\/in\/branislava-jovicic-043080a\/","https:\/\/x.com\/https:\/\/twitter.com\/BranaJovicic"],"url":"https:\/\/balkangreenenergynews.com\/rs\/author\/bgen\/"}]}},"_links":{"self":[{"href":"https:\/\/balkangreenenergynews.com\/rs\/wp-json\/wp\/v2\/posts\/16268","targetHints":{"allow":["GET"]}}],"collection":[{"href":"https:\/\/balkangreenenergynews.com\/rs\/wp-json\/wp\/v2\/posts"}],"about":[{"href":"https:\/\/balkangreenenergynews.com\/rs\/wp-json\/wp\/v2\/types\/post"}],"author":[{"embeddable":true,"href":"https:\/\/balkangreenenergynews.com\/rs\/wp-json\/wp\/v2\/users\/2"}],"replies":[{"embeddable":true,"href":"https:\/\/balkangreenenergynews.com\/rs\/wp-json\/wp\/v2\/comments?post=16268"}],"version-history":[{"count":0,"href":"https:\/\/balkangreenenergynews.com\/rs\/wp-json\/wp\/v2\/posts\/16268\/revisions"}],"wp:featuredmedia":[{"embeddable":true,"href":"https:\/\/balkangreenenergynews.com\/rs\/wp-json\/wp\/v2\/media\/16270"}],"wp:attachment":[{"href":"https:\/\/balkangreenenergynews.com\/rs\/wp-json\/wp\/v2\/media?parent=16268"}],"wp:term":[{"taxonomy":"category","embeddable":true,"href":"https:\/\/balkangreenenergynews.com\/rs\/wp-json\/wp\/v2\/categories?post=16268"},{"taxonomy":"post_tag","embeddable":true,"href":"https:\/\/balkangreenenergynews.com\/rs\/wp-json\/wp\/v2\/tags?post=16268"}],"curies":[{"name":"wp","href":"https:\/\/api.w.org\/{rel}","templated":true}]}}