{"id":15979,"date":"2018-02-02T12:03:52","date_gmt":"2018-02-02T11:03:52","guid":{"rendered":"https:\/\/balkangreenenergynews.com\/rs\/?p=15979"},"modified":"2018-02-06T09:43:03","modified_gmt":"2018-02-06T08:43:03","slug":"beogradske-elektrane-grade-prvu-pametnu-zgradu-srbiji","status":"publish","type":"post","link":"https:\/\/balkangreenenergynews.com\/rs\/beogradske-elektrane-grade-prvu-pametnu-zgradu-srbiji\/","title":{"rendered":"Beogradske elektrane grade prvu pametnu zgradu u Srbiji"},"content":{"rendered":"<h2>Javno preduze\u0107e Beogradske elektrane namerava da izgradi prvu pametnu zgradu u Srbiji, koja \u0107e iz obnovljivih izvora energije sama proizvoditi svu energiju koju potro\u0161i, a ima\u0107e i niz drugih sistema kako bi bila maksimalno energetski efikasna.<\/h2>\n<p>Objekat \u0107e imati izme\u0111u dve i tri hiljada kvadrata, i u njemu \u0107e biti sme\u0161tena administracija preduze\u0107a. Tender za projektovanje bi uskoro trebalo da bude raspisan.<\/p>\n<p>Objekat \u0107e biti izgra\u0111en na lokaciji Beogradskih elektrana na Novom Beogradu, na mestu barake koja tu stoji od 1965. godine, kada je i izgra\u0111ena toplana Novi Beograd postrojenje kapaciteta 920 MW.<\/p>\n<p>Objekat \u0107e imati solarne panele za proizvodnju elektri\u010dne i toplotne energije, kao i toplotnu pumpu za geotermalnu energiju, koja \u0107e obezbe\u0111ivati grejanje. Ima\u0107e i senzore za &#8222;pametnu&#8220; rasvetu, a vodom \u0107e se snabdevati prikupljanjem ki\u0161nice.<\/p>\n<p>Petar Vasiljevi\u0107, pomo\u0107nik direktora Beogradskih elektrana, ka\u017ee za Balkan Green Energy News da \u0107e zgrada proizvoditi svu energiju koju potro\u0161i.<\/p>\n<p>\u201cElektri\u010dna energija \u0107e se proizvoditi iz solarnih panela, a toplotna pumpa na geotermalnu energiju \u0107e obezbediti panelno grejanje, u podovima. Ima\u0107emo led rasvetu i senzorno osvetljenje, \u0161to zna\u010di da \u0107e se u zavinosti od intenziteta svetla napolju i broja ljudi u prostoriji, svetlo paliti, gasiti i regulisati. Sakuplja\u0107emo ki\u0161nicu koju \u0107emo koristiti kao tehnolo\u0161ku vodu u sanitarnim \u010dvorovima, bez obzira \u0161to mo\u017eemo da se priklju\u010dimo na gradski vodovod. Pokaza\u0107emo da zgrada mo\u017ee da funkcioni\u0161e nezavisno. Vi\u0161ak vode \u0107e se koristiti za zalivanje zelenih povr\u0161ina okolo\u201d, obja\u0161njava Vasiljevi\u0107.<\/p>\n<p>On isti\u010de da jo\u0161 nije poznata vrednost investicije, ali da \u0107e zgrada imati od dve do tri hiljade kvadrata, i da bi uskoro trebalo da se raspi\u0161e tender za projektovanje.<\/p>\n<p>Objekat \u0107e imati i show room, gde \u0107e svaki posetilac mo\u0107i da vidi kolika je potro\u0161nja energije, kako je ta energija proizvedena i kolika je ukupna emisija CO2.<\/p>\n<p>\u201cA, iza te zgrade, \u0161to je neka vrsta simbolike, je postrojenje od 1.000 MW za proizvodnju toplotne energije na fosilne energente. Ho\u0107emo da poka\u017eemo da je mogu\u0107e napraviti objekte koji \u0107e imati skoro nula energetsku potro\u0161nju, da budu potpuno odr\u017eivi i da koriste obnovljive izvore energije. Ideja je da se poka\u017ee da javni sektor brine, ali i da se obratimo svakom gra\u0111aninu i nateramo ga da razmi\u0161lja o potro\u0161nji energije, i kako da svoj dom u\u010dini energetski efikasnim\u201d, isti\u010de Vasiljevi\u0107.<\/p>\n<h3><span style=\"\">Najve\u0107a toplana u JIE<\/span><\/h3>\n<p>Beogradske elektrane su dr\u017eavna kompanija zadu\u017eena za daljinsko grejanje u Beogradu. Firma proizvodi i distribuira toplotnu energiju i toplu vodu za milion gra\u0111ana.\u00a0Proizvodni kapaciteti imaju snagu\u00a0od 2.917 MW sa prose\u010dnom godi\u0161njom proizvodnjom toplotne energije od oko 3.500.700 MWh.<\/p>\n<p>Prema zvani\u010dnom portalu kompanije, toplana \u201cNovi Beograd\u201d, snage 1.000 MW, na gas, najvec\u0301a je u jugoisto\u010dnoj Evropi (JIE).<\/p>\n","protected":false},"excerpt":{"rendered":"<p>Javno preduze\u0107e Beogradske elektrane namerava da izgradi prvu pametnu zgradu u Srbiji, koja \u0107e iz&#8230;<\/p>\n","protected":false},"author":2,"featured_media":15980,"comment_status":"open","ping_status":"closed","sticky":false,"template":"","format":"standard","meta":{"_acf_changed":false,"_monsterinsights_skip_tracking":false,"_monsterinsights_sitenote_active":false,"_monsterinsights_sitenote_note":"","_monsterinsights_sitenote_category":0,"footnotes":""},"categories":[3,1],"tags":[2126,509,821,647,966,857],"class_list":["post-15979","post","type-post","status-publish","format-standard","has-post-thumbnail","hentry","category-energetska-efikasnost","category-obnovljivi-izvori-energije","tag-beogradske-elektrane","tag-co2","tag-geotermalna-energija","tag-obnovljivi-izvori-energije","tag-solarni-paneli","tag-toplotne-pumpe","country-srbija"],"acf":[],"yoast_head":"<!-- This site is optimized with the Yoast SEO plugin v27.4 - https:\/\/yoast.com\/product\/yoast-seo-wordpress\/ -->\n<title>Beogradske elektrane grade prvu pametnu zgradu u Srbiji<\/title>\n<meta name=\"description\" content=\"Javno preduze\u0107e \u201cBeogradske elektrane\u201d namerava da izgradi prvu \u201cpametnu zgradu\u201d u Srbiji, koja \u0107e iz obnovljivih izvora energije proizvoditi svu energiju koju potro\u0161i.\" \/>\n<meta name=\"robots\" content=\"index, follow, max-snippet:-1, max-image-preview:large, max-video-preview:-1\" \/>\n<link rel=\"canonical\" href=\"https:\/\/balkangreenenergynews.com\/rs\/beogradske-elektrane-grade-prvu-pametnu-zgradu-srbiji\/\" \/>\n<meta property=\"og:locale\" content=\"sr_RS\" \/>\n<meta property=\"og:type\" content=\"article\" \/>\n<meta property=\"og:title\" content=\"Beogradske elektrane grade prvu pametnu zgradu u Srbiji\" \/>\n<meta property=\"og:description\" content=\"Javno preduze\u0107e \u201cBeogradske elektrane\u201d namerava da izgradi prvu \u201cpametnu zgradu\u201d u Srbiji, koja \u0107e iz obnovljivih izvora energije proizvoditi svu energiju koju potro\u0161i.\" \/>\n<meta property=\"og:url\" content=\"https:\/\/balkangreenenergynews.com\/rs\/beogradske-elektrane-grade-prvu-pametnu-zgradu-srbiji\/\" \/>\n<meta property=\"og:site_name\" content=\"Balkan Green Energy News\" \/>\n<meta property=\"article:published_time\" content=\"2018-02-02T11:03:52+00:00\" \/>\n<meta property=\"article:modified_time\" content=\"2018-02-06T08:43:03+00:00\" \/>\n<meta property=\"og:image\" content=\"https:\/\/balkangreenenergynews.com\/rs\/wp-content\/uploads\/2018\/02\/beo-elektrane1-e1523454394353.gif\" \/>\n\t<meta property=\"og:image:width\" content=\"795\" \/>\n\t<meta property=\"og:image:height\" content=\"407\" \/>\n\t<meta property=\"og:image:type\" content=\"image\/gif\" \/>\n<meta name=\"author\" content=\"Branislava Jovi\u010di\u0107\" \/>\n<meta name=\"twitter:card\" content=\"summary_large_image\" \/>\n<meta name=\"twitter:creator\" content=\"@https:\/\/twitter.com\/BranaJovicic\" \/>\n<meta name=\"twitter:label1\" content=\"\u041d\u0430\u043f\u0438\u0441\u0430\u043d\u043e \u043e\u0434\" \/>\n\t<meta name=\"twitter:data1\" content=\"Branislava Jovi\u010di\u0107\" \/>\n\t<meta name=\"twitter:label2\" content=\"\u041f\u0440\u043e\u0446\u0435\u045a\u0435\u043d\u043e \u0432\u0440\u0435\u043c\u0435 \u0447\u0438\u0442\u0430\u045a\u0430\" \/>\n\t<meta name=\"twitter:data2\" content=\"2 \u043c\u0438\u043d\u0443\u0442\u0430\" \/>\n<script type=\"application\/ld+json\" class=\"yoast-schema-graph\">{\"@context\":\"https:\\\/\\\/schema.org\",\"@graph\":[{\"@type\":\"Article\",\"@id\":\"https:\\\/\\\/balkangreenenergynews.com\\\/rs\\\/beogradske-elektrane-grade-prvu-pametnu-zgradu-srbiji\\\/#article\",\"isPartOf\":{\"@id\":\"https:\\\/\\\/balkangreenenergynews.com\\\/rs\\\/beogradske-elektrane-grade-prvu-pametnu-zgradu-srbiji\\\/\"},\"author\":{\"name\":\"Branislava Jovi\u010di\u0107\",\"@id\":\"https:\\\/\\\/balkangreenenergynews.com\\\/rs\\\/#\\\/schema\\\/person\\\/ff4e9f9457769ba580672215875f5b38\"},\"headline\":\"Beogradske elektrane grade prvu pametnu zgradu u Srbiji\",\"datePublished\":\"2018-02-02T11:03:52+00:00\",\"dateModified\":\"2018-02-06T08:43:03+00:00\",\"mainEntityOfPage\":{\"@id\":\"https:\\\/\\\/balkangreenenergynews.com\\\/rs\\\/beogradske-elektrane-grade-prvu-pametnu-zgradu-srbiji\\\/\"},\"wordCount\":490,\"commentCount\":0,\"image\":{\"@id\":\"https:\\\/\\\/balkangreenenergynews.com\\\/rs\\\/beogradske-elektrane-grade-prvu-pametnu-zgradu-srbiji\\\/#primaryimage\"},\"thumbnailUrl\":\"https:\\\/\\\/balkangreenenergynews.com\\\/rs\\\/wp-content\\\/uploads\\\/2018\\\/02\\\/beo-elektrane1-e1523454394353.gif?wsr\",\"keywords\":[\"Beogradske elektrane\",\"CO2\",\"geotermalna energija\",\"obnovljivi izvori energije\",\"solarni paneli\",\"toplotne pumpe\"],\"articleSection\":[\"Energetska efikasnost\",\"OIE\"],\"inLanguage\":\"sr-RS\",\"potentialAction\":[{\"@type\":\"CommentAction\",\"name\":\"Comment\",\"target\":[\"https:\\\/\\\/balkangreenenergynews.com\\\/rs\\\/beogradske-elektrane-grade-prvu-pametnu-zgradu-srbiji\\\/#respond\"]}]},{\"@type\":\"WebPage\",\"@id\":\"https:\\\/\\\/balkangreenenergynews.com\\\/rs\\\/beogradske-elektrane-grade-prvu-pametnu-zgradu-srbiji\\\/\",\"url\":\"https:\\\/\\\/balkangreenenergynews.com\\\/rs\\\/beogradske-elektrane-grade-prvu-pametnu-zgradu-srbiji\\\/\",\"name\":\"Beogradske elektrane grade prvu pametnu zgradu u Srbiji\",\"isPartOf\":{\"@id\":\"https:\\\/\\\/balkangreenenergynews.com\\\/rs\\\/#website\"},\"primaryImageOfPage\":{\"@id\":\"https:\\\/\\\/balkangreenenergynews.com\\\/rs\\\/beogradske-elektrane-grade-prvu-pametnu-zgradu-srbiji\\\/#primaryimage\"},\"image\":{\"@id\":\"https:\\\/\\\/balkangreenenergynews.com\\\/rs\\\/beogradske-elektrane-grade-prvu-pametnu-zgradu-srbiji\\\/#primaryimage\"},\"thumbnailUrl\":\"https:\\\/\\\/balkangreenenergynews.com\\\/rs\\\/wp-content\\\/uploads\\\/2018\\\/02\\\/beo-elektrane1-e1523454394353.gif?wsr\",\"datePublished\":\"2018-02-02T11:03:52+00:00\",\"dateModified\":\"2018-02-06T08:43:03+00:00\",\"author\":{\"@id\":\"https:\\\/\\\/balkangreenenergynews.com\\\/rs\\\/#\\\/schema\\\/person\\\/ff4e9f9457769ba580672215875f5b38\"},\"description\":\"Javno preduze\u0107e \u201cBeogradske elektrane\u201d namerava da izgradi prvu \u201cpametnu zgradu\u201d u Srbiji, koja \u0107e iz obnovljivih izvora energije proizvoditi svu energiju koju potro\u0161i.\",\"breadcrumb\":{\"@id\":\"https:\\\/\\\/balkangreenenergynews.com\\\/rs\\\/beogradske-elektrane-grade-prvu-pametnu-zgradu-srbiji\\\/#breadcrumb\"},\"inLanguage\":\"sr-RS\",\"potentialAction\":[{\"@type\":\"ReadAction\",\"target\":[\"https:\\\/\\\/balkangreenenergynews.com\\\/rs\\\/beogradske-elektrane-grade-prvu-pametnu-zgradu-srbiji\\\/\"]}]},{\"@type\":\"ImageObject\",\"inLanguage\":\"sr-RS\",\"@id\":\"https:\\\/\\\/balkangreenenergynews.com\\\/rs\\\/beogradske-elektrane-grade-prvu-pametnu-zgradu-srbiji\\\/#primaryimage\",\"url\":\"https:\\\/\\\/balkangreenenergynews.com\\\/rs\\\/wp-content\\\/uploads\\\/2018\\\/02\\\/beo-elektrane1-e1523454394353.gif?wsr\",\"contentUrl\":\"https:\\\/\\\/balkangreenenergynews.com\\\/rs\\\/wp-content\\\/uploads\\\/2018\\\/02\\\/beo-elektrane1-e1523454394353.gif?wsr\",\"width\":795,\"height\":407,\"caption\":\"Beogradske elektrane grade prvu pametnu zgradu u Srbiji\"},{\"@type\":\"BreadcrumbList\",\"@id\":\"https:\\\/\\\/balkangreenenergynews.com\\\/rs\\\/beogradske-elektrane-grade-prvu-pametnu-zgradu-srbiji\\\/#breadcrumb\",\"itemListElement\":[{\"@type\":\"ListItem\",\"position\":1,\"name\":\"Po\u010detna\",\"item\":\"https:\\\/\\\/balkangreenenergynews.com\\\/rs\\\/\"},{\"@type\":\"ListItem\",\"position\":2,\"name\":\"Vesti\",\"item\":\"https:\\\/\\\/balkangreenenergynews.com\\\/rs\\\/kategorija\\\/vesti\\\/\"},{\"@type\":\"ListItem\",\"position\":3,\"name\":\"OIE\",\"item\":\"https:\\\/\\\/balkangreenenergynews.com\\\/rs\\\/kategorija\\\/vesti\\\/obnovljivi-izvori-energije\\\/\"},{\"@type\":\"ListItem\",\"position\":4,\"name\":\"Beogradske elektrane grade prvu pametnu zgradu u Srbiji\"}]},{\"@type\":\"WebSite\",\"@id\":\"https:\\\/\\\/balkangreenenergynews.com\\\/rs\\\/#website\",\"url\":\"https:\\\/\\\/balkangreenenergynews.com\\\/rs\\\/\",\"name\":\"Balkan Green Energy News\",\"description\":\"Naj\u0161iri izbor vesti sa Balkana o zelenoj energiji\",\"potentialAction\":[{\"@type\":\"SearchAction\",\"target\":{\"@type\":\"EntryPoint\",\"urlTemplate\":\"https:\\\/\\\/balkangreenenergynews.com\\\/rs\\\/?s={search_term_string}\"},\"query-input\":{\"@type\":\"PropertyValueSpecification\",\"valueRequired\":true,\"valueName\":\"search_term_string\"}}],\"inLanguage\":\"sr-RS\"},{\"@type\":\"Person\",\"@id\":\"https:\\\/\\\/balkangreenenergynews.com\\\/rs\\\/#\\\/schema\\\/person\\\/ff4e9f9457769ba580672215875f5b38\",\"name\":\"Branislava Jovi\u010di\u0107\",\"description\":\"\u017divimo u vremenu koje je pred na\u0161u generaciju postavilo veoma va\u017ean zadatak. Nije na nama sva krivica za stanje u kojem se nalazi planeta, ali odgovornot svakako jeste. Zato usmerimo svoja znanja, ve\u0161tine i pamet ka pronala\u017eenju odr\u017eivih, pametnih i zelenih re\u0161enja.\",\"sameAs\":[\"https:\\\/\\\/www.linkedin.com\\\/in\\\/branislava-jovicic-043080a\\\/\",\"https:\\\/\\\/x.com\\\/https:\\\/\\\/twitter.com\\\/BranaJovicic\"],\"url\":\"https:\\\/\\\/balkangreenenergynews.com\\\/rs\\\/author\\\/bgen\\\/\"}]}<\/script>\n<!-- \/ Yoast SEO plugin. -->","yoast_head_json":{"title":"Beogradske elektrane grade prvu pametnu zgradu u Srbiji","description":"Javno preduze\u0107e \u201cBeogradske elektrane\u201d namerava da izgradi prvu \u201cpametnu zgradu\u201d u Srbiji, koja \u0107e iz obnovljivih izvora energije proizvoditi svu energiju koju potro\u0161i.","robots":{"index":"index","follow":"follow","max-snippet":"max-snippet:-1","max-image-preview":"max-image-preview:large","max-video-preview":"max-video-preview:-1"},"canonical":"https:\/\/balkangreenenergynews.com\/rs\/beogradske-elektrane-grade-prvu-pametnu-zgradu-srbiji\/","og_locale":"sr_RS","og_type":"article","og_title":"Beogradske elektrane grade prvu pametnu zgradu u Srbiji","og_description":"Javno preduze\u0107e \u201cBeogradske elektrane\u201d namerava da izgradi prvu \u201cpametnu zgradu\u201d u Srbiji, koja \u0107e iz obnovljivih izvora energije proizvoditi svu energiju koju potro\u0161i.","og_url":"https:\/\/balkangreenenergynews.com\/rs\/beogradske-elektrane-grade-prvu-pametnu-zgradu-srbiji\/","og_site_name":"Balkan Green Energy News","article_published_time":"2018-02-02T11:03:52+00:00","article_modified_time":"2018-02-06T08:43:03+00:00","og_image":[{"width":795,"height":407,"url":"https:\/\/balkangreenenergynews.com\/rs\/wp-content\/uploads\/2018\/02\/beo-elektrane1-e1523454394353.gif","type":"image\/gif"}],"author":"Branislava Jovi\u010di\u0107","twitter_card":"summary_large_image","twitter_creator":"@https:\/\/twitter.com\/BranaJovicic","twitter_misc":{"\u041d\u0430\u043f\u0438\u0441\u0430\u043d\u043e \u043e\u0434":"Branislava Jovi\u010di\u0107","\u041f\u0440\u043e\u0446\u0435\u045a\u0435\u043d\u043e \u0432\u0440\u0435\u043c\u0435 \u0447\u0438\u0442\u0430\u045a\u0430":"2 \u043c\u0438\u043d\u0443\u0442\u0430"},"schema":{"@context":"https:\/\/schema.org","@graph":[{"@type":"Article","@id":"https:\/\/balkangreenenergynews.com\/rs\/beogradske-elektrane-grade-prvu-pametnu-zgradu-srbiji\/#article","isPartOf":{"@id":"https:\/\/balkangreenenergynews.com\/rs\/beogradske-elektrane-grade-prvu-pametnu-zgradu-srbiji\/"},"author":{"name":"Branislava Jovi\u010di\u0107","@id":"https:\/\/balkangreenenergynews.com\/rs\/#\/schema\/person\/ff4e9f9457769ba580672215875f5b38"},"headline":"Beogradske elektrane grade prvu pametnu zgradu u Srbiji","datePublished":"2018-02-02T11:03:52+00:00","dateModified":"2018-02-06T08:43:03+00:00","mainEntityOfPage":{"@id":"https:\/\/balkangreenenergynews.com\/rs\/beogradske-elektrane-grade-prvu-pametnu-zgradu-srbiji\/"},"wordCount":490,"commentCount":0,"image":{"@id":"https:\/\/balkangreenenergynews.com\/rs\/beogradske-elektrane-grade-prvu-pametnu-zgradu-srbiji\/#primaryimage"},"thumbnailUrl":"https:\/\/balkangreenenergynews.com\/rs\/wp-content\/uploads\/2018\/02\/beo-elektrane1-e1523454394353.gif?wsr","keywords":["Beogradske elektrane","CO2","geotermalna energija","obnovljivi izvori energije","solarni paneli","toplotne pumpe"],"articleSection":["Energetska efikasnost","OIE"],"inLanguage":"sr-RS","potentialAction":[{"@type":"CommentAction","name":"Comment","target":["https:\/\/balkangreenenergynews.com\/rs\/beogradske-elektrane-grade-prvu-pametnu-zgradu-srbiji\/#respond"]}]},{"@type":"WebPage","@id":"https:\/\/balkangreenenergynews.com\/rs\/beogradske-elektrane-grade-prvu-pametnu-zgradu-srbiji\/","url":"https:\/\/balkangreenenergynews.com\/rs\/beogradske-elektrane-grade-prvu-pametnu-zgradu-srbiji\/","name":"Beogradske elektrane grade prvu pametnu zgradu u Srbiji","isPartOf":{"@id":"https:\/\/balkangreenenergynews.com\/rs\/#website"},"primaryImageOfPage":{"@id":"https:\/\/balkangreenenergynews.com\/rs\/beogradske-elektrane-grade-prvu-pametnu-zgradu-srbiji\/#primaryimage"},"image":{"@id":"https:\/\/balkangreenenergynews.com\/rs\/beogradske-elektrane-grade-prvu-pametnu-zgradu-srbiji\/#primaryimage"},"thumbnailUrl":"https:\/\/balkangreenenergynews.com\/rs\/wp-content\/uploads\/2018\/02\/beo-elektrane1-e1523454394353.gif?wsr","datePublished":"2018-02-02T11:03:52+00:00","dateModified":"2018-02-06T08:43:03+00:00","author":{"@id":"https:\/\/balkangreenenergynews.com\/rs\/#\/schema\/person\/ff4e9f9457769ba580672215875f5b38"},"description":"Javno preduze\u0107e \u201cBeogradske elektrane\u201d namerava da izgradi prvu \u201cpametnu zgradu\u201d u Srbiji, koja \u0107e iz obnovljivih izvora energije proizvoditi svu energiju koju potro\u0161i.","breadcrumb":{"@id":"https:\/\/balkangreenenergynews.com\/rs\/beogradske-elektrane-grade-prvu-pametnu-zgradu-srbiji\/#breadcrumb"},"inLanguage":"sr-RS","potentialAction":[{"@type":"ReadAction","target":["https:\/\/balkangreenenergynews.com\/rs\/beogradske-elektrane-grade-prvu-pametnu-zgradu-srbiji\/"]}]},{"@type":"ImageObject","inLanguage":"sr-RS","@id":"https:\/\/balkangreenenergynews.com\/rs\/beogradske-elektrane-grade-prvu-pametnu-zgradu-srbiji\/#primaryimage","url":"https:\/\/balkangreenenergynews.com\/rs\/wp-content\/uploads\/2018\/02\/beo-elektrane1-e1523454394353.gif?wsr","contentUrl":"https:\/\/balkangreenenergynews.com\/rs\/wp-content\/uploads\/2018\/02\/beo-elektrane1-e1523454394353.gif?wsr","width":795,"height":407,"caption":"Beogradske elektrane grade prvu pametnu zgradu u Srbiji"},{"@type":"BreadcrumbList","@id":"https:\/\/balkangreenenergynews.com\/rs\/beogradske-elektrane-grade-prvu-pametnu-zgradu-srbiji\/#breadcrumb","itemListElement":[{"@type":"ListItem","position":1,"name":"Po\u010detna","item":"https:\/\/balkangreenenergynews.com\/rs\/"},{"@type":"ListItem","position":2,"name":"Vesti","item":"https:\/\/balkangreenenergynews.com\/rs\/kategorija\/vesti\/"},{"@type":"ListItem","position":3,"name":"OIE","item":"https:\/\/balkangreenenergynews.com\/rs\/kategorija\/vesti\/obnovljivi-izvori-energije\/"},{"@type":"ListItem","position":4,"name":"Beogradske elektrane grade prvu pametnu zgradu u Srbiji"}]},{"@type":"WebSite","@id":"https:\/\/balkangreenenergynews.com\/rs\/#website","url":"https:\/\/balkangreenenergynews.com\/rs\/","name":"Balkan Green Energy News","description":"Naj\u0161iri izbor vesti sa Balkana o zelenoj energiji","potentialAction":[{"@type":"SearchAction","target":{"@type":"EntryPoint","urlTemplate":"https:\/\/balkangreenenergynews.com\/rs\/?s={search_term_string}"},"query-input":{"@type":"PropertyValueSpecification","valueRequired":true,"valueName":"search_term_string"}}],"inLanguage":"sr-RS"},{"@type":"Person","@id":"https:\/\/balkangreenenergynews.com\/rs\/#\/schema\/person\/ff4e9f9457769ba580672215875f5b38","name":"Branislava Jovi\u010di\u0107","description":"\u017divimo u vremenu koje je pred na\u0161u generaciju postavilo veoma va\u017ean zadatak. Nije na nama sva krivica za stanje u kojem se nalazi planeta, ali odgovornot svakako jeste. Zato usmerimo svoja znanja, ve\u0161tine i pamet ka pronala\u017eenju odr\u017eivih, pametnih i zelenih re\u0161enja.","sameAs":["https:\/\/www.linkedin.com\/in\/branislava-jovicic-043080a\/","https:\/\/x.com\/https:\/\/twitter.com\/BranaJovicic"],"url":"https:\/\/balkangreenenergynews.com\/rs\/author\/bgen\/"}]}},"_links":{"self":[{"href":"https:\/\/balkangreenenergynews.com\/rs\/wp-json\/wp\/v2\/posts\/15979","targetHints":{"allow":["GET"]}}],"collection":[{"href":"https:\/\/balkangreenenergynews.com\/rs\/wp-json\/wp\/v2\/posts"}],"about":[{"href":"https:\/\/balkangreenenergynews.com\/rs\/wp-json\/wp\/v2\/types\/post"}],"author":[{"embeddable":true,"href":"https:\/\/balkangreenenergynews.com\/rs\/wp-json\/wp\/v2\/users\/2"}],"replies":[{"embeddable":true,"href":"https:\/\/balkangreenenergynews.com\/rs\/wp-json\/wp\/v2\/comments?post=15979"}],"version-history":[{"count":0,"href":"https:\/\/balkangreenenergynews.com\/rs\/wp-json\/wp\/v2\/posts\/15979\/revisions"}],"wp:featuredmedia":[{"embeddable":true,"href":"https:\/\/balkangreenenergynews.com\/rs\/wp-json\/wp\/v2\/media\/15980"}],"wp:attachment":[{"href":"https:\/\/balkangreenenergynews.com\/rs\/wp-json\/wp\/v2\/media?parent=15979"}],"wp:term":[{"taxonomy":"category","embeddable":true,"href":"https:\/\/balkangreenenergynews.com\/rs\/wp-json\/wp\/v2\/categories?post=15979"},{"taxonomy":"post_tag","embeddable":true,"href":"https:\/\/balkangreenenergynews.com\/rs\/wp-json\/wp\/v2\/tags?post=15979"}],"curies":[{"name":"wp","href":"https:\/\/api.w.org\/{rel}","templated":true}]}}