{"id":15904,"date":"2018-01-30T11:25:00","date_gmt":"2018-01-30T10:25:00","guid":{"rendered":"https:\/\/balkangreenenergynews.com\/rs\/?p=15904"},"modified":"2018-01-30T11:25:00","modified_gmt":"2018-01-30T10:25:00","slug":"ebrd-investicioni-samit-zapadnog-balkana-februaru-u-londonu","status":"publish","type":"post","link":"https:\/\/balkangreenenergynews.com\/rs\/ebrd-investicioni-samit-zapadnog-balkana-februaru-u-londonu\/","title":{"rendered":"EBRD: Investicioni samit Zapadnog Balkana u februaru, u Londonu"},"content":{"rendered":"<h2>Evropska banka za obnovu i razvoj (EBRD) bi\u0107e doma\u0107in jednodnevnog Investicionog samita\u00a0za\u00a0Zapadni Balkan 2018, 26. februara u Londonu.<\/h2>\n<p>Fokus samita \u0107e biti na promociji regionalnih projekata u oblasti energetike i saobrac\u0301aja, dva va\u017ena sektora u regionu Zapadnog Balkana (WB6) koji \u010dine Albanija, Bosna i Hercegovina, BJRM, Srbija, Kosovo* i Crna Gora.<\/p>\n<p>Prema saop\u0161tenju EBRD-a, samit u Londonu c\u0301e tako\u0111e poslu\u017eiti i kao platforma za diskusiju o tome kako ubrzati <em>soft connectivity <\/em>agendu. Najva\u017eniji element dnevnog reda je stvaranje jedinstvenog investicionog prostora koji uklju\u010duje uskla\u0111ivanje zakonodavstva, uklanjanje netarifnih barijera, pobolj\u0161anje dubinskih i horizontalnih veza tr\u017ei\u0161ta kapitala, ja\u010danje poslovnog okru\u017eenja u regionu i stvaranje olak\u0161ica za strana ulaganja.<\/p>\n<p>Svo \u0161estoro premijera prihvatilo je poziv predsednika EBRD Sume \u010cakrabartija da u\u010destvuje na samitu, navodi se u saop\u0161tenju. Prema programu, oni \u0107e biti u\u010desnici panela posve\u0107enom premijerima WB (<em>Western Balkans prime ministers\u2019 session),\u00a0<\/em>koji se odr\u017eava po neformalnom, gimnih modelu.<\/p>\n<p>Prvi ljudi vlada zemalja WB6 u Londonu se o\u010dekuju u pratnji resornih ministara nadle\u017enih za teme skupa i poslovnih ljudi, kako bi skupa \u0161to bolje predstavili me\u0111unarodnim kompanijama potencijale svojih zemalja i privukli\u00a0 strane investicije.<\/p>\n<p>Prvi Investicioni samit zemalja Zapadnog Balkana, odr\u017ean u februaru 2014, okupio je vi\u0161e od 500 delegata u EBRD sedi\u0161tu u Londonu, i bio prvi doga\u0111aj koji je okupio i sve \u010delnike vlada Zapadnog Balkana i Hrvatske na jednom mestu, na temu budu\u0107e ekonomske saradnje.<\/p>\n<p>Banka je tada u zaklju\u010dcima navela da \u0107e se ovakvi skupovi organizovati svake dve godine i da c\u0301e njihova tri osnovna cilja ostati uvek ista: promovisanje regiona kao investicione destinacije, doprinos stabilnosti u regionu kroz ja\u010danje regionalne saradnje i unapre\u0111enje agende za povezivanje.<\/p>\n<p>Drugi Investicioni samit Zapadnog Balkana u EBRD-u odr\u017ean je u februaru 2016. godine.<\/p>\n","protected":false},"excerpt":{"rendered":"<p>Evropska banka za obnovu i razvoj (EBRD) bi\u0107e doma\u0107in jednodnevnog Investicionog samita\u00a0za\u00a0Zapadni Balkan 2018, 26&#8230;.<\/p>\n","protected":false},"author":2,"featured_media":15905,"comment_status":"open","ping_status":"closed","sticky":false,"template":"","format":"standard","meta":{"_acf_changed":false,"_monsterinsights_skip_tracking":false,"_monsterinsights_sitenote_active":false,"_monsterinsights_sitenote_note":"","_monsterinsights_sitenote_category":0,"footnotes":""},"categories":[504,4],"tags":[667,146,767],"class_list":["post-15904","post","type-post","status-publish","format-standard","has-post-thumbnail","hentry","category-elektricna-energija","category-zivotna-sredina","tag-bosna-i-hercegovina","tag-ebrd","tag-zapadni-balkan","country-regioneu","country-srbija"],"acf":[],"yoast_head":"<!-- This site is optimized with the Yoast SEO plugin v27.4 - https:\/\/yoast.com\/product\/yoast-seo-wordpress\/ -->\n<title>EBRD: Investicioni samit Zapadnog Balkana u februaru, u Londonu<\/title>\n<meta name=\"description\" content=\"Evropska banka za obnovu i razvoj (EBRD) bi\u0107e doma\u0107in jednodnevnog Investicionog samita\u00a0za\u00a0Zapadni Balkan 2018, 26. februara u Londonu.\" \/>\n<meta name=\"robots\" content=\"index, follow, max-snippet:-1, max-image-preview:large, max-video-preview:-1\" \/>\n<link rel=\"canonical\" href=\"https:\/\/balkangreenenergynews.com\/rs\/ebrd-investicioni-samit-zapadnog-balkana-februaru-u-londonu\/\" \/>\n<meta property=\"og:locale\" content=\"sr_RS\" \/>\n<meta property=\"og:type\" content=\"article\" \/>\n<meta property=\"og:title\" content=\"EBRD: Investicioni samit Zapadnog Balkana u februaru, u Londonu\" \/>\n<meta property=\"og:description\" content=\"Evropska banka za obnovu i razvoj (EBRD) bi\u0107e doma\u0107in jednodnevnog Investicionog samita\u00a0za\u00a0Zapadni Balkan 2018, 26. februara u Londonu.\" \/>\n<meta property=\"og:url\" content=\"https:\/\/balkangreenenergynews.com\/rs\/ebrd-investicioni-samit-zapadnog-balkana-februaru-u-londonu\/\" \/>\n<meta property=\"og:site_name\" content=\"Balkan Green Energy News\" \/>\n<meta property=\"article:published_time\" content=\"2018-01-30T10:25:00+00:00\" \/>\n<meta property=\"og:image\" content=\"https:\/\/balkangreenenergynews.com\/rs\/wp-content\/uploads\/2018\/01\/ebrd-london.jpg\" \/>\n\t<meta property=\"og:image:width\" content=\"795\" \/>\n\t<meta property=\"og:image:height\" content=\"407\" \/>\n\t<meta property=\"og:image:type\" content=\"image\/jpeg\" \/>\n<meta name=\"author\" content=\"Branislava Jovi\u010di\u0107\" \/>\n<meta name=\"twitter:card\" content=\"summary_large_image\" \/>\n<meta name=\"twitter:creator\" content=\"@https:\/\/twitter.com\/BranaJovicic\" \/>\n<meta name=\"twitter:label1\" content=\"\u041d\u0430\u043f\u0438\u0441\u0430\u043d\u043e \u043e\u0434\" \/>\n\t<meta name=\"twitter:data1\" content=\"Branislava Jovi\u010di\u0107\" \/>\n\t<meta name=\"twitter:label2\" content=\"\u041f\u0440\u043e\u0446\u0435\u045a\u0435\u043d\u043e \u0432\u0440\u0435\u043c\u0435 \u0447\u0438\u0442\u0430\u045a\u0430\" \/>\n\t<meta name=\"twitter:data2\" content=\"2 \u043c\u0438\u043d\u0443\u0442\u0430\" \/>\n<script type=\"application\/ld+json\" class=\"yoast-schema-graph\">{\"@context\":\"https:\\\/\\\/schema.org\",\"@graph\":[{\"@type\":\"Article\",\"@id\":\"https:\\\/\\\/balkangreenenergynews.com\\\/rs\\\/ebrd-investicioni-samit-zapadnog-balkana-februaru-u-londonu\\\/#article\",\"isPartOf\":{\"@id\":\"https:\\\/\\\/balkangreenenergynews.com\\\/rs\\\/ebrd-investicioni-samit-zapadnog-balkana-februaru-u-londonu\\\/\"},\"author\":{\"name\":\"Branislava Jovi\u010di\u0107\",\"@id\":\"https:\\\/\\\/balkangreenenergynews.com\\\/rs\\\/#\\\/schema\\\/person\\\/ff4e9f9457769ba580672215875f5b38\"},\"headline\":\"EBRD: Investicioni samit Zapadnog Balkana u februaru, u Londonu\",\"datePublished\":\"2018-01-30T10:25:00+00:00\",\"mainEntityOfPage\":{\"@id\":\"https:\\\/\\\/balkangreenenergynews.com\\\/rs\\\/ebrd-investicioni-samit-zapadnog-balkana-februaru-u-londonu\\\/\"},\"wordCount\":322,\"commentCount\":0,\"image\":{\"@id\":\"https:\\\/\\\/balkangreenenergynews.com\\\/rs\\\/ebrd-investicioni-samit-zapadnog-balkana-februaru-u-londonu\\\/#primaryimage\"},\"thumbnailUrl\":\"https:\\\/\\\/balkangreenenergynews.com\\\/rs\\\/wp-content\\\/uploads\\\/2018\\\/01\\\/ebrd-london.jpg?wsr\",\"keywords\":[\"Bosna i Hercegovina\",\"EBRD\",\"Zapadni Balkan\"],\"articleSection\":[\"Elektri\u010dna energija\",\"\u017divotna sredina\"],\"inLanguage\":\"sr-RS\",\"potentialAction\":[{\"@type\":\"CommentAction\",\"name\":\"Comment\",\"target\":[\"https:\\\/\\\/balkangreenenergynews.com\\\/rs\\\/ebrd-investicioni-samit-zapadnog-balkana-februaru-u-londonu\\\/#respond\"]}]},{\"@type\":\"WebPage\",\"@id\":\"https:\\\/\\\/balkangreenenergynews.com\\\/rs\\\/ebrd-investicioni-samit-zapadnog-balkana-februaru-u-londonu\\\/\",\"url\":\"https:\\\/\\\/balkangreenenergynews.com\\\/rs\\\/ebrd-investicioni-samit-zapadnog-balkana-februaru-u-londonu\\\/\",\"name\":\"EBRD: Investicioni samit Zapadnog Balkana u februaru, u Londonu\",\"isPartOf\":{\"@id\":\"https:\\\/\\\/balkangreenenergynews.com\\\/rs\\\/#website\"},\"primaryImageOfPage\":{\"@id\":\"https:\\\/\\\/balkangreenenergynews.com\\\/rs\\\/ebrd-investicioni-samit-zapadnog-balkana-februaru-u-londonu\\\/#primaryimage\"},\"image\":{\"@id\":\"https:\\\/\\\/balkangreenenergynews.com\\\/rs\\\/ebrd-investicioni-samit-zapadnog-balkana-februaru-u-londonu\\\/#primaryimage\"},\"thumbnailUrl\":\"https:\\\/\\\/balkangreenenergynews.com\\\/rs\\\/wp-content\\\/uploads\\\/2018\\\/01\\\/ebrd-london.jpg?wsr\",\"datePublished\":\"2018-01-30T10:25:00+00:00\",\"author\":{\"@id\":\"https:\\\/\\\/balkangreenenergynews.com\\\/rs\\\/#\\\/schema\\\/person\\\/ff4e9f9457769ba580672215875f5b38\"},\"description\":\"Evropska banka za obnovu i razvoj (EBRD) bi\u0107e doma\u0107in jednodnevnog Investicionog samita\u00a0za\u00a0Zapadni Balkan 2018, 26. februara u Londonu.\",\"breadcrumb\":{\"@id\":\"https:\\\/\\\/balkangreenenergynews.com\\\/rs\\\/ebrd-investicioni-samit-zapadnog-balkana-februaru-u-londonu\\\/#breadcrumb\"},\"inLanguage\":\"sr-RS\",\"potentialAction\":[{\"@type\":\"ReadAction\",\"target\":[\"https:\\\/\\\/balkangreenenergynews.com\\\/rs\\\/ebrd-investicioni-samit-zapadnog-balkana-februaru-u-londonu\\\/\"]}]},{\"@type\":\"ImageObject\",\"inLanguage\":\"sr-RS\",\"@id\":\"https:\\\/\\\/balkangreenenergynews.com\\\/rs\\\/ebrd-investicioni-samit-zapadnog-balkana-februaru-u-londonu\\\/#primaryimage\",\"url\":\"https:\\\/\\\/balkangreenenergynews.com\\\/rs\\\/wp-content\\\/uploads\\\/2018\\\/01\\\/ebrd-london.jpg?wsr\",\"contentUrl\":\"https:\\\/\\\/balkangreenenergynews.com\\\/rs\\\/wp-content\\\/uploads\\\/2018\\\/01\\\/ebrd-london.jpg?wsr\",\"width\":795,\"height\":407,\"caption\":\"EBRD: Investicioni samit Zapadnog Balkana u februaru, u Londonu\"},{\"@type\":\"BreadcrumbList\",\"@id\":\"https:\\\/\\\/balkangreenenergynews.com\\\/rs\\\/ebrd-investicioni-samit-zapadnog-balkana-februaru-u-londonu\\\/#breadcrumb\",\"itemListElement\":[{\"@type\":\"ListItem\",\"position\":1,\"name\":\"Po\u010detna\",\"item\":\"https:\\\/\\\/balkangreenenergynews.com\\\/rs\\\/\"},{\"@type\":\"ListItem\",\"position\":2,\"name\":\"Vesti\",\"item\":\"https:\\\/\\\/balkangreenenergynews.com\\\/rs\\\/kategorija\\\/vesti\\\/\"},{\"@type\":\"ListItem\",\"position\":3,\"name\":\"\u017divotna sredina\",\"item\":\"https:\\\/\\\/balkangreenenergynews.com\\\/rs\\\/kategorija\\\/vesti\\\/zivotna-sredina\\\/\"},{\"@type\":\"ListItem\",\"position\":4,\"name\":\"EBRD: Investicioni samit Zapadnog Balkana u februaru, u Londonu\"}]},{\"@type\":\"WebSite\",\"@id\":\"https:\\\/\\\/balkangreenenergynews.com\\\/rs\\\/#website\",\"url\":\"https:\\\/\\\/balkangreenenergynews.com\\\/rs\\\/\",\"name\":\"Balkan Green Energy News\",\"description\":\"Naj\u0161iri izbor vesti sa Balkana o zelenoj energiji\",\"potentialAction\":[{\"@type\":\"SearchAction\",\"target\":{\"@type\":\"EntryPoint\",\"urlTemplate\":\"https:\\\/\\\/balkangreenenergynews.com\\\/rs\\\/?s={search_term_string}\"},\"query-input\":{\"@type\":\"PropertyValueSpecification\",\"valueRequired\":true,\"valueName\":\"search_term_string\"}}],\"inLanguage\":\"sr-RS\"},{\"@type\":\"Person\",\"@id\":\"https:\\\/\\\/balkangreenenergynews.com\\\/rs\\\/#\\\/schema\\\/person\\\/ff4e9f9457769ba580672215875f5b38\",\"name\":\"Branislava Jovi\u010di\u0107\",\"description\":\"\u017divimo u vremenu koje je pred na\u0161u generaciju postavilo veoma va\u017ean zadatak. Nije na nama sva krivica za stanje u kojem se nalazi planeta, ali odgovornot svakako jeste. Zato usmerimo svoja znanja, ve\u0161tine i pamet ka pronala\u017eenju odr\u017eivih, pametnih i zelenih re\u0161enja.\",\"sameAs\":[\"https:\\\/\\\/www.linkedin.com\\\/in\\\/branislava-jovicic-043080a\\\/\",\"https:\\\/\\\/x.com\\\/https:\\\/\\\/twitter.com\\\/BranaJovicic\"],\"url\":\"https:\\\/\\\/balkangreenenergynews.com\\\/rs\\\/author\\\/bgen\\\/\"}]}<\/script>\n<!-- \/ Yoast SEO plugin. -->","yoast_head_json":{"title":"EBRD: Investicioni samit Zapadnog Balkana u februaru, u Londonu","description":"Evropska banka za obnovu i razvoj (EBRD) bi\u0107e doma\u0107in jednodnevnog Investicionog samita\u00a0za\u00a0Zapadni Balkan 2018, 26. februara u Londonu.","robots":{"index":"index","follow":"follow","max-snippet":"max-snippet:-1","max-image-preview":"max-image-preview:large","max-video-preview":"max-video-preview:-1"},"canonical":"https:\/\/balkangreenenergynews.com\/rs\/ebrd-investicioni-samit-zapadnog-balkana-februaru-u-londonu\/","og_locale":"sr_RS","og_type":"article","og_title":"EBRD: Investicioni samit Zapadnog Balkana u februaru, u Londonu","og_description":"Evropska banka za obnovu i razvoj (EBRD) bi\u0107e doma\u0107in jednodnevnog Investicionog samita\u00a0za\u00a0Zapadni Balkan 2018, 26. februara u Londonu.","og_url":"https:\/\/balkangreenenergynews.com\/rs\/ebrd-investicioni-samit-zapadnog-balkana-februaru-u-londonu\/","og_site_name":"Balkan Green Energy News","article_published_time":"2018-01-30T10:25:00+00:00","og_image":[{"width":795,"height":407,"url":"https:\/\/balkangreenenergynews.com\/rs\/wp-content\/uploads\/2018\/01\/ebrd-london.jpg","type":"image\/jpeg"}],"author":"Branislava Jovi\u010di\u0107","twitter_card":"summary_large_image","twitter_creator":"@https:\/\/twitter.com\/BranaJovicic","twitter_misc":{"\u041d\u0430\u043f\u0438\u0441\u0430\u043d\u043e \u043e\u0434":"Branislava Jovi\u010di\u0107","\u041f\u0440\u043e\u0446\u0435\u045a\u0435\u043d\u043e \u0432\u0440\u0435\u043c\u0435 \u0447\u0438\u0442\u0430\u045a\u0430":"2 \u043c\u0438\u043d\u0443\u0442\u0430"},"schema":{"@context":"https:\/\/schema.org","@graph":[{"@type":"Article","@id":"https:\/\/balkangreenenergynews.com\/rs\/ebrd-investicioni-samit-zapadnog-balkana-februaru-u-londonu\/#article","isPartOf":{"@id":"https:\/\/balkangreenenergynews.com\/rs\/ebrd-investicioni-samit-zapadnog-balkana-februaru-u-londonu\/"},"author":{"name":"Branislava Jovi\u010di\u0107","@id":"https:\/\/balkangreenenergynews.com\/rs\/#\/schema\/person\/ff4e9f9457769ba580672215875f5b38"},"headline":"EBRD: Investicioni samit Zapadnog Balkana u februaru, u Londonu","datePublished":"2018-01-30T10:25:00+00:00","mainEntityOfPage":{"@id":"https:\/\/balkangreenenergynews.com\/rs\/ebrd-investicioni-samit-zapadnog-balkana-februaru-u-londonu\/"},"wordCount":322,"commentCount":0,"image":{"@id":"https:\/\/balkangreenenergynews.com\/rs\/ebrd-investicioni-samit-zapadnog-balkana-februaru-u-londonu\/#primaryimage"},"thumbnailUrl":"https:\/\/balkangreenenergynews.com\/rs\/wp-content\/uploads\/2018\/01\/ebrd-london.jpg?wsr","keywords":["Bosna i Hercegovina","EBRD","Zapadni Balkan"],"articleSection":["Elektri\u010dna energija","\u017divotna sredina"],"inLanguage":"sr-RS","potentialAction":[{"@type":"CommentAction","name":"Comment","target":["https:\/\/balkangreenenergynews.com\/rs\/ebrd-investicioni-samit-zapadnog-balkana-februaru-u-londonu\/#respond"]}]},{"@type":"WebPage","@id":"https:\/\/balkangreenenergynews.com\/rs\/ebrd-investicioni-samit-zapadnog-balkana-februaru-u-londonu\/","url":"https:\/\/balkangreenenergynews.com\/rs\/ebrd-investicioni-samit-zapadnog-balkana-februaru-u-londonu\/","name":"EBRD: Investicioni samit Zapadnog Balkana u februaru, u Londonu","isPartOf":{"@id":"https:\/\/balkangreenenergynews.com\/rs\/#website"},"primaryImageOfPage":{"@id":"https:\/\/balkangreenenergynews.com\/rs\/ebrd-investicioni-samit-zapadnog-balkana-februaru-u-londonu\/#primaryimage"},"image":{"@id":"https:\/\/balkangreenenergynews.com\/rs\/ebrd-investicioni-samit-zapadnog-balkana-februaru-u-londonu\/#primaryimage"},"thumbnailUrl":"https:\/\/balkangreenenergynews.com\/rs\/wp-content\/uploads\/2018\/01\/ebrd-london.jpg?wsr","datePublished":"2018-01-30T10:25:00+00:00","author":{"@id":"https:\/\/balkangreenenergynews.com\/rs\/#\/schema\/person\/ff4e9f9457769ba580672215875f5b38"},"description":"Evropska banka za obnovu i razvoj (EBRD) bi\u0107e doma\u0107in jednodnevnog Investicionog samita\u00a0za\u00a0Zapadni Balkan 2018, 26. februara u Londonu.","breadcrumb":{"@id":"https:\/\/balkangreenenergynews.com\/rs\/ebrd-investicioni-samit-zapadnog-balkana-februaru-u-londonu\/#breadcrumb"},"inLanguage":"sr-RS","potentialAction":[{"@type":"ReadAction","target":["https:\/\/balkangreenenergynews.com\/rs\/ebrd-investicioni-samit-zapadnog-balkana-februaru-u-londonu\/"]}]},{"@type":"ImageObject","inLanguage":"sr-RS","@id":"https:\/\/balkangreenenergynews.com\/rs\/ebrd-investicioni-samit-zapadnog-balkana-februaru-u-londonu\/#primaryimage","url":"https:\/\/balkangreenenergynews.com\/rs\/wp-content\/uploads\/2018\/01\/ebrd-london.jpg?wsr","contentUrl":"https:\/\/balkangreenenergynews.com\/rs\/wp-content\/uploads\/2018\/01\/ebrd-london.jpg?wsr","width":795,"height":407,"caption":"EBRD: Investicioni samit Zapadnog Balkana u februaru, u Londonu"},{"@type":"BreadcrumbList","@id":"https:\/\/balkangreenenergynews.com\/rs\/ebrd-investicioni-samit-zapadnog-balkana-februaru-u-londonu\/#breadcrumb","itemListElement":[{"@type":"ListItem","position":1,"name":"Po\u010detna","item":"https:\/\/balkangreenenergynews.com\/rs\/"},{"@type":"ListItem","position":2,"name":"Vesti","item":"https:\/\/balkangreenenergynews.com\/rs\/kategorija\/vesti\/"},{"@type":"ListItem","position":3,"name":"\u017divotna sredina","item":"https:\/\/balkangreenenergynews.com\/rs\/kategorija\/vesti\/zivotna-sredina\/"},{"@type":"ListItem","position":4,"name":"EBRD: Investicioni samit Zapadnog Balkana u februaru, u Londonu"}]},{"@type":"WebSite","@id":"https:\/\/balkangreenenergynews.com\/rs\/#website","url":"https:\/\/balkangreenenergynews.com\/rs\/","name":"Balkan Green Energy News","description":"Naj\u0161iri izbor vesti sa Balkana o zelenoj energiji","potentialAction":[{"@type":"SearchAction","target":{"@type":"EntryPoint","urlTemplate":"https:\/\/balkangreenenergynews.com\/rs\/?s={search_term_string}"},"query-input":{"@type":"PropertyValueSpecification","valueRequired":true,"valueName":"search_term_string"}}],"inLanguage":"sr-RS"},{"@type":"Person","@id":"https:\/\/balkangreenenergynews.com\/rs\/#\/schema\/person\/ff4e9f9457769ba580672215875f5b38","name":"Branislava Jovi\u010di\u0107","description":"\u017divimo u vremenu koje je pred na\u0161u generaciju postavilo veoma va\u017ean zadatak. Nije na nama sva krivica za stanje u kojem se nalazi planeta, ali odgovornot svakako jeste. Zato usmerimo svoja znanja, ve\u0161tine i pamet ka pronala\u017eenju odr\u017eivih, pametnih i zelenih re\u0161enja.","sameAs":["https:\/\/www.linkedin.com\/in\/branislava-jovicic-043080a\/","https:\/\/x.com\/https:\/\/twitter.com\/BranaJovicic"],"url":"https:\/\/balkangreenenergynews.com\/rs\/author\/bgen\/"}]}},"_links":{"self":[{"href":"https:\/\/balkangreenenergynews.com\/rs\/wp-json\/wp\/v2\/posts\/15904","targetHints":{"allow":["GET"]}}],"collection":[{"href":"https:\/\/balkangreenenergynews.com\/rs\/wp-json\/wp\/v2\/posts"}],"about":[{"href":"https:\/\/balkangreenenergynews.com\/rs\/wp-json\/wp\/v2\/types\/post"}],"author":[{"embeddable":true,"href":"https:\/\/balkangreenenergynews.com\/rs\/wp-json\/wp\/v2\/users\/2"}],"replies":[{"embeddable":true,"href":"https:\/\/balkangreenenergynews.com\/rs\/wp-json\/wp\/v2\/comments?post=15904"}],"version-history":[{"count":0,"href":"https:\/\/balkangreenenergynews.com\/rs\/wp-json\/wp\/v2\/posts\/15904\/revisions"}],"wp:featuredmedia":[{"embeddable":true,"href":"https:\/\/balkangreenenergynews.com\/rs\/wp-json\/wp\/v2\/media\/15905"}],"wp:attachment":[{"href":"https:\/\/balkangreenenergynews.com\/rs\/wp-json\/wp\/v2\/media?parent=15904"}],"wp:term":[{"taxonomy":"category","embeddable":true,"href":"https:\/\/balkangreenenergynews.com\/rs\/wp-json\/wp\/v2\/categories?post=15904"},{"taxonomy":"post_tag","embeddable":true,"href":"https:\/\/balkangreenenergynews.com\/rs\/wp-json\/wp\/v2\/tags?post=15904"}],"curies":[{"name":"wp","href":"https:\/\/api.w.org\/{rel}","templated":true}]}}