{"id":15862,"date":"2018-01-30T19:29:18","date_gmt":"2018-01-30T18:29:18","guid":{"rendered":"https:\/\/balkangreenenergynews.com\/rs\/?p=15862"},"modified":"2020-10-29T20:52:58","modified_gmt":"2020-10-29T19:52:58","slug":"obukama-cemo-motivisati-opstine-javno-privatna-partnerstva","status":"publish","type":"post","link":"https:\/\/balkangreenenergynews.com\/rs\/obukama-cemo-motivisati-opstine-javno-privatna-partnerstva\/","title":{"rendered":"Obukama \u0107emo motivisati op\u0161tine za javno-privatna partnerstva"},"content":{"rendered":"<h2>Model javno-privatnog partnerstva (JPP) nije vi\u0161e u upotrebi zbog nedostatka informacija o njegovim prednostima, a i nema dovoljno iskustva za realizaciju projekata. Kroz obuke i edukaciju lokalnih slu\u017ebi motivisa\u0107emo op\u0161tine da razmi\u0161ljaju o saradnji sa privatnim sektorom, najavljuje Zorana Mihajlovi\u0107, potpredsednik Vlade Srbije i ministar gra\u0111evinarstva, saobra\u0107aja i infrastrukture.<\/h2>\n<p>U intervjuu objavljenom u publikaciji <span style=\"color: #000000;\"><em><a style=\"color: #000000;\" href=\"https:\/\/balkangreenenergynews.com\/rs\/publikacija-unapredenje-energetske-efikasnosti-kroz-model-javno-privatnog-partnerstva\/\">\u201cUnapre\u0111enje energetske efikasnosti kroz model javno-privatnog partnerstva\u201d<\/a><\/em><\/span>, ona ka\u017ee da se saradnja ne odnosi samo na finansijski deo jer privatni sektor mo\u017ee da pomogne i stru\u010dnim znanjem i ve\u0161tinama, kako bi se projekat sproveo \u0161to uspe\u0161nije.<\/p>\n<h4><span style=\"\">Rekli ste da bi JPP trebalo da bude dominantan model finansiranja za lokalne samouprave. Za\u0161to se to na terenu ne de\u0161ava? Kako naterati op\u0161tine da koriste model koji je kao stvoren za nekog ko nema novca, a ima probleme sa infrastrukturom?<\/span><\/h4>\n<p>Moj odgovor su \u2013 obuke i edukacija, pa \u0107e biti i mnogo vi\u0161e projekata JPP. Glavni problem \u0161to model JPP nije vi\u0161e u upotrebi je svakako nedostatak informacija o njegovim prednostima, a mo\u017ee se re\u0107i i da nema dovoljno iskustva za realizaciju projekata. Prepreke se kre\u0107u od nerazumevanja zna\u010daja ovog instrumenta za ekonomski razvoj, preko neinformisanosti o rezultatima koji se na ovaj na\u010din mogu ostvariti, zatim nedovoljnog poznavanja na\u010dina na koji model funkcioni\u0161e i nedovoljne obu\u010denosti pre svega na nivou lokalnih samouprava u pripremi i implementaciji projekata, pa sve do bojazni da ne mo\u017ee da se na\u0111e adekvatan privatan partner. Sli\u010dno je i u zemljama u okru\u017eenju. Iako postoje brojni primeri lokalnih i regionalnih vlasti koje pokazuju interesovanje da tra\u017ee nove na\u010dine finansiranja kapitalnih projekata, njihovi kapaciteti za njihovu realizaciju jo\u0161 nisu dovoljno razvijeni u odnosu na evropska iskustva i dobru praksu.<\/p>\n<h4><span style=\"\">Dobro poznajete situaciju kada je re\u010d o energetici na lokalu i znate koliki potencijal ima Srbija kada je re\u010d o energetskoj efikasnosti. Za\u0161to op\u0161tine slabo koriste JPP kako bi pove\u0107ale energetsku efikasnost?<\/span><\/h4>\n<p>Verujem da \u0107e lokalne samouprave \u201cprepisivati\u201d takvu praksu kad vide na prakti\u010dnim primerima kolika su ulaganja i u\u0161tede, a posebno da sa privatnim sektorom mo\u017ee da se ostvari saradnja u obostranom insteresu. Primera radi, najnoviji slu\u010daj je Bor koji je raspisao javni poziv za projekat JPP za uvo\u0111enje javne rasvete. Ideja je da se uvedu LED sijalice koje \u0161tede energiju, svetlost im je najsli\u010dnija dnevnoj, smanjuju i zaga\u0111enje okoline, a traju od 10 do 20 godina &#8211; mnogo du\u017ee od uobi\u010dajenog osvetljenja. Na projektima JPP za javnu rasvetu rade i Pirot, Nova Crnja, <a href=\"https:\/\/balkangreenenergynews.com\/rs\/petrovac-na-mlavi-u-oktobru-dobija-led-javnu-rasvetu-uz-pomoc-jpp\/\">Petrovac na Mlavi<\/a>, Beo\u010din i drugi. To je samo jedan od primera, a u oblasti energetske efikasnosti ima mnogo prilika da za saradnju javnog i privatnog sektora.<\/p>\n<h4><span style=\"\">Inicirali ste izmene Zakona o JPP, koje su usvojene pro\u0161le godine. \u0160ta ste hteli da postignete promenom ovog propisa? Da li ove izmene daju rezultate?<\/span><\/h4>\n<p>Kada smo usvajali Zakon o javno privatnom partnerstvu, a i kada smo unapre\u0111ivali taj propis kroz izmene i dopune, na\u0161a vizija je bila da se, pre svega lokalnim samoupravama, obezbedi novi na\u010din finansiranja infrastrukturnih projekata. Takav na\u010din bi manje optere\u0107ivao njihove bud\u017eete, jer je JPP model koji bi smanjio tro\u0161kove rada, privukao dodatne resurse, a u narednih pet do 50 godina imali bi zagarantovanu uslugu za gra\u0111ane koju privatni partner pru\u017ea za naknadu na efikasniji i ekonomi\u010dniji na\u010din. Na\u0161 zadatak je bio da stvorimo okvir koji \u0107e sve to da omogu\u0107i, a da sigurnost samog procesa ujedno bude ve\u0107a. U tome smo, upravo dono\u0161enjem Zakona i kroz izmene, i uspeli.<\/p>\n<p>Konkretno, izmene su donele preciznije formulacije pojedinih odredbi, bolju kontrolu finansijskih uticaja projekata. Donele su i efikasnije mehanizme koji bi dozvolili dr\u017eavnim i lokalnim organima da realizuju projekte kroz JPP na osnovu jasnih pravila, jer nemaju svi iste kapacitete za sprovo\u0111enje projekata, zatim donele su pravni okvir za transparentnu tendersku proceduru sa jednakim tretmanom svih ponu\u0111a\u010da i naravno, uskla\u0111enost sa najboljom svetskom praksom.<\/p>\n<p>Sada ve\u0107 imamo 48 predloga projekata javno privatnog partnerstva, za koje je nadle\u017ena Komisija za JPP dala pozitivno mi\u0161ljenje. A takvi projekti su mahom ekonomski efikasni i socijalno odgovorni.<\/p>\n<h4><span style=\"\">Za\u0161to je odobreno vrlo malo projekata JPP?<\/span><\/h4>\n<p>Ranije je \u010ditav proces sprovo\u0111enja projekata javno-privatnog partnerstva bio prili\u010dno dug za sve koji u tome u\u010destvuju, a posebno ako je re\u010d o oblasti energetike i za\u0161tite \u017eivotne sredine. Od trenutka kad je takav projekat iniciran pa sve do dono\u0161enja odluke da se krene u realizaciju, prolazilo je od dve do dve i po godine. Interes dr\u017eave je sigurno da se JPP kao model finansiranja mnogo vi\u0161e koristi, i zato smo izmenama Zakona \u010ditav proces ubrzali. I upravo kao rezultat toga do sada imamo pozitivno mi\u0161ljenje na 48 projekata javno privatnog partnerstva u poslednjih \u0161est godina. To su projekti koji se odnose na gradsko-prigradski prevoz putnika, javnu rasvetu, sakupljanje komunalnog otpada, proizvodnju toplotne i elektri\u010dne energije upotrebom obnovljivih izvora, putnu infrastrukturu&#8230; Ako pa\u017eljivo pratite, u poslednje vreme \u010desto u javnosti neka op\u0161tina iza\u0111e s projektom koji planira da finansira kroz JPP.<\/p>\n<h4><span style=\"\">Rekli ste da je interes dr\u017eave \u201cda se kao model finansiranja najvi\u0161e koriste JPP, po\u0161to Srbija vi\u0161e ne mo\u017ee da se zadu\u017euje uzimanjem kredita\u201c. Za\u0161to se dr\u017eava na terenu ne pona\u0161a u skladu sa ovim interesom?<\/span><\/h4>\n<p>Dr\u017eava je stvorila okvir za \u0161to br\u017ee sprovo\u0111enje i realizaciju projekata javno privatnog partnerstva, i to je prvi dokaz da se upravo pona\u0161a u skladu sa tim interesom. Da dr\u017eava brine o tom interesu dokazuje i odobrenih 48 projekata javno privatnog partnerstva. Me\u0111utim, \u010dinjenica je tako\u0111e da je finansiranje kroz model javno-privatnog partnerstva u Srbiji mlada ideja, koja je jo\u0161 u povoju. Zato nam predstoji da se, pre svega kroz edukaciju lokalnih slu\u017ebi, one vi\u0161e motivi\u0161u da razmi\u0161ljaju o saradnji sa privatnim sektorom. Ta saradnja nije samo u finansijskom delu. Privatan sektor mo\u017ee da pomogne i stru\u010dnim znanjem i ve\u0161tinama, kako bi se projekat sproveo \u0161to uspe\u0161nije. Za op\u0161tine, gradove i javna preduze\u0107a, kao predlaga\u010de projekta JPP, posebno za one koji imaju problema da se zadu\u017euju kako bi ulagali u infrastrukturne i druge projekte od javnog interesa, ovaj model je veliki potencijal i velika razvojna \u0161ansa. Uverena sam da \u0107e lokalne samouprave to prepoznati, kao i da \u0107emo u narednom periodu imati mnogo projekata koji se realizuju kroz JPP.<\/p>\n<h4><span style=\"\">Najavili ste osnivanje jo\u0161 savetodavnih tela koja \u0107e bolje povezati dr\u017eavu i lokal kada je re\u010d o JPP. Da li je ne\u0161to ura\u0111eno?<\/span><\/h4>\n<p>Vlada je po dono\u0161enju Zakona o javno privatnom partnerstvu formirala i Komisiju za javno privatno partnerstvo, kojoj je zadatak da pru\u017ea stru\u010dnu pomo\u0107 pri realizaciji projekata JPP i koncesija. Svakako je i zamisao bila da lokalne samouprave mogu da ra\u010dunaju na stru\u010dnu i savetodavnu pomo\u0107 Komisije. To je me\u0111uresorno javno telo operativno nezavisno u svom radu. Komisija poma\u017ee u pripremi predloga za JPP, informi\u0161e i konsultuje, daje mi\u0161ljenje u postupku odobravanja predloga, olak\u0161ava realizaciju\u2026 Komisija tako\u0111e, podnosi vladi godi\u0161nji izve\u0161taj o realizovanim projektima u Srbiji, a sara\u0111uje i sa bud\u017eetskom inspekcijom, Dr\u017eavnom revizorskom institucijom\u2026 Kako projekti JPP budu masovnije kori\u0161\u0107eni u Srbiji, nije isklju\u010deno ni formiranje regionalnih tela, koja bi pomagala op\u0161tine da \u0161to vi\u0161e iskoriste razvojne potencijale ovog modela, a da u\u0161te\u0111eni novac u bud\u017eetu mogu da ula\u017eu u druge projekte kojima je cilj unapre\u0111enje uslova \u017eivota na\u0161ih gra\u0111ana.<\/p>\n","protected":false},"excerpt":{"rendered":"<p>Model javno-privatnog partnerstva (JPP) nije vi\u0161e u upotrebi zbog nedostatka informacija o njegovim prednostima, a&#8230;<\/p>\n","protected":false},"author":2,"featured_media":15942,"comment_status":"open","ping_status":"closed","sticky":false,"template":"","format":"standard","meta":{"_acf_changed":false,"_monsterinsights_skip_tracking":false,"_monsterinsights_sitenote_active":false,"_monsterinsights_sitenote_note":"","_monsterinsights_sitenote_category":0,"footnotes":""},"categories":[3,482],"tags":[646,752],"class_list":["post-15862","post","type-post","status-publish","format-standard","has-post-thumbnail","hentry","category-energetska-efikasnost","category-intervju","tag-energetska-efikasnost","tag-jpp","country-srbija"],"acf":[],"yoast_head":"<!-- This site is optimized with the Yoast SEO plugin v27.4 - https:\/\/yoast.com\/product\/yoast-seo-wordpress\/ -->\n<title>Obukama \u0107emo motivisati op\u0161tine za javno-privatna partnerstva<\/title>\n<meta name=\"description\" content=\"Kroz obuke lokalnih slu\u017ebi motivisa\u0107emo op\u0161tine da razmi\u0161ljaju o saradnji sa privatnim sektorom, ka\u017ee Zorana Mihajlovi\u0107, potpredsednik Vlade Srbije.\" \/>\n<meta name=\"robots\" content=\"index, follow, max-snippet:-1, max-image-preview:large, max-video-preview:-1\" \/>\n<link rel=\"canonical\" href=\"https:\/\/balkangreenenergynews.com\/rs\/obukama-cemo-motivisati-opstine-javno-privatna-partnerstva\/\" \/>\n<meta property=\"og:locale\" content=\"sr_RS\" \/>\n<meta property=\"og:type\" content=\"article\" \/>\n<meta property=\"og:title\" content=\"Obukama \u0107emo motivisati op\u0161tine za javno-privatna partnerstva\" \/>\n<meta property=\"og:description\" content=\"Kroz obuke lokalnih slu\u017ebi motivisa\u0107emo op\u0161tine da razmi\u0161ljaju o saradnji sa privatnim sektorom, ka\u017ee Zorana Mihajlovi\u0107, potpredsednik Vlade Srbije.\" \/>\n<meta property=\"og:url\" content=\"https:\/\/balkangreenenergynews.com\/rs\/obukama-cemo-motivisati-opstine-javno-privatna-partnerstva\/\" \/>\n<meta property=\"og:site_name\" content=\"Balkan Green Energy News\" \/>\n<meta property=\"article:published_time\" content=\"2018-01-30T18:29:18+00:00\" \/>\n<meta property=\"article:modified_time\" content=\"2020-10-29T19:52:58+00:00\" \/>\n<meta property=\"og:image\" content=\"https:\/\/balkangreenenergynews.com\/rs\/wp-content\/uploads\/2018\/01\/zorana-final.jpg\" \/>\n\t<meta property=\"og:image:width\" content=\"795\" \/>\n\t<meta property=\"og:image:height\" content=\"407\" \/>\n\t<meta property=\"og:image:type\" content=\"image\/jpeg\" \/>\n<meta name=\"author\" content=\"Branislava Jovi\u010di\u0107\" \/>\n<meta name=\"twitter:card\" content=\"summary_large_image\" \/>\n<meta name=\"twitter:creator\" content=\"@https:\/\/twitter.com\/BranaJovicic\" \/>\n<meta name=\"twitter:label1\" content=\"\u041d\u0430\u043f\u0438\u0441\u0430\u043d\u043e \u043e\u0434\" \/>\n\t<meta name=\"twitter:data1\" content=\"Branislava Jovi\u010di\u0107\" \/>\n\t<meta name=\"twitter:label2\" content=\"\u041f\u0440\u043e\u0446\u0435\u045a\u0435\u043d\u043e \u0432\u0440\u0435\u043c\u0435 \u0447\u0438\u0442\u0430\u045a\u0430\" \/>\n\t<meta name=\"twitter:data2\" content=\"6 \u043c\u0438\u043d\u0443\u0442\u0430\" \/>\n<script type=\"application\/ld+json\" class=\"yoast-schema-graph\">{\"@context\":\"https:\\\/\\\/schema.org\",\"@graph\":[{\"@type\":\"Article\",\"@id\":\"https:\\\/\\\/balkangreenenergynews.com\\\/rs\\\/obukama-cemo-motivisati-opstine-javno-privatna-partnerstva\\\/#article\",\"isPartOf\":{\"@id\":\"https:\\\/\\\/balkangreenenergynews.com\\\/rs\\\/obukama-cemo-motivisati-opstine-javno-privatna-partnerstva\\\/\"},\"author\":{\"name\":\"Branislava Jovi\u010di\u0107\",\"@id\":\"https:\\\/\\\/balkangreenenergynews.com\\\/rs\\\/#\\\/schema\\\/person\\\/ff4e9f9457769ba580672215875f5b38\"},\"headline\":\"Obukama \u0107emo motivisati op\u0161tine za javno-privatna partnerstva\",\"datePublished\":\"2018-01-30T18:29:18+00:00\",\"dateModified\":\"2020-10-29T19:52:58+00:00\",\"mainEntityOfPage\":{\"@id\":\"https:\\\/\\\/balkangreenenergynews.com\\\/rs\\\/obukama-cemo-motivisati-opstine-javno-privatna-partnerstva\\\/\"},\"wordCount\":1307,\"commentCount\":0,\"image\":{\"@id\":\"https:\\\/\\\/balkangreenenergynews.com\\\/rs\\\/obukama-cemo-motivisati-opstine-javno-privatna-partnerstva\\\/#primaryimage\"},\"thumbnailUrl\":\"https:\\\/\\\/balkangreenenergynews.com\\\/rs\\\/wp-content\\\/uploads\\\/2018\\\/01\\\/zorana-final.jpg?wsr\",\"keywords\":[\"energetska efikasnost\",\"JPP\"],\"articleSection\":[\"Energetska efikasnost\",\"Intervju\"],\"inLanguage\":\"sr-RS\",\"potentialAction\":[{\"@type\":\"CommentAction\",\"name\":\"Comment\",\"target\":[\"https:\\\/\\\/balkangreenenergynews.com\\\/rs\\\/obukama-cemo-motivisati-opstine-javno-privatna-partnerstva\\\/#respond\"]}]},{\"@type\":\"WebPage\",\"@id\":\"https:\\\/\\\/balkangreenenergynews.com\\\/rs\\\/obukama-cemo-motivisati-opstine-javno-privatna-partnerstva\\\/\",\"url\":\"https:\\\/\\\/balkangreenenergynews.com\\\/rs\\\/obukama-cemo-motivisati-opstine-javno-privatna-partnerstva\\\/\",\"name\":\"Obukama \u0107emo motivisati op\u0161tine za javno-privatna partnerstva\",\"isPartOf\":{\"@id\":\"https:\\\/\\\/balkangreenenergynews.com\\\/rs\\\/#website\"},\"primaryImageOfPage\":{\"@id\":\"https:\\\/\\\/balkangreenenergynews.com\\\/rs\\\/obukama-cemo-motivisati-opstine-javno-privatna-partnerstva\\\/#primaryimage\"},\"image\":{\"@id\":\"https:\\\/\\\/balkangreenenergynews.com\\\/rs\\\/obukama-cemo-motivisati-opstine-javno-privatna-partnerstva\\\/#primaryimage\"},\"thumbnailUrl\":\"https:\\\/\\\/balkangreenenergynews.com\\\/rs\\\/wp-content\\\/uploads\\\/2018\\\/01\\\/zorana-final.jpg?wsr\",\"datePublished\":\"2018-01-30T18:29:18+00:00\",\"dateModified\":\"2020-10-29T19:52:58+00:00\",\"author\":{\"@id\":\"https:\\\/\\\/balkangreenenergynews.com\\\/rs\\\/#\\\/schema\\\/person\\\/ff4e9f9457769ba580672215875f5b38\"},\"description\":\"Kroz obuke lokalnih slu\u017ebi motivisa\u0107emo op\u0161tine da razmi\u0161ljaju o saradnji sa privatnim sektorom, ka\u017ee Zorana Mihajlovi\u0107, potpredsednik Vlade Srbije.\",\"breadcrumb\":{\"@id\":\"https:\\\/\\\/balkangreenenergynews.com\\\/rs\\\/obukama-cemo-motivisati-opstine-javno-privatna-partnerstva\\\/#breadcrumb\"},\"inLanguage\":\"sr-RS\",\"potentialAction\":[{\"@type\":\"ReadAction\",\"target\":[\"https:\\\/\\\/balkangreenenergynews.com\\\/rs\\\/obukama-cemo-motivisati-opstine-javno-privatna-partnerstva\\\/\"]}]},{\"@type\":\"ImageObject\",\"inLanguage\":\"sr-RS\",\"@id\":\"https:\\\/\\\/balkangreenenergynews.com\\\/rs\\\/obukama-cemo-motivisati-opstine-javno-privatna-partnerstva\\\/#primaryimage\",\"url\":\"https:\\\/\\\/balkangreenenergynews.com\\\/rs\\\/wp-content\\\/uploads\\\/2018\\\/01\\\/zorana-final.jpg?wsr\",\"contentUrl\":\"https:\\\/\\\/balkangreenenergynews.com\\\/rs\\\/wp-content\\\/uploads\\\/2018\\\/01\\\/zorana-final.jpg?wsr\",\"width\":795,\"height\":407,\"caption\":\"Zorana Mihajlovic Obukama cemo motivisati opstine za javno-privatna partnerstva\"},{\"@type\":\"BreadcrumbList\",\"@id\":\"https:\\\/\\\/balkangreenenergynews.com\\\/rs\\\/obukama-cemo-motivisati-opstine-javno-privatna-partnerstva\\\/#breadcrumb\",\"itemListElement\":[{\"@type\":\"ListItem\",\"position\":1,\"name\":\"Po\u010detna\",\"item\":\"https:\\\/\\\/balkangreenenergynews.com\\\/rs\\\/\"},{\"@type\":\"ListItem\",\"position\":2,\"name\":\"Intervju\",\"item\":\"https:\\\/\\\/balkangreenenergynews.com\\\/rs\\\/kategorija\\\/intervju\\\/\"},{\"@type\":\"ListItem\",\"position\":3,\"name\":\"Obukama \u0107emo motivisati op\u0161tine za javno-privatna partnerstva\"}]},{\"@type\":\"WebSite\",\"@id\":\"https:\\\/\\\/balkangreenenergynews.com\\\/rs\\\/#website\",\"url\":\"https:\\\/\\\/balkangreenenergynews.com\\\/rs\\\/\",\"name\":\"Balkan Green Energy News\",\"description\":\"Naj\u0161iri izbor vesti sa Balkana o zelenoj energiji\",\"potentialAction\":[{\"@type\":\"SearchAction\",\"target\":{\"@type\":\"EntryPoint\",\"urlTemplate\":\"https:\\\/\\\/balkangreenenergynews.com\\\/rs\\\/?s={search_term_string}\"},\"query-input\":{\"@type\":\"PropertyValueSpecification\",\"valueRequired\":true,\"valueName\":\"search_term_string\"}}],\"inLanguage\":\"sr-RS\"},{\"@type\":\"Person\",\"@id\":\"https:\\\/\\\/balkangreenenergynews.com\\\/rs\\\/#\\\/schema\\\/person\\\/ff4e9f9457769ba580672215875f5b38\",\"name\":\"Branislava Jovi\u010di\u0107\",\"description\":\"\u017divimo u vremenu koje je pred na\u0161u generaciju postavilo veoma va\u017ean zadatak. Nije na nama sva krivica za stanje u kojem se nalazi planeta, ali odgovornot svakako jeste. Zato usmerimo svoja znanja, ve\u0161tine i pamet ka pronala\u017eenju odr\u017eivih, pametnih i zelenih re\u0161enja.\",\"sameAs\":[\"https:\\\/\\\/www.linkedin.com\\\/in\\\/branislava-jovicic-043080a\\\/\",\"https:\\\/\\\/x.com\\\/https:\\\/\\\/twitter.com\\\/BranaJovicic\"],\"url\":\"https:\\\/\\\/balkangreenenergynews.com\\\/rs\\\/author\\\/bgen\\\/\"}]}<\/script>\n<!-- \/ Yoast SEO plugin. -->","yoast_head_json":{"title":"Obukama \u0107emo motivisati op\u0161tine za javno-privatna partnerstva","description":"Kroz obuke lokalnih slu\u017ebi motivisa\u0107emo op\u0161tine da razmi\u0161ljaju o saradnji sa privatnim sektorom, ka\u017ee Zorana Mihajlovi\u0107, potpredsednik Vlade Srbije.","robots":{"index":"index","follow":"follow","max-snippet":"max-snippet:-1","max-image-preview":"max-image-preview:large","max-video-preview":"max-video-preview:-1"},"canonical":"https:\/\/balkangreenenergynews.com\/rs\/obukama-cemo-motivisati-opstine-javno-privatna-partnerstva\/","og_locale":"sr_RS","og_type":"article","og_title":"Obukama \u0107emo motivisati op\u0161tine za javno-privatna partnerstva","og_description":"Kroz obuke lokalnih slu\u017ebi motivisa\u0107emo op\u0161tine da razmi\u0161ljaju o saradnji sa privatnim sektorom, ka\u017ee Zorana Mihajlovi\u0107, potpredsednik Vlade Srbije.","og_url":"https:\/\/balkangreenenergynews.com\/rs\/obukama-cemo-motivisati-opstine-javno-privatna-partnerstva\/","og_site_name":"Balkan Green Energy News","article_published_time":"2018-01-30T18:29:18+00:00","article_modified_time":"2020-10-29T19:52:58+00:00","og_image":[{"width":795,"height":407,"url":"https:\/\/balkangreenenergynews.com\/rs\/wp-content\/uploads\/2018\/01\/zorana-final.jpg","type":"image\/jpeg"}],"author":"Branislava Jovi\u010di\u0107","twitter_card":"summary_large_image","twitter_creator":"@https:\/\/twitter.com\/BranaJovicic","twitter_misc":{"\u041d\u0430\u043f\u0438\u0441\u0430\u043d\u043e \u043e\u0434":"Branislava Jovi\u010di\u0107","\u041f\u0440\u043e\u0446\u0435\u045a\u0435\u043d\u043e \u0432\u0440\u0435\u043c\u0435 \u0447\u0438\u0442\u0430\u045a\u0430":"6 \u043c\u0438\u043d\u0443\u0442\u0430"},"schema":{"@context":"https:\/\/schema.org","@graph":[{"@type":"Article","@id":"https:\/\/balkangreenenergynews.com\/rs\/obukama-cemo-motivisati-opstine-javno-privatna-partnerstva\/#article","isPartOf":{"@id":"https:\/\/balkangreenenergynews.com\/rs\/obukama-cemo-motivisati-opstine-javno-privatna-partnerstva\/"},"author":{"name":"Branislava Jovi\u010di\u0107","@id":"https:\/\/balkangreenenergynews.com\/rs\/#\/schema\/person\/ff4e9f9457769ba580672215875f5b38"},"headline":"Obukama \u0107emo motivisati op\u0161tine za javno-privatna partnerstva","datePublished":"2018-01-30T18:29:18+00:00","dateModified":"2020-10-29T19:52:58+00:00","mainEntityOfPage":{"@id":"https:\/\/balkangreenenergynews.com\/rs\/obukama-cemo-motivisati-opstine-javno-privatna-partnerstva\/"},"wordCount":1307,"commentCount":0,"image":{"@id":"https:\/\/balkangreenenergynews.com\/rs\/obukama-cemo-motivisati-opstine-javno-privatna-partnerstva\/#primaryimage"},"thumbnailUrl":"https:\/\/balkangreenenergynews.com\/rs\/wp-content\/uploads\/2018\/01\/zorana-final.jpg?wsr","keywords":["energetska efikasnost","JPP"],"articleSection":["Energetska efikasnost","Intervju"],"inLanguage":"sr-RS","potentialAction":[{"@type":"CommentAction","name":"Comment","target":["https:\/\/balkangreenenergynews.com\/rs\/obukama-cemo-motivisati-opstine-javno-privatna-partnerstva\/#respond"]}]},{"@type":"WebPage","@id":"https:\/\/balkangreenenergynews.com\/rs\/obukama-cemo-motivisati-opstine-javno-privatna-partnerstva\/","url":"https:\/\/balkangreenenergynews.com\/rs\/obukama-cemo-motivisati-opstine-javno-privatna-partnerstva\/","name":"Obukama \u0107emo motivisati op\u0161tine za javno-privatna partnerstva","isPartOf":{"@id":"https:\/\/balkangreenenergynews.com\/rs\/#website"},"primaryImageOfPage":{"@id":"https:\/\/balkangreenenergynews.com\/rs\/obukama-cemo-motivisati-opstine-javno-privatna-partnerstva\/#primaryimage"},"image":{"@id":"https:\/\/balkangreenenergynews.com\/rs\/obukama-cemo-motivisati-opstine-javno-privatna-partnerstva\/#primaryimage"},"thumbnailUrl":"https:\/\/balkangreenenergynews.com\/rs\/wp-content\/uploads\/2018\/01\/zorana-final.jpg?wsr","datePublished":"2018-01-30T18:29:18+00:00","dateModified":"2020-10-29T19:52:58+00:00","author":{"@id":"https:\/\/balkangreenenergynews.com\/rs\/#\/schema\/person\/ff4e9f9457769ba580672215875f5b38"},"description":"Kroz obuke lokalnih slu\u017ebi motivisa\u0107emo op\u0161tine da razmi\u0161ljaju o saradnji sa privatnim sektorom, ka\u017ee Zorana Mihajlovi\u0107, potpredsednik Vlade Srbije.","breadcrumb":{"@id":"https:\/\/balkangreenenergynews.com\/rs\/obukama-cemo-motivisati-opstine-javno-privatna-partnerstva\/#breadcrumb"},"inLanguage":"sr-RS","potentialAction":[{"@type":"ReadAction","target":["https:\/\/balkangreenenergynews.com\/rs\/obukama-cemo-motivisati-opstine-javno-privatna-partnerstva\/"]}]},{"@type":"ImageObject","inLanguage":"sr-RS","@id":"https:\/\/balkangreenenergynews.com\/rs\/obukama-cemo-motivisati-opstine-javno-privatna-partnerstva\/#primaryimage","url":"https:\/\/balkangreenenergynews.com\/rs\/wp-content\/uploads\/2018\/01\/zorana-final.jpg?wsr","contentUrl":"https:\/\/balkangreenenergynews.com\/rs\/wp-content\/uploads\/2018\/01\/zorana-final.jpg?wsr","width":795,"height":407,"caption":"Zorana Mihajlovic Obukama cemo motivisati opstine za javno-privatna partnerstva"},{"@type":"BreadcrumbList","@id":"https:\/\/balkangreenenergynews.com\/rs\/obukama-cemo-motivisati-opstine-javno-privatna-partnerstva\/#breadcrumb","itemListElement":[{"@type":"ListItem","position":1,"name":"Po\u010detna","item":"https:\/\/balkangreenenergynews.com\/rs\/"},{"@type":"ListItem","position":2,"name":"Intervju","item":"https:\/\/balkangreenenergynews.com\/rs\/kategorija\/intervju\/"},{"@type":"ListItem","position":3,"name":"Obukama \u0107emo motivisati op\u0161tine za javno-privatna partnerstva"}]},{"@type":"WebSite","@id":"https:\/\/balkangreenenergynews.com\/rs\/#website","url":"https:\/\/balkangreenenergynews.com\/rs\/","name":"Balkan Green Energy News","description":"Naj\u0161iri izbor vesti sa Balkana o zelenoj energiji","potentialAction":[{"@type":"SearchAction","target":{"@type":"EntryPoint","urlTemplate":"https:\/\/balkangreenenergynews.com\/rs\/?s={search_term_string}"},"query-input":{"@type":"PropertyValueSpecification","valueRequired":true,"valueName":"search_term_string"}}],"inLanguage":"sr-RS"},{"@type":"Person","@id":"https:\/\/balkangreenenergynews.com\/rs\/#\/schema\/person\/ff4e9f9457769ba580672215875f5b38","name":"Branislava Jovi\u010di\u0107","description":"\u017divimo u vremenu koje je pred na\u0161u generaciju postavilo veoma va\u017ean zadatak. Nije na nama sva krivica za stanje u kojem se nalazi planeta, ali odgovornot svakako jeste. Zato usmerimo svoja znanja, ve\u0161tine i pamet ka pronala\u017eenju odr\u017eivih, pametnih i zelenih re\u0161enja.","sameAs":["https:\/\/www.linkedin.com\/in\/branislava-jovicic-043080a\/","https:\/\/x.com\/https:\/\/twitter.com\/BranaJovicic"],"url":"https:\/\/balkangreenenergynews.com\/rs\/author\/bgen\/"}]}},"_links":{"self":[{"href":"https:\/\/balkangreenenergynews.com\/rs\/wp-json\/wp\/v2\/posts\/15862","targetHints":{"allow":["GET"]}}],"collection":[{"href":"https:\/\/balkangreenenergynews.com\/rs\/wp-json\/wp\/v2\/posts"}],"about":[{"href":"https:\/\/balkangreenenergynews.com\/rs\/wp-json\/wp\/v2\/types\/post"}],"author":[{"embeddable":true,"href":"https:\/\/balkangreenenergynews.com\/rs\/wp-json\/wp\/v2\/users\/2"}],"replies":[{"embeddable":true,"href":"https:\/\/balkangreenenergynews.com\/rs\/wp-json\/wp\/v2\/comments?post=15862"}],"version-history":[{"count":0,"href":"https:\/\/balkangreenenergynews.com\/rs\/wp-json\/wp\/v2\/posts\/15862\/revisions"}],"wp:featuredmedia":[{"embeddable":true,"href":"https:\/\/balkangreenenergynews.com\/rs\/wp-json\/wp\/v2\/media\/15942"}],"wp:attachment":[{"href":"https:\/\/balkangreenenergynews.com\/rs\/wp-json\/wp\/v2\/media?parent=15862"}],"wp:term":[{"taxonomy":"category","embeddable":true,"href":"https:\/\/balkangreenenergynews.com\/rs\/wp-json\/wp\/v2\/categories?post=15862"},{"taxonomy":"post_tag","embeddable":true,"href":"https:\/\/balkangreenenergynews.com\/rs\/wp-json\/wp\/v2\/tags?post=15862"}],"curies":[{"name":"wp","href":"https:\/\/api.w.org\/{rel}","templated":true}]}}