{"id":15824,"date":"2018-01-29T16:15:02","date_gmt":"2018-01-29T15:15:02","guid":{"rendered":"https:\/\/balkangreenenergynews.com\/rs\/?p=15824"},"modified":"2018-11-28T15:52:34","modified_gmt":"2018-11-28T14:52:34","slug":"berza-elektricne-energije-u-crnoj-gori-startuje-do-kraja-godine","status":"publish","type":"post","link":"https:\/\/balkangreenenergynews.com\/rs\/berza-elektricne-energije-u-crnoj-gori-startuje-do-kraja-godine\/","title":{"rendered":"UPDATE: Berza elektri\u010dne energije u Crnoj Gori startuje do kraja godine"},"content":{"rendered":"<h2>Trgovanje na Berzi elektri\u010dne energije u Crnoj Gori (MEPX) trebalo bi da po\u010dne do kraja ove godine, kada bude na\u0111en strate\u0161ki partner i implementiran operativni proces. Berza je osnovana pro\u0161le godine kao projektna kompanija.<\/h2>\n<p>Po\u010detak trgovanja na MEPX-u o\u010dekuje se nakon \u0161to bude prona\u0111en strate\u0161ki partner koji \u0107e u po\u010detku pomo\u0107i da se implementira operativni proces, nova tehni\u010dka re\u0161enja, IT tehnologije. U toku su konsultacije a uz pomo\u0107 Sekretarijata Energetske zajednice radi se i na potrebnoj dokumentaciji, naveo je tehni\u010dki direktor Dejan Dra\u0161kovi\u0107 u intervjuu za Dnevne novine.<\/p>\n<p>Elektroprivreda Crne Gore (EPCG), Crnogorski operator tr\u017ei\u0161ta elektri\u010dne energije (COTEE) i Crnogorski elektroprenosni sistem (CGES) <a href=\"https:\/\/balkangreenenergynews.com\/rs\/crna-gora-dobila-berzu-struje-jos-jedan-korak-ka-integraciji-trzista-u-regionu\/\">potpisali su u junu 2017<\/a>. ugovor o osnivanju berze elektri\u010dne energije i njen statut. Tada je Izvr\u0161ni direktor COTEE\u00a0Milan Radovi\u0107 rekao da u Crnoj Gori <a href=\"https:\/\/www.epcg.com\/media-centar\/saopstenja-za-javnost\/osnovana-berza-elektricne-energije-u-crnoj-gori\">ima vi\u0161e od 50 trgovaca elektri\u010dnom energijom<\/a>, i da se veruje da \u0107e se taj broj uve\u0107ati osnivanjem berze.<\/p>\n<p>Tr\u017ei\u0161te \u0107e biti anonimno, niko ne\u0107e znati s kim trguje pa tako ne\u0107e mo\u0107i ni da uti\u010de na cenu koja \u0107e, u svakom datom trenutku biti realna. Izve\u0161tavanje o trgovanim koli\u010dinama bi\u0107e svakodnevno, a na berzi \u0107e struju mo\u0107i da nabave i postoje\u0107i snabdeva\u010di i oni koji \u0107e se tek pojaviti u budu\u0107nosti, a kupova\u0107e od satnih koli\u010dina energije do godi\u0161njih profila.<\/p>\n<p>U\u010de\u0161\u0107e na berzi nije obavezno, mada je interesovanje ve\u0107 sada prisutno, a posebno je poraslo u is\u010dekivanju skorog\u00a0 pu\u0161tanja u rad podmorskog kabla izme\u0111u Crne Gore i Italije, rekao je Dra\u0161kovi\u0107.\u00a0Projekat podmorskog kabla je naglasio prisustvo Crne Gore na energetskoj sceni u regionu, \u010dine\u0107i je nezaobilaznom ta\u010dkom u procesu formiranja regionalnog tr\u017ei\u0161ta, koje ima za cilj spajanje sa evropskim, dodao je on.<\/p>\n<h3><span style=\"\">Regionalna saradnja<\/span><\/h3>\n<p>MEPX \u0107e pristupiti i tr\u017ei\u0161nom spajanju sa jednom od berzi u regionu. Po re\u010dima Dra\u0161kovi\u0107a, do sada je ostvarena dobra saradnja sa srpskom, hrvatskom i bugarskom berzom, kao i sa italijanskom kompanijom Gestore dei Servizi Energetici. Ostvaren je, ka\u017ee, kontakt i sa albanskom berzom koja bi tako\u0111e ove godine trebalo da po\u010dne sa radom.<\/p>\n<p>\u201cPrednost spajanja tr\u017ei\u0161ta je ta \u0161to naprosto stvarate prostor za znatno ve\u0107u ponudu i potra\u017enju, na prekograni\u010dnom nivou, \u0161to vam onda garantuje ve\u0107u likvidnost i realnu cenu\u201d, rekao je Dra\u0161kovi\u0107 u interevjuu.<\/p>\n<p>Na samitu Zapadnog Balkana u Be\u010du, odr\u017eanom u avgustu 2016, odlu\u010deno je da zemlje Zapadnog Balkana uspostave\u00a0<a href=\"https:\/\/balkangreenenergynews.com\/rs\/tri-nove-potpisnice-pridruzile-se-wb6-inicijativi-za-integraciju-trzista-energije\/\">regionalno energetsko tr\u017ei\u0161te\u00a0<\/a>kroz uspostavljanje nacionalnih energetskih berzi, a koje \u0107e se na kraju integrisati u jedinstveno evropsko tr\u017ei\u0161te.<\/p>\n<p>Berzu elektri\u010dne energije do sada su u \u0161irem regionu osnovale Srbija,\u00a0<a href=\"https:\/\/balkangreenenergynews.com\/rs\/cropex-se-pridruzio-inicijativi-za-integraciju-trzista-elektricne-energije-zapadnog-balkana\/\">Hrvatska<\/a>\u00a0i Slovenija, a njeno osnivanje je najavila i\u00a0<a href=\"https:\/\/balkangreenenergynews.com\/rs\/bih-bi-uskoro-mogla-da-dobije-berzu-struje\/\">Bosna i Hercegovina<\/a>.<\/p>\n","protected":false},"excerpt":{"rendered":"<p>Trgovanje na Berzi elektri\u010dne energije u Crnoj Gori (MEPX) trebalo bi da po\u010dne do kraja&#8230;<\/p>\n","protected":false},"author":2,"featured_media":15825,"comment_status":"open","ping_status":"closed","sticky":false,"template":"","format":"standard","meta":{"_acf_changed":false,"_monsterinsights_skip_tracking":false,"_monsterinsights_sitenote_active":false,"_monsterinsights_sitenote_note":"","_monsterinsights_sitenote_category":0,"footnotes":""},"categories":[504],"tags":[902,111,901,189,2411],"class_list":["post-15824","post","type-post","status-publish","format-standard","has-post-thumbnail","hentry","category-elektricna-energija","tag-berza-elektricne-energije","tag-cges","tag-cotee","tag-epcg","tag-sekretarijat-energetske-zajednice","country-crna-gora"],"acf":[],"yoast_head":"<!-- This site is optimized with the Yoast SEO plugin v27.4 - https:\/\/yoast.com\/product\/yoast-seo-wordpress\/ -->\n<title>Berza elektri\u010dne energije u Crnoj Gori startuje do kraja godine<\/title>\n<meta name=\"description\" content=\"Trgovanje na Berzi elektri\u010dne energije (MEPX) trebalo bi da po\u010dne do kraja ove godine, kada bude na\u0111en strate\u0161ki partner i implementiran operativni proces\" \/>\n<meta name=\"robots\" content=\"index, follow, max-snippet:-1, max-image-preview:large, max-video-preview:-1\" \/>\n<link rel=\"canonical\" href=\"https:\/\/balkangreenenergynews.com\/rs\/berza-elektricne-energije-u-crnoj-gori-startuje-do-kraja-godine\/\" \/>\n<meta property=\"og:locale\" content=\"sr_RS\" \/>\n<meta property=\"og:type\" content=\"article\" \/>\n<meta property=\"og:title\" content=\"Berza elektri\u010dne energije u Crnoj Gori startuje do kraja godine\" \/>\n<meta property=\"og:description\" content=\"Trgovanje na Berzi elektri\u010dne energije (MEPX) trebalo bi da po\u010dne do kraja ove godine, kada bude na\u0111en strate\u0161ki partner i implementiran operativni proces\" \/>\n<meta property=\"og:url\" content=\"https:\/\/balkangreenenergynews.com\/rs\/berza-elektricne-energije-u-crnoj-gori-startuje-do-kraja-godine\/\" \/>\n<meta property=\"og:site_name\" content=\"Balkan Green Energy News\" \/>\n<meta property=\"article:published_time\" content=\"2018-01-29T15:15:02+00:00\" \/>\n<meta property=\"article:modified_time\" content=\"2018-11-28T14:52:34+00:00\" \/>\n<meta property=\"og:image\" content=\"https:\/\/balkangreenenergynews.com\/rs\/wp-content\/uploads\/2018\/01\/electricity-montenegro.jpg\" \/>\n\t<meta property=\"og:image:width\" content=\"795\" \/>\n\t<meta property=\"og:image:height\" content=\"407\" \/>\n\t<meta property=\"og:image:type\" content=\"image\/jpeg\" \/>\n<meta name=\"author\" content=\"Branislava Jovi\u010di\u0107\" \/>\n<meta name=\"twitter:card\" content=\"summary_large_image\" \/>\n<meta name=\"twitter:creator\" content=\"@https:\/\/twitter.com\/BranaJovicic\" \/>\n<meta name=\"twitter:label1\" content=\"\u041d\u0430\u043f\u0438\u0441\u0430\u043d\u043e \u043e\u0434\" \/>\n\t<meta name=\"twitter:data1\" content=\"Branislava Jovi\u010di\u0107\" \/>\n\t<meta name=\"twitter:label2\" content=\"\u041f\u0440\u043e\u0446\u0435\u045a\u0435\u043d\u043e \u0432\u0440\u0435\u043c\u0435 \u0447\u0438\u0442\u0430\u045a\u0430\" \/>\n\t<meta name=\"twitter:data2\" content=\"2 \u043c\u0438\u043d\u0443\u0442\u0430\" \/>\n<script type=\"application\/ld+json\" class=\"yoast-schema-graph\">{\"@context\":\"https:\\\/\\\/schema.org\",\"@graph\":[{\"@type\":\"Article\",\"@id\":\"https:\\\/\\\/balkangreenenergynews.com\\\/rs\\\/berza-elektricne-energije-u-crnoj-gori-startuje-do-kraja-godine\\\/#article\",\"isPartOf\":{\"@id\":\"https:\\\/\\\/balkangreenenergynews.com\\\/rs\\\/berza-elektricne-energije-u-crnoj-gori-startuje-do-kraja-godine\\\/\"},\"author\":{\"name\":\"Branislava Jovi\u010di\u0107\",\"@id\":\"https:\\\/\\\/balkangreenenergynews.com\\\/rs\\\/#\\\/schema\\\/person\\\/ff4e9f9457769ba580672215875f5b38\"},\"headline\":\"UPDATE: Berza elektri\u010dne energije u Crnoj Gori startuje do kraja godine\",\"datePublished\":\"2018-01-29T15:15:02+00:00\",\"dateModified\":\"2018-11-28T14:52:34+00:00\",\"mainEntityOfPage\":{\"@id\":\"https:\\\/\\\/balkangreenenergynews.com\\\/rs\\\/berza-elektricne-energije-u-crnoj-gori-startuje-do-kraja-godine\\\/\"},\"wordCount\":501,\"commentCount\":0,\"image\":{\"@id\":\"https:\\\/\\\/balkangreenenergynews.com\\\/rs\\\/berza-elektricne-energije-u-crnoj-gori-startuje-do-kraja-godine\\\/#primaryimage\"},\"thumbnailUrl\":\"https:\\\/\\\/balkangreenenergynews.com\\\/rs\\\/wp-content\\\/uploads\\\/2018\\\/01\\\/electricity-montenegro.jpg?wsr\",\"keywords\":[\"berza elektri\u010dne energije\",\"CGES\",\"COTEE\",\"EPCG\",\"Sekretarijat Energetske zajednice\"],\"articleSection\":[\"Elektri\u010dna energija\"],\"inLanguage\":\"sr-RS\",\"potentialAction\":[{\"@type\":\"CommentAction\",\"name\":\"Comment\",\"target\":[\"https:\\\/\\\/balkangreenenergynews.com\\\/rs\\\/berza-elektricne-energije-u-crnoj-gori-startuje-do-kraja-godine\\\/#respond\"]}]},{\"@type\":\"WebPage\",\"@id\":\"https:\\\/\\\/balkangreenenergynews.com\\\/rs\\\/berza-elektricne-energije-u-crnoj-gori-startuje-do-kraja-godine\\\/\",\"url\":\"https:\\\/\\\/balkangreenenergynews.com\\\/rs\\\/berza-elektricne-energije-u-crnoj-gori-startuje-do-kraja-godine\\\/\",\"name\":\"Berza elektri\u010dne energije u Crnoj Gori startuje do kraja godine\",\"isPartOf\":{\"@id\":\"https:\\\/\\\/balkangreenenergynews.com\\\/rs\\\/#website\"},\"primaryImageOfPage\":{\"@id\":\"https:\\\/\\\/balkangreenenergynews.com\\\/rs\\\/berza-elektricne-energije-u-crnoj-gori-startuje-do-kraja-godine\\\/#primaryimage\"},\"image\":{\"@id\":\"https:\\\/\\\/balkangreenenergynews.com\\\/rs\\\/berza-elektricne-energije-u-crnoj-gori-startuje-do-kraja-godine\\\/#primaryimage\"},\"thumbnailUrl\":\"https:\\\/\\\/balkangreenenergynews.com\\\/rs\\\/wp-content\\\/uploads\\\/2018\\\/01\\\/electricity-montenegro.jpg?wsr\",\"datePublished\":\"2018-01-29T15:15:02+00:00\",\"dateModified\":\"2018-11-28T14:52:34+00:00\",\"author\":{\"@id\":\"https:\\\/\\\/balkangreenenergynews.com\\\/rs\\\/#\\\/schema\\\/person\\\/ff4e9f9457769ba580672215875f5b38\"},\"description\":\"Trgovanje na Berzi elektri\u010dne energije (MEPX) trebalo bi da po\u010dne do kraja ove godine, kada bude na\u0111en strate\u0161ki partner i implementiran operativni proces\",\"breadcrumb\":{\"@id\":\"https:\\\/\\\/balkangreenenergynews.com\\\/rs\\\/berza-elektricne-energije-u-crnoj-gori-startuje-do-kraja-godine\\\/#breadcrumb\"},\"inLanguage\":\"sr-RS\",\"potentialAction\":[{\"@type\":\"ReadAction\",\"target\":[\"https:\\\/\\\/balkangreenenergynews.com\\\/rs\\\/berza-elektricne-energije-u-crnoj-gori-startuje-do-kraja-godine\\\/\"]}]},{\"@type\":\"ImageObject\",\"inLanguage\":\"sr-RS\",\"@id\":\"https:\\\/\\\/balkangreenenergynews.com\\\/rs\\\/berza-elektricne-energije-u-crnoj-gori-startuje-do-kraja-godine\\\/#primaryimage\",\"url\":\"https:\\\/\\\/balkangreenenergynews.com\\\/rs\\\/wp-content\\\/uploads\\\/2018\\\/01\\\/electricity-montenegro.jpg?wsr\",\"contentUrl\":\"https:\\\/\\\/balkangreenenergynews.com\\\/rs\\\/wp-content\\\/uploads\\\/2018\\\/01\\\/electricity-montenegro.jpg?wsr\",\"width\":795,\"height\":407,\"caption\":\"Berza elektricne energije u Crnoj Gori startuje do kraja godine\"},{\"@type\":\"BreadcrumbList\",\"@id\":\"https:\\\/\\\/balkangreenenergynews.com\\\/rs\\\/berza-elektricne-energije-u-crnoj-gori-startuje-do-kraja-godine\\\/#breadcrumb\",\"itemListElement\":[{\"@type\":\"ListItem\",\"position\":1,\"name\":\"Po\u010detna\",\"item\":\"https:\\\/\\\/balkangreenenergynews.com\\\/rs\\\/\"},{\"@type\":\"ListItem\",\"position\":2,\"name\":\"Vesti\",\"item\":\"https:\\\/\\\/balkangreenenergynews.com\\\/rs\\\/kategorija\\\/vesti\\\/\"},{\"@type\":\"ListItem\",\"position\":3,\"name\":\"Elektri\u010dna energija\",\"item\":\"https:\\\/\\\/balkangreenenergynews.com\\\/rs\\\/kategorija\\\/vesti\\\/elektricna-energija\\\/\"},{\"@type\":\"ListItem\",\"position\":4,\"name\":\"UPDATE: Berza elektri\u010dne energije u Crnoj Gori startuje do kraja godine\"}]},{\"@type\":\"WebSite\",\"@id\":\"https:\\\/\\\/balkangreenenergynews.com\\\/rs\\\/#website\",\"url\":\"https:\\\/\\\/balkangreenenergynews.com\\\/rs\\\/\",\"name\":\"Balkan Green Energy News\",\"description\":\"Naj\u0161iri izbor vesti sa Balkana o zelenoj energiji\",\"potentialAction\":[{\"@type\":\"SearchAction\",\"target\":{\"@type\":\"EntryPoint\",\"urlTemplate\":\"https:\\\/\\\/balkangreenenergynews.com\\\/rs\\\/?s={search_term_string}\"},\"query-input\":{\"@type\":\"PropertyValueSpecification\",\"valueRequired\":true,\"valueName\":\"search_term_string\"}}],\"inLanguage\":\"sr-RS\"},{\"@type\":\"Person\",\"@id\":\"https:\\\/\\\/balkangreenenergynews.com\\\/rs\\\/#\\\/schema\\\/person\\\/ff4e9f9457769ba580672215875f5b38\",\"name\":\"Branislava Jovi\u010di\u0107\",\"description\":\"\u017divimo u vremenu koje je pred na\u0161u generaciju postavilo veoma va\u017ean zadatak. Nije na nama sva krivica za stanje u kojem se nalazi planeta, ali odgovornot svakako jeste. Zato usmerimo svoja znanja, ve\u0161tine i pamet ka pronala\u017eenju odr\u017eivih, pametnih i zelenih re\u0161enja.\",\"sameAs\":[\"https:\\\/\\\/www.linkedin.com\\\/in\\\/branislava-jovicic-043080a\\\/\",\"https:\\\/\\\/x.com\\\/https:\\\/\\\/twitter.com\\\/BranaJovicic\"],\"url\":\"https:\\\/\\\/balkangreenenergynews.com\\\/rs\\\/author\\\/bgen\\\/\"}]}<\/script>\n<!-- \/ Yoast SEO plugin. -->","yoast_head_json":{"title":"Berza elektri\u010dne energije u Crnoj Gori startuje do kraja godine","description":"Trgovanje na Berzi elektri\u010dne energije (MEPX) trebalo bi da po\u010dne do kraja ove godine, kada bude na\u0111en strate\u0161ki partner i implementiran operativni proces","robots":{"index":"index","follow":"follow","max-snippet":"max-snippet:-1","max-image-preview":"max-image-preview:large","max-video-preview":"max-video-preview:-1"},"canonical":"https:\/\/balkangreenenergynews.com\/rs\/berza-elektricne-energije-u-crnoj-gori-startuje-do-kraja-godine\/","og_locale":"sr_RS","og_type":"article","og_title":"Berza elektri\u010dne energije u Crnoj Gori startuje do kraja godine","og_description":"Trgovanje na Berzi elektri\u010dne energije (MEPX) trebalo bi da po\u010dne do kraja ove godine, kada bude na\u0111en strate\u0161ki partner i implementiran operativni proces","og_url":"https:\/\/balkangreenenergynews.com\/rs\/berza-elektricne-energije-u-crnoj-gori-startuje-do-kraja-godine\/","og_site_name":"Balkan Green Energy News","article_published_time":"2018-01-29T15:15:02+00:00","article_modified_time":"2018-11-28T14:52:34+00:00","og_image":[{"width":795,"height":407,"url":"https:\/\/balkangreenenergynews.com\/rs\/wp-content\/uploads\/2018\/01\/electricity-montenegro.jpg","type":"image\/jpeg"}],"author":"Branislava Jovi\u010di\u0107","twitter_card":"summary_large_image","twitter_creator":"@https:\/\/twitter.com\/BranaJovicic","twitter_misc":{"\u041d\u0430\u043f\u0438\u0441\u0430\u043d\u043e \u043e\u0434":"Branislava Jovi\u010di\u0107","\u041f\u0440\u043e\u0446\u0435\u045a\u0435\u043d\u043e \u0432\u0440\u0435\u043c\u0435 \u0447\u0438\u0442\u0430\u045a\u0430":"2 \u043c\u0438\u043d\u0443\u0442\u0430"},"schema":{"@context":"https:\/\/schema.org","@graph":[{"@type":"Article","@id":"https:\/\/balkangreenenergynews.com\/rs\/berza-elektricne-energije-u-crnoj-gori-startuje-do-kraja-godine\/#article","isPartOf":{"@id":"https:\/\/balkangreenenergynews.com\/rs\/berza-elektricne-energije-u-crnoj-gori-startuje-do-kraja-godine\/"},"author":{"name":"Branislava Jovi\u010di\u0107","@id":"https:\/\/balkangreenenergynews.com\/rs\/#\/schema\/person\/ff4e9f9457769ba580672215875f5b38"},"headline":"UPDATE: Berza elektri\u010dne energije u Crnoj Gori startuje do kraja godine","datePublished":"2018-01-29T15:15:02+00:00","dateModified":"2018-11-28T14:52:34+00:00","mainEntityOfPage":{"@id":"https:\/\/balkangreenenergynews.com\/rs\/berza-elektricne-energije-u-crnoj-gori-startuje-do-kraja-godine\/"},"wordCount":501,"commentCount":0,"image":{"@id":"https:\/\/balkangreenenergynews.com\/rs\/berza-elektricne-energije-u-crnoj-gori-startuje-do-kraja-godine\/#primaryimage"},"thumbnailUrl":"https:\/\/balkangreenenergynews.com\/rs\/wp-content\/uploads\/2018\/01\/electricity-montenegro.jpg?wsr","keywords":["berza elektri\u010dne energije","CGES","COTEE","EPCG","Sekretarijat Energetske zajednice"],"articleSection":["Elektri\u010dna energija"],"inLanguage":"sr-RS","potentialAction":[{"@type":"CommentAction","name":"Comment","target":["https:\/\/balkangreenenergynews.com\/rs\/berza-elektricne-energije-u-crnoj-gori-startuje-do-kraja-godine\/#respond"]}]},{"@type":"WebPage","@id":"https:\/\/balkangreenenergynews.com\/rs\/berza-elektricne-energije-u-crnoj-gori-startuje-do-kraja-godine\/","url":"https:\/\/balkangreenenergynews.com\/rs\/berza-elektricne-energije-u-crnoj-gori-startuje-do-kraja-godine\/","name":"Berza elektri\u010dne energije u Crnoj Gori startuje do kraja godine","isPartOf":{"@id":"https:\/\/balkangreenenergynews.com\/rs\/#website"},"primaryImageOfPage":{"@id":"https:\/\/balkangreenenergynews.com\/rs\/berza-elektricne-energije-u-crnoj-gori-startuje-do-kraja-godine\/#primaryimage"},"image":{"@id":"https:\/\/balkangreenenergynews.com\/rs\/berza-elektricne-energije-u-crnoj-gori-startuje-do-kraja-godine\/#primaryimage"},"thumbnailUrl":"https:\/\/balkangreenenergynews.com\/rs\/wp-content\/uploads\/2018\/01\/electricity-montenegro.jpg?wsr","datePublished":"2018-01-29T15:15:02+00:00","dateModified":"2018-11-28T14:52:34+00:00","author":{"@id":"https:\/\/balkangreenenergynews.com\/rs\/#\/schema\/person\/ff4e9f9457769ba580672215875f5b38"},"description":"Trgovanje na Berzi elektri\u010dne energije (MEPX) trebalo bi da po\u010dne do kraja ove godine, kada bude na\u0111en strate\u0161ki partner i implementiran operativni proces","breadcrumb":{"@id":"https:\/\/balkangreenenergynews.com\/rs\/berza-elektricne-energije-u-crnoj-gori-startuje-do-kraja-godine\/#breadcrumb"},"inLanguage":"sr-RS","potentialAction":[{"@type":"ReadAction","target":["https:\/\/balkangreenenergynews.com\/rs\/berza-elektricne-energije-u-crnoj-gori-startuje-do-kraja-godine\/"]}]},{"@type":"ImageObject","inLanguage":"sr-RS","@id":"https:\/\/balkangreenenergynews.com\/rs\/berza-elektricne-energije-u-crnoj-gori-startuje-do-kraja-godine\/#primaryimage","url":"https:\/\/balkangreenenergynews.com\/rs\/wp-content\/uploads\/2018\/01\/electricity-montenegro.jpg?wsr","contentUrl":"https:\/\/balkangreenenergynews.com\/rs\/wp-content\/uploads\/2018\/01\/electricity-montenegro.jpg?wsr","width":795,"height":407,"caption":"Berza elektricne energije u Crnoj Gori startuje do kraja godine"},{"@type":"BreadcrumbList","@id":"https:\/\/balkangreenenergynews.com\/rs\/berza-elektricne-energije-u-crnoj-gori-startuje-do-kraja-godine\/#breadcrumb","itemListElement":[{"@type":"ListItem","position":1,"name":"Po\u010detna","item":"https:\/\/balkangreenenergynews.com\/rs\/"},{"@type":"ListItem","position":2,"name":"Vesti","item":"https:\/\/balkangreenenergynews.com\/rs\/kategorija\/vesti\/"},{"@type":"ListItem","position":3,"name":"Elektri\u010dna energija","item":"https:\/\/balkangreenenergynews.com\/rs\/kategorija\/vesti\/elektricna-energija\/"},{"@type":"ListItem","position":4,"name":"UPDATE: Berza elektri\u010dne energije u Crnoj Gori startuje do kraja godine"}]},{"@type":"WebSite","@id":"https:\/\/balkangreenenergynews.com\/rs\/#website","url":"https:\/\/balkangreenenergynews.com\/rs\/","name":"Balkan Green Energy News","description":"Naj\u0161iri izbor vesti sa Balkana o zelenoj energiji","potentialAction":[{"@type":"SearchAction","target":{"@type":"EntryPoint","urlTemplate":"https:\/\/balkangreenenergynews.com\/rs\/?s={search_term_string}"},"query-input":{"@type":"PropertyValueSpecification","valueRequired":true,"valueName":"search_term_string"}}],"inLanguage":"sr-RS"},{"@type":"Person","@id":"https:\/\/balkangreenenergynews.com\/rs\/#\/schema\/person\/ff4e9f9457769ba580672215875f5b38","name":"Branislava Jovi\u010di\u0107","description":"\u017divimo u vremenu koje je pred na\u0161u generaciju postavilo veoma va\u017ean zadatak. Nije na nama sva krivica za stanje u kojem se nalazi planeta, ali odgovornot svakako jeste. Zato usmerimo svoja znanja, ve\u0161tine i pamet ka pronala\u017eenju odr\u017eivih, pametnih i zelenih re\u0161enja.","sameAs":["https:\/\/www.linkedin.com\/in\/branislava-jovicic-043080a\/","https:\/\/x.com\/https:\/\/twitter.com\/BranaJovicic"],"url":"https:\/\/balkangreenenergynews.com\/rs\/author\/bgen\/"}]}},"_links":{"self":[{"href":"https:\/\/balkangreenenergynews.com\/rs\/wp-json\/wp\/v2\/posts\/15824","targetHints":{"allow":["GET"]}}],"collection":[{"href":"https:\/\/balkangreenenergynews.com\/rs\/wp-json\/wp\/v2\/posts"}],"about":[{"href":"https:\/\/balkangreenenergynews.com\/rs\/wp-json\/wp\/v2\/types\/post"}],"author":[{"embeddable":true,"href":"https:\/\/balkangreenenergynews.com\/rs\/wp-json\/wp\/v2\/users\/2"}],"replies":[{"embeddable":true,"href":"https:\/\/balkangreenenergynews.com\/rs\/wp-json\/wp\/v2\/comments?post=15824"}],"version-history":[{"count":0,"href":"https:\/\/balkangreenenergynews.com\/rs\/wp-json\/wp\/v2\/posts\/15824\/revisions"}],"wp:featuredmedia":[{"embeddable":true,"href":"https:\/\/balkangreenenergynews.com\/rs\/wp-json\/wp\/v2\/media\/15825"}],"wp:attachment":[{"href":"https:\/\/balkangreenenergynews.com\/rs\/wp-json\/wp\/v2\/media?parent=15824"}],"wp:term":[{"taxonomy":"category","embeddable":true,"href":"https:\/\/balkangreenenergynews.com\/rs\/wp-json\/wp\/v2\/categories?post=15824"},{"taxonomy":"post_tag","embeddable":true,"href":"https:\/\/balkangreenenergynews.com\/rs\/wp-json\/wp\/v2\/tags?post=15824"}],"curies":[{"name":"wp","href":"https:\/\/api.w.org\/{rel}","templated":true}]}}