{"id":15816,"date":"2018-01-22T12:44:53","date_gmt":"2018-01-22T11:44:53","guid":{"rendered":"https:\/\/balkangreenenergynews.com\/rs\/?p=15816"},"modified":"2018-12-09T11:27:29","modified_gmt":"2018-12-09T10:27:29","slug":"francuska-zeli-jacu-saradnju-sa-srbijom-u-energetici-pre-svega-u-oie","status":"publish","type":"post","link":"https:\/\/balkangreenenergynews.com\/rs\/francuska-zeli-jacu-saradnju-sa-srbijom-u-energetici-pre-svega-u-oie\/","title":{"rendered":"Francuska \u017eeli ja\u010du saradnju sa Srbijom u energetici, pre svega u oblasti OIE"},"content":{"rendered":"<h2>Srbija i Francuska \u017eele da prodube saradnju u realizaciji projekata u oblasti energetike, pre svega obnovljivih izvora energije koji su usmereni ka u\u0161tedama i energetskoj efikasnosti i unapre\u0111enju distributivnih mre\u017ea u Srbiji, saop\u0161tilo je Ministarstvo rudarstva i energetike Srbije.<\/h2>\n<p>Ministar energetike Aleksandar Anti\u0107 i ambasador Francuske u Srbiji Frederik Mondoloni potpisali su izjavu o namerama o saradnji dve zemlje u oblasti energetike.<\/p>\n<p>Saradnja Srbije i Francuske u ovoj oblasti je ve\u0107 na visokom nivou, a izjava o namerama je ideja da se da dodatni podsticaj energetskim kompanijama da sara\u0111uju i pripreme nekoliko projekata uo\u010di o\u010dekivanog susreta predsednika Srbije i Francuske tokom 2018. godine, navodi se u saop\u0161tenju Ministarstva.<\/p>\n<p>Ambasador je precizirao da izjava o namerama daje okvir i impuls za unapre\u0111enje saradnje u oblasti energetske efikasnosti, a da je energetska efikasnost\u00a0vrlo va\u017ena oblast u okviru za\u0161tite \u017eivotne sredine, \u010demu Francuska pridaje veliki zna\u010daj.<\/p>\n<p>\u201cSektor energetike je sektor budu\u0107nosti\u201d, poru\u010dio je Mondoloni i dodao da Francuska ima dobru saradnju sa Ministarstvom rudarstva i energetike Srbije. I on i Anti\u0107 podsetili su da su francuske kompanije ve\u0107 dugo prisutne u srpskoj energetici. Schneider Electric, na primer, koji je ve\u0107 15 godina na tr\u017ei\u0161tu Srbije sa\u00a0razvojnim centrom u Novom Sadu, gde se u kooperaciji proizvode softveri za pametne mre\u017ee, koji se ve\u0107 nekoliko godina progla\u0161avaju za najbolje u svetu.<\/p>\n<p>Ve\u0107 u februaru se o\u010dekuje dolazak velike delegacije francuske energetske kompanije Electricite de France (EDF) S.A. u Beograd, koja je ve\u0107 u Srbiji u vi\u0161e navrata radila kao konsultant na razli\u010ditim projektima Elektroprivrede Srbije (EPS), navodi se u saop\u0161tenju Ministarstva, nakon izjave potpisane krajem pro\u0161le nedelje.<\/p>\n<p>Po re\u010dima ambasadora Mondolonija, Srbija je najva\u017eniji partner Francuske na Zapadnom Balkanu. \u201dMi imamo mnoge projekte u Srbiji i zaista \u017eelimo da pomognemo Srbji na njenom putu ka EU&#8220;, dodao je ambassador.<\/p>\n<p>Upravo sa Srbijom, realizuje se 80 odsto ekonomske razmene Francuske sa regionom Zapadnog Balkana. Francuska sada \u017eeli, dodao je, da dodatno razvije saradnju sa Srbijom u oblasti energetike.<\/p>\n","protected":false},"excerpt":{"rendered":"<p>Srbija i Francuska \u017eele da prodube saradnju u realizaciji projekata u oblasti energetike, pre svega&#8230;<\/p>\n","protected":false},"author":25,"featured_media":15817,"comment_status":"open","ping_status":"closed","sticky":false,"template":"","format":"standard","meta":{"_acf_changed":false,"_monsterinsights_skip_tracking":false,"_monsterinsights_sitenote_active":false,"_monsterinsights_sitenote_note":"","_monsterinsights_sitenote_category":0,"footnotes":""},"categories":[3,1],"tags":[72,2483,1165,767],"class_list":["post-15816","post","type-post","status-publish","format-standard","has-post-thumbnail","hentry","category-energetska-efikasnost","category-obnovljivi-izvori-energije","tag-aleksandar-antic","tag-edf","tag-schneider-electric","tag-zapadni-balkan","country-srbija"],"acf":[],"yoast_head":"<!-- This site is optimized with the Yoast SEO plugin v27.4 - https:\/\/yoast.com\/product\/yoast-seo-wordpress\/ -->\n<title>Francuska \u017eeli ja\u010du saradnju sa Srbijom u energetici, pre svega u OIE<\/title>\n<meta name=\"description\" content=\"Srbija i Francuska \u017eele da prodube saradnju u realizaciji projekata u oblasti energetike, pre svega obnovljivih izvora energije\" \/>\n<meta name=\"robots\" content=\"index, follow, max-snippet:-1, max-image-preview:large, max-video-preview:-1\" \/>\n<link rel=\"canonical\" href=\"https:\/\/balkangreenenergynews.com\/rs\/francuska-zeli-jacu-saradnju-sa-srbijom-u-energetici-pre-svega-u-oie\/\" \/>\n<meta property=\"og:locale\" content=\"sr_RS\" \/>\n<meta property=\"og:type\" content=\"article\" \/>\n<meta property=\"og:title\" content=\"Francuska \u017eeli ja\u010du saradnju sa Srbijom u energetici, pre svega u OIE\" \/>\n<meta property=\"og:description\" content=\"Srbija i Francuska \u017eele da prodube saradnju u realizaciji projekata u oblasti energetike, pre svega obnovljivih izvora energije\" \/>\n<meta property=\"og:url\" content=\"https:\/\/balkangreenenergynews.com\/rs\/francuska-zeli-jacu-saradnju-sa-srbijom-u-energetici-pre-svega-u-oie\/\" \/>\n<meta property=\"og:site_name\" content=\"Balkan Green Energy News\" \/>\n<meta property=\"article:published_time\" content=\"2018-01-22T11:44:53+00:00\" \/>\n<meta property=\"article:modified_time\" content=\"2018-12-09T10:27:29+00:00\" \/>\n<meta property=\"og:image\" content=\"https:\/\/balkangreenenergynews.com\/rs\/wp-content\/uploads\/2018\/01\/Antic-monodlini.jpg\" \/>\n\t<meta property=\"og:image:width\" content=\"795\" \/>\n\t<meta property=\"og:image:height\" content=\"407\" \/>\n\t<meta property=\"og:image:type\" content=\"image\/jpeg\" \/>\n<meta name=\"author\" content=\"Balkan Green Energy News\" \/>\n<meta name=\"twitter:card\" content=\"summary_large_image\" \/>\n<meta name=\"twitter:label1\" content=\"\u041d\u0430\u043f\u0438\u0441\u0430\u043d\u043e \u043e\u0434\" \/>\n\t<meta name=\"twitter:data1\" content=\"Balkan Green Energy News\" \/>\n\t<meta name=\"twitter:label2\" content=\"\u041f\u0440\u043e\u0446\u0435\u045a\u0435\u043d\u043e \u0432\u0440\u0435\u043c\u0435 \u0447\u0438\u0442\u0430\u045a\u0430\" \/>\n\t<meta name=\"twitter:data2\" content=\"2 \u043c\u0438\u043d\u0443\u0442\u0430\" \/>\n<script type=\"application\/ld+json\" class=\"yoast-schema-graph\">{\"@context\":\"https:\\\/\\\/schema.org\",\"@graph\":[{\"@type\":\"Article\",\"@id\":\"https:\\\/\\\/balkangreenenergynews.com\\\/rs\\\/francuska-zeli-jacu-saradnju-sa-srbijom-u-energetici-pre-svega-u-oie\\\/#article\",\"isPartOf\":{\"@id\":\"https:\\\/\\\/balkangreenenergynews.com\\\/rs\\\/francuska-zeli-jacu-saradnju-sa-srbijom-u-energetici-pre-svega-u-oie\\\/\"},\"author\":{\"name\":\"Balkan Green Energy News\",\"@id\":\"https:\\\/\\\/balkangreenenergynews.com\\\/rs\\\/#\\\/schema\\\/person\\\/dee275e6036b1a0f7ceaf956d79d4eff\"},\"headline\":\"Francuska \u017eeli ja\u010du saradnju sa Srbijom u energetici, pre svega u oblasti OIE\",\"datePublished\":\"2018-01-22T11:44:53+00:00\",\"dateModified\":\"2018-12-09T10:27:29+00:00\",\"mainEntityOfPage\":{\"@id\":\"https:\\\/\\\/balkangreenenergynews.com\\\/rs\\\/francuska-zeli-jacu-saradnju-sa-srbijom-u-energetici-pre-svega-u-oie\\\/\"},\"wordCount\":361,\"commentCount\":0,\"image\":{\"@id\":\"https:\\\/\\\/balkangreenenergynews.com\\\/rs\\\/francuska-zeli-jacu-saradnju-sa-srbijom-u-energetici-pre-svega-u-oie\\\/#primaryimage\"},\"thumbnailUrl\":\"https:\\\/\\\/balkangreenenergynews.com\\\/rs\\\/wp-content\\\/uploads\\\/2018\\\/01\\\/Antic-monodlini.jpg?wsr\",\"keywords\":[\"Aleksandar Anti\u0107\",\"EDF\",\"Schneider Electric\",\"Zapadni Balkan\"],\"articleSection\":[\"Energetska efikasnost\",\"OIE\"],\"inLanguage\":\"sr-RS\",\"potentialAction\":[{\"@type\":\"CommentAction\",\"name\":\"Comment\",\"target\":[\"https:\\\/\\\/balkangreenenergynews.com\\\/rs\\\/francuska-zeli-jacu-saradnju-sa-srbijom-u-energetici-pre-svega-u-oie\\\/#respond\"]}]},{\"@type\":\"WebPage\",\"@id\":\"https:\\\/\\\/balkangreenenergynews.com\\\/rs\\\/francuska-zeli-jacu-saradnju-sa-srbijom-u-energetici-pre-svega-u-oie\\\/\",\"url\":\"https:\\\/\\\/balkangreenenergynews.com\\\/rs\\\/francuska-zeli-jacu-saradnju-sa-srbijom-u-energetici-pre-svega-u-oie\\\/\",\"name\":\"Francuska \u017eeli ja\u010du saradnju sa Srbijom u energetici, pre svega u OIE\",\"isPartOf\":{\"@id\":\"https:\\\/\\\/balkangreenenergynews.com\\\/rs\\\/#website\"},\"primaryImageOfPage\":{\"@id\":\"https:\\\/\\\/balkangreenenergynews.com\\\/rs\\\/francuska-zeli-jacu-saradnju-sa-srbijom-u-energetici-pre-svega-u-oie\\\/#primaryimage\"},\"image\":{\"@id\":\"https:\\\/\\\/balkangreenenergynews.com\\\/rs\\\/francuska-zeli-jacu-saradnju-sa-srbijom-u-energetici-pre-svega-u-oie\\\/#primaryimage\"},\"thumbnailUrl\":\"https:\\\/\\\/balkangreenenergynews.com\\\/rs\\\/wp-content\\\/uploads\\\/2018\\\/01\\\/Antic-monodlini.jpg?wsr\",\"datePublished\":\"2018-01-22T11:44:53+00:00\",\"dateModified\":\"2018-12-09T10:27:29+00:00\",\"author\":{\"@id\":\"https:\\\/\\\/balkangreenenergynews.com\\\/rs\\\/#\\\/schema\\\/person\\\/dee275e6036b1a0f7ceaf956d79d4eff\"},\"description\":\"Srbija i Francuska \u017eele da prodube saradnju u realizaciji projekata u oblasti energetike, pre svega obnovljivih izvora energije\",\"breadcrumb\":{\"@id\":\"https:\\\/\\\/balkangreenenergynews.com\\\/rs\\\/francuska-zeli-jacu-saradnju-sa-srbijom-u-energetici-pre-svega-u-oie\\\/#breadcrumb\"},\"inLanguage\":\"sr-RS\",\"potentialAction\":[{\"@type\":\"ReadAction\",\"target\":[\"https:\\\/\\\/balkangreenenergynews.com\\\/rs\\\/francuska-zeli-jacu-saradnju-sa-srbijom-u-energetici-pre-svega-u-oie\\\/\"]}]},{\"@type\":\"ImageObject\",\"inLanguage\":\"sr-RS\",\"@id\":\"https:\\\/\\\/balkangreenenergynews.com\\\/rs\\\/francuska-zeli-jacu-saradnju-sa-srbijom-u-energetici-pre-svega-u-oie\\\/#primaryimage\",\"url\":\"https:\\\/\\\/balkangreenenergynews.com\\\/rs\\\/wp-content\\\/uploads\\\/2018\\\/01\\\/Antic-monodlini.jpg?wsr\",\"contentUrl\":\"https:\\\/\\\/balkangreenenergynews.com\\\/rs\\\/wp-content\\\/uploads\\\/2018\\\/01\\\/Antic-monodlini.jpg?wsr\",\"width\":795,\"height\":407,\"caption\":\"Francuska zeli jacu saradnju sa Srbijom u energetici, pre svega u oblasti OIE\"},{\"@type\":\"BreadcrumbList\",\"@id\":\"https:\\\/\\\/balkangreenenergynews.com\\\/rs\\\/francuska-zeli-jacu-saradnju-sa-srbijom-u-energetici-pre-svega-u-oie\\\/#breadcrumb\",\"itemListElement\":[{\"@type\":\"ListItem\",\"position\":1,\"name\":\"Po\u010detna\",\"item\":\"https:\\\/\\\/balkangreenenergynews.com\\\/rs\\\/\"},{\"@type\":\"ListItem\",\"position\":2,\"name\":\"Vesti\",\"item\":\"https:\\\/\\\/balkangreenenergynews.com\\\/rs\\\/kategorija\\\/vesti\\\/\"},{\"@type\":\"ListItem\",\"position\":3,\"name\":\"Energetska efikasnost\",\"item\":\"https:\\\/\\\/balkangreenenergynews.com\\\/rs\\\/kategorija\\\/vesti\\\/energetska-efikasnost\\\/\"},{\"@type\":\"ListItem\",\"position\":4,\"name\":\"Francuska \u017eeli ja\u010du saradnju sa Srbijom u energetici, pre svega u oblasti OIE\"}]},{\"@type\":\"WebSite\",\"@id\":\"https:\\\/\\\/balkangreenenergynews.com\\\/rs\\\/#website\",\"url\":\"https:\\\/\\\/balkangreenenergynews.com\\\/rs\\\/\",\"name\":\"Balkan Green Energy News\",\"description\":\"Naj\u0161iri izbor vesti sa Balkana o zelenoj energiji\",\"potentialAction\":[{\"@type\":\"SearchAction\",\"target\":{\"@type\":\"EntryPoint\",\"urlTemplate\":\"https:\\\/\\\/balkangreenenergynews.com\\\/rs\\\/?s={search_term_string}\"},\"query-input\":{\"@type\":\"PropertyValueSpecification\",\"valueRequired\":true,\"valueName\":\"search_term_string\"}}],\"inLanguage\":\"sr-RS\"},{\"@type\":\"Person\",\"@id\":\"https:\\\/\\\/balkangreenenergynews.com\\\/rs\\\/#\\\/schema\\\/person\\\/dee275e6036b1a0f7ceaf956d79d4eff\",\"name\":\"Balkan Green Energy News\",\"url\":\"https:\\\/\\\/balkangreenenergynews.com\\\/rs\\\/author\\\/balkangreenenergynews\\\/\"}]}<\/script>\n<!-- \/ Yoast SEO plugin. -->","yoast_head_json":{"title":"Francuska \u017eeli ja\u010du saradnju sa Srbijom u energetici, pre svega u OIE","description":"Srbija i Francuska \u017eele da prodube saradnju u realizaciji projekata u oblasti energetike, pre svega obnovljivih izvora energije","robots":{"index":"index","follow":"follow","max-snippet":"max-snippet:-1","max-image-preview":"max-image-preview:large","max-video-preview":"max-video-preview:-1"},"canonical":"https:\/\/balkangreenenergynews.com\/rs\/francuska-zeli-jacu-saradnju-sa-srbijom-u-energetici-pre-svega-u-oie\/","og_locale":"sr_RS","og_type":"article","og_title":"Francuska \u017eeli ja\u010du saradnju sa Srbijom u energetici, pre svega u OIE","og_description":"Srbija i Francuska \u017eele da prodube saradnju u realizaciji projekata u oblasti energetike, pre svega obnovljivih izvora energije","og_url":"https:\/\/balkangreenenergynews.com\/rs\/francuska-zeli-jacu-saradnju-sa-srbijom-u-energetici-pre-svega-u-oie\/","og_site_name":"Balkan Green Energy News","article_published_time":"2018-01-22T11:44:53+00:00","article_modified_time":"2018-12-09T10:27:29+00:00","og_image":[{"width":795,"height":407,"url":"https:\/\/balkangreenenergynews.com\/rs\/wp-content\/uploads\/2018\/01\/Antic-monodlini.jpg","type":"image\/jpeg"}],"author":"Balkan Green Energy News","twitter_card":"summary_large_image","twitter_misc":{"\u041d\u0430\u043f\u0438\u0441\u0430\u043d\u043e \u043e\u0434":"Balkan Green Energy News","\u041f\u0440\u043e\u0446\u0435\u045a\u0435\u043d\u043e \u0432\u0440\u0435\u043c\u0435 \u0447\u0438\u0442\u0430\u045a\u0430":"2 \u043c\u0438\u043d\u0443\u0442\u0430"},"schema":{"@context":"https:\/\/schema.org","@graph":[{"@type":"Article","@id":"https:\/\/balkangreenenergynews.com\/rs\/francuska-zeli-jacu-saradnju-sa-srbijom-u-energetici-pre-svega-u-oie\/#article","isPartOf":{"@id":"https:\/\/balkangreenenergynews.com\/rs\/francuska-zeli-jacu-saradnju-sa-srbijom-u-energetici-pre-svega-u-oie\/"},"author":{"name":"Balkan Green Energy News","@id":"https:\/\/balkangreenenergynews.com\/rs\/#\/schema\/person\/dee275e6036b1a0f7ceaf956d79d4eff"},"headline":"Francuska \u017eeli ja\u010du saradnju sa Srbijom u energetici, pre svega u oblasti OIE","datePublished":"2018-01-22T11:44:53+00:00","dateModified":"2018-12-09T10:27:29+00:00","mainEntityOfPage":{"@id":"https:\/\/balkangreenenergynews.com\/rs\/francuska-zeli-jacu-saradnju-sa-srbijom-u-energetici-pre-svega-u-oie\/"},"wordCount":361,"commentCount":0,"image":{"@id":"https:\/\/balkangreenenergynews.com\/rs\/francuska-zeli-jacu-saradnju-sa-srbijom-u-energetici-pre-svega-u-oie\/#primaryimage"},"thumbnailUrl":"https:\/\/balkangreenenergynews.com\/rs\/wp-content\/uploads\/2018\/01\/Antic-monodlini.jpg?wsr","keywords":["Aleksandar Anti\u0107","EDF","Schneider Electric","Zapadni Balkan"],"articleSection":["Energetska efikasnost","OIE"],"inLanguage":"sr-RS","potentialAction":[{"@type":"CommentAction","name":"Comment","target":["https:\/\/balkangreenenergynews.com\/rs\/francuska-zeli-jacu-saradnju-sa-srbijom-u-energetici-pre-svega-u-oie\/#respond"]}]},{"@type":"WebPage","@id":"https:\/\/balkangreenenergynews.com\/rs\/francuska-zeli-jacu-saradnju-sa-srbijom-u-energetici-pre-svega-u-oie\/","url":"https:\/\/balkangreenenergynews.com\/rs\/francuska-zeli-jacu-saradnju-sa-srbijom-u-energetici-pre-svega-u-oie\/","name":"Francuska \u017eeli ja\u010du saradnju sa Srbijom u energetici, pre svega u OIE","isPartOf":{"@id":"https:\/\/balkangreenenergynews.com\/rs\/#website"},"primaryImageOfPage":{"@id":"https:\/\/balkangreenenergynews.com\/rs\/francuska-zeli-jacu-saradnju-sa-srbijom-u-energetici-pre-svega-u-oie\/#primaryimage"},"image":{"@id":"https:\/\/balkangreenenergynews.com\/rs\/francuska-zeli-jacu-saradnju-sa-srbijom-u-energetici-pre-svega-u-oie\/#primaryimage"},"thumbnailUrl":"https:\/\/balkangreenenergynews.com\/rs\/wp-content\/uploads\/2018\/01\/Antic-monodlini.jpg?wsr","datePublished":"2018-01-22T11:44:53+00:00","dateModified":"2018-12-09T10:27:29+00:00","author":{"@id":"https:\/\/balkangreenenergynews.com\/rs\/#\/schema\/person\/dee275e6036b1a0f7ceaf956d79d4eff"},"description":"Srbija i Francuska \u017eele da prodube saradnju u realizaciji projekata u oblasti energetike, pre svega obnovljivih izvora energije","breadcrumb":{"@id":"https:\/\/balkangreenenergynews.com\/rs\/francuska-zeli-jacu-saradnju-sa-srbijom-u-energetici-pre-svega-u-oie\/#breadcrumb"},"inLanguage":"sr-RS","potentialAction":[{"@type":"ReadAction","target":["https:\/\/balkangreenenergynews.com\/rs\/francuska-zeli-jacu-saradnju-sa-srbijom-u-energetici-pre-svega-u-oie\/"]}]},{"@type":"ImageObject","inLanguage":"sr-RS","@id":"https:\/\/balkangreenenergynews.com\/rs\/francuska-zeli-jacu-saradnju-sa-srbijom-u-energetici-pre-svega-u-oie\/#primaryimage","url":"https:\/\/balkangreenenergynews.com\/rs\/wp-content\/uploads\/2018\/01\/Antic-monodlini.jpg?wsr","contentUrl":"https:\/\/balkangreenenergynews.com\/rs\/wp-content\/uploads\/2018\/01\/Antic-monodlini.jpg?wsr","width":795,"height":407,"caption":"Francuska zeli jacu saradnju sa Srbijom u energetici, pre svega u oblasti OIE"},{"@type":"BreadcrumbList","@id":"https:\/\/balkangreenenergynews.com\/rs\/francuska-zeli-jacu-saradnju-sa-srbijom-u-energetici-pre-svega-u-oie\/#breadcrumb","itemListElement":[{"@type":"ListItem","position":1,"name":"Po\u010detna","item":"https:\/\/balkangreenenergynews.com\/rs\/"},{"@type":"ListItem","position":2,"name":"Vesti","item":"https:\/\/balkangreenenergynews.com\/rs\/kategorija\/vesti\/"},{"@type":"ListItem","position":3,"name":"Energetska efikasnost","item":"https:\/\/balkangreenenergynews.com\/rs\/kategorija\/vesti\/energetska-efikasnost\/"},{"@type":"ListItem","position":4,"name":"Francuska \u017eeli ja\u010du saradnju sa Srbijom u energetici, pre svega u oblasti OIE"}]},{"@type":"WebSite","@id":"https:\/\/balkangreenenergynews.com\/rs\/#website","url":"https:\/\/balkangreenenergynews.com\/rs\/","name":"Balkan Green Energy News","description":"Naj\u0161iri izbor vesti sa Balkana o zelenoj energiji","potentialAction":[{"@type":"SearchAction","target":{"@type":"EntryPoint","urlTemplate":"https:\/\/balkangreenenergynews.com\/rs\/?s={search_term_string}"},"query-input":{"@type":"PropertyValueSpecification","valueRequired":true,"valueName":"search_term_string"}}],"inLanguage":"sr-RS"},{"@type":"Person","@id":"https:\/\/balkangreenenergynews.com\/rs\/#\/schema\/person\/dee275e6036b1a0f7ceaf956d79d4eff","name":"Balkan Green Energy News","url":"https:\/\/balkangreenenergynews.com\/rs\/author\/balkangreenenergynews\/"}]}},"_links":{"self":[{"href":"https:\/\/balkangreenenergynews.com\/rs\/wp-json\/wp\/v2\/posts\/15816","targetHints":{"allow":["GET"]}}],"collection":[{"href":"https:\/\/balkangreenenergynews.com\/rs\/wp-json\/wp\/v2\/posts"}],"about":[{"href":"https:\/\/balkangreenenergynews.com\/rs\/wp-json\/wp\/v2\/types\/post"}],"author":[{"embeddable":true,"href":"https:\/\/balkangreenenergynews.com\/rs\/wp-json\/wp\/v2\/users\/25"}],"replies":[{"embeddable":true,"href":"https:\/\/balkangreenenergynews.com\/rs\/wp-json\/wp\/v2\/comments?post=15816"}],"version-history":[{"count":0,"href":"https:\/\/balkangreenenergynews.com\/rs\/wp-json\/wp\/v2\/posts\/15816\/revisions"}],"wp:featuredmedia":[{"embeddable":true,"href":"https:\/\/balkangreenenergynews.com\/rs\/wp-json\/wp\/v2\/media\/15817"}],"wp:attachment":[{"href":"https:\/\/balkangreenenergynews.com\/rs\/wp-json\/wp\/v2\/media?parent=15816"}],"wp:term":[{"taxonomy":"category","embeddable":true,"href":"https:\/\/balkangreenenergynews.com\/rs\/wp-json\/wp\/v2\/categories?post=15816"},{"taxonomy":"post_tag","embeddable":true,"href":"https:\/\/balkangreenenergynews.com\/rs\/wp-json\/wp\/v2\/tags?post=15816"}],"curies":[{"name":"wp","href":"https:\/\/api.w.org\/{rel}","templated":true}]}}