{"id":15771,"date":"2018-01-17T12:21:05","date_gmt":"2018-01-17T11:21:05","guid":{"rendered":"https:\/\/balkangreenenergynews.com\/rs\/?p=15771"},"modified":"2018-12-19T12:41:53","modified_gmt":"2018-12-19T11:41:53","slug":"crna-gora-postepeno-izbacuje-iz-upotrebe-klasicne-sijalice-od-1-jul","status":"publish","type":"post","link":"https:\/\/balkangreenenergynews.com\/rs\/crna-gora-postepeno-izbacuje-iz-upotrebe-klasicne-sijalice-od-1-jul\/","title":{"rendered":"Crna Gora postepeno izbacuje iz upotrebe klasi\u010dne sijalice od 1.jula"},"content":{"rendered":"<h2>Od 1. jula ove godine u Crnoj Gori vi\u0161e ne\u0107e mo\u0107i da se kupe klasi\u010dne sijalice od 100 W ili ve\u0107e snage. To je samo prvi korak u postepenom potiskivanju klasi\u010dnih sijalica iz upotrebe, shodno Pravilniku o zahtevima za eko dizajn neusmerenih sijalica za doma\u0107instva.<\/h2>\n<p>Ministarstvo ekonomije, koje je donelo ovaj pravilnik, saop\u0161tilo je da on predstavlja samo jedan od 16 propisa kojim se ure\u0111uje uvo\u0111enje zahteva za eko dizajn nekih grupa proizvoda koji uti\u010du na potro\u0161nju energije. Poenta je da se ide na postepenu eliminaciju odre\u0111enih tehnologija sa tr\u017ei\u0161ta, u skladu sa praksom u EU.<\/p>\n<p>Nakon 1.jula ove godine, bi\u0107e zabranjeno stavljanje na tr\u017ei\u0161te sijalice sa \u017earnom niti od 100 W i vi\u0161e. Od 1. januara naredne godine, zabrana \u0107e se odnositi na sijalice od 75W i vi\u0161e, a od 1. jula 2019. na sijalice od 60 W i vi\u0161e.<\/p>\n<p>Od 1. januara 2020.godine, na tr\u017ei\u0161tu Crne Gore ne\u0107e uop\u0161te biti dozvoljene klasi\u010dne sijalice sa \u017earnom niti, osim ako ne bude sijalica nove tehnologije, \u010dija je osnovna karakteristika energetska efikasnost.<\/p>\n<p>Ministarstvo ekonomije je, kako se navodi u saop\u0161tenju, uz podr\u0161ku Nema\u010dkog dru\u0161tva za me\u0111unarodnu saradnju (GIZ) i Evropske banke za rekonstrukciju i razvoj (EBRD), u prethodnom periodu donelo 25 propisa kojim ure\u0111uju uvo\u0111enje zahteva za eko dizajn i ozna\u010davanje energetske efikasnosti.<\/p>\n<p>Ministarstvo \u0107e u saradnji sa Upravom za inspekcijske poslove raditi na uspostavljanju sistema kontrole primene propisanih zahteva na tr\u017ei\u0161tu. Za\u00a0 te potrebe, Ministarstvo je obezbedilo tehni\u010dku podr\u0161ku Evropske banke za rekonstrukciju i razvoj (EBRD) u okviru Regionalnog programa za energetsku efikasnost (REEP plus), navodi se u saop\u0161tenju Ministarstva.<\/p>\n<p>Evropska unija je od 2009. godine po\u010dela primenu postepenog izbacivanja klasi\u010dnih sijalica sa tr\u017ei\u0161ta, zbog u\u0161tede elektri\u010dne energije, da bi od 1. septembra 2012.godine bile zabranjene I sijalice od 60W i 40W.<\/p>\n<p>Prema tada\u0161njim predvi\u0111anjima, samo zahvaljuju\u0107i izbacivanju klasi\u010dnih sijalica iz upotrebe u okviru EU u\u0161tedelo bi se 39 TW po satu elektri\u010dne energije do 2020.godine.<\/p>\n","protected":false},"excerpt":{"rendered":"<p>Od 1. jula ove godine u Crnoj Gori vi\u0161e ne\u0107e mo\u0107i da se kupe klasi\u010dne&#8230;<\/p>\n","protected":false},"author":23,"featured_media":15772,"comment_status":"open","ping_status":"closed","sticky":false,"template":"","format":"standard","meta":{"_acf_changed":false,"_monsterinsights_skip_tracking":false,"_monsterinsights_sitenote_active":false,"_monsterinsights_sitenote_note":"","_monsterinsights_sitenote_category":0,"footnotes":""},"categories":[3],"tags":[146,195,225],"class_list":["post-15771","post","type-post","status-publish","format-standard","has-post-thumbnail","hentry","category-energetska-efikasnost","tag-ebrd","tag-eu","tag-giz","country-crna-gora"],"acf":[],"yoast_head":"<!-- This site is optimized with the Yoast SEO plugin v27.4 - https:\/\/yoast.com\/product\/yoast-seo-wordpress\/ -->\n<title>Crna Gora postepeno izbacuje iz upotrebe klasi\u010dne sijalice od 1.jula<\/title>\n<meta name=\"description\" content=\"Od 1. jula u Crnoj Gori ne\u0107e mo\u0107i da se kupe klasi\u010dne sijalice od 100 W ili ve\u0107e snage. To je prvi korak u postepenom odbacivanju klasi\u010dnih sijalica\" \/>\n<meta name=\"robots\" content=\"index, follow, max-snippet:-1, max-image-preview:large, max-video-preview:-1\" \/>\n<link rel=\"canonical\" href=\"https:\/\/balkangreenenergynews.com\/rs\/crna-gora-postepeno-izbacuje-iz-upotrebe-klasicne-sijalice-od-1-jul\/\" \/>\n<meta property=\"og:locale\" content=\"sr_RS\" \/>\n<meta property=\"og:type\" content=\"article\" \/>\n<meta property=\"og:title\" content=\"Crna Gora postepeno izbacuje iz upotrebe klasi\u010dne sijalice od 1.jula\" \/>\n<meta property=\"og:description\" content=\"Od 1. jula u Crnoj Gori ne\u0107e mo\u0107i da se kupe klasi\u010dne sijalice od 100 W ili ve\u0107e snage. To je prvi korak u postepenom odbacivanju klasi\u010dnih sijalica\" \/>\n<meta property=\"og:url\" content=\"https:\/\/balkangreenenergynews.com\/rs\/crna-gora-postepeno-izbacuje-iz-upotrebe-klasicne-sijalice-od-1-jul\/\" \/>\n<meta property=\"og:site_name\" content=\"Balkan Green Energy News\" \/>\n<meta property=\"article:published_time\" content=\"2018-01-17T11:21:05+00:00\" \/>\n<meta property=\"article:modified_time\" content=\"2018-12-19T11:41:53+00:00\" \/>\n<meta property=\"og:image\" content=\"https:\/\/balkangreenenergynews.com\/rs\/wp-content\/uploads\/2018\/01\/sijalica.jpg\" \/>\n\t<meta property=\"og:image:width\" content=\"795\" \/>\n\t<meta property=\"og:image:height\" content=\"407\" \/>\n\t<meta property=\"og:image:type\" content=\"image\/jpeg\" \/>\n<meta name=\"author\" content=\"Vladimir Spasi\u0107\" \/>\n<meta name=\"twitter:card\" content=\"summary_large_image\" \/>\n<meta name=\"twitter:label1\" content=\"\u041d\u0430\u043f\u0438\u0441\u0430\u043d\u043e \u043e\u0434\" \/>\n\t<meta name=\"twitter:data1\" content=\"Vladimir Spasi\u0107\" \/>\n\t<meta name=\"twitter:label2\" content=\"\u041f\u0440\u043e\u0446\u0435\u045a\u0435\u043d\u043e \u0432\u0440\u0435\u043c\u0435 \u0447\u0438\u0442\u0430\u045a\u0430\" \/>\n\t<meta name=\"twitter:data2\" content=\"2 \u043c\u0438\u043d\u0443\u0442\u0430\" \/>\n<script type=\"application\/ld+json\" class=\"yoast-schema-graph\">{\"@context\":\"https:\\\/\\\/schema.org\",\"@graph\":[{\"@type\":\"Article\",\"@id\":\"https:\\\/\\\/balkangreenenergynews.com\\\/rs\\\/crna-gora-postepeno-izbacuje-iz-upotrebe-klasicne-sijalice-od-1-jul\\\/#article\",\"isPartOf\":{\"@id\":\"https:\\\/\\\/balkangreenenergynews.com\\\/rs\\\/crna-gora-postepeno-izbacuje-iz-upotrebe-klasicne-sijalice-od-1-jul\\\/\"},\"author\":{\"name\":\"Vladimir Spasi\u0107\",\"@id\":\"https:\\\/\\\/balkangreenenergynews.com\\\/rs\\\/#\\\/schema\\\/person\\\/99dc721c46113fea22caffad06ef7317\"},\"headline\":\"Crna Gora postepeno izbacuje iz upotrebe klasi\u010dne sijalice od 1.jula\",\"datePublished\":\"2018-01-17T11:21:05+00:00\",\"dateModified\":\"2018-12-19T11:41:53+00:00\",\"mainEntityOfPage\":{\"@id\":\"https:\\\/\\\/balkangreenenergynews.com\\\/rs\\\/crna-gora-postepeno-izbacuje-iz-upotrebe-klasicne-sijalice-od-1-jul\\\/\"},\"wordCount\":365,\"commentCount\":0,\"image\":{\"@id\":\"https:\\\/\\\/balkangreenenergynews.com\\\/rs\\\/crna-gora-postepeno-izbacuje-iz-upotrebe-klasicne-sijalice-od-1-jul\\\/#primaryimage\"},\"thumbnailUrl\":\"https:\\\/\\\/balkangreenenergynews.com\\\/rs\\\/wp-content\\\/uploads\\\/2018\\\/01\\\/sijalica.jpg?wsr\",\"keywords\":[\"EBRD\",\"EU\",\"GIZ\"],\"articleSection\":[\"Energetska efikasnost\"],\"inLanguage\":\"sr-RS\",\"potentialAction\":[{\"@type\":\"CommentAction\",\"name\":\"Comment\",\"target\":[\"https:\\\/\\\/balkangreenenergynews.com\\\/rs\\\/crna-gora-postepeno-izbacuje-iz-upotrebe-klasicne-sijalice-od-1-jul\\\/#respond\"]}]},{\"@type\":\"WebPage\",\"@id\":\"https:\\\/\\\/balkangreenenergynews.com\\\/rs\\\/crna-gora-postepeno-izbacuje-iz-upotrebe-klasicne-sijalice-od-1-jul\\\/\",\"url\":\"https:\\\/\\\/balkangreenenergynews.com\\\/rs\\\/crna-gora-postepeno-izbacuje-iz-upotrebe-klasicne-sijalice-od-1-jul\\\/\",\"name\":\"Crna Gora postepeno izbacuje iz upotrebe klasi\u010dne sijalice od 1.jula\",\"isPartOf\":{\"@id\":\"https:\\\/\\\/balkangreenenergynews.com\\\/rs\\\/#website\"},\"primaryImageOfPage\":{\"@id\":\"https:\\\/\\\/balkangreenenergynews.com\\\/rs\\\/crna-gora-postepeno-izbacuje-iz-upotrebe-klasicne-sijalice-od-1-jul\\\/#primaryimage\"},\"image\":{\"@id\":\"https:\\\/\\\/balkangreenenergynews.com\\\/rs\\\/crna-gora-postepeno-izbacuje-iz-upotrebe-klasicne-sijalice-od-1-jul\\\/#primaryimage\"},\"thumbnailUrl\":\"https:\\\/\\\/balkangreenenergynews.com\\\/rs\\\/wp-content\\\/uploads\\\/2018\\\/01\\\/sijalica.jpg?wsr\",\"datePublished\":\"2018-01-17T11:21:05+00:00\",\"dateModified\":\"2018-12-19T11:41:53+00:00\",\"author\":{\"@id\":\"https:\\\/\\\/balkangreenenergynews.com\\\/rs\\\/#\\\/schema\\\/person\\\/99dc721c46113fea22caffad06ef7317\"},\"description\":\"Od 1. jula u Crnoj Gori ne\u0107e mo\u0107i da se kupe klasi\u010dne sijalice od 100 W ili ve\u0107e snage. To je prvi korak u postepenom odbacivanju klasi\u010dnih sijalica\",\"breadcrumb\":{\"@id\":\"https:\\\/\\\/balkangreenenergynews.com\\\/rs\\\/crna-gora-postepeno-izbacuje-iz-upotrebe-klasicne-sijalice-od-1-jul\\\/#breadcrumb\"},\"inLanguage\":\"sr-RS\",\"potentialAction\":[{\"@type\":\"ReadAction\",\"target\":[\"https:\\\/\\\/balkangreenenergynews.com\\\/rs\\\/crna-gora-postepeno-izbacuje-iz-upotrebe-klasicne-sijalice-od-1-jul\\\/\"]}]},{\"@type\":\"ImageObject\",\"inLanguage\":\"sr-RS\",\"@id\":\"https:\\\/\\\/balkangreenenergynews.com\\\/rs\\\/crna-gora-postepeno-izbacuje-iz-upotrebe-klasicne-sijalice-od-1-jul\\\/#primaryimage\",\"url\":\"https:\\\/\\\/balkangreenenergynews.com\\\/rs\\\/wp-content\\\/uploads\\\/2018\\\/01\\\/sijalica.jpg?wsr\",\"contentUrl\":\"https:\\\/\\\/balkangreenenergynews.com\\\/rs\\\/wp-content\\\/uploads\\\/2018\\\/01\\\/sijalica.jpg?wsr\",\"width\":795,\"height\":407,\"caption\":\"Crna Gora pocinje da izbacuje iz upotrebe klasicne sijalice od 1.jula\"},{\"@type\":\"BreadcrumbList\",\"@id\":\"https:\\\/\\\/balkangreenenergynews.com\\\/rs\\\/crna-gora-postepeno-izbacuje-iz-upotrebe-klasicne-sijalice-od-1-jul\\\/#breadcrumb\",\"itemListElement\":[{\"@type\":\"ListItem\",\"position\":1,\"name\":\"Po\u010detna\",\"item\":\"https:\\\/\\\/balkangreenenergynews.com\\\/rs\\\/\"},{\"@type\":\"ListItem\",\"position\":2,\"name\":\"Vesti\",\"item\":\"https:\\\/\\\/balkangreenenergynews.com\\\/rs\\\/kategorija\\\/vesti\\\/\"},{\"@type\":\"ListItem\",\"position\":3,\"name\":\"Energetska efikasnost\",\"item\":\"https:\\\/\\\/balkangreenenergynews.com\\\/rs\\\/kategorija\\\/vesti\\\/energetska-efikasnost\\\/\"},{\"@type\":\"ListItem\",\"position\":4,\"name\":\"Crna Gora postepeno izbacuje iz upotrebe klasi\u010dne sijalice od 1.jula\"}]},{\"@type\":\"WebSite\",\"@id\":\"https:\\\/\\\/balkangreenenergynews.com\\\/rs\\\/#website\",\"url\":\"https:\\\/\\\/balkangreenenergynews.com\\\/rs\\\/\",\"name\":\"Balkan Green Energy News\",\"description\":\"Naj\u0161iri izbor vesti sa Balkana o zelenoj energiji\",\"potentialAction\":[{\"@type\":\"SearchAction\",\"target\":{\"@type\":\"EntryPoint\",\"urlTemplate\":\"https:\\\/\\\/balkangreenenergynews.com\\\/rs\\\/?s={search_term_string}\"},\"query-input\":{\"@type\":\"PropertyValueSpecification\",\"valueRequired\":true,\"valueName\":\"search_term_string\"}}],\"inLanguage\":\"sr-RS\"},{\"@type\":\"Person\",\"@id\":\"https:\\\/\\\/balkangreenenergynews.com\\\/rs\\\/#\\\/schema\\\/person\\\/99dc721c46113fea22caffad06ef7317\",\"name\":\"Vladimir Spasi\u0107\",\"url\":\"https:\\\/\\\/balkangreenenergynews.com\\\/rs\\\/author\\\/vladimir-spasic\\\/\"}]}<\/script>\n<!-- \/ Yoast SEO plugin. -->","yoast_head_json":{"title":"Crna Gora postepeno izbacuje iz upotrebe klasi\u010dne sijalice od 1.jula","description":"Od 1. jula u Crnoj Gori ne\u0107e mo\u0107i da se kupe klasi\u010dne sijalice od 100 W ili ve\u0107e snage. To je prvi korak u postepenom odbacivanju klasi\u010dnih sijalica","robots":{"index":"index","follow":"follow","max-snippet":"max-snippet:-1","max-image-preview":"max-image-preview:large","max-video-preview":"max-video-preview:-1"},"canonical":"https:\/\/balkangreenenergynews.com\/rs\/crna-gora-postepeno-izbacuje-iz-upotrebe-klasicne-sijalice-od-1-jul\/","og_locale":"sr_RS","og_type":"article","og_title":"Crna Gora postepeno izbacuje iz upotrebe klasi\u010dne sijalice od 1.jula","og_description":"Od 1. jula u Crnoj Gori ne\u0107e mo\u0107i da se kupe klasi\u010dne sijalice od 100 W ili ve\u0107e snage. To je prvi korak u postepenom odbacivanju klasi\u010dnih sijalica","og_url":"https:\/\/balkangreenenergynews.com\/rs\/crna-gora-postepeno-izbacuje-iz-upotrebe-klasicne-sijalice-od-1-jul\/","og_site_name":"Balkan Green Energy News","article_published_time":"2018-01-17T11:21:05+00:00","article_modified_time":"2018-12-19T11:41:53+00:00","og_image":[{"width":795,"height":407,"url":"https:\/\/balkangreenenergynews.com\/rs\/wp-content\/uploads\/2018\/01\/sijalica.jpg","type":"image\/jpeg"}],"author":"Vladimir Spasi\u0107","twitter_card":"summary_large_image","twitter_misc":{"\u041d\u0430\u043f\u0438\u0441\u0430\u043d\u043e \u043e\u0434":"Vladimir Spasi\u0107","\u041f\u0440\u043e\u0446\u0435\u045a\u0435\u043d\u043e \u0432\u0440\u0435\u043c\u0435 \u0447\u0438\u0442\u0430\u045a\u0430":"2 \u043c\u0438\u043d\u0443\u0442\u0430"},"schema":{"@context":"https:\/\/schema.org","@graph":[{"@type":"Article","@id":"https:\/\/balkangreenenergynews.com\/rs\/crna-gora-postepeno-izbacuje-iz-upotrebe-klasicne-sijalice-od-1-jul\/#article","isPartOf":{"@id":"https:\/\/balkangreenenergynews.com\/rs\/crna-gora-postepeno-izbacuje-iz-upotrebe-klasicne-sijalice-od-1-jul\/"},"author":{"name":"Vladimir Spasi\u0107","@id":"https:\/\/balkangreenenergynews.com\/rs\/#\/schema\/person\/99dc721c46113fea22caffad06ef7317"},"headline":"Crna Gora postepeno izbacuje iz upotrebe klasi\u010dne sijalice od 1.jula","datePublished":"2018-01-17T11:21:05+00:00","dateModified":"2018-12-19T11:41:53+00:00","mainEntityOfPage":{"@id":"https:\/\/balkangreenenergynews.com\/rs\/crna-gora-postepeno-izbacuje-iz-upotrebe-klasicne-sijalice-od-1-jul\/"},"wordCount":365,"commentCount":0,"image":{"@id":"https:\/\/balkangreenenergynews.com\/rs\/crna-gora-postepeno-izbacuje-iz-upotrebe-klasicne-sijalice-od-1-jul\/#primaryimage"},"thumbnailUrl":"https:\/\/balkangreenenergynews.com\/rs\/wp-content\/uploads\/2018\/01\/sijalica.jpg?wsr","keywords":["EBRD","EU","GIZ"],"articleSection":["Energetska efikasnost"],"inLanguage":"sr-RS","potentialAction":[{"@type":"CommentAction","name":"Comment","target":["https:\/\/balkangreenenergynews.com\/rs\/crna-gora-postepeno-izbacuje-iz-upotrebe-klasicne-sijalice-od-1-jul\/#respond"]}]},{"@type":"WebPage","@id":"https:\/\/balkangreenenergynews.com\/rs\/crna-gora-postepeno-izbacuje-iz-upotrebe-klasicne-sijalice-od-1-jul\/","url":"https:\/\/balkangreenenergynews.com\/rs\/crna-gora-postepeno-izbacuje-iz-upotrebe-klasicne-sijalice-od-1-jul\/","name":"Crna Gora postepeno izbacuje iz upotrebe klasi\u010dne sijalice od 1.jula","isPartOf":{"@id":"https:\/\/balkangreenenergynews.com\/rs\/#website"},"primaryImageOfPage":{"@id":"https:\/\/balkangreenenergynews.com\/rs\/crna-gora-postepeno-izbacuje-iz-upotrebe-klasicne-sijalice-od-1-jul\/#primaryimage"},"image":{"@id":"https:\/\/balkangreenenergynews.com\/rs\/crna-gora-postepeno-izbacuje-iz-upotrebe-klasicne-sijalice-od-1-jul\/#primaryimage"},"thumbnailUrl":"https:\/\/balkangreenenergynews.com\/rs\/wp-content\/uploads\/2018\/01\/sijalica.jpg?wsr","datePublished":"2018-01-17T11:21:05+00:00","dateModified":"2018-12-19T11:41:53+00:00","author":{"@id":"https:\/\/balkangreenenergynews.com\/rs\/#\/schema\/person\/99dc721c46113fea22caffad06ef7317"},"description":"Od 1. jula u Crnoj Gori ne\u0107e mo\u0107i da se kupe klasi\u010dne sijalice od 100 W ili ve\u0107e snage. To je prvi korak u postepenom odbacivanju klasi\u010dnih sijalica","breadcrumb":{"@id":"https:\/\/balkangreenenergynews.com\/rs\/crna-gora-postepeno-izbacuje-iz-upotrebe-klasicne-sijalice-od-1-jul\/#breadcrumb"},"inLanguage":"sr-RS","potentialAction":[{"@type":"ReadAction","target":["https:\/\/balkangreenenergynews.com\/rs\/crna-gora-postepeno-izbacuje-iz-upotrebe-klasicne-sijalice-od-1-jul\/"]}]},{"@type":"ImageObject","inLanguage":"sr-RS","@id":"https:\/\/balkangreenenergynews.com\/rs\/crna-gora-postepeno-izbacuje-iz-upotrebe-klasicne-sijalice-od-1-jul\/#primaryimage","url":"https:\/\/balkangreenenergynews.com\/rs\/wp-content\/uploads\/2018\/01\/sijalica.jpg?wsr","contentUrl":"https:\/\/balkangreenenergynews.com\/rs\/wp-content\/uploads\/2018\/01\/sijalica.jpg?wsr","width":795,"height":407,"caption":"Crna Gora pocinje da izbacuje iz upotrebe klasicne sijalice od 1.jula"},{"@type":"BreadcrumbList","@id":"https:\/\/balkangreenenergynews.com\/rs\/crna-gora-postepeno-izbacuje-iz-upotrebe-klasicne-sijalice-od-1-jul\/#breadcrumb","itemListElement":[{"@type":"ListItem","position":1,"name":"Po\u010detna","item":"https:\/\/balkangreenenergynews.com\/rs\/"},{"@type":"ListItem","position":2,"name":"Vesti","item":"https:\/\/balkangreenenergynews.com\/rs\/kategorija\/vesti\/"},{"@type":"ListItem","position":3,"name":"Energetska efikasnost","item":"https:\/\/balkangreenenergynews.com\/rs\/kategorija\/vesti\/energetska-efikasnost\/"},{"@type":"ListItem","position":4,"name":"Crna Gora postepeno izbacuje iz upotrebe klasi\u010dne sijalice od 1.jula"}]},{"@type":"WebSite","@id":"https:\/\/balkangreenenergynews.com\/rs\/#website","url":"https:\/\/balkangreenenergynews.com\/rs\/","name":"Balkan Green Energy News","description":"Naj\u0161iri izbor vesti sa Balkana o zelenoj energiji","potentialAction":[{"@type":"SearchAction","target":{"@type":"EntryPoint","urlTemplate":"https:\/\/balkangreenenergynews.com\/rs\/?s={search_term_string}"},"query-input":{"@type":"PropertyValueSpecification","valueRequired":true,"valueName":"search_term_string"}}],"inLanguage":"sr-RS"},{"@type":"Person","@id":"https:\/\/balkangreenenergynews.com\/rs\/#\/schema\/person\/99dc721c46113fea22caffad06ef7317","name":"Vladimir Spasi\u0107","url":"https:\/\/balkangreenenergynews.com\/rs\/author\/vladimir-spasic\/"}]}},"_links":{"self":[{"href":"https:\/\/balkangreenenergynews.com\/rs\/wp-json\/wp\/v2\/posts\/15771","targetHints":{"allow":["GET"]}}],"collection":[{"href":"https:\/\/balkangreenenergynews.com\/rs\/wp-json\/wp\/v2\/posts"}],"about":[{"href":"https:\/\/balkangreenenergynews.com\/rs\/wp-json\/wp\/v2\/types\/post"}],"author":[{"embeddable":true,"href":"https:\/\/balkangreenenergynews.com\/rs\/wp-json\/wp\/v2\/users\/23"}],"replies":[{"embeddable":true,"href":"https:\/\/balkangreenenergynews.com\/rs\/wp-json\/wp\/v2\/comments?post=15771"}],"version-history":[{"count":0,"href":"https:\/\/balkangreenenergynews.com\/rs\/wp-json\/wp\/v2\/posts\/15771\/revisions"}],"wp:featuredmedia":[{"embeddable":true,"href":"https:\/\/balkangreenenergynews.com\/rs\/wp-json\/wp\/v2\/media\/15772"}],"wp:attachment":[{"href":"https:\/\/balkangreenenergynews.com\/rs\/wp-json\/wp\/v2\/media?parent=15771"}],"wp:term":[{"taxonomy":"category","embeddable":true,"href":"https:\/\/balkangreenenergynews.com\/rs\/wp-json\/wp\/v2\/categories?post=15771"},{"taxonomy":"post_tag","embeddable":true,"href":"https:\/\/balkangreenenergynews.com\/rs\/wp-json\/wp\/v2\/tags?post=15771"}],"curies":[{"name":"wp","href":"https:\/\/api.w.org\/{rel}","templated":true}]}}