{"id":15704,"date":"2018-01-12T13:11:07","date_gmt":"2018-01-12T12:11:07","guid":{"rendered":"https:\/\/balkangreenenergynews.com\/rs\/?p=15704"},"modified":"2018-01-12T13:15:27","modified_gmt":"2018-01-12T12:15:27","slug":"poziv-gradanima-da-prijavljuju-nelegalne-deponije-opasnog-otpada","status":"publish","type":"post","link":"https:\/\/balkangreenenergynews.com\/rs\/poziv-gradanima-da-prijavljuju-nelegalne-deponije-opasnog-otpada\/","title":{"rendered":"Poziv gra\u0111anima da prijavljuju nelegalne deponije opasnog otpada"},"content":{"rendered":"<h2>Ministar za\u0161tite \u017eivotne sredine Srbije, Goran Trivan, pozvao je gra\u0111ane Srbije da se pridru\u017ee naporima Ministarstva i policije u otkrivanju ilegalnih deponija, a naro\u010dito lokaliteta na kojima ima zakopanog ili opasnog otpada.<\/h2>\n<p>Neposredan povom ovom pozivu bilo je nedavno otkrivanje 25 tona zakopanog opasnog otpada nadomak Obrenovca. Trivan je to ocenio kao \u201cnajve\u0107i zlo\u010din koji neko mo\u017ee da izvr\u0161i\u201d, s obzirom da opasan otpad u zemlji zaga\u0111uje i zemlji\u0161te i vodu, i tako direktno ugro\u017eava zdravlje ljudi.<\/p>\n<p>U Srbiji se, po procenama Ministarstva, godi\u0161nje proizvede 60.000 \u2013 80.000 tona opasnog otpada, \u010diji se dobar deo ne zbrinjava na propisan na\u010din. Iako u Srbiji postoje propisi za zbrinjavanje opasnog otpada, nema dovoljno postrojenja za negovu preradu, tako da se uglavnom izvozi. Uz to, ljudi ne \u017eele deponije u svojoj blizini, ne znaju\u0107i da su savremene tehnologije za preradu \u010diste.<\/p>\n<p>Procene Udru\u017eenja Reciklera Srbije navode da u Srbiji ima oko 100.000 tona opasnog otpada, na oko 80 do 90 lokacija, a da su najve\u0107a \u017eari\u0161ta Beograd, Pan\u010devo, Novi Sad, Kikinda, Pe\u0107inci, Subotica, Kostolac, Po\u017earevac, Ni\u0161, Zaje\u010dar, Kraljevo, \u010ca\u010dak\u2026<\/p>\n<p>Slu\u010daj u Obrenovcu samo je po\u010detak re\u0161avanja u ovoj oblasti, najavio je ministar uo\u010di sednice Odbora za za\u0161titu \u017eivotne sredine Skup\u0161tine Srbije, na kojoj je podneo izve\u0161taj o radu svog Ministarstva u 2017, od njegovog osnivanja.<\/p>\n<p>Medijima je, kao prioritete u radu za ovu godinu, najavio problem otpadnih voda, odnosno njihov tretman za \u0161ta je, kako je rekao, potrebno oko 5 milijardi evra jer re\u0161avanje problema uklju\u010duje i izgradnju oko 300 sistema za preradu otpadnih voda. Kao \u0161to je u nekoliko navrata ranije naglasio, to je posao od nekoliko desetina godina, ali da ga je potrebno \u0161to pre zapo\u010deti jer se u Srbiji trenutno prera\u0111uje svega osam odsto otpadnih voda.<\/p>\n<p>Trivan je rekao i da \u0107e Ministarstvo razmotriti mogu\u0107nosti stimulisanja uvoza elektri\u010dnih automobila, koji \u0107e uskoro, kako se planira, u nekim zemljama Evrope biti jedino prevozno sredstvo.<\/p>\n","protected":false},"excerpt":{"rendered":"<p>Ministar za\u0161tite \u017eivotne sredine Srbije, Goran Trivan, pozvao je gra\u0111ane Srbije da se pridru\u017ee naporima&#8230;<\/p>\n","protected":false},"author":2,"featured_media":15707,"comment_status":"open","ping_status":"closed","sticky":false,"template":"","format":"standard","meta":{"_acf_changed":false,"_monsterinsights_skip_tracking":false,"_monsterinsights_sitenote_active":false,"_monsterinsights_sitenote_note":"","_monsterinsights_sitenote_category":0,"footnotes":""},"categories":[5,4],"tags":[847,2221,995,1372],"class_list":["post-15704","post","type-post","status-publish","format-standard","has-post-thumbnail","hentry","category-otpad","category-zivotna-sredina","tag-deponija","tag-goran-trivan","tag-otpadne-vode","tag-udruzenje-reciklera-srbije","country-srbija"],"acf":[],"yoast_head":"<!-- This site is optimized with the Yoast SEO plugin v27.4 - https:\/\/yoast.com\/product\/yoast-seo-wordpress\/ -->\n<title>Poziv gra\u0111anima da prijavljuju nelegalne deponije opasnog otpada<\/title>\n<meta name=\"description\" content=\"Ministar za\u0161tite \u017eivotne sredine, Goran Trivan, pozvao gra\u0111ane Srbije da se pridru\u017ee naporima Ministarstva u otkrivanju ilegalnih deponija opasnog otpada\" \/>\n<meta name=\"robots\" content=\"index, follow, max-snippet:-1, max-image-preview:large, max-video-preview:-1\" \/>\n<link rel=\"canonical\" href=\"https:\/\/balkangreenenergynews.com\/rs\/poziv-gradanima-da-prijavljuju-nelegalne-deponije-opasnog-otpada\/\" \/>\n<meta property=\"og:locale\" content=\"sr_RS\" \/>\n<meta property=\"og:type\" content=\"article\" \/>\n<meta property=\"og:title\" content=\"Poziv gra\u0111anima da prijavljuju nelegalne deponije opasnog otpada\" \/>\n<meta property=\"og:description\" content=\"Ministar za\u0161tite \u017eivotne sredine, Goran Trivan, pozvao gra\u0111ane Srbije da se pridru\u017ee naporima Ministarstva u otkrivanju ilegalnih deponija opasnog otpada\" \/>\n<meta property=\"og:url\" content=\"https:\/\/balkangreenenergynews.com\/rs\/poziv-gradanima-da-prijavljuju-nelegalne-deponije-opasnog-otpada\/\" \/>\n<meta property=\"og:site_name\" content=\"Balkan Green Energy News\" \/>\n<meta property=\"article:published_time\" content=\"2018-01-12T12:11:07+00:00\" \/>\n<meta property=\"article:modified_time\" content=\"2018-01-12T12:15:27+00:00\" \/>\n<meta property=\"og:image\" content=\"https:\/\/balkangreenenergynews.com\/rs\/wp-content\/uploads\/2018\/01\/Poziv-gra\u0111anima.jpg\" \/>\n\t<meta property=\"og:image:width\" content=\"795\" \/>\n\t<meta property=\"og:image:height\" content=\"407\" \/>\n\t<meta property=\"og:image:type\" content=\"image\/jpeg\" \/>\n<meta name=\"author\" content=\"Branislava Jovi\u010di\u0107\" \/>\n<meta name=\"twitter:card\" content=\"summary_large_image\" \/>\n<meta name=\"twitter:creator\" content=\"@https:\/\/twitter.com\/BranaJovicic\" \/>\n<meta name=\"twitter:label1\" content=\"\u041d\u0430\u043f\u0438\u0441\u0430\u043d\u043e \u043e\u0434\" \/>\n\t<meta name=\"twitter:data1\" content=\"Branislava Jovi\u010di\u0107\" \/>\n\t<meta name=\"twitter:label2\" content=\"\u041f\u0440\u043e\u0446\u0435\u045a\u0435\u043d\u043e \u0432\u0440\u0435\u043c\u0435 \u0447\u0438\u0442\u0430\u045a\u0430\" \/>\n\t<meta name=\"twitter:data2\" content=\"2 \u043c\u0438\u043d\u0443\u0442\u0430\" \/>\n<script type=\"application\/ld+json\" class=\"yoast-schema-graph\">{\"@context\":\"https:\\\/\\\/schema.org\",\"@graph\":[{\"@type\":\"Article\",\"@id\":\"https:\\\/\\\/balkangreenenergynews.com\\\/rs\\\/poziv-gradanima-da-prijavljuju-nelegalne-deponije-opasnog-otpada\\\/#article\",\"isPartOf\":{\"@id\":\"https:\\\/\\\/balkangreenenergynews.com\\\/rs\\\/poziv-gradanima-da-prijavljuju-nelegalne-deponije-opasnog-otpada\\\/\"},\"author\":{\"name\":\"Branislava Jovi\u010di\u0107\",\"@id\":\"https:\\\/\\\/balkangreenenergynews.com\\\/rs\\\/#\\\/schema\\\/person\\\/ff4e9f9457769ba580672215875f5b38\"},\"headline\":\"Poziv gra\u0111anima da prijavljuju nelegalne deponije opasnog otpada\",\"datePublished\":\"2018-01-12T12:11:07+00:00\",\"dateModified\":\"2018-01-12T12:15:27+00:00\",\"mainEntityOfPage\":{\"@id\":\"https:\\\/\\\/balkangreenenergynews.com\\\/rs\\\/poziv-gradanima-da-prijavljuju-nelegalne-deponije-opasnog-otpada\\\/\"},\"wordCount\":347,\"commentCount\":0,\"image\":{\"@id\":\"https:\\\/\\\/balkangreenenergynews.com\\\/rs\\\/poziv-gradanima-da-prijavljuju-nelegalne-deponije-opasnog-otpada\\\/#primaryimage\"},\"thumbnailUrl\":\"https:\\\/\\\/balkangreenenergynews.com\\\/rs\\\/wp-content\\\/uploads\\\/2018\\\/01\\\/Poziv-gra\u0111anima.jpg?wsr\",\"keywords\":[\"deponija\",\"Goran Trivan\",\"otpadne vode\",\"Udru\u017eenje reciklera Srbije\"],\"articleSection\":[\"Otpad\",\"\u017divotna sredina\"],\"inLanguage\":\"sr-RS\",\"potentialAction\":[{\"@type\":\"CommentAction\",\"name\":\"Comment\",\"target\":[\"https:\\\/\\\/balkangreenenergynews.com\\\/rs\\\/poziv-gradanima-da-prijavljuju-nelegalne-deponije-opasnog-otpada\\\/#respond\"]}]},{\"@type\":\"WebPage\",\"@id\":\"https:\\\/\\\/balkangreenenergynews.com\\\/rs\\\/poziv-gradanima-da-prijavljuju-nelegalne-deponije-opasnog-otpada\\\/\",\"url\":\"https:\\\/\\\/balkangreenenergynews.com\\\/rs\\\/poziv-gradanima-da-prijavljuju-nelegalne-deponije-opasnog-otpada\\\/\",\"name\":\"Poziv gra\u0111anima da prijavljuju nelegalne deponije opasnog otpada\",\"isPartOf\":{\"@id\":\"https:\\\/\\\/balkangreenenergynews.com\\\/rs\\\/#website\"},\"primaryImageOfPage\":{\"@id\":\"https:\\\/\\\/balkangreenenergynews.com\\\/rs\\\/poziv-gradanima-da-prijavljuju-nelegalne-deponije-opasnog-otpada\\\/#primaryimage\"},\"image\":{\"@id\":\"https:\\\/\\\/balkangreenenergynews.com\\\/rs\\\/poziv-gradanima-da-prijavljuju-nelegalne-deponije-opasnog-otpada\\\/#primaryimage\"},\"thumbnailUrl\":\"https:\\\/\\\/balkangreenenergynews.com\\\/rs\\\/wp-content\\\/uploads\\\/2018\\\/01\\\/Poziv-gra\u0111anima.jpg?wsr\",\"datePublished\":\"2018-01-12T12:11:07+00:00\",\"dateModified\":\"2018-01-12T12:15:27+00:00\",\"author\":{\"@id\":\"https:\\\/\\\/balkangreenenergynews.com\\\/rs\\\/#\\\/schema\\\/person\\\/ff4e9f9457769ba580672215875f5b38\"},\"description\":\"Ministar za\u0161tite \u017eivotne sredine, Goran Trivan, pozvao gra\u0111ane Srbije da se pridru\u017ee naporima Ministarstva u otkrivanju ilegalnih deponija opasnog otpada\",\"breadcrumb\":{\"@id\":\"https:\\\/\\\/balkangreenenergynews.com\\\/rs\\\/poziv-gradanima-da-prijavljuju-nelegalne-deponije-opasnog-otpada\\\/#breadcrumb\"},\"inLanguage\":\"sr-RS\",\"potentialAction\":[{\"@type\":\"ReadAction\",\"target\":[\"https:\\\/\\\/balkangreenenergynews.com\\\/rs\\\/poziv-gradanima-da-prijavljuju-nelegalne-deponije-opasnog-otpada\\\/\"]}]},{\"@type\":\"ImageObject\",\"inLanguage\":\"sr-RS\",\"@id\":\"https:\\\/\\\/balkangreenenergynews.com\\\/rs\\\/poziv-gradanima-da-prijavljuju-nelegalne-deponije-opasnog-otpada\\\/#primaryimage\",\"url\":\"https:\\\/\\\/balkangreenenergynews.com\\\/rs\\\/wp-content\\\/uploads\\\/2018\\\/01\\\/Poziv-gra\u0111anima.jpg?wsr\",\"contentUrl\":\"https:\\\/\\\/balkangreenenergynews.com\\\/rs\\\/wp-content\\\/uploads\\\/2018\\\/01\\\/Poziv-gra\u0111anima.jpg?wsr\",\"width\":795,\"height\":407,\"caption\":\"Goran Trivan pozvao gradjane da budu ekoloska policija\"},{\"@type\":\"BreadcrumbList\",\"@id\":\"https:\\\/\\\/balkangreenenergynews.com\\\/rs\\\/poziv-gradanima-da-prijavljuju-nelegalne-deponije-opasnog-otpada\\\/#breadcrumb\",\"itemListElement\":[{\"@type\":\"ListItem\",\"position\":1,\"name\":\"Po\u010detna\",\"item\":\"https:\\\/\\\/balkangreenenergynews.com\\\/rs\\\/\"},{\"@type\":\"ListItem\",\"position\":2,\"name\":\"Vesti\",\"item\":\"https:\\\/\\\/balkangreenenergynews.com\\\/rs\\\/kategorija\\\/vesti\\\/\"},{\"@type\":\"ListItem\",\"position\":3,\"name\":\"\u017divotna sredina\",\"item\":\"https:\\\/\\\/balkangreenenergynews.com\\\/rs\\\/kategorija\\\/vesti\\\/zivotna-sredina\\\/\"},{\"@type\":\"ListItem\",\"position\":4,\"name\":\"Poziv gra\u0111anima da prijavljuju nelegalne deponije opasnog otpada\"}]},{\"@type\":\"WebSite\",\"@id\":\"https:\\\/\\\/balkangreenenergynews.com\\\/rs\\\/#website\",\"url\":\"https:\\\/\\\/balkangreenenergynews.com\\\/rs\\\/\",\"name\":\"Balkan Green Energy News\",\"description\":\"Naj\u0161iri izbor vesti sa Balkana o zelenoj energiji\",\"potentialAction\":[{\"@type\":\"SearchAction\",\"target\":{\"@type\":\"EntryPoint\",\"urlTemplate\":\"https:\\\/\\\/balkangreenenergynews.com\\\/rs\\\/?s={search_term_string}\"},\"query-input\":{\"@type\":\"PropertyValueSpecification\",\"valueRequired\":true,\"valueName\":\"search_term_string\"}}],\"inLanguage\":\"sr-RS\"},{\"@type\":\"Person\",\"@id\":\"https:\\\/\\\/balkangreenenergynews.com\\\/rs\\\/#\\\/schema\\\/person\\\/ff4e9f9457769ba580672215875f5b38\",\"name\":\"Branislava Jovi\u010di\u0107\",\"description\":\"\u017divimo u vremenu koje je pred na\u0161u generaciju postavilo veoma va\u017ean zadatak. Nije na nama sva krivica za stanje u kojem se nalazi planeta, ali odgovornot svakako jeste. Zato usmerimo svoja znanja, ve\u0161tine i pamet ka pronala\u017eenju odr\u017eivih, pametnih i zelenih re\u0161enja.\",\"sameAs\":[\"https:\\\/\\\/www.linkedin.com\\\/in\\\/branislava-jovicic-043080a\\\/\",\"https:\\\/\\\/x.com\\\/https:\\\/\\\/twitter.com\\\/BranaJovicic\"],\"url\":\"https:\\\/\\\/balkangreenenergynews.com\\\/rs\\\/author\\\/bgen\\\/\"}]}<\/script>\n<!-- \/ Yoast SEO plugin. -->","yoast_head_json":{"title":"Poziv gra\u0111anima da prijavljuju nelegalne deponije opasnog otpada","description":"Ministar za\u0161tite \u017eivotne sredine, Goran Trivan, pozvao gra\u0111ane Srbije da se pridru\u017ee naporima Ministarstva u otkrivanju ilegalnih deponija opasnog otpada","robots":{"index":"index","follow":"follow","max-snippet":"max-snippet:-1","max-image-preview":"max-image-preview:large","max-video-preview":"max-video-preview:-1"},"canonical":"https:\/\/balkangreenenergynews.com\/rs\/poziv-gradanima-da-prijavljuju-nelegalne-deponije-opasnog-otpada\/","og_locale":"sr_RS","og_type":"article","og_title":"Poziv gra\u0111anima da prijavljuju nelegalne deponije opasnog otpada","og_description":"Ministar za\u0161tite \u017eivotne sredine, Goran Trivan, pozvao gra\u0111ane Srbije da se pridru\u017ee naporima Ministarstva u otkrivanju ilegalnih deponija opasnog otpada","og_url":"https:\/\/balkangreenenergynews.com\/rs\/poziv-gradanima-da-prijavljuju-nelegalne-deponije-opasnog-otpada\/","og_site_name":"Balkan Green Energy News","article_published_time":"2018-01-12T12:11:07+00:00","article_modified_time":"2018-01-12T12:15:27+00:00","og_image":[{"width":795,"height":407,"url":"https:\/\/balkangreenenergynews.com\/rs\/wp-content\/uploads\/2018\/01\/Poziv-gra\u0111anima.jpg","type":"image\/jpeg"}],"author":"Branislava Jovi\u010di\u0107","twitter_card":"summary_large_image","twitter_creator":"@https:\/\/twitter.com\/BranaJovicic","twitter_misc":{"\u041d\u0430\u043f\u0438\u0441\u0430\u043d\u043e \u043e\u0434":"Branislava Jovi\u010di\u0107","\u041f\u0440\u043e\u0446\u0435\u045a\u0435\u043d\u043e \u0432\u0440\u0435\u043c\u0435 \u0447\u0438\u0442\u0430\u045a\u0430":"2 \u043c\u0438\u043d\u0443\u0442\u0430"},"schema":{"@context":"https:\/\/schema.org","@graph":[{"@type":"Article","@id":"https:\/\/balkangreenenergynews.com\/rs\/poziv-gradanima-da-prijavljuju-nelegalne-deponije-opasnog-otpada\/#article","isPartOf":{"@id":"https:\/\/balkangreenenergynews.com\/rs\/poziv-gradanima-da-prijavljuju-nelegalne-deponije-opasnog-otpada\/"},"author":{"name":"Branislava Jovi\u010di\u0107","@id":"https:\/\/balkangreenenergynews.com\/rs\/#\/schema\/person\/ff4e9f9457769ba580672215875f5b38"},"headline":"Poziv gra\u0111anima da prijavljuju nelegalne deponije opasnog otpada","datePublished":"2018-01-12T12:11:07+00:00","dateModified":"2018-01-12T12:15:27+00:00","mainEntityOfPage":{"@id":"https:\/\/balkangreenenergynews.com\/rs\/poziv-gradanima-da-prijavljuju-nelegalne-deponije-opasnog-otpada\/"},"wordCount":347,"commentCount":0,"image":{"@id":"https:\/\/balkangreenenergynews.com\/rs\/poziv-gradanima-da-prijavljuju-nelegalne-deponije-opasnog-otpada\/#primaryimage"},"thumbnailUrl":"https:\/\/balkangreenenergynews.com\/rs\/wp-content\/uploads\/2018\/01\/Poziv-gra\u0111anima.jpg?wsr","keywords":["deponija","Goran Trivan","otpadne vode","Udru\u017eenje reciklera Srbije"],"articleSection":["Otpad","\u017divotna sredina"],"inLanguage":"sr-RS","potentialAction":[{"@type":"CommentAction","name":"Comment","target":["https:\/\/balkangreenenergynews.com\/rs\/poziv-gradanima-da-prijavljuju-nelegalne-deponije-opasnog-otpada\/#respond"]}]},{"@type":"WebPage","@id":"https:\/\/balkangreenenergynews.com\/rs\/poziv-gradanima-da-prijavljuju-nelegalne-deponije-opasnog-otpada\/","url":"https:\/\/balkangreenenergynews.com\/rs\/poziv-gradanima-da-prijavljuju-nelegalne-deponije-opasnog-otpada\/","name":"Poziv gra\u0111anima da prijavljuju nelegalne deponije opasnog otpada","isPartOf":{"@id":"https:\/\/balkangreenenergynews.com\/rs\/#website"},"primaryImageOfPage":{"@id":"https:\/\/balkangreenenergynews.com\/rs\/poziv-gradanima-da-prijavljuju-nelegalne-deponije-opasnog-otpada\/#primaryimage"},"image":{"@id":"https:\/\/balkangreenenergynews.com\/rs\/poziv-gradanima-da-prijavljuju-nelegalne-deponije-opasnog-otpada\/#primaryimage"},"thumbnailUrl":"https:\/\/balkangreenenergynews.com\/rs\/wp-content\/uploads\/2018\/01\/Poziv-gra\u0111anima.jpg?wsr","datePublished":"2018-01-12T12:11:07+00:00","dateModified":"2018-01-12T12:15:27+00:00","author":{"@id":"https:\/\/balkangreenenergynews.com\/rs\/#\/schema\/person\/ff4e9f9457769ba580672215875f5b38"},"description":"Ministar za\u0161tite \u017eivotne sredine, Goran Trivan, pozvao gra\u0111ane Srbije da se pridru\u017ee naporima Ministarstva u otkrivanju ilegalnih deponija opasnog otpada","breadcrumb":{"@id":"https:\/\/balkangreenenergynews.com\/rs\/poziv-gradanima-da-prijavljuju-nelegalne-deponije-opasnog-otpada\/#breadcrumb"},"inLanguage":"sr-RS","potentialAction":[{"@type":"ReadAction","target":["https:\/\/balkangreenenergynews.com\/rs\/poziv-gradanima-da-prijavljuju-nelegalne-deponije-opasnog-otpada\/"]}]},{"@type":"ImageObject","inLanguage":"sr-RS","@id":"https:\/\/balkangreenenergynews.com\/rs\/poziv-gradanima-da-prijavljuju-nelegalne-deponije-opasnog-otpada\/#primaryimage","url":"https:\/\/balkangreenenergynews.com\/rs\/wp-content\/uploads\/2018\/01\/Poziv-gra\u0111anima.jpg?wsr","contentUrl":"https:\/\/balkangreenenergynews.com\/rs\/wp-content\/uploads\/2018\/01\/Poziv-gra\u0111anima.jpg?wsr","width":795,"height":407,"caption":"Goran Trivan pozvao gradjane da budu ekoloska policija"},{"@type":"BreadcrumbList","@id":"https:\/\/balkangreenenergynews.com\/rs\/poziv-gradanima-da-prijavljuju-nelegalne-deponije-opasnog-otpada\/#breadcrumb","itemListElement":[{"@type":"ListItem","position":1,"name":"Po\u010detna","item":"https:\/\/balkangreenenergynews.com\/rs\/"},{"@type":"ListItem","position":2,"name":"Vesti","item":"https:\/\/balkangreenenergynews.com\/rs\/kategorija\/vesti\/"},{"@type":"ListItem","position":3,"name":"\u017divotna sredina","item":"https:\/\/balkangreenenergynews.com\/rs\/kategorija\/vesti\/zivotna-sredina\/"},{"@type":"ListItem","position":4,"name":"Poziv gra\u0111anima da prijavljuju nelegalne deponije opasnog otpada"}]},{"@type":"WebSite","@id":"https:\/\/balkangreenenergynews.com\/rs\/#website","url":"https:\/\/balkangreenenergynews.com\/rs\/","name":"Balkan Green Energy News","description":"Naj\u0161iri izbor vesti sa Balkana o zelenoj energiji","potentialAction":[{"@type":"SearchAction","target":{"@type":"EntryPoint","urlTemplate":"https:\/\/balkangreenenergynews.com\/rs\/?s={search_term_string}"},"query-input":{"@type":"PropertyValueSpecification","valueRequired":true,"valueName":"search_term_string"}}],"inLanguage":"sr-RS"},{"@type":"Person","@id":"https:\/\/balkangreenenergynews.com\/rs\/#\/schema\/person\/ff4e9f9457769ba580672215875f5b38","name":"Branislava Jovi\u010di\u0107","description":"\u017divimo u vremenu koje je pred na\u0161u generaciju postavilo veoma va\u017ean zadatak. Nije na nama sva krivica za stanje u kojem se nalazi planeta, ali odgovornot svakako jeste. Zato usmerimo svoja znanja, ve\u0161tine i pamet ka pronala\u017eenju odr\u017eivih, pametnih i zelenih re\u0161enja.","sameAs":["https:\/\/www.linkedin.com\/in\/branislava-jovicic-043080a\/","https:\/\/x.com\/https:\/\/twitter.com\/BranaJovicic"],"url":"https:\/\/balkangreenenergynews.com\/rs\/author\/bgen\/"}]}},"_links":{"self":[{"href":"https:\/\/balkangreenenergynews.com\/rs\/wp-json\/wp\/v2\/posts\/15704","targetHints":{"allow":["GET"]}}],"collection":[{"href":"https:\/\/balkangreenenergynews.com\/rs\/wp-json\/wp\/v2\/posts"}],"about":[{"href":"https:\/\/balkangreenenergynews.com\/rs\/wp-json\/wp\/v2\/types\/post"}],"author":[{"embeddable":true,"href":"https:\/\/balkangreenenergynews.com\/rs\/wp-json\/wp\/v2\/users\/2"}],"replies":[{"embeddable":true,"href":"https:\/\/balkangreenenergynews.com\/rs\/wp-json\/wp\/v2\/comments?post=15704"}],"version-history":[{"count":0,"href":"https:\/\/balkangreenenergynews.com\/rs\/wp-json\/wp\/v2\/posts\/15704\/revisions"}],"wp:featuredmedia":[{"embeddable":true,"href":"https:\/\/balkangreenenergynews.com\/rs\/wp-json\/wp\/v2\/media\/15707"}],"wp:attachment":[{"href":"https:\/\/balkangreenenergynews.com\/rs\/wp-json\/wp\/v2\/media?parent=15704"}],"wp:term":[{"taxonomy":"category","embeddable":true,"href":"https:\/\/balkangreenenergynews.com\/rs\/wp-json\/wp\/v2\/categories?post=15704"},{"taxonomy":"post_tag","embeddable":true,"href":"https:\/\/balkangreenenergynews.com\/rs\/wp-json\/wp\/v2\/tags?post=15704"}],"curies":[{"name":"wp","href":"https:\/\/api.w.org\/{rel}","templated":true}]}}