{"id":15519,"date":"2017-12-27T15:24:27","date_gmt":"2017-12-27T14:24:27","guid":{"rendered":"https:\/\/balkangreenenergynews.com\/rs\/?p=15519"},"modified":"2018-12-09T11:31:45","modified_gmt":"2018-12-09T10:31:45","slug":"madarska-zainteresovana-da-ulaze-u-energetske-kapacitete-crne-gore","status":"publish","type":"post","link":"https:\/\/balkangreenenergynews.com\/rs\/madarska-zainteresovana-da-ulaze-u-energetske-kapacitete-crne-gore\/","title":{"rendered":"Ma\u0111arska zainteresovana da ula\u017ee u energetske kapacitete Crne Gore"},"content":{"rendered":"<h2>Ma\u0111arske kompanije su zainteresovane da ula\u017eu u energetski sektor Crne Gore, rekao je prilikom nedavne posete Podgorici ministar spoljnih poslova i trgovine Ma\u0111arske Peter Sijarto.<\/h2>\n<p>Investiranje u energetske kapacitete Crne Gore je od posebnog interesa za ma\u0111arske kompanije, rekao je ministar prilikom susreta sa crnogorskom ministarkom ekonomije Dragicom Sekuli\u0107. Po Sijartovim re\u010dima, Crna Gora ima zna\u010dajan energetski potencijal.<\/p>\n<p>U okviru razgovora o ekonomskoj saradnji dve zemlje, osim o investicijama u energetiku, razgovori su vo\u0111eni i o ulaganju u sektore turizma i bankarstva Crne Gore, navelo je ma\u0111arsko Ministarstvo spoljnih poslova i trgovine na svom sajtu.<\/p>\n<p>Doma\u0107ini ovog susreta u Podgorici upoznali su gosta sa projektom realizacije podmorskog kabla izme\u0111u Crne Gore i Italije, koji otvara mogu\u0107nosti za ulaganja stranih kompanija u energetski sektor Crne Gore.<\/p>\n<p>Kako se navodi u saop\u0161tenju Ministarstva ekonomije, ministarka Sekuli\u0107 je\u00a0upoznala ma\u0111arskog kolegu sa aktuelnim de\u0161avanjima u oblasti energetike, ali i privrede u Crnoj Gori.<\/p>\n<p>Zahvaljuju\u0107i projektu izgradnje podmorskog kabla izme\u0111u Crne Gore i Italije, Crna Gora \u0107e postati regionalno \u010dvori\u0161te za prenos elektri\u010dne energije na potezu Zapadni Balkan (Crna Gora, Bosna i Hercegovina i Srbija) sa Evropom, kao deo Transbalkanskog koridora. Elektropriveda Crne Gore \u0107e od prenosa elektri\u010dne energije po osnovu udela od 20%, imati znatne prihode.<\/p>\n<p>Polaganje crnogorske deonice kabla u du\u017eini od 157 kilometara po\u010delo je <a href=\"https:\/\/balkangreenenergynews.com\/rs\/pre-roka-zavrseno-polaganje-dela-podmorskog-energetskog-kabla-izmedu-crne-gore-italije\/\">krajem novembra<\/a> pro\u0161le godine, i zavr\u0161eno je pre planiranog roka, dok je prvi deo kabla du\u017eine 136 kilometara s italijanske strane Jadranskog mora polo\u017een po\u010detkom 2015. godine.<\/p>\n<p>Za postavljanje kabla od Peskare do Lastve po dnu Jadranskog mora kori\u0161\u0107en je specijalizovani brod za polaganje kablova &#8222;Skagerrak&#8220; norve\u0161kog ogranka kompanije\u00a0Nexans. Uz energetski kabl koji \u0107e imati nominalni kapacitet od 1.000 MW paralelno je polo\u017een i opti\u010dki telekomunkacioni kabl.<\/p>\n<p>Pan-evropski koridor koji, osim \u0161to povezuje Crnu Goru sa Italijom, povezuje i Crnu Goru sa Bosnom i Hercegovinom, Srbijom i Rumunijom mre\u017eom dalekovoda.<\/p>\n","protected":false},"excerpt":{"rendered":"<p>Ma\u0111arske kompanije su zainteresovane da ula\u017eu u energetski sektor Crne Gore, rekao je prilikom nedavne&#8230;<\/p>\n","protected":false},"author":25,"featured_media":15520,"comment_status":"open","ping_status":"closed","sticky":false,"template":"","format":"standard","meta":{"_acf_changed":false,"_monsterinsights_skip_tracking":false,"_monsterinsights_sitenote_active":false,"_monsterinsights_sitenote_note":"","_monsterinsights_sitenote_category":0,"footnotes":""},"categories":[504],"tags":[520,1214],"class_list":["post-15519","post","type-post","status-publish","format-standard","has-post-thumbnail","hentry","category-elektricna-energija","tag-dragica-sekulic","tag-transbalkanski-koridor","country-crna-gora"],"acf":[],"yoast_head":"<!-- This site is optimized with the Yoast SEO plugin v27.4 - https:\/\/yoast.com\/product\/yoast-seo-wordpress\/ -->\n<title>Ma\u0111arska zainteresovana da ula\u017ee u energetske kapacitete Crne Gore<\/title>\n<meta name=\"description\" content=\"Ma\u0111arske kompanije su zainteresovane da ula\u017eu u energetski sektor Crne Gore, rekao je ministar spoljnih poslova i trgovine Ma\u0111arske Peter Sijarto.\" \/>\n<meta name=\"robots\" content=\"index, follow, max-snippet:-1, max-image-preview:large, max-video-preview:-1\" \/>\n<link rel=\"canonical\" href=\"https:\/\/balkangreenenergynews.com\/rs\/madarska-zainteresovana-da-ulaze-u-energetske-kapacitete-crne-gore\/\" \/>\n<meta property=\"og:locale\" content=\"sr_RS\" \/>\n<meta property=\"og:type\" content=\"article\" \/>\n<meta property=\"og:title\" content=\"Ma\u0111arska zainteresovana da ula\u017ee u energetske kapacitete Crne Gore\" \/>\n<meta property=\"og:description\" content=\"Ma\u0111arske kompanije su zainteresovane da ula\u017eu u energetski sektor Crne Gore, rekao je ministar spoljnih poslova i trgovine Ma\u0111arske Peter Sijarto.\" \/>\n<meta property=\"og:url\" content=\"https:\/\/balkangreenenergynews.com\/rs\/madarska-zainteresovana-da-ulaze-u-energetske-kapacitete-crne-gore\/\" \/>\n<meta property=\"og:site_name\" content=\"Balkan Green Energy News\" \/>\n<meta property=\"article:published_time\" content=\"2017-12-27T14:24:27+00:00\" \/>\n<meta property=\"article:modified_time\" content=\"2018-12-09T10:31:45+00:00\" \/>\n<meta property=\"og:image\" content=\"https:\/\/balkangreenenergynews.com\/rs\/wp-content\/uploads\/2017\/12\/Madarska-zainteresovana.png\" \/>\n\t<meta property=\"og:image:width\" content=\"795\" \/>\n\t<meta property=\"og:image:height\" content=\"407\" \/>\n\t<meta property=\"og:image:type\" content=\"image\/png\" \/>\n<meta name=\"author\" content=\"Balkan Green Energy News\" \/>\n<meta name=\"twitter:card\" content=\"summary_large_image\" \/>\n<meta name=\"twitter:label1\" content=\"\u041d\u0430\u043f\u0438\u0441\u0430\u043d\u043e \u043e\u0434\" \/>\n\t<meta name=\"twitter:data1\" content=\"Balkan Green Energy News\" \/>\n\t<meta name=\"twitter:label2\" content=\"\u041f\u0440\u043e\u0446\u0435\u045a\u0435\u043d\u043e \u0432\u0440\u0435\u043c\u0435 \u0447\u0438\u0442\u0430\u045a\u0430\" \/>\n\t<meta name=\"twitter:data2\" content=\"2 \u043c\u0438\u043d\u0443\u0442\u0430\" \/>\n<script type=\"application\/ld+json\" class=\"yoast-schema-graph\">{\"@context\":\"https:\\\/\\\/schema.org\",\"@graph\":[{\"@type\":\"Article\",\"@id\":\"https:\\\/\\\/balkangreenenergynews.com\\\/rs\\\/madarska-zainteresovana-da-ulaze-u-energetske-kapacitete-crne-gore\\\/#article\",\"isPartOf\":{\"@id\":\"https:\\\/\\\/balkangreenenergynews.com\\\/rs\\\/madarska-zainteresovana-da-ulaze-u-energetske-kapacitete-crne-gore\\\/\"},\"author\":{\"name\":\"Balkan Green Energy News\",\"@id\":\"https:\\\/\\\/balkangreenenergynews.com\\\/rs\\\/#\\\/schema\\\/person\\\/dee275e6036b1a0f7ceaf956d79d4eff\"},\"headline\":\"Ma\u0111arska zainteresovana da ula\u017ee u energetske kapacitete Crne Gore\",\"datePublished\":\"2017-12-27T14:24:27+00:00\",\"dateModified\":\"2018-12-09T10:31:45+00:00\",\"mainEntityOfPage\":{\"@id\":\"https:\\\/\\\/balkangreenenergynews.com\\\/rs\\\/madarska-zainteresovana-da-ulaze-u-energetske-kapacitete-crne-gore\\\/\"},\"wordCount\":342,\"commentCount\":0,\"image\":{\"@id\":\"https:\\\/\\\/balkangreenenergynews.com\\\/rs\\\/madarska-zainteresovana-da-ulaze-u-energetske-kapacitete-crne-gore\\\/#primaryimage\"},\"thumbnailUrl\":\"https:\\\/\\\/balkangreenenergynews.com\\\/rs\\\/wp-content\\\/uploads\\\/2017\\\/12\\\/Madarska-zainteresovana.png?wsr\",\"keywords\":[\"Dragica Sekuli\u0107\",\"Transbalkanski koridor\"],\"articleSection\":[\"Elektri\u010dna energija\"],\"inLanguage\":\"sr-RS\",\"potentialAction\":[{\"@type\":\"CommentAction\",\"name\":\"Comment\",\"target\":[\"https:\\\/\\\/balkangreenenergynews.com\\\/rs\\\/madarska-zainteresovana-da-ulaze-u-energetske-kapacitete-crne-gore\\\/#respond\"]}]},{\"@type\":\"WebPage\",\"@id\":\"https:\\\/\\\/balkangreenenergynews.com\\\/rs\\\/madarska-zainteresovana-da-ulaze-u-energetske-kapacitete-crne-gore\\\/\",\"url\":\"https:\\\/\\\/balkangreenenergynews.com\\\/rs\\\/madarska-zainteresovana-da-ulaze-u-energetske-kapacitete-crne-gore\\\/\",\"name\":\"Ma\u0111arska zainteresovana da ula\u017ee u energetske kapacitete Crne Gore\",\"isPartOf\":{\"@id\":\"https:\\\/\\\/balkangreenenergynews.com\\\/rs\\\/#website\"},\"primaryImageOfPage\":{\"@id\":\"https:\\\/\\\/balkangreenenergynews.com\\\/rs\\\/madarska-zainteresovana-da-ulaze-u-energetske-kapacitete-crne-gore\\\/#primaryimage\"},\"image\":{\"@id\":\"https:\\\/\\\/balkangreenenergynews.com\\\/rs\\\/madarska-zainteresovana-da-ulaze-u-energetske-kapacitete-crne-gore\\\/#primaryimage\"},\"thumbnailUrl\":\"https:\\\/\\\/balkangreenenergynews.com\\\/rs\\\/wp-content\\\/uploads\\\/2017\\\/12\\\/Madarska-zainteresovana.png?wsr\",\"datePublished\":\"2017-12-27T14:24:27+00:00\",\"dateModified\":\"2018-12-09T10:31:45+00:00\",\"author\":{\"@id\":\"https:\\\/\\\/balkangreenenergynews.com\\\/rs\\\/#\\\/schema\\\/person\\\/dee275e6036b1a0f7ceaf956d79d4eff\"},\"description\":\"Ma\u0111arske kompanije su zainteresovane da ula\u017eu u energetski sektor Crne Gore, rekao je ministar spoljnih poslova i trgovine Ma\u0111arske Peter Sijarto.\",\"breadcrumb\":{\"@id\":\"https:\\\/\\\/balkangreenenergynews.com\\\/rs\\\/madarska-zainteresovana-da-ulaze-u-energetske-kapacitete-crne-gore\\\/#breadcrumb\"},\"inLanguage\":\"sr-RS\",\"potentialAction\":[{\"@type\":\"ReadAction\",\"target\":[\"https:\\\/\\\/balkangreenenergynews.com\\\/rs\\\/madarska-zainteresovana-da-ulaze-u-energetske-kapacitete-crne-gore\\\/\"]}]},{\"@type\":\"ImageObject\",\"inLanguage\":\"sr-RS\",\"@id\":\"https:\\\/\\\/balkangreenenergynews.com\\\/rs\\\/madarska-zainteresovana-da-ulaze-u-energetske-kapacitete-crne-gore\\\/#primaryimage\",\"url\":\"https:\\\/\\\/balkangreenenergynews.com\\\/rs\\\/wp-content\\\/uploads\\\/2017\\\/12\\\/Madarska-zainteresovana.png?wsr\",\"contentUrl\":\"https:\\\/\\\/balkangreenenergynews.com\\\/rs\\\/wp-content\\\/uploads\\\/2017\\\/12\\\/Madarska-zainteresovana.png?wsr\",\"width\":795,\"height\":407,\"caption\":\"Madjarska-zainteresovana-da-ulaze-u-energetski-sektor-Crne-Gore\"},{\"@type\":\"BreadcrumbList\",\"@id\":\"https:\\\/\\\/balkangreenenergynews.com\\\/rs\\\/madarska-zainteresovana-da-ulaze-u-energetske-kapacitete-crne-gore\\\/#breadcrumb\",\"itemListElement\":[{\"@type\":\"ListItem\",\"position\":1,\"name\":\"Po\u010detna\",\"item\":\"https:\\\/\\\/balkangreenenergynews.com\\\/rs\\\/\"},{\"@type\":\"ListItem\",\"position\":2,\"name\":\"Vesti\",\"item\":\"https:\\\/\\\/balkangreenenergynews.com\\\/rs\\\/kategorija\\\/vesti\\\/\"},{\"@type\":\"ListItem\",\"position\":3,\"name\":\"Elektri\u010dna energija\",\"item\":\"https:\\\/\\\/balkangreenenergynews.com\\\/rs\\\/kategorija\\\/vesti\\\/elektricna-energija\\\/\"},{\"@type\":\"ListItem\",\"position\":4,\"name\":\"Ma\u0111arska zainteresovana da ula\u017ee u energetske kapacitete Crne Gore\"}]},{\"@type\":\"WebSite\",\"@id\":\"https:\\\/\\\/balkangreenenergynews.com\\\/rs\\\/#website\",\"url\":\"https:\\\/\\\/balkangreenenergynews.com\\\/rs\\\/\",\"name\":\"Balkan Green Energy News\",\"description\":\"Naj\u0161iri izbor vesti sa Balkana o zelenoj energiji\",\"potentialAction\":[{\"@type\":\"SearchAction\",\"target\":{\"@type\":\"EntryPoint\",\"urlTemplate\":\"https:\\\/\\\/balkangreenenergynews.com\\\/rs\\\/?s={search_term_string}\"},\"query-input\":{\"@type\":\"PropertyValueSpecification\",\"valueRequired\":true,\"valueName\":\"search_term_string\"}}],\"inLanguage\":\"sr-RS\"},{\"@type\":\"Person\",\"@id\":\"https:\\\/\\\/balkangreenenergynews.com\\\/rs\\\/#\\\/schema\\\/person\\\/dee275e6036b1a0f7ceaf956d79d4eff\",\"name\":\"Balkan Green Energy News\",\"url\":\"https:\\\/\\\/balkangreenenergynews.com\\\/rs\\\/author\\\/balkangreenenergynews\\\/\"}]}<\/script>\n<!-- \/ Yoast SEO plugin. -->","yoast_head_json":{"title":"Ma\u0111arska zainteresovana da ula\u017ee u energetske kapacitete Crne Gore","description":"Ma\u0111arske kompanije su zainteresovane da ula\u017eu u energetski sektor Crne Gore, rekao je ministar spoljnih poslova i trgovine Ma\u0111arske Peter Sijarto.","robots":{"index":"index","follow":"follow","max-snippet":"max-snippet:-1","max-image-preview":"max-image-preview:large","max-video-preview":"max-video-preview:-1"},"canonical":"https:\/\/balkangreenenergynews.com\/rs\/madarska-zainteresovana-da-ulaze-u-energetske-kapacitete-crne-gore\/","og_locale":"sr_RS","og_type":"article","og_title":"Ma\u0111arska zainteresovana da ula\u017ee u energetske kapacitete Crne Gore","og_description":"Ma\u0111arske kompanije su zainteresovane da ula\u017eu u energetski sektor Crne Gore, rekao je ministar spoljnih poslova i trgovine Ma\u0111arske Peter Sijarto.","og_url":"https:\/\/balkangreenenergynews.com\/rs\/madarska-zainteresovana-da-ulaze-u-energetske-kapacitete-crne-gore\/","og_site_name":"Balkan Green Energy News","article_published_time":"2017-12-27T14:24:27+00:00","article_modified_time":"2018-12-09T10:31:45+00:00","og_image":[{"width":795,"height":407,"url":"https:\/\/balkangreenenergynews.com\/rs\/wp-content\/uploads\/2017\/12\/Madarska-zainteresovana.png","type":"image\/png"}],"author":"Balkan Green Energy News","twitter_card":"summary_large_image","twitter_misc":{"\u041d\u0430\u043f\u0438\u0441\u0430\u043d\u043e \u043e\u0434":"Balkan Green Energy News","\u041f\u0440\u043e\u0446\u0435\u045a\u0435\u043d\u043e \u0432\u0440\u0435\u043c\u0435 \u0447\u0438\u0442\u0430\u045a\u0430":"2 \u043c\u0438\u043d\u0443\u0442\u0430"},"schema":{"@context":"https:\/\/schema.org","@graph":[{"@type":"Article","@id":"https:\/\/balkangreenenergynews.com\/rs\/madarska-zainteresovana-da-ulaze-u-energetske-kapacitete-crne-gore\/#article","isPartOf":{"@id":"https:\/\/balkangreenenergynews.com\/rs\/madarska-zainteresovana-da-ulaze-u-energetske-kapacitete-crne-gore\/"},"author":{"name":"Balkan Green Energy News","@id":"https:\/\/balkangreenenergynews.com\/rs\/#\/schema\/person\/dee275e6036b1a0f7ceaf956d79d4eff"},"headline":"Ma\u0111arska zainteresovana da ula\u017ee u energetske kapacitete Crne Gore","datePublished":"2017-12-27T14:24:27+00:00","dateModified":"2018-12-09T10:31:45+00:00","mainEntityOfPage":{"@id":"https:\/\/balkangreenenergynews.com\/rs\/madarska-zainteresovana-da-ulaze-u-energetske-kapacitete-crne-gore\/"},"wordCount":342,"commentCount":0,"image":{"@id":"https:\/\/balkangreenenergynews.com\/rs\/madarska-zainteresovana-da-ulaze-u-energetske-kapacitete-crne-gore\/#primaryimage"},"thumbnailUrl":"https:\/\/balkangreenenergynews.com\/rs\/wp-content\/uploads\/2017\/12\/Madarska-zainteresovana.png?wsr","keywords":["Dragica Sekuli\u0107","Transbalkanski koridor"],"articleSection":["Elektri\u010dna energija"],"inLanguage":"sr-RS","potentialAction":[{"@type":"CommentAction","name":"Comment","target":["https:\/\/balkangreenenergynews.com\/rs\/madarska-zainteresovana-da-ulaze-u-energetske-kapacitete-crne-gore\/#respond"]}]},{"@type":"WebPage","@id":"https:\/\/balkangreenenergynews.com\/rs\/madarska-zainteresovana-da-ulaze-u-energetske-kapacitete-crne-gore\/","url":"https:\/\/balkangreenenergynews.com\/rs\/madarska-zainteresovana-da-ulaze-u-energetske-kapacitete-crne-gore\/","name":"Ma\u0111arska zainteresovana da ula\u017ee u energetske kapacitete Crne Gore","isPartOf":{"@id":"https:\/\/balkangreenenergynews.com\/rs\/#website"},"primaryImageOfPage":{"@id":"https:\/\/balkangreenenergynews.com\/rs\/madarska-zainteresovana-da-ulaze-u-energetske-kapacitete-crne-gore\/#primaryimage"},"image":{"@id":"https:\/\/balkangreenenergynews.com\/rs\/madarska-zainteresovana-da-ulaze-u-energetske-kapacitete-crne-gore\/#primaryimage"},"thumbnailUrl":"https:\/\/balkangreenenergynews.com\/rs\/wp-content\/uploads\/2017\/12\/Madarska-zainteresovana.png?wsr","datePublished":"2017-12-27T14:24:27+00:00","dateModified":"2018-12-09T10:31:45+00:00","author":{"@id":"https:\/\/balkangreenenergynews.com\/rs\/#\/schema\/person\/dee275e6036b1a0f7ceaf956d79d4eff"},"description":"Ma\u0111arske kompanije su zainteresovane da ula\u017eu u energetski sektor Crne Gore, rekao je ministar spoljnih poslova i trgovine Ma\u0111arske Peter Sijarto.","breadcrumb":{"@id":"https:\/\/balkangreenenergynews.com\/rs\/madarska-zainteresovana-da-ulaze-u-energetske-kapacitete-crne-gore\/#breadcrumb"},"inLanguage":"sr-RS","potentialAction":[{"@type":"ReadAction","target":["https:\/\/balkangreenenergynews.com\/rs\/madarska-zainteresovana-da-ulaze-u-energetske-kapacitete-crne-gore\/"]}]},{"@type":"ImageObject","inLanguage":"sr-RS","@id":"https:\/\/balkangreenenergynews.com\/rs\/madarska-zainteresovana-da-ulaze-u-energetske-kapacitete-crne-gore\/#primaryimage","url":"https:\/\/balkangreenenergynews.com\/rs\/wp-content\/uploads\/2017\/12\/Madarska-zainteresovana.png?wsr","contentUrl":"https:\/\/balkangreenenergynews.com\/rs\/wp-content\/uploads\/2017\/12\/Madarska-zainteresovana.png?wsr","width":795,"height":407,"caption":"Madjarska-zainteresovana-da-ulaze-u-energetski-sektor-Crne-Gore"},{"@type":"BreadcrumbList","@id":"https:\/\/balkangreenenergynews.com\/rs\/madarska-zainteresovana-da-ulaze-u-energetske-kapacitete-crne-gore\/#breadcrumb","itemListElement":[{"@type":"ListItem","position":1,"name":"Po\u010detna","item":"https:\/\/balkangreenenergynews.com\/rs\/"},{"@type":"ListItem","position":2,"name":"Vesti","item":"https:\/\/balkangreenenergynews.com\/rs\/kategorija\/vesti\/"},{"@type":"ListItem","position":3,"name":"Elektri\u010dna energija","item":"https:\/\/balkangreenenergynews.com\/rs\/kategorija\/vesti\/elektricna-energija\/"},{"@type":"ListItem","position":4,"name":"Ma\u0111arska zainteresovana da ula\u017ee u energetske kapacitete Crne Gore"}]},{"@type":"WebSite","@id":"https:\/\/balkangreenenergynews.com\/rs\/#website","url":"https:\/\/balkangreenenergynews.com\/rs\/","name":"Balkan Green Energy News","description":"Naj\u0161iri izbor vesti sa Balkana o zelenoj energiji","potentialAction":[{"@type":"SearchAction","target":{"@type":"EntryPoint","urlTemplate":"https:\/\/balkangreenenergynews.com\/rs\/?s={search_term_string}"},"query-input":{"@type":"PropertyValueSpecification","valueRequired":true,"valueName":"search_term_string"}}],"inLanguage":"sr-RS"},{"@type":"Person","@id":"https:\/\/balkangreenenergynews.com\/rs\/#\/schema\/person\/dee275e6036b1a0f7ceaf956d79d4eff","name":"Balkan Green Energy News","url":"https:\/\/balkangreenenergynews.com\/rs\/author\/balkangreenenergynews\/"}]}},"_links":{"self":[{"href":"https:\/\/balkangreenenergynews.com\/rs\/wp-json\/wp\/v2\/posts\/15519","targetHints":{"allow":["GET"]}}],"collection":[{"href":"https:\/\/balkangreenenergynews.com\/rs\/wp-json\/wp\/v2\/posts"}],"about":[{"href":"https:\/\/balkangreenenergynews.com\/rs\/wp-json\/wp\/v2\/types\/post"}],"author":[{"embeddable":true,"href":"https:\/\/balkangreenenergynews.com\/rs\/wp-json\/wp\/v2\/users\/25"}],"replies":[{"embeddable":true,"href":"https:\/\/balkangreenenergynews.com\/rs\/wp-json\/wp\/v2\/comments?post=15519"}],"version-history":[{"count":0,"href":"https:\/\/balkangreenenergynews.com\/rs\/wp-json\/wp\/v2\/posts\/15519\/revisions"}],"wp:featuredmedia":[{"embeddable":true,"href":"https:\/\/balkangreenenergynews.com\/rs\/wp-json\/wp\/v2\/media\/15520"}],"wp:attachment":[{"href":"https:\/\/balkangreenenergynews.com\/rs\/wp-json\/wp\/v2\/media?parent=15519"}],"wp:term":[{"taxonomy":"category","embeddable":true,"href":"https:\/\/balkangreenenergynews.com\/rs\/wp-json\/wp\/v2\/categories?post=15519"},{"taxonomy":"post_tag","embeddable":true,"href":"https:\/\/balkangreenenergynews.com\/rs\/wp-json\/wp\/v2\/tags?post=15519"}],"curies":[{"name":"wp","href":"https:\/\/api.w.org\/{rel}","templated":true}]}}