{"id":15426,"date":"2017-12-22T12:18:16","date_gmt":"2017-12-22T11:18:16","guid":{"rendered":"https:\/\/balkangreenenergynews.com\/rs\/?p=15426"},"modified":"2021-02-23T11:37:54","modified_gmt":"2021-02-23T10:37:54","slug":"pustena-u-rad-srpska-deonica-transbalkanskog-koridora-prenos-elektrisne-energije","status":"publish","type":"post","link":"https:\/\/balkangreenenergynews.com\/rs\/pustena-u-rad-srpska-deonica-transbalkanskog-koridora-prenos-elektrisne-energije\/","title":{"rendered":"Pu\u0161tena u rad srpska deonica Transbalkanskog koridora za prenos elektri\u010dne energije"},"content":{"rendered":"<h2>Elektromre\u017ea Srbije (EMS) pustila je u rad 68 kilometara dugu deonicu Transbalkanskog koridora za prenos elektri\u010dne energije od Pan\u010deva do rumunskog mesta Resita, snage 400 Kv.<\/h2>\n<p>Dalekovod koji povezuje Pan\u010devo i Resitu na zapadu Rumunije, projekat vredan 27 miliona evra, koji je finansirao EMS iz sopstvenih sredstava, prva je zavr\u0161ena deonica Koridora. Uloga ovog dalekovoda je da oja\u010da elektrosisteme zemalja koje povezuje, kao i elektroenergetski sistem Jugoisto\u010dne Evrope.<\/p>\n<p>EMS je radove zavr\u0161io tri meseca pre predvi\u0111enog roka.<\/p>\n<p>Predsednica Vlade Republike Srbije Ana Brnabi\u0107 je na otvaranju deonice rekla da je re\u010d o najsavremenijem &#8222;energetskom auto-putu&#8220; i da srpska energetika na ovaj na\u010din staje na noge i gradi svoju energetku infrastrukturu.<\/p>\n<p>Ministar energetike i rudarstva Aleksandar Anti\u0107 ocenio je da je u pitanju kapitalni projekat koji \u0107e dugoro\u010dno doneti benefite Srbiji, pove\u0107ati sigurnost snabdevanja i dodatno smanjiti gubitke, navodi se u saop\u0161tenju Vlade Srbije.<\/p>\n<p>\u201cKroz na\u0161u zemlju \u0107e pro\u0107i panevropski elektroenergetski koridor koji \u0107e omogu\u0107iti da struja ide sa istoka ka zapadu, gde su bogatija tr\u017ei\u0161ta. To kapitalno uti\u010de na na\u0161e ukupne prenosne prilike i smanjuje gubitke na mre\u017ei, koji su ina\u010de najmanji u Evropi\u201d, rekao je Anti\u0107.<\/p>\n<figure id=\"attachment_15428\" aria-describedby=\"caption-attachment-15428\" style=\"width: 795px\" class=\"wp-caption alignnone\"><img loading=\"lazy\" decoding=\"async\" class=\"wp-image-15428 size-full\" src=\"https:\/\/balkangreenenergynews.com\/rs\/wp-content\/uploads\/2017\/12\/Serbian-Section-of-the-Trans-Balkan-Corridor.jpg\" alt=\"Otvaranje srpske deonice Transbalkanskog koridora\" width=\"795\" height=\"255\" srcset=\"https:\/\/balkangreenenergynews.com\/rs\/wp-content\/uploads\/2017\/12\/Serbian-Section-of-the-Trans-Balkan-Corridor.jpg 795w, https:\/\/balkangreenenergynews.com\/rs\/wp-content\/uploads\/2017\/12\/Serbian-Section-of-the-Trans-Balkan-Corridor-500x160.jpg 500w, https:\/\/balkangreenenergynews.com\/rs\/wp-content\/uploads\/2017\/12\/Serbian-Section-of-the-Trans-Balkan-Corridor-768x246.jpg 768w, https:\/\/balkangreenenergynews.com\/rs\/wp-content\/uploads\/2017\/12\/Serbian-Section-of-the-Trans-Balkan-Corridor-300x96.jpg 300w\" sizes=\"auto, (max-width: 795px) 100vw, 795px\" \/><figcaption id=\"caption-attachment-15428\" class=\"wp-caption-text\"><em>Slika 1. Sa otvaranja srpske deonice Transbalkanskog koridora za prenos elektri\u010dne energije, 21. decembar 2017. Kredit: Vlada Republike Srbije <\/em><\/figcaption><\/figure>\n<h3>Putanja Transbalkanskog koridora<\/h3>\n<p><span style=\"font-size: 16px;\">Kada bude kompletno zavr\u0161en, Koridor \u0107e povezivati Rumuniju, Srbiju, Bosnu i Hercegovinu, Crnu Goru i Italiju. Dalekovod \u0107e i\u0107i od Re\u0161ica u Rumuniji do Pan\u010deva, Obrenovca, Bajine Ba\u0161te u Srbiji, Pljevalja u Crnoj Gori i Lastve, a onda kablom ispod mora do Vilanove u Italiji.<\/span><\/p>\n<p>U Srbiji jedan deo dalekovoda ide do Kragujevca i Kraljeva. Radovi na ovom delu po\u010de\u0107e 2018, i traja\u0107e dve godine. Kada budu gotovi, slede radovi na delu do Vi\u0161egrada u Republici Srpskoj, i Pljevalja u Crnoj Gori, \u010diji se zavr\u0161etak o\u010dekuje 2024.<\/p>\n<p>Preduze\u0107e Elektromre\u017ea Srbije (EMS) <a href=\"https:\/\/balkangreenenergynews.com\/rs\/ems-za-izgradnju-transbalkanskog-koridora-215-miliona-evra-iz-kredita-donacije\/\">potpisalo<\/a> je ugovor sa nema\u010dkom bankom KfW o kreditu za izgradnju deonice Kragujevac-Kraljevo na Transbalkanskom koridoru.<\/p>\n<p>Radovi na srpskoj deonici dalekovoda prema Re\u0161ici po\u010deli su 2016. Izvo\u0111a\u010di radova su bile doma\u0107e kompanije. Dalekovod na 203 stuba du\u017e 68 kilometara prolazi kroz op\u0161tine Pan\u010devo, Kovin, Alibunar, Vr\u0161ac i Bela Crkva.<\/p>\n<p>Rumunska nacionalna kompanija za transfer elektri\u010dne energije, Transelektrika, <a href=\"https:\/\/balkangreenenergynews.com\/rs\/radovi-na-interkontektoru-izmedu-srbije-rumunije-se-blize-kraju\/\">objavila<\/a> je da\u00a0krajem oktobra da je zavr\u0161ila radove na grani\u010dnom prelazu sa Srbijom.<\/p>\n","protected":false},"excerpt":{"rendered":"<p>Elektromre\u017ea Srbije (EMS) pustila je u rad 68 kilometara dugu deonicu Transbalkanskog koridora za prenos&#8230;<\/p>\n","protected":false},"author":23,"featured_media":15427,"comment_status":"open","ping_status":"closed","sticky":false,"template":"","format":"standard","meta":{"_acf_changed":false,"_monsterinsights_skip_tracking":false,"_monsterinsights_sitenote_active":false,"_monsterinsights_sitenote_note":"","_monsterinsights_sitenote_category":0,"footnotes":""},"categories":[504,3],"tags":[72,513,667,165,1214,816],"class_list":["post-15426","post","type-post","status-publish","format-standard","has-post-thumbnail","hentry","category-elektricna-energija","category-energetska-efikasnost","tag-aleksandar-antic","tag-ana-brnabic","tag-bosna-i-hercegovina","tag-ems","tag-transbalkanski-koridor","tag-vlada-srbije","country-regioneu","country-srbija"],"acf":[],"yoast_head":"<!-- This site is optimized with the Yoast SEO plugin v27.4 - https:\/\/yoast.com\/product\/yoast-seo-wordpress\/ -->\n<title>Pu\u0161tena u rad srpska deonica Transbalkanskog koridora za prenos elektri\u010dne energije<\/title>\n<meta name=\"description\" content=\"EMS je pustio u rad 68 kilometara dugu deonicu Transbalkanskog koridora za prenos elektri\u010dne energije od Pan\u010deva do Re\u0161ica, u Rumuniji, snage 400 Kv.\" \/>\n<meta name=\"robots\" content=\"index, follow, max-snippet:-1, max-image-preview:large, max-video-preview:-1\" \/>\n<link rel=\"canonical\" href=\"https:\/\/balkangreenenergynews.com\/rs\/pustena-u-rad-srpska-deonica-transbalkanskog-koridora-prenos-elektrisne-energije\/\" \/>\n<meta property=\"og:locale\" content=\"sr_RS\" \/>\n<meta property=\"og:type\" content=\"article\" \/>\n<meta property=\"og:title\" content=\"Pu\u0161tena u rad srpska deonica Transbalkanskog koridora za prenos elektri\u010dne energije\" \/>\n<meta property=\"og:description\" content=\"EMS je pustio u rad 68 kilometara dugu deonicu Transbalkanskog koridora za prenos elektri\u010dne energije od Pan\u010deva do Re\u0161ica, u Rumuniji, snage 400 Kv.\" \/>\n<meta property=\"og:url\" content=\"https:\/\/balkangreenenergynews.com\/rs\/pustena-u-rad-srpska-deonica-transbalkanskog-koridora-prenos-elektrisne-energije\/\" \/>\n<meta property=\"og:site_name\" content=\"Balkan Green Energy News\" \/>\n<meta property=\"article:published_time\" content=\"2017-12-22T11:18:16+00:00\" \/>\n<meta property=\"article:modified_time\" content=\"2021-02-23T10:37:54+00:00\" \/>\n<meta property=\"og:image\" content=\"https:\/\/balkangreenenergynews.com\/rs\/wp-content\/uploads\/2017\/12\/serbia-romania-iinterconnector.jpg\" \/>\n\t<meta property=\"og:image:width\" content=\"795\" \/>\n\t<meta property=\"og:image:height\" content=\"407\" \/>\n\t<meta property=\"og:image:type\" content=\"image\/jpeg\" \/>\n<meta name=\"author\" content=\"Vladimir Spasi\u0107\" \/>\n<meta name=\"twitter:card\" content=\"summary_large_image\" \/>\n<meta name=\"twitter:label1\" content=\"\u041d\u0430\u043f\u0438\u0441\u0430\u043d\u043e \u043e\u0434\" \/>\n\t<meta name=\"twitter:data1\" content=\"Vladimir Spasi\u0107\" \/>\n\t<meta name=\"twitter:label2\" content=\"\u041f\u0440\u043e\u0446\u0435\u045a\u0435\u043d\u043e \u0432\u0440\u0435\u043c\u0435 \u0447\u0438\u0442\u0430\u045a\u0430\" \/>\n\t<meta name=\"twitter:data2\" content=\"2 \u043c\u0438\u043d\u0443\u0442\u0430\" \/>\n<script type=\"application\/ld+json\" class=\"yoast-schema-graph\">{\"@context\":\"https:\\\/\\\/schema.org\",\"@graph\":[{\"@type\":\"Article\",\"@id\":\"https:\\\/\\\/balkangreenenergynews.com\\\/rs\\\/pustena-u-rad-srpska-deonica-transbalkanskog-koridora-prenos-elektrisne-energije\\\/#article\",\"isPartOf\":{\"@id\":\"https:\\\/\\\/balkangreenenergynews.com\\\/rs\\\/pustena-u-rad-srpska-deonica-transbalkanskog-koridora-prenos-elektrisne-energije\\\/\"},\"author\":{\"name\":\"Vladimir Spasi\u0107\",\"@id\":\"https:\\\/\\\/balkangreenenergynews.com\\\/rs\\\/#\\\/schema\\\/person\\\/99dc721c46113fea22caffad06ef7317\"},\"headline\":\"Pu\u0161tena u rad srpska deonica Transbalkanskog koridora za prenos elektri\u010dne energije\",\"datePublished\":\"2017-12-22T11:18:16+00:00\",\"dateModified\":\"2021-02-23T10:37:54+00:00\",\"mainEntityOfPage\":{\"@id\":\"https:\\\/\\\/balkangreenenergynews.com\\\/rs\\\/pustena-u-rad-srpska-deonica-transbalkanskog-koridora-prenos-elektrisne-energije\\\/\"},\"wordCount\":428,\"commentCount\":0,\"image\":{\"@id\":\"https:\\\/\\\/balkangreenenergynews.com\\\/rs\\\/pustena-u-rad-srpska-deonica-transbalkanskog-koridora-prenos-elektrisne-energije\\\/#primaryimage\"},\"thumbnailUrl\":\"https:\\\/\\\/balkangreenenergynews.com\\\/rs\\\/wp-content\\\/uploads\\\/2017\\\/12\\\/serbia-romania-iinterconnector.jpg?wsr\",\"keywords\":[\"Aleksandar Anti\u0107\",\"Ana Brnabi\u0107\",\"Bosna i Hercegovina\",\"EMS\",\"Transbalkanski koridor\",\"Vlada Srbije\"],\"articleSection\":[\"Elektri\u010dna energija\",\"Energetska efikasnost\"],\"inLanguage\":\"sr-RS\",\"potentialAction\":[{\"@type\":\"CommentAction\",\"name\":\"Comment\",\"target\":[\"https:\\\/\\\/balkangreenenergynews.com\\\/rs\\\/pustena-u-rad-srpska-deonica-transbalkanskog-koridora-prenos-elektrisne-energije\\\/#respond\"]}]},{\"@type\":\"WebPage\",\"@id\":\"https:\\\/\\\/balkangreenenergynews.com\\\/rs\\\/pustena-u-rad-srpska-deonica-transbalkanskog-koridora-prenos-elektrisne-energije\\\/\",\"url\":\"https:\\\/\\\/balkangreenenergynews.com\\\/rs\\\/pustena-u-rad-srpska-deonica-transbalkanskog-koridora-prenos-elektrisne-energije\\\/\",\"name\":\"Pu\u0161tena u rad srpska deonica Transbalkanskog koridora za prenos elektri\u010dne energije\",\"isPartOf\":{\"@id\":\"https:\\\/\\\/balkangreenenergynews.com\\\/rs\\\/#website\"},\"primaryImageOfPage\":{\"@id\":\"https:\\\/\\\/balkangreenenergynews.com\\\/rs\\\/pustena-u-rad-srpska-deonica-transbalkanskog-koridora-prenos-elektrisne-energije\\\/#primaryimage\"},\"image\":{\"@id\":\"https:\\\/\\\/balkangreenenergynews.com\\\/rs\\\/pustena-u-rad-srpska-deonica-transbalkanskog-koridora-prenos-elektrisne-energije\\\/#primaryimage\"},\"thumbnailUrl\":\"https:\\\/\\\/balkangreenenergynews.com\\\/rs\\\/wp-content\\\/uploads\\\/2017\\\/12\\\/serbia-romania-iinterconnector.jpg?wsr\",\"datePublished\":\"2017-12-22T11:18:16+00:00\",\"dateModified\":\"2021-02-23T10:37:54+00:00\",\"author\":{\"@id\":\"https:\\\/\\\/balkangreenenergynews.com\\\/rs\\\/#\\\/schema\\\/person\\\/99dc721c46113fea22caffad06ef7317\"},\"description\":\"EMS je pustio u rad 68 kilometara dugu deonicu Transbalkanskog koridora za prenos elektri\u010dne energije od Pan\u010deva do Re\u0161ica, u Rumuniji, snage 400 Kv.\",\"breadcrumb\":{\"@id\":\"https:\\\/\\\/balkangreenenergynews.com\\\/rs\\\/pustena-u-rad-srpska-deonica-transbalkanskog-koridora-prenos-elektrisne-energije\\\/#breadcrumb\"},\"inLanguage\":\"sr-RS\",\"potentialAction\":[{\"@type\":\"ReadAction\",\"target\":[\"https:\\\/\\\/balkangreenenergynews.com\\\/rs\\\/pustena-u-rad-srpska-deonica-transbalkanskog-koridora-prenos-elektrisne-energije\\\/\"]}]},{\"@type\":\"ImageObject\",\"inLanguage\":\"sr-RS\",\"@id\":\"https:\\\/\\\/balkangreenenergynews.com\\\/rs\\\/pustena-u-rad-srpska-deonica-transbalkanskog-koridora-prenos-elektrisne-energije\\\/#primaryimage\",\"url\":\"https:\\\/\\\/balkangreenenergynews.com\\\/rs\\\/wp-content\\\/uploads\\\/2017\\\/12\\\/serbia-romania-iinterconnector.jpg?wsr\",\"contentUrl\":\"https:\\\/\\\/balkangreenenergynews.com\\\/rs\\\/wp-content\\\/uploads\\\/2017\\\/12\\\/serbia-romania-iinterconnector.jpg?wsr\",\"width\":795,\"height\":407,\"caption\":\"Pustena u rad srpska deonica Transbalkanskog koridora za prenos elektricne energije\"},{\"@type\":\"BreadcrumbList\",\"@id\":\"https:\\\/\\\/balkangreenenergynews.com\\\/rs\\\/pustena-u-rad-srpska-deonica-transbalkanskog-koridora-prenos-elektrisne-energije\\\/#breadcrumb\",\"itemListElement\":[{\"@type\":\"ListItem\",\"position\":1,\"name\":\"Po\u010detna\",\"item\":\"https:\\\/\\\/balkangreenenergynews.com\\\/rs\\\/\"},{\"@type\":\"ListItem\",\"position\":2,\"name\":\"Vesti\",\"item\":\"https:\\\/\\\/balkangreenenergynews.com\\\/rs\\\/kategorija\\\/vesti\\\/\"},{\"@type\":\"ListItem\",\"position\":3,\"name\":\"Elektri\u010dna energija\",\"item\":\"https:\\\/\\\/balkangreenenergynews.com\\\/rs\\\/kategorija\\\/vesti\\\/elektricna-energija\\\/\"},{\"@type\":\"ListItem\",\"position\":4,\"name\":\"Pu\u0161tena u rad srpska deonica Transbalkanskog koridora za prenos elektri\u010dne energije\"}]},{\"@type\":\"WebSite\",\"@id\":\"https:\\\/\\\/balkangreenenergynews.com\\\/rs\\\/#website\",\"url\":\"https:\\\/\\\/balkangreenenergynews.com\\\/rs\\\/\",\"name\":\"Balkan Green Energy News\",\"description\":\"Naj\u0161iri izbor vesti sa Balkana o zelenoj energiji\",\"potentialAction\":[{\"@type\":\"SearchAction\",\"target\":{\"@type\":\"EntryPoint\",\"urlTemplate\":\"https:\\\/\\\/balkangreenenergynews.com\\\/rs\\\/?s={search_term_string}\"},\"query-input\":{\"@type\":\"PropertyValueSpecification\",\"valueRequired\":true,\"valueName\":\"search_term_string\"}}],\"inLanguage\":\"sr-RS\"},{\"@type\":\"Person\",\"@id\":\"https:\\\/\\\/balkangreenenergynews.com\\\/rs\\\/#\\\/schema\\\/person\\\/99dc721c46113fea22caffad06ef7317\",\"name\":\"Vladimir Spasi\u0107\",\"url\":\"https:\\\/\\\/balkangreenenergynews.com\\\/rs\\\/author\\\/vladimir-spasic\\\/\"}]}<\/script>\n<!-- \/ Yoast SEO plugin. -->","yoast_head_json":{"title":"Pu\u0161tena u rad srpska deonica Transbalkanskog koridora za prenos elektri\u010dne energije","description":"EMS je pustio u rad 68 kilometara dugu deonicu Transbalkanskog koridora za prenos elektri\u010dne energije od Pan\u010deva do Re\u0161ica, u Rumuniji, snage 400 Kv.","robots":{"index":"index","follow":"follow","max-snippet":"max-snippet:-1","max-image-preview":"max-image-preview:large","max-video-preview":"max-video-preview:-1"},"canonical":"https:\/\/balkangreenenergynews.com\/rs\/pustena-u-rad-srpska-deonica-transbalkanskog-koridora-prenos-elektrisne-energije\/","og_locale":"sr_RS","og_type":"article","og_title":"Pu\u0161tena u rad srpska deonica Transbalkanskog koridora za prenos elektri\u010dne energije","og_description":"EMS je pustio u rad 68 kilometara dugu deonicu Transbalkanskog koridora za prenos elektri\u010dne energije od Pan\u010deva do Re\u0161ica, u Rumuniji, snage 400 Kv.","og_url":"https:\/\/balkangreenenergynews.com\/rs\/pustena-u-rad-srpska-deonica-transbalkanskog-koridora-prenos-elektrisne-energije\/","og_site_name":"Balkan Green Energy News","article_published_time":"2017-12-22T11:18:16+00:00","article_modified_time":"2021-02-23T10:37:54+00:00","og_image":[{"width":795,"height":407,"url":"https:\/\/balkangreenenergynews.com\/rs\/wp-content\/uploads\/2017\/12\/serbia-romania-iinterconnector.jpg","type":"image\/jpeg"}],"author":"Vladimir Spasi\u0107","twitter_card":"summary_large_image","twitter_misc":{"\u041d\u0430\u043f\u0438\u0441\u0430\u043d\u043e \u043e\u0434":"Vladimir Spasi\u0107","\u041f\u0440\u043e\u0446\u0435\u045a\u0435\u043d\u043e \u0432\u0440\u0435\u043c\u0435 \u0447\u0438\u0442\u0430\u045a\u0430":"2 \u043c\u0438\u043d\u0443\u0442\u0430"},"schema":{"@context":"https:\/\/schema.org","@graph":[{"@type":"Article","@id":"https:\/\/balkangreenenergynews.com\/rs\/pustena-u-rad-srpska-deonica-transbalkanskog-koridora-prenos-elektrisne-energije\/#article","isPartOf":{"@id":"https:\/\/balkangreenenergynews.com\/rs\/pustena-u-rad-srpska-deonica-transbalkanskog-koridora-prenos-elektrisne-energije\/"},"author":{"name":"Vladimir Spasi\u0107","@id":"https:\/\/balkangreenenergynews.com\/rs\/#\/schema\/person\/99dc721c46113fea22caffad06ef7317"},"headline":"Pu\u0161tena u rad srpska deonica Transbalkanskog koridora za prenos elektri\u010dne energije","datePublished":"2017-12-22T11:18:16+00:00","dateModified":"2021-02-23T10:37:54+00:00","mainEntityOfPage":{"@id":"https:\/\/balkangreenenergynews.com\/rs\/pustena-u-rad-srpska-deonica-transbalkanskog-koridora-prenos-elektrisne-energije\/"},"wordCount":428,"commentCount":0,"image":{"@id":"https:\/\/balkangreenenergynews.com\/rs\/pustena-u-rad-srpska-deonica-transbalkanskog-koridora-prenos-elektrisne-energije\/#primaryimage"},"thumbnailUrl":"https:\/\/balkangreenenergynews.com\/rs\/wp-content\/uploads\/2017\/12\/serbia-romania-iinterconnector.jpg?wsr","keywords":["Aleksandar Anti\u0107","Ana Brnabi\u0107","Bosna i Hercegovina","EMS","Transbalkanski koridor","Vlada Srbije"],"articleSection":["Elektri\u010dna energija","Energetska efikasnost"],"inLanguage":"sr-RS","potentialAction":[{"@type":"CommentAction","name":"Comment","target":["https:\/\/balkangreenenergynews.com\/rs\/pustena-u-rad-srpska-deonica-transbalkanskog-koridora-prenos-elektrisne-energije\/#respond"]}]},{"@type":"WebPage","@id":"https:\/\/balkangreenenergynews.com\/rs\/pustena-u-rad-srpska-deonica-transbalkanskog-koridora-prenos-elektrisne-energije\/","url":"https:\/\/balkangreenenergynews.com\/rs\/pustena-u-rad-srpska-deonica-transbalkanskog-koridora-prenos-elektrisne-energije\/","name":"Pu\u0161tena u rad srpska deonica Transbalkanskog koridora za prenos elektri\u010dne energije","isPartOf":{"@id":"https:\/\/balkangreenenergynews.com\/rs\/#website"},"primaryImageOfPage":{"@id":"https:\/\/balkangreenenergynews.com\/rs\/pustena-u-rad-srpska-deonica-transbalkanskog-koridora-prenos-elektrisne-energije\/#primaryimage"},"image":{"@id":"https:\/\/balkangreenenergynews.com\/rs\/pustena-u-rad-srpska-deonica-transbalkanskog-koridora-prenos-elektrisne-energije\/#primaryimage"},"thumbnailUrl":"https:\/\/balkangreenenergynews.com\/rs\/wp-content\/uploads\/2017\/12\/serbia-romania-iinterconnector.jpg?wsr","datePublished":"2017-12-22T11:18:16+00:00","dateModified":"2021-02-23T10:37:54+00:00","author":{"@id":"https:\/\/balkangreenenergynews.com\/rs\/#\/schema\/person\/99dc721c46113fea22caffad06ef7317"},"description":"EMS je pustio u rad 68 kilometara dugu deonicu Transbalkanskog koridora za prenos elektri\u010dne energije od Pan\u010deva do Re\u0161ica, u Rumuniji, snage 400 Kv.","breadcrumb":{"@id":"https:\/\/balkangreenenergynews.com\/rs\/pustena-u-rad-srpska-deonica-transbalkanskog-koridora-prenos-elektrisne-energije\/#breadcrumb"},"inLanguage":"sr-RS","potentialAction":[{"@type":"ReadAction","target":["https:\/\/balkangreenenergynews.com\/rs\/pustena-u-rad-srpska-deonica-transbalkanskog-koridora-prenos-elektrisne-energije\/"]}]},{"@type":"ImageObject","inLanguage":"sr-RS","@id":"https:\/\/balkangreenenergynews.com\/rs\/pustena-u-rad-srpska-deonica-transbalkanskog-koridora-prenos-elektrisne-energije\/#primaryimage","url":"https:\/\/balkangreenenergynews.com\/rs\/wp-content\/uploads\/2017\/12\/serbia-romania-iinterconnector.jpg?wsr","contentUrl":"https:\/\/balkangreenenergynews.com\/rs\/wp-content\/uploads\/2017\/12\/serbia-romania-iinterconnector.jpg?wsr","width":795,"height":407,"caption":"Pustena u rad srpska deonica Transbalkanskog koridora za prenos elektricne energije"},{"@type":"BreadcrumbList","@id":"https:\/\/balkangreenenergynews.com\/rs\/pustena-u-rad-srpska-deonica-transbalkanskog-koridora-prenos-elektrisne-energije\/#breadcrumb","itemListElement":[{"@type":"ListItem","position":1,"name":"Po\u010detna","item":"https:\/\/balkangreenenergynews.com\/rs\/"},{"@type":"ListItem","position":2,"name":"Vesti","item":"https:\/\/balkangreenenergynews.com\/rs\/kategorija\/vesti\/"},{"@type":"ListItem","position":3,"name":"Elektri\u010dna energija","item":"https:\/\/balkangreenenergynews.com\/rs\/kategorija\/vesti\/elektricna-energija\/"},{"@type":"ListItem","position":4,"name":"Pu\u0161tena u rad srpska deonica Transbalkanskog koridora za prenos elektri\u010dne energije"}]},{"@type":"WebSite","@id":"https:\/\/balkangreenenergynews.com\/rs\/#website","url":"https:\/\/balkangreenenergynews.com\/rs\/","name":"Balkan Green Energy News","description":"Naj\u0161iri izbor vesti sa Balkana o zelenoj energiji","potentialAction":[{"@type":"SearchAction","target":{"@type":"EntryPoint","urlTemplate":"https:\/\/balkangreenenergynews.com\/rs\/?s={search_term_string}"},"query-input":{"@type":"PropertyValueSpecification","valueRequired":true,"valueName":"search_term_string"}}],"inLanguage":"sr-RS"},{"@type":"Person","@id":"https:\/\/balkangreenenergynews.com\/rs\/#\/schema\/person\/99dc721c46113fea22caffad06ef7317","name":"Vladimir Spasi\u0107","url":"https:\/\/balkangreenenergynews.com\/rs\/author\/vladimir-spasic\/"}]}},"_links":{"self":[{"href":"https:\/\/balkangreenenergynews.com\/rs\/wp-json\/wp\/v2\/posts\/15426","targetHints":{"allow":["GET"]}}],"collection":[{"href":"https:\/\/balkangreenenergynews.com\/rs\/wp-json\/wp\/v2\/posts"}],"about":[{"href":"https:\/\/balkangreenenergynews.com\/rs\/wp-json\/wp\/v2\/types\/post"}],"author":[{"embeddable":true,"href":"https:\/\/balkangreenenergynews.com\/rs\/wp-json\/wp\/v2\/users\/23"}],"replies":[{"embeddable":true,"href":"https:\/\/balkangreenenergynews.com\/rs\/wp-json\/wp\/v2\/comments?post=15426"}],"version-history":[{"count":0,"href":"https:\/\/balkangreenenergynews.com\/rs\/wp-json\/wp\/v2\/posts\/15426\/revisions"}],"wp:featuredmedia":[{"embeddable":true,"href":"https:\/\/balkangreenenergynews.com\/rs\/wp-json\/wp\/v2\/media\/15427"}],"wp:attachment":[{"href":"https:\/\/balkangreenenergynews.com\/rs\/wp-json\/wp\/v2\/media?parent=15426"}],"wp:term":[{"taxonomy":"category","embeddable":true,"href":"https:\/\/balkangreenenergynews.com\/rs\/wp-json\/wp\/v2\/categories?post=15426"},{"taxonomy":"post_tag","embeddable":true,"href":"https:\/\/balkangreenenergynews.com\/rs\/wp-json\/wp\/v2\/tags?post=15426"}],"curies":[{"name":"wp","href":"https:\/\/api.w.org\/{rel}","templated":true}]}}